{"id":2502,"date":"2012-07-15T15:53:22","date_gmt":"2012-07-15T18:53:22","guid":{"rendered":"http:\/\/www.diariofemenino.com.ar\/?p=2502"},"modified":"2012-07-15T15:53:22","modified_gmt":"2012-07-15T18:53:22","slug":"la-mujer-mas-buscada-por-facebook","status":"publish","type":"post","link":"https:\/\/diariofemenino.com.ar\/df\/la-mujer-mas-buscada-por-facebook\/","title":{"rendered":"La mujer m\u00e1s buscada por Facebook"},"content":{"rendered":"<p>&nbsp;<br \/>\n&nbsp;<br \/>\n&nbsp;<br \/>\n\u00abLa mujer m\u00e1s buscada por\u00a0Facebook\u00bb no se refiere a la joven m\u00e1s atractiva que se puede encontrar por la red. Se trata de la joven por la que andan tras sus pasos Mark Zuckerberg y compa\u00f1\u00eda.<br \/>\nNos referimos concretamente a Victoria Ransom, joven de origen neozeland\u00e9s, emprendedora y quien funge como fundadora y directora ejecutiva de Wildfire, una plataforma electr\u00f3nica que permite coordinar y distribuir publicidad de las empresas en diferentes redes sociales, haciendo que los mensajes sean m\u00e1s visibles para los usuarios y con ello, aumentar su rentabilidad.<br \/>\nSeg\u00fan crunchbase.com, ella es licenciada en Piscolog\u00eda y tambi\u00e9n, estudi\u00f3 artes en el Macalester College, del cual se gradu\u00f3 con los m\u00e1s altos honores. Como siempre se sinti\u00f3 atra\u00edda por el mundo de los negocios, decidi\u00f3 inscribirse en la escuela de negocios de Harvard para cursar una maestr\u00eda, herramienta que le permiti\u00f3 fundar su primera y propia compa\u00f1\u00eda mucho antes de cumplir los 30 a\u00f1os de edad.<br \/>\nVictoria vivi\u00f3 un tiempo en Londres, en donde trabaj\u00f3 por dos a\u00f1os con Morgan Stanley, firma que le ayud\u00f3 a reforzar a\u00fan m\u00e1s sus conocimientos financieros y que le sirvi\u00f3 para poner en pr\u00e1ctica varios conceptos que ser\u00edan el principio de un excelente negocio.<br \/>\nPosteriormente, regres\u00f3 a Estados Unidos para establecerse en Silicon Valley y trabajar ah\u00ed una serie de proyectos enfocados a tecnolog\u00eda.<br \/>\nFue as\u00ed como en el 2009, Ransom decidi\u00f3 dar un paso en el campo de las redes sociales y marketing viral y aprovech\u00e1ndose de su popularidad y proliferaci\u00f3n fue como hizo nacer a Wildfire. Fue tal el \u00e9xito de su lanzamiento que en menos de un a\u00f1o, logr\u00f3 recuperar la inversi\u00f3n inicial, indica causaabierta.com.uy.<br \/>\nA tres a\u00f1os de haber iniciado operaciones, Wildfire cuenta con miles de clientes de m\u00e1s de 100 pa\u00edses diferentes, entre los que destacan multinacionales como Pepsi, Sony, Audi, Nestl\u00e9, American Express, entre muchas otras; tiene oficinas en Palo Alto, Nueva York, Los \u00c1ngeles, Chicago y Londres y ha dado empleo a un poco m\u00e1s de 250 personas.<br \/>\nToda esta historia parece dif\u00edcil de entender y es m\u00e1s que admirable cuando, sin ning\u00fan tipo de pena, Victoria recuerda su infancia en Nueva Zelanda, en donde creci\u00f3 en una peque\u00f1a granja, acudi\u00f3 a una escuela primaria a la cual asist\u00edan no m\u00e1s de 25 ni\u00f1os y cuando sus padres no tuvieron la oportunidad de tener estudios superiores.<br \/>\n\u00abMis padres no pudieron ir a la universidad, pero esto no fue impedimento para que ellos me inculcaran que podemos alcanzar todas las estrellas, dependiendo la actitud con la que afrontemos todas las cosas que se nos presenten en la vida\u00bb, coment\u00f3 hace alg\u00fan tiempo en una entrevista.<br \/>\nSus logros han hecho que Ransom fuera nombrada como la \u00abEmprendedora del a\u00f1o\u00bb en su pa\u00eds natal en 2011, ser incluida en el conteo de las 25 mujeres relacionadas con el mundo de la tecnolog\u00eda a seguir, as\u00ed como aparecer en diversas publicaciones, incluyendo Entrepreneur y The Wall Street Journal.<br \/>\nEn los \u00faltimos d\u00edas, su nombre ha estado en boca de todos y es que se dice que el due\u00f1o y creador de Facebook, Mark Zuckerberg, la est\u00e1 buscando para hacerle una jugosa oferta y con ello, adquirir a Wildfire.<br \/>\nBusinessinsider.com publica que los directivos de Facebook est\u00e1n estudiando la posibilidad de ponerse en contacto con Victoria y lanzarle una primera propuesta por la nada despreciable cantidad de 250 millones de d\u00f3lares.<br \/>\nZuckerberg har\u00e1 todo lo posible para persuadir a Ransom, pues quiere tener n\u00fameros redondos en cuesti\u00f3n de ventas y posicionamiento de publicidad en la red social. Tan s\u00f3lo basta recordar que el a\u00f1o pasado, Facebook obtuvo tres mil 100 millones de d\u00f3lares \u00fanicamente por este concepto, lo que se tradujo en el 85 por ciento del total de entradas monetarias.<br \/>\nVictoria a\u00fan no ha hecho p\u00fablica su posici\u00f3n de si se sentar\u00e1 en la mesa de negociaciones de Zuckerberg y compa\u00f1\u00eda. Al parecer, no tiene ninguna prisa por poner en manos de otro a Wildfire y por lo tanto, la oferta de Facebook no le quita el sue\u00f1o, as\u00ed que ella sigue surfeando en sus ratos libres y si tiene tiempo, emprende viajes aventureros, como cuando vivi\u00f3 por varias semanas en medio de una tribu amaz\u00f3nica y casi medio a\u00f1o en una favela brasile\u00f1a.<br \/>\n&nbsp;<br \/>\n&nbsp;<br \/>\nFuente:\u00a0 <a href=\"http:\/\/www.leanoticias.com\/2012\/07\/02\/la-mujer-ms-deseada-de-facebook\/\" target=\"_blank\">Leanoticias<\/a><\/p>\n","protected":false},"excerpt":{"rendered":"<p>&nbsp; &nbsp; &nbsp; \u00abLa mujer m\u00e1s buscada por\u00a0Facebook\u00bb no se refiere a la joven m\u00e1s atractiva que se puede encontrar por la red. Se trata de la joven por la que andan tras sus pasos Mark Zuckerberg y compa\u00f1\u00eda. Nos referimos concretamente a Victoria Ransom, joven de origen neozeland\u00e9s, emprendedora y quien funge como fundadora [&hellip;]<\/p>\n","protected":false},"author":1,"featured_media":2507,"comment_status":"open","ping_status":"open","sticky":false,"template":"","format":"standard","meta":{"iawp_total_views":2,"footnotes":""},"categories":[4],"tags":[],"class_list":["post-2502","post","type-post","status-publish","format-standard","has-post-thumbnail","hentry","category-medios"],"nelio_content":{"autoShareEndMode":"never","automationSources":{"useCustomSentences":false,"customSentences":[]},"efiAlt":"","efiUrl":"","followers":[],"highlights":[],"isAutoShareEnabled":true,"networkImageIds":[],"permalinkQueryArgs":[],"series":[],"suggestedReferences":[]},"yoast_head":"<!-- This site is optimized with the Yoast SEO plugin v27.5 - https:\/\/yoast.com\/product\/yoast-seo-wordpress\/ -->\n<title>La mujer m\u00e1s buscada por Facebook - Diario Digital Femenino<\/title>\n<meta name=\"robots\" content=\"index, follow, max-snippet:-1, max-image-preview:large, max-video-preview:-1\" \/>\n<link rel=\"canonical\" href=\"https:\/\/diariofemenino.com.ar\/df\/la-mujer-mas-buscada-por-facebook\/\" \/>\n<meta property=\"og:locale\" content=\"es_ES\" \/>\n<meta property=\"og:type\" content=\"article\" \/>\n<meta property=\"og:title\" content=\"La mujer m\u00e1s buscada por Facebook - Diario Digital Femenino\" \/>\n<meta property=\"og:description\" content=\"&nbsp; &nbsp; &nbsp; \u00abLa mujer m\u00e1s buscada por\u00a0Facebook\u00bb no se refiere a la joven m\u00e1s atractiva que se puede encontrar por la red. Se trata de la joven por la que andan tras sus pasos Mark Zuckerberg y compa\u00f1\u00eda. Nos referimos concretamente a Victoria Ransom, joven de origen neozeland\u00e9s, emprendedora y quien funge como fundadora [&hellip;]\" \/>\n<meta property=\"og:url\" content=\"https:\/\/diariofemenino.com.ar\/df\/la-mujer-mas-buscada-por-facebook\/\" \/>\n<meta property=\"og:site_name\" content=\"Diario Digital Femenino\" \/>\n<meta property=\"article:publisher\" content=\"https:\/\/www.facebook.com\/DiarioDigitaFemenino\/\" \/>\n<meta property=\"article:published_time\" content=\"2012-07-15T18:53:22+00:00\" \/>\n<meta property=\"og:image\" content=\"https:\/\/diariofemenino.com.ar\/df\/wp-content\/uploads\/2017\/10\/img-404.png\" \/>\n\t<meta property=\"og:image:width\" content=\"478\" \/>\n\t<meta property=\"og:image:height\" content=\"275\" \/>\n\t<meta property=\"og:image:type\" content=\"image\/png\" \/>\n<meta name=\"author\" content=\"Admin\" \/>\n<meta name=\"twitter:card\" content=\"summary_large_image\" \/>\n<meta name=\"twitter:creator\" content=\"@DiarioFemenino1\" \/>\n<meta name=\"twitter:site\" content=\"@DiarioFemenino1\" \/>\n<meta name=\"twitter:label1\" content=\"Escrito por\" \/>\n\t<meta name=\"twitter:data1\" content=\"Admin\" \/>\n\t<meta name=\"twitter:label2\" content=\"Tiempo de lectura\" \/>\n\t<meta name=\"twitter:data2\" content=\"4 minutos\" \/>\n<script type=\"application\/ld+json\" class=\"yoast-schema-graph\">{\"@context\":\"https:\\\/\\\/schema.org\",\"@graph\":[{\"@type\":\"Article\",\"@id\":\"https:\\\/\\\/diariofemenino.com.ar\\\/df\\\/la-mujer-mas-buscada-por-facebook\\\/#article\",\"isPartOf\":{\"@id\":\"https:\\\/\\\/diariofemenino.com.ar\\\/df\\\/la-mujer-mas-buscada-por-facebook\\\/\"},\"author\":{\"name\":\"Admin\",\"@id\":\"https:\\\/\\\/diariofemenino.com.ar\\\/df\\\/#\\\/schema\\\/person\\\/38f54b3bfd13f561de2460ba95c169c6\"},\"headline\":\"La mujer m\u00e1s buscada por Facebook\",\"datePublished\":\"2012-07-15T18:53:22+00:00\",\"mainEntityOfPage\":{\"@id\":\"https:\\\/\\\/diariofemenino.com.ar\\\/df\\\/la-mujer-mas-buscada-por-facebook\\\/\"},\"wordCount\":768,\"commentCount\":0,\"publisher\":{\"@id\":\"https:\\\/\\\/diariofemenino.com.ar\\\/df\\\/#organization\"},\"image\":{\"@id\":\"https:\\\/\\\/diariofemenino.com.ar\\\/df\\\/la-mujer-mas-buscada-por-facebook\\\/#primaryimage\"},\"thumbnailUrl\":\"https:\\\/\\\/diariofemenino.com.ar\\\/df\\\/wp-content\\\/uploads\\\/2017\\\/10\\\/img-404.png\",\"articleSection\":[\"Medios\"],\"inLanguage\":\"es\",\"potentialAction\":[{\"@type\":\"CommentAction\",\"name\":\"Comment\",\"target\":[\"https:\\\/\\\/diariofemenino.com.ar\\\/df\\\/la-mujer-mas-buscada-por-facebook\\\/#respond\"]}]},{\"@type\":\"WebPage\",\"@id\":\"https:\\\/\\\/diariofemenino.com.ar\\\/df\\\/la-mujer-mas-buscada-por-facebook\\\/\",\"url\":\"https:\\\/\\\/diariofemenino.com.ar\\\/df\\\/la-mujer-mas-buscada-por-facebook\\\/\",\"name\":\"La mujer m\u00e1s buscada por Facebook - Diario Digital Femenino\",\"isPartOf\":{\"@id\":\"https:\\\/\\\/diariofemenino.com.ar\\\/df\\\/#website\"},\"primaryImageOfPage\":{\"@id\":\"https:\\\/\\\/diariofemenino.com.ar\\\/df\\\/la-mujer-mas-buscada-por-facebook\\\/#primaryimage\"},\"image\":{\"@id\":\"https:\\\/\\\/diariofemenino.com.ar\\\/df\\\/la-mujer-mas-buscada-por-facebook\\\/#primaryimage\"},\"thumbnailUrl\":\"https:\\\/\\\/diariofemenino.com.ar\\\/df\\\/wp-content\\\/uploads\\\/2017\\\/10\\\/img-404.png\",\"datePublished\":\"2012-07-15T18:53:22+00:00\",\"breadcrumb\":{\"@id\":\"https:\\\/\\\/diariofemenino.com.ar\\\/df\\\/la-mujer-mas-buscada-por-facebook\\\/#breadcrumb\"},\"inLanguage\":\"es\",\"potentialAction\":[{\"@type\":\"ReadAction\",\"target\":[\"https:\\\/\\\/diariofemenino.com.ar\\\/df\\\/la-mujer-mas-buscada-por-facebook\\\/\"]}]},{\"@type\":\"ImageObject\",\"inLanguage\":\"es\",\"@id\":\"https:\\\/\\\/diariofemenino.com.ar\\\/df\\\/la-mujer-mas-buscada-por-facebook\\\/#primaryimage\",\"url\":\"https:\\\/\\\/diariofemenino.com.ar\\\/df\\\/wp-content\\\/uploads\\\/2017\\\/10\\\/img-404.png\",\"contentUrl\":\"https:\\\/\\\/diariofemenino.com.ar\\\/df\\\/wp-content\\\/uploads\\\/2017\\\/10\\\/img-404.png\",\"width\":478,\"height\":275},{\"@type\":\"BreadcrumbList\",\"@id\":\"https:\\\/\\\/diariofemenino.com.ar\\\/df\\\/la-mujer-mas-buscada-por-facebook\\\/#breadcrumb\",\"itemListElement\":[{\"@type\":\"ListItem\",\"position\":1,\"name\":\"Portada\",\"item\":\"https:\\\/\\\/diariofemenino.com.ar\\\/df\\\/\"},{\"@type\":\"ListItem\",\"position\":2,\"name\":\"La mujer m\u00e1s buscada por Facebook\"}]},{\"@type\":\"WebSite\",\"@id\":\"https:\\\/\\\/diariofemenino.com.ar\\\/df\\\/#website\",\"url\":\"https:\\\/\\\/diariofemenino.com.ar\\\/df\\\/\",\"name\":\"Diario Digital Femenino\",\"description\":\"Cuesti\u00f3n de G\u00e9nero\",\"publisher\":{\"@id\":\"https:\\\/\\\/diariofemenino.com.ar\\\/df\\\/#organization\"},\"potentialAction\":[{\"@type\":\"SearchAction\",\"target\":{\"@type\":\"EntryPoint\",\"urlTemplate\":\"https:\\\/\\\/diariofemenino.com.ar\\\/df\\\/?s={search_term_string}\"},\"query-input\":{\"@type\":\"PropertyValueSpecification\",\"valueRequired\":true,\"valueName\":\"search_term_string\"}}],\"inLanguage\":\"es\"},{\"@type\":\"Organization\",\"@id\":\"https:\\\/\\\/diariofemenino.com.ar\\\/df\\\/#organization\",\"name\":\"Diario Femenino\",\"url\":\"https:\\\/\\\/diariofemenino.com.ar\\\/df\\\/\",\"logo\":{\"@type\":\"ImageObject\",\"inLanguage\":\"es\",\"@id\":\"https:\\\/\\\/diariofemenino.com.ar\\\/df\\\/#\\\/schema\\\/logo\\\/image\\\/\",\"url\":\"https:\\\/\\\/diariofemenino.com.ar\\\/df\\\/wp-content\\\/uploads\\\/2018\\\/10\\\/logo.png\",\"contentUrl\":\"https:\\\/\\\/diariofemenino.com.ar\\\/df\\\/wp-content\\\/uploads\\\/2018\\\/10\\\/logo.png\",\"width\":500,\"height\":92,\"caption\":\"Diario Femenino\"},\"image\":{\"@id\":\"https:\\\/\\\/diariofemenino.com.ar\\\/df\\\/#\\\/schema\\\/logo\\\/image\\\/\"},\"sameAs\":[\"https:\\\/\\\/www.facebook.com\\\/DiarioDigitaFemenino\\\/\",\"https:\\\/\\\/x.com\\\/DiarioFemenino1\"]},{\"@type\":\"Person\",\"@id\":\"https:\\\/\\\/diariofemenino.com.ar\\\/df\\\/#\\\/schema\\\/person\\\/38f54b3bfd13f561de2460ba95c169c6\",\"name\":\"Admin\",\"image\":{\"@type\":\"ImageObject\",\"inLanguage\":\"es\",\"@id\":\"https:\\\/\\\/diariofemenino.com.ar\\\/df\\\/wp-content\\\/uploads\\\/2018\\\/12\\\/favicon-150x150.jpg\",\"url\":\"https:\\\/\\\/diariofemenino.com.ar\\\/df\\\/wp-content\\\/uploads\\\/2018\\\/12\\\/favicon-150x150.jpg\",\"contentUrl\":\"https:\\\/\\\/diariofemenino.com.ar\\\/df\\\/wp-content\\\/uploads\\\/2018\\\/12\\\/favicon-150x150.jpg\",\"caption\":\"Admin\"},\"url\":\"https:\\\/\\\/diariofemenino.com.ar\\\/df\\\/author\\\/adm18df\\\/\"}]}<\/script>\n<!-- \/ Yoast SEO plugin. -->","yoast_head_json":{"title":"La mujer m\u00e1s buscada por Facebook - Diario Digital Femenino","robots":{"index":"index","follow":"follow","max-snippet":"max-snippet:-1","max-image-preview":"max-image-preview:large","max-video-preview":"max-video-preview:-1"},"canonical":"https:\/\/diariofemenino.com.ar\/df\/la-mujer-mas-buscada-por-facebook\/","og_locale":"es_ES","og_type":"article","og_title":"La mujer m\u00e1s buscada por Facebook - Diario Digital Femenino","og_description":"&nbsp; &nbsp; &nbsp; \u00abLa mujer m\u00e1s buscada por\u00a0Facebook\u00bb no se refiere a la joven m\u00e1s atractiva que se puede encontrar por la red. Se trata de la joven por la que andan tras sus pasos Mark Zuckerberg y compa\u00f1\u00eda. Nos referimos concretamente a Victoria Ransom, joven de origen neozeland\u00e9s, emprendedora y quien funge como fundadora [&hellip;]","og_url":"https:\/\/diariofemenino.com.ar\/df\/la-mujer-mas-buscada-por-facebook\/","og_site_name":"Diario Digital Femenino","article_publisher":"https:\/\/www.facebook.com\/DiarioDigitaFemenino\/","article_published_time":"2012-07-15T18:53:22+00:00","og_image":[{"width":478,"height":275,"url":"https:\/\/diariofemenino.com.ar\/df\/wp-content\/uploads\/2017\/10\/img-404.png","type":"image\/png"}],"author":"Admin","twitter_card":"summary_large_image","twitter_creator":"@DiarioFemenino1","twitter_site":"@DiarioFemenino1","twitter_misc":{"Escrito por":"Admin","Tiempo de lectura":"4 minutos"},"schema":{"@context":"https:\/\/schema.org","@graph":[{"@type":"Article","@id":"https:\/\/diariofemenino.com.ar\/df\/la-mujer-mas-buscada-por-facebook\/#article","isPartOf":{"@id":"https:\/\/diariofemenino.com.ar\/df\/la-mujer-mas-buscada-por-facebook\/"},"author":{"name":"Admin","@id":"https:\/\/diariofemenino.com.ar\/df\/#\/schema\/person\/38f54b3bfd13f561de2460ba95c169c6"},"headline":"La mujer m\u00e1s buscada por Facebook","datePublished":"2012-07-15T18:53:22+00:00","mainEntityOfPage":{"@id":"https:\/\/diariofemenino.com.ar\/df\/la-mujer-mas-buscada-por-facebook\/"},"wordCount":768,"commentCount":0,"publisher":{"@id":"https:\/\/diariofemenino.com.ar\/df\/#organization"},"image":{"@id":"https:\/\/diariofemenino.com.ar\/df\/la-mujer-mas-buscada-por-facebook\/#primaryimage"},"thumbnailUrl":"https:\/\/diariofemenino.com.ar\/df\/wp-content\/uploads\/2017\/10\/img-404.png","articleSection":["Medios"],"inLanguage":"es","potentialAction":[{"@type":"CommentAction","name":"Comment","target":["https:\/\/diariofemenino.com.ar\/df\/la-mujer-mas-buscada-por-facebook\/#respond"]}]},{"@type":"WebPage","@id":"https:\/\/diariofemenino.com.ar\/df\/la-mujer-mas-buscada-por-facebook\/","url":"https:\/\/diariofemenino.com.ar\/df\/la-mujer-mas-buscada-por-facebook\/","name":"La mujer m\u00e1s buscada por Facebook - Diario Digital Femenino","isPartOf":{"@id":"https:\/\/diariofemenino.com.ar\/df\/#website"},"primaryImageOfPage":{"@id":"https:\/\/diariofemenino.com.ar\/df\/la-mujer-mas-buscada-por-facebook\/#primaryimage"},"image":{"@id":"https:\/\/diariofemenino.com.ar\/df\/la-mujer-mas-buscada-por-facebook\/#primaryimage"},"thumbnailUrl":"https:\/\/diariofemenino.com.ar\/df\/wp-content\/uploads\/2017\/10\/img-404.png","datePublished":"2012-07-15T18:53:22+00:00","breadcrumb":{"@id":"https:\/\/diariofemenino.com.ar\/df\/la-mujer-mas-buscada-por-facebook\/#breadcrumb"},"inLanguage":"es","potentialAction":[{"@type":"ReadAction","target":["https:\/\/diariofemenino.com.ar\/df\/la-mujer-mas-buscada-por-facebook\/"]}]},{"@type":"ImageObject","inLanguage":"es","@id":"https:\/\/diariofemenino.com.ar\/df\/la-mujer-mas-buscada-por-facebook\/#primaryimage","url":"https:\/\/diariofemenino.com.ar\/df\/wp-content\/uploads\/2017\/10\/img-404.png","contentUrl":"https:\/\/diariofemenino.com.ar\/df\/wp-content\/uploads\/2017\/10\/img-404.png","width":478,"height":275},{"@type":"BreadcrumbList","@id":"https:\/\/diariofemenino.com.ar\/df\/la-mujer-mas-buscada-por-facebook\/#breadcrumb","itemListElement":[{"@type":"ListItem","position":1,"name":"Portada","item":"https:\/\/diariofemenino.com.ar\/df\/"},{"@type":"ListItem","position":2,"name":"La mujer m\u00e1s buscada por Facebook"}]},{"@type":"WebSite","@id":"https:\/\/diariofemenino.com.ar\/df\/#website","url":"https:\/\/diariofemenino.com.ar\/df\/","name":"Diario Digital Femenino","description":"Cuesti\u00f3n de G\u00e9nero","publisher":{"@id":"https:\/\/diariofemenino.com.ar\/df\/#organization"},"potentialAction":[{"@type":"SearchAction","target":{"@type":"EntryPoint","urlTemplate":"https:\/\/diariofemenino.com.ar\/df\/?s={search_term_string}"},"query-input":{"@type":"PropertyValueSpecification","valueRequired":true,"valueName":"search_term_string"}}],"inLanguage":"es"},{"@type":"Organization","@id":"https:\/\/diariofemenino.com.ar\/df\/#organization","name":"Diario Femenino","url":"https:\/\/diariofemenino.com.ar\/df\/","logo":{"@type":"ImageObject","inLanguage":"es","@id":"https:\/\/diariofemenino.com.ar\/df\/#\/schema\/logo\/image\/","url":"https:\/\/diariofemenino.com.ar\/df\/wp-content\/uploads\/2018\/10\/logo.png","contentUrl":"https:\/\/diariofemenino.com.ar\/df\/wp-content\/uploads\/2018\/10\/logo.png","width":500,"height":92,"caption":"Diario Femenino"},"image":{"@id":"https:\/\/diariofemenino.com.ar\/df\/#\/schema\/logo\/image\/"},"sameAs":["https:\/\/www.facebook.com\/DiarioDigitaFemenino\/","https:\/\/x.com\/DiarioFemenino1"]},{"@type":"Person","@id":"https:\/\/diariofemenino.com.ar\/df\/#\/schema\/person\/38f54b3bfd13f561de2460ba95c169c6","name":"Admin","image":{"@type":"ImageObject","inLanguage":"es","@id":"https:\/\/diariofemenino.com.ar\/df\/wp-content\/uploads\/2018\/12\/favicon-150x150.jpg","url":"https:\/\/diariofemenino.com.ar\/df\/wp-content\/uploads\/2018\/12\/favicon-150x150.jpg","contentUrl":"https:\/\/diariofemenino.com.ar\/df\/wp-content\/uploads\/2018\/12\/favicon-150x150.jpg","caption":"Admin"},"url":"https:\/\/diariofemenino.com.ar\/df\/author\/adm18df\/"}]}},"jetpack_featured_media_url":"https:\/\/diariofemenino.com.ar\/df\/wp-content\/uploads\/2017\/10\/img-404.png","jetpack_sharing_enabled":true,"rttpg_featured_image_url":{"full":["https:\/\/diariofemenino.com.ar\/df\/wp-content\/uploads\/2017\/10\/img-404.png",478,275,false],"landscape":["https:\/\/diariofemenino.com.ar\/df\/wp-content\/uploads\/2017\/10\/img-404.png",478,275,false],"portraits":["https:\/\/diariofemenino.com.ar\/df\/wp-content\/uploads\/2017\/10\/img-404.png",478,275,false],"thumbnail":["https:\/\/diariofemenino.com.ar\/df\/wp-content\/uploads\/2017\/10\/img-404-150x150.png",150,150,true],"medium":["https:\/\/diariofemenino.com.ar\/df\/wp-content\/uploads\/2017\/10\/img-404-300x173.png",300,173,true],"large":["https:\/\/diariofemenino.com.ar\/df\/wp-content\/uploads\/2017\/10\/img-404.png",478,275,false],"1536x1536":["https:\/\/diariofemenino.com.ar\/df\/wp-content\/uploads\/2017\/10\/img-404.png",478,275,false],"2048x2048":["https:\/\/diariofemenino.com.ar\/df\/wp-content\/uploads\/2017\/10\/img-404.png",478,275,false]},"rttpg_author":{"display_name":"Admin","author_link":"https:\/\/diariofemenino.com.ar\/df\/author\/adm18df\/"},"rttpg_comment":0,"rttpg_category":"<a href=\"https:\/\/diariofemenino.com.ar\/df\/category\/medios\/\" rel=\"category tag\">Medios<\/a>","rttpg_excerpt":"&nbsp; &nbsp; &nbsp; \u00abLa mujer m\u00e1s buscada por\u00a0Facebook\u00bb no se refiere a la joven m\u00e1s atractiva que se puede encontrar por la red. Se trata de la joven por la que andan tras sus pasos Mark Zuckerberg y compa\u00f1\u00eda. Nos referimos concretamente a Victoria Ransom, joven de origen neozeland\u00e9s, emprendedora y quien funge como fundadora&hellip;","_links":{"self":[{"href":"https:\/\/diariofemenino.com.ar\/df\/wp-json\/wp\/v2\/posts\/2502","targetHints":{"allow":["GET"]}}],"collection":[{"href":"https:\/\/diariofemenino.com.ar\/df\/wp-json\/wp\/v2\/posts"}],"about":[{"href":"https:\/\/diariofemenino.com.ar\/df\/wp-json\/wp\/v2\/types\/post"}],"author":[{"embeddable":true,"href":"https:\/\/diariofemenino.com.ar\/df\/wp-json\/wp\/v2\/users\/1"}],"replies":[{"embeddable":true,"href":"https:\/\/diariofemenino.com.ar\/df\/wp-json\/wp\/v2\/comments?post=2502"}],"version-history":[{"count":0,"href":"https:\/\/diariofemenino.com.ar\/df\/wp-json\/wp\/v2\/posts\/2502\/revisions"}],"wp:featuredmedia":[{"embeddable":true,"href":"https:\/\/diariofemenino.com.ar\/df\/wp-json\/wp\/v2\/media\/2507"}],"wp:attachment":[{"href":"https:\/\/diariofemenino.com.ar\/df\/wp-json\/wp\/v2\/media?parent=2502"}],"wp:term":[{"taxonomy":"category","embeddable":true,"href":"https:\/\/diariofemenino.com.ar\/df\/wp-json\/wp\/v2\/categories?post=2502"},{"taxonomy":"post_tag","embeddable":true,"href":"https:\/\/diariofemenino.com.ar\/df\/wp-json\/wp\/v2\/tags?post=2502"}],"curies":[{"name":"wp","href":"https:\/\/api.w.org\/{rel}","templated":true}]}}