{"id":25012,"date":"2016-09-25T19:22:22","date_gmt":"2016-09-25T22:22:22","guid":{"rendered":"http:\/\/www.diariofemenino.com.ar\/?p=25012"},"modified":"2016-09-25T19:22:22","modified_gmt":"2016-09-25T22:22:22","slug":"encuentro-nacional-de-mujeres-en-rosario-2003","status":"publish","type":"post","link":"https:\/\/diariofemenino.com.ar\/df\/encuentro-nacional-de-mujeres-en-rosario-2003\/","title":{"rendered":"Encuentro Nacional de Mujeres en Rosario &#8211; 2003: Plan de lucha nacional por el derecho al aborto"},"content":{"rendered":"<p><figure id=\"attachment_25015\" aria-describedby=\"caption-attachment-25015\" style=\"width: 449px\" class=\"wp-caption alignleft\"><a href=\"http:\/\/www.diariofemenino.com.ar\/wp-content\/uploads\/libro.jpg\"><img loading=\"lazy\" decoding=\"async\" class=\" wp-image-25015 \" alt=\"Encuentro Nacional de Mujeres en Rosario - 2003: Plan de lucha nacional por el derecho al aborto\" src=\"http:\/\/www.diariofemenino.com.ar\/wp-content\/uploads\/libro.jpg\" width=\"449\" height=\"299\" \/><\/a><figcaption id=\"caption-attachment-25015\" class=\"wp-caption-text\">Encuentro Nacional de Mujeres en Rosario &#8211; 2003: Plan de lucha nacional por el derecho al aborto<\/figcaption><\/figure><br \/>\n<span style=\"color: #000000;\">Hacia el 16, 17 y 18 de agosto de 2003, se realiz\u00f3 el XVIII\u00b0 Encuentro en Rosario. La pancarta violeta con la inscripci\u00f3n \u00abPor el derecho al aborto libre y gratuito\u00bb, sobre el costado derecho de las escalinatas del Monumento a la Bandera, anticip\u00f3 el eje del primer d\u00eda para convertirse en un escenario clave frente a la demanda por el derecho a decidir sobre los cuerpos y la reproducci\u00f3n como mandato categ\u00f3rico de las mujeres. Hubo un acto de apertura con m\u00e1s de 10 mil asistentes. A la tarde, en los talleres, resistieron la embestida de las cat\u00f3licas que concurrieron en masa -solo a esa instancia- para bajar el discurso del derecho a la vida desde la concepci\u00f3n. Una de las novedades de este evento fue la \u201cAsamblea por el Derecho al Aborto\u201d, organizada en el seno del encuentro por la \u201cComisi\u00f3n por el Derecho al Aborto\u201d (CDA). Fue tan masiva la actividad que ten\u00edan que turnarse para poder escuchar y hablar en el aula magna de la Facultad de Ciencias Econ\u00f3micas. All\u00ed, se debat\u00edan las \u201cestrategias para un aborto legal y seguro\u201d bajo la consigna de impulsar medidas de acci\u00f3n para avanzar y dejar de lado los cansinos debates que instalaban los sectores de la derecha recalcitrante.\u00a0Con la presencia de casi todos los grupos feministas del pa\u00eds, obreras de Brukman, de Zan\u00f3n, de organizaciones piqueteras, trabajadoras estatales, estudiantes,\u00a0diputadas nacionales como provinciales, de movimientos provinciales,\u00a0numerosa cantidad de j\u00f3venes, integrantes de partidos pol\u00edticos de las izquierdas, de Madres de Plaza de Mayo\u00a0y tambi\u00e9n independientes, todas ellas asistieron a la asamblea que reuni\u00f3 a m\u00e1s de 300 personas.\u00a0<\/span><br \/>\n<span style=\"color: #000000;\">Se\u00a0termin\u00f3 proponiendo un \u201cplan de lucha nacional por el derecho al aborto\u201d que conten\u00eda los siguientes puntos: 1) Marcha nacional por el derecho al aborto libre y gratuito el viernes 26 de septiembre a las 17 horas. 2) Realizar primero una asamblea previa al Primer Encuentro. 3) Llevar a cabo el Primer Encuentro\u00a0 Nacional por el Derecho al Aborto libre y Gratuito entre el 25 de noviembre y el 8 de diciembre (fecha a confirmar) en el que se acordar\u00edan estrategias para conquistar su acceso legal y seguro.4) Participar activamente en la Marcha del Orgullo el 1 de Noviembre. 5) Marchar el 25 de noviembre. 6) Organizar una comisi\u00f3n nacional para promover las leyes que le diesen forma. Firmaba \u201cLa Asamblea por el Derecho al Aborto\u201d.<\/span><br \/>\n<span style=\"color: #000000;\">Mabel Gabarra fue unas de las impulsoras m\u00e1s intensa para que este encuentro tuviese el impacto de provocar un punto de inflexi\u00f3n tal, sin posibilidad de marcha atr\u00e1s. De all\u00ed que se recoge su evaluaci\u00f3n a posteriori de los hechos: \u201cSe organiz\u00f3, por primera vez, en los Encuentros un taller de \u201cEstrategias para un aborto legal y seguro\u201d, propuesto por la Comisi\u00f3n Organizadora para que pudieran concurrir las mujeres que estaban convencidas de la legalizaci\u00f3n. La lucha frontal con las cat\u00f3licas que intentaron romper los talleres y agredieron con pancartas idiotas tales como \u201cNo a los anticonceptivos ni a los preservativos\u201d tambi\u00e9n fue un elemento que colabor\u00f3 para la gran difusi\u00f3n en los medios. Asimismo, en Rosario, ese a\u00f1o se organiz\u00f3 por primera vez una campa\u00f1a por la despenalizaci\u00f3n, en la semana del 28 de septiembre, con entrega de cintas verdes, conferencia de prensa y firma de un petitorio. Todo esto signific\u00f3 un avance en la visibilizaci\u00f3n de la tem\u00e1tica\u201d.\u00a0<\/span><br \/>\n<span style=\"color: #000000;\">La marcha de clausura se aglutin\u00f3 atr\u00e1s de la pancarta consagrada por la historia de luchas de estos a\u00f1os. Ese cierre dio que hablar. Para Alejandra Ciriza \u201cpor primera vez se usaron los pa\u00f1uelos verdes que hoy son un s\u00edmbolo. Diez mil mujeres de todos los sectores y extracciones recorrieron las calles al grito de \u201cAnticonceptivos para no abortar, aborto legal para no morir\u201d. No hay duda que su uso se inspir\u00f3 en el impacto producido por los pa\u00f1uelos blancos del Movimiento de Madres de Plaza de Mayo, lo cual tambi\u00e9n demostrar\u00eda la articulaci\u00f3n y proximidad con distintas referentes entre un espacio y otro.\u00a0<\/span><br \/>\n<span style=\"color: #000000;\">R\u00e1pidamente, se convoc\u00f3 a un llamado masivo a diferentes organizaciones feministas y de mujeres de Buenos Aires, Rosario, La Plata, C\u00f3rdoba, Mendoza y Neuqu\u00e9n para organizar una Asamblea que tuviera como objetivo proponer estrategias de largo aliento a modo de avanzar sobre tres puntos espec\u00edficos:<\/span><br \/>\n<span style=\"color: #000000;\">\u00a01) por el aborto libre y gratuito; 2) elegir libremente nuestra sexualidad; 3) terminar con todo tipo de violencia y discriminaci\u00f3n.\u00a0<\/span><br \/>\n<span style=\"color: #000000;\">Mientras que al a\u00f1o siguiente, en el XIX Encuentro Nacional, llevado a cabo en Mendoza, se resolvi\u00f3 de manera contundente consolidar las propuestas del taller de estrategias para el acceso al aborto legal, seguro y gratuito\u201d. A partir de ese instante, fue el momento de hacer visible una nueva meta: apostar en un futuro pr\u00f3ximo por constituir una campa\u00f1a a nivel nacional.<\/span><br \/>\n<span style=\"color: #000000;\">(Extracto sin citas del libro\u00a0<i>Historia de una desobediencia. Aborto y feminismo<\/i>. Capital Intelectual. Buenos Aires, 2014.)<\/span><br \/>\n&#8212;<br \/>\nWordpress:\u00a0<a href=\"http:\/\/historiadeunadesobediencia.wordpress.com\/\" target=\"_blank\">Historia de una desobediencia. Aborto y Feminismo<br \/>\n<\/a>Fan page:\u00a0<a href=\"https:\/\/www.facebook.com\/pages\/Historia-de-una-desobediencia-Aborto-y-Feminismo\/629297947145687?fref=ts\" target=\"_blank\">Historia de una desobediencia. Aborto y Feminismo<br \/>\n<\/a>Tumblr\u00a0<a href=\"http:\/\/abortoyfeminismo.tumblr.com\/\" target=\"_blank\">Historia de una desobediencia<br \/>\n<\/a>YouTube:\u00a0<a href=\"https:\/\/www.youtube.com\/user\/MabelBellucci\" target=\"_blank\">Mabel Bellucci<br \/>\n<\/a><em id=\"__mceDel\">En\u00a0<a href=\"http:\/\/kaosenlared.net\/author\/mabela\/\" target=\"_blank\">Kaos en la red<\/a><\/em><br \/>\n&nbsp;<\/p>\n","protected":false},"excerpt":{"rendered":"<p>Hacia el 16, 17 y 18 de agosto de 2003, se realiz\u00f3 el XVIII\u00b0 Encuentro en Rosario. La pancarta violeta con la inscripci\u00f3n \u00abPor el derecho al aborto libre y gratuito\u00bb, sobre el costado derecho de las escalinatas del Monumento a la Bandera, anticip\u00f3 el eje del primer d\u00eda para convertirse en un escenario clave [&hellip;]<\/p>\n","protected":false},"author":1,"featured_media":0,"comment_status":"open","ping_status":"open","sticky":false,"template":"","format":"standard","meta":{"iawp_total_views":121,"footnotes":""},"categories":[22,7,6],"tags":[53,30,10,164,18],"class_list":["post-25012","post","type-post","status-publish","format-standard","hentry","category-aborto","category-actividades","category-articulos","tag-derechos-de-las-mujeres","tag-derechos-humanos","tag-derechos-sexuales-y-reproductivos","tag-enm","tag-politicas-publicas"],"nelio_content":{"autoShareEndMode":"never","automationSources":{"useCustomSentences":false,"customSentences":[]},"efiAlt":"","efiUrl":"","followers":[],"highlights":[],"isAutoShareEnabled":true,"networkImageIds":[],"permalinkQueryArgs":[],"series":[],"suggestedReferences":[]},"yoast_head":"<!-- This site is optimized with the Yoast SEO plugin v27.5 - https:\/\/yoast.com\/product\/yoast-seo-wordpress\/ -->\n<title>Encuentro Nacional de Mujeres en Rosario - 2003: Plan de lucha nacional por el derecho al aborto - Diario Digital Femenino<\/title>\n<meta name=\"description\" content=\"Encuentro Nacional de Mujeres en Rosario - 2003: Plan de lucha nacional por el derecho al aborto. Libro&quot;Historia de una desobediencia. Aborto y feminismo&quot;\" \/>\n<meta name=\"robots\" content=\"index, follow, max-snippet:-1, max-image-preview:large, max-video-preview:-1\" \/>\n<link rel=\"canonical\" href=\"https:\/\/diariofemenino.com.ar\/df\/encuentro-nacional-de-mujeres-en-rosario-2003\/\" \/>\n<meta property=\"og:locale\" content=\"es_ES\" \/>\n<meta property=\"og:type\" content=\"article\" \/>\n<meta property=\"og:title\" content=\"Encuentro Nacional de Mujeres en Rosario - 2003: Plan de lucha nacional por el derecho al aborto - Diario Digital Femenino\" \/>\n<meta property=\"og:description\" content=\"Encuentro Nacional de Mujeres en Rosario - 2003: Plan de lucha nacional por el derecho al aborto. Libro&quot;Historia de una desobediencia. Aborto y feminismo&quot;\" \/>\n<meta property=\"og:url\" content=\"https:\/\/diariofemenino.com.ar\/df\/encuentro-nacional-de-mujeres-en-rosario-2003\/\" \/>\n<meta property=\"og:site_name\" content=\"Diario Digital Femenino\" \/>\n<meta property=\"article:publisher\" content=\"https:\/\/www.facebook.com\/DiarioDigitaFemenino\/\" \/>\n<meta property=\"article:published_time\" content=\"2016-09-25T22:22:22+00:00\" \/>\n<meta property=\"og:image\" content=\"http:\/\/www.diariofemenino.com.ar\/wp-content\/uploads\/libro.jpg\" \/>\n<meta name=\"author\" content=\"Admin\" \/>\n<meta name=\"twitter:card\" content=\"summary_large_image\" \/>\n<meta name=\"twitter:creator\" content=\"@DiarioFemenino1\" \/>\n<meta name=\"twitter:site\" content=\"@DiarioFemenino1\" \/>\n<meta name=\"twitter:label1\" content=\"Escrito por\" \/>\n\t<meta name=\"twitter:data1\" content=\"Admin\" \/>\n\t<meta name=\"twitter:label2\" content=\"Tiempo de lectura\" \/>\n\t<meta name=\"twitter:data2\" content=\"4 minutos\" \/>\n<script type=\"application\/ld+json\" class=\"yoast-schema-graph\">{\"@context\":\"https:\\\/\\\/schema.org\",\"@graph\":[{\"@type\":\"Article\",\"@id\":\"https:\\\/\\\/diariofemenino.com.ar\\\/df\\\/encuentro-nacional-de-mujeres-en-rosario-2003\\\/#article\",\"isPartOf\":{\"@id\":\"https:\\\/\\\/diariofemenino.com.ar\\\/df\\\/encuentro-nacional-de-mujeres-en-rosario-2003\\\/\"},\"author\":{\"name\":\"Admin\",\"@id\":\"https:\\\/\\\/diariofemenino.com.ar\\\/df\\\/#\\\/schema\\\/person\\\/38f54b3bfd13f561de2460ba95c169c6\"},\"headline\":\"Encuentro Nacional de Mujeres en Rosario &#8211; 2003: Plan de lucha nacional por el derecho al aborto\",\"datePublished\":\"2016-09-25T22:22:22+00:00\",\"mainEntityOfPage\":{\"@id\":\"https:\\\/\\\/diariofemenino.com.ar\\\/df\\\/encuentro-nacional-de-mujeres-en-rosario-2003\\\/\"},\"wordCount\":907,\"commentCount\":0,\"publisher\":{\"@id\":\"https:\\\/\\\/diariofemenino.com.ar\\\/df\\\/#organization\"},\"image\":{\"@id\":\"https:\\\/\\\/diariofemenino.com.ar\\\/df\\\/encuentro-nacional-de-mujeres-en-rosario-2003\\\/#primaryimage\"},\"thumbnailUrl\":\"http:\\\/\\\/www.diariofemenino.com.ar\\\/wp-content\\\/uploads\\\/libro.jpg\",\"keywords\":[\"Derechos de las mujeres\",\"Derechos Humanos\",\"Derechos sexuales y reproductivos\",\"ENM\",\"Pol\u00edticas p\u00fablicas\"],\"articleSection\":[\"Aborto\",\"Actividades\",\"Mujeres en Palabras\"],\"inLanguage\":\"es\",\"potentialAction\":[{\"@type\":\"CommentAction\",\"name\":\"Comment\",\"target\":[\"https:\\\/\\\/diariofemenino.com.ar\\\/df\\\/encuentro-nacional-de-mujeres-en-rosario-2003\\\/#respond\"]}]},{\"@type\":\"WebPage\",\"@id\":\"https:\\\/\\\/diariofemenino.com.ar\\\/df\\\/encuentro-nacional-de-mujeres-en-rosario-2003\\\/\",\"url\":\"https:\\\/\\\/diariofemenino.com.ar\\\/df\\\/encuentro-nacional-de-mujeres-en-rosario-2003\\\/\",\"name\":\"Encuentro Nacional de Mujeres en Rosario - 2003: Plan de lucha nacional por el derecho al aborto - Diario Digital Femenino\",\"isPartOf\":{\"@id\":\"https:\\\/\\\/diariofemenino.com.ar\\\/df\\\/#website\"},\"primaryImageOfPage\":{\"@id\":\"https:\\\/\\\/diariofemenino.com.ar\\\/df\\\/encuentro-nacional-de-mujeres-en-rosario-2003\\\/#primaryimage\"},\"image\":{\"@id\":\"https:\\\/\\\/diariofemenino.com.ar\\\/df\\\/encuentro-nacional-de-mujeres-en-rosario-2003\\\/#primaryimage\"},\"thumbnailUrl\":\"http:\\\/\\\/www.diariofemenino.com.ar\\\/wp-content\\\/uploads\\\/libro.jpg\",\"datePublished\":\"2016-09-25T22:22:22+00:00\",\"description\":\"Encuentro Nacional de Mujeres en Rosario - 2003: Plan de lucha nacional por el derecho al aborto. Libro\\\"Historia de una desobediencia. Aborto y feminismo\\\"\",\"breadcrumb\":{\"@id\":\"https:\\\/\\\/diariofemenino.com.ar\\\/df\\\/encuentro-nacional-de-mujeres-en-rosario-2003\\\/#breadcrumb\"},\"inLanguage\":\"es\",\"potentialAction\":[{\"@type\":\"ReadAction\",\"target\":[\"https:\\\/\\\/diariofemenino.com.ar\\\/df\\\/encuentro-nacional-de-mujeres-en-rosario-2003\\\/\"]}]},{\"@type\":\"ImageObject\",\"inLanguage\":\"es\",\"@id\":\"https:\\\/\\\/diariofemenino.com.ar\\\/df\\\/encuentro-nacional-de-mujeres-en-rosario-2003\\\/#primaryimage\",\"url\":\"http:\\\/\\\/www.diariofemenino.com.ar\\\/wp-content\\\/uploads\\\/libro.jpg\",\"contentUrl\":\"http:\\\/\\\/www.diariofemenino.com.ar\\\/wp-content\\\/uploads\\\/libro.jpg\"},{\"@type\":\"BreadcrumbList\",\"@id\":\"https:\\\/\\\/diariofemenino.com.ar\\\/df\\\/encuentro-nacional-de-mujeres-en-rosario-2003\\\/#breadcrumb\",\"itemListElement\":[{\"@type\":\"ListItem\",\"position\":1,\"name\":\"Portada\",\"item\":\"https:\\\/\\\/diariofemenino.com.ar\\\/df\\\/\"},{\"@type\":\"ListItem\",\"position\":2,\"name\":\"Encuentro Nacional de Mujeres en Rosario &#8211; 2003: Plan de lucha nacional por el derecho al aborto\"}]},{\"@type\":\"WebSite\",\"@id\":\"https:\\\/\\\/diariofemenino.com.ar\\\/df\\\/#website\",\"url\":\"https:\\\/\\\/diariofemenino.com.ar\\\/df\\\/\",\"name\":\"Diario Digital Femenino\",\"description\":\"Cuesti\u00f3n de G\u00e9nero\",\"publisher\":{\"@id\":\"https:\\\/\\\/diariofemenino.com.ar\\\/df\\\/#organization\"},\"potentialAction\":[{\"@type\":\"SearchAction\",\"target\":{\"@type\":\"EntryPoint\",\"urlTemplate\":\"https:\\\/\\\/diariofemenino.com.ar\\\/df\\\/?s={search_term_string}\"},\"query-input\":{\"@type\":\"PropertyValueSpecification\",\"valueRequired\":true,\"valueName\":\"search_term_string\"}}],\"inLanguage\":\"es\"},{\"@type\":\"Organization\",\"@id\":\"https:\\\/\\\/diariofemenino.com.ar\\\/df\\\/#organization\",\"name\":\"Diario Femenino\",\"url\":\"https:\\\/\\\/diariofemenino.com.ar\\\/df\\\/\",\"logo\":{\"@type\":\"ImageObject\",\"inLanguage\":\"es\",\"@id\":\"https:\\\/\\\/diariofemenino.com.ar\\\/df\\\/#\\\/schema\\\/logo\\\/image\\\/\",\"url\":\"https:\\\/\\\/diariofemenino.com.ar\\\/df\\\/wp-content\\\/uploads\\\/2018\\\/10\\\/logo.png\",\"contentUrl\":\"https:\\\/\\\/diariofemenino.com.ar\\\/df\\\/wp-content\\\/uploads\\\/2018\\\/10\\\/logo.png\",\"width\":500,\"height\":92,\"caption\":\"Diario Femenino\"},\"image\":{\"@id\":\"https:\\\/\\\/diariofemenino.com.ar\\\/df\\\/#\\\/schema\\\/logo\\\/image\\\/\"},\"sameAs\":[\"https:\\\/\\\/www.facebook.com\\\/DiarioDigitaFemenino\\\/\",\"https:\\\/\\\/x.com\\\/DiarioFemenino1\"]},{\"@type\":\"Person\",\"@id\":\"https:\\\/\\\/diariofemenino.com.ar\\\/df\\\/#\\\/schema\\\/person\\\/38f54b3bfd13f561de2460ba95c169c6\",\"name\":\"Admin\",\"image\":{\"@type\":\"ImageObject\",\"inLanguage\":\"es\",\"@id\":\"https:\\\/\\\/diariofemenino.com.ar\\\/df\\\/wp-content\\\/uploads\\\/2018\\\/12\\\/favicon-150x150.jpg\",\"url\":\"https:\\\/\\\/diariofemenino.com.ar\\\/df\\\/wp-content\\\/uploads\\\/2018\\\/12\\\/favicon-150x150.jpg\",\"contentUrl\":\"https:\\\/\\\/diariofemenino.com.ar\\\/df\\\/wp-content\\\/uploads\\\/2018\\\/12\\\/favicon-150x150.jpg\",\"caption\":\"Admin\"},\"url\":\"https:\\\/\\\/diariofemenino.com.ar\\\/df\\\/author\\\/adm18df\\\/\"}]}<\/script>\n<!-- \/ Yoast SEO plugin. -->","yoast_head_json":{"title":"Encuentro Nacional de Mujeres en Rosario - 2003: Plan de lucha nacional por el derecho al aborto - Diario Digital Femenino","description":"Encuentro Nacional de Mujeres en Rosario - 2003: Plan de lucha nacional por el derecho al aborto. Libro\"Historia de una desobediencia. Aborto y feminismo\"","robots":{"index":"index","follow":"follow","max-snippet":"max-snippet:-1","max-image-preview":"max-image-preview:large","max-video-preview":"max-video-preview:-1"},"canonical":"https:\/\/diariofemenino.com.ar\/df\/encuentro-nacional-de-mujeres-en-rosario-2003\/","og_locale":"es_ES","og_type":"article","og_title":"Encuentro Nacional de Mujeres en Rosario - 2003: Plan de lucha nacional por el derecho al aborto - Diario Digital Femenino","og_description":"Encuentro Nacional de Mujeres en Rosario - 2003: Plan de lucha nacional por el derecho al aborto. Libro\"Historia de una desobediencia. Aborto y feminismo\"","og_url":"https:\/\/diariofemenino.com.ar\/df\/encuentro-nacional-de-mujeres-en-rosario-2003\/","og_site_name":"Diario Digital Femenino","article_publisher":"https:\/\/www.facebook.com\/DiarioDigitaFemenino\/","article_published_time":"2016-09-25T22:22:22+00:00","og_image":[{"url":"http:\/\/www.diariofemenino.com.ar\/wp-content\/uploads\/libro.jpg","type":"","width":"","height":""}],"author":"Admin","twitter_card":"summary_large_image","twitter_creator":"@DiarioFemenino1","twitter_site":"@DiarioFemenino1","twitter_misc":{"Escrito por":"Admin","Tiempo de lectura":"4 minutos"},"schema":{"@context":"https:\/\/schema.org","@graph":[{"@type":"Article","@id":"https:\/\/diariofemenino.com.ar\/df\/encuentro-nacional-de-mujeres-en-rosario-2003\/#article","isPartOf":{"@id":"https:\/\/diariofemenino.com.ar\/df\/encuentro-nacional-de-mujeres-en-rosario-2003\/"},"author":{"name":"Admin","@id":"https:\/\/diariofemenino.com.ar\/df\/#\/schema\/person\/38f54b3bfd13f561de2460ba95c169c6"},"headline":"Encuentro Nacional de Mujeres en Rosario &#8211; 2003: Plan de lucha nacional por el derecho al aborto","datePublished":"2016-09-25T22:22:22+00:00","mainEntityOfPage":{"@id":"https:\/\/diariofemenino.com.ar\/df\/encuentro-nacional-de-mujeres-en-rosario-2003\/"},"wordCount":907,"commentCount":0,"publisher":{"@id":"https:\/\/diariofemenino.com.ar\/df\/#organization"},"image":{"@id":"https:\/\/diariofemenino.com.ar\/df\/encuentro-nacional-de-mujeres-en-rosario-2003\/#primaryimage"},"thumbnailUrl":"http:\/\/www.diariofemenino.com.ar\/wp-content\/uploads\/libro.jpg","keywords":["Derechos de las mujeres","Derechos Humanos","Derechos sexuales y reproductivos","ENM","Pol\u00edticas p\u00fablicas"],"articleSection":["Aborto","Actividades","Mujeres en Palabras"],"inLanguage":"es","potentialAction":[{"@type":"CommentAction","name":"Comment","target":["https:\/\/diariofemenino.com.ar\/df\/encuentro-nacional-de-mujeres-en-rosario-2003\/#respond"]}]},{"@type":"WebPage","@id":"https:\/\/diariofemenino.com.ar\/df\/encuentro-nacional-de-mujeres-en-rosario-2003\/","url":"https:\/\/diariofemenino.com.ar\/df\/encuentro-nacional-de-mujeres-en-rosario-2003\/","name":"Encuentro Nacional de Mujeres en Rosario - 2003: Plan de lucha nacional por el derecho al aborto - Diario Digital Femenino","isPartOf":{"@id":"https:\/\/diariofemenino.com.ar\/df\/#website"},"primaryImageOfPage":{"@id":"https:\/\/diariofemenino.com.ar\/df\/encuentro-nacional-de-mujeres-en-rosario-2003\/#primaryimage"},"image":{"@id":"https:\/\/diariofemenino.com.ar\/df\/encuentro-nacional-de-mujeres-en-rosario-2003\/#primaryimage"},"thumbnailUrl":"http:\/\/www.diariofemenino.com.ar\/wp-content\/uploads\/libro.jpg","datePublished":"2016-09-25T22:22:22+00:00","description":"Encuentro Nacional de Mujeres en Rosario - 2003: Plan de lucha nacional por el derecho al aborto. Libro\"Historia de una desobediencia. Aborto y feminismo\"","breadcrumb":{"@id":"https:\/\/diariofemenino.com.ar\/df\/encuentro-nacional-de-mujeres-en-rosario-2003\/#breadcrumb"},"inLanguage":"es","potentialAction":[{"@type":"ReadAction","target":["https:\/\/diariofemenino.com.ar\/df\/encuentro-nacional-de-mujeres-en-rosario-2003\/"]}]},{"@type":"ImageObject","inLanguage":"es","@id":"https:\/\/diariofemenino.com.ar\/df\/encuentro-nacional-de-mujeres-en-rosario-2003\/#primaryimage","url":"http:\/\/www.diariofemenino.com.ar\/wp-content\/uploads\/libro.jpg","contentUrl":"http:\/\/www.diariofemenino.com.ar\/wp-content\/uploads\/libro.jpg"},{"@type":"BreadcrumbList","@id":"https:\/\/diariofemenino.com.ar\/df\/encuentro-nacional-de-mujeres-en-rosario-2003\/#breadcrumb","itemListElement":[{"@type":"ListItem","position":1,"name":"Portada","item":"https:\/\/diariofemenino.com.ar\/df\/"},{"@type":"ListItem","position":2,"name":"Encuentro Nacional de Mujeres en Rosario &#8211; 2003: Plan de lucha nacional por el derecho al aborto"}]},{"@type":"WebSite","@id":"https:\/\/diariofemenino.com.ar\/df\/#website","url":"https:\/\/diariofemenino.com.ar\/df\/","name":"Diario Digital Femenino","description":"Cuesti\u00f3n de G\u00e9nero","publisher":{"@id":"https:\/\/diariofemenino.com.ar\/df\/#organization"},"potentialAction":[{"@type":"SearchAction","target":{"@type":"EntryPoint","urlTemplate":"https:\/\/diariofemenino.com.ar\/df\/?s={search_term_string}"},"query-input":{"@type":"PropertyValueSpecification","valueRequired":true,"valueName":"search_term_string"}}],"inLanguage":"es"},{"@type":"Organization","@id":"https:\/\/diariofemenino.com.ar\/df\/#organization","name":"Diario Femenino","url":"https:\/\/diariofemenino.com.ar\/df\/","logo":{"@type":"ImageObject","inLanguage":"es","@id":"https:\/\/diariofemenino.com.ar\/df\/#\/schema\/logo\/image\/","url":"https:\/\/diariofemenino.com.ar\/df\/wp-content\/uploads\/2018\/10\/logo.png","contentUrl":"https:\/\/diariofemenino.com.ar\/df\/wp-content\/uploads\/2018\/10\/logo.png","width":500,"height":92,"caption":"Diario Femenino"},"image":{"@id":"https:\/\/diariofemenino.com.ar\/df\/#\/schema\/logo\/image\/"},"sameAs":["https:\/\/www.facebook.com\/DiarioDigitaFemenino\/","https:\/\/x.com\/DiarioFemenino1"]},{"@type":"Person","@id":"https:\/\/diariofemenino.com.ar\/df\/#\/schema\/person\/38f54b3bfd13f561de2460ba95c169c6","name":"Admin","image":{"@type":"ImageObject","inLanguage":"es","@id":"https:\/\/diariofemenino.com.ar\/df\/wp-content\/uploads\/2018\/12\/favicon-150x150.jpg","url":"https:\/\/diariofemenino.com.ar\/df\/wp-content\/uploads\/2018\/12\/favicon-150x150.jpg","contentUrl":"https:\/\/diariofemenino.com.ar\/df\/wp-content\/uploads\/2018\/12\/favicon-150x150.jpg","caption":"Admin"},"url":"https:\/\/diariofemenino.com.ar\/df\/author\/adm18df\/"}]}},"jetpack_featured_media_url":"","jetpack_sharing_enabled":true,"rttpg_featured_image_url":null,"rttpg_author":{"display_name":"Admin","author_link":"https:\/\/diariofemenino.com.ar\/df\/author\/adm18df\/"},"rttpg_comment":0,"rttpg_category":"<a href=\"https:\/\/diariofemenino.com.ar\/df\/category\/aborto\/\" rel=\"category tag\">Aborto<\/a> <a href=\"https:\/\/diariofemenino.com.ar\/df\/category\/actividades\/\" rel=\"category tag\">Actividades<\/a> <a href=\"https:\/\/diariofemenino.com.ar\/df\/category\/articulos\/\" rel=\"category tag\">Mujeres en Palabras<\/a>","rttpg_excerpt":"Hacia el 16, 17 y 18 de agosto de 2003, se realiz\u00f3 el XVIII\u00b0 Encuentro en Rosario. La pancarta violeta con la inscripci\u00f3n \u00abPor el derecho al aborto libre y gratuito\u00bb, sobre el costado derecho de las escalinatas del Monumento a la Bandera, anticip\u00f3 el eje del primer d\u00eda para convertirse en un escenario clave&hellip;","_links":{"self":[{"href":"https:\/\/diariofemenino.com.ar\/df\/wp-json\/wp\/v2\/posts\/25012","targetHints":{"allow":["GET"]}}],"collection":[{"href":"https:\/\/diariofemenino.com.ar\/df\/wp-json\/wp\/v2\/posts"}],"about":[{"href":"https:\/\/diariofemenino.com.ar\/df\/wp-json\/wp\/v2\/types\/post"}],"author":[{"embeddable":true,"href":"https:\/\/diariofemenino.com.ar\/df\/wp-json\/wp\/v2\/users\/1"}],"replies":[{"embeddable":true,"href":"https:\/\/diariofemenino.com.ar\/df\/wp-json\/wp\/v2\/comments?post=25012"}],"version-history":[{"count":0,"href":"https:\/\/diariofemenino.com.ar\/df\/wp-json\/wp\/v2\/posts\/25012\/revisions"}],"wp:attachment":[{"href":"https:\/\/diariofemenino.com.ar\/df\/wp-json\/wp\/v2\/media?parent=25012"}],"wp:term":[{"taxonomy":"category","embeddable":true,"href":"https:\/\/diariofemenino.com.ar\/df\/wp-json\/wp\/v2\/categories?post=25012"},{"taxonomy":"post_tag","embeddable":true,"href":"https:\/\/diariofemenino.com.ar\/df\/wp-json\/wp\/v2\/tags?post=25012"}],"curies":[{"name":"wp","href":"https:\/\/api.w.org\/{rel}","templated":true}]}}