{"id":2495,"date":"2012-07-15T14:14:09","date_gmt":"2012-07-15T17:14:09","guid":{"rendered":"http:\/\/www.diariofemenino.com.ar\/?p=2495"},"modified":"2012-07-15T14:14:09","modified_gmt":"2012-07-15T17:14:09","slug":"el-fin-de-la-pandemia-de-sida-esta-mas-cerca","status":"publish","type":"post","link":"https:\/\/diariofemenino.com.ar\/df\/el-fin-de-la-pandemia-de-sida-esta-mas-cerca\/","title":{"rendered":"&#034;El fin de la pandemia de sida est\u00e1 m\u00e1s cerca&#034;"},"content":{"rendered":"<p>&nbsp;<br \/>\n&nbsp;<br \/>\n<em>Anunciaron tratamientos m\u00e1s eficaces. \u00abNo se habla de curaci\u00f3n\u00bb, dijo el vir\u00f3logo Fauci.<\/em><\/p>\n<div>\n\u00a015 de julio de 2012. Erradicar la pandemia de sida ya es un hecho factible, lo que dar\u00eda lugar a la primera generaci\u00f3n libre de la amenaza de infectarse con el virus VIH desde que \u00e9ste se propag\u00f3, estim\u00f3 el doctor Anthony Fauci, un eminente vir\u00f3logo estadounidense, durante una entrevista con la AFP.<br \/>\n\u00abEstamos empezando a darnos cuenta realmente de que es posible actuar sobre la infecci\u00f3n y cambiar la trayectoria de la pandemia\u00bb, explic\u00f3 el director del Instituto Nacional de Alergias y Enfermedades Infecciosas (Niaid, por su sigla en ingl\u00e9s), puntero en la lucha contra el sida desde el inicio de la epidemia, hace tres d\u00e9cadas.<br \/>\nSin embargo, insisti\u00f3 sobre el hecho de que \u00abno se est\u00e1 hablando de curaci\u00f3n\u00bb del sida, un objetivo hasta el momento incierto. \u00abDisponemos de tratamientos eficaces\u00bb (antirretrovirales) para controlar el virus, lo que permite \u00aba los individuos infectados, que deben tomarlos de forma indefinida, mantener una salud relativamente buena\u00bb, record\u00f3 el investigador.<br \/>\nPero m\u00e1s all\u00e1 de eso, los resultados de estudios cl\u00ednicos publicados en los \u00faltimos dos a\u00f1os muestran la eficacia de esos antirretrovirales para prevenir el riesgo de infecci\u00f3n entre los individuos seropositivos, lo que hace pensar \u00abque es posible acelerar fuertemente la disminuci\u00f3n de nuevas infecciones\u00bb, a\u00f1adi\u00f3.<br \/>\nCon la actual tasa mundial de disminuci\u00f3n de nuevos casos de infecciones, es decir 1,5% por a\u00f1o en promedio desde hace 10 a\u00f1os, el fin de la pandemia sigue siendo un objetivo lejano, dijo.<br \/>\n\u00abInvertir las tendencia de la pandemia para lograr una generaci\u00f3n libre del sida\u00bb es uno de los temas de la 19\u00aa conferencia internacional bianual sobre el sida, que se llevar\u00e1 a cabo en Washington del 22 al 27 de julio, subray\u00f3 el doctor Fauci.<br \/>\nTerminar con la pandemia significa que, despu\u00e9s de cierto tiempo, habr\u00e1 muy pocos nuevos casos de infecciones, lo que har\u00e1 posible que exista una generaci\u00f3n libre de sida, precis\u00f3 el dirigente del Niaid, que forma parte de los Institutos Nacionales Estadounidenses de Salud (NIH, por sus sigla en ingl\u00e9s).<br \/>\nLos NIH son la principal fuente de financiaci\u00f3n p\u00fablica de la investigaci\u00f3n m\u00e9dica.<br \/>\nEl vir\u00f3logo se dijo adem\u00e1s optimista por los \u00abprogresos realizados\u00bb en la b\u00fasqueda de una vacuna, aunque advirti\u00f3 \u00abque a\u00fan queda un largo camino por recorrer antes de lograrlo\u00bb.<br \/>\nFauci cit\u00f3 una prueba cl\u00ednica realizada en 2009 en Tailandia sobre una posible vacuna, que por primera vez mostr\u00f3 una modesta aunque significativa eficacia.<br \/>\nEl an\u00e1lisis de los datos que produjo este estudio cl\u00ednico permiti\u00f3 \u00abidentificar las correlaciones de una inmunidad (&#8230;), que constituir\u00e1n buenos indicadores para las investigaciones futuras\u00bb, dijo. Cuando se le pregunt\u00f3 sobre el potencial de las pocas personas cuyo organismo es capaz de neutralizar el VIH, el vir\u00f3logo se mostr\u00f3 prudente y se\u00f1al\u00f3 que eso \u00abtal vez podr\u00eda ayudar\u00bb a hallar una vacuna, pero \u00abno a encontrar un medio para curar\u00bb el sida.\n<\/div>\n<p>&nbsp;<br \/>\n<em><\/em>\u00a0<br \/>\n&nbsp;<br \/>\n&nbsp;<br \/>\nFuente:\u00a0\u00a0<a href=\"http:\/\/www.rionegro.com.ar\/diario\/el-fin-de-la-pandemia-de-sida-esta-mas-cerca-918519-9521-nota.aspx\" target=\"_blank\">Rionegro<\/a><!--fin columna b --><\/p>\n","protected":false},"excerpt":{"rendered":"<p>&nbsp; &nbsp; Anunciaron tratamientos m\u00e1s eficaces. \u00abNo se habla de curaci\u00f3n\u00bb, dijo el vir\u00f3logo Fauci. \u00a015 de julio de 2012. Erradicar la pandemia de sida ya es un hecho factible, lo que dar\u00eda lugar a la primera generaci\u00f3n libre de la amenaza de infectarse con el virus VIH desde que \u00e9ste se propag\u00f3, estim\u00f3 el [&hellip;]<\/p>\n","protected":false},"author":1,"featured_media":2496,"comment_status":"open","ping_status":"open","sticky":false,"template":"","format":"standard","meta":{"iawp_total_views":2,"footnotes":""},"categories":[4,580],"tags":[],"class_list":["post-2495","post","type-post","status-publish","format-standard","has-post-thumbnail","hentry","category-medios","category-resistencia-verdevioleta"],"nelio_content":{"autoShareEndMode":"never","automationSources":{"useCustomSentences":false,"customSentences":[]},"efiAlt":"","efiUrl":"","followers":[],"highlights":[],"isAutoShareEnabled":true,"networkImageIds":[],"permalinkQueryArgs":[],"series":[],"suggestedReferences":[]},"yoast_head":"<!-- This site is optimized with the Yoast SEO plugin v27.5 - https:\/\/yoast.com\/product\/yoast-seo-wordpress\/ -->\n<title>&#034;El fin de la pandemia de sida est\u00e1 m\u00e1s cerca&#034; - Diario Digital Femenino<\/title>\n<meta name=\"robots\" content=\"index, follow, max-snippet:-1, max-image-preview:large, max-video-preview:-1\" \/>\n<link rel=\"canonical\" href=\"https:\/\/diariofemenino.com.ar\/df\/el-fin-de-la-pandemia-de-sida-esta-mas-cerca\/\" \/>\n<meta property=\"og:locale\" content=\"es_ES\" \/>\n<meta property=\"og:type\" content=\"article\" \/>\n<meta property=\"og:title\" content=\"&#034;El fin de la pandemia de sida est\u00e1 m\u00e1s cerca&#034; - Diario Digital Femenino\" \/>\n<meta property=\"og:description\" content=\"&nbsp; &nbsp; Anunciaron tratamientos m\u00e1s eficaces. \u00abNo se habla de curaci\u00f3n\u00bb, dijo el vir\u00f3logo Fauci. \u00a015 de julio de 2012. Erradicar la pandemia de sida ya es un hecho factible, lo que dar\u00eda lugar a la primera generaci\u00f3n libre de la amenaza de infectarse con el virus VIH desde que \u00e9ste se propag\u00f3, estim\u00f3 el [&hellip;]\" \/>\n<meta property=\"og:url\" content=\"https:\/\/diariofemenino.com.ar\/df\/el-fin-de-la-pandemia-de-sida-esta-mas-cerca\/\" \/>\n<meta property=\"og:site_name\" content=\"Diario Digital Femenino\" \/>\n<meta property=\"article:publisher\" content=\"https:\/\/www.facebook.com\/DiarioDigitaFemenino\/\" \/>\n<meta property=\"article:published_time\" content=\"2012-07-15T17:14:09+00:00\" \/>\n<meta property=\"og:image\" content=\"https:\/\/diariofemenino.com.ar\/df\/wp-content\/uploads\/2016\/10\/logo-negro.png\" \/>\n\t<meta property=\"og:image:width\" content=\"855\" \/>\n\t<meta property=\"og:image:height\" content=\"319\" \/>\n\t<meta property=\"og:image:type\" content=\"image\/png\" \/>\n<meta name=\"author\" content=\"Admin\" \/>\n<meta name=\"twitter:card\" content=\"summary_large_image\" \/>\n<meta name=\"twitter:creator\" content=\"@DiarioFemenino1\" \/>\n<meta name=\"twitter:site\" content=\"@DiarioFemenino1\" \/>\n<meta name=\"twitter:label1\" content=\"Escrito por\" \/>\n\t<meta name=\"twitter:data1\" content=\"Admin\" \/>\n\t<meta name=\"twitter:label2\" content=\"Tiempo de lectura\" \/>\n\t<meta name=\"twitter:data2\" content=\"3 minutos\" \/>\n<script type=\"application\/ld+json\" class=\"yoast-schema-graph\">{\"@context\":\"https:\\\/\\\/schema.org\",\"@graph\":[{\"@type\":\"Article\",\"@id\":\"https:\\\/\\\/diariofemenino.com.ar\\\/df\\\/el-fin-de-la-pandemia-de-sida-esta-mas-cerca\\\/#article\",\"isPartOf\":{\"@id\":\"https:\\\/\\\/diariofemenino.com.ar\\\/df\\\/el-fin-de-la-pandemia-de-sida-esta-mas-cerca\\\/\"},\"author\":{\"name\":\"Admin\",\"@id\":\"https:\\\/\\\/diariofemenino.com.ar\\\/df\\\/#\\\/schema\\\/person\\\/38f54b3bfd13f561de2460ba95c169c6\"},\"headline\":\"&#034;El fin de la pandemia de sida est\u00e1 m\u00e1s cerca&#034;\",\"datePublished\":\"2012-07-15T17:14:09+00:00\",\"mainEntityOfPage\":{\"@id\":\"https:\\\/\\\/diariofemenino.com.ar\\\/df\\\/el-fin-de-la-pandemia-de-sida-esta-mas-cerca\\\/\"},\"wordCount\":532,\"commentCount\":0,\"publisher\":{\"@id\":\"https:\\\/\\\/diariofemenino.com.ar\\\/df\\\/#organization\"},\"image\":{\"@id\":\"https:\\\/\\\/diariofemenino.com.ar\\\/df\\\/el-fin-de-la-pandemia-de-sida-esta-mas-cerca\\\/#primaryimage\"},\"thumbnailUrl\":\"\",\"articleSection\":[\"Medios\",\"Resistencia VerdeVioleta\"],\"inLanguage\":\"es\",\"potentialAction\":[{\"@type\":\"CommentAction\",\"name\":\"Comment\",\"target\":[\"https:\\\/\\\/diariofemenino.com.ar\\\/df\\\/el-fin-de-la-pandemia-de-sida-esta-mas-cerca\\\/#respond\"]}]},{\"@type\":\"WebPage\",\"@id\":\"https:\\\/\\\/diariofemenino.com.ar\\\/df\\\/el-fin-de-la-pandemia-de-sida-esta-mas-cerca\\\/\",\"url\":\"https:\\\/\\\/diariofemenino.com.ar\\\/df\\\/el-fin-de-la-pandemia-de-sida-esta-mas-cerca\\\/\",\"name\":\"&#034;El fin de la pandemia de sida est\u00e1 m\u00e1s cerca&#034; - Diario Digital Femenino\",\"isPartOf\":{\"@id\":\"https:\\\/\\\/diariofemenino.com.ar\\\/df\\\/#website\"},\"primaryImageOfPage\":{\"@id\":\"https:\\\/\\\/diariofemenino.com.ar\\\/df\\\/el-fin-de-la-pandemia-de-sida-esta-mas-cerca\\\/#primaryimage\"},\"image\":{\"@id\":\"https:\\\/\\\/diariofemenino.com.ar\\\/df\\\/el-fin-de-la-pandemia-de-sida-esta-mas-cerca\\\/#primaryimage\"},\"thumbnailUrl\":\"\",\"datePublished\":\"2012-07-15T17:14:09+00:00\",\"breadcrumb\":{\"@id\":\"https:\\\/\\\/diariofemenino.com.ar\\\/df\\\/el-fin-de-la-pandemia-de-sida-esta-mas-cerca\\\/#breadcrumb\"},\"inLanguage\":\"es\",\"potentialAction\":[{\"@type\":\"ReadAction\",\"target\":[\"https:\\\/\\\/diariofemenino.com.ar\\\/df\\\/el-fin-de-la-pandemia-de-sida-esta-mas-cerca\\\/\"]}]},{\"@type\":\"ImageObject\",\"inLanguage\":\"es\",\"@id\":\"https:\\\/\\\/diariofemenino.com.ar\\\/df\\\/el-fin-de-la-pandemia-de-sida-esta-mas-cerca\\\/#primaryimage\",\"url\":\"\",\"contentUrl\":\"\"},{\"@type\":\"BreadcrumbList\",\"@id\":\"https:\\\/\\\/diariofemenino.com.ar\\\/df\\\/el-fin-de-la-pandemia-de-sida-esta-mas-cerca\\\/#breadcrumb\",\"itemListElement\":[{\"@type\":\"ListItem\",\"position\":1,\"name\":\"Portada\",\"item\":\"https:\\\/\\\/diariofemenino.com.ar\\\/df\\\/\"},{\"@type\":\"ListItem\",\"position\":2,\"name\":\"&#034;El fin de la pandemia de sida est\u00e1 m\u00e1s cerca&#034;\"}]},{\"@type\":\"WebSite\",\"@id\":\"https:\\\/\\\/diariofemenino.com.ar\\\/df\\\/#website\",\"url\":\"https:\\\/\\\/diariofemenino.com.ar\\\/df\\\/\",\"name\":\"Diario Digital Femenino\",\"description\":\"Cuesti\u00f3n de G\u00e9nero\",\"publisher\":{\"@id\":\"https:\\\/\\\/diariofemenino.com.ar\\\/df\\\/#organization\"},\"potentialAction\":[{\"@type\":\"SearchAction\",\"target\":{\"@type\":\"EntryPoint\",\"urlTemplate\":\"https:\\\/\\\/diariofemenino.com.ar\\\/df\\\/?s={search_term_string}\"},\"query-input\":{\"@type\":\"PropertyValueSpecification\",\"valueRequired\":true,\"valueName\":\"search_term_string\"}}],\"inLanguage\":\"es\"},{\"@type\":\"Organization\",\"@id\":\"https:\\\/\\\/diariofemenino.com.ar\\\/df\\\/#organization\",\"name\":\"Diario Femenino\",\"url\":\"https:\\\/\\\/diariofemenino.com.ar\\\/df\\\/\",\"logo\":{\"@type\":\"ImageObject\",\"inLanguage\":\"es\",\"@id\":\"https:\\\/\\\/diariofemenino.com.ar\\\/df\\\/#\\\/schema\\\/logo\\\/image\\\/\",\"url\":\"https:\\\/\\\/diariofemenino.com.ar\\\/df\\\/wp-content\\\/uploads\\\/2018\\\/10\\\/logo.png\",\"contentUrl\":\"https:\\\/\\\/diariofemenino.com.ar\\\/df\\\/wp-content\\\/uploads\\\/2018\\\/10\\\/logo.png\",\"width\":500,\"height\":92,\"caption\":\"Diario Femenino\"},\"image\":{\"@id\":\"https:\\\/\\\/diariofemenino.com.ar\\\/df\\\/#\\\/schema\\\/logo\\\/image\\\/\"},\"sameAs\":[\"https:\\\/\\\/www.facebook.com\\\/DiarioDigitaFemenino\\\/\",\"https:\\\/\\\/x.com\\\/DiarioFemenino1\"]},{\"@type\":\"Person\",\"@id\":\"https:\\\/\\\/diariofemenino.com.ar\\\/df\\\/#\\\/schema\\\/person\\\/38f54b3bfd13f561de2460ba95c169c6\",\"name\":\"Admin\",\"image\":{\"@type\":\"ImageObject\",\"inLanguage\":\"es\",\"@id\":\"https:\\\/\\\/diariofemenino.com.ar\\\/df\\\/wp-content\\\/uploads\\\/2018\\\/12\\\/favicon-150x150.jpg\",\"url\":\"https:\\\/\\\/diariofemenino.com.ar\\\/df\\\/wp-content\\\/uploads\\\/2018\\\/12\\\/favicon-150x150.jpg\",\"contentUrl\":\"https:\\\/\\\/diariofemenino.com.ar\\\/df\\\/wp-content\\\/uploads\\\/2018\\\/12\\\/favicon-150x150.jpg\",\"caption\":\"Admin\"},\"url\":\"https:\\\/\\\/diariofemenino.com.ar\\\/df\\\/author\\\/adm18df\\\/\"}]}<\/script>\n<!-- \/ Yoast SEO plugin. -->","yoast_head_json":{"title":"&#034;El fin de la pandemia de sida est\u00e1 m\u00e1s cerca&#034; - Diario Digital Femenino","robots":{"index":"index","follow":"follow","max-snippet":"max-snippet:-1","max-image-preview":"max-image-preview:large","max-video-preview":"max-video-preview:-1"},"canonical":"https:\/\/diariofemenino.com.ar\/df\/el-fin-de-la-pandemia-de-sida-esta-mas-cerca\/","og_locale":"es_ES","og_type":"article","og_title":"&#034;El fin de la pandemia de sida est\u00e1 m\u00e1s cerca&#034; - Diario Digital Femenino","og_description":"&nbsp; &nbsp; Anunciaron tratamientos m\u00e1s eficaces. \u00abNo se habla de curaci\u00f3n\u00bb, dijo el vir\u00f3logo Fauci. \u00a015 de julio de 2012. Erradicar la pandemia de sida ya es un hecho factible, lo que dar\u00eda lugar a la primera generaci\u00f3n libre de la amenaza de infectarse con el virus VIH desde que \u00e9ste se propag\u00f3, estim\u00f3 el [&hellip;]","og_url":"https:\/\/diariofemenino.com.ar\/df\/el-fin-de-la-pandemia-de-sida-esta-mas-cerca\/","og_site_name":"Diario Digital Femenino","article_publisher":"https:\/\/www.facebook.com\/DiarioDigitaFemenino\/","article_published_time":"2012-07-15T17:14:09+00:00","og_image":[{"width":855,"height":319,"url":"https:\/\/diariofemenino.com.ar\/df\/wp-content\/uploads\/2016\/10\/logo-negro.png","type":"image\/png"}],"author":"Admin","twitter_card":"summary_large_image","twitter_creator":"@DiarioFemenino1","twitter_site":"@DiarioFemenino1","twitter_misc":{"Escrito por":"Admin","Tiempo de lectura":"3 minutos"},"schema":{"@context":"https:\/\/schema.org","@graph":[{"@type":"Article","@id":"https:\/\/diariofemenino.com.ar\/df\/el-fin-de-la-pandemia-de-sida-esta-mas-cerca\/#article","isPartOf":{"@id":"https:\/\/diariofemenino.com.ar\/df\/el-fin-de-la-pandemia-de-sida-esta-mas-cerca\/"},"author":{"name":"Admin","@id":"https:\/\/diariofemenino.com.ar\/df\/#\/schema\/person\/38f54b3bfd13f561de2460ba95c169c6"},"headline":"&#034;El fin de la pandemia de sida est\u00e1 m\u00e1s cerca&#034;","datePublished":"2012-07-15T17:14:09+00:00","mainEntityOfPage":{"@id":"https:\/\/diariofemenino.com.ar\/df\/el-fin-de-la-pandemia-de-sida-esta-mas-cerca\/"},"wordCount":532,"commentCount":0,"publisher":{"@id":"https:\/\/diariofemenino.com.ar\/df\/#organization"},"image":{"@id":"https:\/\/diariofemenino.com.ar\/df\/el-fin-de-la-pandemia-de-sida-esta-mas-cerca\/#primaryimage"},"thumbnailUrl":"","articleSection":["Medios","Resistencia VerdeVioleta"],"inLanguage":"es","potentialAction":[{"@type":"CommentAction","name":"Comment","target":["https:\/\/diariofemenino.com.ar\/df\/el-fin-de-la-pandemia-de-sida-esta-mas-cerca\/#respond"]}]},{"@type":"WebPage","@id":"https:\/\/diariofemenino.com.ar\/df\/el-fin-de-la-pandemia-de-sida-esta-mas-cerca\/","url":"https:\/\/diariofemenino.com.ar\/df\/el-fin-de-la-pandemia-de-sida-esta-mas-cerca\/","name":"&#034;El fin de la pandemia de sida est\u00e1 m\u00e1s cerca&#034; - Diario Digital Femenino","isPartOf":{"@id":"https:\/\/diariofemenino.com.ar\/df\/#website"},"primaryImageOfPage":{"@id":"https:\/\/diariofemenino.com.ar\/df\/el-fin-de-la-pandemia-de-sida-esta-mas-cerca\/#primaryimage"},"image":{"@id":"https:\/\/diariofemenino.com.ar\/df\/el-fin-de-la-pandemia-de-sida-esta-mas-cerca\/#primaryimage"},"thumbnailUrl":"","datePublished":"2012-07-15T17:14:09+00:00","breadcrumb":{"@id":"https:\/\/diariofemenino.com.ar\/df\/el-fin-de-la-pandemia-de-sida-esta-mas-cerca\/#breadcrumb"},"inLanguage":"es","potentialAction":[{"@type":"ReadAction","target":["https:\/\/diariofemenino.com.ar\/df\/el-fin-de-la-pandemia-de-sida-esta-mas-cerca\/"]}]},{"@type":"ImageObject","inLanguage":"es","@id":"https:\/\/diariofemenino.com.ar\/df\/el-fin-de-la-pandemia-de-sida-esta-mas-cerca\/#primaryimage","url":"","contentUrl":""},{"@type":"BreadcrumbList","@id":"https:\/\/diariofemenino.com.ar\/df\/el-fin-de-la-pandemia-de-sida-esta-mas-cerca\/#breadcrumb","itemListElement":[{"@type":"ListItem","position":1,"name":"Portada","item":"https:\/\/diariofemenino.com.ar\/df\/"},{"@type":"ListItem","position":2,"name":"&#034;El fin de la pandemia de sida est\u00e1 m\u00e1s cerca&#034;"}]},{"@type":"WebSite","@id":"https:\/\/diariofemenino.com.ar\/df\/#website","url":"https:\/\/diariofemenino.com.ar\/df\/","name":"Diario Digital Femenino","description":"Cuesti\u00f3n de G\u00e9nero","publisher":{"@id":"https:\/\/diariofemenino.com.ar\/df\/#organization"},"potentialAction":[{"@type":"SearchAction","target":{"@type":"EntryPoint","urlTemplate":"https:\/\/diariofemenino.com.ar\/df\/?s={search_term_string}"},"query-input":{"@type":"PropertyValueSpecification","valueRequired":true,"valueName":"search_term_string"}}],"inLanguage":"es"},{"@type":"Organization","@id":"https:\/\/diariofemenino.com.ar\/df\/#organization","name":"Diario Femenino","url":"https:\/\/diariofemenino.com.ar\/df\/","logo":{"@type":"ImageObject","inLanguage":"es","@id":"https:\/\/diariofemenino.com.ar\/df\/#\/schema\/logo\/image\/","url":"https:\/\/diariofemenino.com.ar\/df\/wp-content\/uploads\/2018\/10\/logo.png","contentUrl":"https:\/\/diariofemenino.com.ar\/df\/wp-content\/uploads\/2018\/10\/logo.png","width":500,"height":92,"caption":"Diario Femenino"},"image":{"@id":"https:\/\/diariofemenino.com.ar\/df\/#\/schema\/logo\/image\/"},"sameAs":["https:\/\/www.facebook.com\/DiarioDigitaFemenino\/","https:\/\/x.com\/DiarioFemenino1"]},{"@type":"Person","@id":"https:\/\/diariofemenino.com.ar\/df\/#\/schema\/person\/38f54b3bfd13f561de2460ba95c169c6","name":"Admin","image":{"@type":"ImageObject","inLanguage":"es","@id":"https:\/\/diariofemenino.com.ar\/df\/wp-content\/uploads\/2018\/12\/favicon-150x150.jpg","url":"https:\/\/diariofemenino.com.ar\/df\/wp-content\/uploads\/2018\/12\/favicon-150x150.jpg","contentUrl":"https:\/\/diariofemenino.com.ar\/df\/wp-content\/uploads\/2018\/12\/favicon-150x150.jpg","caption":"Admin"},"url":"https:\/\/diariofemenino.com.ar\/df\/author\/adm18df\/"}]}},"jetpack_featured_media_url":"","jetpack_sharing_enabled":true,"rttpg_featured_image_url":null,"rttpg_author":{"display_name":"Admin","author_link":"https:\/\/diariofemenino.com.ar\/df\/author\/adm18df\/"},"rttpg_comment":0,"rttpg_category":"<a href=\"https:\/\/diariofemenino.com.ar\/df\/category\/medios\/\" rel=\"category tag\">Medios<\/a> <a href=\"https:\/\/diariofemenino.com.ar\/df\/category\/resistencia-verdevioleta\/\" rel=\"category tag\">Resistencia VerdeVioleta<\/a>","rttpg_excerpt":"&nbsp; &nbsp; Anunciaron tratamientos m\u00e1s eficaces. \u00abNo se habla de curaci\u00f3n\u00bb, dijo el vir\u00f3logo Fauci. \u00a015 de julio de 2012. Erradicar la pandemia de sida ya es un hecho factible, lo que dar\u00eda lugar a la primera generaci\u00f3n libre de la amenaza de infectarse con el virus VIH desde que \u00e9ste se propag\u00f3, estim\u00f3 el&hellip;","_links":{"self":[{"href":"https:\/\/diariofemenino.com.ar\/df\/wp-json\/wp\/v2\/posts\/2495","targetHints":{"allow":["GET"]}}],"collection":[{"href":"https:\/\/diariofemenino.com.ar\/df\/wp-json\/wp\/v2\/posts"}],"about":[{"href":"https:\/\/diariofemenino.com.ar\/df\/wp-json\/wp\/v2\/types\/post"}],"author":[{"embeddable":true,"href":"https:\/\/diariofemenino.com.ar\/df\/wp-json\/wp\/v2\/users\/1"}],"replies":[{"embeddable":true,"href":"https:\/\/diariofemenino.com.ar\/df\/wp-json\/wp\/v2\/comments?post=2495"}],"version-history":[{"count":0,"href":"https:\/\/diariofemenino.com.ar\/df\/wp-json\/wp\/v2\/posts\/2495\/revisions"}],"wp:featuredmedia":[{"embeddable":true,"href":"https:\/\/diariofemenino.com.ar\/df\/wp-json\/"}],"wp:attachment":[{"href":"https:\/\/diariofemenino.com.ar\/df\/wp-json\/wp\/v2\/media?parent=2495"}],"wp:term":[{"taxonomy":"category","embeddable":true,"href":"https:\/\/diariofemenino.com.ar\/df\/wp-json\/wp\/v2\/categories?post=2495"},{"taxonomy":"post_tag","embeddable":true,"href":"https:\/\/diariofemenino.com.ar\/df\/wp-json\/wp\/v2\/tags?post=2495"}],"curies":[{"name":"wp","href":"https:\/\/api.w.org\/{rel}","templated":true}]}}