{"id":24754,"date":"2016-09-12T19:56:42","date_gmt":"2016-09-12T22:56:42","guid":{"rendered":"http:\/\/www.diariofemenino.com.ar\/?p=24754"},"modified":"2016-09-12T19:56:42","modified_gmt":"2016-09-12T22:56:42","slug":"taller-la-imagen-de-la-mujer-latinoamericana-en-los-medios","status":"publish","type":"post","link":"https:\/\/diariofemenino.com.ar\/df\/taller-la-imagen-de-la-mujer-latinoamericana-en-los-medios\/","title":{"rendered":"Taller: \u201cLa imagen de la mujer latinoamericana en los medios\u201d"},"content":{"rendered":"<p><span style=\"color: #000000;\">La Secretar\u00eda de la Mujer del Gobierno Provincial conjuntamente con la Universidad Nacional de La Pampa llevar\u00e1n a cabo el Taller denominado <strong><em>\u201cLa imagen de la mujer latinoamericana en los medios\u201d<\/em><\/strong><\/span><span style=\"color: #000000;\">, en conmemoraci\u00f3n del D\u00eda de la Mujer Latinoamericana en los Medios de Comunicaci\u00f3n \u00a0el\u00a0 14 de\u00a0 setiembre. Las actividades se desarrollar\u00e1n en <strong>General Acha y Santa Rosa.<\/strong><\/span><br \/>\n<figure id=\"attachment_24755\" aria-describedby=\"caption-attachment-24755\" style=\"width: 584px\" class=\"wp-caption alignnone\"><a href=\"http:\/\/www.diariofemenino.com.ar\/wp-content\/uploads\/WP_20160912_0021.jpg\"><img loading=\"lazy\" decoding=\"async\" class=\"size-full wp-image-24755\" alt=\"Taller: \u201cLa imagen de la mujer latinoamericana en los medios\u201d\" src=\"http:\/\/www.diariofemenino.com.ar\/wp-content\/uploads\/WP_20160912_0021.jpg\" width=\"584\" height=\"328\" \/><\/a><figcaption id=\"caption-attachment-24755\" class=\"wp-caption-text\">Taller: \u201cLa imagen de la mujer latinoamericana en los medios\u201d<\/figcaption><\/figure><\/p>\n<p id=\"yui_3_16_0_ym19_1_1473719091538_5660\"><span style=\"color: #000000;\">\u00a0 \u00a0 \u00a0 \u00a0 \u00a0 \u00a0 La disertante ser\u00e1\u00a0<strong>Sandra Viviana Miguez<\/strong>, Licenciada en Comunicaci\u00f3n Social, Periodista especializada en salud y en la tem\u00e1tica de g\u00e9nero. Integrante de la Red Internacional de Periodistas con Visi\u00f3n de G\u00e9nero en Argentina RIPVGAr<\/span><\/p>\n<p><span style=\"color: #000000;\">En <strong>General Acha<\/strong> tendr\u00e1 lugar el pr\u00f3ximo mi\u00e9rcoles en la <strong>Escuela N\u00b0 154<\/strong> a las<strong> 09:30 hs<\/strong>.\u00a0(Larrea 585) y en la ciudad de <strong>Santa Rosa<\/strong> a las<strong> 18:00 hs<\/strong> en la <strong>UNLPam 1\u00b0 piso, Aula 19<\/strong>.<\/span><br \/>\n<span style=\"color: #000000;\">\u00a0El anuncio estuvo a cargo de la secretaria de la Mujer, Liliana Robledo, quien coment\u00f3 que se trata de un taller abierto al cual toda la comunidad est\u00e1 invitada \u201ccon la idea de debatir todos juntos respecto de cual es la imagen nuestra en los medios de comunicaci\u00f3n y como deben tratarse los temas sobre mujeres reflejados en los medios\u201d. E<\/span><span style=\"color: #000000;\">stuvo acompa\u00f1ada por <strong>Ana Mar\u00eda Rodr\u00edguez<\/strong>, de la Secretar\u00eda de Extensi\u00f3n y Cultura de la UNLPam, <strong>Lorena Gigena<\/strong> y <strong>Carina Romero<\/strong>, del equipo t\u00e9cnico de la Secretar\u00eda.<\/span><br \/>\n<span style=\"color: #000000;\">Para m\u00e1s informes e inscripci\u00f3n pueden dirigirse al correo<\/span>\u00a0<a href=\"mailto:secretariamujerlp@gmail.com\" target=\"_blank\" rel=\"nofollow\">secretariamujerlp@gmail.com<\/a>;\u00a0<span style=\"color: #000000;\">a la p\u00e1gina web<\/span>\u00a0<a href=\"http:\/\/www.secretariadelamujerlp.lapampa.gov.ar\/\" target=\"_blank\" rel=\"nofollow\">www.secretariadelamujerlp.lapampa.gov.ar<\/a><a id=\"yui_3_16_0_ym19_1_1473719091538_5685\" href=\"http:\/\/www.secretariadelamujerlp.lapampa.gov.ar\/\" target=\"_blank\" rel=\"nofollow\">; o a los tel\u00e9fonos<\/a>:\u00a0<span style=\"color: #000000;\">02954-428270\/244992.<\/span><br \/>\n<a href=\"http:\/\/www.diariofemenino.com.ar\/wp-content\/uploads\/AFICHE-Mujer-en-Medios-2.jpg\"><img loading=\"lazy\" decoding=\"async\" class=\"alignnone size-full wp-image-24756\" alt=\"AFICHE Mujer en Medios (2)\" src=\"http:\/\/www.diariofemenino.com.ar\/wp-content\/uploads\/AFICHE-Mujer-en-Medios-2.jpg\" width=\"504\" height=\"728\" \/><\/a><\/p>\n","protected":false},"excerpt":{"rendered":"<p>La Secretar\u00eda de la Mujer del Gobierno Provincial conjuntamente con la Universidad Nacional de La Pampa llevar\u00e1n a cabo el Taller denominado \u201cLa imagen de la mujer latinoamericana en los medios\u201d, en conmemoraci\u00f3n del D\u00eda de la Mujer Latinoamericana en los Medios de Comunicaci\u00f3n \u00a0el\u00a0 14 de\u00a0 setiembre. Las actividades se desarrollar\u00e1n en General Acha [&hellip;]<\/p>\n","protected":false},"author":1,"featured_media":0,"comment_status":"open","ping_status":"open","sticky":false,"template":"","format":"standard","meta":{"iawp_total_views":4,"footnotes":""},"categories":[7,9,4],"tags":[28,18],"class_list":["post-24754","post","type-post","status-publish","format-standard","hentry","category-actividades","category-de-esi-si-se-habla","category-medios","tag-periodismo","tag-politicas-publicas"],"nelio_content":{"autoShareEndMode":"never","automationSources":{"useCustomSentences":false,"customSentences":[]},"efiAlt":"","efiUrl":"","followers":[],"highlights":[],"isAutoShareEnabled":true,"networkImageIds":[],"permalinkQueryArgs":[],"series":[],"suggestedReferences":[]},"yoast_head":"<!-- This site is optimized with the Yoast SEO plugin v27.4 - https:\/\/yoast.com\/product\/yoast-seo-wordpress\/ -->\n<title>Taller: \u201cLa imagen de la mujer latinoamericana en los medios\u201d - Diario Digital Femenino<\/title>\n<meta name=\"description\" content=\"Taller: \u201cLa imagen de la mujer latinoamericana en los medios\u201d\" \/>\n<meta name=\"robots\" content=\"index, follow, max-snippet:-1, max-image-preview:large, max-video-preview:-1\" \/>\n<link rel=\"canonical\" href=\"https:\/\/diariofemenino.com.ar\/df\/taller-la-imagen-de-la-mujer-latinoamericana-en-los-medios\/\" \/>\n<meta property=\"og:locale\" content=\"es_ES\" \/>\n<meta property=\"og:type\" content=\"article\" \/>\n<meta property=\"og:title\" content=\"Taller: \u201cLa imagen de la mujer latinoamericana en los medios\u201d - Diario Digital Femenino\" \/>\n<meta property=\"og:description\" content=\"Taller: \u201cLa imagen de la mujer latinoamericana en los medios\u201d\" \/>\n<meta property=\"og:url\" content=\"https:\/\/diariofemenino.com.ar\/df\/taller-la-imagen-de-la-mujer-latinoamericana-en-los-medios\/\" \/>\n<meta property=\"og:site_name\" content=\"Diario Digital Femenino\" \/>\n<meta property=\"article:publisher\" content=\"https:\/\/www.facebook.com\/DiarioDigitaFemenino\/\" \/>\n<meta property=\"article:published_time\" content=\"2016-09-12T22:56:42+00:00\" \/>\n<meta property=\"og:image\" content=\"http:\/\/www.diariofemenino.com.ar\/wp-content\/uploads\/WP_20160912_0021.jpg\" \/>\n<meta name=\"author\" content=\"Admin\" \/>\n<meta name=\"twitter:card\" content=\"summary_large_image\" \/>\n<meta name=\"twitter:creator\" content=\"@DiarioFemenino1\" \/>\n<meta name=\"twitter:site\" content=\"@DiarioFemenino1\" \/>\n<meta name=\"twitter:label1\" content=\"Escrito por\" \/>\n\t<meta name=\"twitter:data1\" content=\"Admin\" \/>\n\t<meta name=\"twitter:label2\" content=\"Tiempo de lectura\" \/>\n\t<meta name=\"twitter:data2\" content=\"1 minuto\" \/>\n<script type=\"application\/ld+json\" class=\"yoast-schema-graph\">{\"@context\":\"https:\\\/\\\/schema.org\",\"@graph\":[{\"@type\":\"Article\",\"@id\":\"https:\\\/\\\/diariofemenino.com.ar\\\/df\\\/taller-la-imagen-de-la-mujer-latinoamericana-en-los-medios\\\/#article\",\"isPartOf\":{\"@id\":\"https:\\\/\\\/diariofemenino.com.ar\\\/df\\\/taller-la-imagen-de-la-mujer-latinoamericana-en-los-medios\\\/\"},\"author\":{\"name\":\"Admin\",\"@id\":\"https:\\\/\\\/diariofemenino.com.ar\\\/df\\\/#\\\/schema\\\/person\\\/38f54b3bfd13f561de2460ba95c169c6\"},\"headline\":\"Taller: \u201cLa imagen de la mujer latinoamericana en los medios\u201d\",\"datePublished\":\"2016-09-12T22:56:42+00:00\",\"mainEntityOfPage\":{\"@id\":\"https:\\\/\\\/diariofemenino.com.ar\\\/df\\\/taller-la-imagen-de-la-mujer-latinoamericana-en-los-medios\\\/\"},\"wordCount\":288,\"commentCount\":0,\"publisher\":{\"@id\":\"https:\\\/\\\/diariofemenino.com.ar\\\/df\\\/#organization\"},\"image\":{\"@id\":\"https:\\\/\\\/diariofemenino.com.ar\\\/df\\\/taller-la-imagen-de-la-mujer-latinoamericana-en-los-medios\\\/#primaryimage\"},\"thumbnailUrl\":\"http:\\\/\\\/www.diariofemenino.com.ar\\\/wp-content\\\/uploads\\\/WP_20160912_0021.jpg\",\"keywords\":[\"Periodismo\",\"Pol\u00edticas p\u00fablicas\"],\"articleSection\":[\"Actividades\",\"De ESI S\u00ed Se Habla\",\"Medios\"],\"inLanguage\":\"es\",\"potentialAction\":[{\"@type\":\"CommentAction\",\"name\":\"Comment\",\"target\":[\"https:\\\/\\\/diariofemenino.com.ar\\\/df\\\/taller-la-imagen-de-la-mujer-latinoamericana-en-los-medios\\\/#respond\"]}]},{\"@type\":\"WebPage\",\"@id\":\"https:\\\/\\\/diariofemenino.com.ar\\\/df\\\/taller-la-imagen-de-la-mujer-latinoamericana-en-los-medios\\\/\",\"url\":\"https:\\\/\\\/diariofemenino.com.ar\\\/df\\\/taller-la-imagen-de-la-mujer-latinoamericana-en-los-medios\\\/\",\"name\":\"Taller: \u201cLa imagen de la mujer latinoamericana en los medios\u201d - Diario Digital Femenino\",\"isPartOf\":{\"@id\":\"https:\\\/\\\/diariofemenino.com.ar\\\/df\\\/#website\"},\"primaryImageOfPage\":{\"@id\":\"https:\\\/\\\/diariofemenino.com.ar\\\/df\\\/taller-la-imagen-de-la-mujer-latinoamericana-en-los-medios\\\/#primaryimage\"},\"image\":{\"@id\":\"https:\\\/\\\/diariofemenino.com.ar\\\/df\\\/taller-la-imagen-de-la-mujer-latinoamericana-en-los-medios\\\/#primaryimage\"},\"thumbnailUrl\":\"http:\\\/\\\/www.diariofemenino.com.ar\\\/wp-content\\\/uploads\\\/WP_20160912_0021.jpg\",\"datePublished\":\"2016-09-12T22:56:42+00:00\",\"description\":\"Taller: \u201cLa imagen de la mujer latinoamericana en los medios\u201d\",\"breadcrumb\":{\"@id\":\"https:\\\/\\\/diariofemenino.com.ar\\\/df\\\/taller-la-imagen-de-la-mujer-latinoamericana-en-los-medios\\\/#breadcrumb\"},\"inLanguage\":\"es\",\"potentialAction\":[{\"@type\":\"ReadAction\",\"target\":[\"https:\\\/\\\/diariofemenino.com.ar\\\/df\\\/taller-la-imagen-de-la-mujer-latinoamericana-en-los-medios\\\/\"]}]},{\"@type\":\"ImageObject\",\"inLanguage\":\"es\",\"@id\":\"https:\\\/\\\/diariofemenino.com.ar\\\/df\\\/taller-la-imagen-de-la-mujer-latinoamericana-en-los-medios\\\/#primaryimage\",\"url\":\"http:\\\/\\\/www.diariofemenino.com.ar\\\/wp-content\\\/uploads\\\/WP_20160912_0021.jpg\",\"contentUrl\":\"http:\\\/\\\/www.diariofemenino.com.ar\\\/wp-content\\\/uploads\\\/WP_20160912_0021.jpg\"},{\"@type\":\"BreadcrumbList\",\"@id\":\"https:\\\/\\\/diariofemenino.com.ar\\\/df\\\/taller-la-imagen-de-la-mujer-latinoamericana-en-los-medios\\\/#breadcrumb\",\"itemListElement\":[{\"@type\":\"ListItem\",\"position\":1,\"name\":\"Portada\",\"item\":\"https:\\\/\\\/diariofemenino.com.ar\\\/df\\\/\"},{\"@type\":\"ListItem\",\"position\":2,\"name\":\"Taller: \u201cLa imagen de la mujer latinoamericana en los medios\u201d\"}]},{\"@type\":\"WebSite\",\"@id\":\"https:\\\/\\\/diariofemenino.com.ar\\\/df\\\/#website\",\"url\":\"https:\\\/\\\/diariofemenino.com.ar\\\/df\\\/\",\"name\":\"Diario Digital Femenino\",\"description\":\"Cuesti\u00f3n de G\u00e9nero\",\"publisher\":{\"@id\":\"https:\\\/\\\/diariofemenino.com.ar\\\/df\\\/#organization\"},\"potentialAction\":[{\"@type\":\"SearchAction\",\"target\":{\"@type\":\"EntryPoint\",\"urlTemplate\":\"https:\\\/\\\/diariofemenino.com.ar\\\/df\\\/?s={search_term_string}\"},\"query-input\":{\"@type\":\"PropertyValueSpecification\",\"valueRequired\":true,\"valueName\":\"search_term_string\"}}],\"inLanguage\":\"es\"},{\"@type\":\"Organization\",\"@id\":\"https:\\\/\\\/diariofemenino.com.ar\\\/df\\\/#organization\",\"name\":\"Diario Femenino\",\"url\":\"https:\\\/\\\/diariofemenino.com.ar\\\/df\\\/\",\"logo\":{\"@type\":\"ImageObject\",\"inLanguage\":\"es\",\"@id\":\"https:\\\/\\\/diariofemenino.com.ar\\\/df\\\/#\\\/schema\\\/logo\\\/image\\\/\",\"url\":\"https:\\\/\\\/diariofemenino.com.ar\\\/df\\\/wp-content\\\/uploads\\\/2018\\\/10\\\/logo.png\",\"contentUrl\":\"https:\\\/\\\/diariofemenino.com.ar\\\/df\\\/wp-content\\\/uploads\\\/2018\\\/10\\\/logo.png\",\"width\":500,\"height\":92,\"caption\":\"Diario Femenino\"},\"image\":{\"@id\":\"https:\\\/\\\/diariofemenino.com.ar\\\/df\\\/#\\\/schema\\\/logo\\\/image\\\/\"},\"sameAs\":[\"https:\\\/\\\/www.facebook.com\\\/DiarioDigitaFemenino\\\/\",\"https:\\\/\\\/x.com\\\/DiarioFemenino1\"]},{\"@type\":\"Person\",\"@id\":\"https:\\\/\\\/diariofemenino.com.ar\\\/df\\\/#\\\/schema\\\/person\\\/38f54b3bfd13f561de2460ba95c169c6\",\"name\":\"Admin\",\"image\":{\"@type\":\"ImageObject\",\"inLanguage\":\"es\",\"@id\":\"https:\\\/\\\/diariofemenino.com.ar\\\/df\\\/wp-content\\\/uploads\\\/2018\\\/12\\\/favicon-150x150.jpg\",\"url\":\"https:\\\/\\\/diariofemenino.com.ar\\\/df\\\/wp-content\\\/uploads\\\/2018\\\/12\\\/favicon-150x150.jpg\",\"contentUrl\":\"https:\\\/\\\/diariofemenino.com.ar\\\/df\\\/wp-content\\\/uploads\\\/2018\\\/12\\\/favicon-150x150.jpg\",\"caption\":\"Admin\"},\"url\":\"https:\\\/\\\/diariofemenino.com.ar\\\/df\\\/author\\\/adm18df\\\/\"}]}<\/script>\n<!-- \/ Yoast SEO plugin. -->","yoast_head_json":{"title":"Taller: \u201cLa imagen de la mujer latinoamericana en los medios\u201d - Diario Digital Femenino","description":"Taller: \u201cLa imagen de la mujer latinoamericana en los medios\u201d","robots":{"index":"index","follow":"follow","max-snippet":"max-snippet:-1","max-image-preview":"max-image-preview:large","max-video-preview":"max-video-preview:-1"},"canonical":"https:\/\/diariofemenino.com.ar\/df\/taller-la-imagen-de-la-mujer-latinoamericana-en-los-medios\/","og_locale":"es_ES","og_type":"article","og_title":"Taller: \u201cLa imagen de la mujer latinoamericana en los medios\u201d - Diario Digital Femenino","og_description":"Taller: \u201cLa imagen de la mujer latinoamericana en los medios\u201d","og_url":"https:\/\/diariofemenino.com.ar\/df\/taller-la-imagen-de-la-mujer-latinoamericana-en-los-medios\/","og_site_name":"Diario Digital Femenino","article_publisher":"https:\/\/www.facebook.com\/DiarioDigitaFemenino\/","article_published_time":"2016-09-12T22:56:42+00:00","og_image":[{"url":"http:\/\/www.diariofemenino.com.ar\/wp-content\/uploads\/WP_20160912_0021.jpg","type":"","width":"","height":""}],"author":"Admin","twitter_card":"summary_large_image","twitter_creator":"@DiarioFemenino1","twitter_site":"@DiarioFemenino1","twitter_misc":{"Escrito por":"Admin","Tiempo de lectura":"1 minuto"},"schema":{"@context":"https:\/\/schema.org","@graph":[{"@type":"Article","@id":"https:\/\/diariofemenino.com.ar\/df\/taller-la-imagen-de-la-mujer-latinoamericana-en-los-medios\/#article","isPartOf":{"@id":"https:\/\/diariofemenino.com.ar\/df\/taller-la-imagen-de-la-mujer-latinoamericana-en-los-medios\/"},"author":{"name":"Admin","@id":"https:\/\/diariofemenino.com.ar\/df\/#\/schema\/person\/38f54b3bfd13f561de2460ba95c169c6"},"headline":"Taller: \u201cLa imagen de la mujer latinoamericana en los medios\u201d","datePublished":"2016-09-12T22:56:42+00:00","mainEntityOfPage":{"@id":"https:\/\/diariofemenino.com.ar\/df\/taller-la-imagen-de-la-mujer-latinoamericana-en-los-medios\/"},"wordCount":288,"commentCount":0,"publisher":{"@id":"https:\/\/diariofemenino.com.ar\/df\/#organization"},"image":{"@id":"https:\/\/diariofemenino.com.ar\/df\/taller-la-imagen-de-la-mujer-latinoamericana-en-los-medios\/#primaryimage"},"thumbnailUrl":"http:\/\/www.diariofemenino.com.ar\/wp-content\/uploads\/WP_20160912_0021.jpg","keywords":["Periodismo","Pol\u00edticas p\u00fablicas"],"articleSection":["Actividades","De ESI S\u00ed Se Habla","Medios"],"inLanguage":"es","potentialAction":[{"@type":"CommentAction","name":"Comment","target":["https:\/\/diariofemenino.com.ar\/df\/taller-la-imagen-de-la-mujer-latinoamericana-en-los-medios\/#respond"]}]},{"@type":"WebPage","@id":"https:\/\/diariofemenino.com.ar\/df\/taller-la-imagen-de-la-mujer-latinoamericana-en-los-medios\/","url":"https:\/\/diariofemenino.com.ar\/df\/taller-la-imagen-de-la-mujer-latinoamericana-en-los-medios\/","name":"Taller: \u201cLa imagen de la mujer latinoamericana en los medios\u201d - Diario Digital Femenino","isPartOf":{"@id":"https:\/\/diariofemenino.com.ar\/df\/#website"},"primaryImageOfPage":{"@id":"https:\/\/diariofemenino.com.ar\/df\/taller-la-imagen-de-la-mujer-latinoamericana-en-los-medios\/#primaryimage"},"image":{"@id":"https:\/\/diariofemenino.com.ar\/df\/taller-la-imagen-de-la-mujer-latinoamericana-en-los-medios\/#primaryimage"},"thumbnailUrl":"http:\/\/www.diariofemenino.com.ar\/wp-content\/uploads\/WP_20160912_0021.jpg","datePublished":"2016-09-12T22:56:42+00:00","description":"Taller: \u201cLa imagen de la mujer latinoamericana en los medios\u201d","breadcrumb":{"@id":"https:\/\/diariofemenino.com.ar\/df\/taller-la-imagen-de-la-mujer-latinoamericana-en-los-medios\/#breadcrumb"},"inLanguage":"es","potentialAction":[{"@type":"ReadAction","target":["https:\/\/diariofemenino.com.ar\/df\/taller-la-imagen-de-la-mujer-latinoamericana-en-los-medios\/"]}]},{"@type":"ImageObject","inLanguage":"es","@id":"https:\/\/diariofemenino.com.ar\/df\/taller-la-imagen-de-la-mujer-latinoamericana-en-los-medios\/#primaryimage","url":"http:\/\/www.diariofemenino.com.ar\/wp-content\/uploads\/WP_20160912_0021.jpg","contentUrl":"http:\/\/www.diariofemenino.com.ar\/wp-content\/uploads\/WP_20160912_0021.jpg"},{"@type":"BreadcrumbList","@id":"https:\/\/diariofemenino.com.ar\/df\/taller-la-imagen-de-la-mujer-latinoamericana-en-los-medios\/#breadcrumb","itemListElement":[{"@type":"ListItem","position":1,"name":"Portada","item":"https:\/\/diariofemenino.com.ar\/df\/"},{"@type":"ListItem","position":2,"name":"Taller: \u201cLa imagen de la mujer latinoamericana en los medios\u201d"}]},{"@type":"WebSite","@id":"https:\/\/diariofemenino.com.ar\/df\/#website","url":"https:\/\/diariofemenino.com.ar\/df\/","name":"Diario Digital Femenino","description":"Cuesti\u00f3n de G\u00e9nero","publisher":{"@id":"https:\/\/diariofemenino.com.ar\/df\/#organization"},"potentialAction":[{"@type":"SearchAction","target":{"@type":"EntryPoint","urlTemplate":"https:\/\/diariofemenino.com.ar\/df\/?s={search_term_string}"},"query-input":{"@type":"PropertyValueSpecification","valueRequired":true,"valueName":"search_term_string"}}],"inLanguage":"es"},{"@type":"Organization","@id":"https:\/\/diariofemenino.com.ar\/df\/#organization","name":"Diario Femenino","url":"https:\/\/diariofemenino.com.ar\/df\/","logo":{"@type":"ImageObject","inLanguage":"es","@id":"https:\/\/diariofemenino.com.ar\/df\/#\/schema\/logo\/image\/","url":"https:\/\/diariofemenino.com.ar\/df\/wp-content\/uploads\/2018\/10\/logo.png","contentUrl":"https:\/\/diariofemenino.com.ar\/df\/wp-content\/uploads\/2018\/10\/logo.png","width":500,"height":92,"caption":"Diario Femenino"},"image":{"@id":"https:\/\/diariofemenino.com.ar\/df\/#\/schema\/logo\/image\/"},"sameAs":["https:\/\/www.facebook.com\/DiarioDigitaFemenino\/","https:\/\/x.com\/DiarioFemenino1"]},{"@type":"Person","@id":"https:\/\/diariofemenino.com.ar\/df\/#\/schema\/person\/38f54b3bfd13f561de2460ba95c169c6","name":"Admin","image":{"@type":"ImageObject","inLanguage":"es","@id":"https:\/\/diariofemenino.com.ar\/df\/wp-content\/uploads\/2018\/12\/favicon-150x150.jpg","url":"https:\/\/diariofemenino.com.ar\/df\/wp-content\/uploads\/2018\/12\/favicon-150x150.jpg","contentUrl":"https:\/\/diariofemenino.com.ar\/df\/wp-content\/uploads\/2018\/12\/favicon-150x150.jpg","caption":"Admin"},"url":"https:\/\/diariofemenino.com.ar\/df\/author\/adm18df\/"}]}},"jetpack_featured_media_url":"","jetpack_sharing_enabled":true,"rttpg_featured_image_url":null,"rttpg_author":{"display_name":"Admin","author_link":"https:\/\/diariofemenino.com.ar\/df\/author\/adm18df\/"},"rttpg_comment":0,"rttpg_category":"<a href=\"https:\/\/diariofemenino.com.ar\/df\/category\/actividades\/\" rel=\"category tag\">Actividades<\/a> <a href=\"https:\/\/diariofemenino.com.ar\/df\/category\/de-esi-si-se-habla\/\" rel=\"category tag\">De ESI S\u00ed Se Habla<\/a> <a href=\"https:\/\/diariofemenino.com.ar\/df\/category\/medios\/\" rel=\"category tag\">Medios<\/a>","rttpg_excerpt":"La Secretar\u00eda de la Mujer del Gobierno Provincial conjuntamente con la Universidad Nacional de La Pampa llevar\u00e1n a cabo el Taller denominado \u201cLa imagen de la mujer latinoamericana en los medios\u201d, en conmemoraci\u00f3n del D\u00eda de la Mujer Latinoamericana en los Medios de Comunicaci\u00f3n \u00a0el\u00a0 14 de\u00a0 setiembre. Las actividades se desarrollar\u00e1n en General Acha&hellip;","_links":{"self":[{"href":"https:\/\/diariofemenino.com.ar\/df\/wp-json\/wp\/v2\/posts\/24754","targetHints":{"allow":["GET"]}}],"collection":[{"href":"https:\/\/diariofemenino.com.ar\/df\/wp-json\/wp\/v2\/posts"}],"about":[{"href":"https:\/\/diariofemenino.com.ar\/df\/wp-json\/wp\/v2\/types\/post"}],"author":[{"embeddable":true,"href":"https:\/\/diariofemenino.com.ar\/df\/wp-json\/wp\/v2\/users\/1"}],"replies":[{"embeddable":true,"href":"https:\/\/diariofemenino.com.ar\/df\/wp-json\/wp\/v2\/comments?post=24754"}],"version-history":[{"count":0,"href":"https:\/\/diariofemenino.com.ar\/df\/wp-json\/wp\/v2\/posts\/24754\/revisions"}],"wp:attachment":[{"href":"https:\/\/diariofemenino.com.ar\/df\/wp-json\/wp\/v2\/media?parent=24754"}],"wp:term":[{"taxonomy":"category","embeddable":true,"href":"https:\/\/diariofemenino.com.ar\/df\/wp-json\/wp\/v2\/categories?post=24754"},{"taxonomy":"post_tag","embeddable":true,"href":"https:\/\/diariofemenino.com.ar\/df\/wp-json\/wp\/v2\/tags?post=24754"}],"curies":[{"name":"wp","href":"https:\/\/api.w.org\/{rel}","templated":true}]}}