{"id":24741,"date":"2016-09-12T18:53:11","date_gmt":"2016-09-12T21:53:11","guid":{"rendered":"http:\/\/www.diariofemenino.com.ar\/?p=24741"},"modified":"2016-09-12T18:53:11","modified_gmt":"2016-09-12T21:53:11","slug":"alto-porcentaje-de-mujeres-de-parana-admite-sufrir-violencia-de-genero","status":"publish","type":"post","link":"https:\/\/diariofemenino.com.ar\/df\/alto-porcentaje-de-mujeres-de-parana-admite-sufrir-violencia-de-genero\/","title":{"rendered":"Alto porcentaje de mujeres de Paran\u00e1 admite sufrir violencia de g\u00e9nero"},"content":{"rendered":"<p><span style=\"color: #000000;\">Una de las preguntas que se les hizo, en la encuesta encarada por Subsecretar\u00eda Municipal de la Mujer, fue si hab\u00edan sufrido alguna vez una situaci\u00f3n de violencia. El 51% de las mujeres respondi\u00f3 que no y un 48% que s\u00ed. Sin embargo, cuando se les pregunt\u00f3 espec\u00edficamente si hab\u00edan sufrido por parte de los hombres acoso callejero, violencia verbal, celos excesivos, control, bromas hirientes, insultos, etc., los n\u00fameros cambiaron y el porcentaje se elev\u00f3.<\/span><br \/>\n<figure id=\"attachment_24742\" aria-describedby=\"caption-attachment-24742\" style=\"width: 348px\" class=\"wp-caption alignnone\"><a href=\"http:\/\/www.diariofemenino.com.ar\/wp-content\/uploads\/VG.jpg\"><img loading=\"lazy\" decoding=\"async\" class=\"size-full wp-image-24742\" alt=\"Alto porcentaje de mujeres de Paran\u00e1 admite sufrir violencia de g\u00e9nero\" src=\"http:\/\/www.diariofemenino.com.ar\/wp-content\/uploads\/VG.jpg\" width=\"348\" height=\"231\" \/><\/a><figcaption id=\"caption-attachment-24742\" class=\"wp-caption-text\">Alto porcentaje de mujeres de Paran\u00e1 admite sufrir violencia de g\u00e9nero<\/figcaption><\/figure><br \/>\n<span style=\"color: #000000;\">El 82% de las mujeres de entre 19 a 35 a\u00f1os admitieron que sufrieron este tipo de violencia, el 75,9% (de entre 36 a 59 a\u00f1os), tambi\u00e9n dijeron que hab\u00edan sido v\u00edctimas de ello y el 63% de las adultas mayores de 60 a\u00f1os tambi\u00e9n afirmaron haber sufrido estos malos tratos.<\/span><br \/>\n<span style=\"color: #000000;\">Casos t\u00edpicos. \u00bfTu pareja te controla o no te deja salir con determinada ropa? \u00bfSe enoja si sal\u00eds con tus amigas? \u00bfSe cela en exceso? \u00bfTe hace bromas hirientes? \u00bfTe trata de tonta?, son algunas de las situaciones que configuran violencia de g\u00e9nero.<\/span><br \/>\n<span style=\"color: #000000;\">La subsecretaria de la Mujer, Graciela M\u00e1ntaras, detall\u00f3 que \u201ccuando se habla de violencia de g\u00e9nero, la mayor\u00eda de las mujeres piensan solamente en violencia f\u00edsica, pero hay muchas otras modalidades de relaci\u00f3n que tambi\u00e9n son violentas\u201d.<\/span><br \/>\n<span style=\"color: #000000;\">\u201cMuchas mujeres no piensan que cuando su pareja les quita el celular, las empuja, las controla o cuando en la calle le dicen cosas ofensivas, las manosean en los colectivos, etc., no es violencia, pero s\u00ed lo es. Hay muchas conductas que se han naturalizado, pero hoy estamos trabajando para que la mujer deje de pensar en estas cuestiones como algo normal y empiece a visualizarlas como lo que realmente es: violencia de g\u00e9nero\u201d, explic\u00f3 M\u00e1ntaras.<\/span><br \/>\n<span style=\"color: #000000;\"><strong>Acciones.<\/strong> <\/span><br \/>\n<span style=\"color: #000000;\">La Municipalidad de Paran\u00e1 tambi\u00e9n dio cuenta de otras acciones que se est\u00e1n realizando en cuanto a la violencia contra la mujer.<\/span><br \/>\n<span style=\"color: #000000;\">Entre ellas, inform\u00f3 que se est\u00e1 sumando el asesoramiento y atenci\u00f3n de grupos de contenci\u00f3n psicol\u00f3gica para que las mujeres puedan ir trabajando y procesando sus propias situaciones.<\/span><br \/>\n<span style=\"color: #000000;\">Tambi\u00e9n que est\u00e1 a pr\u00f3xima a darse a conocer la campa\u00f1a de concientizaci\u00f3n sobre el acoso sexual callejero, puntualmente en el transporte p\u00fablico, para que las mujeres puedan denunciar cuando sufren este tipo de situaciones.<\/span><br \/>\n<span style=\"color: #000000;\">Otra campa\u00f1a que est\u00e1 a punto de lanzarse es la denominada Violent\u00f3metro, que apunta a la visualizaci\u00f3n de las diferentes formas de violencia, desde las m\u00e1s sutiles a las m\u00e1s severas. Ser\u00e1 de distribuci\u00f3n masiva en escuelas, centros de salud, oficinas p\u00fablicas, salas de espera de consultorios y en todos aquellos lugares donde la Subsecretar\u00eda llegue con sus talleres de concientizaci\u00f3n y prevenci\u00f3n de violencia.<\/span><br \/>\n<span style=\"color: #000000;\">Acuerdo. En varias localidades del pa\u00eds se est\u00e1 llevando adelante un trabajo de atenci\u00f3n y reeducaci\u00f3n emocional del hombre violento. La Municipalidad de Santa Fe viene aplicando esta metodolog\u00eda desde el a\u00f1o 2014 y desde la Subsecretar\u00eda de la Mujer de Paran\u00e1 se est\u00e1 trabajando en el marco de un acuerdo bilateral para capacitar juntos a los equipos de ambos municipios y tener una misma l\u00ednea de trabajo.<\/span><br \/>\n<span style=\"color: #000000;\">En vecina ciudad el m\u00e9todo contempla no tratar al hombre como un victimario sino como una v\u00edctima de la cultura machista. No lo consideran un enfermo sino una persona que no aprendi\u00f3 a manejar sus emocione, trabajando entonces es su reeducaci\u00f3n emocional.<\/span><br \/>\n<strong><span style=\"color: #000000;\">Sitios donde se puede acudir<\/span><\/strong><br \/>\n<span style=\"color: #000000;\">Llamar al 911 en caso de emergencia (agresi\u00f3n f\u00edsica o amenaza grave).<\/span><br \/>\n<span style=\"color: #000000;\">Hacer la denuncia en la Polic\u00eda, que tiene la obligaci\u00f3n de tomarla y elevarla a la Fiscal\u00eda dentro de las 24 horas; o denunciar directamente en la Fiscal\u00eda de g\u00e9nero y abuso sexual.<\/span><br \/>\n<span style=\"color: #000000;\">Asesorarse legalmente llamando al 144 (l\u00ednea nacional para informaci\u00f3n).<\/span><br \/>\n<span style=\"color: #000000;\">Otros lugares a donde recurrir son: Subsecretar\u00eda de la Mujer de la Municipalidad de Paran\u00e1, 4344766\/4340228, de 8 a 13.<\/span><br \/>\n<span style=\"color: #000000;\">Casa de las Mujeres de Paran\u00e1, 4201851 (las 24 horas)<\/span><br \/>\n<span style=\"color: #000000;\">Unidad Fiscal de G\u00e9nero, 4209390.<\/span><br \/>\n<span style=\"color: #000000;\">Subsecretar\u00eda de la Mujer de la Provincia, tel\u00e9fono: 4208826.<\/span><br \/>\n<span style=\"color: #000000;\">Programa de prevenci\u00f3n y abordaje de la violencia social, 4209658.<\/span><br \/>\n<span style=\"color: #000000;\">Direcci\u00f3n General de Asistencia a la V\u00edctima del Delito, 4221808\/4208196.<\/span><br \/>\n<span style=\"color: #000000;\">En la Casa de las Mujeres se recibe la consulta espont\u00e1nea e incluso se acompa\u00f1a a la v\u00edctima a hacer la denuncia.<\/span><br \/>\n<span style=\"color: #000000;\">Tambi\u00e9n puede alojarse junto a sus hijos el tiempo que sea necesario hasta resolver la situaci\u00f3n. Un equipo t\u00e9cnico, tanto de psic\u00f3logos, trabajadores sociales y abogados estar\u00e1n acompa\u00f1ando y asesorando a las mujeres v\u00edctimas de violencia de g\u00e9nero.<\/span><br \/>\n&nbsp;<br \/>\n&nbsp;<br \/>\n<span style=\"color: #000000;\">Fuente: Enrique Stola<br \/>\ny El Diario (Paran\u00e1)<\/span><\/p>\n","protected":false},"excerpt":{"rendered":"<p>Una de las preguntas que se les hizo, en la encuesta encarada por Subsecretar\u00eda Municipal de la Mujer, fue si hab\u00edan sufrido alguna vez una situaci\u00f3n de violencia. El 51% de las mujeres respondi\u00f3 que no y un 48% que s\u00ed. Sin embargo, cuando se les pregunt\u00f3 espec\u00edficamente si hab\u00edan sufrido por parte de los [&hellip;]<\/p>\n","protected":false},"author":1,"featured_media":0,"comment_status":"open","ping_status":"open","sticky":false,"template":"","format":"standard","meta":{"iawp_total_views":1,"footnotes":""},"categories":[9,4,580],"tags":[53,30,16],"class_list":["post-24741","post","type-post","status-publish","format-standard","hentry","category-de-esi-si-se-habla","category-medios","category-resistencia-verdevioleta","tag-derechos-de-las-mujeres","tag-derechos-humanos","tag-violencia-de-genero"],"nelio_content":{"autoShareEndMode":"never","automationSources":{"useCustomSentences":false,"customSentences":[]},"efiAlt":"","efiUrl":"","followers":[],"highlights":[],"isAutoShareEnabled":true,"networkImageIds":[],"permalinkQueryArgs":[],"series":[],"suggestedReferences":[]},"yoast_head":"<!-- This site is optimized with the Yoast SEO plugin v27.4 - https:\/\/yoast.com\/product\/yoast-seo-wordpress\/ -->\n<title>Alto porcentaje de mujeres de Paran\u00e1 admite sufrir violencia de g\u00e9nero - Diario Digital Femenino<\/title>\n<meta name=\"description\" content=\"Alto porcentaje de mujeres de Paran\u00e1 admite sufrir violencia de g\u00e9nero\" \/>\n<meta name=\"robots\" content=\"index, follow, max-snippet:-1, max-image-preview:large, max-video-preview:-1\" \/>\n<link rel=\"canonical\" href=\"https:\/\/diariofemenino.com.ar\/df\/alto-porcentaje-de-mujeres-de-parana-admite-sufrir-violencia-de-genero\/\" \/>\n<meta property=\"og:locale\" content=\"es_ES\" \/>\n<meta property=\"og:type\" content=\"article\" \/>\n<meta property=\"og:title\" content=\"Alto porcentaje de mujeres de Paran\u00e1 admite sufrir violencia de g\u00e9nero - Diario Digital Femenino\" \/>\n<meta property=\"og:description\" content=\"Alto porcentaje de mujeres de Paran\u00e1 admite sufrir violencia de g\u00e9nero\" \/>\n<meta property=\"og:url\" content=\"https:\/\/diariofemenino.com.ar\/df\/alto-porcentaje-de-mujeres-de-parana-admite-sufrir-violencia-de-genero\/\" \/>\n<meta property=\"og:site_name\" content=\"Diario Digital Femenino\" \/>\n<meta property=\"article:publisher\" content=\"https:\/\/www.facebook.com\/DiarioDigitaFemenino\/\" \/>\n<meta property=\"article:published_time\" content=\"2016-09-12T21:53:11+00:00\" \/>\n<meta property=\"og:image\" content=\"http:\/\/www.diariofemenino.com.ar\/wp-content\/uploads\/VG.jpg\" \/>\n<meta name=\"author\" content=\"Admin\" \/>\n<meta name=\"twitter:card\" content=\"summary_large_image\" \/>\n<meta name=\"twitter:creator\" content=\"@DiarioFemenino1\" \/>\n<meta name=\"twitter:site\" content=\"@DiarioFemenino1\" \/>\n<meta name=\"twitter:label1\" content=\"Escrito por\" \/>\n\t<meta name=\"twitter:data1\" content=\"Admin\" \/>\n\t<meta name=\"twitter:label2\" content=\"Tiempo de lectura\" \/>\n\t<meta name=\"twitter:data2\" content=\"4 minutos\" \/>\n<script type=\"application\/ld+json\" class=\"yoast-schema-graph\">{\"@context\":\"https:\\\/\\\/schema.org\",\"@graph\":[{\"@type\":\"Article\",\"@id\":\"https:\\\/\\\/diariofemenino.com.ar\\\/df\\\/alto-porcentaje-de-mujeres-de-parana-admite-sufrir-violencia-de-genero\\\/#article\",\"isPartOf\":{\"@id\":\"https:\\\/\\\/diariofemenino.com.ar\\\/df\\\/alto-porcentaje-de-mujeres-de-parana-admite-sufrir-violencia-de-genero\\\/\"},\"author\":{\"name\":\"Admin\",\"@id\":\"https:\\\/\\\/diariofemenino.com.ar\\\/df\\\/#\\\/schema\\\/person\\\/38f54b3bfd13f561de2460ba95c169c6\"},\"headline\":\"Alto porcentaje de mujeres de Paran\u00e1 admite sufrir violencia de g\u00e9nero\",\"datePublished\":\"2016-09-12T21:53:11+00:00\",\"mainEntityOfPage\":{\"@id\":\"https:\\\/\\\/diariofemenino.com.ar\\\/df\\\/alto-porcentaje-de-mujeres-de-parana-admite-sufrir-violencia-de-genero\\\/\"},\"wordCount\":824,\"commentCount\":0,\"publisher\":{\"@id\":\"https:\\\/\\\/diariofemenino.com.ar\\\/df\\\/#organization\"},\"image\":{\"@id\":\"https:\\\/\\\/diariofemenino.com.ar\\\/df\\\/alto-porcentaje-de-mujeres-de-parana-admite-sufrir-violencia-de-genero\\\/#primaryimage\"},\"thumbnailUrl\":\"http:\\\/\\\/www.diariofemenino.com.ar\\\/wp-content\\\/uploads\\\/VG.jpg\",\"keywords\":[\"Derechos de las mujeres\",\"Derechos Humanos\",\"Violencia de g\u00e9nero\"],\"articleSection\":[\"De ESI S\u00ed Se Habla\",\"Medios\",\"Resistencia VerdeVioleta\"],\"inLanguage\":\"es\",\"potentialAction\":[{\"@type\":\"CommentAction\",\"name\":\"Comment\",\"target\":[\"https:\\\/\\\/diariofemenino.com.ar\\\/df\\\/alto-porcentaje-de-mujeres-de-parana-admite-sufrir-violencia-de-genero\\\/#respond\"]}]},{\"@type\":\"WebPage\",\"@id\":\"https:\\\/\\\/diariofemenino.com.ar\\\/df\\\/alto-porcentaje-de-mujeres-de-parana-admite-sufrir-violencia-de-genero\\\/\",\"url\":\"https:\\\/\\\/diariofemenino.com.ar\\\/df\\\/alto-porcentaje-de-mujeres-de-parana-admite-sufrir-violencia-de-genero\\\/\",\"name\":\"Alto porcentaje de mujeres de Paran\u00e1 admite sufrir violencia de g\u00e9nero - Diario Digital Femenino\",\"isPartOf\":{\"@id\":\"https:\\\/\\\/diariofemenino.com.ar\\\/df\\\/#website\"},\"primaryImageOfPage\":{\"@id\":\"https:\\\/\\\/diariofemenino.com.ar\\\/df\\\/alto-porcentaje-de-mujeres-de-parana-admite-sufrir-violencia-de-genero\\\/#primaryimage\"},\"image\":{\"@id\":\"https:\\\/\\\/diariofemenino.com.ar\\\/df\\\/alto-porcentaje-de-mujeres-de-parana-admite-sufrir-violencia-de-genero\\\/#primaryimage\"},\"thumbnailUrl\":\"http:\\\/\\\/www.diariofemenino.com.ar\\\/wp-content\\\/uploads\\\/VG.jpg\",\"datePublished\":\"2016-09-12T21:53:11+00:00\",\"description\":\"Alto porcentaje de mujeres de Paran\u00e1 admite sufrir violencia de g\u00e9nero\",\"breadcrumb\":{\"@id\":\"https:\\\/\\\/diariofemenino.com.ar\\\/df\\\/alto-porcentaje-de-mujeres-de-parana-admite-sufrir-violencia-de-genero\\\/#breadcrumb\"},\"inLanguage\":\"es\",\"potentialAction\":[{\"@type\":\"ReadAction\",\"target\":[\"https:\\\/\\\/diariofemenino.com.ar\\\/df\\\/alto-porcentaje-de-mujeres-de-parana-admite-sufrir-violencia-de-genero\\\/\"]}]},{\"@type\":\"ImageObject\",\"inLanguage\":\"es\",\"@id\":\"https:\\\/\\\/diariofemenino.com.ar\\\/df\\\/alto-porcentaje-de-mujeres-de-parana-admite-sufrir-violencia-de-genero\\\/#primaryimage\",\"url\":\"http:\\\/\\\/www.diariofemenino.com.ar\\\/wp-content\\\/uploads\\\/VG.jpg\",\"contentUrl\":\"http:\\\/\\\/www.diariofemenino.com.ar\\\/wp-content\\\/uploads\\\/VG.jpg\"},{\"@type\":\"BreadcrumbList\",\"@id\":\"https:\\\/\\\/diariofemenino.com.ar\\\/df\\\/alto-porcentaje-de-mujeres-de-parana-admite-sufrir-violencia-de-genero\\\/#breadcrumb\",\"itemListElement\":[{\"@type\":\"ListItem\",\"position\":1,\"name\":\"Portada\",\"item\":\"https:\\\/\\\/diariofemenino.com.ar\\\/df\\\/\"},{\"@type\":\"ListItem\",\"position\":2,\"name\":\"Alto porcentaje de mujeres de Paran\u00e1 admite sufrir violencia de g\u00e9nero\"}]},{\"@type\":\"WebSite\",\"@id\":\"https:\\\/\\\/diariofemenino.com.ar\\\/df\\\/#website\",\"url\":\"https:\\\/\\\/diariofemenino.com.ar\\\/df\\\/\",\"name\":\"Diario Digital Femenino\",\"description\":\"Cuesti\u00f3n de G\u00e9nero\",\"publisher\":{\"@id\":\"https:\\\/\\\/diariofemenino.com.ar\\\/df\\\/#organization\"},\"potentialAction\":[{\"@type\":\"SearchAction\",\"target\":{\"@type\":\"EntryPoint\",\"urlTemplate\":\"https:\\\/\\\/diariofemenino.com.ar\\\/df\\\/?s={search_term_string}\"},\"query-input\":{\"@type\":\"PropertyValueSpecification\",\"valueRequired\":true,\"valueName\":\"search_term_string\"}}],\"inLanguage\":\"es\"},{\"@type\":\"Organization\",\"@id\":\"https:\\\/\\\/diariofemenino.com.ar\\\/df\\\/#organization\",\"name\":\"Diario Femenino\",\"url\":\"https:\\\/\\\/diariofemenino.com.ar\\\/df\\\/\",\"logo\":{\"@type\":\"ImageObject\",\"inLanguage\":\"es\",\"@id\":\"https:\\\/\\\/diariofemenino.com.ar\\\/df\\\/#\\\/schema\\\/logo\\\/image\\\/\",\"url\":\"https:\\\/\\\/diariofemenino.com.ar\\\/df\\\/wp-content\\\/uploads\\\/2018\\\/10\\\/logo.png\",\"contentUrl\":\"https:\\\/\\\/diariofemenino.com.ar\\\/df\\\/wp-content\\\/uploads\\\/2018\\\/10\\\/logo.png\",\"width\":500,\"height\":92,\"caption\":\"Diario Femenino\"},\"image\":{\"@id\":\"https:\\\/\\\/diariofemenino.com.ar\\\/df\\\/#\\\/schema\\\/logo\\\/image\\\/\"},\"sameAs\":[\"https:\\\/\\\/www.facebook.com\\\/DiarioDigitaFemenino\\\/\",\"https:\\\/\\\/x.com\\\/DiarioFemenino1\"]},{\"@type\":\"Person\",\"@id\":\"https:\\\/\\\/diariofemenino.com.ar\\\/df\\\/#\\\/schema\\\/person\\\/38f54b3bfd13f561de2460ba95c169c6\",\"name\":\"Admin\",\"image\":{\"@type\":\"ImageObject\",\"inLanguage\":\"es\",\"@id\":\"https:\\\/\\\/diariofemenino.com.ar\\\/df\\\/wp-content\\\/uploads\\\/2018\\\/12\\\/favicon-150x150.jpg\",\"url\":\"https:\\\/\\\/diariofemenino.com.ar\\\/df\\\/wp-content\\\/uploads\\\/2018\\\/12\\\/favicon-150x150.jpg\",\"contentUrl\":\"https:\\\/\\\/diariofemenino.com.ar\\\/df\\\/wp-content\\\/uploads\\\/2018\\\/12\\\/favicon-150x150.jpg\",\"caption\":\"Admin\"},\"url\":\"https:\\\/\\\/diariofemenino.com.ar\\\/df\\\/author\\\/adm18df\\\/\"}]}<\/script>\n<!-- \/ Yoast SEO plugin. -->","yoast_head_json":{"title":"Alto porcentaje de mujeres de Paran\u00e1 admite sufrir violencia de g\u00e9nero - Diario Digital Femenino","description":"Alto porcentaje de mujeres de Paran\u00e1 admite sufrir violencia de g\u00e9nero","robots":{"index":"index","follow":"follow","max-snippet":"max-snippet:-1","max-image-preview":"max-image-preview:large","max-video-preview":"max-video-preview:-1"},"canonical":"https:\/\/diariofemenino.com.ar\/df\/alto-porcentaje-de-mujeres-de-parana-admite-sufrir-violencia-de-genero\/","og_locale":"es_ES","og_type":"article","og_title":"Alto porcentaje de mujeres de Paran\u00e1 admite sufrir violencia de g\u00e9nero - Diario Digital Femenino","og_description":"Alto porcentaje de mujeres de Paran\u00e1 admite sufrir violencia de g\u00e9nero","og_url":"https:\/\/diariofemenino.com.ar\/df\/alto-porcentaje-de-mujeres-de-parana-admite-sufrir-violencia-de-genero\/","og_site_name":"Diario Digital Femenino","article_publisher":"https:\/\/www.facebook.com\/DiarioDigitaFemenino\/","article_published_time":"2016-09-12T21:53:11+00:00","og_image":[{"url":"http:\/\/www.diariofemenino.com.ar\/wp-content\/uploads\/VG.jpg","type":"","width":"","height":""}],"author":"Admin","twitter_card":"summary_large_image","twitter_creator":"@DiarioFemenino1","twitter_site":"@DiarioFemenino1","twitter_misc":{"Escrito por":"Admin","Tiempo de lectura":"4 minutos"},"schema":{"@context":"https:\/\/schema.org","@graph":[{"@type":"Article","@id":"https:\/\/diariofemenino.com.ar\/df\/alto-porcentaje-de-mujeres-de-parana-admite-sufrir-violencia-de-genero\/#article","isPartOf":{"@id":"https:\/\/diariofemenino.com.ar\/df\/alto-porcentaje-de-mujeres-de-parana-admite-sufrir-violencia-de-genero\/"},"author":{"name":"Admin","@id":"https:\/\/diariofemenino.com.ar\/df\/#\/schema\/person\/38f54b3bfd13f561de2460ba95c169c6"},"headline":"Alto porcentaje de mujeres de Paran\u00e1 admite sufrir violencia de g\u00e9nero","datePublished":"2016-09-12T21:53:11+00:00","mainEntityOfPage":{"@id":"https:\/\/diariofemenino.com.ar\/df\/alto-porcentaje-de-mujeres-de-parana-admite-sufrir-violencia-de-genero\/"},"wordCount":824,"commentCount":0,"publisher":{"@id":"https:\/\/diariofemenino.com.ar\/df\/#organization"},"image":{"@id":"https:\/\/diariofemenino.com.ar\/df\/alto-porcentaje-de-mujeres-de-parana-admite-sufrir-violencia-de-genero\/#primaryimage"},"thumbnailUrl":"http:\/\/www.diariofemenino.com.ar\/wp-content\/uploads\/VG.jpg","keywords":["Derechos de las mujeres","Derechos Humanos","Violencia de g\u00e9nero"],"articleSection":["De ESI S\u00ed Se Habla","Medios","Resistencia VerdeVioleta"],"inLanguage":"es","potentialAction":[{"@type":"CommentAction","name":"Comment","target":["https:\/\/diariofemenino.com.ar\/df\/alto-porcentaje-de-mujeres-de-parana-admite-sufrir-violencia-de-genero\/#respond"]}]},{"@type":"WebPage","@id":"https:\/\/diariofemenino.com.ar\/df\/alto-porcentaje-de-mujeres-de-parana-admite-sufrir-violencia-de-genero\/","url":"https:\/\/diariofemenino.com.ar\/df\/alto-porcentaje-de-mujeres-de-parana-admite-sufrir-violencia-de-genero\/","name":"Alto porcentaje de mujeres de Paran\u00e1 admite sufrir violencia de g\u00e9nero - Diario Digital Femenino","isPartOf":{"@id":"https:\/\/diariofemenino.com.ar\/df\/#website"},"primaryImageOfPage":{"@id":"https:\/\/diariofemenino.com.ar\/df\/alto-porcentaje-de-mujeres-de-parana-admite-sufrir-violencia-de-genero\/#primaryimage"},"image":{"@id":"https:\/\/diariofemenino.com.ar\/df\/alto-porcentaje-de-mujeres-de-parana-admite-sufrir-violencia-de-genero\/#primaryimage"},"thumbnailUrl":"http:\/\/www.diariofemenino.com.ar\/wp-content\/uploads\/VG.jpg","datePublished":"2016-09-12T21:53:11+00:00","description":"Alto porcentaje de mujeres de Paran\u00e1 admite sufrir violencia de g\u00e9nero","breadcrumb":{"@id":"https:\/\/diariofemenino.com.ar\/df\/alto-porcentaje-de-mujeres-de-parana-admite-sufrir-violencia-de-genero\/#breadcrumb"},"inLanguage":"es","potentialAction":[{"@type":"ReadAction","target":["https:\/\/diariofemenino.com.ar\/df\/alto-porcentaje-de-mujeres-de-parana-admite-sufrir-violencia-de-genero\/"]}]},{"@type":"ImageObject","inLanguage":"es","@id":"https:\/\/diariofemenino.com.ar\/df\/alto-porcentaje-de-mujeres-de-parana-admite-sufrir-violencia-de-genero\/#primaryimage","url":"http:\/\/www.diariofemenino.com.ar\/wp-content\/uploads\/VG.jpg","contentUrl":"http:\/\/www.diariofemenino.com.ar\/wp-content\/uploads\/VG.jpg"},{"@type":"BreadcrumbList","@id":"https:\/\/diariofemenino.com.ar\/df\/alto-porcentaje-de-mujeres-de-parana-admite-sufrir-violencia-de-genero\/#breadcrumb","itemListElement":[{"@type":"ListItem","position":1,"name":"Portada","item":"https:\/\/diariofemenino.com.ar\/df\/"},{"@type":"ListItem","position":2,"name":"Alto porcentaje de mujeres de Paran\u00e1 admite sufrir violencia de g\u00e9nero"}]},{"@type":"WebSite","@id":"https:\/\/diariofemenino.com.ar\/df\/#website","url":"https:\/\/diariofemenino.com.ar\/df\/","name":"Diario Digital Femenino","description":"Cuesti\u00f3n de G\u00e9nero","publisher":{"@id":"https:\/\/diariofemenino.com.ar\/df\/#organization"},"potentialAction":[{"@type":"SearchAction","target":{"@type":"EntryPoint","urlTemplate":"https:\/\/diariofemenino.com.ar\/df\/?s={search_term_string}"},"query-input":{"@type":"PropertyValueSpecification","valueRequired":true,"valueName":"search_term_string"}}],"inLanguage":"es"},{"@type":"Organization","@id":"https:\/\/diariofemenino.com.ar\/df\/#organization","name":"Diario Femenino","url":"https:\/\/diariofemenino.com.ar\/df\/","logo":{"@type":"ImageObject","inLanguage":"es","@id":"https:\/\/diariofemenino.com.ar\/df\/#\/schema\/logo\/image\/","url":"https:\/\/diariofemenino.com.ar\/df\/wp-content\/uploads\/2018\/10\/logo.png","contentUrl":"https:\/\/diariofemenino.com.ar\/df\/wp-content\/uploads\/2018\/10\/logo.png","width":500,"height":92,"caption":"Diario Femenino"},"image":{"@id":"https:\/\/diariofemenino.com.ar\/df\/#\/schema\/logo\/image\/"},"sameAs":["https:\/\/www.facebook.com\/DiarioDigitaFemenino\/","https:\/\/x.com\/DiarioFemenino1"]},{"@type":"Person","@id":"https:\/\/diariofemenino.com.ar\/df\/#\/schema\/person\/38f54b3bfd13f561de2460ba95c169c6","name":"Admin","image":{"@type":"ImageObject","inLanguage":"es","@id":"https:\/\/diariofemenino.com.ar\/df\/wp-content\/uploads\/2018\/12\/favicon-150x150.jpg","url":"https:\/\/diariofemenino.com.ar\/df\/wp-content\/uploads\/2018\/12\/favicon-150x150.jpg","contentUrl":"https:\/\/diariofemenino.com.ar\/df\/wp-content\/uploads\/2018\/12\/favicon-150x150.jpg","caption":"Admin"},"url":"https:\/\/diariofemenino.com.ar\/df\/author\/adm18df\/"}]}},"jetpack_featured_media_url":"","jetpack_sharing_enabled":true,"rttpg_featured_image_url":null,"rttpg_author":{"display_name":"Admin","author_link":"https:\/\/diariofemenino.com.ar\/df\/author\/adm18df\/"},"rttpg_comment":0,"rttpg_category":"<a href=\"https:\/\/diariofemenino.com.ar\/df\/category\/de-esi-si-se-habla\/\" rel=\"category tag\">De ESI S\u00ed Se Habla<\/a> <a href=\"https:\/\/diariofemenino.com.ar\/df\/category\/medios\/\" rel=\"category tag\">Medios<\/a> <a href=\"https:\/\/diariofemenino.com.ar\/df\/category\/resistencia-verdevioleta\/\" rel=\"category tag\">Resistencia VerdeVioleta<\/a>","rttpg_excerpt":"Una de las preguntas que se les hizo, en la encuesta encarada por Subsecretar\u00eda Municipal de la Mujer, fue si hab\u00edan sufrido alguna vez una situaci\u00f3n de violencia. El 51% de las mujeres respondi\u00f3 que no y un 48% que s\u00ed. Sin embargo, cuando se les pregunt\u00f3 espec\u00edficamente si hab\u00edan sufrido por parte de los&hellip;","_links":{"self":[{"href":"https:\/\/diariofemenino.com.ar\/df\/wp-json\/wp\/v2\/posts\/24741","targetHints":{"allow":["GET"]}}],"collection":[{"href":"https:\/\/diariofemenino.com.ar\/df\/wp-json\/wp\/v2\/posts"}],"about":[{"href":"https:\/\/diariofemenino.com.ar\/df\/wp-json\/wp\/v2\/types\/post"}],"author":[{"embeddable":true,"href":"https:\/\/diariofemenino.com.ar\/df\/wp-json\/wp\/v2\/users\/1"}],"replies":[{"embeddable":true,"href":"https:\/\/diariofemenino.com.ar\/df\/wp-json\/wp\/v2\/comments?post=24741"}],"version-history":[{"count":0,"href":"https:\/\/diariofemenino.com.ar\/df\/wp-json\/wp\/v2\/posts\/24741\/revisions"}],"wp:attachment":[{"href":"https:\/\/diariofemenino.com.ar\/df\/wp-json\/wp\/v2\/media?parent=24741"}],"wp:term":[{"taxonomy":"category","embeddable":true,"href":"https:\/\/diariofemenino.com.ar\/df\/wp-json\/wp\/v2\/categories?post=24741"},{"taxonomy":"post_tag","embeddable":true,"href":"https:\/\/diariofemenino.com.ar\/df\/wp-json\/wp\/v2\/tags?post=24741"}],"curies":[{"name":"wp","href":"https:\/\/api.w.org\/{rel}","templated":true}]}}