{"id":24657,"date":"2016-08-30T17:29:27","date_gmt":"2016-08-30T20:29:27","guid":{"rendered":"http:\/\/www.diariofemenino.com.ar\/?p=24657"},"modified":"2016-08-30T17:29:27","modified_gmt":"2016-08-30T20:29:27","slug":"la-culpa-es-de-analaura","status":"publish","type":"post","link":"https:\/\/diariofemenino.com.ar\/df\/la-culpa-es-de-analaura\/","title":{"rendered":"La culpa es de AnaLaura"},"content":{"rendered":"<p><span style=\"color: #000000;\">\u00abDos historias reales, paralelas, atascadas en la redundancia c\u00edclica de la imb\u00e9cil t\u00f3mbola sociocultural. Cegueras impuestas, autoimpuestas, tiempo, y el azar&#8230; Consuelo de bobos&#8230; La culpa es de AnaLaura&#8230; una caricia a la fibra m\u00e1s \u00edntima de tus sentidos&#8230; Deber\u00edas saber por qu\u00e9&#8230;\u00bb<\/span><br \/>\n<figure id=\"attachment_24658\" aria-describedby=\"caption-attachment-24658\" style=\"width: 311px\" class=\"wp-caption alignnone\"><a href=\"http:\/\/www.diariofemenino.com.ar\/wp-content\/uploads\/14079535_517329311798337_2480870330481427691_n.jpg\"><img loading=\"lazy\" decoding=\"async\" class=\"size-full wp-image-24658\" alt=\"La culpa es de AnaLaura\" src=\"http:\/\/www.diariofemenino.com.ar\/wp-content\/uploads\/14079535_517329311798337_2480870330481427691_n.jpg\" width=\"311\" height=\"395\" \/><\/a><figcaption id=\"caption-attachment-24658\" class=\"wp-caption-text\">La culpa es de AnaLaura<\/figcaption><\/figure><br \/>\n<span style=\"color: #000000;\">Con libro e interpretaci\u00f3n de Ana Santa Marta y Laura Acu\u00f1a, y direcci\u00f3n de\u00a0Facundo Morales, <\/span><strong>L<\/strong><strong>a Culpa es de AnaLaura<\/strong>&#8230; <span style=\"color: #000000;\">se presenta en septiembre en ATTP<\/span> (<span style=\"color: #000000;\">Bolivia y Dr. Jos\u00e9 Luro &#8211; Santa Rosa<\/span>)\u00a0<span style=\"color: #000000;\">el viernes 2 y s\u00e1bado 3 \u00a0alas \u00a021.30 Hs.\u00a0<\/span><br \/>\n<span style=\"color: #000000;\">La<strong> Secretar\u00eda de la Mujer<\/strong>\u00a0del gobierno de La Pampa invita a compartir dos historias reales y paralelas, que nos ayudan a reconocer y dar importancia al problema de la violencia de g\u00e9nero. Ana y Laura, actrices y autoras, nos instan a crear otras realidades que no generen violencia.<\/span><br \/>\n_____________________________<br \/>\n<span style=\"color: #000000;\">El Aporte de datos sobre femicidios en La Pampa fue realizado por Walter Brandimarte. La escenograf\u00eda y dise\u00f1o sonoro est\u00e1n a cargo de Facundo Morales. Laura Acu\u00f1a \u00a0cumple el rol de asistente de direcci\u00f3n; el dise\u00f1o gr\u00e1fico es de Ana Santa Marta y Marcela Faus; la fotograf\u00eda y el video son obra de\u00a0Pilmaiqu\u00e9n De La Cruz. Pely Malga es quien se ocupa del monitor de obra y de la producci\u00f3n ejecutiva.<\/span><br \/>\n<em id=\"__mceDel\"><span style=\"color: #000000;\">Entradas Anticipadas con Descuento.<\/span>\u00a0<\/em><span style=\"color: #000000;\"><em id=\"__mceDel\"><br \/>\n<\/em><em id=\"__mceDel\">RESERVAS 02954 &#8211; 15 44 85 50 o desde la p\u00e1gina:<\/em><\/span><span style=\"color: #000000;\"><em id=\"__mceDel\">\u00a0<a href=\"https:\/\/www.facebook.com\/analauraproducciones\/\">https:\/\/www.facebook.com\/analauraproducciones\/<\/a>\u00a0<\/em><\/span><br \/>\n&nbsp;<\/p>\n","protected":false},"excerpt":{"rendered":"<p>\u00abDos historias reales, paralelas, atascadas en la redundancia c\u00edclica de la imb\u00e9cil t\u00f3mbola sociocultural. Cegueras impuestas, autoimpuestas, tiempo, y el azar&#8230; Consuelo de bobos&#8230; La culpa es de AnaLaura&#8230; una caricia a la fibra m\u00e1s \u00edntima de tus sentidos&#8230; Deber\u00edas saber por qu\u00e9&#8230;\u00bb Con libro e interpretaci\u00f3n de Ana Santa Marta y Laura Acu\u00f1a, y [&hellip;]<\/p>\n","protected":false},"author":1,"featured_media":0,"comment_status":"open","ping_status":"open","sticky":false,"template":"","format":"standard","meta":{"iawp_total_views":3,"footnotes":""},"categories":[7,9,5],"tags":[64,76,16],"class_list":["post-24657","post","type-post","status-publish","format-standard","hentry","category-actividades","category-de-esi-si-se-habla","category-historias-de-vida","tag-arte","tag-teatro","tag-violencia-de-genero"],"nelio_content":{"autoShareEndMode":"never","automationSources":{"useCustomSentences":false,"customSentences":[]},"efiAlt":"","efiUrl":"","followers":[],"highlights":[],"isAutoShareEnabled":true,"networkImageIds":[],"permalinkQueryArgs":[],"series":[],"suggestedReferences":[]},"yoast_head":"<!-- This site is optimized with the Yoast SEO plugin v27.4 - https:\/\/yoast.com\/product\/yoast-seo-wordpress\/ -->\n<title>La culpa es de AnaLaura - Diario Digital Femenino<\/title>\n<meta name=\"description\" content=\"La culpa es de AnaLaura. Teatro: dos historias reales y paralelas, que nos ayudan a reconocer y dar importancia al problema de la violencia de g\u00e9nero.\" \/>\n<meta name=\"robots\" content=\"index, follow, max-snippet:-1, max-image-preview:large, max-video-preview:-1\" \/>\n<link rel=\"canonical\" href=\"https:\/\/diariofemenino.com.ar\/df\/la-culpa-es-de-analaura\/\" \/>\n<meta property=\"og:locale\" content=\"es_ES\" \/>\n<meta property=\"og:type\" content=\"article\" \/>\n<meta property=\"og:title\" content=\"La culpa es de AnaLaura - Diario Digital Femenino\" \/>\n<meta property=\"og:description\" content=\"La culpa es de AnaLaura. Teatro: dos historias reales y paralelas, que nos ayudan a reconocer y dar importancia al problema de la violencia de g\u00e9nero.\" \/>\n<meta property=\"og:url\" content=\"https:\/\/diariofemenino.com.ar\/df\/la-culpa-es-de-analaura\/\" \/>\n<meta property=\"og:site_name\" content=\"Diario Digital Femenino\" \/>\n<meta property=\"article:publisher\" content=\"https:\/\/www.facebook.com\/DiarioDigitaFemenino\/\" \/>\n<meta property=\"article:published_time\" content=\"2016-08-30T20:29:27+00:00\" \/>\n<meta property=\"og:image\" content=\"http:\/\/www.diariofemenino.com.ar\/wp-content\/uploads\/14079535_517329311798337_2480870330481427691_n.jpg\" \/>\n<meta name=\"author\" content=\"Admin\" \/>\n<meta name=\"twitter:card\" content=\"summary_large_image\" \/>\n<meta name=\"twitter:creator\" content=\"@DiarioFemenino1\" \/>\n<meta name=\"twitter:site\" content=\"@DiarioFemenino1\" \/>\n<meta name=\"twitter:label1\" content=\"Escrito por\" \/>\n\t<meta name=\"twitter:data1\" content=\"Admin\" \/>\n\t<meta name=\"twitter:label2\" content=\"Tiempo de lectura\" \/>\n\t<meta name=\"twitter:data2\" content=\"1 minuto\" \/>\n<script type=\"application\/ld+json\" class=\"yoast-schema-graph\">{\"@context\":\"https:\\\/\\\/schema.org\",\"@graph\":[{\"@type\":\"Article\",\"@id\":\"https:\\\/\\\/diariofemenino.com.ar\\\/df\\\/la-culpa-es-de-analaura\\\/#article\",\"isPartOf\":{\"@id\":\"https:\\\/\\\/diariofemenino.com.ar\\\/df\\\/la-culpa-es-de-analaura\\\/\"},\"author\":{\"name\":\"Admin\",\"@id\":\"https:\\\/\\\/diariofemenino.com.ar\\\/df\\\/#\\\/schema\\\/person\\\/38f54b3bfd13f561de2460ba95c169c6\"},\"headline\":\"La culpa es de AnaLaura\",\"datePublished\":\"2016-08-30T20:29:27+00:00\",\"mainEntityOfPage\":{\"@id\":\"https:\\\/\\\/diariofemenino.com.ar\\\/df\\\/la-culpa-es-de-analaura\\\/\"},\"wordCount\":261,\"commentCount\":0,\"publisher\":{\"@id\":\"https:\\\/\\\/diariofemenino.com.ar\\\/df\\\/#organization\"},\"image\":{\"@id\":\"https:\\\/\\\/diariofemenino.com.ar\\\/df\\\/la-culpa-es-de-analaura\\\/#primaryimage\"},\"thumbnailUrl\":\"http:\\\/\\\/www.diariofemenino.com.ar\\\/wp-content\\\/uploads\\\/14079535_517329311798337_2480870330481427691_n.jpg\",\"keywords\":[\"Arte\",\"Teatro\",\"Violencia de g\u00e9nero\"],\"articleSection\":[\"Actividades\",\"De ESI S\u00ed Se Habla\",\"Historias de vida\"],\"inLanguage\":\"es\",\"potentialAction\":[{\"@type\":\"CommentAction\",\"name\":\"Comment\",\"target\":[\"https:\\\/\\\/diariofemenino.com.ar\\\/df\\\/la-culpa-es-de-analaura\\\/#respond\"]}]},{\"@type\":\"WebPage\",\"@id\":\"https:\\\/\\\/diariofemenino.com.ar\\\/df\\\/la-culpa-es-de-analaura\\\/\",\"url\":\"https:\\\/\\\/diariofemenino.com.ar\\\/df\\\/la-culpa-es-de-analaura\\\/\",\"name\":\"La culpa es de AnaLaura - Diario Digital Femenino\",\"isPartOf\":{\"@id\":\"https:\\\/\\\/diariofemenino.com.ar\\\/df\\\/#website\"},\"primaryImageOfPage\":{\"@id\":\"https:\\\/\\\/diariofemenino.com.ar\\\/df\\\/la-culpa-es-de-analaura\\\/#primaryimage\"},\"image\":{\"@id\":\"https:\\\/\\\/diariofemenino.com.ar\\\/df\\\/la-culpa-es-de-analaura\\\/#primaryimage\"},\"thumbnailUrl\":\"http:\\\/\\\/www.diariofemenino.com.ar\\\/wp-content\\\/uploads\\\/14079535_517329311798337_2480870330481427691_n.jpg\",\"datePublished\":\"2016-08-30T20:29:27+00:00\",\"description\":\"La culpa es de AnaLaura. Teatro: dos historias reales y paralelas, que nos ayudan a reconocer y dar importancia al problema de la violencia de g\u00e9nero.\",\"breadcrumb\":{\"@id\":\"https:\\\/\\\/diariofemenino.com.ar\\\/df\\\/la-culpa-es-de-analaura\\\/#breadcrumb\"},\"inLanguage\":\"es\",\"potentialAction\":[{\"@type\":\"ReadAction\",\"target\":[\"https:\\\/\\\/diariofemenino.com.ar\\\/df\\\/la-culpa-es-de-analaura\\\/\"]}]},{\"@type\":\"ImageObject\",\"inLanguage\":\"es\",\"@id\":\"https:\\\/\\\/diariofemenino.com.ar\\\/df\\\/la-culpa-es-de-analaura\\\/#primaryimage\",\"url\":\"http:\\\/\\\/www.diariofemenino.com.ar\\\/wp-content\\\/uploads\\\/14079535_517329311798337_2480870330481427691_n.jpg\",\"contentUrl\":\"http:\\\/\\\/www.diariofemenino.com.ar\\\/wp-content\\\/uploads\\\/14079535_517329311798337_2480870330481427691_n.jpg\"},{\"@type\":\"BreadcrumbList\",\"@id\":\"https:\\\/\\\/diariofemenino.com.ar\\\/df\\\/la-culpa-es-de-analaura\\\/#breadcrumb\",\"itemListElement\":[{\"@type\":\"ListItem\",\"position\":1,\"name\":\"Portada\",\"item\":\"https:\\\/\\\/diariofemenino.com.ar\\\/df\\\/\"},{\"@type\":\"ListItem\",\"position\":2,\"name\":\"La culpa es de AnaLaura\"}]},{\"@type\":\"WebSite\",\"@id\":\"https:\\\/\\\/diariofemenino.com.ar\\\/df\\\/#website\",\"url\":\"https:\\\/\\\/diariofemenino.com.ar\\\/df\\\/\",\"name\":\"Diario Digital Femenino\",\"description\":\"Cuesti\u00f3n de G\u00e9nero\",\"publisher\":{\"@id\":\"https:\\\/\\\/diariofemenino.com.ar\\\/df\\\/#organization\"},\"potentialAction\":[{\"@type\":\"SearchAction\",\"target\":{\"@type\":\"EntryPoint\",\"urlTemplate\":\"https:\\\/\\\/diariofemenino.com.ar\\\/df\\\/?s={search_term_string}\"},\"query-input\":{\"@type\":\"PropertyValueSpecification\",\"valueRequired\":true,\"valueName\":\"search_term_string\"}}],\"inLanguage\":\"es\"},{\"@type\":\"Organization\",\"@id\":\"https:\\\/\\\/diariofemenino.com.ar\\\/df\\\/#organization\",\"name\":\"Diario Femenino\",\"url\":\"https:\\\/\\\/diariofemenino.com.ar\\\/df\\\/\",\"logo\":{\"@type\":\"ImageObject\",\"inLanguage\":\"es\",\"@id\":\"https:\\\/\\\/diariofemenino.com.ar\\\/df\\\/#\\\/schema\\\/logo\\\/image\\\/\",\"url\":\"https:\\\/\\\/diariofemenino.com.ar\\\/df\\\/wp-content\\\/uploads\\\/2018\\\/10\\\/logo.png\",\"contentUrl\":\"https:\\\/\\\/diariofemenino.com.ar\\\/df\\\/wp-content\\\/uploads\\\/2018\\\/10\\\/logo.png\",\"width\":500,\"height\":92,\"caption\":\"Diario Femenino\"},\"image\":{\"@id\":\"https:\\\/\\\/diariofemenino.com.ar\\\/df\\\/#\\\/schema\\\/logo\\\/image\\\/\"},\"sameAs\":[\"https:\\\/\\\/www.facebook.com\\\/DiarioDigitaFemenino\\\/\",\"https:\\\/\\\/x.com\\\/DiarioFemenino1\"]},{\"@type\":\"Person\",\"@id\":\"https:\\\/\\\/diariofemenino.com.ar\\\/df\\\/#\\\/schema\\\/person\\\/38f54b3bfd13f561de2460ba95c169c6\",\"name\":\"Admin\",\"image\":{\"@type\":\"ImageObject\",\"inLanguage\":\"es\",\"@id\":\"https:\\\/\\\/diariofemenino.com.ar\\\/df\\\/wp-content\\\/uploads\\\/2018\\\/12\\\/favicon-150x150.jpg\",\"url\":\"https:\\\/\\\/diariofemenino.com.ar\\\/df\\\/wp-content\\\/uploads\\\/2018\\\/12\\\/favicon-150x150.jpg\",\"contentUrl\":\"https:\\\/\\\/diariofemenino.com.ar\\\/df\\\/wp-content\\\/uploads\\\/2018\\\/12\\\/favicon-150x150.jpg\",\"caption\":\"Admin\"},\"url\":\"https:\\\/\\\/diariofemenino.com.ar\\\/df\\\/author\\\/adm18df\\\/\"}]}<\/script>\n<!-- \/ Yoast SEO plugin. -->","yoast_head_json":{"title":"La culpa es de AnaLaura - Diario Digital Femenino","description":"La culpa es de AnaLaura. Teatro: dos historias reales y paralelas, que nos ayudan a reconocer y dar importancia al problema de la violencia de g\u00e9nero.","robots":{"index":"index","follow":"follow","max-snippet":"max-snippet:-1","max-image-preview":"max-image-preview:large","max-video-preview":"max-video-preview:-1"},"canonical":"https:\/\/diariofemenino.com.ar\/df\/la-culpa-es-de-analaura\/","og_locale":"es_ES","og_type":"article","og_title":"La culpa es de AnaLaura - Diario Digital Femenino","og_description":"La culpa es de AnaLaura. Teatro: dos historias reales y paralelas, que nos ayudan a reconocer y dar importancia al problema de la violencia de g\u00e9nero.","og_url":"https:\/\/diariofemenino.com.ar\/df\/la-culpa-es-de-analaura\/","og_site_name":"Diario Digital Femenino","article_publisher":"https:\/\/www.facebook.com\/DiarioDigitaFemenino\/","article_published_time":"2016-08-30T20:29:27+00:00","og_image":[{"url":"http:\/\/www.diariofemenino.com.ar\/wp-content\/uploads\/14079535_517329311798337_2480870330481427691_n.jpg","type":"","width":"","height":""}],"author":"Admin","twitter_card":"summary_large_image","twitter_creator":"@DiarioFemenino1","twitter_site":"@DiarioFemenino1","twitter_misc":{"Escrito por":"Admin","Tiempo de lectura":"1 minuto"},"schema":{"@context":"https:\/\/schema.org","@graph":[{"@type":"Article","@id":"https:\/\/diariofemenino.com.ar\/df\/la-culpa-es-de-analaura\/#article","isPartOf":{"@id":"https:\/\/diariofemenino.com.ar\/df\/la-culpa-es-de-analaura\/"},"author":{"name":"Admin","@id":"https:\/\/diariofemenino.com.ar\/df\/#\/schema\/person\/38f54b3bfd13f561de2460ba95c169c6"},"headline":"La culpa es de AnaLaura","datePublished":"2016-08-30T20:29:27+00:00","mainEntityOfPage":{"@id":"https:\/\/diariofemenino.com.ar\/df\/la-culpa-es-de-analaura\/"},"wordCount":261,"commentCount":0,"publisher":{"@id":"https:\/\/diariofemenino.com.ar\/df\/#organization"},"image":{"@id":"https:\/\/diariofemenino.com.ar\/df\/la-culpa-es-de-analaura\/#primaryimage"},"thumbnailUrl":"http:\/\/www.diariofemenino.com.ar\/wp-content\/uploads\/14079535_517329311798337_2480870330481427691_n.jpg","keywords":["Arte","Teatro","Violencia de g\u00e9nero"],"articleSection":["Actividades","De ESI S\u00ed Se Habla","Historias de vida"],"inLanguage":"es","potentialAction":[{"@type":"CommentAction","name":"Comment","target":["https:\/\/diariofemenino.com.ar\/df\/la-culpa-es-de-analaura\/#respond"]}]},{"@type":"WebPage","@id":"https:\/\/diariofemenino.com.ar\/df\/la-culpa-es-de-analaura\/","url":"https:\/\/diariofemenino.com.ar\/df\/la-culpa-es-de-analaura\/","name":"La culpa es de AnaLaura - Diario Digital Femenino","isPartOf":{"@id":"https:\/\/diariofemenino.com.ar\/df\/#website"},"primaryImageOfPage":{"@id":"https:\/\/diariofemenino.com.ar\/df\/la-culpa-es-de-analaura\/#primaryimage"},"image":{"@id":"https:\/\/diariofemenino.com.ar\/df\/la-culpa-es-de-analaura\/#primaryimage"},"thumbnailUrl":"http:\/\/www.diariofemenino.com.ar\/wp-content\/uploads\/14079535_517329311798337_2480870330481427691_n.jpg","datePublished":"2016-08-30T20:29:27+00:00","description":"La culpa es de AnaLaura. Teatro: dos historias reales y paralelas, que nos ayudan a reconocer y dar importancia al problema de la violencia de g\u00e9nero.","breadcrumb":{"@id":"https:\/\/diariofemenino.com.ar\/df\/la-culpa-es-de-analaura\/#breadcrumb"},"inLanguage":"es","potentialAction":[{"@type":"ReadAction","target":["https:\/\/diariofemenino.com.ar\/df\/la-culpa-es-de-analaura\/"]}]},{"@type":"ImageObject","inLanguage":"es","@id":"https:\/\/diariofemenino.com.ar\/df\/la-culpa-es-de-analaura\/#primaryimage","url":"http:\/\/www.diariofemenino.com.ar\/wp-content\/uploads\/14079535_517329311798337_2480870330481427691_n.jpg","contentUrl":"http:\/\/www.diariofemenino.com.ar\/wp-content\/uploads\/14079535_517329311798337_2480870330481427691_n.jpg"},{"@type":"BreadcrumbList","@id":"https:\/\/diariofemenino.com.ar\/df\/la-culpa-es-de-analaura\/#breadcrumb","itemListElement":[{"@type":"ListItem","position":1,"name":"Portada","item":"https:\/\/diariofemenino.com.ar\/df\/"},{"@type":"ListItem","position":2,"name":"La culpa es de AnaLaura"}]},{"@type":"WebSite","@id":"https:\/\/diariofemenino.com.ar\/df\/#website","url":"https:\/\/diariofemenino.com.ar\/df\/","name":"Diario Digital Femenino","description":"Cuesti\u00f3n de G\u00e9nero","publisher":{"@id":"https:\/\/diariofemenino.com.ar\/df\/#organization"},"potentialAction":[{"@type":"SearchAction","target":{"@type":"EntryPoint","urlTemplate":"https:\/\/diariofemenino.com.ar\/df\/?s={search_term_string}"},"query-input":{"@type":"PropertyValueSpecification","valueRequired":true,"valueName":"search_term_string"}}],"inLanguage":"es"},{"@type":"Organization","@id":"https:\/\/diariofemenino.com.ar\/df\/#organization","name":"Diario Femenino","url":"https:\/\/diariofemenino.com.ar\/df\/","logo":{"@type":"ImageObject","inLanguage":"es","@id":"https:\/\/diariofemenino.com.ar\/df\/#\/schema\/logo\/image\/","url":"https:\/\/diariofemenino.com.ar\/df\/wp-content\/uploads\/2018\/10\/logo.png","contentUrl":"https:\/\/diariofemenino.com.ar\/df\/wp-content\/uploads\/2018\/10\/logo.png","width":500,"height":92,"caption":"Diario Femenino"},"image":{"@id":"https:\/\/diariofemenino.com.ar\/df\/#\/schema\/logo\/image\/"},"sameAs":["https:\/\/www.facebook.com\/DiarioDigitaFemenino\/","https:\/\/x.com\/DiarioFemenino1"]},{"@type":"Person","@id":"https:\/\/diariofemenino.com.ar\/df\/#\/schema\/person\/38f54b3bfd13f561de2460ba95c169c6","name":"Admin","image":{"@type":"ImageObject","inLanguage":"es","@id":"https:\/\/diariofemenino.com.ar\/df\/wp-content\/uploads\/2018\/12\/favicon-150x150.jpg","url":"https:\/\/diariofemenino.com.ar\/df\/wp-content\/uploads\/2018\/12\/favicon-150x150.jpg","contentUrl":"https:\/\/diariofemenino.com.ar\/df\/wp-content\/uploads\/2018\/12\/favicon-150x150.jpg","caption":"Admin"},"url":"https:\/\/diariofemenino.com.ar\/df\/author\/adm18df\/"}]}},"jetpack_featured_media_url":"","jetpack_sharing_enabled":true,"rttpg_featured_image_url":null,"rttpg_author":{"display_name":"Admin","author_link":"https:\/\/diariofemenino.com.ar\/df\/author\/adm18df\/"},"rttpg_comment":0,"rttpg_category":"<a href=\"https:\/\/diariofemenino.com.ar\/df\/category\/actividades\/\" rel=\"category tag\">Actividades<\/a> <a href=\"https:\/\/diariofemenino.com.ar\/df\/category\/de-esi-si-se-habla\/\" rel=\"category tag\">De ESI S\u00ed Se Habla<\/a> <a href=\"https:\/\/diariofemenino.com.ar\/df\/category\/historias-de-vida\/\" rel=\"category tag\">Historias de vida<\/a>","rttpg_excerpt":"\u00abDos historias reales, paralelas, atascadas en la redundancia c\u00edclica de la imb\u00e9cil t\u00f3mbola sociocultural. Cegueras impuestas, autoimpuestas, tiempo, y el azar&#8230; Consuelo de bobos&#8230; La culpa es de AnaLaura&#8230; una caricia a la fibra m\u00e1s \u00edntima de tus sentidos&#8230; Deber\u00edas saber por qu\u00e9&#8230;\u00bb Con libro e interpretaci\u00f3n de Ana Santa Marta y Laura Acu\u00f1a, y&hellip;","_links":{"self":[{"href":"https:\/\/diariofemenino.com.ar\/df\/wp-json\/wp\/v2\/posts\/24657","targetHints":{"allow":["GET"]}}],"collection":[{"href":"https:\/\/diariofemenino.com.ar\/df\/wp-json\/wp\/v2\/posts"}],"about":[{"href":"https:\/\/diariofemenino.com.ar\/df\/wp-json\/wp\/v2\/types\/post"}],"author":[{"embeddable":true,"href":"https:\/\/diariofemenino.com.ar\/df\/wp-json\/wp\/v2\/users\/1"}],"replies":[{"embeddable":true,"href":"https:\/\/diariofemenino.com.ar\/df\/wp-json\/wp\/v2\/comments?post=24657"}],"version-history":[{"count":0,"href":"https:\/\/diariofemenino.com.ar\/df\/wp-json\/wp\/v2\/posts\/24657\/revisions"}],"wp:attachment":[{"href":"https:\/\/diariofemenino.com.ar\/df\/wp-json\/wp\/v2\/media?parent=24657"}],"wp:term":[{"taxonomy":"category","embeddable":true,"href":"https:\/\/diariofemenino.com.ar\/df\/wp-json\/wp\/v2\/categories?post=24657"},{"taxonomy":"post_tag","embeddable":true,"href":"https:\/\/diariofemenino.com.ar\/df\/wp-json\/wp\/v2\/tags?post=24657"}],"curies":[{"name":"wp","href":"https:\/\/api.w.org\/{rel}","templated":true}]}}