{"id":24651,"date":"2016-08-30T16:47:12","date_gmt":"2016-08-30T19:47:12","guid":{"rendered":"http:\/\/www.diariofemenino.com.ar\/?p=24651"},"modified":"2016-08-30T16:47:12","modified_gmt":"2016-08-30T19:47:12","slug":"la-ley-ignorada","status":"publish","type":"post","link":"https:\/\/diariofemenino.com.ar\/df\/la-ley-ignorada\/","title":{"rendered":"La ley ignorada"},"content":{"rendered":"<p><span style=\"color: #000000;\">Por\u00a0<strong>Maria Laura Razzari<\/strong><\/span><a title=\"\" href=\"file:\/\/\/C:\/Users\/Lenny\/Documents\/14%20de%20setiembre%20el%20d%C3%ADa%20latinoamericano.docx#_ftn1\">[1]<\/a><br \/>\n<figure id=\"attachment_24652\" aria-describedby=\"caption-attachment-24652\" style=\"width: 540px\" class=\"wp-caption alignnone\"><a href=\"http:\/\/www.diariofemenino.com.ar\/wp-content\/uploads\/MalalaNota.jpg\"><img loading=\"lazy\" decoding=\"async\" class=\"size-full wp-image-24652\" alt=\"Maria Laura Razzari\" src=\"http:\/\/www.diariofemenino.com.ar\/wp-content\/uploads\/MalalaNota.jpg\" width=\"540\" height=\"312\" \/><\/a><figcaption id=\"caption-attachment-24652\" class=\"wp-caption-text\">Maria Laura Razzari<\/figcaption><\/figure><\/p>\n<div>\n<span style=\"color: #000000;\">Las leyes para mi gusto no sirven a las sociedades por su potencial punitivo, muy por el contrario las leyes son eficientes cuando se transforman en el norte \u00e9tico que las comunidades adoptan para s\u00ed.<\/span><br \/>\n<span style=\"color: #000000;\">Sin embargo, quienes trabajamos en el territorio de la violencia de g\u00e9nero, observamos diariamente que priorizar la funci\u00f3n punitiva de una ley, en ocasiones es la excusa perfecta para proteger de su aplicaci\u00f3n a qui\u00e9nes esta ley indica que deben ser sancionados.<\/span><br \/>\n<span style=\"color: #000000;\">La cultura de la impunidad hacia la violencia ha llegado al punto de hacer que lxs mediadorxs que intervienen en la ruta cr\u00edtica de mujeres en situaci\u00f3n de violencia de g\u00e9nero e intrafamiliar decidan no aplicar los procedimientos de rigor con tal de no \u201cempeorar las cosas\u201d.<\/span><br \/>\n<span style=\"color: #000000;\">La cultura de la impunidad invita a las mujeres en situaci\u00f3n de violencia a ser \u201ctolerantes\u201d desde la m\u00e1s rancia asimetr\u00eda de poder moralizante que a fin de cuentas culpabiliza a la v\u00edctima de provocar un agravamiento de la situaci\u00f3n si pide ayuda por estar siendo despojada de su salud mental, seguridad f\u00edsica, posesi\u00f3n de sus bienes y de sus v\u00ednculos afectivos m\u00e1s importantes.<\/span><br \/>\n<span style=\"color: #000000;\">Las mujeres en situaci\u00f3n de violencia \u2013 en esta cultura patriarcal de la impunidad \u2013 dejan de ser vistas como personas para ser vistas como v\u00edctimas es decir: mujeres, vulnerables, dudosas, inestables, prejuzgables y a la postre manipulables desde los dispositivos emocionales que el propio patriarcado se ha ocupado de programarles: la subordinaci\u00f3n de su ser persona a su ser madre y la culpabilizaci\u00f3n por promover escenarios de beligerancia en defensa de sus derechos.<\/span><br \/>\n<span style=\"color: #000000;\">Y todo ocurre silenciosa, concreta pero invisibilizadamente ante nuestros confundidos ojos.<\/span><br \/>\n<span style=\"color: #000000;\">Todas las leyes que se yerguen sobre la pol\u00edtica de la equidad de g\u00e9nero est\u00e1n siendo saqueadas, inescrupulosamente vaciadas en la pr\u00e1ctica por razones ideol\u00f3gicas. As\u00ed cuando una mujer en situaci\u00f3n de violencia pide ayuda, antes de concebirla como sujeta de derechos s\u00f3lo se considera su obligatoriedad de seguir siendo madre, y todas las medidas se arbitran en beneficio de que pueda cumplir esta funci\u00f3n social, antes que procurar la toma de conciencia de ella como persona aut\u00f3noma en primer lugar.<\/span><br \/>\n<span style=\"color: #000000;\">As\u00ed es como en los establecimientos educativos &#8211; en el marco de la Semana de la Educaci\u00f3n Sexual Integral &#8211; siguen insistiendo con llamar a profesionales de la salud para que den charlas, siendo de este modo part\u00edcipes del vaciamiento de la Ley de Educaci\u00f3n Sexual Integral y la Ley de Salud Sexual Reproductiva y con ello promotores del patriarcado que inhibe la comprensi\u00f3n de que el primer territorio de soberan\u00eda pol\u00edtica es el cuerpo.<\/span><br \/>\n<span style=\"color: #000000;\">Del mismo modo en que las dependencias de seguridad y justicia ven una madre en lugar de una persona, en las escuelas ven cuerpos domesticables en lugar de sujetxs de derecho.<\/span><br \/>\n<span style=\"color: #000000;\">Las dependencias del Estado est\u00e1n fallando en la tarea de que las leyes trasciendan como norte \u00e9tico porque los establecimientos educativos de todos los niveles y profesiones niegan los espacios pol\u00edticos e institucionales para que se lleven a cabo los debates que requiere la aplicaci\u00f3n transdiciplinar de la ley en aula, para que la ciudadan\u00eda supere la posici\u00f3n de menor eternx como nos sucede hist\u00f3ricamente a las mujeres.<\/span><br \/>\n<span style=\"color: #000000;\">Mientras lxs profesionales de la salud, la seguridad, la educaci\u00f3n y la justicia no comprendan que la sexualidad no se reduce a la genitalidad, sino que es pol\u00edtica: que es el \u00e1mbito por excelencia desde donde aprendemos a vivir relaciones de poder que nos oprimen o emancipan, estaremos en manos de todo tipo de especialistas que patologizan, minorizan, controlan y excluyen a las personas de su condici\u00f3n de sujetxs de derecho.<\/span>\n<\/div>\n<div><\/div>\n<div>\n<div>\n<hr align=\"left\" size=\"1\" width=\"33%\" \/>\n<div>\n<a title=\"\" href=\"file:\/\/\/C:\/Users\/Lenny\/Documents\/14%20de%20setiembre%20el%20d%C3%ADa%20latinoamericano.docx#_ftnref1\">[1]<\/a>\u00a0<span style=\"color: #000000;\">Concejala, creadora del Bloque Feminista del HCD &#8211; Chivilcoy<\/span><br \/>\n&nbsp;\n<\/div>\n<\/div>\n<\/div>\n","protected":false},"excerpt":{"rendered":"<p>Por\u00a0Maria Laura Razzari[1] Las leyes para mi gusto no sirven a las sociedades por su potencial punitivo, muy por el contrario las leyes son eficientes cuando se transforman en el norte \u00e9tico que las comunidades adoptan para s\u00ed. Sin embargo, quienes trabajamos en el territorio de la violencia de g\u00e9nero, observamos diariamente que priorizar la [&hellip;]<\/p>\n","protected":false},"author":1,"featured_media":0,"comment_status":"open","ping_status":"open","sticky":false,"template":"","format":"standard","meta":{"iawp_total_views":1,"footnotes":""},"categories":[9,13],"tags":[53,57,30,18,16],"class_list":["post-24651","post","type-post","status-publish","format-standard","hentry","category-de-esi-si-se-habla","category-mujeres-sindicalistas","tag-derechos-de-las-mujeres","tag-derechos-de-ninxs","tag-derechos-humanos","tag-politicas-publicas","tag-violencia-de-genero"],"nelio_content":{"autoShareEndMode":"never","automationSources":{"useCustomSentences":false,"customSentences":[]},"efiAlt":"","efiUrl":"","followers":[],"highlights":[],"isAutoShareEnabled":true,"networkImageIds":[],"permalinkQueryArgs":[],"series":[],"suggestedReferences":[]},"yoast_head":"<!-- This site is optimized with the Yoast SEO plugin v27.4 - https:\/\/yoast.com\/product\/yoast-seo-wordpress\/ -->\n<title>La ley ignorada - Diario Digital Femenino<\/title>\n<meta name=\"description\" content=\"La ley ignorada. Por Maria Laura Razzari\" \/>\n<meta name=\"robots\" content=\"index, follow, max-snippet:-1, max-image-preview:large, max-video-preview:-1\" \/>\n<link rel=\"canonical\" href=\"https:\/\/diariofemenino.com.ar\/df\/la-ley-ignorada\/\" \/>\n<meta property=\"og:locale\" content=\"es_ES\" \/>\n<meta property=\"og:type\" content=\"article\" \/>\n<meta property=\"og:title\" content=\"La ley ignorada - Diario Digital Femenino\" \/>\n<meta property=\"og:description\" content=\"La ley ignorada. Por Maria Laura Razzari\" \/>\n<meta property=\"og:url\" content=\"https:\/\/diariofemenino.com.ar\/df\/la-ley-ignorada\/\" \/>\n<meta property=\"og:site_name\" content=\"Diario Digital Femenino\" \/>\n<meta property=\"article:publisher\" content=\"https:\/\/www.facebook.com\/DiarioDigitaFemenino\/\" \/>\n<meta property=\"article:published_time\" content=\"2016-08-30T19:47:12+00:00\" \/>\n<meta property=\"og:image\" content=\"http:\/\/www.diariofemenino.com.ar\/wp-content\/uploads\/MalalaNota.jpg\" \/>\n<meta name=\"author\" content=\"Admin\" \/>\n<meta name=\"twitter:card\" content=\"summary_large_image\" \/>\n<meta name=\"twitter:creator\" content=\"@DiarioFemenino1\" \/>\n<meta name=\"twitter:site\" content=\"@DiarioFemenino1\" \/>\n<meta name=\"twitter:label1\" content=\"Escrito por\" \/>\n\t<meta name=\"twitter:data1\" content=\"Admin\" \/>\n\t<meta name=\"twitter:label2\" content=\"Tiempo de lectura\" \/>\n\t<meta name=\"twitter:data2\" content=\"3 minutos\" \/>\n<script type=\"application\/ld+json\" class=\"yoast-schema-graph\">{\"@context\":\"https:\\\/\\\/schema.org\",\"@graph\":[{\"@type\":\"Article\",\"@id\":\"https:\\\/\\\/diariofemenino.com.ar\\\/df\\\/la-ley-ignorada\\\/#article\",\"isPartOf\":{\"@id\":\"https:\\\/\\\/diariofemenino.com.ar\\\/df\\\/la-ley-ignorada\\\/\"},\"author\":{\"name\":\"Admin\",\"@id\":\"https:\\\/\\\/diariofemenino.com.ar\\\/df\\\/#\\\/schema\\\/person\\\/38f54b3bfd13f561de2460ba95c169c6\"},\"headline\":\"La ley ignorada\",\"datePublished\":\"2016-08-30T19:47:12+00:00\",\"mainEntityOfPage\":{\"@id\":\"https:\\\/\\\/diariofemenino.com.ar\\\/df\\\/la-ley-ignorada\\\/\"},\"wordCount\":668,\"commentCount\":0,\"publisher\":{\"@id\":\"https:\\\/\\\/diariofemenino.com.ar\\\/df\\\/#organization\"},\"image\":{\"@id\":\"https:\\\/\\\/diariofemenino.com.ar\\\/df\\\/la-ley-ignorada\\\/#primaryimage\"},\"thumbnailUrl\":\"http:\\\/\\\/www.diariofemenino.com.ar\\\/wp-content\\\/uploads\\\/MalalaNota.jpg\",\"keywords\":[\"Derechos de las mujeres\",\"Derechos de ni\u00f1xs\",\"Derechos Humanos\",\"Pol\u00edticas p\u00fablicas\",\"Violencia de g\u00e9nero\"],\"articleSection\":[\"De ESI S\u00ed Se Habla\",\"Mujeres Sindicalistas\"],\"inLanguage\":\"es\",\"potentialAction\":[{\"@type\":\"CommentAction\",\"name\":\"Comment\",\"target\":[\"https:\\\/\\\/diariofemenino.com.ar\\\/df\\\/la-ley-ignorada\\\/#respond\"]}]},{\"@type\":\"WebPage\",\"@id\":\"https:\\\/\\\/diariofemenino.com.ar\\\/df\\\/la-ley-ignorada\\\/\",\"url\":\"https:\\\/\\\/diariofemenino.com.ar\\\/df\\\/la-ley-ignorada\\\/\",\"name\":\"La ley ignorada - Diario Digital Femenino\",\"isPartOf\":{\"@id\":\"https:\\\/\\\/diariofemenino.com.ar\\\/df\\\/#website\"},\"primaryImageOfPage\":{\"@id\":\"https:\\\/\\\/diariofemenino.com.ar\\\/df\\\/la-ley-ignorada\\\/#primaryimage\"},\"image\":{\"@id\":\"https:\\\/\\\/diariofemenino.com.ar\\\/df\\\/la-ley-ignorada\\\/#primaryimage\"},\"thumbnailUrl\":\"http:\\\/\\\/www.diariofemenino.com.ar\\\/wp-content\\\/uploads\\\/MalalaNota.jpg\",\"datePublished\":\"2016-08-30T19:47:12+00:00\",\"description\":\"La ley ignorada. Por Maria Laura Razzari\",\"breadcrumb\":{\"@id\":\"https:\\\/\\\/diariofemenino.com.ar\\\/df\\\/la-ley-ignorada\\\/#breadcrumb\"},\"inLanguage\":\"es\",\"potentialAction\":[{\"@type\":\"ReadAction\",\"target\":[\"https:\\\/\\\/diariofemenino.com.ar\\\/df\\\/la-ley-ignorada\\\/\"]}]},{\"@type\":\"ImageObject\",\"inLanguage\":\"es\",\"@id\":\"https:\\\/\\\/diariofemenino.com.ar\\\/df\\\/la-ley-ignorada\\\/#primaryimage\",\"url\":\"http:\\\/\\\/www.diariofemenino.com.ar\\\/wp-content\\\/uploads\\\/MalalaNota.jpg\",\"contentUrl\":\"http:\\\/\\\/www.diariofemenino.com.ar\\\/wp-content\\\/uploads\\\/MalalaNota.jpg\"},{\"@type\":\"BreadcrumbList\",\"@id\":\"https:\\\/\\\/diariofemenino.com.ar\\\/df\\\/la-ley-ignorada\\\/#breadcrumb\",\"itemListElement\":[{\"@type\":\"ListItem\",\"position\":1,\"name\":\"Portada\",\"item\":\"https:\\\/\\\/diariofemenino.com.ar\\\/df\\\/\"},{\"@type\":\"ListItem\",\"position\":2,\"name\":\"La ley ignorada\"}]},{\"@type\":\"WebSite\",\"@id\":\"https:\\\/\\\/diariofemenino.com.ar\\\/df\\\/#website\",\"url\":\"https:\\\/\\\/diariofemenino.com.ar\\\/df\\\/\",\"name\":\"Diario Digital Femenino\",\"description\":\"Cuesti\u00f3n de G\u00e9nero\",\"publisher\":{\"@id\":\"https:\\\/\\\/diariofemenino.com.ar\\\/df\\\/#organization\"},\"potentialAction\":[{\"@type\":\"SearchAction\",\"target\":{\"@type\":\"EntryPoint\",\"urlTemplate\":\"https:\\\/\\\/diariofemenino.com.ar\\\/df\\\/?s={search_term_string}\"},\"query-input\":{\"@type\":\"PropertyValueSpecification\",\"valueRequired\":true,\"valueName\":\"search_term_string\"}}],\"inLanguage\":\"es\"},{\"@type\":\"Organization\",\"@id\":\"https:\\\/\\\/diariofemenino.com.ar\\\/df\\\/#organization\",\"name\":\"Diario Femenino\",\"url\":\"https:\\\/\\\/diariofemenino.com.ar\\\/df\\\/\",\"logo\":{\"@type\":\"ImageObject\",\"inLanguage\":\"es\",\"@id\":\"https:\\\/\\\/diariofemenino.com.ar\\\/df\\\/#\\\/schema\\\/logo\\\/image\\\/\",\"url\":\"https:\\\/\\\/diariofemenino.com.ar\\\/df\\\/wp-content\\\/uploads\\\/2018\\\/10\\\/logo.png\",\"contentUrl\":\"https:\\\/\\\/diariofemenino.com.ar\\\/df\\\/wp-content\\\/uploads\\\/2018\\\/10\\\/logo.png\",\"width\":500,\"height\":92,\"caption\":\"Diario Femenino\"},\"image\":{\"@id\":\"https:\\\/\\\/diariofemenino.com.ar\\\/df\\\/#\\\/schema\\\/logo\\\/image\\\/\"},\"sameAs\":[\"https:\\\/\\\/www.facebook.com\\\/DiarioDigitaFemenino\\\/\",\"https:\\\/\\\/x.com\\\/DiarioFemenino1\"]},{\"@type\":\"Person\",\"@id\":\"https:\\\/\\\/diariofemenino.com.ar\\\/df\\\/#\\\/schema\\\/person\\\/38f54b3bfd13f561de2460ba95c169c6\",\"name\":\"Admin\",\"image\":{\"@type\":\"ImageObject\",\"inLanguage\":\"es\",\"@id\":\"https:\\\/\\\/diariofemenino.com.ar\\\/df\\\/wp-content\\\/uploads\\\/2018\\\/12\\\/favicon-150x150.jpg\",\"url\":\"https:\\\/\\\/diariofemenino.com.ar\\\/df\\\/wp-content\\\/uploads\\\/2018\\\/12\\\/favicon-150x150.jpg\",\"contentUrl\":\"https:\\\/\\\/diariofemenino.com.ar\\\/df\\\/wp-content\\\/uploads\\\/2018\\\/12\\\/favicon-150x150.jpg\",\"caption\":\"Admin\"},\"url\":\"https:\\\/\\\/diariofemenino.com.ar\\\/df\\\/author\\\/adm18df\\\/\"}]}<\/script>\n<!-- \/ Yoast SEO plugin. -->","yoast_head_json":{"title":"La ley ignorada - Diario Digital Femenino","description":"La ley ignorada. Por Maria Laura Razzari","robots":{"index":"index","follow":"follow","max-snippet":"max-snippet:-1","max-image-preview":"max-image-preview:large","max-video-preview":"max-video-preview:-1"},"canonical":"https:\/\/diariofemenino.com.ar\/df\/la-ley-ignorada\/","og_locale":"es_ES","og_type":"article","og_title":"La ley ignorada - Diario Digital Femenino","og_description":"La ley ignorada. Por Maria Laura Razzari","og_url":"https:\/\/diariofemenino.com.ar\/df\/la-ley-ignorada\/","og_site_name":"Diario Digital Femenino","article_publisher":"https:\/\/www.facebook.com\/DiarioDigitaFemenino\/","article_published_time":"2016-08-30T19:47:12+00:00","og_image":[{"url":"http:\/\/www.diariofemenino.com.ar\/wp-content\/uploads\/MalalaNota.jpg","type":"","width":"","height":""}],"author":"Admin","twitter_card":"summary_large_image","twitter_creator":"@DiarioFemenino1","twitter_site":"@DiarioFemenino1","twitter_misc":{"Escrito por":"Admin","Tiempo de lectura":"3 minutos"},"schema":{"@context":"https:\/\/schema.org","@graph":[{"@type":"Article","@id":"https:\/\/diariofemenino.com.ar\/df\/la-ley-ignorada\/#article","isPartOf":{"@id":"https:\/\/diariofemenino.com.ar\/df\/la-ley-ignorada\/"},"author":{"name":"Admin","@id":"https:\/\/diariofemenino.com.ar\/df\/#\/schema\/person\/38f54b3bfd13f561de2460ba95c169c6"},"headline":"La ley ignorada","datePublished":"2016-08-30T19:47:12+00:00","mainEntityOfPage":{"@id":"https:\/\/diariofemenino.com.ar\/df\/la-ley-ignorada\/"},"wordCount":668,"commentCount":0,"publisher":{"@id":"https:\/\/diariofemenino.com.ar\/df\/#organization"},"image":{"@id":"https:\/\/diariofemenino.com.ar\/df\/la-ley-ignorada\/#primaryimage"},"thumbnailUrl":"http:\/\/www.diariofemenino.com.ar\/wp-content\/uploads\/MalalaNota.jpg","keywords":["Derechos de las mujeres","Derechos de ni\u00f1xs","Derechos Humanos","Pol\u00edticas p\u00fablicas","Violencia de g\u00e9nero"],"articleSection":["De ESI S\u00ed Se Habla","Mujeres Sindicalistas"],"inLanguage":"es","potentialAction":[{"@type":"CommentAction","name":"Comment","target":["https:\/\/diariofemenino.com.ar\/df\/la-ley-ignorada\/#respond"]}]},{"@type":"WebPage","@id":"https:\/\/diariofemenino.com.ar\/df\/la-ley-ignorada\/","url":"https:\/\/diariofemenino.com.ar\/df\/la-ley-ignorada\/","name":"La ley ignorada - Diario Digital Femenino","isPartOf":{"@id":"https:\/\/diariofemenino.com.ar\/df\/#website"},"primaryImageOfPage":{"@id":"https:\/\/diariofemenino.com.ar\/df\/la-ley-ignorada\/#primaryimage"},"image":{"@id":"https:\/\/diariofemenino.com.ar\/df\/la-ley-ignorada\/#primaryimage"},"thumbnailUrl":"http:\/\/www.diariofemenino.com.ar\/wp-content\/uploads\/MalalaNota.jpg","datePublished":"2016-08-30T19:47:12+00:00","description":"La ley ignorada. Por Maria Laura Razzari","breadcrumb":{"@id":"https:\/\/diariofemenino.com.ar\/df\/la-ley-ignorada\/#breadcrumb"},"inLanguage":"es","potentialAction":[{"@type":"ReadAction","target":["https:\/\/diariofemenino.com.ar\/df\/la-ley-ignorada\/"]}]},{"@type":"ImageObject","inLanguage":"es","@id":"https:\/\/diariofemenino.com.ar\/df\/la-ley-ignorada\/#primaryimage","url":"http:\/\/www.diariofemenino.com.ar\/wp-content\/uploads\/MalalaNota.jpg","contentUrl":"http:\/\/www.diariofemenino.com.ar\/wp-content\/uploads\/MalalaNota.jpg"},{"@type":"BreadcrumbList","@id":"https:\/\/diariofemenino.com.ar\/df\/la-ley-ignorada\/#breadcrumb","itemListElement":[{"@type":"ListItem","position":1,"name":"Portada","item":"https:\/\/diariofemenino.com.ar\/df\/"},{"@type":"ListItem","position":2,"name":"La ley ignorada"}]},{"@type":"WebSite","@id":"https:\/\/diariofemenino.com.ar\/df\/#website","url":"https:\/\/diariofemenino.com.ar\/df\/","name":"Diario Digital Femenino","description":"Cuesti\u00f3n de G\u00e9nero","publisher":{"@id":"https:\/\/diariofemenino.com.ar\/df\/#organization"},"potentialAction":[{"@type":"SearchAction","target":{"@type":"EntryPoint","urlTemplate":"https:\/\/diariofemenino.com.ar\/df\/?s={search_term_string}"},"query-input":{"@type":"PropertyValueSpecification","valueRequired":true,"valueName":"search_term_string"}}],"inLanguage":"es"},{"@type":"Organization","@id":"https:\/\/diariofemenino.com.ar\/df\/#organization","name":"Diario Femenino","url":"https:\/\/diariofemenino.com.ar\/df\/","logo":{"@type":"ImageObject","inLanguage":"es","@id":"https:\/\/diariofemenino.com.ar\/df\/#\/schema\/logo\/image\/","url":"https:\/\/diariofemenino.com.ar\/df\/wp-content\/uploads\/2018\/10\/logo.png","contentUrl":"https:\/\/diariofemenino.com.ar\/df\/wp-content\/uploads\/2018\/10\/logo.png","width":500,"height":92,"caption":"Diario Femenino"},"image":{"@id":"https:\/\/diariofemenino.com.ar\/df\/#\/schema\/logo\/image\/"},"sameAs":["https:\/\/www.facebook.com\/DiarioDigitaFemenino\/","https:\/\/x.com\/DiarioFemenino1"]},{"@type":"Person","@id":"https:\/\/diariofemenino.com.ar\/df\/#\/schema\/person\/38f54b3bfd13f561de2460ba95c169c6","name":"Admin","image":{"@type":"ImageObject","inLanguage":"es","@id":"https:\/\/diariofemenino.com.ar\/df\/wp-content\/uploads\/2018\/12\/favicon-150x150.jpg","url":"https:\/\/diariofemenino.com.ar\/df\/wp-content\/uploads\/2018\/12\/favicon-150x150.jpg","contentUrl":"https:\/\/diariofemenino.com.ar\/df\/wp-content\/uploads\/2018\/12\/favicon-150x150.jpg","caption":"Admin"},"url":"https:\/\/diariofemenino.com.ar\/df\/author\/adm18df\/"}]}},"jetpack_featured_media_url":"","jetpack_sharing_enabled":true,"rttpg_featured_image_url":null,"rttpg_author":{"display_name":"Admin","author_link":"https:\/\/diariofemenino.com.ar\/df\/author\/adm18df\/"},"rttpg_comment":0,"rttpg_category":"<a href=\"https:\/\/diariofemenino.com.ar\/df\/category\/de-esi-si-se-habla\/\" rel=\"category tag\">De ESI S\u00ed Se Habla<\/a> <a href=\"https:\/\/diariofemenino.com.ar\/df\/category\/mujeres-sindicalistas\/\" rel=\"category tag\">Mujeres Sindicalistas<\/a>","rttpg_excerpt":"Por\u00a0Maria Laura Razzari[1] Las leyes para mi gusto no sirven a las sociedades por su potencial punitivo, muy por el contrario las leyes son eficientes cuando se transforman en el norte \u00e9tico que las comunidades adoptan para s\u00ed. Sin embargo, quienes trabajamos en el territorio de la violencia de g\u00e9nero, observamos diariamente que priorizar la&hellip;","_links":{"self":[{"href":"https:\/\/diariofemenino.com.ar\/df\/wp-json\/wp\/v2\/posts\/24651","targetHints":{"allow":["GET"]}}],"collection":[{"href":"https:\/\/diariofemenino.com.ar\/df\/wp-json\/wp\/v2\/posts"}],"about":[{"href":"https:\/\/diariofemenino.com.ar\/df\/wp-json\/wp\/v2\/types\/post"}],"author":[{"embeddable":true,"href":"https:\/\/diariofemenino.com.ar\/df\/wp-json\/wp\/v2\/users\/1"}],"replies":[{"embeddable":true,"href":"https:\/\/diariofemenino.com.ar\/df\/wp-json\/wp\/v2\/comments?post=24651"}],"version-history":[{"count":0,"href":"https:\/\/diariofemenino.com.ar\/df\/wp-json\/wp\/v2\/posts\/24651\/revisions"}],"wp:attachment":[{"href":"https:\/\/diariofemenino.com.ar\/df\/wp-json\/wp\/v2\/media?parent=24651"}],"wp:term":[{"taxonomy":"category","embeddable":true,"href":"https:\/\/diariofemenino.com.ar\/df\/wp-json\/wp\/v2\/categories?post=24651"},{"taxonomy":"post_tag","embeddable":true,"href":"https:\/\/diariofemenino.com.ar\/df\/wp-json\/wp\/v2\/tags?post=24651"}],"curies":[{"name":"wp","href":"https:\/\/api.w.org\/{rel}","templated":true}]}}