{"id":24645,"date":"2016-08-30T16:15:43","date_gmt":"2016-08-30T19:15:43","guid":{"rendered":"http:\/\/www.diariofemenino.com.ar\/?p=24645"},"modified":"2016-08-30T16:15:43","modified_gmt":"2016-08-30T19:15:43","slug":"con-todas-las-voces","status":"publish","type":"post","link":"https:\/\/diariofemenino.com.ar\/df\/con-todas-las-voces\/","title":{"rendered":"Con todas las voces"},"content":{"rendered":"<p style=\"text-align: center;\"><strong><span style=\"color: #000000;\">Con todas las voces<\/span><\/strong><\/p>\n<p>(Click en portada para descargar)<br \/>\n<figure id=\"attachment_24646\" aria-describedby=\"caption-attachment-24646\" style=\"width: 443px\" class=\"wp-caption alignleft\"><a href=\"https:\/\/diariofemenino.com.ar\/documentos\/con_todas_las_voces.pdf\"><img loading=\"lazy\" decoding=\"async\" class=\"size-full wp-image-24646\" alt=\"Con todas las voces\" src=\"http:\/\/www.diariofemenino.com.ar\/wp-content\/uploads\/Con-todas-las-voces.jpg\" width=\"443\" height=\"443\" \/><\/a><figcaption id=\"caption-attachment-24646\" class=\"wp-caption-text\">Con todas las voces<\/figcaption><\/figure><br \/>\n<span style=\"color: #000000;\">En este cuadernillo vamos a abordar diferentes aspectos de la comunicaci\u00f3n en las organizaciones entendi\u00e9ndola como dimensi\u00f3n estrat\u00e9gica para el cambio social.<\/span><br \/>\n<span style=\"color: #000000;\">Las organizaciones sociales pueden y deben desarrollar capacidades para aportar su experiencia y plantear sus demandas ante el Estado y las personas con obligaci\u00f3n de implementarlas. Sin dejar de cumplir un rol activo en sus comunidades, el dise\u00f1o de estrategias de incidencia pol\u00edtica y social debe incorporarse a sus agendas de trabajo. Y esto implica, necesariamente, incorporar a la comunicaci\u00f3n como una tarea sistem\u00e1tica, no librada al azar.<\/span><br \/>\n<span style=\"color: #000000;\">Pensar la comunicaci\u00f3n dentro de las organizaciones, y de estas con otros actores clave, es una oportunidad de revisar lo realizado e identificar aspectos que no fueron tenidos en cuenta inicialmente para fortalecer y ampliar capacidades de acci\u00f3n y alianza con otras personas y grupos.<\/span><br \/>\n<span style=\"color: #000000;\">\u00a0La equidad entre varones y mujeres sigue siendo, por ahora, el deseo de \u201cotro mundo posible\u201d y la comunicaci\u00f3n es un aspecto fundamental para lograrlo. Desde hace varias d\u00e9cadas muchas organizaciones feministas, de mujeres y de derechos humanos desarrollan una tarea fundamental: construir nuevas formas de comunicaci\u00f3n y de concientizaci\u00f3n sobre las situaciones de discriminaci\u00f3n que existen entre los g\u00e9neros y la necesidad de crear nuevos valores. Sin embargo, la cultura del machismo sigue siendo aquella que rige la mayor\u00eda de las esferas de nuestra sociedad.<\/span><br \/>\n<span style=\"color: #000000;\">En muchos casos las propias organizaciones comprometidas con el cambio social no han tomado suficiente conciencia de que el cambio social, la construcci\u00f3n de la democracia social y la mejor calidad de vida no pueden separarse de la b\u00fasqueda de mayores niveles de igualdad entre varones y mujeres. Y que muchas veces esas desigualdades est\u00e1n dentro de sus propias estructuras, pr\u00e1cticas y valores.<\/span><br \/>\n<span style=\"color: #000000;\">Existen propuestas que incentivan a las organizaciones a involucrarse en procesos de cambio pro equidad que implican tanto cambios internos como aquellos referidos a sus proyectos y las relaciones con \u201cel afuera\u201d. En todos estos aspectos el cambio implica siempre un an\u00e1lisis de la comunicaci\u00f3n de la organizaci\u00f3n. En este material pretendemos hacer un aporte para pensar la comunicaci\u00f3n como estrategia de cambio social, especialmente en los aspectos referidos a la incorporaci\u00f3n de la perspectiva de g\u00e9nero y la construcci\u00f3n de nuevos sentidos en proyectos que puedan protagonizar el espacio pol\u00edtico social.<\/span><\/p>\n","protected":false},"excerpt":{"rendered":"<p>Con todas las voces (Click en portada para descargar) En este cuadernillo vamos a abordar diferentes aspectos de la comunicaci\u00f3n en las organizaciones entendi\u00e9ndola como dimensi\u00f3n estrat\u00e9gica para el cambio social. Las organizaciones sociales pueden y deben desarrollar capacidades para aportar su experiencia y plantear sus demandas ante el Estado y las personas con obligaci\u00f3n [&hellip;]<\/p>\n","protected":false},"author":1,"featured_media":0,"comment_status":"open","ping_status":"open","sticky":false,"template":"","format":"standard","meta":{"iawp_total_views":2,"footnotes":""},"categories":[19],"tags":[],"class_list":["post-24645","post","type-post","status-publish","format-standard","hentry","category-biblioteca"],"nelio_content":{"autoShareEndMode":"never","automationSources":{"useCustomSentences":false,"customSentences":[]},"efiAlt":"","efiUrl":"","followers":[],"highlights":[],"isAutoShareEnabled":true,"networkImageIds":[],"permalinkQueryArgs":[],"series":[],"suggestedReferences":[]},"yoast_head":"<!-- This site is optimized with the Yoast SEO plugin v27.4 - https:\/\/yoast.com\/product\/yoast-seo-wordpress\/ -->\n<title>Con todas las voces - Diario Digital Femenino<\/title>\n<meta name=\"description\" content=\"Con todas las voces. Comunicar en clave de g\u00e9neros. Para descargar\" \/>\n<meta name=\"robots\" content=\"index, follow, max-snippet:-1, max-image-preview:large, max-video-preview:-1\" \/>\n<link rel=\"canonical\" href=\"https:\/\/diariofemenino.com.ar\/df\/con-todas-las-voces\/\" \/>\n<meta property=\"og:locale\" content=\"es_ES\" \/>\n<meta property=\"og:type\" content=\"article\" \/>\n<meta property=\"og:title\" content=\"Con todas las voces - Diario Digital Femenino\" \/>\n<meta property=\"og:description\" content=\"Con todas las voces. Comunicar en clave de g\u00e9neros. Para descargar\" \/>\n<meta property=\"og:url\" content=\"https:\/\/diariofemenino.com.ar\/df\/con-todas-las-voces\/\" \/>\n<meta property=\"og:site_name\" content=\"Diario Digital Femenino\" \/>\n<meta property=\"article:publisher\" content=\"https:\/\/www.facebook.com\/DiarioDigitaFemenino\/\" \/>\n<meta property=\"article:published_time\" content=\"2016-08-30T19:15:43+00:00\" \/>\n<meta property=\"og:image\" content=\"http:\/\/www.diariofemenino.com.ar\/wp-content\/uploads\/Con-todas-las-voces.jpg\" \/>\n<meta name=\"author\" content=\"Admin\" \/>\n<meta name=\"twitter:card\" content=\"summary_large_image\" \/>\n<meta name=\"twitter:creator\" content=\"@DiarioFemenino1\" \/>\n<meta name=\"twitter:site\" content=\"@DiarioFemenino1\" \/>\n<meta name=\"twitter:label1\" content=\"Escrito por\" \/>\n\t<meta name=\"twitter:data1\" content=\"Admin\" \/>\n\t<meta name=\"twitter:label2\" content=\"Tiempo de lectura\" \/>\n\t<meta name=\"twitter:data2\" content=\"2 minutos\" \/>\n<script type=\"application\/ld+json\" class=\"yoast-schema-graph\">{\"@context\":\"https:\\\/\\\/schema.org\",\"@graph\":[{\"@type\":\"Article\",\"@id\":\"https:\\\/\\\/diariofemenino.com.ar\\\/df\\\/con-todas-las-voces\\\/#article\",\"isPartOf\":{\"@id\":\"https:\\\/\\\/diariofemenino.com.ar\\\/df\\\/con-todas-las-voces\\\/\"},\"author\":{\"name\":\"Admin\",\"@id\":\"https:\\\/\\\/diariofemenino.com.ar\\\/df\\\/#\\\/schema\\\/person\\\/38f54b3bfd13f561de2460ba95c169c6\"},\"headline\":\"Con todas las voces\",\"datePublished\":\"2016-08-30T19:15:43+00:00\",\"mainEntityOfPage\":{\"@id\":\"https:\\\/\\\/diariofemenino.com.ar\\\/df\\\/con-todas-las-voces\\\/\"},\"wordCount\":430,\"commentCount\":0,\"publisher\":{\"@id\":\"https:\\\/\\\/diariofemenino.com.ar\\\/df\\\/#organization\"},\"image\":{\"@id\":\"https:\\\/\\\/diariofemenino.com.ar\\\/df\\\/con-todas-las-voces\\\/#primaryimage\"},\"thumbnailUrl\":\"http:\\\/\\\/www.diariofemenino.com.ar\\\/wp-content\\\/uploads\\\/Con-todas-las-voces.jpg\",\"articleSection\":[\"Biblioteca Virtual\"],\"inLanguage\":\"es\",\"potentialAction\":[{\"@type\":\"CommentAction\",\"name\":\"Comment\",\"target\":[\"https:\\\/\\\/diariofemenino.com.ar\\\/df\\\/con-todas-las-voces\\\/#respond\"]}]},{\"@type\":\"WebPage\",\"@id\":\"https:\\\/\\\/diariofemenino.com.ar\\\/df\\\/con-todas-las-voces\\\/\",\"url\":\"https:\\\/\\\/diariofemenino.com.ar\\\/df\\\/con-todas-las-voces\\\/\",\"name\":\"Con todas las voces - Diario Digital Femenino\",\"isPartOf\":{\"@id\":\"https:\\\/\\\/diariofemenino.com.ar\\\/df\\\/#website\"},\"primaryImageOfPage\":{\"@id\":\"https:\\\/\\\/diariofemenino.com.ar\\\/df\\\/con-todas-las-voces\\\/#primaryimage\"},\"image\":{\"@id\":\"https:\\\/\\\/diariofemenino.com.ar\\\/df\\\/con-todas-las-voces\\\/#primaryimage\"},\"thumbnailUrl\":\"http:\\\/\\\/www.diariofemenino.com.ar\\\/wp-content\\\/uploads\\\/Con-todas-las-voces.jpg\",\"datePublished\":\"2016-08-30T19:15:43+00:00\",\"description\":\"Con todas las voces. Comunicar en clave de g\u00e9neros. Para descargar\",\"breadcrumb\":{\"@id\":\"https:\\\/\\\/diariofemenino.com.ar\\\/df\\\/con-todas-las-voces\\\/#breadcrumb\"},\"inLanguage\":\"es\",\"potentialAction\":[{\"@type\":\"ReadAction\",\"target\":[\"https:\\\/\\\/diariofemenino.com.ar\\\/df\\\/con-todas-las-voces\\\/\"]}]},{\"@type\":\"ImageObject\",\"inLanguage\":\"es\",\"@id\":\"https:\\\/\\\/diariofemenino.com.ar\\\/df\\\/con-todas-las-voces\\\/#primaryimage\",\"url\":\"http:\\\/\\\/www.diariofemenino.com.ar\\\/wp-content\\\/uploads\\\/Con-todas-las-voces.jpg\",\"contentUrl\":\"http:\\\/\\\/www.diariofemenino.com.ar\\\/wp-content\\\/uploads\\\/Con-todas-las-voces.jpg\"},{\"@type\":\"BreadcrumbList\",\"@id\":\"https:\\\/\\\/diariofemenino.com.ar\\\/df\\\/con-todas-las-voces\\\/#breadcrumb\",\"itemListElement\":[{\"@type\":\"ListItem\",\"position\":1,\"name\":\"Portada\",\"item\":\"https:\\\/\\\/diariofemenino.com.ar\\\/df\\\/\"},{\"@type\":\"ListItem\",\"position\":2,\"name\":\"Con todas las voces\"}]},{\"@type\":\"WebSite\",\"@id\":\"https:\\\/\\\/diariofemenino.com.ar\\\/df\\\/#website\",\"url\":\"https:\\\/\\\/diariofemenino.com.ar\\\/df\\\/\",\"name\":\"Diario Digital Femenino\",\"description\":\"Cuesti\u00f3n de G\u00e9nero\",\"publisher\":{\"@id\":\"https:\\\/\\\/diariofemenino.com.ar\\\/df\\\/#organization\"},\"potentialAction\":[{\"@type\":\"SearchAction\",\"target\":{\"@type\":\"EntryPoint\",\"urlTemplate\":\"https:\\\/\\\/diariofemenino.com.ar\\\/df\\\/?s={search_term_string}\"},\"query-input\":{\"@type\":\"PropertyValueSpecification\",\"valueRequired\":true,\"valueName\":\"search_term_string\"}}],\"inLanguage\":\"es\"},{\"@type\":\"Organization\",\"@id\":\"https:\\\/\\\/diariofemenino.com.ar\\\/df\\\/#organization\",\"name\":\"Diario Femenino\",\"url\":\"https:\\\/\\\/diariofemenino.com.ar\\\/df\\\/\",\"logo\":{\"@type\":\"ImageObject\",\"inLanguage\":\"es\",\"@id\":\"https:\\\/\\\/diariofemenino.com.ar\\\/df\\\/#\\\/schema\\\/logo\\\/image\\\/\",\"url\":\"https:\\\/\\\/diariofemenino.com.ar\\\/df\\\/wp-content\\\/uploads\\\/2018\\\/10\\\/logo.png\",\"contentUrl\":\"https:\\\/\\\/diariofemenino.com.ar\\\/df\\\/wp-content\\\/uploads\\\/2018\\\/10\\\/logo.png\",\"width\":500,\"height\":92,\"caption\":\"Diario Femenino\"},\"image\":{\"@id\":\"https:\\\/\\\/diariofemenino.com.ar\\\/df\\\/#\\\/schema\\\/logo\\\/image\\\/\"},\"sameAs\":[\"https:\\\/\\\/www.facebook.com\\\/DiarioDigitaFemenino\\\/\",\"https:\\\/\\\/x.com\\\/DiarioFemenino1\"]},{\"@type\":\"Person\",\"@id\":\"https:\\\/\\\/diariofemenino.com.ar\\\/df\\\/#\\\/schema\\\/person\\\/38f54b3bfd13f561de2460ba95c169c6\",\"name\":\"Admin\",\"image\":{\"@type\":\"ImageObject\",\"inLanguage\":\"es\",\"@id\":\"https:\\\/\\\/diariofemenino.com.ar\\\/df\\\/wp-content\\\/uploads\\\/2018\\\/12\\\/favicon-150x150.jpg\",\"url\":\"https:\\\/\\\/diariofemenino.com.ar\\\/df\\\/wp-content\\\/uploads\\\/2018\\\/12\\\/favicon-150x150.jpg\",\"contentUrl\":\"https:\\\/\\\/diariofemenino.com.ar\\\/df\\\/wp-content\\\/uploads\\\/2018\\\/12\\\/favicon-150x150.jpg\",\"caption\":\"Admin\"},\"url\":\"https:\\\/\\\/diariofemenino.com.ar\\\/df\\\/author\\\/adm18df\\\/\"}]}<\/script>\n<!-- \/ Yoast SEO plugin. -->","yoast_head_json":{"title":"Con todas las voces - Diario Digital Femenino","description":"Con todas las voces. Comunicar en clave de g\u00e9neros. Para descargar","robots":{"index":"index","follow":"follow","max-snippet":"max-snippet:-1","max-image-preview":"max-image-preview:large","max-video-preview":"max-video-preview:-1"},"canonical":"https:\/\/diariofemenino.com.ar\/df\/con-todas-las-voces\/","og_locale":"es_ES","og_type":"article","og_title":"Con todas las voces - Diario Digital Femenino","og_description":"Con todas las voces. Comunicar en clave de g\u00e9neros. Para descargar","og_url":"https:\/\/diariofemenino.com.ar\/df\/con-todas-las-voces\/","og_site_name":"Diario Digital Femenino","article_publisher":"https:\/\/www.facebook.com\/DiarioDigitaFemenino\/","article_published_time":"2016-08-30T19:15:43+00:00","og_image":[{"url":"http:\/\/www.diariofemenino.com.ar\/wp-content\/uploads\/Con-todas-las-voces.jpg","type":"","width":"","height":""}],"author":"Admin","twitter_card":"summary_large_image","twitter_creator":"@DiarioFemenino1","twitter_site":"@DiarioFemenino1","twitter_misc":{"Escrito por":"Admin","Tiempo de lectura":"2 minutos"},"schema":{"@context":"https:\/\/schema.org","@graph":[{"@type":"Article","@id":"https:\/\/diariofemenino.com.ar\/df\/con-todas-las-voces\/#article","isPartOf":{"@id":"https:\/\/diariofemenino.com.ar\/df\/con-todas-las-voces\/"},"author":{"name":"Admin","@id":"https:\/\/diariofemenino.com.ar\/df\/#\/schema\/person\/38f54b3bfd13f561de2460ba95c169c6"},"headline":"Con todas las voces","datePublished":"2016-08-30T19:15:43+00:00","mainEntityOfPage":{"@id":"https:\/\/diariofemenino.com.ar\/df\/con-todas-las-voces\/"},"wordCount":430,"commentCount":0,"publisher":{"@id":"https:\/\/diariofemenino.com.ar\/df\/#organization"},"image":{"@id":"https:\/\/diariofemenino.com.ar\/df\/con-todas-las-voces\/#primaryimage"},"thumbnailUrl":"http:\/\/www.diariofemenino.com.ar\/wp-content\/uploads\/Con-todas-las-voces.jpg","articleSection":["Biblioteca Virtual"],"inLanguage":"es","potentialAction":[{"@type":"CommentAction","name":"Comment","target":["https:\/\/diariofemenino.com.ar\/df\/con-todas-las-voces\/#respond"]}]},{"@type":"WebPage","@id":"https:\/\/diariofemenino.com.ar\/df\/con-todas-las-voces\/","url":"https:\/\/diariofemenino.com.ar\/df\/con-todas-las-voces\/","name":"Con todas las voces - Diario Digital Femenino","isPartOf":{"@id":"https:\/\/diariofemenino.com.ar\/df\/#website"},"primaryImageOfPage":{"@id":"https:\/\/diariofemenino.com.ar\/df\/con-todas-las-voces\/#primaryimage"},"image":{"@id":"https:\/\/diariofemenino.com.ar\/df\/con-todas-las-voces\/#primaryimage"},"thumbnailUrl":"http:\/\/www.diariofemenino.com.ar\/wp-content\/uploads\/Con-todas-las-voces.jpg","datePublished":"2016-08-30T19:15:43+00:00","description":"Con todas las voces. Comunicar en clave de g\u00e9neros. Para descargar","breadcrumb":{"@id":"https:\/\/diariofemenino.com.ar\/df\/con-todas-las-voces\/#breadcrumb"},"inLanguage":"es","potentialAction":[{"@type":"ReadAction","target":["https:\/\/diariofemenino.com.ar\/df\/con-todas-las-voces\/"]}]},{"@type":"ImageObject","inLanguage":"es","@id":"https:\/\/diariofemenino.com.ar\/df\/con-todas-las-voces\/#primaryimage","url":"http:\/\/www.diariofemenino.com.ar\/wp-content\/uploads\/Con-todas-las-voces.jpg","contentUrl":"http:\/\/www.diariofemenino.com.ar\/wp-content\/uploads\/Con-todas-las-voces.jpg"},{"@type":"BreadcrumbList","@id":"https:\/\/diariofemenino.com.ar\/df\/con-todas-las-voces\/#breadcrumb","itemListElement":[{"@type":"ListItem","position":1,"name":"Portada","item":"https:\/\/diariofemenino.com.ar\/df\/"},{"@type":"ListItem","position":2,"name":"Con todas las voces"}]},{"@type":"WebSite","@id":"https:\/\/diariofemenino.com.ar\/df\/#website","url":"https:\/\/diariofemenino.com.ar\/df\/","name":"Diario Digital Femenino","description":"Cuesti\u00f3n de G\u00e9nero","publisher":{"@id":"https:\/\/diariofemenino.com.ar\/df\/#organization"},"potentialAction":[{"@type":"SearchAction","target":{"@type":"EntryPoint","urlTemplate":"https:\/\/diariofemenino.com.ar\/df\/?s={search_term_string}"},"query-input":{"@type":"PropertyValueSpecification","valueRequired":true,"valueName":"search_term_string"}}],"inLanguage":"es"},{"@type":"Organization","@id":"https:\/\/diariofemenino.com.ar\/df\/#organization","name":"Diario Femenino","url":"https:\/\/diariofemenino.com.ar\/df\/","logo":{"@type":"ImageObject","inLanguage":"es","@id":"https:\/\/diariofemenino.com.ar\/df\/#\/schema\/logo\/image\/","url":"https:\/\/diariofemenino.com.ar\/df\/wp-content\/uploads\/2018\/10\/logo.png","contentUrl":"https:\/\/diariofemenino.com.ar\/df\/wp-content\/uploads\/2018\/10\/logo.png","width":500,"height":92,"caption":"Diario Femenino"},"image":{"@id":"https:\/\/diariofemenino.com.ar\/df\/#\/schema\/logo\/image\/"},"sameAs":["https:\/\/www.facebook.com\/DiarioDigitaFemenino\/","https:\/\/x.com\/DiarioFemenino1"]},{"@type":"Person","@id":"https:\/\/diariofemenino.com.ar\/df\/#\/schema\/person\/38f54b3bfd13f561de2460ba95c169c6","name":"Admin","image":{"@type":"ImageObject","inLanguage":"es","@id":"https:\/\/diariofemenino.com.ar\/df\/wp-content\/uploads\/2018\/12\/favicon-150x150.jpg","url":"https:\/\/diariofemenino.com.ar\/df\/wp-content\/uploads\/2018\/12\/favicon-150x150.jpg","contentUrl":"https:\/\/diariofemenino.com.ar\/df\/wp-content\/uploads\/2018\/12\/favicon-150x150.jpg","caption":"Admin"},"url":"https:\/\/diariofemenino.com.ar\/df\/author\/adm18df\/"}]}},"jetpack_featured_media_url":"","jetpack_sharing_enabled":true,"rttpg_featured_image_url":null,"rttpg_author":{"display_name":"Admin","author_link":"https:\/\/diariofemenino.com.ar\/df\/author\/adm18df\/"},"rttpg_comment":0,"rttpg_category":"<a href=\"https:\/\/diariofemenino.com.ar\/df\/category\/biblioteca\/\" rel=\"category tag\">Biblioteca Virtual<\/a>","rttpg_excerpt":"Con todas las voces (Click en portada para descargar) En este cuadernillo vamos a abordar diferentes aspectos de la comunicaci\u00f3n en las organizaciones entendi\u00e9ndola como dimensi\u00f3n estrat\u00e9gica para el cambio social. Las organizaciones sociales pueden y deben desarrollar capacidades para aportar su experiencia y plantear sus demandas ante el Estado y las personas con obligaci\u00f3n&hellip;","_links":{"self":[{"href":"https:\/\/diariofemenino.com.ar\/df\/wp-json\/wp\/v2\/posts\/24645","targetHints":{"allow":["GET"]}}],"collection":[{"href":"https:\/\/diariofemenino.com.ar\/df\/wp-json\/wp\/v2\/posts"}],"about":[{"href":"https:\/\/diariofemenino.com.ar\/df\/wp-json\/wp\/v2\/types\/post"}],"author":[{"embeddable":true,"href":"https:\/\/diariofemenino.com.ar\/df\/wp-json\/wp\/v2\/users\/1"}],"replies":[{"embeddable":true,"href":"https:\/\/diariofemenino.com.ar\/df\/wp-json\/wp\/v2\/comments?post=24645"}],"version-history":[{"count":0,"href":"https:\/\/diariofemenino.com.ar\/df\/wp-json\/wp\/v2\/posts\/24645\/revisions"}],"wp:attachment":[{"href":"https:\/\/diariofemenino.com.ar\/df\/wp-json\/wp\/v2\/media?parent=24645"}],"wp:term":[{"taxonomy":"category","embeddable":true,"href":"https:\/\/diariofemenino.com.ar\/df\/wp-json\/wp\/v2\/categories?post=24645"},{"taxonomy":"post_tag","embeddable":true,"href":"https:\/\/diariofemenino.com.ar\/df\/wp-json\/wp\/v2\/tags?post=24645"}],"curies":[{"name":"wp","href":"https:\/\/api.w.org\/{rel}","templated":true}]}}