{"id":2438,"date":"2012-07-13T12:17:36","date_gmt":"2012-07-13T15:17:36","guid":{"rendered":"http:\/\/www.diariofemenino.com.ar\/?p=2438"},"modified":"2012-07-13T12:17:36","modified_gmt":"2012-07-13T15:17:36","slug":"fuertes-criticas-de-la-casa-de-la-mujer-al-fallo-de-la-jueza-rodriguez","status":"publish","type":"post","link":"https:\/\/diariofemenino.com.ar\/df\/fuertes-criticas-de-la-casa-de-la-mujer-al-fallo-de-la-jueza-rodriguez\/","title":{"rendered":"Fuertes cr\u00edticas de la Casa de la Mujer al fallo de la jueza Rodr\u00edguez"},"content":{"rendered":"<p>&nbsp;<br \/>\n&nbsp;<br \/>\n<em>\u00ab\u00bfQu\u00e9 le pasar\u00eda a la jueza si la obligamos a que le practique sexo oral a cualquier transe\u00fante?\u00bb. Casa de la Mujer pidi\u00f3 que la jueza se ponga en el lugar de la menor, y que no se sigan fomentando estereotipos. \u00abNo podemos hacer responsable a una ni\u00f1a de 13 a\u00f1os que venga un tipo cualquiera y la obligue bajo amenazas a practicarle sexo oral\u00bb, sostuvieron.<br \/>\n<a href=\"http:\/\/www.diariofemenino.com.ar\/wp-content\/uploads\/121381_thumb.jpg\"><img loading=\"lazy\" decoding=\"async\" class=\"alignnone size-full wp-image-2439\" title=\"121381_thumb\" src=\"http:\/\/www.diariofemenino.com.ar\/wp-content\/uploads\/121381_thumb.jpg\" alt=\"\" width=\"460\" height=\"258\" \/><\/a><br \/>\n<\/em>En di\u00e1logo con Jornada, Mariana Mart\u00edn, parte del equipo de trabajo de la Casa de las Mujeres de Puerto Madryn, destac\u00f3 la indignaci\u00f3n y el horror que provoc\u00f3 la noticia en el grupo de mujeres que trabajan a diario en la comunidad de Puerto Madryn.<br \/>\n\u00abEn un primer momento nos horrorizamos, tenemos la informaci\u00f3n que pudimos obtener de la nota del diario, y de los argumentos que pudimos rescatar todos nos parecieron terribles en relaci\u00f3n a la posici\u00f3n en que quedan las mujeres y las ni\u00f1as, todas expuestas a que esta serie de abusos se sigan produciendo y no se ejerza ning\u00fan tipo de protecci\u00f3n ni justicia con las ni\u00f1as y los ni\u00f1os en este tipo de casos\u00bb, sostuvo.<br \/>\n<strong>Poco comprensibles<\/strong><br \/>\nAl respecto esgrimieron sus fundamentos, y destacaron dos puntos que les parecieron alevosos y poco comprensibles. \u00abLa jueza dice en el argumento que no lo considera gravemente ultrajante porque un par de cachetadas o palmaditas en la mejilla no significa un gesto de violencia directa ejercida como para obligarla a la ni\u00f1a a que le haga sexo oral al sujeto, y ante eso como mujeres nos preguntamos \u00bfqu\u00e9 le pasar\u00eda a la jueza si le damos unas palmaditas a ella y la obligamos a que le practique sexo oral a cualquier transe\u00fante?\u00bb, subray\u00f3 enf\u00e1ticamente Mariana, quien no sale de su asombro.<br \/>\n\u00abOtro argumento terrible es el que dec\u00eda que esta ni\u00f1a se encontraba en una situaci\u00f3n de vulnerabilidad y desamparo materno, y bajo esto las mujeres somos nuevamente responsables de todo lo que le suceda a nuestros ni\u00f1os y ni\u00f1as, la culpa la tienen las mujeres s\u00f3lo por el hecho de serlo, por un lado nos parece que ratifica el rol que tenemos socialmente asignado en la sociedad, que somos mujeres, vulnerables, fr\u00e1giles, tiernas lloronas, y nuestro cuerpo es propiedad del var\u00f3n\u00bb, pero por otro lado sostienen que esta cuesti\u00f3n es responsabilidad del Estado que no garantiza el pleno derecho a los ciudadanos en general, y con este tipo de acciones desde la Justicia se refuerzan los estereotipos de violencia en torno al rol de la \u00abmujer vulnerable\u00bb.<br \/>\n<strong>\u00bfMayor o menor?<br \/>\n<\/strong><br \/>\nEn otro de sus argumentos, el fallo hace menci\u00f3n a la edad de la ni\u00f1a \u00abal referirse a la edad justifica e intenta decir que la menor sab\u00eda claramente lo que estaba haciendo, eso nos parece terrible, porque bajo ning\u00fan punto de vista podemos hacer responsable a una ni\u00f1a de 13 a\u00f1os de que venga un tipo cualquiera y la obligue bajo amenazas a practicarle sexo oral; el tipo debe ser sentenciado, y no por abuso simple\u00bb, sostuvo Mariana, en nombre de sus compa\u00f1eras y compa\u00f1eros de la Casa de la Mujer.<em><br \/>\n<\/em>A lo largo de la vida pod\u00e9s no haber expresado nunca, a nadie ni siquiera de confianza que sufriste una situaci\u00f3n de abuso, \u00abpor eso sensibilizar y poner en debate el tema es esencial para que en situaciones como estas tengamos las herramientas necesarias; este fallo nos lo muestra claramente, \u00bfpor qu\u00e9 una persona obliga a una ni\u00f1a a realizarle sexo oral y no es considerado grave?, por eso lo que nos interesa es que del tema se hable, se ponga sobre la mesa, que se eduque y no que se sigan reproduciendo estereotipos\u00bb, enfatiz\u00f3 Mariana, quien adem\u00e1s sostuvo la necesidad de brindar apoyo para este tipo de situaciones, \u00abes terrible que la justicia no haga nada al respecto, porque es determinante para el desarrollo de la vida, y un abuso es traum\u00e1tico, por eso es necesario trabajar en ese tema, que es un tema serio el cual no puede ser tratado con liviandad\u00bb, concluy\u00f3.<br \/>\nFuente: Carlos Hughes, periodista. Trelew<br \/>\nTwitter: @CarlosHughestre<br \/>\n<a href=\"http:\/\/www.diariojornada.com.ar\/47829\/Policiales\/Fuertes_criticas_de_la_Casa_de_la_Mujer_al_fallo_de_la_jueza_Rodriguez\">Diario Jornada<\/a><\/p>\n<h3>Obligar a una ni\u00f1a a practicar sexo oral no es gravemente ultrajante seg\u00fan la C\u00e1mara Penal<\/h3>\n<div>Trelew: el fallo redujo la pena que le hab\u00edan impuesto al abusador.<\/div>\n<div><\/div>\n<div><strong>Por Liliana Alveal<br \/>\n<\/strong><br \/>\nEsta semana trascendi\u00f3 un nuevo fallo pol\u00e9mico de la C\u00e1mara Penal trelewense, donde por mayor\u00eda un tribunal bajo la calificaci\u00f3n penal a un abusador que a\u00f1os atr\u00e1s y durante varios meses hab\u00eda sometido a una menor de 13 a\u00f1os para que le practicar\u00e1 sexo oral. Dos de los jueces entendieron que el delito no era gravemente ultrajante y lo condenaron por abuso sexual simple que tiene como pena m\u00e1xima 4 a\u00f1os de prisi\u00f3n.<br \/>\nEl hecho, cuya primera sentencia fue impugnada el 27 de junio de este a\u00f1o, tuvo lugar entre noviembre de 2010 y febrero de 2011 cuando un hombre de unos 50 a\u00f1os de edad someti\u00f3 sexualmente a una menor de 13 a\u00f1os.<br \/>\nDe acuerdo a la denuncia efectuada por la progenitora de la ni\u00f1a y el testimonio de la v\u00edctima, tomado mediante C\u00e1mara Gessel, el sujeto en reiteradas oportunidades la oblig\u00f3 a la menor a practicarle sexo oral adem\u00e1s de manosearla en sus partes \u00edntimas.<br \/>\nPara lograr satisfacer sus deseos sexuales el abusador doblegaba la voluntad de la v\u00edctima \u201cno solo ejerciendo la fuerza y violencia, sujet\u00e1ndola y peg\u00e1ndole con la mano en el rostro sino tambi\u00e9n amenaz\u00e1ndola dici\u00e9ndole que si no acced\u00eda a la que \u00e9l estaba pretendiendo la iba a matar a ella, a su madre y a su hermana\u201d, explic\u00f3 en su voto uno de los jueces de la C\u00e1mara Penal.<br \/>\n<strong>La pena<br \/>\n<\/strong><br \/>\nTeniendo en cuenta esta descripci\u00f3n de los acontecimientos el acusado fue sentenciado a 5 a\u00f1os de prisi\u00f3n el 30 de marzo de este a\u00f1o por el Tribunal integrado por los doctores Dar\u00edo Arguiano, Fabio Monti y Patricia Reyes (Puerto Madryn). Los magistrados por mayor\u00eda de votos consideraron al entonces imputado culpable de abuso sexual gravemente ultrajante en la modalidad de delito continuado y, por lo tanto, lo condenaron a la pena de 5 a\u00f1os de prisi\u00f3n de efectivo cumplimiento.<br \/>\nFrente a este fallo adverso el abogado defensor del imputado, doctor Fabi\u00e1n Gabalachis present\u00f3 la impugnaci\u00f3n de la sentencia invocando como motivo la err\u00f3nea aplicaci\u00f3n de la ley penal, afirmando que la conducta que se le endilga a su asistido concuerda con la figura del abuso sexual simple y no gravemente ultrajante.<br \/>\nCabe acotar que esta \u00faltima calificaci\u00f3n penal esta contenida en el segundo p\u00e1rrafo del art\u00edculo 119 del C\u00f3digo Penal Argentino, en donde se contempla como agravantes del abuso sexual determinadas condiciones vinculadas a una especialmente grave intensidad de afectaci\u00f3n.<br \/>\nLa mencionada norma establece que \u201cla pena ser\u00e1 de cuatro a diez a\u00f1os de reclusi\u00f3n o prisi\u00f3n cuando el abuso, por su duraci\u00f3n o circunstancias de su realizaci\u00f3n, hubiere configurado un sometimiento sexual gravemente ultrajante para la v\u00edctima\u201d.<br \/>\n<strong>La impugnaci\u00f3n<\/strong><br \/>\nSin embargo, el pasado 27 de junio el tribunal de impugnaci\u00f3n conformado por los doctores M\u00f3nica Rodr\u00edguez, Florencio Minatta y Guillermo M\u00fcller consideraron que los reiterados episodios de abuso a los que hab\u00eda sido sometida la ni\u00f1a no eran gravemente ultrajante y calificaron al delito como abuso sexual simple que posee como pena m\u00e1xima los 4 a\u00f1os de prisi\u00f3n, es decir, el m\u00ednimo de la anterior tipificaci\u00f3n penal.<br \/>\nPara arribar a esta conclusi\u00f3n la doctora M\u00f3nica Rodr\u00edguez, no desech\u00f3 el testimonio de la menor pero si indic\u00f3 que hubo solamente amenazas ya que en su opini\u00f3n \u201cpalmear las mejillas para que la ni\u00f1a se fuera del taller no puede asimilarse, en modo alguno, al empleo de la fuerza o violencia como medio para consumar la intromisi\u00f3n sexual indebida\u201d.<br \/>\n<strong>Argumentos<br \/>\n<\/strong><br \/>\nAl referirse a los dichos de la menor donde describ\u00eda como el abusador la obligaba a practicarle sexo oral, la jueza indic\u00f3 que \u201cno se ha demostrado ning\u00fan detalle que muestre una situaci\u00f3n denigrante o bochornosa; no se describe que una posible eyaculaci\u00f3n de parte del agresor se vincule a este tipo de pr\u00e1ctica; no hay v\u00ednculo de parentesco; se trata de una menor que durante la mayor parte de los episodios atribuidos contaba ya con 13 a\u00f1os de edad\u201d.<br \/>\nLuego de brindar estas explicaciones la magistrada hace un par\u00e9ntesis para describir la situaci\u00f3n de desprotecci\u00f3n, desamparo y vulnerabilidad de la peque\u00f1a en su entorno familiar, haciendo hincapi\u00e9 en la desaprensi\u00f3n materna; dejando entrever que era previsible que fuera abusada en un contexto de este tipo.<br \/>\nSin embargo, esto no justifica en lo absoluto la conducta del abusador que sabiendo las condiciones de la menor aprovecho las mismas para someterla, lo cual en lugar de ser un justificativo ser\u00eda un agravante.<br \/>\nFinalmente Rodr\u00edguez concluye que \u201csi bien el contacto buco-genital no se trata de un acto que determine \u2018per se\u2019 la aplicaci\u00f3n de la figura agravada\u201d, impugnando, de esta manera, la sentencia anterior.<br \/>\n<strong>\u00bfSin secuelas?<br \/>\n<\/strong><br \/>\nA esta postura adhiere el doctor Florencio Minatta, quien asegur\u00f3 que los hechos relatados por la menor no son gravemente ultrajantes porque \u201cno se observa de las declaraciones de la v\u00edctima o de sus secuelas, que las acciones del condenado la hayan incapacitado o dificultado en demas\u00eda su vida sexual normal en el futuro\u201d. No obstante, en el testimonio habla que la ni\u00f1a tiene pesadillas de los golpes y sometimientos que sufri\u00f3.<br \/>\nEl juez comodorense Guillermo M\u00fcller estuvo en desacuerdo con sus pares sosteniendo que \u201cla pr\u00e1ctica en s\u00ed misma abastece las exigencias de la agravante en cuesti\u00f3n\u201d, para agregar en los p\u00e1rrafos siguientes que \u201cla agravante nuclear aquellos casos extremos en los que la agresi\u00f3n sexual implica la penetraci\u00f3n sexual de un instrumento u otra parte del cuerpo que no sea el \u00f3rgano sexual masculino, o \u00e9ste \u00faltimo en la boca\u201d.<br \/>\nM\u00faller consider\u00f3 adecuada la calificaci\u00f3n penal impuesta por los jueces Monti y Reyes en el juicio y en minor\u00eda voto por ratificar aquella sentencia.<br \/>\nSin embargo, se hizo lugar a la impugnaci\u00f3n presentada por el defensor y los jueces de la C\u00e1mara penal dispusieron la realizaci\u00f3n de un nuevo debate de pena donde el abusador no podr\u00eda ser sentenciado a una pena mayor a los cuatro a\u00f1os de prisi\u00f3n, aunque con muchas probabilidades de obtener una pena en suspenso.#<\/div>\n<p>&nbsp;<\/p>\n","protected":false},"excerpt":{"rendered":"<p>&nbsp; &nbsp; \u00ab\u00bfQu\u00e9 le pasar\u00eda a la jueza si la obligamos a que le practique sexo oral a cualquier transe\u00fante?\u00bb. Casa de la Mujer pidi\u00f3 que la jueza se ponga en el lugar de la menor, y que no se sigan fomentando estereotipos. \u00abNo podemos hacer responsable a una ni\u00f1a de 13 a\u00f1os que venga [&hellip;]<\/p>\n","protected":false},"author":1,"featured_media":0,"comment_status":"open","ping_status":"open","sticky":false,"template":"","format":"standard","meta":{"iawp_total_views":4,"footnotes":""},"categories":[8,4,21],"tags":[],"class_list":["post-2438","post","type-post","status-publish","format-standard","hentry","category-entrevistas","category-medios","category-noticias"],"nelio_content":{"autoShareEndMode":"never","automationSources":{"useCustomSentences":false,"customSentences":[]},"efiAlt":"","efiUrl":"","followers":[],"highlights":[],"isAutoShareEnabled":true,"networkImageIds":[],"permalinkQueryArgs":[],"series":[],"suggestedReferences":[]},"yoast_head":"<!-- This site is optimized with the Yoast SEO plugin v27.5 - https:\/\/yoast.com\/product\/yoast-seo-wordpress\/ -->\n<title>Fuertes cr\u00edticas de la Casa de la Mujer al fallo de la jueza Rodr\u00edguez - Diario Digital Femenino<\/title>\n<meta name=\"robots\" content=\"index, follow, max-snippet:-1, max-image-preview:large, max-video-preview:-1\" \/>\n<link rel=\"canonical\" href=\"https:\/\/diariofemenino.com.ar\/df\/fuertes-criticas-de-la-casa-de-la-mujer-al-fallo-de-la-jueza-rodriguez\/\" \/>\n<meta property=\"og:locale\" content=\"es_ES\" \/>\n<meta property=\"og:type\" content=\"article\" \/>\n<meta property=\"og:title\" content=\"Fuertes cr\u00edticas de la Casa de la Mujer al fallo de la jueza Rodr\u00edguez - Diario Digital Femenino\" \/>\n<meta property=\"og:description\" content=\"&nbsp; &nbsp; \u00ab\u00bfQu\u00e9 le pasar\u00eda a la jueza si la obligamos a que le practique sexo oral a cualquier transe\u00fante?\u00bb. Casa de la Mujer pidi\u00f3 que la jueza se ponga en el lugar de la menor, y que no se sigan fomentando estereotipos. \u00abNo podemos hacer responsable a una ni\u00f1a de 13 a\u00f1os que venga [&hellip;]\" \/>\n<meta property=\"og:url\" content=\"https:\/\/diariofemenino.com.ar\/df\/fuertes-criticas-de-la-casa-de-la-mujer-al-fallo-de-la-jueza-rodriguez\/\" \/>\n<meta property=\"og:site_name\" content=\"Diario Digital Femenino\" \/>\n<meta property=\"article:publisher\" content=\"https:\/\/www.facebook.com\/DiarioDigitaFemenino\/\" \/>\n<meta property=\"article:published_time\" content=\"2012-07-13T15:17:36+00:00\" \/>\n<meta property=\"og:image\" content=\"http:\/\/www.diariofemenino.com.ar\/wp-content\/uploads\/121381_thumb.jpg\" \/>\n<meta name=\"author\" content=\"Admin\" \/>\n<meta name=\"twitter:card\" content=\"summary_large_image\" \/>\n<meta name=\"twitter:creator\" content=\"@DiarioFemenino1\" \/>\n<meta name=\"twitter:site\" content=\"@DiarioFemenino1\" \/>\n<meta name=\"twitter:label1\" content=\"Escrito por\" \/>\n\t<meta name=\"twitter:data1\" content=\"Admin\" \/>\n\t<meta name=\"twitter:label2\" content=\"Tiempo de lectura\" \/>\n\t<meta name=\"twitter:data2\" content=\"9 minutos\" \/>\n<script type=\"application\/ld+json\" class=\"yoast-schema-graph\">{\"@context\":\"https:\\\/\\\/schema.org\",\"@graph\":[{\"@type\":\"Article\",\"@id\":\"https:\\\/\\\/diariofemenino.com.ar\\\/df\\\/fuertes-criticas-de-la-casa-de-la-mujer-al-fallo-de-la-jueza-rodriguez\\\/#article\",\"isPartOf\":{\"@id\":\"https:\\\/\\\/diariofemenino.com.ar\\\/df\\\/fuertes-criticas-de-la-casa-de-la-mujer-al-fallo-de-la-jueza-rodriguez\\\/\"},\"author\":{\"name\":\"Admin\",\"@id\":\"https:\\\/\\\/diariofemenino.com.ar\\\/df\\\/#\\\/schema\\\/person\\\/38f54b3bfd13f561de2460ba95c169c6\"},\"headline\":\"Fuertes cr\u00edticas de la Casa de la Mujer al fallo de la jueza Rodr\u00edguez\",\"datePublished\":\"2012-07-13T15:17:36+00:00\",\"mainEntityOfPage\":{\"@id\":\"https:\\\/\\\/diariofemenino.com.ar\\\/df\\\/fuertes-criticas-de-la-casa-de-la-mujer-al-fallo-de-la-jueza-rodriguez\\\/\"},\"wordCount\":1836,\"commentCount\":0,\"publisher\":{\"@id\":\"https:\\\/\\\/diariofemenino.com.ar\\\/df\\\/#organization\"},\"image\":{\"@id\":\"https:\\\/\\\/diariofemenino.com.ar\\\/df\\\/fuertes-criticas-de-la-casa-de-la-mujer-al-fallo-de-la-jueza-rodriguez\\\/#primaryimage\"},\"thumbnailUrl\":\"http:\\\/\\\/www.diariofemenino.com.ar\\\/wp-content\\\/uploads\\\/121381_thumb.jpg\",\"articleSection\":[\"Entrevistas\",\"Medios\",\"Noticias\"],\"inLanguage\":\"es\",\"potentialAction\":[{\"@type\":\"CommentAction\",\"name\":\"Comment\",\"target\":[\"https:\\\/\\\/diariofemenino.com.ar\\\/df\\\/fuertes-criticas-de-la-casa-de-la-mujer-al-fallo-de-la-jueza-rodriguez\\\/#respond\"]}]},{\"@type\":\"WebPage\",\"@id\":\"https:\\\/\\\/diariofemenino.com.ar\\\/df\\\/fuertes-criticas-de-la-casa-de-la-mujer-al-fallo-de-la-jueza-rodriguez\\\/\",\"url\":\"https:\\\/\\\/diariofemenino.com.ar\\\/df\\\/fuertes-criticas-de-la-casa-de-la-mujer-al-fallo-de-la-jueza-rodriguez\\\/\",\"name\":\"Fuertes cr\u00edticas de la Casa de la Mujer al fallo de la jueza Rodr\u00edguez - Diario Digital Femenino\",\"isPartOf\":{\"@id\":\"https:\\\/\\\/diariofemenino.com.ar\\\/df\\\/#website\"},\"primaryImageOfPage\":{\"@id\":\"https:\\\/\\\/diariofemenino.com.ar\\\/df\\\/fuertes-criticas-de-la-casa-de-la-mujer-al-fallo-de-la-jueza-rodriguez\\\/#primaryimage\"},\"image\":{\"@id\":\"https:\\\/\\\/diariofemenino.com.ar\\\/df\\\/fuertes-criticas-de-la-casa-de-la-mujer-al-fallo-de-la-jueza-rodriguez\\\/#primaryimage\"},\"thumbnailUrl\":\"http:\\\/\\\/www.diariofemenino.com.ar\\\/wp-content\\\/uploads\\\/121381_thumb.jpg\",\"datePublished\":\"2012-07-13T15:17:36+00:00\",\"breadcrumb\":{\"@id\":\"https:\\\/\\\/diariofemenino.com.ar\\\/df\\\/fuertes-criticas-de-la-casa-de-la-mujer-al-fallo-de-la-jueza-rodriguez\\\/#breadcrumb\"},\"inLanguage\":\"es\",\"potentialAction\":[{\"@type\":\"ReadAction\",\"target\":[\"https:\\\/\\\/diariofemenino.com.ar\\\/df\\\/fuertes-criticas-de-la-casa-de-la-mujer-al-fallo-de-la-jueza-rodriguez\\\/\"]}]},{\"@type\":\"ImageObject\",\"inLanguage\":\"es\",\"@id\":\"https:\\\/\\\/diariofemenino.com.ar\\\/df\\\/fuertes-criticas-de-la-casa-de-la-mujer-al-fallo-de-la-jueza-rodriguez\\\/#primaryimage\",\"url\":\"http:\\\/\\\/www.diariofemenino.com.ar\\\/wp-content\\\/uploads\\\/121381_thumb.jpg\",\"contentUrl\":\"http:\\\/\\\/www.diariofemenino.com.ar\\\/wp-content\\\/uploads\\\/121381_thumb.jpg\"},{\"@type\":\"BreadcrumbList\",\"@id\":\"https:\\\/\\\/diariofemenino.com.ar\\\/df\\\/fuertes-criticas-de-la-casa-de-la-mujer-al-fallo-de-la-jueza-rodriguez\\\/#breadcrumb\",\"itemListElement\":[{\"@type\":\"ListItem\",\"position\":1,\"name\":\"Portada\",\"item\":\"https:\\\/\\\/diariofemenino.com.ar\\\/df\\\/\"},{\"@type\":\"ListItem\",\"position\":2,\"name\":\"Fuertes cr\u00edticas de la Casa de la Mujer al fallo de la jueza Rodr\u00edguez\"}]},{\"@type\":\"WebSite\",\"@id\":\"https:\\\/\\\/diariofemenino.com.ar\\\/df\\\/#website\",\"url\":\"https:\\\/\\\/diariofemenino.com.ar\\\/df\\\/\",\"name\":\"Diario Digital Femenino\",\"description\":\"Cuesti\u00f3n de G\u00e9nero\",\"publisher\":{\"@id\":\"https:\\\/\\\/diariofemenino.com.ar\\\/df\\\/#organization\"},\"potentialAction\":[{\"@type\":\"SearchAction\",\"target\":{\"@type\":\"EntryPoint\",\"urlTemplate\":\"https:\\\/\\\/diariofemenino.com.ar\\\/df\\\/?s={search_term_string}\"},\"query-input\":{\"@type\":\"PropertyValueSpecification\",\"valueRequired\":true,\"valueName\":\"search_term_string\"}}],\"inLanguage\":\"es\"},{\"@type\":\"Organization\",\"@id\":\"https:\\\/\\\/diariofemenino.com.ar\\\/df\\\/#organization\",\"name\":\"Diario Femenino\",\"url\":\"https:\\\/\\\/diariofemenino.com.ar\\\/df\\\/\",\"logo\":{\"@type\":\"ImageObject\",\"inLanguage\":\"es\",\"@id\":\"https:\\\/\\\/diariofemenino.com.ar\\\/df\\\/#\\\/schema\\\/logo\\\/image\\\/\",\"url\":\"https:\\\/\\\/diariofemenino.com.ar\\\/df\\\/wp-content\\\/uploads\\\/2018\\\/10\\\/logo.png\",\"contentUrl\":\"https:\\\/\\\/diariofemenino.com.ar\\\/df\\\/wp-content\\\/uploads\\\/2018\\\/10\\\/logo.png\",\"width\":500,\"height\":92,\"caption\":\"Diario Femenino\"},\"image\":{\"@id\":\"https:\\\/\\\/diariofemenino.com.ar\\\/df\\\/#\\\/schema\\\/logo\\\/image\\\/\"},\"sameAs\":[\"https:\\\/\\\/www.facebook.com\\\/DiarioDigitaFemenino\\\/\",\"https:\\\/\\\/x.com\\\/DiarioFemenino1\"]},{\"@type\":\"Person\",\"@id\":\"https:\\\/\\\/diariofemenino.com.ar\\\/df\\\/#\\\/schema\\\/person\\\/38f54b3bfd13f561de2460ba95c169c6\",\"name\":\"Admin\",\"image\":{\"@type\":\"ImageObject\",\"inLanguage\":\"es\",\"@id\":\"https:\\\/\\\/diariofemenino.com.ar\\\/df\\\/wp-content\\\/uploads\\\/2018\\\/12\\\/favicon-150x150.jpg\",\"url\":\"https:\\\/\\\/diariofemenino.com.ar\\\/df\\\/wp-content\\\/uploads\\\/2018\\\/12\\\/favicon-150x150.jpg\",\"contentUrl\":\"https:\\\/\\\/diariofemenino.com.ar\\\/df\\\/wp-content\\\/uploads\\\/2018\\\/12\\\/favicon-150x150.jpg\",\"caption\":\"Admin\"},\"url\":\"https:\\\/\\\/diariofemenino.com.ar\\\/df\\\/author\\\/adm18df\\\/\"}]}<\/script>\n<!-- \/ Yoast SEO plugin. -->","yoast_head_json":{"title":"Fuertes cr\u00edticas de la Casa de la Mujer al fallo de la jueza Rodr\u00edguez - Diario Digital Femenino","robots":{"index":"index","follow":"follow","max-snippet":"max-snippet:-1","max-image-preview":"max-image-preview:large","max-video-preview":"max-video-preview:-1"},"canonical":"https:\/\/diariofemenino.com.ar\/df\/fuertes-criticas-de-la-casa-de-la-mujer-al-fallo-de-la-jueza-rodriguez\/","og_locale":"es_ES","og_type":"article","og_title":"Fuertes cr\u00edticas de la Casa de la Mujer al fallo de la jueza Rodr\u00edguez - Diario Digital Femenino","og_description":"&nbsp; &nbsp; \u00ab\u00bfQu\u00e9 le pasar\u00eda a la jueza si la obligamos a que le practique sexo oral a cualquier transe\u00fante?\u00bb. Casa de la Mujer pidi\u00f3 que la jueza se ponga en el lugar de la menor, y que no se sigan fomentando estereotipos. \u00abNo podemos hacer responsable a una ni\u00f1a de 13 a\u00f1os que venga [&hellip;]","og_url":"https:\/\/diariofemenino.com.ar\/df\/fuertes-criticas-de-la-casa-de-la-mujer-al-fallo-de-la-jueza-rodriguez\/","og_site_name":"Diario Digital Femenino","article_publisher":"https:\/\/www.facebook.com\/DiarioDigitaFemenino\/","article_published_time":"2012-07-13T15:17:36+00:00","og_image":[{"url":"http:\/\/www.diariofemenino.com.ar\/wp-content\/uploads\/121381_thumb.jpg","type":"","width":"","height":""}],"author":"Admin","twitter_card":"summary_large_image","twitter_creator":"@DiarioFemenino1","twitter_site":"@DiarioFemenino1","twitter_misc":{"Escrito por":"Admin","Tiempo de lectura":"9 minutos"},"schema":{"@context":"https:\/\/schema.org","@graph":[{"@type":"Article","@id":"https:\/\/diariofemenino.com.ar\/df\/fuertes-criticas-de-la-casa-de-la-mujer-al-fallo-de-la-jueza-rodriguez\/#article","isPartOf":{"@id":"https:\/\/diariofemenino.com.ar\/df\/fuertes-criticas-de-la-casa-de-la-mujer-al-fallo-de-la-jueza-rodriguez\/"},"author":{"name":"Admin","@id":"https:\/\/diariofemenino.com.ar\/df\/#\/schema\/person\/38f54b3bfd13f561de2460ba95c169c6"},"headline":"Fuertes cr\u00edticas de la Casa de la Mujer al fallo de la jueza Rodr\u00edguez","datePublished":"2012-07-13T15:17:36+00:00","mainEntityOfPage":{"@id":"https:\/\/diariofemenino.com.ar\/df\/fuertes-criticas-de-la-casa-de-la-mujer-al-fallo-de-la-jueza-rodriguez\/"},"wordCount":1836,"commentCount":0,"publisher":{"@id":"https:\/\/diariofemenino.com.ar\/df\/#organization"},"image":{"@id":"https:\/\/diariofemenino.com.ar\/df\/fuertes-criticas-de-la-casa-de-la-mujer-al-fallo-de-la-jueza-rodriguez\/#primaryimage"},"thumbnailUrl":"http:\/\/www.diariofemenino.com.ar\/wp-content\/uploads\/121381_thumb.jpg","articleSection":["Entrevistas","Medios","Noticias"],"inLanguage":"es","potentialAction":[{"@type":"CommentAction","name":"Comment","target":["https:\/\/diariofemenino.com.ar\/df\/fuertes-criticas-de-la-casa-de-la-mujer-al-fallo-de-la-jueza-rodriguez\/#respond"]}]},{"@type":"WebPage","@id":"https:\/\/diariofemenino.com.ar\/df\/fuertes-criticas-de-la-casa-de-la-mujer-al-fallo-de-la-jueza-rodriguez\/","url":"https:\/\/diariofemenino.com.ar\/df\/fuertes-criticas-de-la-casa-de-la-mujer-al-fallo-de-la-jueza-rodriguez\/","name":"Fuertes cr\u00edticas de la Casa de la Mujer al fallo de la jueza Rodr\u00edguez - Diario Digital Femenino","isPartOf":{"@id":"https:\/\/diariofemenino.com.ar\/df\/#website"},"primaryImageOfPage":{"@id":"https:\/\/diariofemenino.com.ar\/df\/fuertes-criticas-de-la-casa-de-la-mujer-al-fallo-de-la-jueza-rodriguez\/#primaryimage"},"image":{"@id":"https:\/\/diariofemenino.com.ar\/df\/fuertes-criticas-de-la-casa-de-la-mujer-al-fallo-de-la-jueza-rodriguez\/#primaryimage"},"thumbnailUrl":"http:\/\/www.diariofemenino.com.ar\/wp-content\/uploads\/121381_thumb.jpg","datePublished":"2012-07-13T15:17:36+00:00","breadcrumb":{"@id":"https:\/\/diariofemenino.com.ar\/df\/fuertes-criticas-de-la-casa-de-la-mujer-al-fallo-de-la-jueza-rodriguez\/#breadcrumb"},"inLanguage":"es","potentialAction":[{"@type":"ReadAction","target":["https:\/\/diariofemenino.com.ar\/df\/fuertes-criticas-de-la-casa-de-la-mujer-al-fallo-de-la-jueza-rodriguez\/"]}]},{"@type":"ImageObject","inLanguage":"es","@id":"https:\/\/diariofemenino.com.ar\/df\/fuertes-criticas-de-la-casa-de-la-mujer-al-fallo-de-la-jueza-rodriguez\/#primaryimage","url":"http:\/\/www.diariofemenino.com.ar\/wp-content\/uploads\/121381_thumb.jpg","contentUrl":"http:\/\/www.diariofemenino.com.ar\/wp-content\/uploads\/121381_thumb.jpg"},{"@type":"BreadcrumbList","@id":"https:\/\/diariofemenino.com.ar\/df\/fuertes-criticas-de-la-casa-de-la-mujer-al-fallo-de-la-jueza-rodriguez\/#breadcrumb","itemListElement":[{"@type":"ListItem","position":1,"name":"Portada","item":"https:\/\/diariofemenino.com.ar\/df\/"},{"@type":"ListItem","position":2,"name":"Fuertes cr\u00edticas de la Casa de la Mujer al fallo de la jueza Rodr\u00edguez"}]},{"@type":"WebSite","@id":"https:\/\/diariofemenino.com.ar\/df\/#website","url":"https:\/\/diariofemenino.com.ar\/df\/","name":"Diario Digital Femenino","description":"Cuesti\u00f3n de G\u00e9nero","publisher":{"@id":"https:\/\/diariofemenino.com.ar\/df\/#organization"},"potentialAction":[{"@type":"SearchAction","target":{"@type":"EntryPoint","urlTemplate":"https:\/\/diariofemenino.com.ar\/df\/?s={search_term_string}"},"query-input":{"@type":"PropertyValueSpecification","valueRequired":true,"valueName":"search_term_string"}}],"inLanguage":"es"},{"@type":"Organization","@id":"https:\/\/diariofemenino.com.ar\/df\/#organization","name":"Diario Femenino","url":"https:\/\/diariofemenino.com.ar\/df\/","logo":{"@type":"ImageObject","inLanguage":"es","@id":"https:\/\/diariofemenino.com.ar\/df\/#\/schema\/logo\/image\/","url":"https:\/\/diariofemenino.com.ar\/df\/wp-content\/uploads\/2018\/10\/logo.png","contentUrl":"https:\/\/diariofemenino.com.ar\/df\/wp-content\/uploads\/2018\/10\/logo.png","width":500,"height":92,"caption":"Diario Femenino"},"image":{"@id":"https:\/\/diariofemenino.com.ar\/df\/#\/schema\/logo\/image\/"},"sameAs":["https:\/\/www.facebook.com\/DiarioDigitaFemenino\/","https:\/\/x.com\/DiarioFemenino1"]},{"@type":"Person","@id":"https:\/\/diariofemenino.com.ar\/df\/#\/schema\/person\/38f54b3bfd13f561de2460ba95c169c6","name":"Admin","image":{"@type":"ImageObject","inLanguage":"es","@id":"https:\/\/diariofemenino.com.ar\/df\/wp-content\/uploads\/2018\/12\/favicon-150x150.jpg","url":"https:\/\/diariofemenino.com.ar\/df\/wp-content\/uploads\/2018\/12\/favicon-150x150.jpg","contentUrl":"https:\/\/diariofemenino.com.ar\/df\/wp-content\/uploads\/2018\/12\/favicon-150x150.jpg","caption":"Admin"},"url":"https:\/\/diariofemenino.com.ar\/df\/author\/adm18df\/"}]}},"jetpack_featured_media_url":"","jetpack_sharing_enabled":true,"rttpg_featured_image_url":null,"rttpg_author":{"display_name":"Admin","author_link":"https:\/\/diariofemenino.com.ar\/df\/author\/adm18df\/"},"rttpg_comment":0,"rttpg_category":"<a href=\"https:\/\/diariofemenino.com.ar\/df\/category\/entrevistas\/\" rel=\"category tag\">Entrevistas<\/a> <a href=\"https:\/\/diariofemenino.com.ar\/df\/category\/medios\/\" rel=\"category tag\">Medios<\/a> <a href=\"https:\/\/diariofemenino.com.ar\/df\/category\/noticias\/\" rel=\"category tag\">Noticias<\/a>","rttpg_excerpt":"&nbsp; &nbsp; \u00ab\u00bfQu\u00e9 le pasar\u00eda a la jueza si la obligamos a que le practique sexo oral a cualquier transe\u00fante?\u00bb. Casa de la Mujer pidi\u00f3 que la jueza se ponga en el lugar de la menor, y que no se sigan fomentando estereotipos. \u00abNo podemos hacer responsable a una ni\u00f1a de 13 a\u00f1os que venga&hellip;","_links":{"self":[{"href":"https:\/\/diariofemenino.com.ar\/df\/wp-json\/wp\/v2\/posts\/2438","targetHints":{"allow":["GET"]}}],"collection":[{"href":"https:\/\/diariofemenino.com.ar\/df\/wp-json\/wp\/v2\/posts"}],"about":[{"href":"https:\/\/diariofemenino.com.ar\/df\/wp-json\/wp\/v2\/types\/post"}],"author":[{"embeddable":true,"href":"https:\/\/diariofemenino.com.ar\/df\/wp-json\/wp\/v2\/users\/1"}],"replies":[{"embeddable":true,"href":"https:\/\/diariofemenino.com.ar\/df\/wp-json\/wp\/v2\/comments?post=2438"}],"version-history":[{"count":0,"href":"https:\/\/diariofemenino.com.ar\/df\/wp-json\/wp\/v2\/posts\/2438\/revisions"}],"wp:attachment":[{"href":"https:\/\/diariofemenino.com.ar\/df\/wp-json\/wp\/v2\/media?parent=2438"}],"wp:term":[{"taxonomy":"category","embeddable":true,"href":"https:\/\/diariofemenino.com.ar\/df\/wp-json\/wp\/v2\/categories?post=2438"},{"taxonomy":"post_tag","embeddable":true,"href":"https:\/\/diariofemenino.com.ar\/df\/wp-json\/wp\/v2\/tags?post=2438"}],"curies":[{"name":"wp","href":"https:\/\/api.w.org\/{rel}","templated":true}]}}