{"id":2434,"date":"2012-07-11T19:04:14","date_gmt":"2012-07-11T22:04:14","guid":{"rendered":"http:\/\/www.diariofemenino.com.ar\/?p=2434"},"modified":"2012-07-11T19:04:14","modified_gmt":"2012-07-11T22:04:14","slug":"femicidio-prision-perpetua-al-ex-catequista-por-el-crimen-de-su-ex-novia","status":"publish","type":"post","link":"https:\/\/diariofemenino.com.ar\/df\/femicidio-prision-perpetua-al-ex-catequista-por-el-crimen-de-su-ex-novia\/","title":{"rendered":"Femicidio: Prisi\u00f3n perpetua al ex catequista por el crimen de su ex novia"},"content":{"rendered":"<p>&nbsp;<br \/>\n&nbsp;<br \/>\n&nbsp;<br \/>\n<em>Un ex catequista fue condenado hoy a prisi\u00f3n perpetua por asesinar de 18 pu\u00f1aladas a su ex novia, la estudiante de Letras Noelia Delic, el 6 de octubre de 2010 en el partido bonaerense de Avellaneda.<\/em><br \/>\nEl Tribunal Oral en lo Criminal (TOC) 5 de Lomas de Zamora conden\u00f3 en un fallo un\u00e1nime a Lucas Ezequiel Mart\u00ednez Rudaz (24) por el delito de \u00abhomicidio calificado por alevos\u00eda\u00bb de Delic, por considerar que era \u00ababsolutamente indudable\u00bb su participaci\u00f3n en el hecho.<br \/>\nCon la ausencia tanto del imputado y su defensora oficial, Irene Raquel Silveti, as\u00ed como del fiscal que actu\u00f3 en el juicio, Bernardo Schell, la secretaria del Tribunal ley\u00f3 durante dos horas los fundamentos del fallo condenatorio.<br \/>\nLos jueces Guillermo Puime, Pedro Pianta y Mar\u00eda del Carmen Mora, consideraron que las pruebas \u00abpor dem\u00e1s elocuentes\u00bb surgidas en el debate les permitieron asegurar que es \u00ababsolutamente indudable que el imputado le dio muerte a Noelia Delic\u00bb.<br \/>\n\u00abLa joven muerta era un gran ser humano\u00bb que se encontr\u00f3 en el lugar del hecho ante Mart\u00ednez en \u00abevidente estado de indefensi\u00f3n\u00bb,sostuvo el tribunal.<br \/>\nUno de los principales argumentos vertidos por los jueces para acreditar la culpabilidad de Mart\u00ednez fue una carta que envi\u00f3 desde la c\u00e1rcel a una amiga de la v\u00edctima, llamada Yamila Comesa\u00f1a, a quien le confesaba que en \u00abcinco minutos de locura\u00bb hab\u00eda perdido \u00abtodo\u00bb.<br \/>\nLa carta, sobre la que se realiz\u00f3 un peritaje caligr\u00e1fico que demostr\u00f3 que hab\u00eda sido escrita por Mart\u00ednez, fue tomada en cuenta por el Tribunal como \u00abdefinitivamente incriminatoria\u00bb.<br \/>\nAdem\u00e1s, los jueces descartaron la versi\u00f3n vertida por el propio imputado durante el juicio, quien manifest\u00f3 que hab\u00eda sido amenazado por la polic\u00eda para autoinculparse.<br \/>\nSi bien el imputado decidi\u00f3 no presenciar el veredicto, la sala de audiencias de la planta baja de los Tribunales de Lomas de Zamora estuvo colmada por unos 70 familiares, amigos y conocidos de la v\u00edctima, cada uno de los cuales llevaba un cartel colgado del cuello con una foto de la v\u00edctima y leyendas como \u00abJusticia para Noelia Delic\u00bb o \u00abPrisi\u00f3n perpetua\u00bb.<br \/>\nUna vez que el presidente del Tribunal Guillermo Puime dio por terminada la audiencia, se pusieron de pie y comenzaron a aplaudir, mientras que los padres de Noelia, Pedro y Graciela Delic, se abrazaban con l\u00e1grimas en los ojos.<br \/>\n\u00abSe hizo mucha justicia, siento mucha paz\u00bb, dijo Graciela a la prensa a\u00fan dentro de la sala, al tiempo que agreg\u00f3 que \u00abno tienen que quedar dudas que cuando una mujer dice no, es no\u00bb y que su hija \u00abdijo no y ese no lo mantuvo con su vida\u00bb.<br \/>\nPor su parte, Pedro Delic agradeci\u00f3 al tribunal por el fallo y resalt\u00f3 que m\u00e1s all\u00e1 de su satisfacci\u00f3n tambi\u00e9n sent\u00eda \u00abdolor porque \u00e9l (el condenado) tambi\u00e9n va a tener que pagar\u00bb<br \/>\n\u00abMe hubiera gustado que me hubiera contado por qu\u00e9, cu\u00e1l fue la raz\u00f3n, no hubo arrepentimiento. No necesitaba hacer eso, podr\u00eda haber venido a hablar conmigo si hubiera necesitado algo\u00bb, dijo Pedro, en referencia a la ausencia de Mart\u00ednez en la sentencia.<br \/>\nNoelia Delic (24) estudiaba Letras en la Universidad Cat\u00f3lica Argentina (UCA), era docente de Lengua en el Instituto religioso Loreto, de Sarand\u00ed, e integraba el grupo juvenil de la parroquia Nuestra Se\u00f1ora del Carmen, de Avellaneda, donde el acusado hab\u00eda sido catequista y sus padres oficiaban de acompa\u00f1antes en los peregrinajes que los fieles realizaban a la Bas\u00edlica de Luj\u00e1n.<br \/>\nLa v\u00edctima y Mart\u00ednez se conoc\u00edan desde el jard\u00edn de infantes y hab\u00edan terminado en buenos t\u00e9rminos una relaci\u00f3n sentimental que hab\u00edan mantenido entre principios de 2005 y diciembre de 2007, casi tres a\u00f1os antes de cometido el asesinato.<br \/>\nEl crimen fue cometido el 6 de octubre de 2010, alrededor de las 15.30, en el hall de entrada de una casa ubicada en Otero 258, de Villa Dom\u00ednico, donde la chica fue encontrada gravemente herida por su novio, Ezequiel Camarano, que la traslad\u00f3 junto con un primo a la Cl\u00ednica Modelo de Quilmes, donde muri\u00f3.<br \/>\nLos jueces determinaron hoy que Mart\u00ednez le hab\u00eda aplicado a la joven unas 18 pu\u00f1aladas en el cuello, en la zona lumbar y t\u00f3rax, adem\u00e1s de la tr\u00e1quea rota y luego escap\u00f3.<br \/>\n&nbsp;<br \/>\nFuente: <a href=\"http:\/\/www.telam.com.ar\/nota\/31289\/\">T\u00e9lam <\/a><br \/>\n&nbsp;<br \/>\n&nbsp;<br \/>\n&nbsp;<\/p>\n","protected":false},"excerpt":{"rendered":"<p>&nbsp; &nbsp; &nbsp; Un ex catequista fue condenado hoy a prisi\u00f3n perpetua por asesinar de 18 pu\u00f1aladas a su ex novia, la estudiante de Letras Noelia Delic, el 6 de octubre de 2010 en el partido bonaerense de Avellaneda. El Tribunal Oral en lo Criminal (TOC) 5 de Lomas de Zamora conden\u00f3 en un fallo [&hellip;]<\/p>\n","protected":false},"author":1,"featured_media":0,"comment_status":"open","ping_status":"open","sticky":false,"template":"","format":"standard","meta":{"iawp_total_views":48,"footnotes":""},"categories":[5,4,13],"tags":[],"class_list":["post-2434","post","type-post","status-publish","format-standard","hentry","category-historias-de-vida","category-medios","category-mujeres-sindicalistas"],"nelio_content":{"autoShareEndMode":"never","automationSources":{"useCustomSentences":false,"customSentences":[]},"efiAlt":"","efiUrl":"","followers":[],"highlights":[],"isAutoShareEnabled":true,"networkImageIds":[],"permalinkQueryArgs":[],"series":[],"suggestedReferences":[]},"yoast_head":"<!-- This site is optimized with the Yoast SEO plugin v27.5 - https:\/\/yoast.com\/product\/yoast-seo-wordpress\/ -->\n<title>Femicidio: Prisi\u00f3n perpetua al ex catequista por el crimen de su ex novia - Diario Digital Femenino<\/title>\n<meta name=\"robots\" content=\"index, follow, max-snippet:-1, max-image-preview:large, max-video-preview:-1\" \/>\n<link rel=\"canonical\" href=\"https:\/\/diariofemenino.com.ar\/df\/femicidio-prision-perpetua-al-ex-catequista-por-el-crimen-de-su-ex-novia\/\" \/>\n<meta property=\"og:locale\" content=\"es_ES\" \/>\n<meta property=\"og:type\" content=\"article\" \/>\n<meta property=\"og:title\" content=\"Femicidio: Prisi\u00f3n perpetua al ex catequista por el crimen de su ex novia - Diario Digital Femenino\" \/>\n<meta property=\"og:description\" content=\"&nbsp; &nbsp; &nbsp; Un ex catequista fue condenado hoy a prisi\u00f3n perpetua por asesinar de 18 pu\u00f1aladas a su ex novia, la estudiante de Letras Noelia Delic, el 6 de octubre de 2010 en el partido bonaerense de Avellaneda. El Tribunal Oral en lo Criminal (TOC) 5 de Lomas de Zamora conden\u00f3 en un fallo [&hellip;]\" \/>\n<meta property=\"og:url\" content=\"https:\/\/diariofemenino.com.ar\/df\/femicidio-prision-perpetua-al-ex-catequista-por-el-crimen-de-su-ex-novia\/\" \/>\n<meta property=\"og:site_name\" content=\"Diario Digital Femenino\" \/>\n<meta property=\"article:publisher\" content=\"https:\/\/www.facebook.com\/DiarioDigitaFemenino\/\" \/>\n<meta property=\"article:published_time\" content=\"2012-07-11T22:04:14+00:00\" \/>\n<meta property=\"og:image\" content=\"https:\/\/diariofemenino.com.ar\/df\/wp-content\/uploads\/2016\/10\/logo-negro.png\" \/>\n\t<meta property=\"og:image:width\" content=\"855\" \/>\n\t<meta property=\"og:image:height\" content=\"319\" \/>\n\t<meta property=\"og:image:type\" content=\"image\/png\" \/>\n<meta name=\"author\" content=\"Admin\" \/>\n<meta name=\"twitter:card\" content=\"summary_large_image\" \/>\n<meta name=\"twitter:creator\" content=\"@DiarioFemenino1\" \/>\n<meta name=\"twitter:site\" content=\"@DiarioFemenino1\" \/>\n<meta name=\"twitter:label1\" content=\"Escrito por\" \/>\n\t<meta name=\"twitter:data1\" content=\"Admin\" \/>\n\t<meta name=\"twitter:label2\" content=\"Tiempo de lectura\" \/>\n\t<meta name=\"twitter:data2\" content=\"4 minutos\" \/>\n<script type=\"application\/ld+json\" class=\"yoast-schema-graph\">{\"@context\":\"https:\\\/\\\/schema.org\",\"@graph\":[{\"@type\":\"Article\",\"@id\":\"https:\\\/\\\/diariofemenino.com.ar\\\/df\\\/femicidio-prision-perpetua-al-ex-catequista-por-el-crimen-de-su-ex-novia\\\/#article\",\"isPartOf\":{\"@id\":\"https:\\\/\\\/diariofemenino.com.ar\\\/df\\\/femicidio-prision-perpetua-al-ex-catequista-por-el-crimen-de-su-ex-novia\\\/\"},\"author\":{\"name\":\"Admin\",\"@id\":\"https:\\\/\\\/diariofemenino.com.ar\\\/df\\\/#\\\/schema\\\/person\\\/38f54b3bfd13f561de2460ba95c169c6\"},\"headline\":\"Femicidio: Prisi\u00f3n perpetua al ex catequista por el crimen de su ex novia\",\"datePublished\":\"2012-07-11T22:04:14+00:00\",\"mainEntityOfPage\":{\"@id\":\"https:\\\/\\\/diariofemenino.com.ar\\\/df\\\/femicidio-prision-perpetua-al-ex-catequista-por-el-crimen-de-su-ex-novia\\\/\"},\"wordCount\":760,\"commentCount\":0,\"publisher\":{\"@id\":\"https:\\\/\\\/diariofemenino.com.ar\\\/df\\\/#organization\"},\"articleSection\":[\"Historias de vida\",\"Medios\",\"Mujeres Sindicalistas\"],\"inLanguage\":\"es\",\"potentialAction\":[{\"@type\":\"CommentAction\",\"name\":\"Comment\",\"target\":[\"https:\\\/\\\/diariofemenino.com.ar\\\/df\\\/femicidio-prision-perpetua-al-ex-catequista-por-el-crimen-de-su-ex-novia\\\/#respond\"]}]},{\"@type\":\"WebPage\",\"@id\":\"https:\\\/\\\/diariofemenino.com.ar\\\/df\\\/femicidio-prision-perpetua-al-ex-catequista-por-el-crimen-de-su-ex-novia\\\/\",\"url\":\"https:\\\/\\\/diariofemenino.com.ar\\\/df\\\/femicidio-prision-perpetua-al-ex-catequista-por-el-crimen-de-su-ex-novia\\\/\",\"name\":\"Femicidio: Prisi\u00f3n perpetua al ex catequista por el crimen de su ex novia - Diario Digital Femenino\",\"isPartOf\":{\"@id\":\"https:\\\/\\\/diariofemenino.com.ar\\\/df\\\/#website\"},\"datePublished\":\"2012-07-11T22:04:14+00:00\",\"breadcrumb\":{\"@id\":\"https:\\\/\\\/diariofemenino.com.ar\\\/df\\\/femicidio-prision-perpetua-al-ex-catequista-por-el-crimen-de-su-ex-novia\\\/#breadcrumb\"},\"inLanguage\":\"es\",\"potentialAction\":[{\"@type\":\"ReadAction\",\"target\":[\"https:\\\/\\\/diariofemenino.com.ar\\\/df\\\/femicidio-prision-perpetua-al-ex-catequista-por-el-crimen-de-su-ex-novia\\\/\"]}]},{\"@type\":\"BreadcrumbList\",\"@id\":\"https:\\\/\\\/diariofemenino.com.ar\\\/df\\\/femicidio-prision-perpetua-al-ex-catequista-por-el-crimen-de-su-ex-novia\\\/#breadcrumb\",\"itemListElement\":[{\"@type\":\"ListItem\",\"position\":1,\"name\":\"Portada\",\"item\":\"https:\\\/\\\/diariofemenino.com.ar\\\/df\\\/\"},{\"@type\":\"ListItem\",\"position\":2,\"name\":\"Femicidio: Prisi\u00f3n perpetua al ex catequista por el crimen de su ex novia\"}]},{\"@type\":\"WebSite\",\"@id\":\"https:\\\/\\\/diariofemenino.com.ar\\\/df\\\/#website\",\"url\":\"https:\\\/\\\/diariofemenino.com.ar\\\/df\\\/\",\"name\":\"Diario Digital Femenino\",\"description\":\"Cuesti\u00f3n de G\u00e9nero\",\"publisher\":{\"@id\":\"https:\\\/\\\/diariofemenino.com.ar\\\/df\\\/#organization\"},\"potentialAction\":[{\"@type\":\"SearchAction\",\"target\":{\"@type\":\"EntryPoint\",\"urlTemplate\":\"https:\\\/\\\/diariofemenino.com.ar\\\/df\\\/?s={search_term_string}\"},\"query-input\":{\"@type\":\"PropertyValueSpecification\",\"valueRequired\":true,\"valueName\":\"search_term_string\"}}],\"inLanguage\":\"es\"},{\"@type\":\"Organization\",\"@id\":\"https:\\\/\\\/diariofemenino.com.ar\\\/df\\\/#organization\",\"name\":\"Diario Femenino\",\"url\":\"https:\\\/\\\/diariofemenino.com.ar\\\/df\\\/\",\"logo\":{\"@type\":\"ImageObject\",\"inLanguage\":\"es\",\"@id\":\"https:\\\/\\\/diariofemenino.com.ar\\\/df\\\/#\\\/schema\\\/logo\\\/image\\\/\",\"url\":\"https:\\\/\\\/diariofemenino.com.ar\\\/df\\\/wp-content\\\/uploads\\\/2018\\\/10\\\/logo.png\",\"contentUrl\":\"https:\\\/\\\/diariofemenino.com.ar\\\/df\\\/wp-content\\\/uploads\\\/2018\\\/10\\\/logo.png\",\"width\":500,\"height\":92,\"caption\":\"Diario Femenino\"},\"image\":{\"@id\":\"https:\\\/\\\/diariofemenino.com.ar\\\/df\\\/#\\\/schema\\\/logo\\\/image\\\/\"},\"sameAs\":[\"https:\\\/\\\/www.facebook.com\\\/DiarioDigitaFemenino\\\/\",\"https:\\\/\\\/x.com\\\/DiarioFemenino1\"]},{\"@type\":\"Person\",\"@id\":\"https:\\\/\\\/diariofemenino.com.ar\\\/df\\\/#\\\/schema\\\/person\\\/38f54b3bfd13f561de2460ba95c169c6\",\"name\":\"Admin\",\"image\":{\"@type\":\"ImageObject\",\"inLanguage\":\"es\",\"@id\":\"https:\\\/\\\/diariofemenino.com.ar\\\/df\\\/wp-content\\\/uploads\\\/2018\\\/12\\\/favicon-150x150.jpg\",\"url\":\"https:\\\/\\\/diariofemenino.com.ar\\\/df\\\/wp-content\\\/uploads\\\/2018\\\/12\\\/favicon-150x150.jpg\",\"contentUrl\":\"https:\\\/\\\/diariofemenino.com.ar\\\/df\\\/wp-content\\\/uploads\\\/2018\\\/12\\\/favicon-150x150.jpg\",\"caption\":\"Admin\"},\"url\":\"https:\\\/\\\/diariofemenino.com.ar\\\/df\\\/author\\\/adm18df\\\/\"}]}<\/script>\n<!-- \/ Yoast SEO plugin. -->","yoast_head_json":{"title":"Femicidio: Prisi\u00f3n perpetua al ex catequista por el crimen de su ex novia - Diario Digital Femenino","robots":{"index":"index","follow":"follow","max-snippet":"max-snippet:-1","max-image-preview":"max-image-preview:large","max-video-preview":"max-video-preview:-1"},"canonical":"https:\/\/diariofemenino.com.ar\/df\/femicidio-prision-perpetua-al-ex-catequista-por-el-crimen-de-su-ex-novia\/","og_locale":"es_ES","og_type":"article","og_title":"Femicidio: Prisi\u00f3n perpetua al ex catequista por el crimen de su ex novia - Diario Digital Femenino","og_description":"&nbsp; &nbsp; &nbsp; Un ex catequista fue condenado hoy a prisi\u00f3n perpetua por asesinar de 18 pu\u00f1aladas a su ex novia, la estudiante de Letras Noelia Delic, el 6 de octubre de 2010 en el partido bonaerense de Avellaneda. El Tribunal Oral en lo Criminal (TOC) 5 de Lomas de Zamora conden\u00f3 en un fallo [&hellip;]","og_url":"https:\/\/diariofemenino.com.ar\/df\/femicidio-prision-perpetua-al-ex-catequista-por-el-crimen-de-su-ex-novia\/","og_site_name":"Diario Digital Femenino","article_publisher":"https:\/\/www.facebook.com\/DiarioDigitaFemenino\/","article_published_time":"2012-07-11T22:04:14+00:00","og_image":[{"width":855,"height":319,"url":"https:\/\/diariofemenino.com.ar\/df\/wp-content\/uploads\/2016\/10\/logo-negro.png","type":"image\/png"}],"author":"Admin","twitter_card":"summary_large_image","twitter_creator":"@DiarioFemenino1","twitter_site":"@DiarioFemenino1","twitter_misc":{"Escrito por":"Admin","Tiempo de lectura":"4 minutos"},"schema":{"@context":"https:\/\/schema.org","@graph":[{"@type":"Article","@id":"https:\/\/diariofemenino.com.ar\/df\/femicidio-prision-perpetua-al-ex-catequista-por-el-crimen-de-su-ex-novia\/#article","isPartOf":{"@id":"https:\/\/diariofemenino.com.ar\/df\/femicidio-prision-perpetua-al-ex-catequista-por-el-crimen-de-su-ex-novia\/"},"author":{"name":"Admin","@id":"https:\/\/diariofemenino.com.ar\/df\/#\/schema\/person\/38f54b3bfd13f561de2460ba95c169c6"},"headline":"Femicidio: Prisi\u00f3n perpetua al ex catequista por el crimen de su ex novia","datePublished":"2012-07-11T22:04:14+00:00","mainEntityOfPage":{"@id":"https:\/\/diariofemenino.com.ar\/df\/femicidio-prision-perpetua-al-ex-catequista-por-el-crimen-de-su-ex-novia\/"},"wordCount":760,"commentCount":0,"publisher":{"@id":"https:\/\/diariofemenino.com.ar\/df\/#organization"},"articleSection":["Historias de vida","Medios","Mujeres Sindicalistas"],"inLanguage":"es","potentialAction":[{"@type":"CommentAction","name":"Comment","target":["https:\/\/diariofemenino.com.ar\/df\/femicidio-prision-perpetua-al-ex-catequista-por-el-crimen-de-su-ex-novia\/#respond"]}]},{"@type":"WebPage","@id":"https:\/\/diariofemenino.com.ar\/df\/femicidio-prision-perpetua-al-ex-catequista-por-el-crimen-de-su-ex-novia\/","url":"https:\/\/diariofemenino.com.ar\/df\/femicidio-prision-perpetua-al-ex-catequista-por-el-crimen-de-su-ex-novia\/","name":"Femicidio: Prisi\u00f3n perpetua al ex catequista por el crimen de su ex novia - Diario Digital Femenino","isPartOf":{"@id":"https:\/\/diariofemenino.com.ar\/df\/#website"},"datePublished":"2012-07-11T22:04:14+00:00","breadcrumb":{"@id":"https:\/\/diariofemenino.com.ar\/df\/femicidio-prision-perpetua-al-ex-catequista-por-el-crimen-de-su-ex-novia\/#breadcrumb"},"inLanguage":"es","potentialAction":[{"@type":"ReadAction","target":["https:\/\/diariofemenino.com.ar\/df\/femicidio-prision-perpetua-al-ex-catequista-por-el-crimen-de-su-ex-novia\/"]}]},{"@type":"BreadcrumbList","@id":"https:\/\/diariofemenino.com.ar\/df\/femicidio-prision-perpetua-al-ex-catequista-por-el-crimen-de-su-ex-novia\/#breadcrumb","itemListElement":[{"@type":"ListItem","position":1,"name":"Portada","item":"https:\/\/diariofemenino.com.ar\/df\/"},{"@type":"ListItem","position":2,"name":"Femicidio: Prisi\u00f3n perpetua al ex catequista por el crimen de su ex novia"}]},{"@type":"WebSite","@id":"https:\/\/diariofemenino.com.ar\/df\/#website","url":"https:\/\/diariofemenino.com.ar\/df\/","name":"Diario Digital Femenino","description":"Cuesti\u00f3n de G\u00e9nero","publisher":{"@id":"https:\/\/diariofemenino.com.ar\/df\/#organization"},"potentialAction":[{"@type":"SearchAction","target":{"@type":"EntryPoint","urlTemplate":"https:\/\/diariofemenino.com.ar\/df\/?s={search_term_string}"},"query-input":{"@type":"PropertyValueSpecification","valueRequired":true,"valueName":"search_term_string"}}],"inLanguage":"es"},{"@type":"Organization","@id":"https:\/\/diariofemenino.com.ar\/df\/#organization","name":"Diario Femenino","url":"https:\/\/diariofemenino.com.ar\/df\/","logo":{"@type":"ImageObject","inLanguage":"es","@id":"https:\/\/diariofemenino.com.ar\/df\/#\/schema\/logo\/image\/","url":"https:\/\/diariofemenino.com.ar\/df\/wp-content\/uploads\/2018\/10\/logo.png","contentUrl":"https:\/\/diariofemenino.com.ar\/df\/wp-content\/uploads\/2018\/10\/logo.png","width":500,"height":92,"caption":"Diario Femenino"},"image":{"@id":"https:\/\/diariofemenino.com.ar\/df\/#\/schema\/logo\/image\/"},"sameAs":["https:\/\/www.facebook.com\/DiarioDigitaFemenino\/","https:\/\/x.com\/DiarioFemenino1"]},{"@type":"Person","@id":"https:\/\/diariofemenino.com.ar\/df\/#\/schema\/person\/38f54b3bfd13f561de2460ba95c169c6","name":"Admin","image":{"@type":"ImageObject","inLanguage":"es","@id":"https:\/\/diariofemenino.com.ar\/df\/wp-content\/uploads\/2018\/12\/favicon-150x150.jpg","url":"https:\/\/diariofemenino.com.ar\/df\/wp-content\/uploads\/2018\/12\/favicon-150x150.jpg","contentUrl":"https:\/\/diariofemenino.com.ar\/df\/wp-content\/uploads\/2018\/12\/favicon-150x150.jpg","caption":"Admin"},"url":"https:\/\/diariofemenino.com.ar\/df\/author\/adm18df\/"}]}},"jetpack_featured_media_url":"","jetpack_sharing_enabled":true,"rttpg_featured_image_url":null,"rttpg_author":{"display_name":"Admin","author_link":"https:\/\/diariofemenino.com.ar\/df\/author\/adm18df\/"},"rttpg_comment":0,"rttpg_category":"<a href=\"https:\/\/diariofemenino.com.ar\/df\/category\/historias-de-vida\/\" rel=\"category tag\">Historias de vida<\/a> <a href=\"https:\/\/diariofemenino.com.ar\/df\/category\/medios\/\" rel=\"category tag\">Medios<\/a> <a href=\"https:\/\/diariofemenino.com.ar\/df\/category\/mujeres-sindicalistas\/\" rel=\"category tag\">Mujeres Sindicalistas<\/a>","rttpg_excerpt":"&nbsp; &nbsp; &nbsp; Un ex catequista fue condenado hoy a prisi\u00f3n perpetua por asesinar de 18 pu\u00f1aladas a su ex novia, la estudiante de Letras Noelia Delic, el 6 de octubre de 2010 en el partido bonaerense de Avellaneda. El Tribunal Oral en lo Criminal (TOC) 5 de Lomas de Zamora conden\u00f3 en un fallo&hellip;","_links":{"self":[{"href":"https:\/\/diariofemenino.com.ar\/df\/wp-json\/wp\/v2\/posts\/2434","targetHints":{"allow":["GET"]}}],"collection":[{"href":"https:\/\/diariofemenino.com.ar\/df\/wp-json\/wp\/v2\/posts"}],"about":[{"href":"https:\/\/diariofemenino.com.ar\/df\/wp-json\/wp\/v2\/types\/post"}],"author":[{"embeddable":true,"href":"https:\/\/diariofemenino.com.ar\/df\/wp-json\/wp\/v2\/users\/1"}],"replies":[{"embeddable":true,"href":"https:\/\/diariofemenino.com.ar\/df\/wp-json\/wp\/v2\/comments?post=2434"}],"version-history":[{"count":0,"href":"https:\/\/diariofemenino.com.ar\/df\/wp-json\/wp\/v2\/posts\/2434\/revisions"}],"wp:attachment":[{"href":"https:\/\/diariofemenino.com.ar\/df\/wp-json\/wp\/v2\/media?parent=2434"}],"wp:term":[{"taxonomy":"category","embeddable":true,"href":"https:\/\/diariofemenino.com.ar\/df\/wp-json\/wp\/v2\/categories?post=2434"},{"taxonomy":"post_tag","embeddable":true,"href":"https:\/\/diariofemenino.com.ar\/df\/wp-json\/wp\/v2\/tags?post=2434"}],"curies":[{"name":"wp","href":"https:\/\/api.w.org\/{rel}","templated":true}]}}