{"id":24289,"date":"2016-08-16T15:23:11","date_gmt":"2016-08-16T18:23:11","guid":{"rendered":"http:\/\/www.diariofemenino.com.ar\/?p=24289"},"modified":"2016-08-16T15:23:11","modified_gmt":"2016-08-16T18:23:11","slug":"zapatos-rojos-en-buenos-aires","status":"publish","type":"post","link":"https:\/\/diariofemenino.com.ar\/df\/zapatos-rojos-en-buenos-aires\/","title":{"rendered":"Zapatos Rojos en Buenos Aires"},"content":{"rendered":"<p><span style=\"color: #000000;\">La artista mexicana Elina Chauvet montar\u00e1 en la feria Arte Espacio su famosa intervenci\u00f3n, que enciende una alerta y busca crear conciencia sobre la violencia de g\u00e9nero. <strong>Zapatos Rojos<\/strong>\u00a0podr\u00e1 visitarse en la octava edici\u00f3n de la feria de arte contempor\u00e1neo\u00a0<strong>Arte Espacio<\/strong>, del 18 al 22 de agosto, en Espacio Darwin \u2013Santa Fe 35, San Isidro.<\/span><br \/>\n<figure id=\"attachment_24306\" aria-describedby=\"caption-attachment-24306\" style=\"width: 571px\" class=\"wp-caption alignnone\"><a href=\"http:\/\/www.diariofemenino.com.ar\/wp-content\/uploads\/IMG_5294-mtchbucw0aaleqhxyw3nl9e7c9dfeetsz71c7oiv20.jpg\"><img loading=\"lazy\" decoding=\"async\" class=\" wp-image-24306  \" alt=\"Zapatos Rojos en Buenos Aires\" src=\"http:\/\/www.diariofemenino.com.ar\/wp-content\/uploads\/IMG_5294-mtchbucw0aaleqhxyw3nl9e7c9dfeetsz71c7oiv20.jpg\" width=\"571\" height=\"216\" \/><\/a><figcaption id=\"caption-attachment-24306\" class=\"wp-caption-text\">Zapatos Rojos en Buenos Aires<\/figcaption><\/figure><br \/>\n<span style=\"color: #000000;\">La instalaci\u00f3n de arte p\u00fablico que recorre el mundo, generando conciencia sobre el horror del femicidio, llega a la feria de la mano de su autora, la mexicana Elina Chauvet.<\/span><br \/>\n<span style=\"color: #000000;\"><strong>Zapatos Rojos<\/strong>\u00a0se realiz\u00f3 originalmente en Ciudad Ju\u00e1rez, M\u00e9xico, en 2009. Elina Chauvet, cuya hermana fue v\u00edctima fatal de violencia de g\u00e9nero, la concibi\u00f3 como una forma de reflexi\u00f3n colectiva sobre el horror del femicidio. Consisti\u00f3 en la\u00a0<em>marcha<\/em>\u00a0silenciosa y suspendida de 33 pares de zapatos que simbolizaban la ausencia, como evocaci\u00f3n de las v\u00edctimas de la violencia de g\u00e9nero.<\/span><br \/>\n<span style=\"color: #000000;\">El impacto de esta creaci\u00f3n se replic\u00f3, desde entonces, amplificado por cientos de pares de zapatos donados, en otras ciudades de M\u00e9xico, Espa\u00f1a, Italia, Chile y Gran Breta\u00f1a. En la Argentina, en el marco de la pr\u00f3xima edici\u00f3n de la feria <\/span><strong style=\"color: #000000;\">Arte Espacio<\/strong><span style=\"color: #000000;\">, por primera vez se realizar\u00e1 con la presencia de Elina Chauvet.<\/span><br \/>\n<span style=\"color: #000000;\">La obra viaja conceptualmente. Empieza meses antes, cuando alguien dona un calzado y se comienza a hablar del tema. \u00abEl solo hecho de dar despierta una generosidad y un sentir positivos, un compromiso. La gente se vuelve parte de la creaci\u00f3n y se convierte en un asunto personal e \u00edntimo. Sigue cuando participan escuelas, asociaciones civiles, artistas o gobiernos. El problema de la violencia a las mujeres es transversal, permeable a todos los grupos de la sociedad y en cualquier lugar del mundo.\u00bb<\/span><br \/>\n<span style=\"color: #000000;\">El rojo no es pasional, como el eufemismo que se usa mal para atenuar los cr\u00edmenes contra las mujeres; representa la sangre. Denise Tapella es una de las artistas participantes de esta intervenci\u00f3n en Buenos Aires: \u00abDon\u00e9 mis suecos del taller de hace a\u00f1os, c\u00f3modos, conocidos, a mi medida. Vienen a ser mi s\u00edmbolo de paz\u00bb.<\/span><br \/>\n<figure id=\"attachment_24308\" aria-describedby=\"caption-attachment-24308\" style=\"width: 448px\" class=\"wp-caption alignnone\"><a href=\"http:\/\/www.diariofemenino.com.ar\/wp-content\/uploads\/arte-2252868w640.jpg\"><img loading=\"lazy\" decoding=\"async\" class=\" wp-image-24308 \" alt=\"Denise Tapella\" src=\"http:\/\/www.diariofemenino.com.ar\/wp-content\/uploads\/arte-2252868w640.jpg\" width=\"448\" height=\"252\" \/><\/a><figcaption id=\"caption-attachment-24308\" class=\"wp-caption-text\">Denise Tapella<\/figcaption><\/figure><br \/>\n<span style=\"color: #000000;\">El dibujante Drouville prepar\u00f3 unos borcegos con nombres de v\u00edctimas. \u00abEs impresionante lo que gener\u00f3 esta obra; un abrazo solidario de gente que se quiere involucrar\u00bb, cuenta Josefina Arauz, coordinadora de la instalaci\u00f3n de Arte Espacio. Tambi\u00e9n Josefina Robirosa, que pint\u00f3 unos tacos con aerosol, y Mar\u00eda Boneo, con un par de plataformas con hebilla, hacen su aporte.<\/span><br \/>\n<figure id=\"attachment_24309\" aria-describedby=\"caption-attachment-24309\" style=\"width: 280px\" class=\"wp-caption alignnone\"><a href=\"http:\/\/www.diariofemenino.com.ar\/wp-content\/uploads\/arte-2252867w280.jpg\"><img loading=\"lazy\" decoding=\"async\" class=\"size-full wp-image-24309\" alt=\"Drouville\" src=\"http:\/\/www.diariofemenino.com.ar\/wp-content\/uploads\/arte-2252867w280.jpg\" width=\"280\" height=\"497\" \/><\/a><figcaption id=\"caption-attachment-24309\" class=\"wp-caption-text\">Drouville<\/figcaption><\/figure><br \/>\n<span style=\"color: #000000;\">\u00abLa primera vez que se hizo en el pa\u00eds fue en Chubut en 2011\u00bb, recuerda Chauvet. Esta vez, desde Rosario llegar\u00e1n 24 alumnos del Centro Educativo Alberti que quieren conocer personalmente a la artista que gest\u00f3 una experiencia que los marc\u00f3. La replicaron con su autorizaci\u00f3n el a\u00f1o pasado, de la mano de su profesora Silvia Felchlin, y ahora volvieron a juntar aquellos y otros calzados. La artista y gestora Graciela Ojeda llegar\u00e1 desde Chaco con cientos de zapatos: con otros nueve artistas ya hab\u00edan realizado la instalaci\u00f3n en noviembre de 2014, con 500 pares. Roxana Patricia Stetson tambi\u00e9n env\u00eda el aporte de artistas que hicieron la puesta en Salta. Los \u00fanicos zapatos que no ser\u00e1n donados a Red Solidaria una vez que termine Arte Espacio son los que env\u00eda Carmen Chauque desde Jujuy: pertenecieron a v\u00edctimas y, con nombre, los env\u00edan con sus familiares.<\/span><br \/>\n<span style=\"color: #000000;\">En la etapa de preparaci\u00f3n de la obra, y como una invitaci\u00f3n a la reflexi\u00f3n y el compromiso contra la violencia de g\u00e9nero, con el apoyo del colectivo\u00a0<\/span><strong style=\"color: #000000;\">Ni Una Menos<\/strong><span style=\"color: #000000;\">,\u00a0<\/span><strong style=\"color: #000000;\">Arte Espacio<\/strong><span style=\"color: #000000;\">\u00a0convoca a todos a donar zapatos rojos, o pintarlos, para que sean incorporados a la creaci\u00f3n. Artistas y referentes de distintos \u00e1mbitos de la cultura ya se sumaron con su donaci\u00f3n. Una vez desmontada la instalaci\u00f3n, los zapatos que se encuentren en condiciones de uso ser\u00e1n destinados a quienes puedan necesitarlos, a trav\u00e9s de un Ropero Social de la\u00a0<\/span><strong style=\"color: #000000;\">Red Solidaria<\/strong><span style=\"color: #000000;\">.<\/span><br \/>\n<span style=\"color: #000000;\">Las donaciones de zapatos se reciben de lunes a viernes, de 10 a 18 h, en Av. M\u00e1rquez 504 \u2013Espacio Darwin, San Isidro- y en Posadas 1283 1\u00ba B \u2013CABA.<\/span><br \/>\n<span style=\"color: #000000;\">____________________________________________<\/span><br \/>\n<span style=\"color: #000000;\"><em><b>Elina Chauvet<\/b><\/em><i>\u00a0<\/i><em>sobre<\/em><i>\u00a0<\/i><strong><i>Zapatos Rojos<\/i><\/strong>: \u201cLa obra nace a partir del duelo propio y la necesidad de hacer p\u00fablico el dolor privado y ajeno. Es a trav\u00e9s de esa ausencia y su visibilidad que los zapatos rojos nos muestran el vac\u00edo dejado por las hijas, hermanas, madres y esposas. (\u2026) Esta es una obra que deja de ser propia para convertirse en un colectivo. A trav\u00e9s del gesto de dar se genera una energ\u00eda que encadena una acci\u00f3n tras otra, permitiendo que trace en su andar una ruta indefinida y atemporal. (\u2026) Zapatos Rojos es un encuentro del arte y la memoria colectiva\u201d.<\/span><br \/>\n&nbsp;<br \/>\n&nbsp;<br \/>\n&nbsp;<br \/>\n&nbsp;<br \/>\n&nbsp;<br \/>\n<span style=\"color: #000000;\">Fuentes: Arte Espacio y La Naci\u00f3n<\/span><br \/>\n&nbsp;<\/p>\n","protected":false},"excerpt":{"rendered":"<p>La artista mexicana Elina Chauvet montar\u00e1 en la feria Arte Espacio su famosa intervenci\u00f3n, que enciende una alerta y busca crear conciencia sobre la violencia de g\u00e9nero. Zapatos Rojos\u00a0podr\u00e1 visitarse en la octava edici\u00f3n de la feria de arte contempor\u00e1neo\u00a0Arte Espacio, del 18 al 22 de agosto, en Espacio Darwin \u2013Santa Fe 35, San Isidro. [&hellip;]<\/p>\n","protected":false},"author":1,"featured_media":0,"comment_status":"open","ping_status":"open","sticky":false,"template":"","format":"standard","meta":{"iawp_total_views":11,"footnotes":""},"categories":[7,9,3,5],"tags":[25,64,53,57,30,16],"class_list":["post-24289","post","type-post","status-publish","format-standard","hentry","category-actividades","category-de-esi-si-se-habla","category-de-la-revolucion-al-reaprendizaje","category-historias-de-vida","tag-activismo","tag-arte","tag-derechos-de-las-mujeres","tag-derechos-de-ninxs","tag-derechos-humanos","tag-violencia-de-genero"],"nelio_content":{"autoShareEndMode":"never","automationSources":{"useCustomSentences":false,"customSentences":[]},"efiAlt":"","efiUrl":"","followers":[],"highlights":[],"isAutoShareEnabled":true,"networkImageIds":[],"permalinkQueryArgs":[],"series":[],"suggestedReferences":[]},"yoast_head":"<!-- This site is optimized with the Yoast SEO plugin v27.5 - https:\/\/yoast.com\/product\/yoast-seo-wordpress\/ -->\n<title>Zapatos Rojos en Buenos Aires - Diario Digital Femenino<\/title>\n<meta name=\"description\" content=\"Zapatos Rojos en Buenos Aires, con la presencia de su autora, Elina Chauvet\" \/>\n<meta name=\"robots\" content=\"index, follow, max-snippet:-1, max-image-preview:large, max-video-preview:-1\" \/>\n<link rel=\"canonical\" href=\"https:\/\/diariofemenino.com.ar\/df\/zapatos-rojos-en-buenos-aires\/\" \/>\n<meta property=\"og:locale\" content=\"es_ES\" \/>\n<meta property=\"og:type\" content=\"article\" \/>\n<meta property=\"og:title\" content=\"Zapatos Rojos en Buenos Aires - Diario Digital Femenino\" \/>\n<meta property=\"og:description\" content=\"Zapatos Rojos en Buenos Aires, con la presencia de su autora, Elina Chauvet\" \/>\n<meta property=\"og:url\" content=\"https:\/\/diariofemenino.com.ar\/df\/zapatos-rojos-en-buenos-aires\/\" \/>\n<meta property=\"og:site_name\" content=\"Diario Digital Femenino\" \/>\n<meta property=\"article:publisher\" content=\"https:\/\/www.facebook.com\/DiarioDigitaFemenino\/\" \/>\n<meta property=\"article:published_time\" content=\"2016-08-16T18:23:11+00:00\" \/>\n<meta property=\"og:image\" content=\"http:\/\/www.diariofemenino.com.ar\/wp-content\/uploads\/IMG_5294-mtchbucw0aaleqhxyw3nl9e7c9dfeetsz71c7oiv20.jpg\" \/>\n<meta name=\"author\" content=\"Admin\" \/>\n<meta name=\"twitter:card\" content=\"summary_large_image\" \/>\n<meta name=\"twitter:creator\" content=\"@DiarioFemenino1\" \/>\n<meta name=\"twitter:site\" content=\"@DiarioFemenino1\" \/>\n<meta name=\"twitter:label1\" content=\"Escrito por\" \/>\n\t<meta name=\"twitter:data1\" content=\"Admin\" \/>\n\t<meta name=\"twitter:label2\" content=\"Tiempo de lectura\" \/>\n\t<meta name=\"twitter:data2\" content=\"4 minutos\" \/>\n<script type=\"application\/ld+json\" class=\"yoast-schema-graph\">{\"@context\":\"https:\\\/\\\/schema.org\",\"@graph\":[{\"@type\":\"Article\",\"@id\":\"https:\\\/\\\/diariofemenino.com.ar\\\/df\\\/zapatos-rojos-en-buenos-aires\\\/#article\",\"isPartOf\":{\"@id\":\"https:\\\/\\\/diariofemenino.com.ar\\\/df\\\/zapatos-rojos-en-buenos-aires\\\/\"},\"author\":{\"name\":\"Admin\",\"@id\":\"https:\\\/\\\/diariofemenino.com.ar\\\/df\\\/#\\\/schema\\\/person\\\/38f54b3bfd13f561de2460ba95c169c6\"},\"headline\":\"Zapatos Rojos en Buenos Aires\",\"datePublished\":\"2016-08-16T18:23:11+00:00\",\"mainEntityOfPage\":{\"@id\":\"https:\\\/\\\/diariofemenino.com.ar\\\/df\\\/zapatos-rojos-en-buenos-aires\\\/\"},\"wordCount\":860,\"commentCount\":0,\"publisher\":{\"@id\":\"https:\\\/\\\/diariofemenino.com.ar\\\/df\\\/#organization\"},\"image\":{\"@id\":\"https:\\\/\\\/diariofemenino.com.ar\\\/df\\\/zapatos-rojos-en-buenos-aires\\\/#primaryimage\"},\"thumbnailUrl\":\"http:\\\/\\\/www.diariofemenino.com.ar\\\/wp-content\\\/uploads\\\/IMG_5294-mtchbucw0aaleqhxyw3nl9e7c9dfeetsz71c7oiv20.jpg\",\"keywords\":[\"Activismo\",\"Arte\",\"Derechos de las mujeres\",\"Derechos de ni\u00f1xs\",\"Derechos Humanos\",\"Violencia de g\u00e9nero\"],\"articleSection\":[\"Actividades\",\"De ESI S\u00ed Se Habla\",\"De la Revoluci\u00f3n al Reaprendizaje\",\"Historias de vida\"],\"inLanguage\":\"es\",\"potentialAction\":[{\"@type\":\"CommentAction\",\"name\":\"Comment\",\"target\":[\"https:\\\/\\\/diariofemenino.com.ar\\\/df\\\/zapatos-rojos-en-buenos-aires\\\/#respond\"]}]},{\"@type\":\"WebPage\",\"@id\":\"https:\\\/\\\/diariofemenino.com.ar\\\/df\\\/zapatos-rojos-en-buenos-aires\\\/\",\"url\":\"https:\\\/\\\/diariofemenino.com.ar\\\/df\\\/zapatos-rojos-en-buenos-aires\\\/\",\"name\":\"Zapatos Rojos en Buenos Aires - Diario Digital Femenino\",\"isPartOf\":{\"@id\":\"https:\\\/\\\/diariofemenino.com.ar\\\/df\\\/#website\"},\"primaryImageOfPage\":{\"@id\":\"https:\\\/\\\/diariofemenino.com.ar\\\/df\\\/zapatos-rojos-en-buenos-aires\\\/#primaryimage\"},\"image\":{\"@id\":\"https:\\\/\\\/diariofemenino.com.ar\\\/df\\\/zapatos-rojos-en-buenos-aires\\\/#primaryimage\"},\"thumbnailUrl\":\"http:\\\/\\\/www.diariofemenino.com.ar\\\/wp-content\\\/uploads\\\/IMG_5294-mtchbucw0aaleqhxyw3nl9e7c9dfeetsz71c7oiv20.jpg\",\"datePublished\":\"2016-08-16T18:23:11+00:00\",\"description\":\"Zapatos Rojos en Buenos Aires, con la presencia de su autora, Elina Chauvet\",\"breadcrumb\":{\"@id\":\"https:\\\/\\\/diariofemenino.com.ar\\\/df\\\/zapatos-rojos-en-buenos-aires\\\/#breadcrumb\"},\"inLanguage\":\"es\",\"potentialAction\":[{\"@type\":\"ReadAction\",\"target\":[\"https:\\\/\\\/diariofemenino.com.ar\\\/df\\\/zapatos-rojos-en-buenos-aires\\\/\"]}]},{\"@type\":\"ImageObject\",\"inLanguage\":\"es\",\"@id\":\"https:\\\/\\\/diariofemenino.com.ar\\\/df\\\/zapatos-rojos-en-buenos-aires\\\/#primaryimage\",\"url\":\"http:\\\/\\\/www.diariofemenino.com.ar\\\/wp-content\\\/uploads\\\/IMG_5294-mtchbucw0aaleqhxyw3nl9e7c9dfeetsz71c7oiv20.jpg\",\"contentUrl\":\"http:\\\/\\\/www.diariofemenino.com.ar\\\/wp-content\\\/uploads\\\/IMG_5294-mtchbucw0aaleqhxyw3nl9e7c9dfeetsz71c7oiv20.jpg\"},{\"@type\":\"BreadcrumbList\",\"@id\":\"https:\\\/\\\/diariofemenino.com.ar\\\/df\\\/zapatos-rojos-en-buenos-aires\\\/#breadcrumb\",\"itemListElement\":[{\"@type\":\"ListItem\",\"position\":1,\"name\":\"Portada\",\"item\":\"https:\\\/\\\/diariofemenino.com.ar\\\/df\\\/\"},{\"@type\":\"ListItem\",\"position\":2,\"name\":\"Zapatos Rojos en Buenos Aires\"}]},{\"@type\":\"WebSite\",\"@id\":\"https:\\\/\\\/diariofemenino.com.ar\\\/df\\\/#website\",\"url\":\"https:\\\/\\\/diariofemenino.com.ar\\\/df\\\/\",\"name\":\"Diario Digital Femenino\",\"description\":\"Cuesti\u00f3n de G\u00e9nero\",\"publisher\":{\"@id\":\"https:\\\/\\\/diariofemenino.com.ar\\\/df\\\/#organization\"},\"potentialAction\":[{\"@type\":\"SearchAction\",\"target\":{\"@type\":\"EntryPoint\",\"urlTemplate\":\"https:\\\/\\\/diariofemenino.com.ar\\\/df\\\/?s={search_term_string}\"},\"query-input\":{\"@type\":\"PropertyValueSpecification\",\"valueRequired\":true,\"valueName\":\"search_term_string\"}}],\"inLanguage\":\"es\"},{\"@type\":\"Organization\",\"@id\":\"https:\\\/\\\/diariofemenino.com.ar\\\/df\\\/#organization\",\"name\":\"Diario Femenino\",\"url\":\"https:\\\/\\\/diariofemenino.com.ar\\\/df\\\/\",\"logo\":{\"@type\":\"ImageObject\",\"inLanguage\":\"es\",\"@id\":\"https:\\\/\\\/diariofemenino.com.ar\\\/df\\\/#\\\/schema\\\/logo\\\/image\\\/\",\"url\":\"https:\\\/\\\/diariofemenino.com.ar\\\/df\\\/wp-content\\\/uploads\\\/2018\\\/10\\\/logo.png\",\"contentUrl\":\"https:\\\/\\\/diariofemenino.com.ar\\\/df\\\/wp-content\\\/uploads\\\/2018\\\/10\\\/logo.png\",\"width\":500,\"height\":92,\"caption\":\"Diario Femenino\"},\"image\":{\"@id\":\"https:\\\/\\\/diariofemenino.com.ar\\\/df\\\/#\\\/schema\\\/logo\\\/image\\\/\"},\"sameAs\":[\"https:\\\/\\\/www.facebook.com\\\/DiarioDigitaFemenino\\\/\",\"https:\\\/\\\/x.com\\\/DiarioFemenino1\"]},{\"@type\":\"Person\",\"@id\":\"https:\\\/\\\/diariofemenino.com.ar\\\/df\\\/#\\\/schema\\\/person\\\/38f54b3bfd13f561de2460ba95c169c6\",\"name\":\"Admin\",\"image\":{\"@type\":\"ImageObject\",\"inLanguage\":\"es\",\"@id\":\"https:\\\/\\\/diariofemenino.com.ar\\\/df\\\/wp-content\\\/uploads\\\/2018\\\/12\\\/favicon-150x150.jpg\",\"url\":\"https:\\\/\\\/diariofemenino.com.ar\\\/df\\\/wp-content\\\/uploads\\\/2018\\\/12\\\/favicon-150x150.jpg\",\"contentUrl\":\"https:\\\/\\\/diariofemenino.com.ar\\\/df\\\/wp-content\\\/uploads\\\/2018\\\/12\\\/favicon-150x150.jpg\",\"caption\":\"Admin\"},\"url\":\"https:\\\/\\\/diariofemenino.com.ar\\\/df\\\/author\\\/adm18df\\\/\"}]}<\/script>\n<!-- \/ Yoast SEO plugin. -->","yoast_head_json":{"title":"Zapatos Rojos en Buenos Aires - Diario Digital Femenino","description":"Zapatos Rojos en Buenos Aires, con la presencia de su autora, Elina Chauvet","robots":{"index":"index","follow":"follow","max-snippet":"max-snippet:-1","max-image-preview":"max-image-preview:large","max-video-preview":"max-video-preview:-1"},"canonical":"https:\/\/diariofemenino.com.ar\/df\/zapatos-rojos-en-buenos-aires\/","og_locale":"es_ES","og_type":"article","og_title":"Zapatos Rojos en Buenos Aires - Diario Digital Femenino","og_description":"Zapatos Rojos en Buenos Aires, con la presencia de su autora, Elina Chauvet","og_url":"https:\/\/diariofemenino.com.ar\/df\/zapatos-rojos-en-buenos-aires\/","og_site_name":"Diario Digital Femenino","article_publisher":"https:\/\/www.facebook.com\/DiarioDigitaFemenino\/","article_published_time":"2016-08-16T18:23:11+00:00","og_image":[{"url":"http:\/\/www.diariofemenino.com.ar\/wp-content\/uploads\/IMG_5294-mtchbucw0aaleqhxyw3nl9e7c9dfeetsz71c7oiv20.jpg","type":"","width":"","height":""}],"author":"Admin","twitter_card":"summary_large_image","twitter_creator":"@DiarioFemenino1","twitter_site":"@DiarioFemenino1","twitter_misc":{"Escrito por":"Admin","Tiempo de lectura":"4 minutos"},"schema":{"@context":"https:\/\/schema.org","@graph":[{"@type":"Article","@id":"https:\/\/diariofemenino.com.ar\/df\/zapatos-rojos-en-buenos-aires\/#article","isPartOf":{"@id":"https:\/\/diariofemenino.com.ar\/df\/zapatos-rojos-en-buenos-aires\/"},"author":{"name":"Admin","@id":"https:\/\/diariofemenino.com.ar\/df\/#\/schema\/person\/38f54b3bfd13f561de2460ba95c169c6"},"headline":"Zapatos Rojos en Buenos Aires","datePublished":"2016-08-16T18:23:11+00:00","mainEntityOfPage":{"@id":"https:\/\/diariofemenino.com.ar\/df\/zapatos-rojos-en-buenos-aires\/"},"wordCount":860,"commentCount":0,"publisher":{"@id":"https:\/\/diariofemenino.com.ar\/df\/#organization"},"image":{"@id":"https:\/\/diariofemenino.com.ar\/df\/zapatos-rojos-en-buenos-aires\/#primaryimage"},"thumbnailUrl":"http:\/\/www.diariofemenino.com.ar\/wp-content\/uploads\/IMG_5294-mtchbucw0aaleqhxyw3nl9e7c9dfeetsz71c7oiv20.jpg","keywords":["Activismo","Arte","Derechos de las mujeres","Derechos de ni\u00f1xs","Derechos Humanos","Violencia de g\u00e9nero"],"articleSection":["Actividades","De ESI S\u00ed Se Habla","De la Revoluci\u00f3n al Reaprendizaje","Historias de vida"],"inLanguage":"es","potentialAction":[{"@type":"CommentAction","name":"Comment","target":["https:\/\/diariofemenino.com.ar\/df\/zapatos-rojos-en-buenos-aires\/#respond"]}]},{"@type":"WebPage","@id":"https:\/\/diariofemenino.com.ar\/df\/zapatos-rojos-en-buenos-aires\/","url":"https:\/\/diariofemenino.com.ar\/df\/zapatos-rojos-en-buenos-aires\/","name":"Zapatos Rojos en Buenos Aires - Diario Digital Femenino","isPartOf":{"@id":"https:\/\/diariofemenino.com.ar\/df\/#website"},"primaryImageOfPage":{"@id":"https:\/\/diariofemenino.com.ar\/df\/zapatos-rojos-en-buenos-aires\/#primaryimage"},"image":{"@id":"https:\/\/diariofemenino.com.ar\/df\/zapatos-rojos-en-buenos-aires\/#primaryimage"},"thumbnailUrl":"http:\/\/www.diariofemenino.com.ar\/wp-content\/uploads\/IMG_5294-mtchbucw0aaleqhxyw3nl9e7c9dfeetsz71c7oiv20.jpg","datePublished":"2016-08-16T18:23:11+00:00","description":"Zapatos Rojos en Buenos Aires, con la presencia de su autora, Elina Chauvet","breadcrumb":{"@id":"https:\/\/diariofemenino.com.ar\/df\/zapatos-rojos-en-buenos-aires\/#breadcrumb"},"inLanguage":"es","potentialAction":[{"@type":"ReadAction","target":["https:\/\/diariofemenino.com.ar\/df\/zapatos-rojos-en-buenos-aires\/"]}]},{"@type":"ImageObject","inLanguage":"es","@id":"https:\/\/diariofemenino.com.ar\/df\/zapatos-rojos-en-buenos-aires\/#primaryimage","url":"http:\/\/www.diariofemenino.com.ar\/wp-content\/uploads\/IMG_5294-mtchbucw0aaleqhxyw3nl9e7c9dfeetsz71c7oiv20.jpg","contentUrl":"http:\/\/www.diariofemenino.com.ar\/wp-content\/uploads\/IMG_5294-mtchbucw0aaleqhxyw3nl9e7c9dfeetsz71c7oiv20.jpg"},{"@type":"BreadcrumbList","@id":"https:\/\/diariofemenino.com.ar\/df\/zapatos-rojos-en-buenos-aires\/#breadcrumb","itemListElement":[{"@type":"ListItem","position":1,"name":"Portada","item":"https:\/\/diariofemenino.com.ar\/df\/"},{"@type":"ListItem","position":2,"name":"Zapatos Rojos en Buenos Aires"}]},{"@type":"WebSite","@id":"https:\/\/diariofemenino.com.ar\/df\/#website","url":"https:\/\/diariofemenino.com.ar\/df\/","name":"Diario Digital Femenino","description":"Cuesti\u00f3n de G\u00e9nero","publisher":{"@id":"https:\/\/diariofemenino.com.ar\/df\/#organization"},"potentialAction":[{"@type":"SearchAction","target":{"@type":"EntryPoint","urlTemplate":"https:\/\/diariofemenino.com.ar\/df\/?s={search_term_string}"},"query-input":{"@type":"PropertyValueSpecification","valueRequired":true,"valueName":"search_term_string"}}],"inLanguage":"es"},{"@type":"Organization","@id":"https:\/\/diariofemenino.com.ar\/df\/#organization","name":"Diario Femenino","url":"https:\/\/diariofemenino.com.ar\/df\/","logo":{"@type":"ImageObject","inLanguage":"es","@id":"https:\/\/diariofemenino.com.ar\/df\/#\/schema\/logo\/image\/","url":"https:\/\/diariofemenino.com.ar\/df\/wp-content\/uploads\/2018\/10\/logo.png","contentUrl":"https:\/\/diariofemenino.com.ar\/df\/wp-content\/uploads\/2018\/10\/logo.png","width":500,"height":92,"caption":"Diario Femenino"},"image":{"@id":"https:\/\/diariofemenino.com.ar\/df\/#\/schema\/logo\/image\/"},"sameAs":["https:\/\/www.facebook.com\/DiarioDigitaFemenino\/","https:\/\/x.com\/DiarioFemenino1"]},{"@type":"Person","@id":"https:\/\/diariofemenino.com.ar\/df\/#\/schema\/person\/38f54b3bfd13f561de2460ba95c169c6","name":"Admin","image":{"@type":"ImageObject","inLanguage":"es","@id":"https:\/\/diariofemenino.com.ar\/df\/wp-content\/uploads\/2018\/12\/favicon-150x150.jpg","url":"https:\/\/diariofemenino.com.ar\/df\/wp-content\/uploads\/2018\/12\/favicon-150x150.jpg","contentUrl":"https:\/\/diariofemenino.com.ar\/df\/wp-content\/uploads\/2018\/12\/favicon-150x150.jpg","caption":"Admin"},"url":"https:\/\/diariofemenino.com.ar\/df\/author\/adm18df\/"}]}},"jetpack_featured_media_url":"","jetpack_sharing_enabled":true,"rttpg_featured_image_url":null,"rttpg_author":{"display_name":"Admin","author_link":"https:\/\/diariofemenino.com.ar\/df\/author\/adm18df\/"},"rttpg_comment":0,"rttpg_category":"<a href=\"https:\/\/diariofemenino.com.ar\/df\/category\/actividades\/\" rel=\"category tag\">Actividades<\/a> <a href=\"https:\/\/diariofemenino.com.ar\/df\/category\/de-esi-si-se-habla\/\" rel=\"category tag\">De ESI S\u00ed Se Habla<\/a> <a href=\"https:\/\/diariofemenino.com.ar\/df\/category\/de-la-revolucion-al-reaprendizaje\/\" rel=\"category tag\">De la Revoluci\u00f3n al Reaprendizaje<\/a> <a href=\"https:\/\/diariofemenino.com.ar\/df\/category\/historias-de-vida\/\" rel=\"category tag\">Historias de vida<\/a>","rttpg_excerpt":"La artista mexicana Elina Chauvet montar\u00e1 en la feria Arte Espacio su famosa intervenci\u00f3n, que enciende una alerta y busca crear conciencia sobre la violencia de g\u00e9nero. Zapatos Rojos\u00a0podr\u00e1 visitarse en la octava edici\u00f3n de la feria de arte contempor\u00e1neo\u00a0Arte Espacio, del 18 al 22 de agosto, en Espacio Darwin \u2013Santa Fe 35, San Isidro.&hellip;","_links":{"self":[{"href":"https:\/\/diariofemenino.com.ar\/df\/wp-json\/wp\/v2\/posts\/24289","targetHints":{"allow":["GET"]}}],"collection":[{"href":"https:\/\/diariofemenino.com.ar\/df\/wp-json\/wp\/v2\/posts"}],"about":[{"href":"https:\/\/diariofemenino.com.ar\/df\/wp-json\/wp\/v2\/types\/post"}],"author":[{"embeddable":true,"href":"https:\/\/diariofemenino.com.ar\/df\/wp-json\/wp\/v2\/users\/1"}],"replies":[{"embeddable":true,"href":"https:\/\/diariofemenino.com.ar\/df\/wp-json\/wp\/v2\/comments?post=24289"}],"version-history":[{"count":0,"href":"https:\/\/diariofemenino.com.ar\/df\/wp-json\/wp\/v2\/posts\/24289\/revisions"}],"wp:attachment":[{"href":"https:\/\/diariofemenino.com.ar\/df\/wp-json\/wp\/v2\/media?parent=24289"}],"wp:term":[{"taxonomy":"category","embeddable":true,"href":"https:\/\/diariofemenino.com.ar\/df\/wp-json\/wp\/v2\/categories?post=24289"},{"taxonomy":"post_tag","embeddable":true,"href":"https:\/\/diariofemenino.com.ar\/df\/wp-json\/wp\/v2\/tags?post=24289"}],"curies":[{"name":"wp","href":"https:\/\/api.w.org\/{rel}","templated":true}]}}