{"id":24242,"date":"2016-08-14T12:16:44","date_gmt":"2016-08-14T15:16:44","guid":{"rendered":"http:\/\/www.diariofemenino.com.ar\/?p=24242"},"modified":"2016-08-14T12:16:44","modified_gmt":"2016-08-14T15:16:44","slug":"diana-maffia-nuestros-cuerpos-son-herramienta-y-territorio-de-luchas","status":"publish","type":"post","link":"https:\/\/diariofemenino.com.ar\/df\/diana-maffia-nuestros-cuerpos-son-herramienta-y-territorio-de-luchas\/","title":{"rendered":"Diana Maffia: \u201cNuestros cuerpos son herramienta y territorio de luchas\u201d"},"content":{"rendered":"<p><span style=\"color: #000000;\">Por<strong> Laura Charro.*<\/strong><\/span><br \/>\n<em><strong><span style=\"color: #000000;\">Feminista, doctora en Filosof\u00eda y directora del Observatorio de Justicia y G\u00e9nero en el Consejo de la Magistratura de la Ciudad de Buenos Aires, Diana Maffia es una de las voces imprescindibles de la militancia feminista contempor\u00e1nea. Con lucidez en las palabras y claridad expresada con la voz y la mirada, repas\u00f3 los temas de la agenda de g\u00e9nero que hoy nos preocupan y nos convocan a tomar el espacio p\u00fablico \u201chist\u00f3ricamente relegado\u201d.<\/span><\/strong><\/em><br \/>\n<figure id=\"attachment_24243\" aria-describedby=\"caption-attachment-24243\" style=\"width: 581px\" class=\"wp-caption alignnone\"><a href=\"http:\/\/www.diariofemenino.com.ar\/wp-content\/uploads\/DSC_0062.jpg\"><img loading=\"lazy\" decoding=\"async\" class=\"size-full wp-image-24243\" alt=\"Diana Maffia: \u201cNuestros cuerpos son herramienta y territorio de luchas\u201d\" src=\"http:\/\/www.diariofemenino.com.ar\/wp-content\/uploads\/DSC_0062.jpg\" width=\"581\" height=\"389\" \/><\/a><figcaption id=\"caption-attachment-24243\" class=\"wp-caption-text\">Diana Maffia: \u201cNuestros cuerpos son herramienta y territorio de luchas\u201d<\/figcaption><\/figure><br \/>\n<span style=\"color: #000000;\">En el marco de las jornadas denominadas \u201cFundamentos Feministas. Feministas con fundamentos\u201d, realizadas en el Centro de Estudios Igualdad Argentina y organizadas por la diputada provincial Silvia Augsburger, Diana Maffia tuvo a su cargo la conferencia inaugural denominada \u201cP\u00fablico\/Privado: los cuerpos de las mujeres como territorio en disputa pol\u00edtica\u201d. Una historizaci\u00f3n del cuerpo de las mujeres como territorios de luchas pol\u00edticas y personales. Confinadas hist\u00f3ricamente al espacio dom\u00e9stico, responsables de la reproducci\u00f3n biol\u00f3gica, social, de fuerza de trabajo del hombre y desfavorecidas en la valoraci\u00f3n que impone la cultura sobre los cuerpos, nos reconocemos en lucha aun hoy por nuestros derechos plenos.<\/span><br \/>\n<span style=\"color: #000000;\">En dialogo con\u00a0<strong>Sin Cerco<\/strong>, Diana manifest\u00f3 su satisfacci\u00f3n por hechos de coyuntura como fue la presentaci\u00f3n en los \u00faltimos d\u00edas del Plan de Acci\u00f3n para la Prevenci\u00f3n de la Violencia de G\u00e9nero, una deuda pendiente desde hace a\u00f1os.<\/span><br \/>\n<span style=\"color: #000000;\"><strong>\u2014\u00bfQu\u00e9 opini\u00f3n te merece el Plan presentado por el Concejo Nacional de las Mujeres, presidido por Fabiana Tu\u00f1ez, en un contexto de recorte de otro tipo de pol\u00edticas que se vinculan a \u00e9sta, como la de Educaci\u00f3n Sexual Integral -ESI-?<\/strong><\/span><br \/>\n<span style=\"color: #000000;\">\u2014<em>Creo que la presentaci\u00f3n de Plan Nacional es un punto muy positivo en el que la Argentina como pa\u00eds estaba en deuda. Ese plan deber\u00eda haberse presentado en el 2014.\u00a0<\/em><em>La verdad es que la pol\u00edtica en relaci\u00f3n a g\u00e9nero del gobierno de una presidenta mujer fue muy lamentable. Lamentable porque pusieron a cargo un equipo con falta de capacidad y eso\u00a0no es inocente. Porque se pone a alguien que no es capaz y no se le da presupuesto.<\/em><\/span><br \/>\n<span style=\"color: #000000;\"><em>Quiz\u00e1s, se olvid\u00f3 cual es el objetivo del Consejo Nacional de las Mujeres -CNM. El objetivo es hacer cumplir dos convenciones muy importantes: la CEDAW -Convenci\u00f3n sobre la Eliminaci\u00f3n de Todas las Formas de Discriminaci\u00f3n contra la Mujer- y la de Bel\u00e9m do Par\u00e1 -Convenci\u00f3n Interamericana para Prevenir, Sancionar Y Erradicar la Violencia Contra la Mujer- a nivel de todas las pol\u00edticas p\u00fablicas. Es decir, que la idea del Consejo es garantizar pol\u00edticas p\u00fablicas igualitarias para varones y mujeres en todos los niveles de acci\u00f3n.<\/em><\/span><br \/>\n<span style=\"color: #000000;\"><em>En este momento, el CNM sigue dependiendo de Desarrollo social, o sea, que hay muchas cosas que se deber\u00edan cambiar. Pero, que en seis meses se haya puesto a una feminista en el frente como Fabiana Tu\u00f1ez, me parece que es un signo hacia el movimiento de mujeres muy importante. Una persona luchadora, consecuente, con muchos a\u00f1os de activismo feminista, que se responsabiliz\u00f3 por algo que deber\u00eda haber sido una pol\u00edtica de gobierno, como era el registro de femicidios. Que en seis meses, Fabiana haya cumplido esa deuda me parece que es un signo importante hacia nosotras.<\/em><\/span><br \/>\n<span style=\"color: #000000;\"><em>El proyecto, lo s\u00e9 por ella, va a ser puesto a consideraci\u00f3n del movimiento social de mujeres y esa tambi\u00e9n va a ser una instancia para nosotras de leerlo, estudiarlo y proponer cambios si lo consideramos; pero al menos es cubrir una deuda con organismos internacionales de DDHH que va en el sentido de tomarse en serio los derechos de las mujeres.<\/em><\/span><br \/>\n<span style=\"color: #000000;\"><em>Al mismo tiempo, ESI es un objetivo important\u00edsimo. No se puede estar en contra del aborto y, a la vez, que no haya educaci\u00f3n sexual y acceso a la anticoncepci\u00f3n, porque entonces \u00bfqu\u00e9 quiere decir que est\u00e9s en contra del aborto si vos imped\u00eds que haya pol\u00edticas necesarias para evitar los embarazos no deseados o los embarazos inoportunos? Yo creo que tiene que haber un plan integral y que ese plan obviamente tiene que incluir educaci\u00f3n sexual.<\/em><\/span><br \/>\n<span style=\"color: #000000;\"><strong>\u2014\u00bfCrees que se va a ser posible un debate en el Congreso en relaci\u00f3n a la legalizaci\u00f3n del aborto, despu\u00e9s de los dichos de Macri sobre su absoluta oposici\u00f3n al proyecto?<\/strong><\/span><br \/>\n<span style=\"color: #000000;\"><em>\u2014Si \u00e9l dice que los poderes son independientes, y es consecuente con eso; y lo dice acerca de la justicia, entonces lo tiene que sostener tambi\u00e9n con el poder legislativo. Uno de los motivos de campa\u00f1a de Macri fue no hacer un gobierno personalista sino hacer un gobierno de equipos y que no haya presi\u00f3n del ejecutivo sobre los otros poderes. Este es un tema del poder legislativo claramente, que debe debatirlo de manera plural, porque es ah\u00ed donde las personas hemos votado legisladores de todas las ideas pol\u00edticas, que nos representan en la pluralidad de ideas del pa\u00eds. No es as\u00ed en el ejecutivo y no es as\u00ed en el judicial. Ese, es el lugar donde el debate debe darse.<\/em><\/span><br \/>\n<span style=\"color: #000000;\"><em>Tenemos que tomar decisiones importantes en relaci\u00f3n a cu\u00e1les son los plazos razonables en los se puede pedir la interrupci\u00f3n del embarazo y los motivos por los cuales se puede pedir. Son cosas que est\u00e1n dentro de las legislaciones de todo el mundo y que debemos discutir con nuestra constituci\u00f3n, nuestro c\u00f3digo penal y nuestros tratados internacionales firmados. Si la opini\u00f3n de Macri interrumpe el debate legislativo, deberemos comprobar, con mucha pena, que hay autoritarismo; que hay una concepci\u00f3n totalitaria, que no hay pluralidad de opiniones y di\u00e1logo como se prometi\u00f3 y que no se est\u00e1 respetando el \u00e1mbito de la legislatura para discutir esto. Entonces, la verdad, imponer esa posici\u00f3n tendr\u00eda un costo alt\u00edsimo.<\/em><\/span><br \/>\n<span style=\"color: #000000;\"><strong>\u2014En este contexto de espera del debate tenemos el caso de Bel\u00e9n \u2013 la joven tucumana, presa por un aborto espont\u00e1neo y condenada a ocho a\u00f1os de prisi\u00f3n \u2013 como paradigma de una ley de aborto no punible que no se cumple.<\/strong><\/span><br \/>\n<span style=\"color: #000000;\"><em>\u2014El caso de Bel\u00e9n, me parece que es un caso que concit\u00f3 mucha atenci\u00f3n a nivel nacional, a pesar de que hace dos a\u00f1os que est\u00e1 presa. Se nota que cuando las cosas quedan a nivel provincial es muy dif\u00edcil hacer o\u00edr la voz, incluso de las mujeres que est\u00e1n acompa\u00f1ando el caso. Un caso que es arbitrario, abusivo.<\/em><\/span><br \/>\n<span style=\"color: #000000;\"><em>Es realmente horroroso cuando se analiza cu\u00e1l es el camino que lleva a esa mujer a la c\u00e1rcel- a ella como a muchas otras-, cuando se analiza todas las veces que el Estado no estuvo cuando ten\u00eda que estar y donde ten\u00eda que estar, dej\u00e1ndole a las mujeres soluciones escas\u00edsimas para poder seguir adelante con sus vidas. Y que s\u00f3lo se haga presente para prohibir y encarcelar en el \u00faltimo eslab\u00f3n de la situaci\u00f3n, sin las pruebas suficientes, sin que ella tenga un derecho de defensa ni siquiera con la investigaci\u00f3n judicial apropiada. La han encarcelado sin confrontar las opiniones, de una manera tan arbitraria y tan<\/em>\u00a0<em>vergonzosa que cuando esa descripci\u00f3n llega a los medios nacionales, reci\u00e9n ah\u00ed, es cuando empieza a haber un poco de movimiento y preocupaci\u00f3n por esto. Es evidente que nuestros cuerpos son herramienta y territorio de luchas. Yo creo que \u00e9ste, el caso de Bel\u00e9n, es uno de esos casos en que el Estado puede ser demandado, no solo por acci\u00f3n sino por omisi\u00f3n y que si esa demanda existiera, claramente se ver\u00eda que no es precisamente Bel\u00e9n la que tiene que estar presa.<\/em><\/span><br \/>\n<span style=\"color: #000000;\"><strong>\u2014En octubre comienza, aqu\u00ed en Rosario, el Encuentro Nacional de Mujeres -ENM- \u00bfQu\u00e9 significan los Encuentros para vos? \u00bfQu\u00e9 relevancia personal y militante tienen?<\/strong><\/span><br \/>\n<span style=\"color: #000000;\">\u2014<em>Yo fui al primero, soy de la primera camada de los Encuentros. El impacto para cualquier mujer, el impacto de ir a su primer ENM realmente es algo inolvidable. Yo quisiera que todas las mujeres pudieran al menos un a\u00f1o ir con sus amigas, con sus compa\u00f1eras de escuela, facultad, trabajo, sindicato, parroquia, con quienes se les d\u00e9 la gana, pero que tuvieran el impacto de ver una ciudad dinamizada y apropiada por las mujeres. Donde, cuando vos sal\u00eds a la calle, sab\u00e9s en complicidad que esa mujer est\u00e1 en el mismo proyecto de vida que vos. Cosa que a los varones les pasa todo el tiempo y a nosotras nunca porque estamos encerradas en el \u00e1mbito dom\u00e9stico.<\/em><\/span><br \/>\n<span style=\"color: #000000;\">T<em>enemos que pensar que vienen treinta mil mujeres que a veces tienen realidades absolutamente diferentes de las de un comit\u00e9, de las de una agrupaci\u00f3n pol\u00edtica, de la disputa que tiene la izquierda con la otra izquierda, incluso la izquierda con la derecha. Hay mujeres que para poder asistir hacen un esfuerzo durante todo el a\u00f1o, que viajan much\u00edsimas horas en micro, que lo hacen con una esperanza, con una expectativa que cuando somos mezquinas en estas cosas, tenemos que pensar para qui\u00e9nes estamos haciendo un ENM. No es para molestar a la de al lado, es para agrandar esa posibilidad de la sororidad, de la fraternidad feminista, de encontrarnos con otras, de permitir que se acceda a espacios de di\u00e1logo que es muy dif\u00edcil, a veces, en las propias comunidades abordar. Temas que tienen que ver con sexualidad, con aborto, con violencia, con prostituci\u00f3n. Realmente creo que el ENM es una cosa grandiosa, original, propia, nuestra, de mantener esta din\u00e1mica de a\u00f1o a a\u00f1o ir cambiando de lugar.<\/em><\/span><br \/>\n<span style=\"color: #000000;\"><strong>\u2014\u00bfC\u00f3mo ves los avances en relaci\u00f3n a una de las violencias m\u00e1s importantes y menos visibles como es la violencia simb\u00f3lica, tanto en los medios de comunicaci\u00f3n, como en nuestra cotidianeidad, llena de discursos dif\u00edciles de romper?<\/strong><\/span><br \/>\n<span style=\"color: #000000;\">\u2014<em>Las comunicadoras y comunicadores con perspectiva de g\u00e9nero est\u00e1n trabajando fuertemente. Creo que s\u00ed hay acuerdos sobre la violencia simb\u00f3lica al punto de generar buenas pr\u00e1cticas, dec\u00e1logos para la intervenci\u00f3n y cuando se usan mal, hay que denunciar, ir a los organismos correspondientes. Pienso que se ha avanzado much\u00edsimo en ese aspecto.<\/em><\/span><br \/>\n<span style=\"color: #000000;\"><em>Lo que s\u00ed suele ocurrir, es que es dif\u00edcil generar una aceptaci\u00f3n en el \u201csentido com\u00fan\u201d acerca de que ciertas cosas son violentas; que un piropo es violento, que un comentario sobre tu aspecto f\u00edsico es violento, que un chiste es violento. Porque son los modos de la comunicaci\u00f3n humana que transmiten valoraciones mis\u00f3ginas, pero que est\u00e1n en el contexto aparente del buen trato. Entonces, cuando vos denuncias el efecto violento de esas pr\u00e1cticas: sos la feminista amarga que arruina el buen momento. Ah\u00ed, s\u00ed tenemos que trabajar, en estas pr\u00e1cticas del \u201csentido com\u00fan\u201d y no tanto en las cuestiones de responsabilidad p\u00fablica como en los medios de comunicaci\u00f3n o los medios audiovisuales que tienen antecedentes y entrenamientos, y lugares institucionales que son buen\u00edsimos.<br \/>\n<\/em><\/span><br \/>\n<span style=\"color: #000000;\"><em>Te dicen algo que parece ser positivo y encierra una carga negativa. Negociar esto es un poquito m\u00e1s dif\u00edcil,\u00a0pero tambi\u00e9n es dif\u00edcil entre mujeres, no solo con los varones. La cuesti\u00f3n de lo cotidiano, de nuestros compa\u00f1eros y compa\u00f1eras de la vida; prestar atenci\u00f3n a \u00a0cu\u00e1les pueden ser los aspectos mis\u00f3ginos, machistas, patriarcales, androc\u00e9ntricos de determinadas pr\u00e1cticas comunicativas que est\u00e1n dentro del \u201csentido com\u00fan\u201d y dentro de la comunicaci\u00f3n amistosa, es tambi\u00e9n la tarea.<\/em><\/span><br \/>\n&nbsp;<br \/>\n______________________________________________________<br \/>\n<span style=\"color: #000000;\">*Laura Charro es licenciada en Comunicaci\u00f3n Social e integrante de la organizaci\u00f3n\u00a0<em>Con X<\/em>: Comunicaci\u00f3n Plural e Igualitaria.<\/span><br \/>\n&nbsp;<br \/>\n&nbsp;<br \/>\n&nbsp;<br \/>\n<span style=\"color: #000000;\">Fuente: Laura Charro v\u00eda Foro RIPVGAr<\/span><br \/>\n<span style=\"color: #000000;\">Fuente original:<\/span>\u00a0http:\/\/agenciasincerco.com.ar\/<br \/>\nFoto:\u00a0<strong>Carla Cipolletta<\/strong><br \/>\n<strong>\u00a0<\/strong><\/p>\n","protected":false},"excerpt":{"rendered":"<p>Por Laura Charro.* Feminista, doctora en Filosof\u00eda y directora del Observatorio de Justicia y G\u00e9nero en el Consejo de la Magistratura de la Ciudad de Buenos Aires, Diana Maffia es una de las voces imprescindibles de la militancia feminista contempor\u00e1nea. Con lucidez en las palabras y claridad expresada con la voz y la mirada, repas\u00f3 [&hellip;]<\/p>\n","protected":false},"author":1,"featured_media":0,"comment_status":"open","ping_status":"open","sticky":false,"template":"","format":"standard","meta":{"iawp_total_views":16,"footnotes":""},"categories":[9,4],"tags":[25,53,57,30,28],"class_list":["post-24242","post","type-post","status-publish","format-standard","hentry","category-de-esi-si-se-habla","category-medios","tag-activismo","tag-derechos-de-las-mujeres","tag-derechos-de-ninxs","tag-derechos-humanos","tag-periodismo"],"nelio_content":{"autoShareEndMode":"never","automationSources":{"useCustomSentences":false,"customSentences":[]},"efiAlt":"","efiUrl":"","followers":[],"highlights":[],"isAutoShareEnabled":true,"networkImageIds":[],"permalinkQueryArgs":[],"series":[],"suggestedReferences":[]},"yoast_head":"<!-- This site is optimized with the Yoast SEO plugin v27.4 - https:\/\/yoast.com\/product\/yoast-seo-wordpress\/ -->\n<title>Diana Maffia: \u201cNuestros cuerpos son herramienta y territorio de luchas\u201d - Diario Digital Femenino<\/title>\n<meta name=\"description\" content=\"Diana Maffia: \u201cNuestros cuerpos son herramienta y territorio de luchas\u201d\" \/>\n<meta name=\"robots\" content=\"index, follow, max-snippet:-1, max-image-preview:large, max-video-preview:-1\" \/>\n<link rel=\"canonical\" href=\"https:\/\/diariofemenino.com.ar\/df\/diana-maffia-nuestros-cuerpos-son-herramienta-y-territorio-de-luchas\/\" \/>\n<meta property=\"og:locale\" content=\"es_ES\" \/>\n<meta property=\"og:type\" content=\"article\" \/>\n<meta property=\"og:title\" content=\"Diana Maffia: \u201cNuestros cuerpos son herramienta y territorio de luchas\u201d - Diario Digital Femenino\" \/>\n<meta property=\"og:description\" content=\"Diana Maffia: \u201cNuestros cuerpos son herramienta y territorio de luchas\u201d\" \/>\n<meta property=\"og:url\" content=\"https:\/\/diariofemenino.com.ar\/df\/diana-maffia-nuestros-cuerpos-son-herramienta-y-territorio-de-luchas\/\" \/>\n<meta property=\"og:site_name\" content=\"Diario Digital Femenino\" \/>\n<meta property=\"article:publisher\" content=\"https:\/\/www.facebook.com\/DiarioDigitaFemenino\/\" \/>\n<meta property=\"article:published_time\" content=\"2016-08-14T15:16:44+00:00\" \/>\n<meta property=\"og:image\" content=\"http:\/\/www.diariofemenino.com.ar\/wp-content\/uploads\/DSC_0062.jpg\" \/>\n<meta name=\"author\" content=\"Admin\" \/>\n<meta name=\"twitter:card\" content=\"summary_large_image\" \/>\n<meta name=\"twitter:creator\" content=\"@DiarioFemenino1\" \/>\n<meta name=\"twitter:site\" content=\"@DiarioFemenino1\" \/>\n<meta name=\"twitter:label1\" content=\"Escrito por\" \/>\n\t<meta name=\"twitter:data1\" content=\"Admin\" \/>\n\t<meta name=\"twitter:label2\" content=\"Tiempo de lectura\" \/>\n\t<meta name=\"twitter:data2\" content=\"10 minutos\" \/>\n<script type=\"application\/ld+json\" class=\"yoast-schema-graph\">{\"@context\":\"https:\\\/\\\/schema.org\",\"@graph\":[{\"@type\":\"Article\",\"@id\":\"https:\\\/\\\/diariofemenino.com.ar\\\/df\\\/diana-maffia-nuestros-cuerpos-son-herramienta-y-territorio-de-luchas\\\/#article\",\"isPartOf\":{\"@id\":\"https:\\\/\\\/diariofemenino.com.ar\\\/df\\\/diana-maffia-nuestros-cuerpos-son-herramienta-y-territorio-de-luchas\\\/\"},\"author\":{\"name\":\"Admin\",\"@id\":\"https:\\\/\\\/diariofemenino.com.ar\\\/df\\\/#\\\/schema\\\/person\\\/38f54b3bfd13f561de2460ba95c169c6\"},\"headline\":\"Diana Maffia: \u201cNuestros cuerpos son herramienta y territorio de luchas\u201d\",\"datePublished\":\"2016-08-14T15:16:44+00:00\",\"mainEntityOfPage\":{\"@id\":\"https:\\\/\\\/diariofemenino.com.ar\\\/df\\\/diana-maffia-nuestros-cuerpos-son-herramienta-y-territorio-de-luchas\\\/\"},\"wordCount\":2046,\"commentCount\":0,\"publisher\":{\"@id\":\"https:\\\/\\\/diariofemenino.com.ar\\\/df\\\/#organization\"},\"image\":{\"@id\":\"https:\\\/\\\/diariofemenino.com.ar\\\/df\\\/diana-maffia-nuestros-cuerpos-son-herramienta-y-territorio-de-luchas\\\/#primaryimage\"},\"thumbnailUrl\":\"http:\\\/\\\/www.diariofemenino.com.ar\\\/wp-content\\\/uploads\\\/DSC_0062.jpg\",\"keywords\":[\"Activismo\",\"Derechos de las mujeres\",\"Derechos de ni\u00f1xs\",\"Derechos Humanos\",\"Periodismo\"],\"articleSection\":[\"De ESI S\u00ed Se Habla\",\"Medios\"],\"inLanguage\":\"es\",\"potentialAction\":[{\"@type\":\"CommentAction\",\"name\":\"Comment\",\"target\":[\"https:\\\/\\\/diariofemenino.com.ar\\\/df\\\/diana-maffia-nuestros-cuerpos-son-herramienta-y-territorio-de-luchas\\\/#respond\"]}]},{\"@type\":\"WebPage\",\"@id\":\"https:\\\/\\\/diariofemenino.com.ar\\\/df\\\/diana-maffia-nuestros-cuerpos-son-herramienta-y-territorio-de-luchas\\\/\",\"url\":\"https:\\\/\\\/diariofemenino.com.ar\\\/df\\\/diana-maffia-nuestros-cuerpos-son-herramienta-y-territorio-de-luchas\\\/\",\"name\":\"Diana Maffia: \u201cNuestros cuerpos son herramienta y territorio de luchas\u201d - Diario Digital Femenino\",\"isPartOf\":{\"@id\":\"https:\\\/\\\/diariofemenino.com.ar\\\/df\\\/#website\"},\"primaryImageOfPage\":{\"@id\":\"https:\\\/\\\/diariofemenino.com.ar\\\/df\\\/diana-maffia-nuestros-cuerpos-son-herramienta-y-territorio-de-luchas\\\/#primaryimage\"},\"image\":{\"@id\":\"https:\\\/\\\/diariofemenino.com.ar\\\/df\\\/diana-maffia-nuestros-cuerpos-son-herramienta-y-territorio-de-luchas\\\/#primaryimage\"},\"thumbnailUrl\":\"http:\\\/\\\/www.diariofemenino.com.ar\\\/wp-content\\\/uploads\\\/DSC_0062.jpg\",\"datePublished\":\"2016-08-14T15:16:44+00:00\",\"description\":\"Diana Maffia: \u201cNuestros cuerpos son herramienta y territorio de luchas\u201d\",\"breadcrumb\":{\"@id\":\"https:\\\/\\\/diariofemenino.com.ar\\\/df\\\/diana-maffia-nuestros-cuerpos-son-herramienta-y-territorio-de-luchas\\\/#breadcrumb\"},\"inLanguage\":\"es\",\"potentialAction\":[{\"@type\":\"ReadAction\",\"target\":[\"https:\\\/\\\/diariofemenino.com.ar\\\/df\\\/diana-maffia-nuestros-cuerpos-son-herramienta-y-territorio-de-luchas\\\/\"]}]},{\"@type\":\"ImageObject\",\"inLanguage\":\"es\",\"@id\":\"https:\\\/\\\/diariofemenino.com.ar\\\/df\\\/diana-maffia-nuestros-cuerpos-son-herramienta-y-territorio-de-luchas\\\/#primaryimage\",\"url\":\"http:\\\/\\\/www.diariofemenino.com.ar\\\/wp-content\\\/uploads\\\/DSC_0062.jpg\",\"contentUrl\":\"http:\\\/\\\/www.diariofemenino.com.ar\\\/wp-content\\\/uploads\\\/DSC_0062.jpg\"},{\"@type\":\"BreadcrumbList\",\"@id\":\"https:\\\/\\\/diariofemenino.com.ar\\\/df\\\/diana-maffia-nuestros-cuerpos-son-herramienta-y-territorio-de-luchas\\\/#breadcrumb\",\"itemListElement\":[{\"@type\":\"ListItem\",\"position\":1,\"name\":\"Portada\",\"item\":\"https:\\\/\\\/diariofemenino.com.ar\\\/df\\\/\"},{\"@type\":\"ListItem\",\"position\":2,\"name\":\"Diana Maffia: \u201cNuestros cuerpos son herramienta y territorio de luchas\u201d\"}]},{\"@type\":\"WebSite\",\"@id\":\"https:\\\/\\\/diariofemenino.com.ar\\\/df\\\/#website\",\"url\":\"https:\\\/\\\/diariofemenino.com.ar\\\/df\\\/\",\"name\":\"Diario Digital Femenino\",\"description\":\"Cuesti\u00f3n de G\u00e9nero\",\"publisher\":{\"@id\":\"https:\\\/\\\/diariofemenino.com.ar\\\/df\\\/#organization\"},\"potentialAction\":[{\"@type\":\"SearchAction\",\"target\":{\"@type\":\"EntryPoint\",\"urlTemplate\":\"https:\\\/\\\/diariofemenino.com.ar\\\/df\\\/?s={search_term_string}\"},\"query-input\":{\"@type\":\"PropertyValueSpecification\",\"valueRequired\":true,\"valueName\":\"search_term_string\"}}],\"inLanguage\":\"es\"},{\"@type\":\"Organization\",\"@id\":\"https:\\\/\\\/diariofemenino.com.ar\\\/df\\\/#organization\",\"name\":\"Diario Femenino\",\"url\":\"https:\\\/\\\/diariofemenino.com.ar\\\/df\\\/\",\"logo\":{\"@type\":\"ImageObject\",\"inLanguage\":\"es\",\"@id\":\"https:\\\/\\\/diariofemenino.com.ar\\\/df\\\/#\\\/schema\\\/logo\\\/image\\\/\",\"url\":\"https:\\\/\\\/diariofemenino.com.ar\\\/df\\\/wp-content\\\/uploads\\\/2018\\\/10\\\/logo.png\",\"contentUrl\":\"https:\\\/\\\/diariofemenino.com.ar\\\/df\\\/wp-content\\\/uploads\\\/2018\\\/10\\\/logo.png\",\"width\":500,\"height\":92,\"caption\":\"Diario Femenino\"},\"image\":{\"@id\":\"https:\\\/\\\/diariofemenino.com.ar\\\/df\\\/#\\\/schema\\\/logo\\\/image\\\/\"},\"sameAs\":[\"https:\\\/\\\/www.facebook.com\\\/DiarioDigitaFemenino\\\/\",\"https:\\\/\\\/x.com\\\/DiarioFemenino1\"]},{\"@type\":\"Person\",\"@id\":\"https:\\\/\\\/diariofemenino.com.ar\\\/df\\\/#\\\/schema\\\/person\\\/38f54b3bfd13f561de2460ba95c169c6\",\"name\":\"Admin\",\"image\":{\"@type\":\"ImageObject\",\"inLanguage\":\"es\",\"@id\":\"https:\\\/\\\/diariofemenino.com.ar\\\/df\\\/wp-content\\\/uploads\\\/2018\\\/12\\\/favicon-150x150.jpg\",\"url\":\"https:\\\/\\\/diariofemenino.com.ar\\\/df\\\/wp-content\\\/uploads\\\/2018\\\/12\\\/favicon-150x150.jpg\",\"contentUrl\":\"https:\\\/\\\/diariofemenino.com.ar\\\/df\\\/wp-content\\\/uploads\\\/2018\\\/12\\\/favicon-150x150.jpg\",\"caption\":\"Admin\"},\"url\":\"https:\\\/\\\/diariofemenino.com.ar\\\/df\\\/author\\\/adm18df\\\/\"}]}<\/script>\n<!-- \/ Yoast SEO plugin. -->","yoast_head_json":{"title":"Diana Maffia: \u201cNuestros cuerpos son herramienta y territorio de luchas\u201d - Diario Digital Femenino","description":"Diana Maffia: \u201cNuestros cuerpos son herramienta y territorio de luchas\u201d","robots":{"index":"index","follow":"follow","max-snippet":"max-snippet:-1","max-image-preview":"max-image-preview:large","max-video-preview":"max-video-preview:-1"},"canonical":"https:\/\/diariofemenino.com.ar\/df\/diana-maffia-nuestros-cuerpos-son-herramienta-y-territorio-de-luchas\/","og_locale":"es_ES","og_type":"article","og_title":"Diana Maffia: \u201cNuestros cuerpos son herramienta y territorio de luchas\u201d - Diario Digital Femenino","og_description":"Diana Maffia: \u201cNuestros cuerpos son herramienta y territorio de luchas\u201d","og_url":"https:\/\/diariofemenino.com.ar\/df\/diana-maffia-nuestros-cuerpos-son-herramienta-y-territorio-de-luchas\/","og_site_name":"Diario Digital Femenino","article_publisher":"https:\/\/www.facebook.com\/DiarioDigitaFemenino\/","article_published_time":"2016-08-14T15:16:44+00:00","og_image":[{"url":"http:\/\/www.diariofemenino.com.ar\/wp-content\/uploads\/DSC_0062.jpg","type":"","width":"","height":""}],"author":"Admin","twitter_card":"summary_large_image","twitter_creator":"@DiarioFemenino1","twitter_site":"@DiarioFemenino1","twitter_misc":{"Escrito por":"Admin","Tiempo de lectura":"10 minutos"},"schema":{"@context":"https:\/\/schema.org","@graph":[{"@type":"Article","@id":"https:\/\/diariofemenino.com.ar\/df\/diana-maffia-nuestros-cuerpos-son-herramienta-y-territorio-de-luchas\/#article","isPartOf":{"@id":"https:\/\/diariofemenino.com.ar\/df\/diana-maffia-nuestros-cuerpos-son-herramienta-y-territorio-de-luchas\/"},"author":{"name":"Admin","@id":"https:\/\/diariofemenino.com.ar\/df\/#\/schema\/person\/38f54b3bfd13f561de2460ba95c169c6"},"headline":"Diana Maffia: \u201cNuestros cuerpos son herramienta y territorio de luchas\u201d","datePublished":"2016-08-14T15:16:44+00:00","mainEntityOfPage":{"@id":"https:\/\/diariofemenino.com.ar\/df\/diana-maffia-nuestros-cuerpos-son-herramienta-y-territorio-de-luchas\/"},"wordCount":2046,"commentCount":0,"publisher":{"@id":"https:\/\/diariofemenino.com.ar\/df\/#organization"},"image":{"@id":"https:\/\/diariofemenino.com.ar\/df\/diana-maffia-nuestros-cuerpos-son-herramienta-y-territorio-de-luchas\/#primaryimage"},"thumbnailUrl":"http:\/\/www.diariofemenino.com.ar\/wp-content\/uploads\/DSC_0062.jpg","keywords":["Activismo","Derechos de las mujeres","Derechos de ni\u00f1xs","Derechos Humanos","Periodismo"],"articleSection":["De ESI S\u00ed Se Habla","Medios"],"inLanguage":"es","potentialAction":[{"@type":"CommentAction","name":"Comment","target":["https:\/\/diariofemenino.com.ar\/df\/diana-maffia-nuestros-cuerpos-son-herramienta-y-territorio-de-luchas\/#respond"]}]},{"@type":"WebPage","@id":"https:\/\/diariofemenino.com.ar\/df\/diana-maffia-nuestros-cuerpos-son-herramienta-y-territorio-de-luchas\/","url":"https:\/\/diariofemenino.com.ar\/df\/diana-maffia-nuestros-cuerpos-son-herramienta-y-territorio-de-luchas\/","name":"Diana Maffia: \u201cNuestros cuerpos son herramienta y territorio de luchas\u201d - Diario Digital Femenino","isPartOf":{"@id":"https:\/\/diariofemenino.com.ar\/df\/#website"},"primaryImageOfPage":{"@id":"https:\/\/diariofemenino.com.ar\/df\/diana-maffia-nuestros-cuerpos-son-herramienta-y-territorio-de-luchas\/#primaryimage"},"image":{"@id":"https:\/\/diariofemenino.com.ar\/df\/diana-maffia-nuestros-cuerpos-son-herramienta-y-territorio-de-luchas\/#primaryimage"},"thumbnailUrl":"http:\/\/www.diariofemenino.com.ar\/wp-content\/uploads\/DSC_0062.jpg","datePublished":"2016-08-14T15:16:44+00:00","description":"Diana Maffia: \u201cNuestros cuerpos son herramienta y territorio de luchas\u201d","breadcrumb":{"@id":"https:\/\/diariofemenino.com.ar\/df\/diana-maffia-nuestros-cuerpos-son-herramienta-y-territorio-de-luchas\/#breadcrumb"},"inLanguage":"es","potentialAction":[{"@type":"ReadAction","target":["https:\/\/diariofemenino.com.ar\/df\/diana-maffia-nuestros-cuerpos-son-herramienta-y-territorio-de-luchas\/"]}]},{"@type":"ImageObject","inLanguage":"es","@id":"https:\/\/diariofemenino.com.ar\/df\/diana-maffia-nuestros-cuerpos-son-herramienta-y-territorio-de-luchas\/#primaryimage","url":"http:\/\/www.diariofemenino.com.ar\/wp-content\/uploads\/DSC_0062.jpg","contentUrl":"http:\/\/www.diariofemenino.com.ar\/wp-content\/uploads\/DSC_0062.jpg"},{"@type":"BreadcrumbList","@id":"https:\/\/diariofemenino.com.ar\/df\/diana-maffia-nuestros-cuerpos-son-herramienta-y-territorio-de-luchas\/#breadcrumb","itemListElement":[{"@type":"ListItem","position":1,"name":"Portada","item":"https:\/\/diariofemenino.com.ar\/df\/"},{"@type":"ListItem","position":2,"name":"Diana Maffia: \u201cNuestros cuerpos son herramienta y territorio de luchas\u201d"}]},{"@type":"WebSite","@id":"https:\/\/diariofemenino.com.ar\/df\/#website","url":"https:\/\/diariofemenino.com.ar\/df\/","name":"Diario Digital Femenino","description":"Cuesti\u00f3n de G\u00e9nero","publisher":{"@id":"https:\/\/diariofemenino.com.ar\/df\/#organization"},"potentialAction":[{"@type":"SearchAction","target":{"@type":"EntryPoint","urlTemplate":"https:\/\/diariofemenino.com.ar\/df\/?s={search_term_string}"},"query-input":{"@type":"PropertyValueSpecification","valueRequired":true,"valueName":"search_term_string"}}],"inLanguage":"es"},{"@type":"Organization","@id":"https:\/\/diariofemenino.com.ar\/df\/#organization","name":"Diario Femenino","url":"https:\/\/diariofemenino.com.ar\/df\/","logo":{"@type":"ImageObject","inLanguage":"es","@id":"https:\/\/diariofemenino.com.ar\/df\/#\/schema\/logo\/image\/","url":"https:\/\/diariofemenino.com.ar\/df\/wp-content\/uploads\/2018\/10\/logo.png","contentUrl":"https:\/\/diariofemenino.com.ar\/df\/wp-content\/uploads\/2018\/10\/logo.png","width":500,"height":92,"caption":"Diario Femenino"},"image":{"@id":"https:\/\/diariofemenino.com.ar\/df\/#\/schema\/logo\/image\/"},"sameAs":["https:\/\/www.facebook.com\/DiarioDigitaFemenino\/","https:\/\/x.com\/DiarioFemenino1"]},{"@type":"Person","@id":"https:\/\/diariofemenino.com.ar\/df\/#\/schema\/person\/38f54b3bfd13f561de2460ba95c169c6","name":"Admin","image":{"@type":"ImageObject","inLanguage":"es","@id":"https:\/\/diariofemenino.com.ar\/df\/wp-content\/uploads\/2018\/12\/favicon-150x150.jpg","url":"https:\/\/diariofemenino.com.ar\/df\/wp-content\/uploads\/2018\/12\/favicon-150x150.jpg","contentUrl":"https:\/\/diariofemenino.com.ar\/df\/wp-content\/uploads\/2018\/12\/favicon-150x150.jpg","caption":"Admin"},"url":"https:\/\/diariofemenino.com.ar\/df\/author\/adm18df\/"}]}},"jetpack_featured_media_url":"","jetpack_sharing_enabled":true,"rttpg_featured_image_url":null,"rttpg_author":{"display_name":"Admin","author_link":"https:\/\/diariofemenino.com.ar\/df\/author\/adm18df\/"},"rttpg_comment":0,"rttpg_category":"<a href=\"https:\/\/diariofemenino.com.ar\/df\/category\/de-esi-si-se-habla\/\" rel=\"category tag\">De ESI S\u00ed Se Habla<\/a> <a href=\"https:\/\/diariofemenino.com.ar\/df\/category\/medios\/\" rel=\"category tag\">Medios<\/a>","rttpg_excerpt":"Por Laura Charro.* Feminista, doctora en Filosof\u00eda y directora del Observatorio de Justicia y G\u00e9nero en el Consejo de la Magistratura de la Ciudad de Buenos Aires, Diana Maffia es una de las voces imprescindibles de la militancia feminista contempor\u00e1nea. Con lucidez en las palabras y claridad expresada con la voz y la mirada, repas\u00f3&hellip;","_links":{"self":[{"href":"https:\/\/diariofemenino.com.ar\/df\/wp-json\/wp\/v2\/posts\/24242","targetHints":{"allow":["GET"]}}],"collection":[{"href":"https:\/\/diariofemenino.com.ar\/df\/wp-json\/wp\/v2\/posts"}],"about":[{"href":"https:\/\/diariofemenino.com.ar\/df\/wp-json\/wp\/v2\/types\/post"}],"author":[{"embeddable":true,"href":"https:\/\/diariofemenino.com.ar\/df\/wp-json\/wp\/v2\/users\/1"}],"replies":[{"embeddable":true,"href":"https:\/\/diariofemenino.com.ar\/df\/wp-json\/wp\/v2\/comments?post=24242"}],"version-history":[{"count":0,"href":"https:\/\/diariofemenino.com.ar\/df\/wp-json\/wp\/v2\/posts\/24242\/revisions"}],"wp:attachment":[{"href":"https:\/\/diariofemenino.com.ar\/df\/wp-json\/wp\/v2\/media?parent=24242"}],"wp:term":[{"taxonomy":"category","embeddable":true,"href":"https:\/\/diariofemenino.com.ar\/df\/wp-json\/wp\/v2\/categories?post=24242"},{"taxonomy":"post_tag","embeddable":true,"href":"https:\/\/diariofemenino.com.ar\/df\/wp-json\/wp\/v2\/tags?post=24242"}],"curies":[{"name":"wp","href":"https:\/\/api.w.org\/{rel}","templated":true}]}}