{"id":2424,"date":"2012-07-11T16:12:46","date_gmt":"2012-07-11T19:12:46","guid":{"rendered":"http:\/\/www.diariofemenino.com.ar\/?p=2424"},"modified":"2012-07-11T16:12:46","modified_gmt":"2012-07-11T19:12:46","slug":"cuestionan-la-maraton-gay-del-programa-de-marcelo-tinelli","status":"publish","type":"post","link":"https:\/\/diariofemenino.com.ar\/df\/cuestionan-la-maraton-gay-del-programa-de-marcelo-tinelli\/","title":{"rendered":"Cuestionan la &#034;Marat\u00f3n Gay&#034; del programa de Marcelo Tinelli"},"content":{"rendered":"<p>&nbsp;<br \/>\n&nbsp;<\/p>\n<div>\n<div>\n<div>\n<em>La Federaci\u00f3n de Lesbianas, Gays, Bisexuales y Trans (FLGBT) emiti\u00f3 una carta abierta en la que cuestiona el tramo del programa por \u00abreforzar estereotipos, lesionar la dignidad y promover pr\u00e1cticas discriminatorias\u00bb.<\/em>\n<\/div>\n<div>\n11 de julio de 2012. La FLGBT, a trav\u00e9s de la carta, invita al productor y conductor televisivo a \u00abser protagonista del cambio cultural necesario para hacer realidad la igualdad lograda en la legislaci\u00f3n\u00bb.<br \/>\n\u00abEstamos convencidos de que queremos lo mismo: que las futuras generaciones en nuestro pa\u00eds transiten vidas m\u00e1s libres y dignas, plenas de derechos e igualdad\u00bb, se\u00f1ala la federaci\u00f3n en la carta.<br \/>\nCon esa premisa, se\u00f1ala que \u00ablo invitamos a ser protagonista de esa construcci\u00f3n\u00bb.<br \/>\nLa carta, dirigida al productor y conductor del programa \u00abBailando por un sue\u00f1o\u00bb hace referencia al tramo llamado Marat\u00f3n Gay, del que se\u00f1ala que \u00abseguramente pensado como una instancia de humor y divertimento\u00bb.<br \/>\nSin embargo, afirma que ese tramo termina en \u00abun desfile de actitudes y lugares comunes que no hacen m\u00e1s que reforzar estereotipos muy arraigados en la sociedad\u00bb.<br \/>\nEn ese sentido, la FLGBT sostiene que esos \u00abestereotipos no responden ni representan la totalidad de las vidas, h\u00e1bitos, costumbres, actitudes y expresiones\u00bb del colectivo trans.<br \/>\n\u00abEs de destacar que la emisi\u00f3n de estos estereotipos desde un programa de audiencia masiva como el suyo, lejos est\u00e1n de contribuir a la idea de inclusi\u00f3n e igualdad que, estamos convencidos, la sociedad argentina ha decidido abrazar en los \u00faltimos a\u00f1os\u00bb, dice la carta dirigida a Tinelli.<br \/>\nMuy por el contrario, explica la misiva, esos estereotipos \u00ablesionan la dignidad y promueven pr\u00e1cticas discriminatorias en horario central\u00bb.<br \/>\nEn la carta, los integrantes de la FLGBT explican que las personas no heterosexuales \u00abhemos recorrido un largo camino de lucha, sufrimiento y exclusi\u00f3n para poder alcanzar la igualdad legal\u00bb.<br \/>\nEn ese contexto, recuerdan \u00abla aprobaci\u00f3n de la Ley de Matrimonio Igualitario en 2010 y m\u00e1s recientemente la Ley de Identidad de G\u00e9nero en mayo de 2012\u00bb.<br \/>\n\u00abLas personas LGBT transformamos ese sufrimiento en reivindicaci\u00f3n pol\u00edtica e impulsamos esas dos leyes, que inscriben a nuestro pa\u00eds como el m\u00e1s avanzado en materia de derechos LGBT en el mundo\u00bb, sostienen.<br \/>\nSin embargo, desatacan que \u00abla igualdad alcanzada en la normativa ser\u00e1 alcanzada cuando logremos entre todos los sectores y referentes sociales, plasmar un cambio cultural que incorpore a todas las expresiones de la afectividad y la sexualidad con id\u00e9ntico respeto\u00bb.<br \/>\nPara la FLGBT, \u00aben el camino de ese cambio cultural profundo es necesario el esfuerzo de todas y todos sin distinci\u00f3n. M\u00e1s a\u00fan los referentes que cuentan con una mayor influencia en la sociedad\u00bb.<br \/>\n&nbsp;<br \/>\n&nbsp;<br \/>\nFuente:\u00a0<a href=\"http:\/\/www.telam.com.ar\/nota\/31288\/\"> T\u00e9lam<\/a><br \/>\nFuente foto: <a href=\"http:\/\/vos.lavoz.com.ar\/tv\/bailando-2012-marcelo-tinelli-pateo-tablero\" target=\"_blank\">LaVoz<\/a><br \/>\n&nbsp;\n<\/div>\n<\/div>\n<\/div>\n","protected":false},"excerpt":{"rendered":"<p>&nbsp; &nbsp; La Federaci\u00f3n de Lesbianas, Gays, Bisexuales y Trans (FLGBT) emiti\u00f3 una carta abierta en la que cuestiona el tramo del programa por \u00abreforzar estereotipos, lesionar la dignidad y promover pr\u00e1cticas discriminatorias\u00bb. 11 de julio de 2012. La FLGBT, a trav\u00e9s de la carta, invita al productor y conductor televisivo a \u00abser protagonista del [&hellip;]<\/p>\n","protected":false},"author":1,"featured_media":2425,"comment_status":"open","ping_status":"open","sticky":false,"template":"","format":"standard","meta":{"iawp_total_views":13,"footnotes":""},"categories":[4,21],"tags":[],"class_list":["post-2424","post","type-post","status-publish","format-standard","has-post-thumbnail","hentry","category-medios","category-noticias"],"nelio_content":{"autoShareEndMode":"never","automationSources":{"useCustomSentences":false,"customSentences":[]},"efiAlt":"","efiUrl":"","followers":[],"highlights":[],"isAutoShareEnabled":true,"networkImageIds":[],"permalinkQueryArgs":[],"series":[],"suggestedReferences":[]},"yoast_head":"<!-- This site is optimized with the Yoast SEO plugin v27.5 - https:\/\/yoast.com\/product\/yoast-seo-wordpress\/ -->\n<title>Cuestionan la &#034;Marat\u00f3n Gay&#034; del programa de Marcelo Tinelli - Diario Digital Femenino<\/title>\n<meta name=\"robots\" content=\"index, follow, max-snippet:-1, max-image-preview:large, max-video-preview:-1\" \/>\n<link rel=\"canonical\" href=\"https:\/\/diariofemenino.com.ar\/df\/cuestionan-la-maraton-gay-del-programa-de-marcelo-tinelli\/\" \/>\n<meta property=\"og:locale\" content=\"es_ES\" \/>\n<meta property=\"og:type\" content=\"article\" \/>\n<meta property=\"og:title\" content=\"Cuestionan la &#034;Marat\u00f3n Gay&#034; del programa de Marcelo Tinelli - Diario Digital Femenino\" \/>\n<meta property=\"og:description\" content=\"&nbsp; &nbsp; La Federaci\u00f3n de Lesbianas, Gays, Bisexuales y Trans (FLGBT) emiti\u00f3 una carta abierta en la que cuestiona el tramo del programa por \u00abreforzar estereotipos, lesionar la dignidad y promover pr\u00e1cticas discriminatorias\u00bb. 11 de julio de 2012. La FLGBT, a trav\u00e9s de la carta, invita al productor y conductor televisivo a \u00abser protagonista del [&hellip;]\" \/>\n<meta property=\"og:url\" content=\"https:\/\/diariofemenino.com.ar\/df\/cuestionan-la-maraton-gay-del-programa-de-marcelo-tinelli\/\" \/>\n<meta property=\"og:site_name\" content=\"Diario Digital Femenino\" \/>\n<meta property=\"article:publisher\" content=\"https:\/\/www.facebook.com\/DiarioDigitaFemenino\/\" \/>\n<meta property=\"article:published_time\" content=\"2012-07-11T19:12:46+00:00\" \/>\n<meta property=\"og:image\" content=\"https:\/\/diariofemenino.com.ar\/df\/wp-content\/uploads\/2016\/10\/logo-negro.png\" \/>\n\t<meta property=\"og:image:width\" content=\"855\" \/>\n\t<meta property=\"og:image:height\" content=\"319\" \/>\n\t<meta property=\"og:image:type\" content=\"image\/png\" \/>\n<meta name=\"author\" content=\"Admin\" \/>\n<meta name=\"twitter:card\" content=\"summary_large_image\" \/>\n<meta name=\"twitter:creator\" content=\"@DiarioFemenino1\" \/>\n<meta name=\"twitter:site\" content=\"@DiarioFemenino1\" \/>\n<meta name=\"twitter:label1\" content=\"Escrito por\" \/>\n\t<meta name=\"twitter:data1\" content=\"Admin\" \/>\n\t<meta name=\"twitter:label2\" content=\"Tiempo de lectura\" \/>\n\t<meta name=\"twitter:data2\" content=\"2 minutos\" \/>\n<script type=\"application\/ld+json\" class=\"yoast-schema-graph\">{\"@context\":\"https:\\\/\\\/schema.org\",\"@graph\":[{\"@type\":\"Article\",\"@id\":\"https:\\\/\\\/diariofemenino.com.ar\\\/df\\\/cuestionan-la-maraton-gay-del-programa-de-marcelo-tinelli\\\/#article\",\"isPartOf\":{\"@id\":\"https:\\\/\\\/diariofemenino.com.ar\\\/df\\\/cuestionan-la-maraton-gay-del-programa-de-marcelo-tinelli\\\/\"},\"author\":{\"name\":\"Admin\",\"@id\":\"https:\\\/\\\/diariofemenino.com.ar\\\/df\\\/#\\\/schema\\\/person\\\/38f54b3bfd13f561de2460ba95c169c6\"},\"headline\":\"Cuestionan la &#034;Marat\u00f3n Gay&#034; del programa de Marcelo Tinelli\",\"datePublished\":\"2012-07-11T19:12:46+00:00\",\"mainEntityOfPage\":{\"@id\":\"https:\\\/\\\/diariofemenino.com.ar\\\/df\\\/cuestionan-la-maraton-gay-del-programa-de-marcelo-tinelli\\\/\"},\"wordCount\":474,\"commentCount\":0,\"publisher\":{\"@id\":\"https:\\\/\\\/diariofemenino.com.ar\\\/df\\\/#organization\"},\"image\":{\"@id\":\"https:\\\/\\\/diariofemenino.com.ar\\\/df\\\/cuestionan-la-maraton-gay-del-programa-de-marcelo-tinelli\\\/#primaryimage\"},\"thumbnailUrl\":\"\",\"articleSection\":[\"Medios\",\"Noticias\"],\"inLanguage\":\"es\",\"potentialAction\":[{\"@type\":\"CommentAction\",\"name\":\"Comment\",\"target\":[\"https:\\\/\\\/diariofemenino.com.ar\\\/df\\\/cuestionan-la-maraton-gay-del-programa-de-marcelo-tinelli\\\/#respond\"]}]},{\"@type\":\"WebPage\",\"@id\":\"https:\\\/\\\/diariofemenino.com.ar\\\/df\\\/cuestionan-la-maraton-gay-del-programa-de-marcelo-tinelli\\\/\",\"url\":\"https:\\\/\\\/diariofemenino.com.ar\\\/df\\\/cuestionan-la-maraton-gay-del-programa-de-marcelo-tinelli\\\/\",\"name\":\"Cuestionan la &#034;Marat\u00f3n Gay&#034; del programa de Marcelo Tinelli - Diario Digital Femenino\",\"isPartOf\":{\"@id\":\"https:\\\/\\\/diariofemenino.com.ar\\\/df\\\/#website\"},\"primaryImageOfPage\":{\"@id\":\"https:\\\/\\\/diariofemenino.com.ar\\\/df\\\/cuestionan-la-maraton-gay-del-programa-de-marcelo-tinelli\\\/#primaryimage\"},\"image\":{\"@id\":\"https:\\\/\\\/diariofemenino.com.ar\\\/df\\\/cuestionan-la-maraton-gay-del-programa-de-marcelo-tinelli\\\/#primaryimage\"},\"thumbnailUrl\":\"\",\"datePublished\":\"2012-07-11T19:12:46+00:00\",\"breadcrumb\":{\"@id\":\"https:\\\/\\\/diariofemenino.com.ar\\\/df\\\/cuestionan-la-maraton-gay-del-programa-de-marcelo-tinelli\\\/#breadcrumb\"},\"inLanguage\":\"es\",\"potentialAction\":[{\"@type\":\"ReadAction\",\"target\":[\"https:\\\/\\\/diariofemenino.com.ar\\\/df\\\/cuestionan-la-maraton-gay-del-programa-de-marcelo-tinelli\\\/\"]}]},{\"@type\":\"ImageObject\",\"inLanguage\":\"es\",\"@id\":\"https:\\\/\\\/diariofemenino.com.ar\\\/df\\\/cuestionan-la-maraton-gay-del-programa-de-marcelo-tinelli\\\/#primaryimage\",\"url\":\"\",\"contentUrl\":\"\"},{\"@type\":\"BreadcrumbList\",\"@id\":\"https:\\\/\\\/diariofemenino.com.ar\\\/df\\\/cuestionan-la-maraton-gay-del-programa-de-marcelo-tinelli\\\/#breadcrumb\",\"itemListElement\":[{\"@type\":\"ListItem\",\"position\":1,\"name\":\"Portada\",\"item\":\"https:\\\/\\\/diariofemenino.com.ar\\\/df\\\/\"},{\"@type\":\"ListItem\",\"position\":2,\"name\":\"Cuestionan la &#034;Marat\u00f3n Gay&#034; del programa de Marcelo Tinelli\"}]},{\"@type\":\"WebSite\",\"@id\":\"https:\\\/\\\/diariofemenino.com.ar\\\/df\\\/#website\",\"url\":\"https:\\\/\\\/diariofemenino.com.ar\\\/df\\\/\",\"name\":\"Diario Digital Femenino\",\"description\":\"Cuesti\u00f3n de G\u00e9nero\",\"publisher\":{\"@id\":\"https:\\\/\\\/diariofemenino.com.ar\\\/df\\\/#organization\"},\"potentialAction\":[{\"@type\":\"SearchAction\",\"target\":{\"@type\":\"EntryPoint\",\"urlTemplate\":\"https:\\\/\\\/diariofemenino.com.ar\\\/df\\\/?s={search_term_string}\"},\"query-input\":{\"@type\":\"PropertyValueSpecification\",\"valueRequired\":true,\"valueName\":\"search_term_string\"}}],\"inLanguage\":\"es\"},{\"@type\":\"Organization\",\"@id\":\"https:\\\/\\\/diariofemenino.com.ar\\\/df\\\/#organization\",\"name\":\"Diario Femenino\",\"url\":\"https:\\\/\\\/diariofemenino.com.ar\\\/df\\\/\",\"logo\":{\"@type\":\"ImageObject\",\"inLanguage\":\"es\",\"@id\":\"https:\\\/\\\/diariofemenino.com.ar\\\/df\\\/#\\\/schema\\\/logo\\\/image\\\/\",\"url\":\"https:\\\/\\\/diariofemenino.com.ar\\\/df\\\/wp-content\\\/uploads\\\/2018\\\/10\\\/logo.png\",\"contentUrl\":\"https:\\\/\\\/diariofemenino.com.ar\\\/df\\\/wp-content\\\/uploads\\\/2018\\\/10\\\/logo.png\",\"width\":500,\"height\":92,\"caption\":\"Diario Femenino\"},\"image\":{\"@id\":\"https:\\\/\\\/diariofemenino.com.ar\\\/df\\\/#\\\/schema\\\/logo\\\/image\\\/\"},\"sameAs\":[\"https:\\\/\\\/www.facebook.com\\\/DiarioDigitaFemenino\\\/\",\"https:\\\/\\\/x.com\\\/DiarioFemenino1\"]},{\"@type\":\"Person\",\"@id\":\"https:\\\/\\\/diariofemenino.com.ar\\\/df\\\/#\\\/schema\\\/person\\\/38f54b3bfd13f561de2460ba95c169c6\",\"name\":\"Admin\",\"image\":{\"@type\":\"ImageObject\",\"inLanguage\":\"es\",\"@id\":\"https:\\\/\\\/diariofemenino.com.ar\\\/df\\\/wp-content\\\/uploads\\\/2018\\\/12\\\/favicon-150x150.jpg\",\"url\":\"https:\\\/\\\/diariofemenino.com.ar\\\/df\\\/wp-content\\\/uploads\\\/2018\\\/12\\\/favicon-150x150.jpg\",\"contentUrl\":\"https:\\\/\\\/diariofemenino.com.ar\\\/df\\\/wp-content\\\/uploads\\\/2018\\\/12\\\/favicon-150x150.jpg\",\"caption\":\"Admin\"},\"url\":\"https:\\\/\\\/diariofemenino.com.ar\\\/df\\\/author\\\/adm18df\\\/\"}]}<\/script>\n<!-- \/ Yoast SEO plugin. -->","yoast_head_json":{"title":"Cuestionan la &#034;Marat\u00f3n Gay&#034; del programa de Marcelo Tinelli - Diario Digital Femenino","robots":{"index":"index","follow":"follow","max-snippet":"max-snippet:-1","max-image-preview":"max-image-preview:large","max-video-preview":"max-video-preview:-1"},"canonical":"https:\/\/diariofemenino.com.ar\/df\/cuestionan-la-maraton-gay-del-programa-de-marcelo-tinelli\/","og_locale":"es_ES","og_type":"article","og_title":"Cuestionan la &#034;Marat\u00f3n Gay&#034; del programa de Marcelo Tinelli - Diario Digital Femenino","og_description":"&nbsp; &nbsp; La Federaci\u00f3n de Lesbianas, Gays, Bisexuales y Trans (FLGBT) emiti\u00f3 una carta abierta en la que cuestiona el tramo del programa por \u00abreforzar estereotipos, lesionar la dignidad y promover pr\u00e1cticas discriminatorias\u00bb. 11 de julio de 2012. La FLGBT, a trav\u00e9s de la carta, invita al productor y conductor televisivo a \u00abser protagonista del [&hellip;]","og_url":"https:\/\/diariofemenino.com.ar\/df\/cuestionan-la-maraton-gay-del-programa-de-marcelo-tinelli\/","og_site_name":"Diario Digital Femenino","article_publisher":"https:\/\/www.facebook.com\/DiarioDigitaFemenino\/","article_published_time":"2012-07-11T19:12:46+00:00","og_image":[{"width":855,"height":319,"url":"https:\/\/diariofemenino.com.ar\/df\/wp-content\/uploads\/2016\/10\/logo-negro.png","type":"image\/png"}],"author":"Admin","twitter_card":"summary_large_image","twitter_creator":"@DiarioFemenino1","twitter_site":"@DiarioFemenino1","twitter_misc":{"Escrito por":"Admin","Tiempo de lectura":"2 minutos"},"schema":{"@context":"https:\/\/schema.org","@graph":[{"@type":"Article","@id":"https:\/\/diariofemenino.com.ar\/df\/cuestionan-la-maraton-gay-del-programa-de-marcelo-tinelli\/#article","isPartOf":{"@id":"https:\/\/diariofemenino.com.ar\/df\/cuestionan-la-maraton-gay-del-programa-de-marcelo-tinelli\/"},"author":{"name":"Admin","@id":"https:\/\/diariofemenino.com.ar\/df\/#\/schema\/person\/38f54b3bfd13f561de2460ba95c169c6"},"headline":"Cuestionan la &#034;Marat\u00f3n Gay&#034; del programa de Marcelo Tinelli","datePublished":"2012-07-11T19:12:46+00:00","mainEntityOfPage":{"@id":"https:\/\/diariofemenino.com.ar\/df\/cuestionan-la-maraton-gay-del-programa-de-marcelo-tinelli\/"},"wordCount":474,"commentCount":0,"publisher":{"@id":"https:\/\/diariofemenino.com.ar\/df\/#organization"},"image":{"@id":"https:\/\/diariofemenino.com.ar\/df\/cuestionan-la-maraton-gay-del-programa-de-marcelo-tinelli\/#primaryimage"},"thumbnailUrl":"","articleSection":["Medios","Noticias"],"inLanguage":"es","potentialAction":[{"@type":"CommentAction","name":"Comment","target":["https:\/\/diariofemenino.com.ar\/df\/cuestionan-la-maraton-gay-del-programa-de-marcelo-tinelli\/#respond"]}]},{"@type":"WebPage","@id":"https:\/\/diariofemenino.com.ar\/df\/cuestionan-la-maraton-gay-del-programa-de-marcelo-tinelli\/","url":"https:\/\/diariofemenino.com.ar\/df\/cuestionan-la-maraton-gay-del-programa-de-marcelo-tinelli\/","name":"Cuestionan la &#034;Marat\u00f3n Gay&#034; del programa de Marcelo Tinelli - Diario Digital Femenino","isPartOf":{"@id":"https:\/\/diariofemenino.com.ar\/df\/#website"},"primaryImageOfPage":{"@id":"https:\/\/diariofemenino.com.ar\/df\/cuestionan-la-maraton-gay-del-programa-de-marcelo-tinelli\/#primaryimage"},"image":{"@id":"https:\/\/diariofemenino.com.ar\/df\/cuestionan-la-maraton-gay-del-programa-de-marcelo-tinelli\/#primaryimage"},"thumbnailUrl":"","datePublished":"2012-07-11T19:12:46+00:00","breadcrumb":{"@id":"https:\/\/diariofemenino.com.ar\/df\/cuestionan-la-maraton-gay-del-programa-de-marcelo-tinelli\/#breadcrumb"},"inLanguage":"es","potentialAction":[{"@type":"ReadAction","target":["https:\/\/diariofemenino.com.ar\/df\/cuestionan-la-maraton-gay-del-programa-de-marcelo-tinelli\/"]}]},{"@type":"ImageObject","inLanguage":"es","@id":"https:\/\/diariofemenino.com.ar\/df\/cuestionan-la-maraton-gay-del-programa-de-marcelo-tinelli\/#primaryimage","url":"","contentUrl":""},{"@type":"BreadcrumbList","@id":"https:\/\/diariofemenino.com.ar\/df\/cuestionan-la-maraton-gay-del-programa-de-marcelo-tinelli\/#breadcrumb","itemListElement":[{"@type":"ListItem","position":1,"name":"Portada","item":"https:\/\/diariofemenino.com.ar\/df\/"},{"@type":"ListItem","position":2,"name":"Cuestionan la &#034;Marat\u00f3n Gay&#034; del programa de Marcelo Tinelli"}]},{"@type":"WebSite","@id":"https:\/\/diariofemenino.com.ar\/df\/#website","url":"https:\/\/diariofemenino.com.ar\/df\/","name":"Diario Digital Femenino","description":"Cuesti\u00f3n de G\u00e9nero","publisher":{"@id":"https:\/\/diariofemenino.com.ar\/df\/#organization"},"potentialAction":[{"@type":"SearchAction","target":{"@type":"EntryPoint","urlTemplate":"https:\/\/diariofemenino.com.ar\/df\/?s={search_term_string}"},"query-input":{"@type":"PropertyValueSpecification","valueRequired":true,"valueName":"search_term_string"}}],"inLanguage":"es"},{"@type":"Organization","@id":"https:\/\/diariofemenino.com.ar\/df\/#organization","name":"Diario Femenino","url":"https:\/\/diariofemenino.com.ar\/df\/","logo":{"@type":"ImageObject","inLanguage":"es","@id":"https:\/\/diariofemenino.com.ar\/df\/#\/schema\/logo\/image\/","url":"https:\/\/diariofemenino.com.ar\/df\/wp-content\/uploads\/2018\/10\/logo.png","contentUrl":"https:\/\/diariofemenino.com.ar\/df\/wp-content\/uploads\/2018\/10\/logo.png","width":500,"height":92,"caption":"Diario Femenino"},"image":{"@id":"https:\/\/diariofemenino.com.ar\/df\/#\/schema\/logo\/image\/"},"sameAs":["https:\/\/www.facebook.com\/DiarioDigitaFemenino\/","https:\/\/x.com\/DiarioFemenino1"]},{"@type":"Person","@id":"https:\/\/diariofemenino.com.ar\/df\/#\/schema\/person\/38f54b3bfd13f561de2460ba95c169c6","name":"Admin","image":{"@type":"ImageObject","inLanguage":"es","@id":"https:\/\/diariofemenino.com.ar\/df\/wp-content\/uploads\/2018\/12\/favicon-150x150.jpg","url":"https:\/\/diariofemenino.com.ar\/df\/wp-content\/uploads\/2018\/12\/favicon-150x150.jpg","contentUrl":"https:\/\/diariofemenino.com.ar\/df\/wp-content\/uploads\/2018\/12\/favicon-150x150.jpg","caption":"Admin"},"url":"https:\/\/diariofemenino.com.ar\/df\/author\/adm18df\/"}]}},"jetpack_featured_media_url":"","jetpack_sharing_enabled":true,"rttpg_featured_image_url":null,"rttpg_author":{"display_name":"Admin","author_link":"https:\/\/diariofemenino.com.ar\/df\/author\/adm18df\/"},"rttpg_comment":0,"rttpg_category":"<a href=\"https:\/\/diariofemenino.com.ar\/df\/category\/medios\/\" rel=\"category tag\">Medios<\/a> <a href=\"https:\/\/diariofemenino.com.ar\/df\/category\/noticias\/\" rel=\"category tag\">Noticias<\/a>","rttpg_excerpt":"&nbsp; &nbsp; La Federaci\u00f3n de Lesbianas, Gays, Bisexuales y Trans (FLGBT) emiti\u00f3 una carta abierta en la que cuestiona el tramo del programa por \u00abreforzar estereotipos, lesionar la dignidad y promover pr\u00e1cticas discriminatorias\u00bb. 11 de julio de 2012. La FLGBT, a trav\u00e9s de la carta, invita al productor y conductor televisivo a \u00abser protagonista del&hellip;","_links":{"self":[{"href":"https:\/\/diariofemenino.com.ar\/df\/wp-json\/wp\/v2\/posts\/2424","targetHints":{"allow":["GET"]}}],"collection":[{"href":"https:\/\/diariofemenino.com.ar\/df\/wp-json\/wp\/v2\/posts"}],"about":[{"href":"https:\/\/diariofemenino.com.ar\/df\/wp-json\/wp\/v2\/types\/post"}],"author":[{"embeddable":true,"href":"https:\/\/diariofemenino.com.ar\/df\/wp-json\/wp\/v2\/users\/1"}],"replies":[{"embeddable":true,"href":"https:\/\/diariofemenino.com.ar\/df\/wp-json\/wp\/v2\/comments?post=2424"}],"version-history":[{"count":0,"href":"https:\/\/diariofemenino.com.ar\/df\/wp-json\/wp\/v2\/posts\/2424\/revisions"}],"wp:featuredmedia":[{"embeddable":true,"href":"https:\/\/diariofemenino.com.ar\/df\/wp-json\/"}],"wp:attachment":[{"href":"https:\/\/diariofemenino.com.ar\/df\/wp-json\/wp\/v2\/media?parent=2424"}],"wp:term":[{"taxonomy":"category","embeddable":true,"href":"https:\/\/diariofemenino.com.ar\/df\/wp-json\/wp\/v2\/categories?post=2424"},{"taxonomy":"post_tag","embeddable":true,"href":"https:\/\/diariofemenino.com.ar\/df\/wp-json\/wp\/v2\/tags?post=2424"}],"curies":[{"name":"wp","href":"https:\/\/api.w.org\/{rel}","templated":true}]}}