{"id":2420,"date":"2012-07-10T20:33:55","date_gmt":"2012-07-10T23:33:55","guid":{"rendered":"http:\/\/www.diariofemenino.com.ar\/?p=2420"},"modified":"2012-07-10T20:33:55","modified_gmt":"2012-07-10T23:33:55","slug":"los-moretones-son-causal-de-dovorcio-segun-un-fallo-de-la-justicia","status":"publish","type":"post","link":"https:\/\/diariofemenino.com.ar\/df\/los-moretones-son-causal-de-dovorcio-segun-un-fallo-de-la-justicia\/","title":{"rendered":"Los moretones son causal de divorcio, seg\u00fan un fallo de la Justicia"},"content":{"rendered":"<p>&nbsp;<br \/>\n\u00a0<br \/>\n<em>La C\u00e1mara Civil consider\u00f3 que los moretones que exhibi\u00f3 una mujer en su cuerpo son indicios de malos tratos por parte de su marido.<\/em><br \/>\n10 de julio de 2012. La C\u00e1mara Civil consider\u00f3 que los moretones que exhibi\u00f3 una mujer en su cuerpo son indicios de malos tratos por parte de su marido y, como tal, constituyen una causal suficiente de divorcio por culpa de \u00e9l.<br \/>\nLa sala H de la C\u00e1mara consider\u00f3 que existieron \u00abmalos tratos\u00bb a la mujer y, por ello, resolvi\u00f3 decretar el divorcio por culpa exclusiva del marido.<br \/>\n<strong>Impulsan divorcio.<\/strong> Los jueces Jorge Mayo, Liliana Abreut de Begher y Claudio Kiper revirtieron la forma en que se inici\u00f3 la causa, ya que fue el hombre (cuya identidad, al igual que la de la mujer, esta agencia mantendr\u00e1 en reserva) quien impuls\u00f3 el divorcio por \u00abinjurias graves y abandono del hogar\u00bb de la c\u00f3nyuge.<\/p>\n<div>\u00a0<\/div>\n<p>Ante la explicaci\u00f3n de la mujer sobre las razones del abandono del hogar, en virtud de los malos tratos, el hombre la descalific\u00f3 y la llam\u00f3 \u00abmentirosa\u00bb.<br \/>\nAdem\u00e1s, explic\u00f3 que ella, de 60 a\u00f1os, busc\u00f3 un r\u00e9dito econ\u00f3mico en el matrimonio pues se cas\u00f3 \u00abcon un hombre de mayor edad, como era \u00e9l\u00bb.<br \/>\nRespecto de \u00ablos moretones o magullones que denunciaron las testigos\u00bb, indic\u00f3 que \u00abpodr\u00edan ser producto de una enfermedad de la piel que ella padec\u00eda\u00bb, y neg\u00f3 los malos tratos.<br \/>\nPero el tribunal describi\u00f3 una \u00abrelaci\u00f3n matrimonial desquiciada\u00bb, en la que el hombre maltrat\u00f3 a su esposa como consecuencia de sus \u00abpicos de frustraci\u00f3n que desencadenan violencia f\u00edsica\u00bb y verbal\u00bb.<br \/>\nLos camaristas dieron por \u00abjustificado\u00bb el accionar de la mujer al retirarse del hogar, ya que \u00absi bien fue voluntario, se debi\u00f3 a la culpa del actor, quien con su accionar la llev\u00f3 a que tuviera que abandonar el domicilio conyugal\u00bb.<br \/>\n&nbsp;<br \/>\n&nbsp;<br \/>\n&nbsp;<br \/>\nFuente: <a href=\"http:\/\/www.lavoz.com.ar\/ciudadanos\/moretones-son-causal-dovorcio-segun-fallo-justicia\" target=\"_blank\">LaVoz<\/a><\/p>\n","protected":false},"excerpt":{"rendered":"<p>&nbsp; \u00a0 La C\u00e1mara Civil consider\u00f3 que los moretones que exhibi\u00f3 una mujer en su cuerpo son indicios de malos tratos por parte de su marido. 10 de julio de 2012. La C\u00e1mara Civil consider\u00f3 que los moretones que exhibi\u00f3 una mujer en su cuerpo son indicios de malos tratos por parte de su marido [&hellip;]<\/p>\n","protected":false},"author":1,"featured_media":2421,"comment_status":"open","ping_status":"open","sticky":false,"template":"","format":"standard","meta":{"iawp_total_views":4,"footnotes":""},"categories":[4,21],"tags":[],"class_list":["post-2420","post","type-post","status-publish","format-standard","has-post-thumbnail","hentry","category-medios","category-noticias"],"nelio_content":{"autoShareEndMode":"never","automationSources":{"useCustomSentences":false,"customSentences":[]},"efiAlt":"","efiUrl":"","followers":[],"highlights":[],"isAutoShareEnabled":true,"networkImageIds":[],"permalinkQueryArgs":[],"series":[],"suggestedReferences":[]},"yoast_head":"<!-- This site is optimized with the Yoast SEO plugin v27.5 - https:\/\/yoast.com\/product\/yoast-seo-wordpress\/ -->\n<title>Los moretones son causal de divorcio, seg\u00fan un fallo de la Justicia - Diario Digital Femenino<\/title>\n<meta name=\"robots\" content=\"index, follow, max-snippet:-1, max-image-preview:large, max-video-preview:-1\" \/>\n<link rel=\"canonical\" href=\"https:\/\/diariofemenino.com.ar\/df\/los-moretones-son-causal-de-dovorcio-segun-un-fallo-de-la-justicia\/\" \/>\n<meta property=\"og:locale\" content=\"es_ES\" \/>\n<meta property=\"og:type\" content=\"article\" \/>\n<meta property=\"og:title\" content=\"Los moretones son causal de divorcio, seg\u00fan un fallo de la Justicia - Diario Digital Femenino\" \/>\n<meta property=\"og:description\" content=\"&nbsp; \u00a0 La C\u00e1mara Civil consider\u00f3 que los moretones que exhibi\u00f3 una mujer en su cuerpo son indicios de malos tratos por parte de su marido. 10 de julio de 2012. La C\u00e1mara Civil consider\u00f3 que los moretones que exhibi\u00f3 una mujer en su cuerpo son indicios de malos tratos por parte de su marido [&hellip;]\" \/>\n<meta property=\"og:url\" content=\"https:\/\/diariofemenino.com.ar\/df\/los-moretones-son-causal-de-dovorcio-segun-un-fallo-de-la-justicia\/\" \/>\n<meta property=\"og:site_name\" content=\"Diario Digital Femenino\" \/>\n<meta property=\"article:publisher\" content=\"https:\/\/www.facebook.com\/DiarioDigitaFemenino\/\" \/>\n<meta property=\"article:published_time\" content=\"2012-07-10T23:33:55+00:00\" \/>\n<meta property=\"og:image\" content=\"https:\/\/diariofemenino.com.ar\/df\/wp-content\/uploads\/2016\/10\/logo-negro.png\" \/>\n\t<meta property=\"og:image:width\" content=\"855\" \/>\n\t<meta property=\"og:image:height\" content=\"319\" \/>\n\t<meta property=\"og:image:type\" content=\"image\/png\" \/>\n<meta name=\"author\" content=\"Admin\" \/>\n<meta name=\"twitter:card\" content=\"summary_large_image\" \/>\n<meta name=\"twitter:creator\" content=\"@DiarioFemenino1\" \/>\n<meta name=\"twitter:site\" content=\"@DiarioFemenino1\" \/>\n<meta name=\"twitter:label1\" content=\"Escrito por\" \/>\n\t<meta name=\"twitter:data1\" content=\"Admin\" \/>\n\t<meta name=\"twitter:label2\" content=\"Tiempo de lectura\" \/>\n\t<meta name=\"twitter:data2\" content=\"2 minutos\" \/>\n<script type=\"application\/ld+json\" class=\"yoast-schema-graph\">{\"@context\":\"https:\\\/\\\/schema.org\",\"@graph\":[{\"@type\":\"Article\",\"@id\":\"https:\\\/\\\/diariofemenino.com.ar\\\/df\\\/los-moretones-son-causal-de-dovorcio-segun-un-fallo-de-la-justicia\\\/#article\",\"isPartOf\":{\"@id\":\"https:\\\/\\\/diariofemenino.com.ar\\\/df\\\/los-moretones-son-causal-de-dovorcio-segun-un-fallo-de-la-justicia\\\/\"},\"author\":{\"name\":\"Admin\",\"@id\":\"https:\\\/\\\/diariofemenino.com.ar\\\/df\\\/#\\\/schema\\\/person\\\/38f54b3bfd13f561de2460ba95c169c6\"},\"headline\":\"Los moretones son causal de divorcio, seg\u00fan un fallo de la Justicia\",\"datePublished\":\"2012-07-10T23:33:55+00:00\",\"mainEntityOfPage\":{\"@id\":\"https:\\\/\\\/diariofemenino.com.ar\\\/df\\\/los-moretones-son-causal-de-dovorcio-segun-un-fallo-de-la-justicia\\\/\"},\"wordCount\":330,\"commentCount\":0,\"publisher\":{\"@id\":\"https:\\\/\\\/diariofemenino.com.ar\\\/df\\\/#organization\"},\"image\":{\"@id\":\"https:\\\/\\\/diariofemenino.com.ar\\\/df\\\/los-moretones-son-causal-de-dovorcio-segun-un-fallo-de-la-justicia\\\/#primaryimage\"},\"thumbnailUrl\":\"\",\"articleSection\":[\"Medios\",\"Noticias\"],\"inLanguage\":\"es\",\"potentialAction\":[{\"@type\":\"CommentAction\",\"name\":\"Comment\",\"target\":[\"https:\\\/\\\/diariofemenino.com.ar\\\/df\\\/los-moretones-son-causal-de-dovorcio-segun-un-fallo-de-la-justicia\\\/#respond\"]}]},{\"@type\":\"WebPage\",\"@id\":\"https:\\\/\\\/diariofemenino.com.ar\\\/df\\\/los-moretones-son-causal-de-dovorcio-segun-un-fallo-de-la-justicia\\\/\",\"url\":\"https:\\\/\\\/diariofemenino.com.ar\\\/df\\\/los-moretones-son-causal-de-dovorcio-segun-un-fallo-de-la-justicia\\\/\",\"name\":\"Los moretones son causal de divorcio, seg\u00fan un fallo de la Justicia - Diario Digital Femenino\",\"isPartOf\":{\"@id\":\"https:\\\/\\\/diariofemenino.com.ar\\\/df\\\/#website\"},\"primaryImageOfPage\":{\"@id\":\"https:\\\/\\\/diariofemenino.com.ar\\\/df\\\/los-moretones-son-causal-de-dovorcio-segun-un-fallo-de-la-justicia\\\/#primaryimage\"},\"image\":{\"@id\":\"https:\\\/\\\/diariofemenino.com.ar\\\/df\\\/los-moretones-son-causal-de-dovorcio-segun-un-fallo-de-la-justicia\\\/#primaryimage\"},\"thumbnailUrl\":\"\",\"datePublished\":\"2012-07-10T23:33:55+00:00\",\"breadcrumb\":{\"@id\":\"https:\\\/\\\/diariofemenino.com.ar\\\/df\\\/los-moretones-son-causal-de-dovorcio-segun-un-fallo-de-la-justicia\\\/#breadcrumb\"},\"inLanguage\":\"es\",\"potentialAction\":[{\"@type\":\"ReadAction\",\"target\":[\"https:\\\/\\\/diariofemenino.com.ar\\\/df\\\/los-moretones-son-causal-de-dovorcio-segun-un-fallo-de-la-justicia\\\/\"]}]},{\"@type\":\"ImageObject\",\"inLanguage\":\"es\",\"@id\":\"https:\\\/\\\/diariofemenino.com.ar\\\/df\\\/los-moretones-son-causal-de-dovorcio-segun-un-fallo-de-la-justicia\\\/#primaryimage\",\"url\":\"\",\"contentUrl\":\"\"},{\"@type\":\"BreadcrumbList\",\"@id\":\"https:\\\/\\\/diariofemenino.com.ar\\\/df\\\/los-moretones-son-causal-de-dovorcio-segun-un-fallo-de-la-justicia\\\/#breadcrumb\",\"itemListElement\":[{\"@type\":\"ListItem\",\"position\":1,\"name\":\"Portada\",\"item\":\"https:\\\/\\\/diariofemenino.com.ar\\\/df\\\/\"},{\"@type\":\"ListItem\",\"position\":2,\"name\":\"Los moretones son causal de divorcio, seg\u00fan un fallo de la Justicia\"}]},{\"@type\":\"WebSite\",\"@id\":\"https:\\\/\\\/diariofemenino.com.ar\\\/df\\\/#website\",\"url\":\"https:\\\/\\\/diariofemenino.com.ar\\\/df\\\/\",\"name\":\"Diario Digital Femenino\",\"description\":\"Cuesti\u00f3n de G\u00e9nero\",\"publisher\":{\"@id\":\"https:\\\/\\\/diariofemenino.com.ar\\\/df\\\/#organization\"},\"potentialAction\":[{\"@type\":\"SearchAction\",\"target\":{\"@type\":\"EntryPoint\",\"urlTemplate\":\"https:\\\/\\\/diariofemenino.com.ar\\\/df\\\/?s={search_term_string}\"},\"query-input\":{\"@type\":\"PropertyValueSpecification\",\"valueRequired\":true,\"valueName\":\"search_term_string\"}}],\"inLanguage\":\"es\"},{\"@type\":\"Organization\",\"@id\":\"https:\\\/\\\/diariofemenino.com.ar\\\/df\\\/#organization\",\"name\":\"Diario Femenino\",\"url\":\"https:\\\/\\\/diariofemenino.com.ar\\\/df\\\/\",\"logo\":{\"@type\":\"ImageObject\",\"inLanguage\":\"es\",\"@id\":\"https:\\\/\\\/diariofemenino.com.ar\\\/df\\\/#\\\/schema\\\/logo\\\/image\\\/\",\"url\":\"https:\\\/\\\/diariofemenino.com.ar\\\/df\\\/wp-content\\\/uploads\\\/2018\\\/10\\\/logo.png\",\"contentUrl\":\"https:\\\/\\\/diariofemenino.com.ar\\\/df\\\/wp-content\\\/uploads\\\/2018\\\/10\\\/logo.png\",\"width\":500,\"height\":92,\"caption\":\"Diario Femenino\"},\"image\":{\"@id\":\"https:\\\/\\\/diariofemenino.com.ar\\\/df\\\/#\\\/schema\\\/logo\\\/image\\\/\"},\"sameAs\":[\"https:\\\/\\\/www.facebook.com\\\/DiarioDigitaFemenino\\\/\",\"https:\\\/\\\/x.com\\\/DiarioFemenino1\"]},{\"@type\":\"Person\",\"@id\":\"https:\\\/\\\/diariofemenino.com.ar\\\/df\\\/#\\\/schema\\\/person\\\/38f54b3bfd13f561de2460ba95c169c6\",\"name\":\"Admin\",\"image\":{\"@type\":\"ImageObject\",\"inLanguage\":\"es\",\"@id\":\"https:\\\/\\\/diariofemenino.com.ar\\\/df\\\/wp-content\\\/uploads\\\/2018\\\/12\\\/favicon-150x150.jpg\",\"url\":\"https:\\\/\\\/diariofemenino.com.ar\\\/df\\\/wp-content\\\/uploads\\\/2018\\\/12\\\/favicon-150x150.jpg\",\"contentUrl\":\"https:\\\/\\\/diariofemenino.com.ar\\\/df\\\/wp-content\\\/uploads\\\/2018\\\/12\\\/favicon-150x150.jpg\",\"caption\":\"Admin\"},\"url\":\"https:\\\/\\\/diariofemenino.com.ar\\\/df\\\/author\\\/adm18df\\\/\"}]}<\/script>\n<!-- \/ Yoast SEO plugin. -->","yoast_head_json":{"title":"Los moretones son causal de divorcio, seg\u00fan un fallo de la Justicia - Diario Digital Femenino","robots":{"index":"index","follow":"follow","max-snippet":"max-snippet:-1","max-image-preview":"max-image-preview:large","max-video-preview":"max-video-preview:-1"},"canonical":"https:\/\/diariofemenino.com.ar\/df\/los-moretones-son-causal-de-dovorcio-segun-un-fallo-de-la-justicia\/","og_locale":"es_ES","og_type":"article","og_title":"Los moretones son causal de divorcio, seg\u00fan un fallo de la Justicia - Diario Digital Femenino","og_description":"&nbsp; \u00a0 La C\u00e1mara Civil consider\u00f3 que los moretones que exhibi\u00f3 una mujer en su cuerpo son indicios de malos tratos por parte de su marido. 10 de julio de 2012. La C\u00e1mara Civil consider\u00f3 que los moretones que exhibi\u00f3 una mujer en su cuerpo son indicios de malos tratos por parte de su marido [&hellip;]","og_url":"https:\/\/diariofemenino.com.ar\/df\/los-moretones-son-causal-de-dovorcio-segun-un-fallo-de-la-justicia\/","og_site_name":"Diario Digital Femenino","article_publisher":"https:\/\/www.facebook.com\/DiarioDigitaFemenino\/","article_published_time":"2012-07-10T23:33:55+00:00","og_image":[{"width":855,"height":319,"url":"https:\/\/diariofemenino.com.ar\/df\/wp-content\/uploads\/2016\/10\/logo-negro.png","type":"image\/png"}],"author":"Admin","twitter_card":"summary_large_image","twitter_creator":"@DiarioFemenino1","twitter_site":"@DiarioFemenino1","twitter_misc":{"Escrito por":"Admin","Tiempo de lectura":"2 minutos"},"schema":{"@context":"https:\/\/schema.org","@graph":[{"@type":"Article","@id":"https:\/\/diariofemenino.com.ar\/df\/los-moretones-son-causal-de-dovorcio-segun-un-fallo-de-la-justicia\/#article","isPartOf":{"@id":"https:\/\/diariofemenino.com.ar\/df\/los-moretones-son-causal-de-dovorcio-segun-un-fallo-de-la-justicia\/"},"author":{"name":"Admin","@id":"https:\/\/diariofemenino.com.ar\/df\/#\/schema\/person\/38f54b3bfd13f561de2460ba95c169c6"},"headline":"Los moretones son causal de divorcio, seg\u00fan un fallo de la Justicia","datePublished":"2012-07-10T23:33:55+00:00","mainEntityOfPage":{"@id":"https:\/\/diariofemenino.com.ar\/df\/los-moretones-son-causal-de-dovorcio-segun-un-fallo-de-la-justicia\/"},"wordCount":330,"commentCount":0,"publisher":{"@id":"https:\/\/diariofemenino.com.ar\/df\/#organization"},"image":{"@id":"https:\/\/diariofemenino.com.ar\/df\/los-moretones-son-causal-de-dovorcio-segun-un-fallo-de-la-justicia\/#primaryimage"},"thumbnailUrl":"","articleSection":["Medios","Noticias"],"inLanguage":"es","potentialAction":[{"@type":"CommentAction","name":"Comment","target":["https:\/\/diariofemenino.com.ar\/df\/los-moretones-son-causal-de-dovorcio-segun-un-fallo-de-la-justicia\/#respond"]}]},{"@type":"WebPage","@id":"https:\/\/diariofemenino.com.ar\/df\/los-moretones-son-causal-de-dovorcio-segun-un-fallo-de-la-justicia\/","url":"https:\/\/diariofemenino.com.ar\/df\/los-moretones-son-causal-de-dovorcio-segun-un-fallo-de-la-justicia\/","name":"Los moretones son causal de divorcio, seg\u00fan un fallo de la Justicia - Diario Digital Femenino","isPartOf":{"@id":"https:\/\/diariofemenino.com.ar\/df\/#website"},"primaryImageOfPage":{"@id":"https:\/\/diariofemenino.com.ar\/df\/los-moretones-son-causal-de-dovorcio-segun-un-fallo-de-la-justicia\/#primaryimage"},"image":{"@id":"https:\/\/diariofemenino.com.ar\/df\/los-moretones-son-causal-de-dovorcio-segun-un-fallo-de-la-justicia\/#primaryimage"},"thumbnailUrl":"","datePublished":"2012-07-10T23:33:55+00:00","breadcrumb":{"@id":"https:\/\/diariofemenino.com.ar\/df\/los-moretones-son-causal-de-dovorcio-segun-un-fallo-de-la-justicia\/#breadcrumb"},"inLanguage":"es","potentialAction":[{"@type":"ReadAction","target":["https:\/\/diariofemenino.com.ar\/df\/los-moretones-son-causal-de-dovorcio-segun-un-fallo-de-la-justicia\/"]}]},{"@type":"ImageObject","inLanguage":"es","@id":"https:\/\/diariofemenino.com.ar\/df\/los-moretones-son-causal-de-dovorcio-segun-un-fallo-de-la-justicia\/#primaryimage","url":"","contentUrl":""},{"@type":"BreadcrumbList","@id":"https:\/\/diariofemenino.com.ar\/df\/los-moretones-son-causal-de-dovorcio-segun-un-fallo-de-la-justicia\/#breadcrumb","itemListElement":[{"@type":"ListItem","position":1,"name":"Portada","item":"https:\/\/diariofemenino.com.ar\/df\/"},{"@type":"ListItem","position":2,"name":"Los moretones son causal de divorcio, seg\u00fan un fallo de la Justicia"}]},{"@type":"WebSite","@id":"https:\/\/diariofemenino.com.ar\/df\/#website","url":"https:\/\/diariofemenino.com.ar\/df\/","name":"Diario Digital Femenino","description":"Cuesti\u00f3n de G\u00e9nero","publisher":{"@id":"https:\/\/diariofemenino.com.ar\/df\/#organization"},"potentialAction":[{"@type":"SearchAction","target":{"@type":"EntryPoint","urlTemplate":"https:\/\/diariofemenino.com.ar\/df\/?s={search_term_string}"},"query-input":{"@type":"PropertyValueSpecification","valueRequired":true,"valueName":"search_term_string"}}],"inLanguage":"es"},{"@type":"Organization","@id":"https:\/\/diariofemenino.com.ar\/df\/#organization","name":"Diario Femenino","url":"https:\/\/diariofemenino.com.ar\/df\/","logo":{"@type":"ImageObject","inLanguage":"es","@id":"https:\/\/diariofemenino.com.ar\/df\/#\/schema\/logo\/image\/","url":"https:\/\/diariofemenino.com.ar\/df\/wp-content\/uploads\/2018\/10\/logo.png","contentUrl":"https:\/\/diariofemenino.com.ar\/df\/wp-content\/uploads\/2018\/10\/logo.png","width":500,"height":92,"caption":"Diario Femenino"},"image":{"@id":"https:\/\/diariofemenino.com.ar\/df\/#\/schema\/logo\/image\/"},"sameAs":["https:\/\/www.facebook.com\/DiarioDigitaFemenino\/","https:\/\/x.com\/DiarioFemenino1"]},{"@type":"Person","@id":"https:\/\/diariofemenino.com.ar\/df\/#\/schema\/person\/38f54b3bfd13f561de2460ba95c169c6","name":"Admin","image":{"@type":"ImageObject","inLanguage":"es","@id":"https:\/\/diariofemenino.com.ar\/df\/wp-content\/uploads\/2018\/12\/favicon-150x150.jpg","url":"https:\/\/diariofemenino.com.ar\/df\/wp-content\/uploads\/2018\/12\/favicon-150x150.jpg","contentUrl":"https:\/\/diariofemenino.com.ar\/df\/wp-content\/uploads\/2018\/12\/favicon-150x150.jpg","caption":"Admin"},"url":"https:\/\/diariofemenino.com.ar\/df\/author\/adm18df\/"}]}},"jetpack_featured_media_url":"","jetpack_sharing_enabled":true,"rttpg_featured_image_url":null,"rttpg_author":{"display_name":"Admin","author_link":"https:\/\/diariofemenino.com.ar\/df\/author\/adm18df\/"},"rttpg_comment":0,"rttpg_category":"<a href=\"https:\/\/diariofemenino.com.ar\/df\/category\/medios\/\" rel=\"category tag\">Medios<\/a> <a href=\"https:\/\/diariofemenino.com.ar\/df\/category\/noticias\/\" rel=\"category tag\">Noticias<\/a>","rttpg_excerpt":"&nbsp; \u00a0 La C\u00e1mara Civil consider\u00f3 que los moretones que exhibi\u00f3 una mujer en su cuerpo son indicios de malos tratos por parte de su marido. 10 de julio de 2012. La C\u00e1mara Civil consider\u00f3 que los moretones que exhibi\u00f3 una mujer en su cuerpo son indicios de malos tratos por parte de su marido&hellip;","_links":{"self":[{"href":"https:\/\/diariofemenino.com.ar\/df\/wp-json\/wp\/v2\/posts\/2420","targetHints":{"allow":["GET"]}}],"collection":[{"href":"https:\/\/diariofemenino.com.ar\/df\/wp-json\/wp\/v2\/posts"}],"about":[{"href":"https:\/\/diariofemenino.com.ar\/df\/wp-json\/wp\/v2\/types\/post"}],"author":[{"embeddable":true,"href":"https:\/\/diariofemenino.com.ar\/df\/wp-json\/wp\/v2\/users\/1"}],"replies":[{"embeddable":true,"href":"https:\/\/diariofemenino.com.ar\/df\/wp-json\/wp\/v2\/comments?post=2420"}],"version-history":[{"count":0,"href":"https:\/\/diariofemenino.com.ar\/df\/wp-json\/wp\/v2\/posts\/2420\/revisions"}],"wp:featuredmedia":[{"embeddable":true,"href":"https:\/\/diariofemenino.com.ar\/df\/wp-json\/"}],"wp:attachment":[{"href":"https:\/\/diariofemenino.com.ar\/df\/wp-json\/wp\/v2\/media?parent=2420"}],"wp:term":[{"taxonomy":"category","embeddable":true,"href":"https:\/\/diariofemenino.com.ar\/df\/wp-json\/wp\/v2\/categories?post=2420"},{"taxonomy":"post_tag","embeddable":true,"href":"https:\/\/diariofemenino.com.ar\/df\/wp-json\/wp\/v2\/tags?post=2420"}],"curies":[{"name":"wp","href":"https:\/\/api.w.org\/{rel}","templated":true}]}}