{"id":24000,"date":"2016-08-01T20:54:34","date_gmt":"2016-08-01T23:54:34","guid":{"rendered":"http:\/\/www.diariofemenino.com.ar\/?p=24000"},"modified":"2016-08-01T20:54:34","modified_gmt":"2016-08-01T23:54:34","slug":"la-violencia-simbolica-es-la-naturalizacion-colectiva-del-rol-sumiso-de-la-mujer","status":"publish","type":"post","link":"https:\/\/diariofemenino.com.ar\/df\/la-violencia-simbolica-es-la-naturalizacion-colectiva-del-rol-sumiso-de-la-mujer\/","title":{"rendered":"La violencia simb\u00f3lica es la naturalizaci\u00f3n colectiva del rol sumiso de la mujer"},"content":{"rendered":"<p><span style=\"color: #000000;\">Repercusiones de las jornadas de la Consavig en Viedma y San Antonio Oeste sobre<\/span>\u00a0<a href=\"https:\/\/www.facebook.com\/hashtag\/violenciasimb%C3%B3lica?source=feed_text&amp;story_id=1178214758895275\" data-ft=\"{&quot;tn&quot;:&quot;*N&quot;,&quot;type&quot;:104}\">\u202a#\u200eViolenciaSimb\u00f3lica\u202c<\/a>\u00a0<span style=\"color: #000000;\">Entre otros conceptos, la Dra Perla Prigoshin se\u00f1al\u00f3 : \u00abEl lenguaje es pol\u00edtico, por lo tanto lo que decimos y c\u00f3mo lo decimos nos moldea como sociedad y conforma un patr\u00f3n que nos atribuye roles espec\u00edficos.<\/span><\/p>\n<p style=\"text-align: right;\"><span style=\"color: #000000;\">CONSAVIG<\/span><\/p>\n<h4 style=\"text-align: center;\"><strong><span style=\"color: #000000;\">\u201cLa violencia simb\u00f3lica es la naturalizaci\u00f3n colectiva del rol sumiso de la mujer\u00bb<\/span><\/strong><\/h4>\n<h4 style=\"text-align: center;\"><\/h4>\n<div><span style=\"color: #000000;\">La charla, cont\u00f3 con una buena concurrencia y participaci\u00f3n del p\u00fablico, estuvo centrada en la violencia obst\u00e9trica y simb\u00f3lica (Ley Nacional 26.485) que se ejerce sobre el g\u00e9nero femenino.<\/span><\/div>\n<div><\/div>\n<div>\n<figure id=\"attachment_24002\" aria-describedby=\"caption-attachment-24002\" style=\"width: 503px\" class=\"wp-caption alignnone\"><a href=\"http:\/\/www.diariofemenino.com.ar\/wp-content\/uploads\/25793_34488_violencia-de-genero.jpg\"><img loading=\"lazy\" decoding=\"async\" class=\"size-full wp-image-24002\" alt=\"\u201cLa violencia simb\u00f3lica es la naturalizaci\u00f3n colectiva del rol sumiso de la mujer&quot;\" src=\"http:\/\/www.diariofemenino.com.ar\/wp-content\/uploads\/25793_34488_violencia-de-genero.jpg\" width=\"503\" height=\"338\" \/><\/a><figcaption id=\"caption-attachment-24002\" class=\"wp-caption-text\">\u201cLa violencia simb\u00f3lica es la naturalizaci\u00f3n colectiva del rol sumiso de la mujer\u00bb<\/figcaption><\/figure>\n<\/div>\n<div>\n<span style=\"color: #000000;\">Con la presencia de Perla Prigoshin, coordinadora de la CONSAVIG (Comisi\u00f3n Nacional Coordinadora de Acciones para la Elaboraci\u00f3n de Sanciones de la Violencia de G\u00e9nero), y Mar\u00eda Eugenia Rodr\u00edguez, representante en R\u00edo Negro de la Defensor\u00eda del Pueblo de la Naci\u00f3n, se llev\u00f3 a cabo este jueves una jornada de prevenci\u00f3n de violencia de g\u00e9nero.<\/span><br \/>\n<span style=\"color: #000000;\">La charla, que cont\u00f3 con una buena concurrencia y participaci\u00f3n del p\u00fablico, estuvo centrada en la violencia obst\u00e9trica y simb\u00f3lica (Ley Nacional 26.485) que se ejerce sobre el g\u00e9nero femenino: \u201cla violencia simb\u00f3lica es la naturalizaci\u00f3n colectiva del rol sumiso de la mujer en el modelo patriarcal y machista en el que vivimos\u201d era la premisa general.<\/span><br \/>\n<span style=\"color: #000000;\">Es importante remarcar que la jornada fue organizada por la Red Interinstitucional de Violencia de G\u00e9nero de Viedma, la concejal del Frente Progresista, Mariana Arregui, y el \u00e1rea de Extensi\u00f3n Parlamentaria del Concejo Deliberante. Por otro lado, particip\u00f3 tambi\u00e9n la agrupaci\u00f3n MAMIferas y cria, quienes compartieron una intervenci\u00f3n fotogr\u00e1fica y expusieron su opini\u00f3n sobre el tema.<\/span><br \/>\n&nbsp;<br \/>\n<figure id=\"attachment_24004\" aria-describedby=\"caption-attachment-24004\" style=\"width: 444px\" class=\"wp-caption aligncenter\"><a href=\"http:\/\/www.diariofemenino.com.ar\/wp-content\/uploads\/violencia_de_genero_1.jpg\"><img loading=\"lazy\" decoding=\"async\" class=\"size-full wp-image-24004\" alt=\"Perla Prigoshin\" src=\"http:\/\/www.diariofemenino.com.ar\/wp-content\/uploads\/violencia_de_genero_1.jpg\" width=\"444\" height=\"296\" \/><\/a><figcaption id=\"caption-attachment-24004\" class=\"wp-caption-text\">Perla Prigoshin<\/figcaption><\/figure>\n<\/div>\n<p>&nbsp;<br \/>\n<span style=\"color: #000000;\">Fuente<\/span>:\u00a0http:\/\/www.noticiasnet.com.ar\/<\/p>\n<div><\/div>\n","protected":false},"excerpt":{"rendered":"<p>Repercusiones de las jornadas de la Consavig en Viedma y San Antonio Oeste sobre\u00a0\u202a#\u200eViolenciaSimb\u00f3lica\u202c\u00a0Entre otros conceptos, la Dra Perla Prigoshin se\u00f1al\u00f3 : \u00abEl lenguaje es pol\u00edtico, por lo tanto lo que decimos y c\u00f3mo lo decimos nos moldea como sociedad y conforma un patr\u00f3n que nos atribuye roles espec\u00edficos. CONSAVIG \u201cLa violencia simb\u00f3lica es la [&hellip;]<\/p>\n","protected":false},"author":1,"featured_media":0,"comment_status":"open","ping_status":"open","sticky":false,"template":"","format":"standard","meta":{"iawp_total_views":1,"footnotes":""},"categories":[9,4,13,580],"tags":[53,30,18,16],"class_list":["post-24000","post","type-post","status-publish","format-standard","hentry","category-de-esi-si-se-habla","category-medios","category-mujeres-sindicalistas","category-resistencia-verdevioleta","tag-derechos-de-las-mujeres","tag-derechos-humanos","tag-politicas-publicas","tag-violencia-de-genero"],"nelio_content":{"autoShareEndMode":"never","automationSources":{"useCustomSentences":false,"customSentences":[]},"efiAlt":"","efiUrl":"","followers":[],"highlights":[],"isAutoShareEnabled":true,"networkImageIds":[],"permalinkQueryArgs":[],"series":[],"suggestedReferences":[]},"yoast_head":"<!-- This site is optimized with the Yoast SEO plugin v27.5 - https:\/\/yoast.com\/product\/yoast-seo-wordpress\/ -->\n<title>La violencia simb\u00f3lica es la naturalizaci\u00f3n colectiva del rol sumiso de la mujer - Diario Digital Femenino<\/title>\n<meta name=\"description\" content=\"La violencia simb\u00f3lica es la naturalizaci\u00f3n colectiva del rol sumiso de la mujer\" \/>\n<meta name=\"robots\" content=\"index, follow, max-snippet:-1, max-image-preview:large, max-video-preview:-1\" \/>\n<link rel=\"canonical\" href=\"https:\/\/diariofemenino.com.ar\/df\/la-violencia-simbolica-es-la-naturalizacion-colectiva-del-rol-sumiso-de-la-mujer\/\" \/>\n<meta property=\"og:locale\" content=\"es_ES\" \/>\n<meta property=\"og:type\" content=\"article\" \/>\n<meta property=\"og:title\" content=\"La violencia simb\u00f3lica es la naturalizaci\u00f3n colectiva del rol sumiso de la mujer - Diario Digital Femenino\" \/>\n<meta property=\"og:description\" content=\"La violencia simb\u00f3lica es la naturalizaci\u00f3n colectiva del rol sumiso de la mujer\" \/>\n<meta property=\"og:url\" content=\"https:\/\/diariofemenino.com.ar\/df\/la-violencia-simbolica-es-la-naturalizacion-colectiva-del-rol-sumiso-de-la-mujer\/\" \/>\n<meta property=\"og:site_name\" content=\"Diario Digital Femenino\" \/>\n<meta property=\"article:publisher\" content=\"https:\/\/www.facebook.com\/DiarioDigitaFemenino\/\" \/>\n<meta property=\"article:published_time\" content=\"2016-08-01T23:54:34+00:00\" \/>\n<meta property=\"og:image\" content=\"http:\/\/www.diariofemenino.com.ar\/wp-content\/uploads\/25793_34488_violencia-de-genero.jpg\" \/>\n<meta name=\"author\" content=\"Admin\" \/>\n<meta name=\"twitter:card\" content=\"summary_large_image\" \/>\n<meta name=\"twitter:creator\" content=\"@DiarioFemenino1\" \/>\n<meta name=\"twitter:site\" content=\"@DiarioFemenino1\" \/>\n<meta name=\"twitter:label1\" content=\"Escrito por\" \/>\n\t<meta name=\"twitter:data1\" content=\"Admin\" \/>\n\t<meta name=\"twitter:label2\" content=\"Tiempo de lectura\" \/>\n\t<meta name=\"twitter:data2\" content=\"2 minutos\" \/>\n<script type=\"application\/ld+json\" class=\"yoast-schema-graph\">{\"@context\":\"https:\\\/\\\/schema.org\",\"@graph\":[{\"@type\":\"Article\",\"@id\":\"https:\\\/\\\/diariofemenino.com.ar\\\/df\\\/la-violencia-simbolica-es-la-naturalizacion-colectiva-del-rol-sumiso-de-la-mujer\\\/#article\",\"isPartOf\":{\"@id\":\"https:\\\/\\\/diariofemenino.com.ar\\\/df\\\/la-violencia-simbolica-es-la-naturalizacion-colectiva-del-rol-sumiso-de-la-mujer\\\/\"},\"author\":{\"name\":\"Admin\",\"@id\":\"https:\\\/\\\/diariofemenino.com.ar\\\/df\\\/#\\\/schema\\\/person\\\/38f54b3bfd13f561de2460ba95c169c6\"},\"headline\":\"La violencia simb\u00f3lica es la naturalizaci\u00f3n colectiva del rol sumiso de la mujer\",\"datePublished\":\"2016-08-01T23:54:34+00:00\",\"mainEntityOfPage\":{\"@id\":\"https:\\\/\\\/diariofemenino.com.ar\\\/df\\\/la-violencia-simbolica-es-la-naturalizacion-colectiva-del-rol-sumiso-de-la-mujer\\\/\"},\"wordCount\":350,\"commentCount\":0,\"publisher\":{\"@id\":\"https:\\\/\\\/diariofemenino.com.ar\\\/df\\\/#organization\"},\"image\":{\"@id\":\"https:\\\/\\\/diariofemenino.com.ar\\\/df\\\/la-violencia-simbolica-es-la-naturalizacion-colectiva-del-rol-sumiso-de-la-mujer\\\/#primaryimage\"},\"thumbnailUrl\":\"http:\\\/\\\/www.diariofemenino.com.ar\\\/wp-content\\\/uploads\\\/25793_34488_violencia-de-genero.jpg\",\"keywords\":[\"Derechos de las mujeres\",\"Derechos Humanos\",\"Pol\u00edticas p\u00fablicas\",\"Violencia de g\u00e9nero\"],\"articleSection\":[\"De ESI S\u00ed Se Habla\",\"Medios\",\"Mujeres Sindicalistas\",\"Resistencia VerdeVioleta\"],\"inLanguage\":\"es\",\"potentialAction\":[{\"@type\":\"CommentAction\",\"name\":\"Comment\",\"target\":[\"https:\\\/\\\/diariofemenino.com.ar\\\/df\\\/la-violencia-simbolica-es-la-naturalizacion-colectiva-del-rol-sumiso-de-la-mujer\\\/#respond\"]}]},{\"@type\":\"WebPage\",\"@id\":\"https:\\\/\\\/diariofemenino.com.ar\\\/df\\\/la-violencia-simbolica-es-la-naturalizacion-colectiva-del-rol-sumiso-de-la-mujer\\\/\",\"url\":\"https:\\\/\\\/diariofemenino.com.ar\\\/df\\\/la-violencia-simbolica-es-la-naturalizacion-colectiva-del-rol-sumiso-de-la-mujer\\\/\",\"name\":\"La violencia simb\u00f3lica es la naturalizaci\u00f3n colectiva del rol sumiso de la mujer - Diario Digital Femenino\",\"isPartOf\":{\"@id\":\"https:\\\/\\\/diariofemenino.com.ar\\\/df\\\/#website\"},\"primaryImageOfPage\":{\"@id\":\"https:\\\/\\\/diariofemenino.com.ar\\\/df\\\/la-violencia-simbolica-es-la-naturalizacion-colectiva-del-rol-sumiso-de-la-mujer\\\/#primaryimage\"},\"image\":{\"@id\":\"https:\\\/\\\/diariofemenino.com.ar\\\/df\\\/la-violencia-simbolica-es-la-naturalizacion-colectiva-del-rol-sumiso-de-la-mujer\\\/#primaryimage\"},\"thumbnailUrl\":\"http:\\\/\\\/www.diariofemenino.com.ar\\\/wp-content\\\/uploads\\\/25793_34488_violencia-de-genero.jpg\",\"datePublished\":\"2016-08-01T23:54:34+00:00\",\"description\":\"La violencia simb\u00f3lica es la naturalizaci\u00f3n colectiva del rol sumiso de la mujer\",\"breadcrumb\":{\"@id\":\"https:\\\/\\\/diariofemenino.com.ar\\\/df\\\/la-violencia-simbolica-es-la-naturalizacion-colectiva-del-rol-sumiso-de-la-mujer\\\/#breadcrumb\"},\"inLanguage\":\"es\",\"potentialAction\":[{\"@type\":\"ReadAction\",\"target\":[\"https:\\\/\\\/diariofemenino.com.ar\\\/df\\\/la-violencia-simbolica-es-la-naturalizacion-colectiva-del-rol-sumiso-de-la-mujer\\\/\"]}]},{\"@type\":\"ImageObject\",\"inLanguage\":\"es\",\"@id\":\"https:\\\/\\\/diariofemenino.com.ar\\\/df\\\/la-violencia-simbolica-es-la-naturalizacion-colectiva-del-rol-sumiso-de-la-mujer\\\/#primaryimage\",\"url\":\"http:\\\/\\\/www.diariofemenino.com.ar\\\/wp-content\\\/uploads\\\/25793_34488_violencia-de-genero.jpg\",\"contentUrl\":\"http:\\\/\\\/www.diariofemenino.com.ar\\\/wp-content\\\/uploads\\\/25793_34488_violencia-de-genero.jpg\"},{\"@type\":\"BreadcrumbList\",\"@id\":\"https:\\\/\\\/diariofemenino.com.ar\\\/df\\\/la-violencia-simbolica-es-la-naturalizacion-colectiva-del-rol-sumiso-de-la-mujer\\\/#breadcrumb\",\"itemListElement\":[{\"@type\":\"ListItem\",\"position\":1,\"name\":\"Portada\",\"item\":\"https:\\\/\\\/diariofemenino.com.ar\\\/df\\\/\"},{\"@type\":\"ListItem\",\"position\":2,\"name\":\"La violencia simb\u00f3lica es la naturalizaci\u00f3n colectiva del rol sumiso de la mujer\"}]},{\"@type\":\"WebSite\",\"@id\":\"https:\\\/\\\/diariofemenino.com.ar\\\/df\\\/#website\",\"url\":\"https:\\\/\\\/diariofemenino.com.ar\\\/df\\\/\",\"name\":\"Diario Digital Femenino\",\"description\":\"Cuesti\u00f3n de G\u00e9nero\",\"publisher\":{\"@id\":\"https:\\\/\\\/diariofemenino.com.ar\\\/df\\\/#organization\"},\"potentialAction\":[{\"@type\":\"SearchAction\",\"target\":{\"@type\":\"EntryPoint\",\"urlTemplate\":\"https:\\\/\\\/diariofemenino.com.ar\\\/df\\\/?s={search_term_string}\"},\"query-input\":{\"@type\":\"PropertyValueSpecification\",\"valueRequired\":true,\"valueName\":\"search_term_string\"}}],\"inLanguage\":\"es\"},{\"@type\":\"Organization\",\"@id\":\"https:\\\/\\\/diariofemenino.com.ar\\\/df\\\/#organization\",\"name\":\"Diario Femenino\",\"url\":\"https:\\\/\\\/diariofemenino.com.ar\\\/df\\\/\",\"logo\":{\"@type\":\"ImageObject\",\"inLanguage\":\"es\",\"@id\":\"https:\\\/\\\/diariofemenino.com.ar\\\/df\\\/#\\\/schema\\\/logo\\\/image\\\/\",\"url\":\"https:\\\/\\\/diariofemenino.com.ar\\\/df\\\/wp-content\\\/uploads\\\/2018\\\/10\\\/logo.png\",\"contentUrl\":\"https:\\\/\\\/diariofemenino.com.ar\\\/df\\\/wp-content\\\/uploads\\\/2018\\\/10\\\/logo.png\",\"width\":500,\"height\":92,\"caption\":\"Diario Femenino\"},\"image\":{\"@id\":\"https:\\\/\\\/diariofemenino.com.ar\\\/df\\\/#\\\/schema\\\/logo\\\/image\\\/\"},\"sameAs\":[\"https:\\\/\\\/www.facebook.com\\\/DiarioDigitaFemenino\\\/\",\"https:\\\/\\\/x.com\\\/DiarioFemenino1\"]},{\"@type\":\"Person\",\"@id\":\"https:\\\/\\\/diariofemenino.com.ar\\\/df\\\/#\\\/schema\\\/person\\\/38f54b3bfd13f561de2460ba95c169c6\",\"name\":\"Admin\",\"image\":{\"@type\":\"ImageObject\",\"inLanguage\":\"es\",\"@id\":\"https:\\\/\\\/diariofemenino.com.ar\\\/df\\\/wp-content\\\/uploads\\\/2018\\\/12\\\/favicon-150x150.jpg\",\"url\":\"https:\\\/\\\/diariofemenino.com.ar\\\/df\\\/wp-content\\\/uploads\\\/2018\\\/12\\\/favicon-150x150.jpg\",\"contentUrl\":\"https:\\\/\\\/diariofemenino.com.ar\\\/df\\\/wp-content\\\/uploads\\\/2018\\\/12\\\/favicon-150x150.jpg\",\"caption\":\"Admin\"},\"url\":\"https:\\\/\\\/diariofemenino.com.ar\\\/df\\\/author\\\/adm18df\\\/\"}]}<\/script>\n<!-- \/ Yoast SEO plugin. -->","yoast_head_json":{"title":"La violencia simb\u00f3lica es la naturalizaci\u00f3n colectiva del rol sumiso de la mujer - Diario Digital Femenino","description":"La violencia simb\u00f3lica es la naturalizaci\u00f3n colectiva del rol sumiso de la mujer","robots":{"index":"index","follow":"follow","max-snippet":"max-snippet:-1","max-image-preview":"max-image-preview:large","max-video-preview":"max-video-preview:-1"},"canonical":"https:\/\/diariofemenino.com.ar\/df\/la-violencia-simbolica-es-la-naturalizacion-colectiva-del-rol-sumiso-de-la-mujer\/","og_locale":"es_ES","og_type":"article","og_title":"La violencia simb\u00f3lica es la naturalizaci\u00f3n colectiva del rol sumiso de la mujer - Diario Digital Femenino","og_description":"La violencia simb\u00f3lica es la naturalizaci\u00f3n colectiva del rol sumiso de la mujer","og_url":"https:\/\/diariofemenino.com.ar\/df\/la-violencia-simbolica-es-la-naturalizacion-colectiva-del-rol-sumiso-de-la-mujer\/","og_site_name":"Diario Digital Femenino","article_publisher":"https:\/\/www.facebook.com\/DiarioDigitaFemenino\/","article_published_time":"2016-08-01T23:54:34+00:00","og_image":[{"url":"http:\/\/www.diariofemenino.com.ar\/wp-content\/uploads\/25793_34488_violencia-de-genero.jpg","type":"","width":"","height":""}],"author":"Admin","twitter_card":"summary_large_image","twitter_creator":"@DiarioFemenino1","twitter_site":"@DiarioFemenino1","twitter_misc":{"Escrito por":"Admin","Tiempo de lectura":"2 minutos"},"schema":{"@context":"https:\/\/schema.org","@graph":[{"@type":"Article","@id":"https:\/\/diariofemenino.com.ar\/df\/la-violencia-simbolica-es-la-naturalizacion-colectiva-del-rol-sumiso-de-la-mujer\/#article","isPartOf":{"@id":"https:\/\/diariofemenino.com.ar\/df\/la-violencia-simbolica-es-la-naturalizacion-colectiva-del-rol-sumiso-de-la-mujer\/"},"author":{"name":"Admin","@id":"https:\/\/diariofemenino.com.ar\/df\/#\/schema\/person\/38f54b3bfd13f561de2460ba95c169c6"},"headline":"La violencia simb\u00f3lica es la naturalizaci\u00f3n colectiva del rol sumiso de la mujer","datePublished":"2016-08-01T23:54:34+00:00","mainEntityOfPage":{"@id":"https:\/\/diariofemenino.com.ar\/df\/la-violencia-simbolica-es-la-naturalizacion-colectiva-del-rol-sumiso-de-la-mujer\/"},"wordCount":350,"commentCount":0,"publisher":{"@id":"https:\/\/diariofemenino.com.ar\/df\/#organization"},"image":{"@id":"https:\/\/diariofemenino.com.ar\/df\/la-violencia-simbolica-es-la-naturalizacion-colectiva-del-rol-sumiso-de-la-mujer\/#primaryimage"},"thumbnailUrl":"http:\/\/www.diariofemenino.com.ar\/wp-content\/uploads\/25793_34488_violencia-de-genero.jpg","keywords":["Derechos de las mujeres","Derechos Humanos","Pol\u00edticas p\u00fablicas","Violencia de g\u00e9nero"],"articleSection":["De ESI S\u00ed Se Habla","Medios","Mujeres Sindicalistas","Resistencia VerdeVioleta"],"inLanguage":"es","potentialAction":[{"@type":"CommentAction","name":"Comment","target":["https:\/\/diariofemenino.com.ar\/df\/la-violencia-simbolica-es-la-naturalizacion-colectiva-del-rol-sumiso-de-la-mujer\/#respond"]}]},{"@type":"WebPage","@id":"https:\/\/diariofemenino.com.ar\/df\/la-violencia-simbolica-es-la-naturalizacion-colectiva-del-rol-sumiso-de-la-mujer\/","url":"https:\/\/diariofemenino.com.ar\/df\/la-violencia-simbolica-es-la-naturalizacion-colectiva-del-rol-sumiso-de-la-mujer\/","name":"La violencia simb\u00f3lica es la naturalizaci\u00f3n colectiva del rol sumiso de la mujer - Diario Digital Femenino","isPartOf":{"@id":"https:\/\/diariofemenino.com.ar\/df\/#website"},"primaryImageOfPage":{"@id":"https:\/\/diariofemenino.com.ar\/df\/la-violencia-simbolica-es-la-naturalizacion-colectiva-del-rol-sumiso-de-la-mujer\/#primaryimage"},"image":{"@id":"https:\/\/diariofemenino.com.ar\/df\/la-violencia-simbolica-es-la-naturalizacion-colectiva-del-rol-sumiso-de-la-mujer\/#primaryimage"},"thumbnailUrl":"http:\/\/www.diariofemenino.com.ar\/wp-content\/uploads\/25793_34488_violencia-de-genero.jpg","datePublished":"2016-08-01T23:54:34+00:00","description":"La violencia simb\u00f3lica es la naturalizaci\u00f3n colectiva del rol sumiso de la mujer","breadcrumb":{"@id":"https:\/\/diariofemenino.com.ar\/df\/la-violencia-simbolica-es-la-naturalizacion-colectiva-del-rol-sumiso-de-la-mujer\/#breadcrumb"},"inLanguage":"es","potentialAction":[{"@type":"ReadAction","target":["https:\/\/diariofemenino.com.ar\/df\/la-violencia-simbolica-es-la-naturalizacion-colectiva-del-rol-sumiso-de-la-mujer\/"]}]},{"@type":"ImageObject","inLanguage":"es","@id":"https:\/\/diariofemenino.com.ar\/df\/la-violencia-simbolica-es-la-naturalizacion-colectiva-del-rol-sumiso-de-la-mujer\/#primaryimage","url":"http:\/\/www.diariofemenino.com.ar\/wp-content\/uploads\/25793_34488_violencia-de-genero.jpg","contentUrl":"http:\/\/www.diariofemenino.com.ar\/wp-content\/uploads\/25793_34488_violencia-de-genero.jpg"},{"@type":"BreadcrumbList","@id":"https:\/\/diariofemenino.com.ar\/df\/la-violencia-simbolica-es-la-naturalizacion-colectiva-del-rol-sumiso-de-la-mujer\/#breadcrumb","itemListElement":[{"@type":"ListItem","position":1,"name":"Portada","item":"https:\/\/diariofemenino.com.ar\/df\/"},{"@type":"ListItem","position":2,"name":"La violencia simb\u00f3lica es la naturalizaci\u00f3n colectiva del rol sumiso de la mujer"}]},{"@type":"WebSite","@id":"https:\/\/diariofemenino.com.ar\/df\/#website","url":"https:\/\/diariofemenino.com.ar\/df\/","name":"Diario Digital Femenino","description":"Cuesti\u00f3n de G\u00e9nero","publisher":{"@id":"https:\/\/diariofemenino.com.ar\/df\/#organization"},"potentialAction":[{"@type":"SearchAction","target":{"@type":"EntryPoint","urlTemplate":"https:\/\/diariofemenino.com.ar\/df\/?s={search_term_string}"},"query-input":{"@type":"PropertyValueSpecification","valueRequired":true,"valueName":"search_term_string"}}],"inLanguage":"es"},{"@type":"Organization","@id":"https:\/\/diariofemenino.com.ar\/df\/#organization","name":"Diario Femenino","url":"https:\/\/diariofemenino.com.ar\/df\/","logo":{"@type":"ImageObject","inLanguage":"es","@id":"https:\/\/diariofemenino.com.ar\/df\/#\/schema\/logo\/image\/","url":"https:\/\/diariofemenino.com.ar\/df\/wp-content\/uploads\/2018\/10\/logo.png","contentUrl":"https:\/\/diariofemenino.com.ar\/df\/wp-content\/uploads\/2018\/10\/logo.png","width":500,"height":92,"caption":"Diario Femenino"},"image":{"@id":"https:\/\/diariofemenino.com.ar\/df\/#\/schema\/logo\/image\/"},"sameAs":["https:\/\/www.facebook.com\/DiarioDigitaFemenino\/","https:\/\/x.com\/DiarioFemenino1"]},{"@type":"Person","@id":"https:\/\/diariofemenino.com.ar\/df\/#\/schema\/person\/38f54b3bfd13f561de2460ba95c169c6","name":"Admin","image":{"@type":"ImageObject","inLanguage":"es","@id":"https:\/\/diariofemenino.com.ar\/df\/wp-content\/uploads\/2018\/12\/favicon-150x150.jpg","url":"https:\/\/diariofemenino.com.ar\/df\/wp-content\/uploads\/2018\/12\/favicon-150x150.jpg","contentUrl":"https:\/\/diariofemenino.com.ar\/df\/wp-content\/uploads\/2018\/12\/favicon-150x150.jpg","caption":"Admin"},"url":"https:\/\/diariofemenino.com.ar\/df\/author\/adm18df\/"}]}},"jetpack_featured_media_url":"","jetpack_sharing_enabled":true,"rttpg_featured_image_url":null,"rttpg_author":{"display_name":"Admin","author_link":"https:\/\/diariofemenino.com.ar\/df\/author\/adm18df\/"},"rttpg_comment":0,"rttpg_category":"<a href=\"https:\/\/diariofemenino.com.ar\/df\/category\/de-esi-si-se-habla\/\" rel=\"category tag\">De ESI S\u00ed Se Habla<\/a> <a href=\"https:\/\/diariofemenino.com.ar\/df\/category\/medios\/\" rel=\"category tag\">Medios<\/a> <a href=\"https:\/\/diariofemenino.com.ar\/df\/category\/mujeres-sindicalistas\/\" rel=\"category tag\">Mujeres Sindicalistas<\/a> <a href=\"https:\/\/diariofemenino.com.ar\/df\/category\/resistencia-verdevioleta\/\" rel=\"category tag\">Resistencia VerdeVioleta<\/a>","rttpg_excerpt":"Repercusiones de las jornadas de la Consavig en Viedma y San Antonio Oeste sobre\u00a0\u202a#\u200eViolenciaSimb\u00f3lica\u202c\u00a0Entre otros conceptos, la Dra Perla Prigoshin se\u00f1al\u00f3 : \u00abEl lenguaje es pol\u00edtico, por lo tanto lo que decimos y c\u00f3mo lo decimos nos moldea como sociedad y conforma un patr\u00f3n que nos atribuye roles espec\u00edficos. CONSAVIG \u201cLa violencia simb\u00f3lica es la&hellip;","_links":{"self":[{"href":"https:\/\/diariofemenino.com.ar\/df\/wp-json\/wp\/v2\/posts\/24000","targetHints":{"allow":["GET"]}}],"collection":[{"href":"https:\/\/diariofemenino.com.ar\/df\/wp-json\/wp\/v2\/posts"}],"about":[{"href":"https:\/\/diariofemenino.com.ar\/df\/wp-json\/wp\/v2\/types\/post"}],"author":[{"embeddable":true,"href":"https:\/\/diariofemenino.com.ar\/df\/wp-json\/wp\/v2\/users\/1"}],"replies":[{"embeddable":true,"href":"https:\/\/diariofemenino.com.ar\/df\/wp-json\/wp\/v2\/comments?post=24000"}],"version-history":[{"count":0,"href":"https:\/\/diariofemenino.com.ar\/df\/wp-json\/wp\/v2\/posts\/24000\/revisions"}],"wp:attachment":[{"href":"https:\/\/diariofemenino.com.ar\/df\/wp-json\/wp\/v2\/media?parent=24000"}],"wp:term":[{"taxonomy":"category","embeddable":true,"href":"https:\/\/diariofemenino.com.ar\/df\/wp-json\/wp\/v2\/categories?post=24000"},{"taxonomy":"post_tag","embeddable":true,"href":"https:\/\/diariofemenino.com.ar\/df\/wp-json\/wp\/v2\/tags?post=24000"}],"curies":[{"name":"wp","href":"https:\/\/api.w.org\/{rel}","templated":true}]}}