{"id":2394,"date":"2012-07-07T10:47:51","date_gmt":"2012-07-07T13:47:51","guid":{"rendered":"http:\/\/www.diariofemenino.com.ar\/?p=2394"},"modified":"2012-07-07T10:47:51","modified_gmt":"2012-07-07T13:47:51","slug":"el-color-de-la-envidia","status":"publish","type":"post","link":"https:\/\/diariofemenino.com.ar\/df\/el-color-de-la-envidia\/","title":{"rendered":"El color de la envidia"},"content":{"rendered":"<p>&nbsp;<br \/>\n&nbsp;<br \/>\n<em>Se estrena Las criadas, la monumental pieza de Jean Genet, con Maril\u00fa Marini como La Se\u00f1ora. La poes\u00eda de un texto que indaga en las zonas m\u00e1s oscuras de lo humano es explorada en esta nota por las tres mujeres que la interpretan.<\/em><\/p>\n<div>\nPoco tiempo atr\u00e1s, Maril\u00fa Marini estaba en Par\u00eds y cada noche se calzaba el traje de Madame para la funci\u00f3n de Las criadas, dirigida por Jacques Vincey en el Teatro Ateneo Louis Jouvet, en pleno coraz\u00f3n parisino. Durante m\u00e1s de diez meses estuvo metida en la piel de ese personaje de la emblem\u00e1tica obra de Jean Genet. La \u00faltima funci\u00f3n fue el 28 de abril, apenas algunos d\u00edas antes de su arribo a Buenos Aires. Y apenas algunos d\u00edas despu\u00e9s de su llegada comenz\u00f3 a transitar el proceso de dejar a la Madame para empezar a ser La Se\u00f1ora de esa misma pieza, dirigida por Ciro Zorzoli, y compartiendo escenario con Paola Barrientos y Victoria Almeida. Un cambio de piel, de idioma, de director y de compa\u00f1eras de escena. \u201cTodav\u00eda siento cu\u00e1n metida est\u00e1 la Madame, tengo que cambiar de esa se\u00f1ora a esta Se\u00f1ora de ac\u00e1. Lo fant\u00e1stico e interesante es que son visiones completamente distintas. Esta es otra versi\u00f3n. Queda la columna, queda lo esencial de una obra de arte como \u00e9sta, escrita por un hombre de una profundidad de visi\u00f3n del mundo como es Genet, un poeta.\u201d<br \/>\nLas criadas es una obra de 1947 y, como casi toda su obra, Genet la escribi\u00f3 desde la c\u00e1rcel. El autor fue perseguido por robo y falsificaciones, y lleg\u00f3 a tener diez condenas consecutivas. Entr\u00f3 y sali\u00f3 de la c\u00e1rcel varias veces y gracias a Jean-Paul Sartre, Pablo Picasso y Jean Cocteau obtuvo su libertad a trav\u00e9s de un pedido de indulto que varios artistas e intelectuales le hicieron al presidente de Francia. Gran parte de sus novelas, poemas y obras de teatro expresan la glorificaci\u00f3n y la celebraci\u00f3n de lo marginal, del asesino como h\u00e9roe, de quienes osan transgredir para poder llegar a ser.<br \/>\nPara Las criadas, Genet se inspir\u00f3 en un hecho real de los a\u00f1os \u201930 que conmocion\u00f3 a Francia: dos hermanas asesinaron a la se\u00f1ora Lancelin y a su hija, para quienes trabajaban como empleadas dom\u00e9sticas. En esta pieza, el procedimiento teatral del autor se asemeja a un juego enloquecido para el cual utiliza el cambio de roles. Los personajes invierten sus papeles y cada una puede ser tambi\u00e9n la otra. La se\u00f1ora no es La Se\u00f1ora, Solange no es Solange y Clara no es Clara, porque cada una adem\u00e1s act\u00faa a la otra.<\/p>\n<h4>Las criadas se aman y se odian, son una especie de almas gemelas unidas por un juego de espejos.<\/h4>\n<p><strong>M. M.:<\/strong> Las criadas deliran, las dos est\u00e1n en un v\u00e9rtigo de locura fuerte.<br \/>\n<strong>V. A.:<\/strong> Son personajes que hacen y dicen las cosas desde un lugar muy poco racional. Viven la vida de la otra, viven a trav\u00e9s de la vida de la otra. Una cosa de pobreza espiritual y de pobreza de individualidad muy fuerte.<br \/>\n<strong>P. B.:<\/strong> Una de las criadas hace de La Se\u00f1ora, hay como un enroque, algo de estar actu\u00e1ndole a la otra. Inclusive cuando entra La Se\u00f1ora y cada una est\u00e1 con el personaje que le corresponde igual sigue la situaci\u00f3n de estar actu\u00e1ndole algo a la otra. Desde un lugar diferente, para conseguir otra cosa, pero la situaci\u00f3n de estar actuando, de llevar a cabo otros roles sucede durante toda la pieza.<\/p>\n<h4>\u00bfQu\u00e9 les pas\u00f3 con la obra cuando empezaron a ensayar?<\/h4>\n<p><strong>P. B.:<\/strong> A m\u00ed me pareci\u00f3 imposible, indecible, indescifrable&#8230; Me result\u00f3 de mucho inter\u00e9s pero dec\u00eda \u201cesto lo tengo que leer, no lo puedo hacer\u201d. A medida que fue pasando el trabajo, comenz\u00f3 a ser m\u00e1s posible de ser dicho. Esto tiene que ver con el lenguaje, con la utilizaci\u00f3n de las palabras y las construcciones que elige Genet, que yo siento que me quedan muy lejos. Que esas bellas palabras bajen y sean algo posible de decir es lo que nos est\u00e1 llevando m\u00e1s trabajo.<br \/>\n<strong>V. A.:<\/strong> A partir de ponerle el cuerpo y entrarle por un lugar m\u00e1s sensorial es donde empieza a cobrar sentido.<\/p>\n<h4>\u00bfC\u00f3mo fue la iniciativa de hacerla en Buenos Aires?<\/h4>\n<p><strong>M. M.:<\/strong> Yo ten\u00eda ganas de hacerla ac\u00e1. Vi el trabajo de Ciro y Paola en Estado de ira, y me fascin\u00f3. Empezamos a so\u00f1ar con hacer algo con Ciro, y me pareci\u00f3 que una obra como \u00e9sta era interesante de hacer en Buenos Aires. Porque la obra habla de la locura, de un delirio en el cual estas dos hermanas, estas dos criadas, est\u00e1n envueltas, como si no tuvieran individualidad, como si una estuviera mezclada con la otra. Entonces hay que inventar a una tercera que es La Se\u00f1ora, que existe, por supuesto. Pero esa Se\u00f1ora que vemos, yo pienso que es una Se\u00f1ora que ellas imaginan. Pienso tambi\u00e9n que la obra habla del poder, de c\u00f3mo el poder enloquece. Y habla de lo dif\u00edcil y de lo cruel que es llegar a una individualidad, a una identidad. De todo lo que hay que pasar a partir de estar en una situaci\u00f3n de sumisi\u00f3n al poder.<\/p>\n<h4>La obra toma los aspectos m\u00e1s \u00edntimos de la existencia humana, como podr\u00eda ser la identidad, y expresa una profunda rebeli\u00f3n contra algunas convenciones de la sociedad.<\/h4>\n<p><strong>M. M.:<\/strong> Es una propuesta de teatro donde hay una l\u00f3gica no solamente de lo psicol\u00f3gico sino de lo real, de lo vivido. Este es un texto po\u00e9tico. Genet dice en el pr\u00f3logo \u201c\u00e9ste es un cuento, no es una alegor\u00eda sobre el problema del personal dom\u00e9stico, o de la masa obrera, es una f\u00e1bula que hay que inventar\u201d. Hay una cosa muy oscura, muy densa, pero dentro de esa oscuridad \u00e9l ilumina con el verbo, con la poes\u00eda.<\/p>\n<h4>\u00bfC\u00f3mo ven esta crueldad, esta desesperaci\u00f3n que ti\u00f1e especialmente a los personajes de las criadas?<\/h4>\n<p><strong>V. A.:<\/strong> La obra propone entrar a un mundillo subterr\u00e1neo del cual muchas veces en la vida estamos tratando de escapar, de no tocar. Plantea colores como la envidia, o cosas a las que una le tiene mucho rechazo. Lo que pasa es que es un registro tan poco naturalista el que propone el texto, es tan l\u00fadico todo el tiempo que la obra te va llevando por esos lugares como una danza. Yo pens\u00e9 que me iba a ser m\u00e1s conflictivo chocarme con un material tan denso, pero se la est\u00e1 pudiendo disfrutar.<br \/>\n<strong>P. B.:<\/strong> Estamos todav\u00eda en un proceso de acercar esta pieza a nosotras y empezar a ver si podemos acompa\u00f1ar el v\u00e9rtigo que propone. Entrar a descular, que no tiene que ver con una compresi\u00f3n l\u00f3gica del material, sino empezar a comprenderlo desde un lugar sensible. Transitarlo y empezar a dejarnos ir con eso que va proponiendo la pieza.<br \/>\n<strong>M. M.:<\/strong> Habla del v\u00e9rtigo de la locura, por eso es que no hay una l\u00f3gica. Pero ellas encuentran una soluci\u00f3n para llegar a una individualidad, que es una soluci\u00f3n terrible. Clara toma una decisi\u00f3n para que ellas puedan llegar a individualizarse, para salir de esa masa informe que son. La decisi\u00f3n es fuerte pero llegan a ella.<\/p>\n<h4>\u00bfQu\u00e9 les llam\u00f3 la atenci\u00f3n de sus personajes, lo primero que las cautiv\u00f3, que les qued\u00f3 picando en la cabeza sobre Clara y Solange?<\/h4>\n<p><strong>P. B.:<\/strong> Cuando le\u00edmos la obra, no ten\u00edamos los personajes definidos. Nosotras \u00e9ramos las criadas, pero no sab\u00edamos qui\u00e9n iba ser qui\u00e9n. Empezamos a trabajar y los roles se fueron definiendo en funci\u00f3n de qu\u00e9 lugar ocupaba una en relaci\u00f3n a la otra. Hay algo de los roles que se termina de diferenciar hacia el final de pieza, en funci\u00f3n de la decisi\u00f3n que toma una y no la otra. Pero hasta ese momento, cuando improvis\u00e1bamos no diferenci\u00e1bamos qu\u00e9 personaje hacia qu\u00e9 cosa porque una ocupaba un rol que luego ocupaba la otra. A medida que se defini\u00f3 eso e incorporamos la letra, nos dimos cuenta de que s\u00ed hay un mont\u00f3n de particularidades, detalles y cuestiones de un personaje y no del otro.<\/p>\n<h4>\u00bfQu\u00e9 las diferencia?<\/h4>\n<p><strong>V. A.:<\/strong> Qui\u00e9n hace las cosas y qui\u00e9n no. El autor no delinea demasiado qu\u00e9 las diferencia, pero investigando en la pieza vimos que hay una que hace tal cosa que la otra no se anim\u00f3. O que una quiere tal cosa, y la otra no. Pero est\u00e1n muy mimetizadas.<br \/>\n<strong>P. B.:<\/strong> Entre ellas hay tambi\u00e9n una puja de poder. Yo creo en general que hay ciertas cuestiones en relaci\u00f3n a los personajes que se empiezan a descubrir, y donde juega mucho qui\u00e9n lo dirige o qui\u00e9n lo interpreta, y del encuentro con otra actriz. Mi Solange no ser\u00eda la que es si el personaje de Clara lo hiciera otra actriz que no fuera Victoria. Hay ciertas cosas que no son aut\u00f3nomas del trabajo y del encuentro que sucede entre las personas que lo hacen. Hay ideas que yo puedo tener, pero la verdad, la \u00fanica posible, me parece que es lo que se da en el encuentro de nosotras dos con esos textos, con esa circunstancia, con eso que se dice, con eso que ellas hacen o no hacen. Siento que hay algo de los personajes escritos que terminan de ser cuando est\u00e1n en escena con el otro actor.<br \/>\n<strong>M. M.:<\/strong> Genet plantea esta indiferenciaci\u00f3n entre ellas, esa locura de no poder verse como una persona separada de la otra. Primero est\u00e1n mezcladas las dos y despu\u00e9s se ve que Solange hace ciertas cosas y que Clara tiene ciertas direcciones.<br \/>\n<strong>P. B.:<\/strong> Son esas cosas de la pieza que empez\u00e1s a comprender cuando empez\u00e1s a trabajar. Yo en un principio dec\u00eda \u201cno me doy cuenta cu\u00e1l es Clara y cu\u00e1l es Solange\u201d, como un problema&#8230; Pensaba que ten\u00eda que prestar m\u00e1s atenci\u00f3n. Y en realidad eso es la obra. Esa es la idea. Ah\u00ed te das cuenta c\u00f3mo la pieza, adem\u00e1s de la belleza que tiene, est\u00e1 escrita con esa perfecci\u00f3n.<br \/>\n<strong>V. A.:<\/strong> Y empieza a ser disfrutable. Nadamos juntas en una misma direcci\u00f3n. Los primeros encuentros eran darse la cabeza contra la pared a ver d\u00f3nde estaba la grieta para poder entrarle. A medida que fuimos conociendo y amasando el material, hubo algo de lo sensorial que empez\u00f3 a suceder.<br \/>\n<strong>M. M.:<\/strong> Me parece que no somos actrices stanislavskianas. Nos podemos pirar, podemos ir a la locura. Esta es una pieza que pide eso tambi\u00e9n. Genet era un poeta, un hombre que escrib\u00eda piezas para celebrar algo, ese ritual que se hace todas las noches, \u00e9l lo pon\u00eda en un estado de exaltaci\u00f3n. Todo lo que \u00e9l detesta de la burgues\u00eda est\u00e1 puesto en La Se\u00f1ora, que es una porquer\u00eda, es una bestia, pero es tambi\u00e9n lo que ellas se imaginan. No es la belleza convencional, es la belleza de la miseria, del mal, de lo que el poder corrompe. Ese es el mundo que Genet evoca.<br \/>\nLas criadas se estrena el 21 de julio en el Teatro Presidente Alvear, Corrientes 1659. <a title=\"\" href=\"http:\/\/www.complejoteatral.gob.ar\/\">www.complejoteatral.gob.ar<\/a><br \/>\n&nbsp;<br \/>\n&nbsp;<br \/>\n&nbsp;<br \/>\nFuente:\u00a0 <a href=\"http:\/\/www.pagina12.com.ar\/diario\/suplementos\/las12\/13-7355-2012-07-07.html\" target=\"_blank\">P\u00e1gina\/12<\/a><br \/>\n&nbsp;<br \/>\n&nbsp;<br \/>\n&nbsp;\n<\/div>\n<p>&nbsp;<br \/>\n&nbsp;<\/p>\n","protected":false},"excerpt":{"rendered":"<p>&nbsp; &nbsp; Se estrena Las criadas, la monumental pieza de Jean Genet, con Maril\u00fa Marini como La Se\u00f1ora. La poes\u00eda de un texto que indaga en las zonas m\u00e1s oscuras de lo humano es explorada en esta nota por las tres mujeres que la interpretan. Poco tiempo atr\u00e1s, Maril\u00fa Marini estaba en Par\u00eds y cada [&hellip;]<\/p>\n","protected":false},"author":1,"featured_media":2395,"comment_status":"open","ping_status":"open","sticky":false,"template":"","format":"standard","meta":{"iawp_total_views":3,"footnotes":""},"categories":[4],"tags":[],"class_list":["post-2394","post","type-post","status-publish","format-standard","has-post-thumbnail","hentry","category-medios"],"nelio_content":{"autoShareEndMode":"never","automationSources":{"useCustomSentences":false,"customSentences":[]},"efiAlt":"","efiUrl":"","followers":[],"highlights":[],"isAutoShareEnabled":true,"networkImageIds":[],"permalinkQueryArgs":[],"series":[],"suggestedReferences":[]},"yoast_head":"<!-- This site is optimized with the Yoast SEO plugin v27.4 - https:\/\/yoast.com\/product\/yoast-seo-wordpress\/ -->\n<title>El color de la envidia - Diario Digital Femenino<\/title>\n<meta name=\"robots\" content=\"index, follow, max-snippet:-1, max-image-preview:large, max-video-preview:-1\" \/>\n<link rel=\"canonical\" href=\"https:\/\/diariofemenino.com.ar\/df\/el-color-de-la-envidia\/\" \/>\n<meta property=\"og:locale\" content=\"es_ES\" \/>\n<meta property=\"og:type\" content=\"article\" \/>\n<meta property=\"og:title\" content=\"El color de la envidia - Diario Digital Femenino\" \/>\n<meta property=\"og:description\" content=\"&nbsp; &nbsp; Se estrena Las criadas, la monumental pieza de Jean Genet, con Maril\u00fa Marini como La Se\u00f1ora. La poes\u00eda de un texto que indaga en las zonas m\u00e1s oscuras de lo humano es explorada en esta nota por las tres mujeres que la interpretan. Poco tiempo atr\u00e1s, Maril\u00fa Marini estaba en Par\u00eds y cada [&hellip;]\" \/>\n<meta property=\"og:url\" content=\"https:\/\/diariofemenino.com.ar\/df\/el-color-de-la-envidia\/\" \/>\n<meta property=\"og:site_name\" content=\"Diario Digital Femenino\" \/>\n<meta property=\"article:publisher\" content=\"https:\/\/www.facebook.com\/DiarioDigitaFemenino\/\" \/>\n<meta property=\"article:published_time\" content=\"2012-07-07T13:47:51+00:00\" \/>\n<meta property=\"og:image\" content=\"https:\/\/diariofemenino.com.ar\/df\/wp-content\/uploads\/2016\/10\/logo-negro.png\" \/>\n\t<meta property=\"og:image:width\" content=\"855\" \/>\n\t<meta property=\"og:image:height\" content=\"319\" \/>\n\t<meta property=\"og:image:type\" content=\"image\/png\" \/>\n<meta name=\"author\" content=\"Admin\" \/>\n<meta name=\"twitter:card\" content=\"summary_large_image\" \/>\n<meta name=\"twitter:creator\" content=\"@DiarioFemenino1\" \/>\n<meta name=\"twitter:site\" content=\"@DiarioFemenino1\" \/>\n<meta name=\"twitter:label1\" content=\"Escrito por\" \/>\n\t<meta name=\"twitter:data1\" content=\"Admin\" \/>\n\t<meta name=\"twitter:label2\" content=\"Tiempo de lectura\" \/>\n\t<meta name=\"twitter:data2\" content=\"10 minutos\" \/>\n<script type=\"application\/ld+json\" class=\"yoast-schema-graph\">{\"@context\":\"https:\\\/\\\/schema.org\",\"@graph\":[{\"@type\":\"Article\",\"@id\":\"https:\\\/\\\/diariofemenino.com.ar\\\/df\\\/el-color-de-la-envidia\\\/#article\",\"isPartOf\":{\"@id\":\"https:\\\/\\\/diariofemenino.com.ar\\\/df\\\/el-color-de-la-envidia\\\/\"},\"author\":{\"name\":\"Admin\",\"@id\":\"https:\\\/\\\/diariofemenino.com.ar\\\/df\\\/#\\\/schema\\\/person\\\/38f54b3bfd13f561de2460ba95c169c6\"},\"headline\":\"El color de la envidia\",\"datePublished\":\"2012-07-07T13:47:51+00:00\",\"mainEntityOfPage\":{\"@id\":\"https:\\\/\\\/diariofemenino.com.ar\\\/df\\\/el-color-de-la-envidia\\\/\"},\"wordCount\":1984,\"commentCount\":0,\"publisher\":{\"@id\":\"https:\\\/\\\/diariofemenino.com.ar\\\/df\\\/#organization\"},\"image\":{\"@id\":\"https:\\\/\\\/diariofemenino.com.ar\\\/df\\\/el-color-de-la-envidia\\\/#primaryimage\"},\"thumbnailUrl\":\"\",\"articleSection\":[\"Medios\"],\"inLanguage\":\"es\",\"potentialAction\":[{\"@type\":\"CommentAction\",\"name\":\"Comment\",\"target\":[\"https:\\\/\\\/diariofemenino.com.ar\\\/df\\\/el-color-de-la-envidia\\\/#respond\"]}]},{\"@type\":\"WebPage\",\"@id\":\"https:\\\/\\\/diariofemenino.com.ar\\\/df\\\/el-color-de-la-envidia\\\/\",\"url\":\"https:\\\/\\\/diariofemenino.com.ar\\\/df\\\/el-color-de-la-envidia\\\/\",\"name\":\"El color de la envidia - Diario Digital Femenino\",\"isPartOf\":{\"@id\":\"https:\\\/\\\/diariofemenino.com.ar\\\/df\\\/#website\"},\"primaryImageOfPage\":{\"@id\":\"https:\\\/\\\/diariofemenino.com.ar\\\/df\\\/el-color-de-la-envidia\\\/#primaryimage\"},\"image\":{\"@id\":\"https:\\\/\\\/diariofemenino.com.ar\\\/df\\\/el-color-de-la-envidia\\\/#primaryimage\"},\"thumbnailUrl\":\"\",\"datePublished\":\"2012-07-07T13:47:51+00:00\",\"breadcrumb\":{\"@id\":\"https:\\\/\\\/diariofemenino.com.ar\\\/df\\\/el-color-de-la-envidia\\\/#breadcrumb\"},\"inLanguage\":\"es\",\"potentialAction\":[{\"@type\":\"ReadAction\",\"target\":[\"https:\\\/\\\/diariofemenino.com.ar\\\/df\\\/el-color-de-la-envidia\\\/\"]}]},{\"@type\":\"ImageObject\",\"inLanguage\":\"es\",\"@id\":\"https:\\\/\\\/diariofemenino.com.ar\\\/df\\\/el-color-de-la-envidia\\\/#primaryimage\",\"url\":\"\",\"contentUrl\":\"\"},{\"@type\":\"BreadcrumbList\",\"@id\":\"https:\\\/\\\/diariofemenino.com.ar\\\/df\\\/el-color-de-la-envidia\\\/#breadcrumb\",\"itemListElement\":[{\"@type\":\"ListItem\",\"position\":1,\"name\":\"Portada\",\"item\":\"https:\\\/\\\/diariofemenino.com.ar\\\/df\\\/\"},{\"@type\":\"ListItem\",\"position\":2,\"name\":\"El color de la envidia\"}]},{\"@type\":\"WebSite\",\"@id\":\"https:\\\/\\\/diariofemenino.com.ar\\\/df\\\/#website\",\"url\":\"https:\\\/\\\/diariofemenino.com.ar\\\/df\\\/\",\"name\":\"Diario Digital Femenino\",\"description\":\"Cuesti\u00f3n de G\u00e9nero\",\"publisher\":{\"@id\":\"https:\\\/\\\/diariofemenino.com.ar\\\/df\\\/#organization\"},\"potentialAction\":[{\"@type\":\"SearchAction\",\"target\":{\"@type\":\"EntryPoint\",\"urlTemplate\":\"https:\\\/\\\/diariofemenino.com.ar\\\/df\\\/?s={search_term_string}\"},\"query-input\":{\"@type\":\"PropertyValueSpecification\",\"valueRequired\":true,\"valueName\":\"search_term_string\"}}],\"inLanguage\":\"es\"},{\"@type\":\"Organization\",\"@id\":\"https:\\\/\\\/diariofemenino.com.ar\\\/df\\\/#organization\",\"name\":\"Diario Femenino\",\"url\":\"https:\\\/\\\/diariofemenino.com.ar\\\/df\\\/\",\"logo\":{\"@type\":\"ImageObject\",\"inLanguage\":\"es\",\"@id\":\"https:\\\/\\\/diariofemenino.com.ar\\\/df\\\/#\\\/schema\\\/logo\\\/image\\\/\",\"url\":\"https:\\\/\\\/diariofemenino.com.ar\\\/df\\\/wp-content\\\/uploads\\\/2018\\\/10\\\/logo.png\",\"contentUrl\":\"https:\\\/\\\/diariofemenino.com.ar\\\/df\\\/wp-content\\\/uploads\\\/2018\\\/10\\\/logo.png\",\"width\":500,\"height\":92,\"caption\":\"Diario Femenino\"},\"image\":{\"@id\":\"https:\\\/\\\/diariofemenino.com.ar\\\/df\\\/#\\\/schema\\\/logo\\\/image\\\/\"},\"sameAs\":[\"https:\\\/\\\/www.facebook.com\\\/DiarioDigitaFemenino\\\/\",\"https:\\\/\\\/x.com\\\/DiarioFemenino1\"]},{\"@type\":\"Person\",\"@id\":\"https:\\\/\\\/diariofemenino.com.ar\\\/df\\\/#\\\/schema\\\/person\\\/38f54b3bfd13f561de2460ba95c169c6\",\"name\":\"Admin\",\"image\":{\"@type\":\"ImageObject\",\"inLanguage\":\"es\",\"@id\":\"https:\\\/\\\/diariofemenino.com.ar\\\/df\\\/wp-content\\\/uploads\\\/2018\\\/12\\\/favicon-150x150.jpg\",\"url\":\"https:\\\/\\\/diariofemenino.com.ar\\\/df\\\/wp-content\\\/uploads\\\/2018\\\/12\\\/favicon-150x150.jpg\",\"contentUrl\":\"https:\\\/\\\/diariofemenino.com.ar\\\/df\\\/wp-content\\\/uploads\\\/2018\\\/12\\\/favicon-150x150.jpg\",\"caption\":\"Admin\"},\"url\":\"https:\\\/\\\/diariofemenino.com.ar\\\/df\\\/author\\\/adm18df\\\/\"}]}<\/script>\n<!-- \/ Yoast SEO plugin. -->","yoast_head_json":{"title":"El color de la envidia - Diario Digital Femenino","robots":{"index":"index","follow":"follow","max-snippet":"max-snippet:-1","max-image-preview":"max-image-preview:large","max-video-preview":"max-video-preview:-1"},"canonical":"https:\/\/diariofemenino.com.ar\/df\/el-color-de-la-envidia\/","og_locale":"es_ES","og_type":"article","og_title":"El color de la envidia - Diario Digital Femenino","og_description":"&nbsp; &nbsp; Se estrena Las criadas, la monumental pieza de Jean Genet, con Maril\u00fa Marini como La Se\u00f1ora. La poes\u00eda de un texto que indaga en las zonas m\u00e1s oscuras de lo humano es explorada en esta nota por las tres mujeres que la interpretan. Poco tiempo atr\u00e1s, Maril\u00fa Marini estaba en Par\u00eds y cada [&hellip;]","og_url":"https:\/\/diariofemenino.com.ar\/df\/el-color-de-la-envidia\/","og_site_name":"Diario Digital Femenino","article_publisher":"https:\/\/www.facebook.com\/DiarioDigitaFemenino\/","article_published_time":"2012-07-07T13:47:51+00:00","og_image":[{"width":855,"height":319,"url":"https:\/\/diariofemenino.com.ar\/df\/wp-content\/uploads\/2016\/10\/logo-negro.png","type":"image\/png"}],"author":"Admin","twitter_card":"summary_large_image","twitter_creator":"@DiarioFemenino1","twitter_site":"@DiarioFemenino1","twitter_misc":{"Escrito por":"Admin","Tiempo de lectura":"10 minutos"},"schema":{"@context":"https:\/\/schema.org","@graph":[{"@type":"Article","@id":"https:\/\/diariofemenino.com.ar\/df\/el-color-de-la-envidia\/#article","isPartOf":{"@id":"https:\/\/diariofemenino.com.ar\/df\/el-color-de-la-envidia\/"},"author":{"name":"Admin","@id":"https:\/\/diariofemenino.com.ar\/df\/#\/schema\/person\/38f54b3bfd13f561de2460ba95c169c6"},"headline":"El color de la envidia","datePublished":"2012-07-07T13:47:51+00:00","mainEntityOfPage":{"@id":"https:\/\/diariofemenino.com.ar\/df\/el-color-de-la-envidia\/"},"wordCount":1984,"commentCount":0,"publisher":{"@id":"https:\/\/diariofemenino.com.ar\/df\/#organization"},"image":{"@id":"https:\/\/diariofemenino.com.ar\/df\/el-color-de-la-envidia\/#primaryimage"},"thumbnailUrl":"","articleSection":["Medios"],"inLanguage":"es","potentialAction":[{"@type":"CommentAction","name":"Comment","target":["https:\/\/diariofemenino.com.ar\/df\/el-color-de-la-envidia\/#respond"]}]},{"@type":"WebPage","@id":"https:\/\/diariofemenino.com.ar\/df\/el-color-de-la-envidia\/","url":"https:\/\/diariofemenino.com.ar\/df\/el-color-de-la-envidia\/","name":"El color de la envidia - Diario Digital Femenino","isPartOf":{"@id":"https:\/\/diariofemenino.com.ar\/df\/#website"},"primaryImageOfPage":{"@id":"https:\/\/diariofemenino.com.ar\/df\/el-color-de-la-envidia\/#primaryimage"},"image":{"@id":"https:\/\/diariofemenino.com.ar\/df\/el-color-de-la-envidia\/#primaryimage"},"thumbnailUrl":"","datePublished":"2012-07-07T13:47:51+00:00","breadcrumb":{"@id":"https:\/\/diariofemenino.com.ar\/df\/el-color-de-la-envidia\/#breadcrumb"},"inLanguage":"es","potentialAction":[{"@type":"ReadAction","target":["https:\/\/diariofemenino.com.ar\/df\/el-color-de-la-envidia\/"]}]},{"@type":"ImageObject","inLanguage":"es","@id":"https:\/\/diariofemenino.com.ar\/df\/el-color-de-la-envidia\/#primaryimage","url":"","contentUrl":""},{"@type":"BreadcrumbList","@id":"https:\/\/diariofemenino.com.ar\/df\/el-color-de-la-envidia\/#breadcrumb","itemListElement":[{"@type":"ListItem","position":1,"name":"Portada","item":"https:\/\/diariofemenino.com.ar\/df\/"},{"@type":"ListItem","position":2,"name":"El color de la envidia"}]},{"@type":"WebSite","@id":"https:\/\/diariofemenino.com.ar\/df\/#website","url":"https:\/\/diariofemenino.com.ar\/df\/","name":"Diario Digital Femenino","description":"Cuesti\u00f3n de G\u00e9nero","publisher":{"@id":"https:\/\/diariofemenino.com.ar\/df\/#organization"},"potentialAction":[{"@type":"SearchAction","target":{"@type":"EntryPoint","urlTemplate":"https:\/\/diariofemenino.com.ar\/df\/?s={search_term_string}"},"query-input":{"@type":"PropertyValueSpecification","valueRequired":true,"valueName":"search_term_string"}}],"inLanguage":"es"},{"@type":"Organization","@id":"https:\/\/diariofemenino.com.ar\/df\/#organization","name":"Diario Femenino","url":"https:\/\/diariofemenino.com.ar\/df\/","logo":{"@type":"ImageObject","inLanguage":"es","@id":"https:\/\/diariofemenino.com.ar\/df\/#\/schema\/logo\/image\/","url":"https:\/\/diariofemenino.com.ar\/df\/wp-content\/uploads\/2018\/10\/logo.png","contentUrl":"https:\/\/diariofemenino.com.ar\/df\/wp-content\/uploads\/2018\/10\/logo.png","width":500,"height":92,"caption":"Diario Femenino"},"image":{"@id":"https:\/\/diariofemenino.com.ar\/df\/#\/schema\/logo\/image\/"},"sameAs":["https:\/\/www.facebook.com\/DiarioDigitaFemenino\/","https:\/\/x.com\/DiarioFemenino1"]},{"@type":"Person","@id":"https:\/\/diariofemenino.com.ar\/df\/#\/schema\/person\/38f54b3bfd13f561de2460ba95c169c6","name":"Admin","image":{"@type":"ImageObject","inLanguage":"es","@id":"https:\/\/diariofemenino.com.ar\/df\/wp-content\/uploads\/2018\/12\/favicon-150x150.jpg","url":"https:\/\/diariofemenino.com.ar\/df\/wp-content\/uploads\/2018\/12\/favicon-150x150.jpg","contentUrl":"https:\/\/diariofemenino.com.ar\/df\/wp-content\/uploads\/2018\/12\/favicon-150x150.jpg","caption":"Admin"},"url":"https:\/\/diariofemenino.com.ar\/df\/author\/adm18df\/"}]}},"jetpack_featured_media_url":"","jetpack_sharing_enabled":true,"rttpg_featured_image_url":null,"rttpg_author":{"display_name":"Admin","author_link":"https:\/\/diariofemenino.com.ar\/df\/author\/adm18df\/"},"rttpg_comment":0,"rttpg_category":"<a href=\"https:\/\/diariofemenino.com.ar\/df\/category\/medios\/\" rel=\"category tag\">Medios<\/a>","rttpg_excerpt":"&nbsp; &nbsp; Se estrena Las criadas, la monumental pieza de Jean Genet, con Maril\u00fa Marini como La Se\u00f1ora. La poes\u00eda de un texto que indaga en las zonas m\u00e1s oscuras de lo humano es explorada en esta nota por las tres mujeres que la interpretan. Poco tiempo atr\u00e1s, Maril\u00fa Marini estaba en Par\u00eds y cada&hellip;","_links":{"self":[{"href":"https:\/\/diariofemenino.com.ar\/df\/wp-json\/wp\/v2\/posts\/2394","targetHints":{"allow":["GET"]}}],"collection":[{"href":"https:\/\/diariofemenino.com.ar\/df\/wp-json\/wp\/v2\/posts"}],"about":[{"href":"https:\/\/diariofemenino.com.ar\/df\/wp-json\/wp\/v2\/types\/post"}],"author":[{"embeddable":true,"href":"https:\/\/diariofemenino.com.ar\/df\/wp-json\/wp\/v2\/users\/1"}],"replies":[{"embeddable":true,"href":"https:\/\/diariofemenino.com.ar\/df\/wp-json\/wp\/v2\/comments?post=2394"}],"version-history":[{"count":0,"href":"https:\/\/diariofemenino.com.ar\/df\/wp-json\/wp\/v2\/posts\/2394\/revisions"}],"wp:featuredmedia":[{"embeddable":true,"href":"https:\/\/diariofemenino.com.ar\/df\/wp-json\/"}],"wp:attachment":[{"href":"https:\/\/diariofemenino.com.ar\/df\/wp-json\/wp\/v2\/media?parent=2394"}],"wp:term":[{"taxonomy":"category","embeddable":true,"href":"https:\/\/diariofemenino.com.ar\/df\/wp-json\/wp\/v2\/categories?post=2394"},{"taxonomy":"post_tag","embeddable":true,"href":"https:\/\/diariofemenino.com.ar\/df\/wp-json\/wp\/v2\/tags?post=2394"}],"curies":[{"name":"wp","href":"https:\/\/api.w.org\/{rel}","templated":true}]}}