{"id":2384,"date":"2012-07-07T10:10:02","date_gmt":"2012-07-07T13:10:02","guid":{"rendered":"http:\/\/www.diariofemenino.com.ar\/?p=2384"},"modified":"2012-07-07T10:10:02","modified_gmt":"2012-07-07T13:10:02","slug":"allanan-burdeles-y-liberan-a-23-mujeres-20-de-ellas-extranjeras","status":"publish","type":"post","link":"https:\/\/diariofemenino.com.ar\/df\/allanan-burdeles-y-liberan-a-23-mujeres-20-de-ellas-extranjeras\/","title":{"rendered":"Allanan burdeles y liberan a 23 mujeres, 20 de ellas extranjeras"},"content":{"rendered":"<p>&nbsp;<br \/>\n&nbsp;<br \/>\n<em>En su mayor\u00eda eran paraguayas y dominicanas, muchas sin permiso legal para residir en el pa\u00eds. Clausuraron dos locales en Melincu\u00e9. El operativo se hizo al detectarse muchas inmigrantes en el pueblo.<\/em><br \/>\nUn operativo policial culmin\u00f3 con el allanamiento a dos locales nocturnos que funcionaban en \u00e9sta localidad y se liberaron a 23 mujeres que ejerc\u00edan la prostituci\u00f3n. Por el hecho fueron detenidas dos personas, el titular del bar Skorpio y otro del cabaret La Rueda, que funcionaba en el ejido urbano.<\/p>\n<p align=\"justify\">El operativo se llev\u00f3 a cabo a partir de una denuncia en Fiscal\u00eda realizada por una ciudadana paraguaya. La orden de allanamiento fue dictada por el juez de Instrucci\u00f3n con asiento en Melincu\u00e9, Leandro Mart\u00edn, y se llev\u00f3 a cabo por la polic\u00eda de la Unidad Regional VIII en la ma\u00f1ana de ayer.<\/p>\n<p align=\"justify\">El saldo fue la liberaci\u00f3n de 23 mujeres, la mayor\u00eda de origen paraguayo, que trabajaban en dos locales nocturnos. Veinte alternadoras son extranjeras (paraguayas y dominicanas) y tres argentinas.<\/p>\n<p align=\"justify\">El procedimiento fue ordenado por la Justicia que investigaba la fuerte presencia de inmigrantes en la zona. \u00abRealizamos dos allanamientos con orden del juez de Instrucci\u00f3n Leandro Mart\u00edn porque nos llamaba la atenci\u00f3n la presencia de extranjeras y pedimos en la Justicia la orden de allanamiento\u00bb, sintetiz\u00f3 el jefe de la Unidad Regional VIII de Polic\u00eda, Roberto Mangold.<\/p>\n<p align=\"justify\">Seg\u00fan precis\u00f3 el comisario, uno de los locales est\u00e1 ubicado sobre la ruta provincial 90 a unos kil\u00f3metros del centro de Melincu\u00e9, y el otro, en la zona urbana de la ciudad.<\/p>\n<p align=\"justify\">En total, encontraron 23 mujeres que ejerc\u00edan la prostituci\u00f3n. \u00abQuince de ellas eran paraguayas, cinco dominicanas y tres argentinas\u00bb, dijo Mangold, y agreg\u00f3 que \u00abla mayor\u00eda no ten\u00eda permiso para quedarse en el pa\u00eds\u00bb.<\/p>\n<p align=\"justify\">El operativo fue llevado adelante por personal policial, la Divisi\u00f3n Trata de Personas de Santa Fe, la Direcci\u00f3n Nacional de Migraciones y el Ministerio provincial de Trabajo sobre ambos comercios que cuentan con habilitaci\u00f3n municipal como bares nocturnos.<\/p>\n<p align=\"justify\">El juez Mart\u00edn explic\u00f3 que \u00ablo que se trata de investigar es si hay infracci\u00f3n a la ley de profilaxis antiven\u00e9rea, si hay infracciones al C\u00f3digo Penal por explotaci\u00f3n sexual o directamente el delito de trata. No nos olvidemos que muchas mujeres ten\u00edan problemas con la documentaci\u00f3n, y adem\u00e1s esos bares no funcionaban como tales, sino que eran lisa y llanamente cabar\u00e9s, como se pudo constatar\u00bb.<\/p>\n<p align=\"justify\">En efecto, en esos dos lugares se alteraron los objetivos por los cuales fueron habilitados, que es de funcionar como bares. \u00abClaramente no funcionaban as\u00ed y por eso se realiz\u00f3 el allanamiento que arroj\u00f3 resultado positivo y se procedi\u00f3 a la liberaci\u00f3n de las mujeres que estaban ejerciendo la prostituci\u00f3n\u00bb.<\/p>\n<p align=\"justify\">Ambos locales fueron clausurados preventivamente y sus regentes detenidos, aunque en principio no les corresponde penas de prisi\u00f3n habida cuenta de que, hasta el momento, s\u00f3lo se comprob\u00f3 que infringieron la ley de profilaxis antiven\u00e9rea; es decir, que en esos bares se ejerc\u00eda la prostituci\u00f3n.<\/p>\n<p align=\"justify\">La denuncia fue formulada por una mujer que cont\u00f3 en Fiscal\u00eda que hab\u00eda ciudadanas de su pa\u00eds que estaban ejerciendo la prostituci\u00f3n. \u00abAl enterarnos de esto lo que hicimos fue investigar donde funcionaban esos lugares y proceder a los allanamientos\u00bb, explic\u00f3 el juez Mart\u00edn.<\/p>\n<p align=\"justify\"><strong>Fuerte disminuci\u00f3n. <\/strong>A\u00f1os atr\u00e1s en el departamento General L\u00f3pez funcionaban varios cabar\u00e9s; b\u00e1sicamente en Venado Tuerto, donde hab\u00eda nueve. No obstante, en los \u00faltimos meses fueron clausur\u00e1ndose y otros cerrando. De hecho, en Venado s\u00f3lo queda uno. En los \u00faltimos a\u00f1os en Melincu\u00e9 se radicaron dos bares nocturnos; una cifra inusual por la poca cantidad de habitantes de esa localidad.<\/p>\n<p align=\"justify\">En Venado se produjo un operativo similar en diciembre del a\u00f1o pasado y culmin\u00f3 con el cierre del bar Star; uno de los m\u00e1s concurridos de la zona. Hasta el momento no reabri\u00f3 sus puertas y todo indica que no lo har\u00e1: el Concejo Deliberante tiene para su tratamiento un proyecto de ordenanza elevado por el Ejecutivo para que se prohiba el funcionamiento de este tipo de locales en la ciudad, y da un plazo de un a\u00f1o para cerrar a los que si funcionan que de hecho es s\u00f3lo uno.<\/p>\n<p>&nbsp;<br \/>\n&nbsp;<br \/>\nFuente: <a href=\"http:\/\/www.lacapital.com.ar\/la-region\/Melincue-allanan-burdeles-y-liberan-a-23-mujeres-20-de-ellas-extranjeras-20120707-0018.html\">La Capital<\/a><br \/>\n&nbsp;<br \/>\n&nbsp;<br \/>\n&nbsp;<br \/>\n&nbsp;<\/p>\n","protected":false},"excerpt":{"rendered":"<p>&nbsp; &nbsp; En su mayor\u00eda eran paraguayas y dominicanas, muchas sin permiso legal para residir en el pa\u00eds. Clausuraron dos locales en Melincu\u00e9. El operativo se hizo al detectarse muchas inmigrantes en el pueblo. Un operativo policial culmin\u00f3 con el allanamiento a dos locales nocturnos que funcionaban en \u00e9sta localidad y se liberaron a 23 [&hellip;]<\/p>\n","protected":false},"author":1,"featured_media":2389,"comment_status":"open","ping_status":"open","sticky":false,"template":"","format":"standard","meta":{"iawp_total_views":1,"footnotes":""},"categories":[4,21,15],"tags":[],"class_list":["post-2384","post","type-post","status-publish","format-standard","has-post-thumbnail","hentry","category-medios","category-noticias","category-trata-de-personas"],"nelio_content":{"autoShareEndMode":"never","automationSources":{"useCustomSentences":false,"customSentences":[]},"efiAlt":"","efiUrl":"","followers":[],"highlights":[],"isAutoShareEnabled":true,"networkImageIds":[],"permalinkQueryArgs":[],"series":[],"suggestedReferences":[]},"yoast_head":"<!-- This site is optimized with the Yoast SEO plugin v27.4 - https:\/\/yoast.com\/product\/yoast-seo-wordpress\/ -->\n<title>Allanan burdeles y liberan a 23 mujeres, 20 de ellas extranjeras - Diario Digital Femenino<\/title>\n<meta name=\"robots\" content=\"index, follow, max-snippet:-1, max-image-preview:large, max-video-preview:-1\" \/>\n<link rel=\"canonical\" href=\"https:\/\/diariofemenino.com.ar\/df\/allanan-burdeles-y-liberan-a-23-mujeres-20-de-ellas-extranjeras\/\" \/>\n<meta property=\"og:locale\" content=\"es_ES\" \/>\n<meta property=\"og:type\" content=\"article\" \/>\n<meta property=\"og:title\" content=\"Allanan burdeles y liberan a 23 mujeres, 20 de ellas extranjeras - Diario Digital Femenino\" \/>\n<meta property=\"og:description\" content=\"&nbsp; &nbsp; En su mayor\u00eda eran paraguayas y dominicanas, muchas sin permiso legal para residir en el pa\u00eds. Clausuraron dos locales en Melincu\u00e9. El operativo se hizo al detectarse muchas inmigrantes en el pueblo. Un operativo policial culmin\u00f3 con el allanamiento a dos locales nocturnos que funcionaban en \u00e9sta localidad y se liberaron a 23 [&hellip;]\" \/>\n<meta property=\"og:url\" content=\"https:\/\/diariofemenino.com.ar\/df\/allanan-burdeles-y-liberan-a-23-mujeres-20-de-ellas-extranjeras\/\" \/>\n<meta property=\"og:site_name\" content=\"Diario Digital Femenino\" \/>\n<meta property=\"article:publisher\" content=\"https:\/\/www.facebook.com\/DiarioDigitaFemenino\/\" \/>\n<meta property=\"article:published_time\" content=\"2012-07-07T13:10:02+00:00\" \/>\n<meta property=\"og:image\" content=\"https:\/\/diariofemenino.com.ar\/df\/wp-content\/uploads\/2016\/10\/logo-negro.png\" \/>\n\t<meta property=\"og:image:width\" content=\"855\" \/>\n\t<meta property=\"og:image:height\" content=\"319\" \/>\n\t<meta property=\"og:image:type\" content=\"image\/png\" \/>\n<meta name=\"author\" content=\"Admin\" \/>\n<meta name=\"twitter:card\" content=\"summary_large_image\" \/>\n<meta name=\"twitter:creator\" content=\"@DiarioFemenino1\" \/>\n<meta name=\"twitter:site\" content=\"@DiarioFemenino1\" \/>\n<meta name=\"twitter:label1\" content=\"Escrito por\" \/>\n\t<meta name=\"twitter:data1\" content=\"Admin\" \/>\n\t<meta name=\"twitter:label2\" content=\"Tiempo de lectura\" \/>\n\t<meta name=\"twitter:data2\" content=\"4 minutos\" \/>\n<script type=\"application\/ld+json\" class=\"yoast-schema-graph\">{\"@context\":\"https:\\\/\\\/schema.org\",\"@graph\":[{\"@type\":\"Article\",\"@id\":\"https:\\\/\\\/diariofemenino.com.ar\\\/df\\\/allanan-burdeles-y-liberan-a-23-mujeres-20-de-ellas-extranjeras\\\/#article\",\"isPartOf\":{\"@id\":\"https:\\\/\\\/diariofemenino.com.ar\\\/df\\\/allanan-burdeles-y-liberan-a-23-mujeres-20-de-ellas-extranjeras\\\/\"},\"author\":{\"name\":\"Admin\",\"@id\":\"https:\\\/\\\/diariofemenino.com.ar\\\/df\\\/#\\\/schema\\\/person\\\/38f54b3bfd13f561de2460ba95c169c6\"},\"headline\":\"Allanan burdeles y liberan a 23 mujeres, 20 de ellas extranjeras\",\"datePublished\":\"2012-07-07T13:10:02+00:00\",\"mainEntityOfPage\":{\"@id\":\"https:\\\/\\\/diariofemenino.com.ar\\\/df\\\/allanan-burdeles-y-liberan-a-23-mujeres-20-de-ellas-extranjeras\\\/\"},\"wordCount\":758,\"commentCount\":0,\"publisher\":{\"@id\":\"https:\\\/\\\/diariofemenino.com.ar\\\/df\\\/#organization\"},\"image\":{\"@id\":\"https:\\\/\\\/diariofemenino.com.ar\\\/df\\\/allanan-burdeles-y-liberan-a-23-mujeres-20-de-ellas-extranjeras\\\/#primaryimage\"},\"thumbnailUrl\":\"\",\"articleSection\":[\"Medios\",\"Noticias\",\"Trata de Pers.\"],\"inLanguage\":\"es\",\"potentialAction\":[{\"@type\":\"CommentAction\",\"name\":\"Comment\",\"target\":[\"https:\\\/\\\/diariofemenino.com.ar\\\/df\\\/allanan-burdeles-y-liberan-a-23-mujeres-20-de-ellas-extranjeras\\\/#respond\"]}]},{\"@type\":\"WebPage\",\"@id\":\"https:\\\/\\\/diariofemenino.com.ar\\\/df\\\/allanan-burdeles-y-liberan-a-23-mujeres-20-de-ellas-extranjeras\\\/\",\"url\":\"https:\\\/\\\/diariofemenino.com.ar\\\/df\\\/allanan-burdeles-y-liberan-a-23-mujeres-20-de-ellas-extranjeras\\\/\",\"name\":\"Allanan burdeles y liberan a 23 mujeres, 20 de ellas extranjeras - Diario Digital Femenino\",\"isPartOf\":{\"@id\":\"https:\\\/\\\/diariofemenino.com.ar\\\/df\\\/#website\"},\"primaryImageOfPage\":{\"@id\":\"https:\\\/\\\/diariofemenino.com.ar\\\/df\\\/allanan-burdeles-y-liberan-a-23-mujeres-20-de-ellas-extranjeras\\\/#primaryimage\"},\"image\":{\"@id\":\"https:\\\/\\\/diariofemenino.com.ar\\\/df\\\/allanan-burdeles-y-liberan-a-23-mujeres-20-de-ellas-extranjeras\\\/#primaryimage\"},\"thumbnailUrl\":\"\",\"datePublished\":\"2012-07-07T13:10:02+00:00\",\"breadcrumb\":{\"@id\":\"https:\\\/\\\/diariofemenino.com.ar\\\/df\\\/allanan-burdeles-y-liberan-a-23-mujeres-20-de-ellas-extranjeras\\\/#breadcrumb\"},\"inLanguage\":\"es\",\"potentialAction\":[{\"@type\":\"ReadAction\",\"target\":[\"https:\\\/\\\/diariofemenino.com.ar\\\/df\\\/allanan-burdeles-y-liberan-a-23-mujeres-20-de-ellas-extranjeras\\\/\"]}]},{\"@type\":\"ImageObject\",\"inLanguage\":\"es\",\"@id\":\"https:\\\/\\\/diariofemenino.com.ar\\\/df\\\/allanan-burdeles-y-liberan-a-23-mujeres-20-de-ellas-extranjeras\\\/#primaryimage\",\"url\":\"\",\"contentUrl\":\"\"},{\"@type\":\"BreadcrumbList\",\"@id\":\"https:\\\/\\\/diariofemenino.com.ar\\\/df\\\/allanan-burdeles-y-liberan-a-23-mujeres-20-de-ellas-extranjeras\\\/#breadcrumb\",\"itemListElement\":[{\"@type\":\"ListItem\",\"position\":1,\"name\":\"Portada\",\"item\":\"https:\\\/\\\/diariofemenino.com.ar\\\/df\\\/\"},{\"@type\":\"ListItem\",\"position\":2,\"name\":\"Allanan burdeles y liberan a 23 mujeres, 20 de ellas extranjeras\"}]},{\"@type\":\"WebSite\",\"@id\":\"https:\\\/\\\/diariofemenino.com.ar\\\/df\\\/#website\",\"url\":\"https:\\\/\\\/diariofemenino.com.ar\\\/df\\\/\",\"name\":\"Diario Digital Femenino\",\"description\":\"Cuesti\u00f3n de G\u00e9nero\",\"publisher\":{\"@id\":\"https:\\\/\\\/diariofemenino.com.ar\\\/df\\\/#organization\"},\"potentialAction\":[{\"@type\":\"SearchAction\",\"target\":{\"@type\":\"EntryPoint\",\"urlTemplate\":\"https:\\\/\\\/diariofemenino.com.ar\\\/df\\\/?s={search_term_string}\"},\"query-input\":{\"@type\":\"PropertyValueSpecification\",\"valueRequired\":true,\"valueName\":\"search_term_string\"}}],\"inLanguage\":\"es\"},{\"@type\":\"Organization\",\"@id\":\"https:\\\/\\\/diariofemenino.com.ar\\\/df\\\/#organization\",\"name\":\"Diario Femenino\",\"url\":\"https:\\\/\\\/diariofemenino.com.ar\\\/df\\\/\",\"logo\":{\"@type\":\"ImageObject\",\"inLanguage\":\"es\",\"@id\":\"https:\\\/\\\/diariofemenino.com.ar\\\/df\\\/#\\\/schema\\\/logo\\\/image\\\/\",\"url\":\"https:\\\/\\\/diariofemenino.com.ar\\\/df\\\/wp-content\\\/uploads\\\/2018\\\/10\\\/logo.png\",\"contentUrl\":\"https:\\\/\\\/diariofemenino.com.ar\\\/df\\\/wp-content\\\/uploads\\\/2018\\\/10\\\/logo.png\",\"width\":500,\"height\":92,\"caption\":\"Diario Femenino\"},\"image\":{\"@id\":\"https:\\\/\\\/diariofemenino.com.ar\\\/df\\\/#\\\/schema\\\/logo\\\/image\\\/\"},\"sameAs\":[\"https:\\\/\\\/www.facebook.com\\\/DiarioDigitaFemenino\\\/\",\"https:\\\/\\\/x.com\\\/DiarioFemenino1\"]},{\"@type\":\"Person\",\"@id\":\"https:\\\/\\\/diariofemenino.com.ar\\\/df\\\/#\\\/schema\\\/person\\\/38f54b3bfd13f561de2460ba95c169c6\",\"name\":\"Admin\",\"image\":{\"@type\":\"ImageObject\",\"inLanguage\":\"es\",\"@id\":\"https:\\\/\\\/diariofemenino.com.ar\\\/df\\\/wp-content\\\/uploads\\\/2018\\\/12\\\/favicon-150x150.jpg\",\"url\":\"https:\\\/\\\/diariofemenino.com.ar\\\/df\\\/wp-content\\\/uploads\\\/2018\\\/12\\\/favicon-150x150.jpg\",\"contentUrl\":\"https:\\\/\\\/diariofemenino.com.ar\\\/df\\\/wp-content\\\/uploads\\\/2018\\\/12\\\/favicon-150x150.jpg\",\"caption\":\"Admin\"},\"url\":\"https:\\\/\\\/diariofemenino.com.ar\\\/df\\\/author\\\/adm18df\\\/\"}]}<\/script>\n<!-- \/ Yoast SEO plugin. -->","yoast_head_json":{"title":"Allanan burdeles y liberan a 23 mujeres, 20 de ellas extranjeras - Diario Digital Femenino","robots":{"index":"index","follow":"follow","max-snippet":"max-snippet:-1","max-image-preview":"max-image-preview:large","max-video-preview":"max-video-preview:-1"},"canonical":"https:\/\/diariofemenino.com.ar\/df\/allanan-burdeles-y-liberan-a-23-mujeres-20-de-ellas-extranjeras\/","og_locale":"es_ES","og_type":"article","og_title":"Allanan burdeles y liberan a 23 mujeres, 20 de ellas extranjeras - Diario Digital Femenino","og_description":"&nbsp; &nbsp; En su mayor\u00eda eran paraguayas y dominicanas, muchas sin permiso legal para residir en el pa\u00eds. Clausuraron dos locales en Melincu\u00e9. El operativo se hizo al detectarse muchas inmigrantes en el pueblo. Un operativo policial culmin\u00f3 con el allanamiento a dos locales nocturnos que funcionaban en \u00e9sta localidad y se liberaron a 23 [&hellip;]","og_url":"https:\/\/diariofemenino.com.ar\/df\/allanan-burdeles-y-liberan-a-23-mujeres-20-de-ellas-extranjeras\/","og_site_name":"Diario Digital Femenino","article_publisher":"https:\/\/www.facebook.com\/DiarioDigitaFemenino\/","article_published_time":"2012-07-07T13:10:02+00:00","og_image":[{"width":855,"height":319,"url":"https:\/\/diariofemenino.com.ar\/df\/wp-content\/uploads\/2016\/10\/logo-negro.png","type":"image\/png"}],"author":"Admin","twitter_card":"summary_large_image","twitter_creator":"@DiarioFemenino1","twitter_site":"@DiarioFemenino1","twitter_misc":{"Escrito por":"Admin","Tiempo de lectura":"4 minutos"},"schema":{"@context":"https:\/\/schema.org","@graph":[{"@type":"Article","@id":"https:\/\/diariofemenino.com.ar\/df\/allanan-burdeles-y-liberan-a-23-mujeres-20-de-ellas-extranjeras\/#article","isPartOf":{"@id":"https:\/\/diariofemenino.com.ar\/df\/allanan-burdeles-y-liberan-a-23-mujeres-20-de-ellas-extranjeras\/"},"author":{"name":"Admin","@id":"https:\/\/diariofemenino.com.ar\/df\/#\/schema\/person\/38f54b3bfd13f561de2460ba95c169c6"},"headline":"Allanan burdeles y liberan a 23 mujeres, 20 de ellas extranjeras","datePublished":"2012-07-07T13:10:02+00:00","mainEntityOfPage":{"@id":"https:\/\/diariofemenino.com.ar\/df\/allanan-burdeles-y-liberan-a-23-mujeres-20-de-ellas-extranjeras\/"},"wordCount":758,"commentCount":0,"publisher":{"@id":"https:\/\/diariofemenino.com.ar\/df\/#organization"},"image":{"@id":"https:\/\/diariofemenino.com.ar\/df\/allanan-burdeles-y-liberan-a-23-mujeres-20-de-ellas-extranjeras\/#primaryimage"},"thumbnailUrl":"","articleSection":["Medios","Noticias","Trata de Pers."],"inLanguage":"es","potentialAction":[{"@type":"CommentAction","name":"Comment","target":["https:\/\/diariofemenino.com.ar\/df\/allanan-burdeles-y-liberan-a-23-mujeres-20-de-ellas-extranjeras\/#respond"]}]},{"@type":"WebPage","@id":"https:\/\/diariofemenino.com.ar\/df\/allanan-burdeles-y-liberan-a-23-mujeres-20-de-ellas-extranjeras\/","url":"https:\/\/diariofemenino.com.ar\/df\/allanan-burdeles-y-liberan-a-23-mujeres-20-de-ellas-extranjeras\/","name":"Allanan burdeles y liberan a 23 mujeres, 20 de ellas extranjeras - Diario Digital Femenino","isPartOf":{"@id":"https:\/\/diariofemenino.com.ar\/df\/#website"},"primaryImageOfPage":{"@id":"https:\/\/diariofemenino.com.ar\/df\/allanan-burdeles-y-liberan-a-23-mujeres-20-de-ellas-extranjeras\/#primaryimage"},"image":{"@id":"https:\/\/diariofemenino.com.ar\/df\/allanan-burdeles-y-liberan-a-23-mujeres-20-de-ellas-extranjeras\/#primaryimage"},"thumbnailUrl":"","datePublished":"2012-07-07T13:10:02+00:00","breadcrumb":{"@id":"https:\/\/diariofemenino.com.ar\/df\/allanan-burdeles-y-liberan-a-23-mujeres-20-de-ellas-extranjeras\/#breadcrumb"},"inLanguage":"es","potentialAction":[{"@type":"ReadAction","target":["https:\/\/diariofemenino.com.ar\/df\/allanan-burdeles-y-liberan-a-23-mujeres-20-de-ellas-extranjeras\/"]}]},{"@type":"ImageObject","inLanguage":"es","@id":"https:\/\/diariofemenino.com.ar\/df\/allanan-burdeles-y-liberan-a-23-mujeres-20-de-ellas-extranjeras\/#primaryimage","url":"","contentUrl":""},{"@type":"BreadcrumbList","@id":"https:\/\/diariofemenino.com.ar\/df\/allanan-burdeles-y-liberan-a-23-mujeres-20-de-ellas-extranjeras\/#breadcrumb","itemListElement":[{"@type":"ListItem","position":1,"name":"Portada","item":"https:\/\/diariofemenino.com.ar\/df\/"},{"@type":"ListItem","position":2,"name":"Allanan burdeles y liberan a 23 mujeres, 20 de ellas extranjeras"}]},{"@type":"WebSite","@id":"https:\/\/diariofemenino.com.ar\/df\/#website","url":"https:\/\/diariofemenino.com.ar\/df\/","name":"Diario Digital Femenino","description":"Cuesti\u00f3n de G\u00e9nero","publisher":{"@id":"https:\/\/diariofemenino.com.ar\/df\/#organization"},"potentialAction":[{"@type":"SearchAction","target":{"@type":"EntryPoint","urlTemplate":"https:\/\/diariofemenino.com.ar\/df\/?s={search_term_string}"},"query-input":{"@type":"PropertyValueSpecification","valueRequired":true,"valueName":"search_term_string"}}],"inLanguage":"es"},{"@type":"Organization","@id":"https:\/\/diariofemenino.com.ar\/df\/#organization","name":"Diario Femenino","url":"https:\/\/diariofemenino.com.ar\/df\/","logo":{"@type":"ImageObject","inLanguage":"es","@id":"https:\/\/diariofemenino.com.ar\/df\/#\/schema\/logo\/image\/","url":"https:\/\/diariofemenino.com.ar\/df\/wp-content\/uploads\/2018\/10\/logo.png","contentUrl":"https:\/\/diariofemenino.com.ar\/df\/wp-content\/uploads\/2018\/10\/logo.png","width":500,"height":92,"caption":"Diario Femenino"},"image":{"@id":"https:\/\/diariofemenino.com.ar\/df\/#\/schema\/logo\/image\/"},"sameAs":["https:\/\/www.facebook.com\/DiarioDigitaFemenino\/","https:\/\/x.com\/DiarioFemenino1"]},{"@type":"Person","@id":"https:\/\/diariofemenino.com.ar\/df\/#\/schema\/person\/38f54b3bfd13f561de2460ba95c169c6","name":"Admin","image":{"@type":"ImageObject","inLanguage":"es","@id":"https:\/\/diariofemenino.com.ar\/df\/wp-content\/uploads\/2018\/12\/favicon-150x150.jpg","url":"https:\/\/diariofemenino.com.ar\/df\/wp-content\/uploads\/2018\/12\/favicon-150x150.jpg","contentUrl":"https:\/\/diariofemenino.com.ar\/df\/wp-content\/uploads\/2018\/12\/favicon-150x150.jpg","caption":"Admin"},"url":"https:\/\/diariofemenino.com.ar\/df\/author\/adm18df\/"}]}},"jetpack_featured_media_url":"","jetpack_sharing_enabled":true,"rttpg_featured_image_url":null,"rttpg_author":{"display_name":"Admin","author_link":"https:\/\/diariofemenino.com.ar\/df\/author\/adm18df\/"},"rttpg_comment":0,"rttpg_category":"<a href=\"https:\/\/diariofemenino.com.ar\/df\/category\/medios\/\" rel=\"category tag\">Medios<\/a> <a href=\"https:\/\/diariofemenino.com.ar\/df\/category\/noticias\/\" rel=\"category tag\">Noticias<\/a> <a href=\"https:\/\/diariofemenino.com.ar\/df\/category\/trata-de-personas\/\" rel=\"category tag\">Trata de Pers.<\/a>","rttpg_excerpt":"&nbsp; &nbsp; En su mayor\u00eda eran paraguayas y dominicanas, muchas sin permiso legal para residir en el pa\u00eds. Clausuraron dos locales en Melincu\u00e9. El operativo se hizo al detectarse muchas inmigrantes en el pueblo. Un operativo policial culmin\u00f3 con el allanamiento a dos locales nocturnos que funcionaban en \u00e9sta localidad y se liberaron a 23&hellip;","_links":{"self":[{"href":"https:\/\/diariofemenino.com.ar\/df\/wp-json\/wp\/v2\/posts\/2384","targetHints":{"allow":["GET"]}}],"collection":[{"href":"https:\/\/diariofemenino.com.ar\/df\/wp-json\/wp\/v2\/posts"}],"about":[{"href":"https:\/\/diariofemenino.com.ar\/df\/wp-json\/wp\/v2\/types\/post"}],"author":[{"embeddable":true,"href":"https:\/\/diariofemenino.com.ar\/df\/wp-json\/wp\/v2\/users\/1"}],"replies":[{"embeddable":true,"href":"https:\/\/diariofemenino.com.ar\/df\/wp-json\/wp\/v2\/comments?post=2384"}],"version-history":[{"count":0,"href":"https:\/\/diariofemenino.com.ar\/df\/wp-json\/wp\/v2\/posts\/2384\/revisions"}],"wp:featuredmedia":[{"embeddable":true,"href":"https:\/\/diariofemenino.com.ar\/df\/wp-json\/"}],"wp:attachment":[{"href":"https:\/\/diariofemenino.com.ar\/df\/wp-json\/wp\/v2\/media?parent=2384"}],"wp:term":[{"taxonomy":"category","embeddable":true,"href":"https:\/\/diariofemenino.com.ar\/df\/wp-json\/wp\/v2\/categories?post=2384"},{"taxonomy":"post_tag","embeddable":true,"href":"https:\/\/diariofemenino.com.ar\/df\/wp-json\/wp\/v2\/tags?post=2384"}],"curies":[{"name":"wp","href":"https:\/\/api.w.org\/{rel}","templated":true}]}}