{"id":2372,"date":"2012-07-06T13:40:26","date_gmt":"2012-07-06T16:40:26","guid":{"rendered":"http:\/\/www.diariofemenino.com.ar\/?p=2372"},"modified":"2012-07-06T13:40:26","modified_gmt":"2012-07-06T16:40:26","slug":"trimarco-quiere-asistir-a-victimas-de-la-trata-en-cordoba","status":"publish","type":"post","link":"https:\/\/diariofemenino.com.ar\/df\/trimarco-quiere-asistir-a-victimas-de-la-trata-en-cordoba\/","title":{"rendered":"Trimarco quiere asistir a v\u00edctimas de la trata en C\u00f3rdoba"},"content":{"rendered":"<p>&nbsp;<br \/>\n&nbsp;<br \/>\n&nbsp;<br \/>\n<em>5 de julio. Se reuni\u00f3 esta tarde con De la Sota. Dijo que firmar\u00e1 un convenio para instalar una filial de la Fundaci\u00f3n Mar\u00eda de los \u00c1ngeles en C\u00f3rdoba.<\/em><br \/>\n<a href=\"http:\/\/www.diariofemenino.com.ar\/wp-content\/uploads\/trimarco-de-la-sota.jpg\"><img loading=\"lazy\" decoding=\"async\" class=\"alignnone size-full wp-image-2373\" title=\"trimarco-de-la-sota\" src=\"http:\/\/www.diariofemenino.com.ar\/wp-content\/uploads\/trimarco-de-la-sota.jpg\" alt=\"\" width=\"652\" height=\"366\" \/><\/a><br \/>\n&nbsp;<br \/>\n<a href=\"http:\/\/www.lavoz.com.ar\/temas\/susana-trimarco\" target=\"_blank\">Susana Trimarco<\/a>, la mam\u00e1 de la joven tucumana Mar\u00eda de los \u00c1ngeles Ver\u00f3n, desaparecida desde 2002, se reuni\u00f3 esta tarde con el gobernador Jos\u00e9 Manuel de la Sota para avanzar con la apertura de una filial en C\u00f3rdoba de la Fundaci\u00f3n Mar\u00eda de los \u00c1ngeles para colaborar en la contenci\u00f3n de las v\u00edctimas de la trata de personas rescatadas en esta provincia.<br \/>\nTras el encuentro, Trimarco dijo que firmar\u00e1 un convenio con la Provincia para instalar la Fundaci\u00f3n en C\u00f3rdoba para \u201ccolaborar con la provincia y trabajar en la lucha contra la trata\u201d.<br \/>\n\u201cYa que se sac\u00f3 esta ley por la que se est\u00e1n cerrando varios prost\u00edbulos, y detr\u00e1s de eso encontramos v\u00edctimas, con nuestra experiencia queremos ayudar a estas v\u00edctimas\u201d, dijo Trimarco.<\/p>\n<div>\u201cLas chicas necesitan acompa\u00f1amiento, contenci\u00f3n y mucha seguridad. Chicas que arrancan de una provincia y dejan su familia. El trabajo que hace la Fundaci\u00f3n es ese, saber d\u00f3nde viven, qui\u00e9n es su familia, ver en qu\u00e9 condiciones est\u00e1, si est\u00e1 en condiciones de recibir a su hija que es v\u00edctima, ver si esa familia necesita ayuda\u201d, puntualiz\u00f3.<\/div>\n<p>Trimarco dijo que le propuso a De la Sota hacer charlas de prevenci\u00f3n en colegios secundarios y \u00bb trabajar con las chicas que al cerrar los prost\u00edbulos quedan en la calle y no saben qu\u00e9 rumbo tomar ni d\u00f3nde trabajar\u00bb.<br \/>\n<strong>Sanci\u00f3n de la ley<\/strong>. Trimarco estuvo en C\u00f3rdoba en mayo pasado, cuando De la Sota present\u00f3 el programa provincial de lucha contra la trata de personas.<br \/>\nEn ese momento, la mujer elogi\u00f3 la ley cordobesa de lucha contra la trata, que proh\u00edbe el funcionamiento de cabarets y whisker\u00edas, y anunci\u00f3 la apertura en C\u00f3rdoba de una filial de la Fundaci\u00f3n que brinda asistencia social, econ\u00f3mica, psicol\u00f3gica y legal a las mujeres rescatadas de las redes de prostituci\u00f3n organizada (ver <a href=\"http:\/\/www.lavoz.com.ar\/ciudadanos\/trimarco-elogio-proyecto-contra-trata-personas\" target=\"_blank\">Trimarco elogi\u00f3 el proyecto contra la trata de personas<\/a>).<br \/>\n&nbsp;<br \/>\n&nbsp;<br \/>\nFuente: <a href=\"http:\/\/www.lavoz.com.ar\/ciudadanos\/trimarco-quiere-asistir-victimas-trata-cordoba\">La voz\u00a0ciudadana<\/a><br \/>\n&nbsp;<br \/>\n&nbsp;<\/p>\n","protected":false},"excerpt":{"rendered":"<p>&nbsp; &nbsp; &nbsp; 5 de julio. Se reuni\u00f3 esta tarde con De la Sota. Dijo que firmar\u00e1 un convenio para instalar una filial de la Fundaci\u00f3n Mar\u00eda de los \u00c1ngeles en C\u00f3rdoba. &nbsp; Susana Trimarco, la mam\u00e1 de la joven tucumana Mar\u00eda de los \u00c1ngeles Ver\u00f3n, desaparecida desde 2002, se reuni\u00f3 esta tarde con el [&hellip;]<\/p>\n","protected":false},"author":1,"featured_media":0,"comment_status":"open","ping_status":"open","sticky":false,"template":"","format":"standard","meta":{"iawp_total_views":1,"footnotes":""},"categories":[4,21,15],"tags":[],"class_list":["post-2372","post","type-post","status-publish","format-standard","hentry","category-medios","category-noticias","category-trata-de-personas"],"nelio_content":{"autoShareEndMode":"never","automationSources":{"useCustomSentences":false,"customSentences":[]},"efiAlt":"","efiUrl":"","followers":[],"highlights":[],"isAutoShareEnabled":true,"networkImageIds":[],"permalinkQueryArgs":[],"series":[],"suggestedReferences":[]},"yoast_head":"<!-- This site is optimized with the Yoast SEO plugin v27.4 - https:\/\/yoast.com\/product\/yoast-seo-wordpress\/ -->\n<title>Trimarco quiere asistir a v\u00edctimas de la trata en C\u00f3rdoba - Diario Digital Femenino<\/title>\n<meta name=\"robots\" content=\"index, follow, max-snippet:-1, max-image-preview:large, max-video-preview:-1\" \/>\n<link rel=\"canonical\" href=\"https:\/\/diariofemenino.com.ar\/df\/trimarco-quiere-asistir-a-victimas-de-la-trata-en-cordoba\/\" \/>\n<meta property=\"og:locale\" content=\"es_ES\" \/>\n<meta property=\"og:type\" content=\"article\" \/>\n<meta property=\"og:title\" content=\"Trimarco quiere asistir a v\u00edctimas de la trata en C\u00f3rdoba - Diario Digital Femenino\" \/>\n<meta property=\"og:description\" content=\"&nbsp; &nbsp; &nbsp; 5 de julio. Se reuni\u00f3 esta tarde con De la Sota. Dijo que firmar\u00e1 un convenio para instalar una filial de la Fundaci\u00f3n Mar\u00eda de los \u00c1ngeles en C\u00f3rdoba. &nbsp; Susana Trimarco, la mam\u00e1 de la joven tucumana Mar\u00eda de los \u00c1ngeles Ver\u00f3n, desaparecida desde 2002, se reuni\u00f3 esta tarde con el [&hellip;]\" \/>\n<meta property=\"og:url\" content=\"https:\/\/diariofemenino.com.ar\/df\/trimarco-quiere-asistir-a-victimas-de-la-trata-en-cordoba\/\" \/>\n<meta property=\"og:site_name\" content=\"Diario Digital Femenino\" \/>\n<meta property=\"article:publisher\" content=\"https:\/\/www.facebook.com\/DiarioDigitaFemenino\/\" \/>\n<meta property=\"article:published_time\" content=\"2012-07-06T16:40:26+00:00\" \/>\n<meta property=\"og:image\" content=\"http:\/\/www.diariofemenino.com.ar\/wp-content\/uploads\/trimarco-de-la-sota.jpg\" \/>\n<meta name=\"author\" content=\"Admin\" \/>\n<meta name=\"twitter:card\" content=\"summary_large_image\" \/>\n<meta name=\"twitter:creator\" content=\"@DiarioFemenino1\" \/>\n<meta name=\"twitter:site\" content=\"@DiarioFemenino1\" \/>\n<meta name=\"twitter:label1\" content=\"Escrito por\" \/>\n\t<meta name=\"twitter:data1\" content=\"Admin\" \/>\n\t<meta name=\"twitter:label2\" content=\"Tiempo de lectura\" \/>\n\t<meta name=\"twitter:data2\" content=\"2 minutos\" \/>\n<script type=\"application\/ld+json\" class=\"yoast-schema-graph\">{\"@context\":\"https:\\\/\\\/schema.org\",\"@graph\":[{\"@type\":\"Article\",\"@id\":\"https:\\\/\\\/diariofemenino.com.ar\\\/df\\\/trimarco-quiere-asistir-a-victimas-de-la-trata-en-cordoba\\\/#article\",\"isPartOf\":{\"@id\":\"https:\\\/\\\/diariofemenino.com.ar\\\/df\\\/trimarco-quiere-asistir-a-victimas-de-la-trata-en-cordoba\\\/\"},\"author\":{\"name\":\"Admin\",\"@id\":\"https:\\\/\\\/diariofemenino.com.ar\\\/df\\\/#\\\/schema\\\/person\\\/38f54b3bfd13f561de2460ba95c169c6\"},\"headline\":\"Trimarco quiere asistir a v\u00edctimas de la trata en C\u00f3rdoba\",\"datePublished\":\"2012-07-06T16:40:26+00:00\",\"mainEntityOfPage\":{\"@id\":\"https:\\\/\\\/diariofemenino.com.ar\\\/df\\\/trimarco-quiere-asistir-a-victimas-de-la-trata-en-cordoba\\\/\"},\"wordCount\":393,\"commentCount\":0,\"publisher\":{\"@id\":\"https:\\\/\\\/diariofemenino.com.ar\\\/df\\\/#organization\"},\"image\":{\"@id\":\"https:\\\/\\\/diariofemenino.com.ar\\\/df\\\/trimarco-quiere-asistir-a-victimas-de-la-trata-en-cordoba\\\/#primaryimage\"},\"thumbnailUrl\":\"http:\\\/\\\/www.diariofemenino.com.ar\\\/wp-content\\\/uploads\\\/trimarco-de-la-sota.jpg\",\"articleSection\":[\"Medios\",\"Noticias\",\"Trata de Pers.\"],\"inLanguage\":\"es\",\"potentialAction\":[{\"@type\":\"CommentAction\",\"name\":\"Comment\",\"target\":[\"https:\\\/\\\/diariofemenino.com.ar\\\/df\\\/trimarco-quiere-asistir-a-victimas-de-la-trata-en-cordoba\\\/#respond\"]}]},{\"@type\":\"WebPage\",\"@id\":\"https:\\\/\\\/diariofemenino.com.ar\\\/df\\\/trimarco-quiere-asistir-a-victimas-de-la-trata-en-cordoba\\\/\",\"url\":\"https:\\\/\\\/diariofemenino.com.ar\\\/df\\\/trimarco-quiere-asistir-a-victimas-de-la-trata-en-cordoba\\\/\",\"name\":\"Trimarco quiere asistir a v\u00edctimas de la trata en C\u00f3rdoba - Diario Digital Femenino\",\"isPartOf\":{\"@id\":\"https:\\\/\\\/diariofemenino.com.ar\\\/df\\\/#website\"},\"primaryImageOfPage\":{\"@id\":\"https:\\\/\\\/diariofemenino.com.ar\\\/df\\\/trimarco-quiere-asistir-a-victimas-de-la-trata-en-cordoba\\\/#primaryimage\"},\"image\":{\"@id\":\"https:\\\/\\\/diariofemenino.com.ar\\\/df\\\/trimarco-quiere-asistir-a-victimas-de-la-trata-en-cordoba\\\/#primaryimage\"},\"thumbnailUrl\":\"http:\\\/\\\/www.diariofemenino.com.ar\\\/wp-content\\\/uploads\\\/trimarco-de-la-sota.jpg\",\"datePublished\":\"2012-07-06T16:40:26+00:00\",\"breadcrumb\":{\"@id\":\"https:\\\/\\\/diariofemenino.com.ar\\\/df\\\/trimarco-quiere-asistir-a-victimas-de-la-trata-en-cordoba\\\/#breadcrumb\"},\"inLanguage\":\"es\",\"potentialAction\":[{\"@type\":\"ReadAction\",\"target\":[\"https:\\\/\\\/diariofemenino.com.ar\\\/df\\\/trimarco-quiere-asistir-a-victimas-de-la-trata-en-cordoba\\\/\"]}]},{\"@type\":\"ImageObject\",\"inLanguage\":\"es\",\"@id\":\"https:\\\/\\\/diariofemenino.com.ar\\\/df\\\/trimarco-quiere-asistir-a-victimas-de-la-trata-en-cordoba\\\/#primaryimage\",\"url\":\"http:\\\/\\\/www.diariofemenino.com.ar\\\/wp-content\\\/uploads\\\/trimarco-de-la-sota.jpg\",\"contentUrl\":\"http:\\\/\\\/www.diariofemenino.com.ar\\\/wp-content\\\/uploads\\\/trimarco-de-la-sota.jpg\"},{\"@type\":\"BreadcrumbList\",\"@id\":\"https:\\\/\\\/diariofemenino.com.ar\\\/df\\\/trimarco-quiere-asistir-a-victimas-de-la-trata-en-cordoba\\\/#breadcrumb\",\"itemListElement\":[{\"@type\":\"ListItem\",\"position\":1,\"name\":\"Portada\",\"item\":\"https:\\\/\\\/diariofemenino.com.ar\\\/df\\\/\"},{\"@type\":\"ListItem\",\"position\":2,\"name\":\"Trimarco quiere asistir a v\u00edctimas de la trata en C\u00f3rdoba\"}]},{\"@type\":\"WebSite\",\"@id\":\"https:\\\/\\\/diariofemenino.com.ar\\\/df\\\/#website\",\"url\":\"https:\\\/\\\/diariofemenino.com.ar\\\/df\\\/\",\"name\":\"Diario Digital Femenino\",\"description\":\"Cuesti\u00f3n de G\u00e9nero\",\"publisher\":{\"@id\":\"https:\\\/\\\/diariofemenino.com.ar\\\/df\\\/#organization\"},\"potentialAction\":[{\"@type\":\"SearchAction\",\"target\":{\"@type\":\"EntryPoint\",\"urlTemplate\":\"https:\\\/\\\/diariofemenino.com.ar\\\/df\\\/?s={search_term_string}\"},\"query-input\":{\"@type\":\"PropertyValueSpecification\",\"valueRequired\":true,\"valueName\":\"search_term_string\"}}],\"inLanguage\":\"es\"},{\"@type\":\"Organization\",\"@id\":\"https:\\\/\\\/diariofemenino.com.ar\\\/df\\\/#organization\",\"name\":\"Diario Femenino\",\"url\":\"https:\\\/\\\/diariofemenino.com.ar\\\/df\\\/\",\"logo\":{\"@type\":\"ImageObject\",\"inLanguage\":\"es\",\"@id\":\"https:\\\/\\\/diariofemenino.com.ar\\\/df\\\/#\\\/schema\\\/logo\\\/image\\\/\",\"url\":\"https:\\\/\\\/diariofemenino.com.ar\\\/df\\\/wp-content\\\/uploads\\\/2018\\\/10\\\/logo.png\",\"contentUrl\":\"https:\\\/\\\/diariofemenino.com.ar\\\/df\\\/wp-content\\\/uploads\\\/2018\\\/10\\\/logo.png\",\"width\":500,\"height\":92,\"caption\":\"Diario Femenino\"},\"image\":{\"@id\":\"https:\\\/\\\/diariofemenino.com.ar\\\/df\\\/#\\\/schema\\\/logo\\\/image\\\/\"},\"sameAs\":[\"https:\\\/\\\/www.facebook.com\\\/DiarioDigitaFemenino\\\/\",\"https:\\\/\\\/x.com\\\/DiarioFemenino1\"]},{\"@type\":\"Person\",\"@id\":\"https:\\\/\\\/diariofemenino.com.ar\\\/df\\\/#\\\/schema\\\/person\\\/38f54b3bfd13f561de2460ba95c169c6\",\"name\":\"Admin\",\"image\":{\"@type\":\"ImageObject\",\"inLanguage\":\"es\",\"@id\":\"https:\\\/\\\/diariofemenino.com.ar\\\/df\\\/wp-content\\\/uploads\\\/2018\\\/12\\\/favicon-150x150.jpg\",\"url\":\"https:\\\/\\\/diariofemenino.com.ar\\\/df\\\/wp-content\\\/uploads\\\/2018\\\/12\\\/favicon-150x150.jpg\",\"contentUrl\":\"https:\\\/\\\/diariofemenino.com.ar\\\/df\\\/wp-content\\\/uploads\\\/2018\\\/12\\\/favicon-150x150.jpg\",\"caption\":\"Admin\"},\"url\":\"https:\\\/\\\/diariofemenino.com.ar\\\/df\\\/author\\\/adm18df\\\/\"}]}<\/script>\n<!-- \/ Yoast SEO plugin. -->","yoast_head_json":{"title":"Trimarco quiere asistir a v\u00edctimas de la trata en C\u00f3rdoba - Diario Digital Femenino","robots":{"index":"index","follow":"follow","max-snippet":"max-snippet:-1","max-image-preview":"max-image-preview:large","max-video-preview":"max-video-preview:-1"},"canonical":"https:\/\/diariofemenino.com.ar\/df\/trimarco-quiere-asistir-a-victimas-de-la-trata-en-cordoba\/","og_locale":"es_ES","og_type":"article","og_title":"Trimarco quiere asistir a v\u00edctimas de la trata en C\u00f3rdoba - Diario Digital Femenino","og_description":"&nbsp; &nbsp; &nbsp; 5 de julio. Se reuni\u00f3 esta tarde con De la Sota. Dijo que firmar\u00e1 un convenio para instalar una filial de la Fundaci\u00f3n Mar\u00eda de los \u00c1ngeles en C\u00f3rdoba. &nbsp; Susana Trimarco, la mam\u00e1 de la joven tucumana Mar\u00eda de los \u00c1ngeles Ver\u00f3n, desaparecida desde 2002, se reuni\u00f3 esta tarde con el [&hellip;]","og_url":"https:\/\/diariofemenino.com.ar\/df\/trimarco-quiere-asistir-a-victimas-de-la-trata-en-cordoba\/","og_site_name":"Diario Digital Femenino","article_publisher":"https:\/\/www.facebook.com\/DiarioDigitaFemenino\/","article_published_time":"2012-07-06T16:40:26+00:00","og_image":[{"url":"http:\/\/www.diariofemenino.com.ar\/wp-content\/uploads\/trimarco-de-la-sota.jpg","type":"","width":"","height":""}],"author":"Admin","twitter_card":"summary_large_image","twitter_creator":"@DiarioFemenino1","twitter_site":"@DiarioFemenino1","twitter_misc":{"Escrito por":"Admin","Tiempo de lectura":"2 minutos"},"schema":{"@context":"https:\/\/schema.org","@graph":[{"@type":"Article","@id":"https:\/\/diariofemenino.com.ar\/df\/trimarco-quiere-asistir-a-victimas-de-la-trata-en-cordoba\/#article","isPartOf":{"@id":"https:\/\/diariofemenino.com.ar\/df\/trimarco-quiere-asistir-a-victimas-de-la-trata-en-cordoba\/"},"author":{"name":"Admin","@id":"https:\/\/diariofemenino.com.ar\/df\/#\/schema\/person\/38f54b3bfd13f561de2460ba95c169c6"},"headline":"Trimarco quiere asistir a v\u00edctimas de la trata en C\u00f3rdoba","datePublished":"2012-07-06T16:40:26+00:00","mainEntityOfPage":{"@id":"https:\/\/diariofemenino.com.ar\/df\/trimarco-quiere-asistir-a-victimas-de-la-trata-en-cordoba\/"},"wordCount":393,"commentCount":0,"publisher":{"@id":"https:\/\/diariofemenino.com.ar\/df\/#organization"},"image":{"@id":"https:\/\/diariofemenino.com.ar\/df\/trimarco-quiere-asistir-a-victimas-de-la-trata-en-cordoba\/#primaryimage"},"thumbnailUrl":"http:\/\/www.diariofemenino.com.ar\/wp-content\/uploads\/trimarco-de-la-sota.jpg","articleSection":["Medios","Noticias","Trata de Pers."],"inLanguage":"es","potentialAction":[{"@type":"CommentAction","name":"Comment","target":["https:\/\/diariofemenino.com.ar\/df\/trimarco-quiere-asistir-a-victimas-de-la-trata-en-cordoba\/#respond"]}]},{"@type":"WebPage","@id":"https:\/\/diariofemenino.com.ar\/df\/trimarco-quiere-asistir-a-victimas-de-la-trata-en-cordoba\/","url":"https:\/\/diariofemenino.com.ar\/df\/trimarco-quiere-asistir-a-victimas-de-la-trata-en-cordoba\/","name":"Trimarco quiere asistir a v\u00edctimas de la trata en C\u00f3rdoba - Diario Digital Femenino","isPartOf":{"@id":"https:\/\/diariofemenino.com.ar\/df\/#website"},"primaryImageOfPage":{"@id":"https:\/\/diariofemenino.com.ar\/df\/trimarco-quiere-asistir-a-victimas-de-la-trata-en-cordoba\/#primaryimage"},"image":{"@id":"https:\/\/diariofemenino.com.ar\/df\/trimarco-quiere-asistir-a-victimas-de-la-trata-en-cordoba\/#primaryimage"},"thumbnailUrl":"http:\/\/www.diariofemenino.com.ar\/wp-content\/uploads\/trimarco-de-la-sota.jpg","datePublished":"2012-07-06T16:40:26+00:00","breadcrumb":{"@id":"https:\/\/diariofemenino.com.ar\/df\/trimarco-quiere-asistir-a-victimas-de-la-trata-en-cordoba\/#breadcrumb"},"inLanguage":"es","potentialAction":[{"@type":"ReadAction","target":["https:\/\/diariofemenino.com.ar\/df\/trimarco-quiere-asistir-a-victimas-de-la-trata-en-cordoba\/"]}]},{"@type":"ImageObject","inLanguage":"es","@id":"https:\/\/diariofemenino.com.ar\/df\/trimarco-quiere-asistir-a-victimas-de-la-trata-en-cordoba\/#primaryimage","url":"http:\/\/www.diariofemenino.com.ar\/wp-content\/uploads\/trimarco-de-la-sota.jpg","contentUrl":"http:\/\/www.diariofemenino.com.ar\/wp-content\/uploads\/trimarco-de-la-sota.jpg"},{"@type":"BreadcrumbList","@id":"https:\/\/diariofemenino.com.ar\/df\/trimarco-quiere-asistir-a-victimas-de-la-trata-en-cordoba\/#breadcrumb","itemListElement":[{"@type":"ListItem","position":1,"name":"Portada","item":"https:\/\/diariofemenino.com.ar\/df\/"},{"@type":"ListItem","position":2,"name":"Trimarco quiere asistir a v\u00edctimas de la trata en C\u00f3rdoba"}]},{"@type":"WebSite","@id":"https:\/\/diariofemenino.com.ar\/df\/#website","url":"https:\/\/diariofemenino.com.ar\/df\/","name":"Diario Digital Femenino","description":"Cuesti\u00f3n de G\u00e9nero","publisher":{"@id":"https:\/\/diariofemenino.com.ar\/df\/#organization"},"potentialAction":[{"@type":"SearchAction","target":{"@type":"EntryPoint","urlTemplate":"https:\/\/diariofemenino.com.ar\/df\/?s={search_term_string}"},"query-input":{"@type":"PropertyValueSpecification","valueRequired":true,"valueName":"search_term_string"}}],"inLanguage":"es"},{"@type":"Organization","@id":"https:\/\/diariofemenino.com.ar\/df\/#organization","name":"Diario Femenino","url":"https:\/\/diariofemenino.com.ar\/df\/","logo":{"@type":"ImageObject","inLanguage":"es","@id":"https:\/\/diariofemenino.com.ar\/df\/#\/schema\/logo\/image\/","url":"https:\/\/diariofemenino.com.ar\/df\/wp-content\/uploads\/2018\/10\/logo.png","contentUrl":"https:\/\/diariofemenino.com.ar\/df\/wp-content\/uploads\/2018\/10\/logo.png","width":500,"height":92,"caption":"Diario Femenino"},"image":{"@id":"https:\/\/diariofemenino.com.ar\/df\/#\/schema\/logo\/image\/"},"sameAs":["https:\/\/www.facebook.com\/DiarioDigitaFemenino\/","https:\/\/x.com\/DiarioFemenino1"]},{"@type":"Person","@id":"https:\/\/diariofemenino.com.ar\/df\/#\/schema\/person\/38f54b3bfd13f561de2460ba95c169c6","name":"Admin","image":{"@type":"ImageObject","inLanguage":"es","@id":"https:\/\/diariofemenino.com.ar\/df\/wp-content\/uploads\/2018\/12\/favicon-150x150.jpg","url":"https:\/\/diariofemenino.com.ar\/df\/wp-content\/uploads\/2018\/12\/favicon-150x150.jpg","contentUrl":"https:\/\/diariofemenino.com.ar\/df\/wp-content\/uploads\/2018\/12\/favicon-150x150.jpg","caption":"Admin"},"url":"https:\/\/diariofemenino.com.ar\/df\/author\/adm18df\/"}]}},"jetpack_featured_media_url":"","jetpack_sharing_enabled":true,"rttpg_featured_image_url":null,"rttpg_author":{"display_name":"Admin","author_link":"https:\/\/diariofemenino.com.ar\/df\/author\/adm18df\/"},"rttpg_comment":0,"rttpg_category":"<a href=\"https:\/\/diariofemenino.com.ar\/df\/category\/medios\/\" rel=\"category tag\">Medios<\/a> <a href=\"https:\/\/diariofemenino.com.ar\/df\/category\/noticias\/\" rel=\"category tag\">Noticias<\/a> <a href=\"https:\/\/diariofemenino.com.ar\/df\/category\/trata-de-personas\/\" rel=\"category tag\">Trata de Pers.<\/a>","rttpg_excerpt":"&nbsp; &nbsp; &nbsp; 5 de julio. Se reuni\u00f3 esta tarde con De la Sota. Dijo que firmar\u00e1 un convenio para instalar una filial de la Fundaci\u00f3n Mar\u00eda de los \u00c1ngeles en C\u00f3rdoba. &nbsp; Susana Trimarco, la mam\u00e1 de la joven tucumana Mar\u00eda de los \u00c1ngeles Ver\u00f3n, desaparecida desde 2002, se reuni\u00f3 esta tarde con el&hellip;","_links":{"self":[{"href":"https:\/\/diariofemenino.com.ar\/df\/wp-json\/wp\/v2\/posts\/2372","targetHints":{"allow":["GET"]}}],"collection":[{"href":"https:\/\/diariofemenino.com.ar\/df\/wp-json\/wp\/v2\/posts"}],"about":[{"href":"https:\/\/diariofemenino.com.ar\/df\/wp-json\/wp\/v2\/types\/post"}],"author":[{"embeddable":true,"href":"https:\/\/diariofemenino.com.ar\/df\/wp-json\/wp\/v2\/users\/1"}],"replies":[{"embeddable":true,"href":"https:\/\/diariofemenino.com.ar\/df\/wp-json\/wp\/v2\/comments?post=2372"}],"version-history":[{"count":0,"href":"https:\/\/diariofemenino.com.ar\/df\/wp-json\/wp\/v2\/posts\/2372\/revisions"}],"wp:attachment":[{"href":"https:\/\/diariofemenino.com.ar\/df\/wp-json\/wp\/v2\/media?parent=2372"}],"wp:term":[{"taxonomy":"category","embeddable":true,"href":"https:\/\/diariofemenino.com.ar\/df\/wp-json\/wp\/v2\/categories?post=2372"},{"taxonomy":"post_tag","embeddable":true,"href":"https:\/\/diariofemenino.com.ar\/df\/wp-json\/wp\/v2\/tags?post=2372"}],"curies":[{"name":"wp","href":"https:\/\/api.w.org\/{rel}","templated":true}]}}