{"id":2364,"date":"2012-07-06T01:28:24","date_gmt":"2012-07-06T04:28:24","guid":{"rendered":"http:\/\/www.diariofemenino.com.ar\/?p=2364"},"modified":"2012-07-06T01:28:24","modified_gmt":"2012-07-06T04:28:24","slug":"instituto-de-la-mujer-repartira-22-millones-de-euros-entre-ong","status":"publish","type":"post","link":"https:\/\/diariofemenino.com.ar\/df\/instituto-de-la-mujer-repartira-22-millones-de-euros-entre-ong\/","title":{"rendered":"Instituto de la Mujer repartir\u00e1 2,2 millones de euros entre ONG"},"content":{"rendered":"<p>&nbsp;<br \/>\n&nbsp;<br \/>\n&nbsp;<br \/>\nMadrid, Espa\u00f1a. 5 de julio.<br \/>\n<em>El Instituto de la Mujer, dependiente del Ministerio de Sanidad, Pol\u00edtica Social e Igualdad, repartir\u00e1 2,2 millones de euros entre las ONG de \u00e1mbito estatal para la realizaci\u00f3n de programas y actividades que luchen contra la violencia de g\u00e9nero y por la igualdad as\u00ed como para potenciar el desarrollo del tejido asociativo de mujeres y su participaci\u00f3n en todos los \u00e1mbitos de la sociedad<\/em>.<br \/>\n<a href=\"http:\/\/www.diariofemenino.com.ar\/wp-content\/uploads\/fotonoticia_20120705125700_500.jpg\"><img loading=\"lazy\" decoding=\"async\" class=\"alignnone size-full wp-image-2365\" title=\"fotonoticia_20120705125700_500\" src=\"http:\/\/www.diariofemenino.com.ar\/wp-content\/uploads\/fotonoticia_20120705125700_500.jpg\" alt=\"\" width=\"500\" height=\"298\" \/><\/a><br \/>\nAs\u00ed, el Instituto de la Mujer, que ha publicado este jueves en el BOE su convocatoria de subvenciones para el a\u00f1o 2012, priorizar\u00e1 programas y actividades dirigidos a prevenir y erradicar todo tipo de violencia contra las mujeres; a fomentar la empleabilidad, la calidad en el empleo y la igualdad salarial; a incentivar el equilibrio entre vida familiar y laboral; a promover la inserci\u00f3n social de las mujeres en situaci\u00f3n de especial vulnerabilidad y a potenciar el reconocimiento y la visibilizaci\u00f3n de las aportaciones de las mujeres que habitan y trabajan en el medio rural, entre otros.<br \/>\nLas entidades y organizaciones no gubernamentales interesadas en concurrir a esta convocatoria deber\u00e1n ser de \u00e1mbito estatal, carecer de fines lucrativos e incluir entre sus objetivos estatutarios el fomento de la igualdad de oportunidades entre mujeres y hombres, en el supuesto de que se trate de entidades u organizaciones no gubernamentales que no sean espec\u00edficamente de mujeres.<br \/>\nLa solicitud deber\u00e1 acompa\u00f1arse de una memoria explicativa de las principales caracter\u00edsticas de la entidad solicitante y de cada uno de los programas para los que se solicita subvenci\u00f3n. El plazo de presentaci\u00f3n de solicitudes finalizar\u00e1 el pr\u00f3ximo 24 de julio de 2012.<br \/>\n&nbsp;<br \/>\n&nbsp;<br \/>\nFuente: <a href=\"http:\/\/www.europapress.es\/epsocial\/ong-y-asociaciones\/noticia-instituto-mujer-repartira-22-millones-euros-ong-luchar-contra-violencia-genero-igualdad-20120705125700.html\">Europapress<\/a><br \/>\n&nbsp;<br \/>\n&nbsp;<\/p>\n","protected":false},"excerpt":{"rendered":"<p>&nbsp; &nbsp; &nbsp; Madrid, Espa\u00f1a. 5 de julio. El Instituto de la Mujer, dependiente del Ministerio de Sanidad, Pol\u00edtica Social e Igualdad, repartir\u00e1 2,2 millones de euros entre las ONG de \u00e1mbito estatal para la realizaci\u00f3n de programas y actividades que luchen contra la violencia de g\u00e9nero y por la igualdad as\u00ed como para potenciar [&hellip;]<\/p>\n","protected":false},"author":1,"featured_media":0,"comment_status":"open","ping_status":"open","sticky":false,"template":"","format":"standard","meta":{"iawp_total_views":2,"footnotes":""},"categories":[4],"tags":[],"class_list":["post-2364","post","type-post","status-publish","format-standard","hentry","category-medios"],"nelio_content":{"autoShareEndMode":"never","automationSources":{"useCustomSentences":false,"customSentences":[]},"efiAlt":"","efiUrl":"","followers":[],"highlights":[],"isAutoShareEnabled":true,"networkImageIds":[],"permalinkQueryArgs":[],"series":[],"suggestedReferences":[]},"yoast_head":"<!-- This site is optimized with the Yoast SEO plugin v27.5 - https:\/\/yoast.com\/product\/yoast-seo-wordpress\/ -->\n<title>Instituto de la Mujer repartir\u00e1 2,2 millones de euros entre ONG - Diario Digital Femenino<\/title>\n<meta name=\"robots\" content=\"index, follow, max-snippet:-1, max-image-preview:large, max-video-preview:-1\" \/>\n<link rel=\"canonical\" href=\"https:\/\/diariofemenino.com.ar\/df\/instituto-de-la-mujer-repartira-22-millones-de-euros-entre-ong\/\" \/>\n<meta property=\"og:locale\" content=\"es_ES\" \/>\n<meta property=\"og:type\" content=\"article\" \/>\n<meta property=\"og:title\" content=\"Instituto de la Mujer repartir\u00e1 2,2 millones de euros entre ONG - Diario Digital Femenino\" \/>\n<meta property=\"og:description\" content=\"&nbsp; &nbsp; &nbsp; Madrid, Espa\u00f1a. 5 de julio. El Instituto de la Mujer, dependiente del Ministerio de Sanidad, Pol\u00edtica Social e Igualdad, repartir\u00e1 2,2 millones de euros entre las ONG de \u00e1mbito estatal para la realizaci\u00f3n de programas y actividades que luchen contra la violencia de g\u00e9nero y por la igualdad as\u00ed como para potenciar [&hellip;]\" \/>\n<meta property=\"og:url\" content=\"https:\/\/diariofemenino.com.ar\/df\/instituto-de-la-mujer-repartira-22-millones-de-euros-entre-ong\/\" \/>\n<meta property=\"og:site_name\" content=\"Diario Digital Femenino\" \/>\n<meta property=\"article:publisher\" content=\"https:\/\/www.facebook.com\/DiarioDigitaFemenino\/\" \/>\n<meta property=\"article:published_time\" content=\"2012-07-06T04:28:24+00:00\" \/>\n<meta property=\"og:image\" content=\"http:\/\/www.diariofemenino.com.ar\/wp-content\/uploads\/fotonoticia_20120705125700_500.jpg\" \/>\n<meta name=\"author\" content=\"Admin\" \/>\n<meta name=\"twitter:card\" content=\"summary_large_image\" \/>\n<meta name=\"twitter:creator\" content=\"@DiarioFemenino1\" \/>\n<meta name=\"twitter:site\" content=\"@DiarioFemenino1\" \/>\n<meta name=\"twitter:label1\" content=\"Escrito por\" \/>\n\t<meta name=\"twitter:data1\" content=\"Admin\" \/>\n\t<meta name=\"twitter:label2\" content=\"Tiempo de lectura\" \/>\n\t<meta name=\"twitter:data2\" content=\"1 minuto\" \/>\n<script type=\"application\/ld+json\" class=\"yoast-schema-graph\">{\"@context\":\"https:\\\/\\\/schema.org\",\"@graph\":[{\"@type\":\"Article\",\"@id\":\"https:\\\/\\\/diariofemenino.com.ar\\\/df\\\/instituto-de-la-mujer-repartira-22-millones-de-euros-entre-ong\\\/#article\",\"isPartOf\":{\"@id\":\"https:\\\/\\\/diariofemenino.com.ar\\\/df\\\/instituto-de-la-mujer-repartira-22-millones-de-euros-entre-ong\\\/\"},\"author\":{\"name\":\"Admin\",\"@id\":\"https:\\\/\\\/diariofemenino.com.ar\\\/df\\\/#\\\/schema\\\/person\\\/38f54b3bfd13f561de2460ba95c169c6\"},\"headline\":\"Instituto de la Mujer repartir\u00e1 2,2 millones de euros entre ONG\",\"datePublished\":\"2012-07-06T04:28:24+00:00\",\"mainEntityOfPage\":{\"@id\":\"https:\\\/\\\/diariofemenino.com.ar\\\/df\\\/instituto-de-la-mujer-repartira-22-millones-de-euros-entre-ong\\\/\"},\"wordCount\":296,\"commentCount\":0,\"publisher\":{\"@id\":\"https:\\\/\\\/diariofemenino.com.ar\\\/df\\\/#organization\"},\"image\":{\"@id\":\"https:\\\/\\\/diariofemenino.com.ar\\\/df\\\/instituto-de-la-mujer-repartira-22-millones-de-euros-entre-ong\\\/#primaryimage\"},\"thumbnailUrl\":\"http:\\\/\\\/www.diariofemenino.com.ar\\\/wp-content\\\/uploads\\\/fotonoticia_20120705125700_500.jpg\",\"articleSection\":[\"Medios\"],\"inLanguage\":\"es\",\"potentialAction\":[{\"@type\":\"CommentAction\",\"name\":\"Comment\",\"target\":[\"https:\\\/\\\/diariofemenino.com.ar\\\/df\\\/instituto-de-la-mujer-repartira-22-millones-de-euros-entre-ong\\\/#respond\"]}]},{\"@type\":\"WebPage\",\"@id\":\"https:\\\/\\\/diariofemenino.com.ar\\\/df\\\/instituto-de-la-mujer-repartira-22-millones-de-euros-entre-ong\\\/\",\"url\":\"https:\\\/\\\/diariofemenino.com.ar\\\/df\\\/instituto-de-la-mujer-repartira-22-millones-de-euros-entre-ong\\\/\",\"name\":\"Instituto de la Mujer repartir\u00e1 2,2 millones de euros entre ONG - Diario Digital Femenino\",\"isPartOf\":{\"@id\":\"https:\\\/\\\/diariofemenino.com.ar\\\/df\\\/#website\"},\"primaryImageOfPage\":{\"@id\":\"https:\\\/\\\/diariofemenino.com.ar\\\/df\\\/instituto-de-la-mujer-repartira-22-millones-de-euros-entre-ong\\\/#primaryimage\"},\"image\":{\"@id\":\"https:\\\/\\\/diariofemenino.com.ar\\\/df\\\/instituto-de-la-mujer-repartira-22-millones-de-euros-entre-ong\\\/#primaryimage\"},\"thumbnailUrl\":\"http:\\\/\\\/www.diariofemenino.com.ar\\\/wp-content\\\/uploads\\\/fotonoticia_20120705125700_500.jpg\",\"datePublished\":\"2012-07-06T04:28:24+00:00\",\"breadcrumb\":{\"@id\":\"https:\\\/\\\/diariofemenino.com.ar\\\/df\\\/instituto-de-la-mujer-repartira-22-millones-de-euros-entre-ong\\\/#breadcrumb\"},\"inLanguage\":\"es\",\"potentialAction\":[{\"@type\":\"ReadAction\",\"target\":[\"https:\\\/\\\/diariofemenino.com.ar\\\/df\\\/instituto-de-la-mujer-repartira-22-millones-de-euros-entre-ong\\\/\"]}]},{\"@type\":\"ImageObject\",\"inLanguage\":\"es\",\"@id\":\"https:\\\/\\\/diariofemenino.com.ar\\\/df\\\/instituto-de-la-mujer-repartira-22-millones-de-euros-entre-ong\\\/#primaryimage\",\"url\":\"http:\\\/\\\/www.diariofemenino.com.ar\\\/wp-content\\\/uploads\\\/fotonoticia_20120705125700_500.jpg\",\"contentUrl\":\"http:\\\/\\\/www.diariofemenino.com.ar\\\/wp-content\\\/uploads\\\/fotonoticia_20120705125700_500.jpg\"},{\"@type\":\"BreadcrumbList\",\"@id\":\"https:\\\/\\\/diariofemenino.com.ar\\\/df\\\/instituto-de-la-mujer-repartira-22-millones-de-euros-entre-ong\\\/#breadcrumb\",\"itemListElement\":[{\"@type\":\"ListItem\",\"position\":1,\"name\":\"Portada\",\"item\":\"https:\\\/\\\/diariofemenino.com.ar\\\/df\\\/\"},{\"@type\":\"ListItem\",\"position\":2,\"name\":\"Instituto de la Mujer repartir\u00e1 2,2 millones de euros entre ONG\"}]},{\"@type\":\"WebSite\",\"@id\":\"https:\\\/\\\/diariofemenino.com.ar\\\/df\\\/#website\",\"url\":\"https:\\\/\\\/diariofemenino.com.ar\\\/df\\\/\",\"name\":\"Diario Digital Femenino\",\"description\":\"Cuesti\u00f3n de G\u00e9nero\",\"publisher\":{\"@id\":\"https:\\\/\\\/diariofemenino.com.ar\\\/df\\\/#organization\"},\"potentialAction\":[{\"@type\":\"SearchAction\",\"target\":{\"@type\":\"EntryPoint\",\"urlTemplate\":\"https:\\\/\\\/diariofemenino.com.ar\\\/df\\\/?s={search_term_string}\"},\"query-input\":{\"@type\":\"PropertyValueSpecification\",\"valueRequired\":true,\"valueName\":\"search_term_string\"}}],\"inLanguage\":\"es\"},{\"@type\":\"Organization\",\"@id\":\"https:\\\/\\\/diariofemenino.com.ar\\\/df\\\/#organization\",\"name\":\"Diario Femenino\",\"url\":\"https:\\\/\\\/diariofemenino.com.ar\\\/df\\\/\",\"logo\":{\"@type\":\"ImageObject\",\"inLanguage\":\"es\",\"@id\":\"https:\\\/\\\/diariofemenino.com.ar\\\/df\\\/#\\\/schema\\\/logo\\\/image\\\/\",\"url\":\"https:\\\/\\\/diariofemenino.com.ar\\\/df\\\/wp-content\\\/uploads\\\/2018\\\/10\\\/logo.png\",\"contentUrl\":\"https:\\\/\\\/diariofemenino.com.ar\\\/df\\\/wp-content\\\/uploads\\\/2018\\\/10\\\/logo.png\",\"width\":500,\"height\":92,\"caption\":\"Diario Femenino\"},\"image\":{\"@id\":\"https:\\\/\\\/diariofemenino.com.ar\\\/df\\\/#\\\/schema\\\/logo\\\/image\\\/\"},\"sameAs\":[\"https:\\\/\\\/www.facebook.com\\\/DiarioDigitaFemenino\\\/\",\"https:\\\/\\\/x.com\\\/DiarioFemenino1\"]},{\"@type\":\"Person\",\"@id\":\"https:\\\/\\\/diariofemenino.com.ar\\\/df\\\/#\\\/schema\\\/person\\\/38f54b3bfd13f561de2460ba95c169c6\",\"name\":\"Admin\",\"image\":{\"@type\":\"ImageObject\",\"inLanguage\":\"es\",\"@id\":\"https:\\\/\\\/diariofemenino.com.ar\\\/df\\\/wp-content\\\/uploads\\\/2018\\\/12\\\/favicon-150x150.jpg\",\"url\":\"https:\\\/\\\/diariofemenino.com.ar\\\/df\\\/wp-content\\\/uploads\\\/2018\\\/12\\\/favicon-150x150.jpg\",\"contentUrl\":\"https:\\\/\\\/diariofemenino.com.ar\\\/df\\\/wp-content\\\/uploads\\\/2018\\\/12\\\/favicon-150x150.jpg\",\"caption\":\"Admin\"},\"url\":\"https:\\\/\\\/diariofemenino.com.ar\\\/df\\\/author\\\/adm18df\\\/\"}]}<\/script>\n<!-- \/ Yoast SEO plugin. -->","yoast_head_json":{"title":"Instituto de la Mujer repartir\u00e1 2,2 millones de euros entre ONG - Diario Digital Femenino","robots":{"index":"index","follow":"follow","max-snippet":"max-snippet:-1","max-image-preview":"max-image-preview:large","max-video-preview":"max-video-preview:-1"},"canonical":"https:\/\/diariofemenino.com.ar\/df\/instituto-de-la-mujer-repartira-22-millones-de-euros-entre-ong\/","og_locale":"es_ES","og_type":"article","og_title":"Instituto de la Mujer repartir\u00e1 2,2 millones de euros entre ONG - Diario Digital Femenino","og_description":"&nbsp; &nbsp; &nbsp; Madrid, Espa\u00f1a. 5 de julio. El Instituto de la Mujer, dependiente del Ministerio de Sanidad, Pol\u00edtica Social e Igualdad, repartir\u00e1 2,2 millones de euros entre las ONG de \u00e1mbito estatal para la realizaci\u00f3n de programas y actividades que luchen contra la violencia de g\u00e9nero y por la igualdad as\u00ed como para potenciar [&hellip;]","og_url":"https:\/\/diariofemenino.com.ar\/df\/instituto-de-la-mujer-repartira-22-millones-de-euros-entre-ong\/","og_site_name":"Diario Digital Femenino","article_publisher":"https:\/\/www.facebook.com\/DiarioDigitaFemenino\/","article_published_time":"2012-07-06T04:28:24+00:00","og_image":[{"url":"http:\/\/www.diariofemenino.com.ar\/wp-content\/uploads\/fotonoticia_20120705125700_500.jpg","type":"","width":"","height":""}],"author":"Admin","twitter_card":"summary_large_image","twitter_creator":"@DiarioFemenino1","twitter_site":"@DiarioFemenino1","twitter_misc":{"Escrito por":"Admin","Tiempo de lectura":"1 minuto"},"schema":{"@context":"https:\/\/schema.org","@graph":[{"@type":"Article","@id":"https:\/\/diariofemenino.com.ar\/df\/instituto-de-la-mujer-repartira-22-millones-de-euros-entre-ong\/#article","isPartOf":{"@id":"https:\/\/diariofemenino.com.ar\/df\/instituto-de-la-mujer-repartira-22-millones-de-euros-entre-ong\/"},"author":{"name":"Admin","@id":"https:\/\/diariofemenino.com.ar\/df\/#\/schema\/person\/38f54b3bfd13f561de2460ba95c169c6"},"headline":"Instituto de la Mujer repartir\u00e1 2,2 millones de euros entre ONG","datePublished":"2012-07-06T04:28:24+00:00","mainEntityOfPage":{"@id":"https:\/\/diariofemenino.com.ar\/df\/instituto-de-la-mujer-repartira-22-millones-de-euros-entre-ong\/"},"wordCount":296,"commentCount":0,"publisher":{"@id":"https:\/\/diariofemenino.com.ar\/df\/#organization"},"image":{"@id":"https:\/\/diariofemenino.com.ar\/df\/instituto-de-la-mujer-repartira-22-millones-de-euros-entre-ong\/#primaryimage"},"thumbnailUrl":"http:\/\/www.diariofemenino.com.ar\/wp-content\/uploads\/fotonoticia_20120705125700_500.jpg","articleSection":["Medios"],"inLanguage":"es","potentialAction":[{"@type":"CommentAction","name":"Comment","target":["https:\/\/diariofemenino.com.ar\/df\/instituto-de-la-mujer-repartira-22-millones-de-euros-entre-ong\/#respond"]}]},{"@type":"WebPage","@id":"https:\/\/diariofemenino.com.ar\/df\/instituto-de-la-mujer-repartira-22-millones-de-euros-entre-ong\/","url":"https:\/\/diariofemenino.com.ar\/df\/instituto-de-la-mujer-repartira-22-millones-de-euros-entre-ong\/","name":"Instituto de la Mujer repartir\u00e1 2,2 millones de euros entre ONG - Diario Digital Femenino","isPartOf":{"@id":"https:\/\/diariofemenino.com.ar\/df\/#website"},"primaryImageOfPage":{"@id":"https:\/\/diariofemenino.com.ar\/df\/instituto-de-la-mujer-repartira-22-millones-de-euros-entre-ong\/#primaryimage"},"image":{"@id":"https:\/\/diariofemenino.com.ar\/df\/instituto-de-la-mujer-repartira-22-millones-de-euros-entre-ong\/#primaryimage"},"thumbnailUrl":"http:\/\/www.diariofemenino.com.ar\/wp-content\/uploads\/fotonoticia_20120705125700_500.jpg","datePublished":"2012-07-06T04:28:24+00:00","breadcrumb":{"@id":"https:\/\/diariofemenino.com.ar\/df\/instituto-de-la-mujer-repartira-22-millones-de-euros-entre-ong\/#breadcrumb"},"inLanguage":"es","potentialAction":[{"@type":"ReadAction","target":["https:\/\/diariofemenino.com.ar\/df\/instituto-de-la-mujer-repartira-22-millones-de-euros-entre-ong\/"]}]},{"@type":"ImageObject","inLanguage":"es","@id":"https:\/\/diariofemenino.com.ar\/df\/instituto-de-la-mujer-repartira-22-millones-de-euros-entre-ong\/#primaryimage","url":"http:\/\/www.diariofemenino.com.ar\/wp-content\/uploads\/fotonoticia_20120705125700_500.jpg","contentUrl":"http:\/\/www.diariofemenino.com.ar\/wp-content\/uploads\/fotonoticia_20120705125700_500.jpg"},{"@type":"BreadcrumbList","@id":"https:\/\/diariofemenino.com.ar\/df\/instituto-de-la-mujer-repartira-22-millones-de-euros-entre-ong\/#breadcrumb","itemListElement":[{"@type":"ListItem","position":1,"name":"Portada","item":"https:\/\/diariofemenino.com.ar\/df\/"},{"@type":"ListItem","position":2,"name":"Instituto de la Mujer repartir\u00e1 2,2 millones de euros entre ONG"}]},{"@type":"WebSite","@id":"https:\/\/diariofemenino.com.ar\/df\/#website","url":"https:\/\/diariofemenino.com.ar\/df\/","name":"Diario Digital Femenino","description":"Cuesti\u00f3n de G\u00e9nero","publisher":{"@id":"https:\/\/diariofemenino.com.ar\/df\/#organization"},"potentialAction":[{"@type":"SearchAction","target":{"@type":"EntryPoint","urlTemplate":"https:\/\/diariofemenino.com.ar\/df\/?s={search_term_string}"},"query-input":{"@type":"PropertyValueSpecification","valueRequired":true,"valueName":"search_term_string"}}],"inLanguage":"es"},{"@type":"Organization","@id":"https:\/\/diariofemenino.com.ar\/df\/#organization","name":"Diario Femenino","url":"https:\/\/diariofemenino.com.ar\/df\/","logo":{"@type":"ImageObject","inLanguage":"es","@id":"https:\/\/diariofemenino.com.ar\/df\/#\/schema\/logo\/image\/","url":"https:\/\/diariofemenino.com.ar\/df\/wp-content\/uploads\/2018\/10\/logo.png","contentUrl":"https:\/\/diariofemenino.com.ar\/df\/wp-content\/uploads\/2018\/10\/logo.png","width":500,"height":92,"caption":"Diario Femenino"},"image":{"@id":"https:\/\/diariofemenino.com.ar\/df\/#\/schema\/logo\/image\/"},"sameAs":["https:\/\/www.facebook.com\/DiarioDigitaFemenino\/","https:\/\/x.com\/DiarioFemenino1"]},{"@type":"Person","@id":"https:\/\/diariofemenino.com.ar\/df\/#\/schema\/person\/38f54b3bfd13f561de2460ba95c169c6","name":"Admin","image":{"@type":"ImageObject","inLanguage":"es","@id":"https:\/\/diariofemenino.com.ar\/df\/wp-content\/uploads\/2018\/12\/favicon-150x150.jpg","url":"https:\/\/diariofemenino.com.ar\/df\/wp-content\/uploads\/2018\/12\/favicon-150x150.jpg","contentUrl":"https:\/\/diariofemenino.com.ar\/df\/wp-content\/uploads\/2018\/12\/favicon-150x150.jpg","caption":"Admin"},"url":"https:\/\/diariofemenino.com.ar\/df\/author\/adm18df\/"}]}},"jetpack_featured_media_url":"","jetpack_sharing_enabled":true,"rttpg_featured_image_url":null,"rttpg_author":{"display_name":"Admin","author_link":"https:\/\/diariofemenino.com.ar\/df\/author\/adm18df\/"},"rttpg_comment":0,"rttpg_category":"<a href=\"https:\/\/diariofemenino.com.ar\/df\/category\/medios\/\" rel=\"category tag\">Medios<\/a>","rttpg_excerpt":"&nbsp; &nbsp; &nbsp; Madrid, Espa\u00f1a. 5 de julio. El Instituto de la Mujer, dependiente del Ministerio de Sanidad, Pol\u00edtica Social e Igualdad, repartir\u00e1 2,2 millones de euros entre las ONG de \u00e1mbito estatal para la realizaci\u00f3n de programas y actividades que luchen contra la violencia de g\u00e9nero y por la igualdad as\u00ed como para potenciar&hellip;","_links":{"self":[{"href":"https:\/\/diariofemenino.com.ar\/df\/wp-json\/wp\/v2\/posts\/2364","targetHints":{"allow":["GET"]}}],"collection":[{"href":"https:\/\/diariofemenino.com.ar\/df\/wp-json\/wp\/v2\/posts"}],"about":[{"href":"https:\/\/diariofemenino.com.ar\/df\/wp-json\/wp\/v2\/types\/post"}],"author":[{"embeddable":true,"href":"https:\/\/diariofemenino.com.ar\/df\/wp-json\/wp\/v2\/users\/1"}],"replies":[{"embeddable":true,"href":"https:\/\/diariofemenino.com.ar\/df\/wp-json\/wp\/v2\/comments?post=2364"}],"version-history":[{"count":0,"href":"https:\/\/diariofemenino.com.ar\/df\/wp-json\/wp\/v2\/posts\/2364\/revisions"}],"wp:attachment":[{"href":"https:\/\/diariofemenino.com.ar\/df\/wp-json\/wp\/v2\/media?parent=2364"}],"wp:term":[{"taxonomy":"category","embeddable":true,"href":"https:\/\/diariofemenino.com.ar\/df\/wp-json\/wp\/v2\/categories?post=2364"},{"taxonomy":"post_tag","embeddable":true,"href":"https:\/\/diariofemenino.com.ar\/df\/wp-json\/wp\/v2\/tags?post=2364"}],"curies":[{"name":"wp","href":"https:\/\/api.w.org\/{rel}","templated":true}]}}