{"id":2355,"date":"2012-07-04T23:17:33","date_gmt":"2012-07-05T02:17:33","guid":{"rendered":"http:\/\/www.diariofemenino.com.ar\/?p=2355"},"modified":"2012-07-04T23:17:33","modified_gmt":"2012-07-05T02:17:33","slug":"la-consavig-propone-que-el-femicidio-sea-un-delito-autonomo","status":"publish","type":"post","link":"https:\/\/diariofemenino.com.ar\/df\/la-consavig-propone-que-el-femicidio-sea-un-delito-autonomo\/","title":{"rendered":"La Consavig propone que el femicidio sea un delito aut\u00f3nomo"},"content":{"rendered":"<p>&nbsp;<br \/>\n&nbsp;<br \/>\n<em>La Comisi\u00f3n Nacional Coordinadora de Acciones para la Elaboraci\u00f3n de Sanciones de Violencia de G\u00e9nero (Consavig) impulsa el debate del proyecto de ley sobre el femicidio que se elabor\u00f3 desde el organismo nacional, ya que aseguraron a AIM que la figura aut\u00f3noma \u201cdar\u00eda una visibilidad al problema y un alerta a las funcionarias y funcionarios judiciales\u201d. El a\u00f1o pasado 280 mujeres fueron asesinadas por cuesti\u00f3nes de g\u00e9nero.<\/em><br \/>\n4 de julio de 2012. En el C\u00f3digo Penal argentino no se nombra a las mujeres ni cuando se las mata, asegur\u00f3 a esta Agencia la jefa de Abordaje Territorial del organismo nacional, Claudia Perugino, quien explic\u00f3 que desde la Consavig se elabor\u00f3 un proyecto de ley sobre femicidios, que es la muerte de parte de un hombre a una mujer por su condici\u00f3n, como el caso m\u00e1s extremo de violencia.<br \/>\nLa creaci\u00f3n de la figura aut\u00f3noma de femicidio \u201cdar\u00eda una visibilidad a la problem\u00e1tica y una alerta a las funcionarias y funcionarios judiciales de poner un o\u00eddo atento para que cuando una mujer llega a una instancia legal sea escuchada, porque se sabe que el 90 por ciento de las mujeres muertas en caso de femicidio recurrieron entre siete y nueve veces a la justicia\u201d, dijo la funcionaria nacional.<br \/>\nLa abogada record\u00f3 que \u201cel a\u00f1o pasado 280 mujeres fueron asesinadas por cuesti\u00f3n de g\u00e9nero, por ser mujeres\u201d. En ese contexto, aclar\u00f3 \u00a0desde la Comisi\u00f3n se realizan en todo el pa\u00eds instancias de ense\u00f1anza y aprendizaje donde se difunde la Ley de Protecci\u00f3n Integral para Prevenir, Sancionar y Erradicar la Violencia contra las Mujeres \u201ccomo una herramienta de protecci\u00f3n integral que ayudar\u00e1 a hacer valer los derechos de las mujeres\u201d, y se escucha \u201catentamente a las mujeres de todo el pa\u00eds para saber qu\u00e9 demandas tienen y qu\u00e9 aportes y problem\u00e1ticas puntuales le preocupan, ya que la comisi\u00f3n est\u00e1 enfocada a generar nuevas sanciones, porque la 26485 reconoce nuevos tipos y modalidades de violencia\u201d.<br \/>\n<strong>Debate en el Congreso de la rep\u00fablica: controversia con diputados<\/strong><br \/>\nLa asesora legal de la comisi\u00f3n, Daniela Arcuri, detall\u00f3 que en el Senado de la Naci\u00f3n hay 13 proyectos y una media sanci\u00f3n de Diputados sobre el femicidio, pero aclar\u00f3 que la iniciativa impulsada desde el organismo nacional presenta importantes diferencias con la propuesta de los diputados.\u201d<br \/>\nLa abogada indic\u00f3: \u201cNosotras no estamos de acuerdo con el proyecto de diputados, porque se podr\u00eda avanzar m\u00e1s\u201d. En ese sentido, precis\u00f3 que el proyecto de la Consavig \u201creconoce la creaci\u00f3n del femicidio como delito aut\u00f3nomo, es decir que impulsa que exista una figura \u00a0legal como el homicidio y las lesiones, no que sea un agravante del homicidio, que es lo que sali\u00f3 en diputados\u201d.<br \/>\n<strong>Promoci\u00f3n de derechos en Paran\u00e1<\/strong><br \/>\nPara formar agentes que sepan c\u00f3mo intervenir ante conductas, acciones u omisiones que de manera directa o indirecta afecten la vida de las mujeres en su libertad, dignidad, integridad f\u00edsica, psicol\u00f3gica, sexual, econ\u00f3mica o patrimonial y fortalecer las redes ante la violencia de g\u00e9nero, la Consavig dict\u00f3 un taller en el Centro Comunitario municipal Uno, La Floresta.<br \/>\nPerugino, explic\u00f3 que en la instancia de ense\u00f1anza y aprendizaje se pretendi\u00f3, por un lado, dar difusi\u00f3n de la Ley de Protecci\u00f3n Integral para Prevenir, Sancionar y Erradicar la Violencia contra las Mujeres\u00a0 \u201ccomo una herramienta de protecci\u00f3n integral que ayudar\u00e1 a hacer valer los derechos de las mujeres\u201d, y, por el otro, \u201cescuchar atentamente a las mujeres de todo el pa\u00eds para saber qu\u00e9 demandas tienen y qu\u00e9 aportes y problem\u00e1ticas puntuales le preocupan, ya que la comisi\u00f3n est\u00e1 enfocada a generar nuevas sanciones, porque la 26485 reconoce nuevos tipos y modalidades de violencia\u201d.<br \/>\nDaniela Arcuri, apunt\u00f3 que \u00a0la difusi\u00f3n de la Ley \u201cpermite visibilizar la problem\u00e1tica, empoderar a las mujeres y generar redes que puedan dar contenci\u00f3n para todos los tipos y modalidades de violencia\u201d.<br \/>\n\u201cLa existencia y creaci\u00f3n de v\u00ednculos que puedan informar y replicar la informaci\u00f3n y hacer valer sus derechos traer\u00e1 aparejado cierta modificaci\u00f3n en las conductas en el ejercicio de derechos\u201d, asegur\u00f3 la abogada.<br \/>\nEn el encuentro no s\u00f3lo se abord\u00f3 la Ley, sino que tambi\u00e9n se trabaj\u00f3 \u201centre las y los participantes sobre qu\u00e9 le pasa a una mujer en situaci\u00f3n de violencia, es decir, en qu\u00e9 estado est\u00e1 o c\u00f3mo est\u00e1 su autoestima, porque a veces quienes acompa\u00f1an a una mujer en vez de ayudarla la revictimizan y no se le da la herramienta para que salga del lugar en el que se encuentra\u201d.<br \/>\nAdem\u00e1s, se desnaturalizaron \u201clos prejuicios sobre la violencia que culturalmente est\u00e1n instalados\u201d y se dialog\u00f3 sobre la necesidad de fortalecer \u201clas redes, porque muchas veces en la misma ciudad hay varias personas que trabajan la violencia de g\u00e9nero de forma desarticulada y en estos espacios se buscan establecer nexos para que todos y todas sepan con qu\u00e9 herramientas concretas cuenta la comunidad, porque de esta salimos unidas y organizadas\u201d, asegur\u00f3 Perugino.<br \/>\n<strong>La comisi\u00f3n<\/strong><br \/>\nLa Comisi\u00f3n Nacional Coordinadora de Acciones para la Elaboraci\u00f3n de Sanciones de Violencia de G\u00e9nero (Consavig) fue creada el 21 de febrero de 2011 con el objetivo de formular las sanciones a la violencia de g\u00e9nero establecidas por la ley N\u00ba 26.485 de Protecci\u00f3n integral para prevenir, sancionar y erradicar la violencia contra las mujeres en todos los \u00e1mbitos que desarrollen sus relaciones interpersonales\u201d en sus diferentes tipos y modalidades.<br \/>\n&nbsp;<br \/>\n&nbsp;<br \/>\n&nbsp;<br \/>\nFuente:\u00a0 <a href=\"http:\/\/www.aimdigital.com.ar\/aim\/2012\/07\/04\/la-consavig-propone-que-el-femicidio-sea-un-delito-autonomo\/\" target=\"_blank\">AIM<\/a><\/p>\n","protected":false},"excerpt":{"rendered":"<p>&nbsp; &nbsp; La Comisi\u00f3n Nacional Coordinadora de Acciones para la Elaboraci\u00f3n de Sanciones de Violencia de G\u00e9nero (Consavig) impulsa el debate del proyecto de ley sobre el femicidio que se elabor\u00f3 desde el organismo nacional, ya que aseguraron a AIM que la figura aut\u00f3noma \u201cdar\u00eda una visibilidad al problema y un alerta a las funcionarias [&hellip;]<\/p>\n","protected":false},"author":1,"featured_media":2356,"comment_status":"open","ping_status":"open","sticky":false,"template":"","format":"standard","meta":{"iawp_total_views":7,"footnotes":""},"categories":[5,4,21],"tags":[],"class_list":["post-2355","post","type-post","status-publish","format-standard","has-post-thumbnail","hentry","category-historias-de-vida","category-medios","category-noticias"],"nelio_content":{"autoShareEndMode":"never","automationSources":{"useCustomSentences":false,"customSentences":[]},"efiAlt":"","efiUrl":"","followers":[],"highlights":[],"isAutoShareEnabled":true,"networkImageIds":[],"permalinkQueryArgs":[],"series":[],"suggestedReferences":[]},"yoast_head":"<!-- This site is optimized with the Yoast SEO plugin v27.5 - https:\/\/yoast.com\/product\/yoast-seo-wordpress\/ -->\n<title>La Consavig propone que el femicidio sea un delito aut\u00f3nomo - Diario Digital Femenino<\/title>\n<meta name=\"robots\" content=\"index, follow, max-snippet:-1, max-image-preview:large, max-video-preview:-1\" \/>\n<link rel=\"canonical\" href=\"https:\/\/diariofemenino.com.ar\/df\/la-consavig-propone-que-el-femicidio-sea-un-delito-autonomo\/\" \/>\n<meta property=\"og:locale\" content=\"es_ES\" \/>\n<meta property=\"og:type\" content=\"article\" \/>\n<meta property=\"og:title\" content=\"La Consavig propone que el femicidio sea un delito aut\u00f3nomo - Diario Digital Femenino\" \/>\n<meta property=\"og:description\" content=\"&nbsp; &nbsp; La Comisi\u00f3n Nacional Coordinadora de Acciones para la Elaboraci\u00f3n de Sanciones de Violencia de G\u00e9nero (Consavig) impulsa el debate del proyecto de ley sobre el femicidio que se elabor\u00f3 desde el organismo nacional, ya que aseguraron a AIM que la figura aut\u00f3noma \u201cdar\u00eda una visibilidad al problema y un alerta a las funcionarias [&hellip;]\" \/>\n<meta property=\"og:url\" content=\"https:\/\/diariofemenino.com.ar\/df\/la-consavig-propone-que-el-femicidio-sea-un-delito-autonomo\/\" \/>\n<meta property=\"og:site_name\" content=\"Diario Digital Femenino\" \/>\n<meta property=\"article:publisher\" content=\"https:\/\/www.facebook.com\/DiarioDigitaFemenino\/\" \/>\n<meta property=\"article:published_time\" content=\"2012-07-05T02:17:33+00:00\" \/>\n<meta property=\"og:image\" content=\"https:\/\/diariofemenino.com.ar\/df\/wp-content\/uploads\/2016\/10\/logo-negro.png\" \/>\n\t<meta property=\"og:image:width\" content=\"855\" \/>\n\t<meta property=\"og:image:height\" content=\"319\" \/>\n\t<meta property=\"og:image:type\" content=\"image\/png\" \/>\n<meta name=\"author\" content=\"Admin\" \/>\n<meta name=\"twitter:card\" content=\"summary_large_image\" \/>\n<meta name=\"twitter:creator\" content=\"@DiarioFemenino1\" \/>\n<meta name=\"twitter:site\" content=\"@DiarioFemenino1\" \/>\n<meta name=\"twitter:label1\" content=\"Escrito por\" \/>\n\t<meta name=\"twitter:data1\" content=\"Admin\" \/>\n\t<meta name=\"twitter:label2\" content=\"Tiempo de lectura\" \/>\n\t<meta name=\"twitter:data2\" content=\"5 minutos\" \/>\n<script type=\"application\/ld+json\" class=\"yoast-schema-graph\">{\"@context\":\"https:\\\/\\\/schema.org\",\"@graph\":[{\"@type\":\"Article\",\"@id\":\"https:\\\/\\\/diariofemenino.com.ar\\\/df\\\/la-consavig-propone-que-el-femicidio-sea-un-delito-autonomo\\\/#article\",\"isPartOf\":{\"@id\":\"https:\\\/\\\/diariofemenino.com.ar\\\/df\\\/la-consavig-propone-que-el-femicidio-sea-un-delito-autonomo\\\/\"},\"author\":{\"name\":\"Admin\",\"@id\":\"https:\\\/\\\/diariofemenino.com.ar\\\/df\\\/#\\\/schema\\\/person\\\/38f54b3bfd13f561de2460ba95c169c6\"},\"headline\":\"La Consavig propone que el femicidio sea un delito aut\u00f3nomo\",\"datePublished\":\"2012-07-05T02:17:33+00:00\",\"mainEntityOfPage\":{\"@id\":\"https:\\\/\\\/diariofemenino.com.ar\\\/df\\\/la-consavig-propone-que-el-femicidio-sea-un-delito-autonomo\\\/\"},\"wordCount\":956,\"commentCount\":0,\"publisher\":{\"@id\":\"https:\\\/\\\/diariofemenino.com.ar\\\/df\\\/#organization\"},\"image\":{\"@id\":\"https:\\\/\\\/diariofemenino.com.ar\\\/df\\\/la-consavig-propone-que-el-femicidio-sea-un-delito-autonomo\\\/#primaryimage\"},\"thumbnailUrl\":\"\",\"articleSection\":[\"Historias de vida\",\"Medios\",\"Noticias\"],\"inLanguage\":\"es\",\"potentialAction\":[{\"@type\":\"CommentAction\",\"name\":\"Comment\",\"target\":[\"https:\\\/\\\/diariofemenino.com.ar\\\/df\\\/la-consavig-propone-que-el-femicidio-sea-un-delito-autonomo\\\/#respond\"]}]},{\"@type\":\"WebPage\",\"@id\":\"https:\\\/\\\/diariofemenino.com.ar\\\/df\\\/la-consavig-propone-que-el-femicidio-sea-un-delito-autonomo\\\/\",\"url\":\"https:\\\/\\\/diariofemenino.com.ar\\\/df\\\/la-consavig-propone-que-el-femicidio-sea-un-delito-autonomo\\\/\",\"name\":\"La Consavig propone que el femicidio sea un delito aut\u00f3nomo - Diario Digital Femenino\",\"isPartOf\":{\"@id\":\"https:\\\/\\\/diariofemenino.com.ar\\\/df\\\/#website\"},\"primaryImageOfPage\":{\"@id\":\"https:\\\/\\\/diariofemenino.com.ar\\\/df\\\/la-consavig-propone-que-el-femicidio-sea-un-delito-autonomo\\\/#primaryimage\"},\"image\":{\"@id\":\"https:\\\/\\\/diariofemenino.com.ar\\\/df\\\/la-consavig-propone-que-el-femicidio-sea-un-delito-autonomo\\\/#primaryimage\"},\"thumbnailUrl\":\"\",\"datePublished\":\"2012-07-05T02:17:33+00:00\",\"breadcrumb\":{\"@id\":\"https:\\\/\\\/diariofemenino.com.ar\\\/df\\\/la-consavig-propone-que-el-femicidio-sea-un-delito-autonomo\\\/#breadcrumb\"},\"inLanguage\":\"es\",\"potentialAction\":[{\"@type\":\"ReadAction\",\"target\":[\"https:\\\/\\\/diariofemenino.com.ar\\\/df\\\/la-consavig-propone-que-el-femicidio-sea-un-delito-autonomo\\\/\"]}]},{\"@type\":\"ImageObject\",\"inLanguage\":\"es\",\"@id\":\"https:\\\/\\\/diariofemenino.com.ar\\\/df\\\/la-consavig-propone-que-el-femicidio-sea-un-delito-autonomo\\\/#primaryimage\",\"url\":\"\",\"contentUrl\":\"\"},{\"@type\":\"BreadcrumbList\",\"@id\":\"https:\\\/\\\/diariofemenino.com.ar\\\/df\\\/la-consavig-propone-que-el-femicidio-sea-un-delito-autonomo\\\/#breadcrumb\",\"itemListElement\":[{\"@type\":\"ListItem\",\"position\":1,\"name\":\"Portada\",\"item\":\"https:\\\/\\\/diariofemenino.com.ar\\\/df\\\/\"},{\"@type\":\"ListItem\",\"position\":2,\"name\":\"La Consavig propone que el femicidio sea un delito aut\u00f3nomo\"}]},{\"@type\":\"WebSite\",\"@id\":\"https:\\\/\\\/diariofemenino.com.ar\\\/df\\\/#website\",\"url\":\"https:\\\/\\\/diariofemenino.com.ar\\\/df\\\/\",\"name\":\"Diario Digital Femenino\",\"description\":\"Cuesti\u00f3n de G\u00e9nero\",\"publisher\":{\"@id\":\"https:\\\/\\\/diariofemenino.com.ar\\\/df\\\/#organization\"},\"potentialAction\":[{\"@type\":\"SearchAction\",\"target\":{\"@type\":\"EntryPoint\",\"urlTemplate\":\"https:\\\/\\\/diariofemenino.com.ar\\\/df\\\/?s={search_term_string}\"},\"query-input\":{\"@type\":\"PropertyValueSpecification\",\"valueRequired\":true,\"valueName\":\"search_term_string\"}}],\"inLanguage\":\"es\"},{\"@type\":\"Organization\",\"@id\":\"https:\\\/\\\/diariofemenino.com.ar\\\/df\\\/#organization\",\"name\":\"Diario Femenino\",\"url\":\"https:\\\/\\\/diariofemenino.com.ar\\\/df\\\/\",\"logo\":{\"@type\":\"ImageObject\",\"inLanguage\":\"es\",\"@id\":\"https:\\\/\\\/diariofemenino.com.ar\\\/df\\\/#\\\/schema\\\/logo\\\/image\\\/\",\"url\":\"https:\\\/\\\/diariofemenino.com.ar\\\/df\\\/wp-content\\\/uploads\\\/2018\\\/10\\\/logo.png\",\"contentUrl\":\"https:\\\/\\\/diariofemenino.com.ar\\\/df\\\/wp-content\\\/uploads\\\/2018\\\/10\\\/logo.png\",\"width\":500,\"height\":92,\"caption\":\"Diario Femenino\"},\"image\":{\"@id\":\"https:\\\/\\\/diariofemenino.com.ar\\\/df\\\/#\\\/schema\\\/logo\\\/image\\\/\"},\"sameAs\":[\"https:\\\/\\\/www.facebook.com\\\/DiarioDigitaFemenino\\\/\",\"https:\\\/\\\/x.com\\\/DiarioFemenino1\"]},{\"@type\":\"Person\",\"@id\":\"https:\\\/\\\/diariofemenino.com.ar\\\/df\\\/#\\\/schema\\\/person\\\/38f54b3bfd13f561de2460ba95c169c6\",\"name\":\"Admin\",\"image\":{\"@type\":\"ImageObject\",\"inLanguage\":\"es\",\"@id\":\"https:\\\/\\\/diariofemenino.com.ar\\\/df\\\/wp-content\\\/uploads\\\/2018\\\/12\\\/favicon-150x150.jpg\",\"url\":\"https:\\\/\\\/diariofemenino.com.ar\\\/df\\\/wp-content\\\/uploads\\\/2018\\\/12\\\/favicon-150x150.jpg\",\"contentUrl\":\"https:\\\/\\\/diariofemenino.com.ar\\\/df\\\/wp-content\\\/uploads\\\/2018\\\/12\\\/favicon-150x150.jpg\",\"caption\":\"Admin\"},\"url\":\"https:\\\/\\\/diariofemenino.com.ar\\\/df\\\/author\\\/adm18df\\\/\"}]}<\/script>\n<!-- \/ Yoast SEO plugin. -->","yoast_head_json":{"title":"La Consavig propone que el femicidio sea un delito aut\u00f3nomo - Diario Digital Femenino","robots":{"index":"index","follow":"follow","max-snippet":"max-snippet:-1","max-image-preview":"max-image-preview:large","max-video-preview":"max-video-preview:-1"},"canonical":"https:\/\/diariofemenino.com.ar\/df\/la-consavig-propone-que-el-femicidio-sea-un-delito-autonomo\/","og_locale":"es_ES","og_type":"article","og_title":"La Consavig propone que el femicidio sea un delito aut\u00f3nomo - Diario Digital Femenino","og_description":"&nbsp; &nbsp; La Comisi\u00f3n Nacional Coordinadora de Acciones para la Elaboraci\u00f3n de Sanciones de Violencia de G\u00e9nero (Consavig) impulsa el debate del proyecto de ley sobre el femicidio que se elabor\u00f3 desde el organismo nacional, ya que aseguraron a AIM que la figura aut\u00f3noma \u201cdar\u00eda una visibilidad al problema y un alerta a las funcionarias [&hellip;]","og_url":"https:\/\/diariofemenino.com.ar\/df\/la-consavig-propone-que-el-femicidio-sea-un-delito-autonomo\/","og_site_name":"Diario Digital Femenino","article_publisher":"https:\/\/www.facebook.com\/DiarioDigitaFemenino\/","article_published_time":"2012-07-05T02:17:33+00:00","og_image":[{"width":855,"height":319,"url":"https:\/\/diariofemenino.com.ar\/df\/wp-content\/uploads\/2016\/10\/logo-negro.png","type":"image\/png"}],"author":"Admin","twitter_card":"summary_large_image","twitter_creator":"@DiarioFemenino1","twitter_site":"@DiarioFemenino1","twitter_misc":{"Escrito por":"Admin","Tiempo de lectura":"5 minutos"},"schema":{"@context":"https:\/\/schema.org","@graph":[{"@type":"Article","@id":"https:\/\/diariofemenino.com.ar\/df\/la-consavig-propone-que-el-femicidio-sea-un-delito-autonomo\/#article","isPartOf":{"@id":"https:\/\/diariofemenino.com.ar\/df\/la-consavig-propone-que-el-femicidio-sea-un-delito-autonomo\/"},"author":{"name":"Admin","@id":"https:\/\/diariofemenino.com.ar\/df\/#\/schema\/person\/38f54b3bfd13f561de2460ba95c169c6"},"headline":"La Consavig propone que el femicidio sea un delito aut\u00f3nomo","datePublished":"2012-07-05T02:17:33+00:00","mainEntityOfPage":{"@id":"https:\/\/diariofemenino.com.ar\/df\/la-consavig-propone-que-el-femicidio-sea-un-delito-autonomo\/"},"wordCount":956,"commentCount":0,"publisher":{"@id":"https:\/\/diariofemenino.com.ar\/df\/#organization"},"image":{"@id":"https:\/\/diariofemenino.com.ar\/df\/la-consavig-propone-que-el-femicidio-sea-un-delito-autonomo\/#primaryimage"},"thumbnailUrl":"","articleSection":["Historias de vida","Medios","Noticias"],"inLanguage":"es","potentialAction":[{"@type":"CommentAction","name":"Comment","target":["https:\/\/diariofemenino.com.ar\/df\/la-consavig-propone-que-el-femicidio-sea-un-delito-autonomo\/#respond"]}]},{"@type":"WebPage","@id":"https:\/\/diariofemenino.com.ar\/df\/la-consavig-propone-que-el-femicidio-sea-un-delito-autonomo\/","url":"https:\/\/diariofemenino.com.ar\/df\/la-consavig-propone-que-el-femicidio-sea-un-delito-autonomo\/","name":"La Consavig propone que el femicidio sea un delito aut\u00f3nomo - Diario Digital Femenino","isPartOf":{"@id":"https:\/\/diariofemenino.com.ar\/df\/#website"},"primaryImageOfPage":{"@id":"https:\/\/diariofemenino.com.ar\/df\/la-consavig-propone-que-el-femicidio-sea-un-delito-autonomo\/#primaryimage"},"image":{"@id":"https:\/\/diariofemenino.com.ar\/df\/la-consavig-propone-que-el-femicidio-sea-un-delito-autonomo\/#primaryimage"},"thumbnailUrl":"","datePublished":"2012-07-05T02:17:33+00:00","breadcrumb":{"@id":"https:\/\/diariofemenino.com.ar\/df\/la-consavig-propone-que-el-femicidio-sea-un-delito-autonomo\/#breadcrumb"},"inLanguage":"es","potentialAction":[{"@type":"ReadAction","target":["https:\/\/diariofemenino.com.ar\/df\/la-consavig-propone-que-el-femicidio-sea-un-delito-autonomo\/"]}]},{"@type":"ImageObject","inLanguage":"es","@id":"https:\/\/diariofemenino.com.ar\/df\/la-consavig-propone-que-el-femicidio-sea-un-delito-autonomo\/#primaryimage","url":"","contentUrl":""},{"@type":"BreadcrumbList","@id":"https:\/\/diariofemenino.com.ar\/df\/la-consavig-propone-que-el-femicidio-sea-un-delito-autonomo\/#breadcrumb","itemListElement":[{"@type":"ListItem","position":1,"name":"Portada","item":"https:\/\/diariofemenino.com.ar\/df\/"},{"@type":"ListItem","position":2,"name":"La Consavig propone que el femicidio sea un delito aut\u00f3nomo"}]},{"@type":"WebSite","@id":"https:\/\/diariofemenino.com.ar\/df\/#website","url":"https:\/\/diariofemenino.com.ar\/df\/","name":"Diario Digital Femenino","description":"Cuesti\u00f3n de G\u00e9nero","publisher":{"@id":"https:\/\/diariofemenino.com.ar\/df\/#organization"},"potentialAction":[{"@type":"SearchAction","target":{"@type":"EntryPoint","urlTemplate":"https:\/\/diariofemenino.com.ar\/df\/?s={search_term_string}"},"query-input":{"@type":"PropertyValueSpecification","valueRequired":true,"valueName":"search_term_string"}}],"inLanguage":"es"},{"@type":"Organization","@id":"https:\/\/diariofemenino.com.ar\/df\/#organization","name":"Diario Femenino","url":"https:\/\/diariofemenino.com.ar\/df\/","logo":{"@type":"ImageObject","inLanguage":"es","@id":"https:\/\/diariofemenino.com.ar\/df\/#\/schema\/logo\/image\/","url":"https:\/\/diariofemenino.com.ar\/df\/wp-content\/uploads\/2018\/10\/logo.png","contentUrl":"https:\/\/diariofemenino.com.ar\/df\/wp-content\/uploads\/2018\/10\/logo.png","width":500,"height":92,"caption":"Diario Femenino"},"image":{"@id":"https:\/\/diariofemenino.com.ar\/df\/#\/schema\/logo\/image\/"},"sameAs":["https:\/\/www.facebook.com\/DiarioDigitaFemenino\/","https:\/\/x.com\/DiarioFemenino1"]},{"@type":"Person","@id":"https:\/\/diariofemenino.com.ar\/df\/#\/schema\/person\/38f54b3bfd13f561de2460ba95c169c6","name":"Admin","image":{"@type":"ImageObject","inLanguage":"es","@id":"https:\/\/diariofemenino.com.ar\/df\/wp-content\/uploads\/2018\/12\/favicon-150x150.jpg","url":"https:\/\/diariofemenino.com.ar\/df\/wp-content\/uploads\/2018\/12\/favicon-150x150.jpg","contentUrl":"https:\/\/diariofemenino.com.ar\/df\/wp-content\/uploads\/2018\/12\/favicon-150x150.jpg","caption":"Admin"},"url":"https:\/\/diariofemenino.com.ar\/df\/author\/adm18df\/"}]}},"jetpack_featured_media_url":"","jetpack_sharing_enabled":true,"rttpg_featured_image_url":null,"rttpg_author":{"display_name":"Admin","author_link":"https:\/\/diariofemenino.com.ar\/df\/author\/adm18df\/"},"rttpg_comment":0,"rttpg_category":"<a href=\"https:\/\/diariofemenino.com.ar\/df\/category\/historias-de-vida\/\" rel=\"category tag\">Historias de vida<\/a> <a href=\"https:\/\/diariofemenino.com.ar\/df\/category\/medios\/\" rel=\"category tag\">Medios<\/a> <a href=\"https:\/\/diariofemenino.com.ar\/df\/category\/noticias\/\" rel=\"category tag\">Noticias<\/a>","rttpg_excerpt":"&nbsp; &nbsp; La Comisi\u00f3n Nacional Coordinadora de Acciones para la Elaboraci\u00f3n de Sanciones de Violencia de G\u00e9nero (Consavig) impulsa el debate del proyecto de ley sobre el femicidio que se elabor\u00f3 desde el organismo nacional, ya que aseguraron a AIM que la figura aut\u00f3noma \u201cdar\u00eda una visibilidad al problema y un alerta a las funcionarias&hellip;","_links":{"self":[{"href":"https:\/\/diariofemenino.com.ar\/df\/wp-json\/wp\/v2\/posts\/2355","targetHints":{"allow":["GET"]}}],"collection":[{"href":"https:\/\/diariofemenino.com.ar\/df\/wp-json\/wp\/v2\/posts"}],"about":[{"href":"https:\/\/diariofemenino.com.ar\/df\/wp-json\/wp\/v2\/types\/post"}],"author":[{"embeddable":true,"href":"https:\/\/diariofemenino.com.ar\/df\/wp-json\/wp\/v2\/users\/1"}],"replies":[{"embeddable":true,"href":"https:\/\/diariofemenino.com.ar\/df\/wp-json\/wp\/v2\/comments?post=2355"}],"version-history":[{"count":0,"href":"https:\/\/diariofemenino.com.ar\/df\/wp-json\/wp\/v2\/posts\/2355\/revisions"}],"wp:featuredmedia":[{"embeddable":true,"href":"https:\/\/diariofemenino.com.ar\/df\/wp-json\/"}],"wp:attachment":[{"href":"https:\/\/diariofemenino.com.ar\/df\/wp-json\/wp\/v2\/media?parent=2355"}],"wp:term":[{"taxonomy":"category","embeddable":true,"href":"https:\/\/diariofemenino.com.ar\/df\/wp-json\/wp\/v2\/categories?post=2355"},{"taxonomy":"post_tag","embeddable":true,"href":"https:\/\/diariofemenino.com.ar\/df\/wp-json\/wp\/v2\/tags?post=2355"}],"curies":[{"name":"wp","href":"https:\/\/api.w.org\/{rel}","templated":true}]}}