{"id":2350,"date":"2012-07-04T13:13:16","date_gmt":"2012-07-04T16:13:16","guid":{"rendered":"http:\/\/www.diariofemenino.com.ar\/?p=2350"},"modified":"2012-07-04T13:13:16","modified_gmt":"2012-07-04T16:13:16","slug":"tobias-entre-sus-dos-padres-y-la-burocracia","status":"publish","type":"post","link":"https:\/\/diariofemenino.com.ar\/df\/tobias-entre-sus-dos-padres-y-la-burocracia\/","title":{"rendered":"Tob\u00edas, entre sus dos padres y la burocracia"},"content":{"rendered":"<p>&nbsp;<br \/>\n&nbsp;<br \/>\n&nbsp;<br \/>\n<em>La pareja viaj\u00f3 a Nueva Delhi para el nacimiento. La Justicia en Buenos Aires ya hab\u00eda ordenado inscribir al beb\u00e9 como argentino. Pero ahora, en el consulado ponen trabas para hacerle el pasaporte. Y el matrimonio no puede volver al pa\u00eds con el ni\u00f1o.<\/em><\/p>\n<p style=\"text-align: center;\"><a href=\"http:\/\/www.diariofemenino.com.ar\/wp-content\/uploads\/na21fo01.jpg\"><img loading=\"lazy\" decoding=\"async\" class=\"alignnone size-full wp-image-2351\" title=\"na21fo01\" src=\"http:\/\/www.diariofemenino.com.ar\/wp-content\/uploads\/na21fo01.jpg\" alt=\"\" width=\"232\" height=\"167\" \/><\/a><br \/>\n<em>Alejandro Grinblat y Carlos Dermgerd, junto a su hijo Tob\u00edas,<br \/>\nque acaba de nacer en la capital india en un vientre alquilado.<\/em><\/p>\n<p>Por Mariana Carbajal<br \/>\nEl hijo del matrimonio gay argentino que alquil\u00f3 un vientre en la India naci\u00f3 el viernes en una cl\u00ednica de Nueva Delhi, pero no lo pueden traer de regreso al pa\u00eds. \u201cTob\u00edas est\u00e1 muy bien\u201d, cont\u00f3 a P\u00e1gina\/12 a trav\u00e9s del tel\u00e9fono Alejandro Grinblat, uno de los flamantes pap\u00e1s. A su lado, Carlos Dermgerd, el otro pap\u00e1, acunaba al beb\u00e9, que dorm\u00eda pl\u00e1cidamente despu\u00e9s de tomar una mamadera. Hasta el nacimiento todo sali\u00f3 como estaba previsto, cont\u00f3 Grinblat. Pero sorpresivamente, en el consulado argentino en la capital india les est\u00e1n poniendo trabas para entregarles el DNI y el pasaporte para el ni\u00f1o, requisito indispensable para poder viajar a la Argentina, porque no figura una madre y, en cambio, tiene dos pap\u00e1s. \u201cSe trata de un caso testigo: es la primera vez que una pareja de varones argentina recurre a la maternidad subrogada en ese pa\u00eds\u201d, destac\u00f3 el abogado constitucionalista Andr\u00e9s Gil Dom\u00ednguez, quien los est\u00e1 representando legalmente. \u201cHay trabas burocr\u00e1ticas que deber\u00edan resolverse r\u00e1pidamente\u201d, consider\u00f3 Gil Dom\u00ednguez. Anoche, fuentes de la Canciller\u00eda dejaron trascender que en las pr\u00f3ximas horas podr\u00edan dar una respuesta positiva al reclamo de la pareja.<br \/>\nLa negativa que recibieron luego del nacimiento de Tob\u00edas los descoloc\u00f3, dado que pr\u00e1cticamente desde el inicio del embarazo ven\u00edan gestionando los tr\u00e1mites para la inscripci\u00f3n del beb\u00e9 como hijo de ambos padres e incluso recurrieron a la Justicia porte\u00f1a, donde obtuvieron un fallo que aval\u00f3 su copaternidad. \u201cEsperamos que alg\u00fan organismo, poder o funcionario exija simplemente que se cumpla lo que fue establecido. No rogamos ni pedimos excepciones. S\u00f3lo pedimos justicia. Eso significa que sea escuchado el Poder Judicial, que sea respetado lo que dictamin\u00f3 un juez y nos permita tener los derechos de un ciudadano argentino y de esta forma sentir que el Estado como tal existe y nos respalda, as\u00ed podemos volver con Tob\u00edas a nuestra casa\u201d, pidi\u00f3 Grinblat.<br \/>\nLas \u00faltimas trabas, apunt\u00f3 Gil Dom\u00ednguez, estar\u00edan en un dictamen de la Direcci\u00f3n de Asuntos Jur\u00eddicos de la Canciller\u00eda, que demandar\u00eda una orden del Registro Civil de la Ciudad para realizar la inscripci\u00f3n. \u201cSi fuera una pareja heterosexual no tendr\u00edan este problema. Hasta les han dicho que no tienen formularios para anotar a dos padres\u201d, agreg\u00f3 el abogado.<br \/>\nEn el marco de la demanda judicial que iniciaron para allanar el camino del regreso de su hijo a la Argentina \u2013tal como viene informando P\u00e1gina\/12\u2013, la jueza Elena Liberatori, del Fuero Contencioso Administrativo y Tributario de la Ciudad de Buenos Aires, homolog\u00f3 el 22 de junio un acuerdo por el cual orden\u00f3 la inscripci\u00f3n bajo copaternidad del hijo por nacer en Nueva Delhi. El convenio fue firmado luego de que ese d\u00eda se realizara una audiencia de conciliaci\u00f3n en la que participaron Grinblat y Dermgerd; el subsecretario de Justicia del gobierno porte\u00f1o, Javier Buj\u00e1n; una representante de la Asesor\u00eda General Tutelar, Angeles Casares Filgueiras, y la secretaria de asuntos jur\u00eddicos de la Federaci\u00f3n LGTB, Flavia Massenzio. El documento, que tiene car\u00e1cter de sentencia, seg\u00fan explic\u00f3 Gil Dom\u00ednguez, fue remitido al Ministerio de Relaciones Exteriores y Culto de Argentina y al Registro Civil de la Ciudad de Buenos Aires. El reclamo del matrimonio cuenta con el respaldo del presidente de la Federaci\u00f3n LGBT, Esteban Paul\u00f3n. \u201cSi hay un acuerdo judicial y un compromiso del Registro Civil de inscribir respetando la copaternidad, para que puedan traer a su hijo a la Argentina, con la protecci\u00f3n de sus derechos, se le deber\u00eda dar los documentos a Tob\u00edas\u201d, se\u00f1al\u00f3 ayer Paul\u00f3n, en di\u00e1logo con este diario. \u201cHay una dilaci\u00f3n inexplicable del consulado, porque el fondo del tema ya est\u00e1 resuelto dado que el Gobierno de la Ciudad y los padres se pusieron de acuerdo\u201d, agreg\u00f3.<br \/>\n\u201cEstaba todo previsto para que el beb\u00e9 pudiera ser inscripto. Pero ahora la jefa de la Secci\u00f3n Consultar en Nueva Delhi, Eugenia Vijande, nos dice que est\u00e1 esperando instrucciones de Canciller\u00eda. Hay una burocracia que est\u00e1 frenando el tr\u00e1mite\u201d, se\u00f1al\u00f3 Grinblat.<br \/>\nMientras esperan ansiosos novedades para poder iniciar el regreso al pa\u00eds, donde los esperan sus familiares y amigos, los tres viven en un hotel. El beb\u00e9 naci\u00f3 por ces\u00e1rea el viernes en una cl\u00ednica y el domingo fue dado de alta, con lo cual se lo pudieron llevar sus pap\u00e1s. Grinblat, de 35 a\u00f1os, y Dermgerd, de 41 a\u00f1os, hab\u00edan llegado a la India el mi\u00e9rcoles 27 y ah\u00ed se enteraron de que el nacimiento se adelantar\u00eda (ver aparte). En principio estaba previsto para mediados de julio. El jueves 28 se reunieron con Vijande, con quien ya hab\u00edan establecido contacto un mes antes para ponerla al tanto del caso. \u201cUn a\u00f1o antes, hab\u00edamos estado reunidos con la persona a quien ella reemplaza en el cargo, que fue quien nos dio instrucciones de judicializar el caso, seg\u00fan instrucciones que hab\u00eda recibido de Canciller\u00eda. Est\u00e1bamos muy tranquilos dado que una semana antes un juzgado hab\u00eda dado la orden a Canciller\u00eda de inscribir a nuestro hijo bajo copaternidad y en la embajada encontramos todo el apoyo que un argentino espera tener en el exterior\u201d, rese\u00f1\u00f3 Grinblat. Pero en las \u00faltimas horas el panorama cambi\u00f3. Ahora esperan que Canciller\u00eda y las autoridades del Registro Civil porte\u00f1o se pongan de acuerdo para facilitar la documentaci\u00f3n necesaria. Y poder emprender as\u00ed la vuelta a casa.<br \/>\n&nbsp;<br \/>\n&nbsp;<br \/>\nFuente: <a href=\"http:\/\/www.pagina12.com.ar\/diario\/sociedad\/3-197878-2012-07-04.html\">P\u00e1gina12<br \/>\n<\/a><\/p>\n","protected":false},"excerpt":{"rendered":"<p>&nbsp; &nbsp; &nbsp; La pareja viaj\u00f3 a Nueva Delhi para el nacimiento. La Justicia en Buenos Aires ya hab\u00eda ordenado inscribir al beb\u00e9 como argentino. Pero ahora, en el consulado ponen trabas para hacerle el pasaporte. Y el matrimonio no puede volver al pa\u00eds con el ni\u00f1o. Alejandro Grinblat y Carlos Dermgerd, junto a su [&hellip;]<\/p>\n","protected":false},"author":1,"featured_media":0,"comment_status":"open","ping_status":"open","sticky":false,"template":"","format":"standard","meta":{"iawp_total_views":4,"footnotes":""},"categories":[4,21],"tags":[],"class_list":["post-2350","post","type-post","status-publish","format-standard","hentry","category-medios","category-noticias"],"nelio_content":{"autoShareEndMode":"never","automationSources":{"useCustomSentences":false,"customSentences":[]},"efiAlt":"","efiUrl":"","followers":[],"highlights":[],"isAutoShareEnabled":true,"networkImageIds":[],"permalinkQueryArgs":[],"series":[],"suggestedReferences":[]},"yoast_head":"<!-- This site is optimized with the Yoast SEO plugin v27.5 - https:\/\/yoast.com\/product\/yoast-seo-wordpress\/ -->\n<title>Tob\u00edas, entre sus dos padres y la burocracia - Diario Digital Femenino<\/title>\n<meta name=\"robots\" content=\"index, follow, max-snippet:-1, max-image-preview:large, max-video-preview:-1\" \/>\n<link rel=\"canonical\" href=\"https:\/\/diariofemenino.com.ar\/df\/tobias-entre-sus-dos-padres-y-la-burocracia\/\" \/>\n<meta property=\"og:locale\" content=\"es_ES\" \/>\n<meta property=\"og:type\" content=\"article\" \/>\n<meta property=\"og:title\" content=\"Tob\u00edas, entre sus dos padres y la burocracia - Diario Digital Femenino\" \/>\n<meta property=\"og:description\" content=\"&nbsp; &nbsp; &nbsp; La pareja viaj\u00f3 a Nueva Delhi para el nacimiento. La Justicia en Buenos Aires ya hab\u00eda ordenado inscribir al beb\u00e9 como argentino. Pero ahora, en el consulado ponen trabas para hacerle el pasaporte. Y el matrimonio no puede volver al pa\u00eds con el ni\u00f1o. Alejandro Grinblat y Carlos Dermgerd, junto a su [&hellip;]\" \/>\n<meta property=\"og:url\" content=\"https:\/\/diariofemenino.com.ar\/df\/tobias-entre-sus-dos-padres-y-la-burocracia\/\" \/>\n<meta property=\"og:site_name\" content=\"Diario Digital Femenino\" \/>\n<meta property=\"article:publisher\" content=\"https:\/\/www.facebook.com\/DiarioDigitaFemenino\/\" \/>\n<meta property=\"article:published_time\" content=\"2012-07-04T16:13:16+00:00\" \/>\n<meta property=\"og:image\" content=\"http:\/\/www.diariofemenino.com.ar\/wp-content\/uploads\/na21fo01.jpg\" \/>\n<meta name=\"author\" content=\"Admin\" \/>\n<meta name=\"twitter:card\" content=\"summary_large_image\" \/>\n<meta name=\"twitter:creator\" content=\"@DiarioFemenino1\" \/>\n<meta name=\"twitter:site\" content=\"@DiarioFemenino1\" \/>\n<meta name=\"twitter:label1\" content=\"Escrito por\" \/>\n\t<meta name=\"twitter:data1\" content=\"Admin\" \/>\n\t<meta name=\"twitter:label2\" content=\"Tiempo de lectura\" \/>\n\t<meta name=\"twitter:data2\" content=\"5 minutos\" \/>\n<script type=\"application\/ld+json\" class=\"yoast-schema-graph\">{\"@context\":\"https:\\\/\\\/schema.org\",\"@graph\":[{\"@type\":\"Article\",\"@id\":\"https:\\\/\\\/diariofemenino.com.ar\\\/df\\\/tobias-entre-sus-dos-padres-y-la-burocracia\\\/#article\",\"isPartOf\":{\"@id\":\"https:\\\/\\\/diariofemenino.com.ar\\\/df\\\/tobias-entre-sus-dos-padres-y-la-burocracia\\\/\"},\"author\":{\"name\":\"Admin\",\"@id\":\"https:\\\/\\\/diariofemenino.com.ar\\\/df\\\/#\\\/schema\\\/person\\\/38f54b3bfd13f561de2460ba95c169c6\"},\"headline\":\"Tob\u00edas, entre sus dos padres y la burocracia\",\"datePublished\":\"2012-07-04T16:13:16+00:00\",\"mainEntityOfPage\":{\"@id\":\"https:\\\/\\\/diariofemenino.com.ar\\\/df\\\/tobias-entre-sus-dos-padres-y-la-burocracia\\\/\"},\"wordCount\":1042,\"commentCount\":0,\"publisher\":{\"@id\":\"https:\\\/\\\/diariofemenino.com.ar\\\/df\\\/#organization\"},\"image\":{\"@id\":\"https:\\\/\\\/diariofemenino.com.ar\\\/df\\\/tobias-entre-sus-dos-padres-y-la-burocracia\\\/#primaryimage\"},\"thumbnailUrl\":\"http:\\\/\\\/www.diariofemenino.com.ar\\\/wp-content\\\/uploads\\\/na21fo01.jpg\",\"articleSection\":[\"Medios\",\"Noticias\"],\"inLanguage\":\"es\",\"potentialAction\":[{\"@type\":\"CommentAction\",\"name\":\"Comment\",\"target\":[\"https:\\\/\\\/diariofemenino.com.ar\\\/df\\\/tobias-entre-sus-dos-padres-y-la-burocracia\\\/#respond\"]}]},{\"@type\":\"WebPage\",\"@id\":\"https:\\\/\\\/diariofemenino.com.ar\\\/df\\\/tobias-entre-sus-dos-padres-y-la-burocracia\\\/\",\"url\":\"https:\\\/\\\/diariofemenino.com.ar\\\/df\\\/tobias-entre-sus-dos-padres-y-la-burocracia\\\/\",\"name\":\"Tob\u00edas, entre sus dos padres y la burocracia - Diario Digital Femenino\",\"isPartOf\":{\"@id\":\"https:\\\/\\\/diariofemenino.com.ar\\\/df\\\/#website\"},\"primaryImageOfPage\":{\"@id\":\"https:\\\/\\\/diariofemenino.com.ar\\\/df\\\/tobias-entre-sus-dos-padres-y-la-burocracia\\\/#primaryimage\"},\"image\":{\"@id\":\"https:\\\/\\\/diariofemenino.com.ar\\\/df\\\/tobias-entre-sus-dos-padres-y-la-burocracia\\\/#primaryimage\"},\"thumbnailUrl\":\"http:\\\/\\\/www.diariofemenino.com.ar\\\/wp-content\\\/uploads\\\/na21fo01.jpg\",\"datePublished\":\"2012-07-04T16:13:16+00:00\",\"breadcrumb\":{\"@id\":\"https:\\\/\\\/diariofemenino.com.ar\\\/df\\\/tobias-entre-sus-dos-padres-y-la-burocracia\\\/#breadcrumb\"},\"inLanguage\":\"es\",\"potentialAction\":[{\"@type\":\"ReadAction\",\"target\":[\"https:\\\/\\\/diariofemenino.com.ar\\\/df\\\/tobias-entre-sus-dos-padres-y-la-burocracia\\\/\"]}]},{\"@type\":\"ImageObject\",\"inLanguage\":\"es\",\"@id\":\"https:\\\/\\\/diariofemenino.com.ar\\\/df\\\/tobias-entre-sus-dos-padres-y-la-burocracia\\\/#primaryimage\",\"url\":\"http:\\\/\\\/www.diariofemenino.com.ar\\\/wp-content\\\/uploads\\\/na21fo01.jpg\",\"contentUrl\":\"http:\\\/\\\/www.diariofemenino.com.ar\\\/wp-content\\\/uploads\\\/na21fo01.jpg\"},{\"@type\":\"BreadcrumbList\",\"@id\":\"https:\\\/\\\/diariofemenino.com.ar\\\/df\\\/tobias-entre-sus-dos-padres-y-la-burocracia\\\/#breadcrumb\",\"itemListElement\":[{\"@type\":\"ListItem\",\"position\":1,\"name\":\"Portada\",\"item\":\"https:\\\/\\\/diariofemenino.com.ar\\\/df\\\/\"},{\"@type\":\"ListItem\",\"position\":2,\"name\":\"Tob\u00edas, entre sus dos padres y la burocracia\"}]},{\"@type\":\"WebSite\",\"@id\":\"https:\\\/\\\/diariofemenino.com.ar\\\/df\\\/#website\",\"url\":\"https:\\\/\\\/diariofemenino.com.ar\\\/df\\\/\",\"name\":\"Diario Digital Femenino\",\"description\":\"Cuesti\u00f3n de G\u00e9nero\",\"publisher\":{\"@id\":\"https:\\\/\\\/diariofemenino.com.ar\\\/df\\\/#organization\"},\"potentialAction\":[{\"@type\":\"SearchAction\",\"target\":{\"@type\":\"EntryPoint\",\"urlTemplate\":\"https:\\\/\\\/diariofemenino.com.ar\\\/df\\\/?s={search_term_string}\"},\"query-input\":{\"@type\":\"PropertyValueSpecification\",\"valueRequired\":true,\"valueName\":\"search_term_string\"}}],\"inLanguage\":\"es\"},{\"@type\":\"Organization\",\"@id\":\"https:\\\/\\\/diariofemenino.com.ar\\\/df\\\/#organization\",\"name\":\"Diario Femenino\",\"url\":\"https:\\\/\\\/diariofemenino.com.ar\\\/df\\\/\",\"logo\":{\"@type\":\"ImageObject\",\"inLanguage\":\"es\",\"@id\":\"https:\\\/\\\/diariofemenino.com.ar\\\/df\\\/#\\\/schema\\\/logo\\\/image\\\/\",\"url\":\"https:\\\/\\\/diariofemenino.com.ar\\\/df\\\/wp-content\\\/uploads\\\/2018\\\/10\\\/logo.png\",\"contentUrl\":\"https:\\\/\\\/diariofemenino.com.ar\\\/df\\\/wp-content\\\/uploads\\\/2018\\\/10\\\/logo.png\",\"width\":500,\"height\":92,\"caption\":\"Diario Femenino\"},\"image\":{\"@id\":\"https:\\\/\\\/diariofemenino.com.ar\\\/df\\\/#\\\/schema\\\/logo\\\/image\\\/\"},\"sameAs\":[\"https:\\\/\\\/www.facebook.com\\\/DiarioDigitaFemenino\\\/\",\"https:\\\/\\\/x.com\\\/DiarioFemenino1\"]},{\"@type\":\"Person\",\"@id\":\"https:\\\/\\\/diariofemenino.com.ar\\\/df\\\/#\\\/schema\\\/person\\\/38f54b3bfd13f561de2460ba95c169c6\",\"name\":\"Admin\",\"image\":{\"@type\":\"ImageObject\",\"inLanguage\":\"es\",\"@id\":\"https:\\\/\\\/diariofemenino.com.ar\\\/df\\\/wp-content\\\/uploads\\\/2018\\\/12\\\/favicon-150x150.jpg\",\"url\":\"https:\\\/\\\/diariofemenino.com.ar\\\/df\\\/wp-content\\\/uploads\\\/2018\\\/12\\\/favicon-150x150.jpg\",\"contentUrl\":\"https:\\\/\\\/diariofemenino.com.ar\\\/df\\\/wp-content\\\/uploads\\\/2018\\\/12\\\/favicon-150x150.jpg\",\"caption\":\"Admin\"},\"url\":\"https:\\\/\\\/diariofemenino.com.ar\\\/df\\\/author\\\/adm18df\\\/\"}]}<\/script>\n<!-- \/ Yoast SEO plugin. -->","yoast_head_json":{"title":"Tob\u00edas, entre sus dos padres y la burocracia - Diario Digital Femenino","robots":{"index":"index","follow":"follow","max-snippet":"max-snippet:-1","max-image-preview":"max-image-preview:large","max-video-preview":"max-video-preview:-1"},"canonical":"https:\/\/diariofemenino.com.ar\/df\/tobias-entre-sus-dos-padres-y-la-burocracia\/","og_locale":"es_ES","og_type":"article","og_title":"Tob\u00edas, entre sus dos padres y la burocracia - Diario Digital Femenino","og_description":"&nbsp; &nbsp; &nbsp; La pareja viaj\u00f3 a Nueva Delhi para el nacimiento. La Justicia en Buenos Aires ya hab\u00eda ordenado inscribir al beb\u00e9 como argentino. Pero ahora, en el consulado ponen trabas para hacerle el pasaporte. Y el matrimonio no puede volver al pa\u00eds con el ni\u00f1o. Alejandro Grinblat y Carlos Dermgerd, junto a su [&hellip;]","og_url":"https:\/\/diariofemenino.com.ar\/df\/tobias-entre-sus-dos-padres-y-la-burocracia\/","og_site_name":"Diario Digital Femenino","article_publisher":"https:\/\/www.facebook.com\/DiarioDigitaFemenino\/","article_published_time":"2012-07-04T16:13:16+00:00","og_image":[{"url":"http:\/\/www.diariofemenino.com.ar\/wp-content\/uploads\/na21fo01.jpg","type":"","width":"","height":""}],"author":"Admin","twitter_card":"summary_large_image","twitter_creator":"@DiarioFemenino1","twitter_site":"@DiarioFemenino1","twitter_misc":{"Escrito por":"Admin","Tiempo de lectura":"5 minutos"},"schema":{"@context":"https:\/\/schema.org","@graph":[{"@type":"Article","@id":"https:\/\/diariofemenino.com.ar\/df\/tobias-entre-sus-dos-padres-y-la-burocracia\/#article","isPartOf":{"@id":"https:\/\/diariofemenino.com.ar\/df\/tobias-entre-sus-dos-padres-y-la-burocracia\/"},"author":{"name":"Admin","@id":"https:\/\/diariofemenino.com.ar\/df\/#\/schema\/person\/38f54b3bfd13f561de2460ba95c169c6"},"headline":"Tob\u00edas, entre sus dos padres y la burocracia","datePublished":"2012-07-04T16:13:16+00:00","mainEntityOfPage":{"@id":"https:\/\/diariofemenino.com.ar\/df\/tobias-entre-sus-dos-padres-y-la-burocracia\/"},"wordCount":1042,"commentCount":0,"publisher":{"@id":"https:\/\/diariofemenino.com.ar\/df\/#organization"},"image":{"@id":"https:\/\/diariofemenino.com.ar\/df\/tobias-entre-sus-dos-padres-y-la-burocracia\/#primaryimage"},"thumbnailUrl":"http:\/\/www.diariofemenino.com.ar\/wp-content\/uploads\/na21fo01.jpg","articleSection":["Medios","Noticias"],"inLanguage":"es","potentialAction":[{"@type":"CommentAction","name":"Comment","target":["https:\/\/diariofemenino.com.ar\/df\/tobias-entre-sus-dos-padres-y-la-burocracia\/#respond"]}]},{"@type":"WebPage","@id":"https:\/\/diariofemenino.com.ar\/df\/tobias-entre-sus-dos-padres-y-la-burocracia\/","url":"https:\/\/diariofemenino.com.ar\/df\/tobias-entre-sus-dos-padres-y-la-burocracia\/","name":"Tob\u00edas, entre sus dos padres y la burocracia - Diario Digital Femenino","isPartOf":{"@id":"https:\/\/diariofemenino.com.ar\/df\/#website"},"primaryImageOfPage":{"@id":"https:\/\/diariofemenino.com.ar\/df\/tobias-entre-sus-dos-padres-y-la-burocracia\/#primaryimage"},"image":{"@id":"https:\/\/diariofemenino.com.ar\/df\/tobias-entre-sus-dos-padres-y-la-burocracia\/#primaryimage"},"thumbnailUrl":"http:\/\/www.diariofemenino.com.ar\/wp-content\/uploads\/na21fo01.jpg","datePublished":"2012-07-04T16:13:16+00:00","breadcrumb":{"@id":"https:\/\/diariofemenino.com.ar\/df\/tobias-entre-sus-dos-padres-y-la-burocracia\/#breadcrumb"},"inLanguage":"es","potentialAction":[{"@type":"ReadAction","target":["https:\/\/diariofemenino.com.ar\/df\/tobias-entre-sus-dos-padres-y-la-burocracia\/"]}]},{"@type":"ImageObject","inLanguage":"es","@id":"https:\/\/diariofemenino.com.ar\/df\/tobias-entre-sus-dos-padres-y-la-burocracia\/#primaryimage","url":"http:\/\/www.diariofemenino.com.ar\/wp-content\/uploads\/na21fo01.jpg","contentUrl":"http:\/\/www.diariofemenino.com.ar\/wp-content\/uploads\/na21fo01.jpg"},{"@type":"BreadcrumbList","@id":"https:\/\/diariofemenino.com.ar\/df\/tobias-entre-sus-dos-padres-y-la-burocracia\/#breadcrumb","itemListElement":[{"@type":"ListItem","position":1,"name":"Portada","item":"https:\/\/diariofemenino.com.ar\/df\/"},{"@type":"ListItem","position":2,"name":"Tob\u00edas, entre sus dos padres y la burocracia"}]},{"@type":"WebSite","@id":"https:\/\/diariofemenino.com.ar\/df\/#website","url":"https:\/\/diariofemenino.com.ar\/df\/","name":"Diario Digital Femenino","description":"Cuesti\u00f3n de G\u00e9nero","publisher":{"@id":"https:\/\/diariofemenino.com.ar\/df\/#organization"},"potentialAction":[{"@type":"SearchAction","target":{"@type":"EntryPoint","urlTemplate":"https:\/\/diariofemenino.com.ar\/df\/?s={search_term_string}"},"query-input":{"@type":"PropertyValueSpecification","valueRequired":true,"valueName":"search_term_string"}}],"inLanguage":"es"},{"@type":"Organization","@id":"https:\/\/diariofemenino.com.ar\/df\/#organization","name":"Diario Femenino","url":"https:\/\/diariofemenino.com.ar\/df\/","logo":{"@type":"ImageObject","inLanguage":"es","@id":"https:\/\/diariofemenino.com.ar\/df\/#\/schema\/logo\/image\/","url":"https:\/\/diariofemenino.com.ar\/df\/wp-content\/uploads\/2018\/10\/logo.png","contentUrl":"https:\/\/diariofemenino.com.ar\/df\/wp-content\/uploads\/2018\/10\/logo.png","width":500,"height":92,"caption":"Diario Femenino"},"image":{"@id":"https:\/\/diariofemenino.com.ar\/df\/#\/schema\/logo\/image\/"},"sameAs":["https:\/\/www.facebook.com\/DiarioDigitaFemenino\/","https:\/\/x.com\/DiarioFemenino1"]},{"@type":"Person","@id":"https:\/\/diariofemenino.com.ar\/df\/#\/schema\/person\/38f54b3bfd13f561de2460ba95c169c6","name":"Admin","image":{"@type":"ImageObject","inLanguage":"es","@id":"https:\/\/diariofemenino.com.ar\/df\/wp-content\/uploads\/2018\/12\/favicon-150x150.jpg","url":"https:\/\/diariofemenino.com.ar\/df\/wp-content\/uploads\/2018\/12\/favicon-150x150.jpg","contentUrl":"https:\/\/diariofemenino.com.ar\/df\/wp-content\/uploads\/2018\/12\/favicon-150x150.jpg","caption":"Admin"},"url":"https:\/\/diariofemenino.com.ar\/df\/author\/adm18df\/"}]}},"jetpack_featured_media_url":"","jetpack_sharing_enabled":true,"rttpg_featured_image_url":null,"rttpg_author":{"display_name":"Admin","author_link":"https:\/\/diariofemenino.com.ar\/df\/author\/adm18df\/"},"rttpg_comment":0,"rttpg_category":"<a href=\"https:\/\/diariofemenino.com.ar\/df\/category\/medios\/\" rel=\"category tag\">Medios<\/a> <a href=\"https:\/\/diariofemenino.com.ar\/df\/category\/noticias\/\" rel=\"category tag\">Noticias<\/a>","rttpg_excerpt":"&nbsp; &nbsp; &nbsp; La pareja viaj\u00f3 a Nueva Delhi para el nacimiento. La Justicia en Buenos Aires ya hab\u00eda ordenado inscribir al beb\u00e9 como argentino. Pero ahora, en el consulado ponen trabas para hacerle el pasaporte. Y el matrimonio no puede volver al pa\u00eds con el ni\u00f1o. Alejandro Grinblat y Carlos Dermgerd, junto a su&hellip;","_links":{"self":[{"href":"https:\/\/diariofemenino.com.ar\/df\/wp-json\/wp\/v2\/posts\/2350","targetHints":{"allow":["GET"]}}],"collection":[{"href":"https:\/\/diariofemenino.com.ar\/df\/wp-json\/wp\/v2\/posts"}],"about":[{"href":"https:\/\/diariofemenino.com.ar\/df\/wp-json\/wp\/v2\/types\/post"}],"author":[{"embeddable":true,"href":"https:\/\/diariofemenino.com.ar\/df\/wp-json\/wp\/v2\/users\/1"}],"replies":[{"embeddable":true,"href":"https:\/\/diariofemenino.com.ar\/df\/wp-json\/wp\/v2\/comments?post=2350"}],"version-history":[{"count":0,"href":"https:\/\/diariofemenino.com.ar\/df\/wp-json\/wp\/v2\/posts\/2350\/revisions"}],"wp:attachment":[{"href":"https:\/\/diariofemenino.com.ar\/df\/wp-json\/wp\/v2\/media?parent=2350"}],"wp:term":[{"taxonomy":"category","embeddable":true,"href":"https:\/\/diariofemenino.com.ar\/df\/wp-json\/wp\/v2\/categories?post=2350"},{"taxonomy":"post_tag","embeddable":true,"href":"https:\/\/diariofemenino.com.ar\/df\/wp-json\/wp\/v2\/tags?post=2350"}],"curies":[{"name":"wp","href":"https:\/\/api.w.org\/{rel}","templated":true}]}}