{"id":23393,"date":"2016-07-06T12:26:11","date_gmt":"2016-07-06T15:26:11","guid":{"rendered":"http:\/\/www.diariofemenino.com.ar\/?p=23393"},"modified":"2016-07-06T12:26:11","modified_gmt":"2016-07-06T15:26:11","slug":"los-dirigentes-rurales-nos-odian-mas-de-20-anos-del-movimiento-de-mujeres-agropecuarias-en-lucha","status":"publish","type":"post","link":"https:\/\/diariofemenino.com.ar\/df\/los-dirigentes-rurales-nos-odian-mas-de-20-anos-del-movimiento-de-mujeres-agropecuarias-en-lucha\/","title":{"rendered":"\u201cLos dirigentes rurales nos odian\u201d: m\u00e1s de 20 a\u00f1os del Movimiento de Mujeres Agropecuarias en Lucha"},"content":{"rendered":"<p style=\"text-align: center;\"><strong><span style=\"color: #000000;\">\u201cLos dirigentes rurales nos odian\u201d:<br \/>\nm\u00e1s de 20 a\u00f1os del Movimiento de Mujeres Agropecuarias en Lucha<\/span><\/strong><\/p>\n<p><figure id=\"attachment_23394\" aria-describedby=\"caption-attachment-23394\" style=\"width: 450px\" class=\"wp-caption alignnone\"><a href=\"http:\/\/www.diariofemenino.com.ar\/wp-content\/uploads\/13595373_1165071786848089_775301946_n.jpg\"><img loading=\"lazy\" decoding=\"async\" class=\"size-full wp-image-23394\" alt=\"\u201cLos dirigentes rurales nos odian\u201d: m\u00e1s de 20 a\u00f1os del Movimiento de Mujeres Agropecuarias en Lucha\" src=\"http:\/\/www.diariofemenino.com.ar\/wp-content\/uploads\/13595373_1165071786848089_775301946_n.jpg\" width=\"450\" height=\"346\" \/><\/a><figcaption id=\"caption-attachment-23394\" class=\"wp-caption-text\"><span style=\"color: #000000;\">\u201cLos dirigentes rurales nos odian\u201d: m\u00e1s de 20 a\u00f1os del Movimiento de Mujeres Agropecuarias en Lucha<\/span><\/figcaption><\/figure><br \/>\n<span style=\"color: #000000;\">Por<\/span><b><span style=\"color: #000000;\"> Dolores Arrizabalaga<\/span><a title=\"\" href=\"file:\/\/\/C:\/Users\/Lenny\/Downloads\/Los-dirigentes-rurales-nos-odian.-Nota-.docx#_ftn1\"><b>[1]<\/b><\/a><\/b><br \/>\n<b>\u00a0<\/b><span style=\"color: #000000;\">El an\u00e1lisis y la reflexi\u00f3n sobre el pasado reciente de nuestro pa\u00eds y de nuestra provincia, implica necesariamente una combinaci\u00f3n de m\u00faltiples perspectivas de abordaje. No obstante, una de estas perspectivas es transversal a todas las dem\u00e1s: la perspectiva de g\u00e9nero.<\/span><br \/>\n<span style=\"color: #000000;\">El contexto social, pol\u00edtico y econ\u00f3mico en el cual emerge el Movimiento de Mujeres Agropecuarias en Lucha es bien conocido. Est\u00e1 marcado a fuego en la memoria colectiva de quienes transitaron los tristes a\u00f1os noventa e inicios de los a\u00f1os dos mil. El mercado se impuso al Estado y a la crisis econ\u00f3mica le sigui\u00f3 una crisis pol\u00edtica y social, una crisis de legitimidad, donde al grito de \u201cque se vayan todos\u201d se produjo uno de los actos de mayor demostraci\u00f3n de fuerza del campo popular argentino.<\/span><br \/>\n<span style=\"color: #000000;\">Pero volvamos a mediados de 1990, aLa Pampa y, espec\u00edficamente, a Winifreda. Nace all\u00ed un movimiento de mujeres que alcanzar\u00eda en poco tiempo una dimensi\u00f3n nacional. Este movimiento emerge de la desesperaci\u00f3n que experimentaron mujeres chacareras ante el riesgo de perder \u2013por medio de remates p\u00fablicos- sus propiedades rurales, hipotecadas a partir de deudas contra\u00eddas con los bancos. Esta situaci\u00f3n no era exclusiva de las mujeres pampeanas sino que, al contrario, un total de 40 mil familias se encontraban en situaciones similares. Esto explicar\u00eda tambi\u00e9n el porqu\u00e9 de la expansi\u00f3n tan r\u00e1pida del MML por todo el pa\u00eds.<\/span><br \/>\n<span style=\"color: #000000;\">As\u00ed, el Movimiento de Mujeres Agropecuarias en Lucha se conforma como un nuevo sujeto social, con el objetivo primario de frenar el remate de los campos por parte de la justicia, ya que eso supon\u00eda un riesgo para la propia sustentaci\u00f3n, la quiebra total, ante la p\u00e9rdida de aquellas tierras que sus padres y abuelos inmigrantes hab\u00edan logrado conseguir. Adem\u00e1s las deudas que hab\u00edan llevado a esa situaci\u00f3n eran consideradas por estas mujeres como ileg\u00edtimas, en la medida en que el gobierno nacional les hab\u00eda asegurado que quienes invirtieran en tecnolog\u00eda contar\u00edan con el apoyo del Estado y con precios competitivos, aspectos que no se dieron en la realidad.<\/span><br \/>\n<span style=\"color: #000000;\">El movimiento que lider\u00f3 y lidera Lucy de Cornelis plante\u00f3 tambi\u00e9n una novedosa forma de accionar. A partir de la convocatoria por medio de las radios locales primero y de la prensa nacional una vez que el movimiento gan\u00f3 fuerza y expansi\u00f3n, mujeres de chacareros o due\u00f1as de peque\u00f1as propiedades agr\u00edcolas se hac\u00edan presentes en los remates p\u00fablicos y, entonando el himno nacional, imped\u00edan que los mismos se llevaran a cabo.<\/span><br \/>\n<span style=\"color: #000000;\">As\u00ed, este movimiento surgido en La Pampa, en Winifreda, gan\u00f3 en poco tiempo un alcance nacional,\u00a0 y se enviar\u00edan comisiones a impedir remates a otras provincias como Buenos Aires, Santa Fe, Santiago del Estero, etc. Tambi\u00e9n se hicieron presentes en la capital federal, cuando ingresaron en la Plaza de Mayo conduciendo sus propios tractores.<\/span><br \/>\n<span style=\"color: #000000;\">Hasta que los gobiernos no tomaran cartas en el asunto para evitar el remate de los campos de estos peque\u00f1os productores, que ocurri\u00f3 reci\u00e9n a partir del 2003, el movimiento se expandi\u00f3 y evit\u00f3, en la medida en que pudo, el remate del capital, e incluso lleg\u00f3 a tomar contacto y articularse con otros movimientos sociales argentinos y tambi\u00e9n latinoamericanos, como el Movimiento de los Sin Tierra en Brasil. La tierra, su tenencia o el riesgo de perderla, era el factor aglutinante de ambos movimientos.<\/span><br \/>\n<span style=\"color: #000000;\">La crisis del Estado llev\u00f3, por un lado, a que m\u00faltiples movimientos, como el MML, se conformaran en el marco de referencia para muchos argentinos. As\u00ed, ante la imposibilidad de acudir al Estado para frenar los remates, o ante la negativa de los mismos a brindar el apoyo y auxilio, el MML se conform\u00f3 como el marco para la acci\u00f3n directa.<\/span><br \/>\n<span style=\"color: #000000;\">Por otro lado, tuvo lugar tambi\u00e9n una democratizaci\u00f3n de la sociedad, en la medida en que esta amplia gama de movimientos sociales, entre los que el MML se encontraba, primaba la horizontalidad, el debate y la toma de decisiones de forma democr\u00e1tica. Las bases comenzaron a operar como aquello que auxili\u00f3 cuando ya no quedaba nada en la cima, cuando no hab\u00eda Estado, e incluso cuestion\u00e1ndolo.<\/span><br \/>\n<span style=\"color: #000000;\">No necesariamente dese\u00e1ndolo, quiz\u00e1s de forma inconsciente, las mujeres agropecuarias argentinas lograron una redefinici\u00f3n de las relaciones de g\u00e9nero que son, en definitiva, las relaciones de poder. Convirtieron la diferencia en poder. La diferencia de ser mujeres, la mitad del mundo oprimida ante una cultura machista. El poder de\u00a0 pasar a formar parte ahora de la escena p\u00fablica, de la escena pol\u00edtica, espacios mayormente reservados para hombres. Redefinieron el \u00e1mbito p\u00fablico y privado y su rol dentro de ellos.<\/span><br \/>\n<span style=\"color: #000000;\">Esto gener\u00f3, no pocas resistencias. En una entrevista realizada en 1999, Lucy de Cornelis \u2013l\u00edder del movimiento- resaltaba: <i>\u201cLos dirigentes rurales nos odian, nos odian los hombres, nos tienen un desprecio. El otro d\u00eda me invitaron a Coninagro, Federaci\u00f3n Agraria, y entonces la gente empez\u00f3 a gritar: \u2019que hable Lucy, que hable Lucy\u2019 y \u2018\u00bfa d\u00f3nde pararon el remate ustedes?, \u00a1caraduras!\u2019. Y el tipo, entonces me tuvo que nombrar, lo que hab\u00eda hecho yo: \u2018c\u00f3mo Lucy que tuvo salir un d\u00eda a defender, que tendr\u00eda que estar hoy en su casa\u2019. <\/i>Estos testimonios permiten inferir, por un lado, un reconocimiento de algunas personas sobre la actuaci\u00f3n del MML, pero, por el otro, un desprecio de los dirigentes rurales, todos hombres, nucleados en la FAA, en la medida en que el MML cuestionaba su poder y capacidad, como federaci\u00f3n, pero fundamentalmente como hombres. Como agravante, esto era llevado\u00a0 a cabo por mujeres, quienes tienen como \u201clugar natural\u201d la casa.<\/span><br \/>\n<span style=\"color: #000000;\">En el mismo sentido, en 1998 un dirigente agropecuario se\u00f1alaba sobre el MML: <i>\u201cYo tomo esto, la lucha de las mujeres, como la lucha de la familia agropecuaria, la familia agropecuaria sali\u00f3 a la calle .Las mujeres se manejan por sus sentimientos y por su reacci\u00f3n natural y lo\u00a0 valoramos much\u00edsimo. Lo importante es se\u00f1alar que las Mujeres en Lucha son la familia del productor agropecuario, que cuando vieron que quedaban en la calle, que ya el productor se desvanec\u00eda y su familia iba a la calle y sus hijos no com\u00edan, las mujeres salieron a luchar\u201d. <\/i>Plantear la irracionalidad femenina y ver a las mujeres como ap\u00e9ndices de los hombres, en tanto esposas de los chacareros, es propio de la cultura machista de la cual forman parte. Pero estos comentarios que buscaban deslegitimar el MML no llegaron siquiera a opacarlo. En la misma entrevista mencionada anteriormente, Lucy recuerda lo que a los dirigentes agropecuarios contest\u00f3: \u201c<i>les quiero decir se\u00f1ores que nosotros no salimos a robar el espacio, nosotros se lo ganamos en la lucha, y nunca a ustedes los vi parando un remate\u201d.<\/i><\/span><br \/>\n<span style=\"color: #000000;\">Incluso sin desearlo, estas mujeres terminaron por desafiar los roles que hist\u00f3ricamente se le adjudic\u00f3 a cada g\u00e9nero: el deber ser. Este proceso no est\u00e1 concluido, ni mucho menos. Pero tenemos en el Movimiento de Mujeres Agropecuarias en Lucha un ejemplo en el cual referenciarnos y proyectarnos como mujeres, pero fundamentalmente como sociedad, para construir una comunidad donde podamos ser diferentes sin ser desiguales.<\/span><\/p>\n<div><br clear=\"all\" \/><\/p>\n<hr align=\"left\" size=\"1\" width=\"33%\" \/>\n<div>\n<a title=\"\" href=\"file:\/\/\/C:\/Users\/Lenny\/Downloads\/Los-dirigentes-rurales-nos-odian.-Nota-.docx#_ftnref1\">[1]<\/a> *Estudiante de Historia FCH-UNLPam<br \/>\n&nbsp;\n<\/div>\n<\/div>\n","protected":false},"excerpt":{"rendered":"<p>\u201cLos dirigentes rurales nos odian\u201d: m\u00e1s de 20 a\u00f1os del Movimiento de Mujeres Agropecuarias en Lucha Por Dolores Arrizabalaga[1] \u00a0El an\u00e1lisis y la reflexi\u00f3n sobre el pasado reciente de nuestro pa\u00eds y de nuestra provincia, implica necesariamente una combinaci\u00f3n de m\u00faltiples perspectivas de abordaje. No obstante, una de estas perspectivas es transversal a todas las [&hellip;]<\/p>\n","protected":false},"author":1,"featured_media":0,"comment_status":"open","ping_status":"open","sticky":false,"template":"","format":"standard","meta":{"iawp_total_views":97,"footnotes":""},"categories":[9,6],"tags":[25,30],"class_list":["post-23393","post","type-post","status-publish","format-standard","hentry","category-de-esi-si-se-habla","category-articulos","tag-activismo","tag-derechos-humanos"],"nelio_content":{"autoShareEndMode":"never","automationSources":{"useCustomSentences":false,"customSentences":[]},"efiAlt":"","efiUrl":"","followers":[],"highlights":[],"isAutoShareEnabled":true,"networkImageIds":[],"permalinkQueryArgs":[],"series":[],"suggestedReferences":[]},"yoast_head":"<!-- This site is optimized with the Yoast SEO plugin v27.5 - https:\/\/yoast.com\/product\/yoast-seo-wordpress\/ -->\n<title>\u201cLos dirigentes rurales nos odian\u201d: m\u00e1s de 20 a\u00f1os del Movimiento de Mujeres Agropecuarias en Lucha - Diario Digital Femenino<\/title>\n<meta name=\"description\" content=\"\u201cLos dirigentes rurales nos odian\u201d: m\u00e1s de 20 a\u00f1os del Movimiento de Mujeres Agropecuarias en Lucha\" \/>\n<meta name=\"robots\" content=\"index, follow, max-snippet:-1, max-image-preview:large, max-video-preview:-1\" \/>\n<link rel=\"canonical\" href=\"https:\/\/diariofemenino.com.ar\/df\/los-dirigentes-rurales-nos-odian-mas-de-20-anos-del-movimiento-de-mujeres-agropecuarias-en-lucha\/\" \/>\n<meta property=\"og:locale\" content=\"es_ES\" \/>\n<meta property=\"og:type\" content=\"article\" \/>\n<meta property=\"og:title\" content=\"\u201cLos dirigentes rurales nos odian\u201d: m\u00e1s de 20 a\u00f1os del Movimiento de Mujeres Agropecuarias en Lucha - Diario Digital Femenino\" \/>\n<meta property=\"og:description\" content=\"\u201cLos dirigentes rurales nos odian\u201d: m\u00e1s de 20 a\u00f1os del Movimiento de Mujeres Agropecuarias en Lucha\" \/>\n<meta property=\"og:url\" content=\"https:\/\/diariofemenino.com.ar\/df\/los-dirigentes-rurales-nos-odian-mas-de-20-anos-del-movimiento-de-mujeres-agropecuarias-en-lucha\/\" \/>\n<meta property=\"og:site_name\" content=\"Diario Digital Femenino\" \/>\n<meta property=\"article:publisher\" content=\"https:\/\/www.facebook.com\/DiarioDigitaFemenino\/\" \/>\n<meta property=\"article:published_time\" content=\"2016-07-06T15:26:11+00:00\" \/>\n<meta property=\"og:image\" content=\"http:\/\/www.diariofemenino.com.ar\/wp-content\/uploads\/13595373_1165071786848089_775301946_n.jpg\" \/>\n<meta name=\"author\" content=\"Admin\" \/>\n<meta name=\"twitter:card\" content=\"summary_large_image\" \/>\n<meta name=\"twitter:creator\" content=\"@DiarioFemenino1\" \/>\n<meta name=\"twitter:site\" content=\"@DiarioFemenino1\" \/>\n<meta name=\"twitter:label1\" content=\"Escrito por\" \/>\n\t<meta name=\"twitter:data1\" content=\"Admin\" \/>\n\t<meta name=\"twitter:label2\" content=\"Tiempo de lectura\" \/>\n\t<meta name=\"twitter:data2\" content=\"6 minutos\" \/>\n<script type=\"application\/ld+json\" class=\"yoast-schema-graph\">{\"@context\":\"https:\\\/\\\/schema.org\",\"@graph\":[{\"@type\":\"Article\",\"@id\":\"https:\\\/\\\/diariofemenino.com.ar\\\/df\\\/los-dirigentes-rurales-nos-odian-mas-de-20-anos-del-movimiento-de-mujeres-agropecuarias-en-lucha\\\/#article\",\"isPartOf\":{\"@id\":\"https:\\\/\\\/diariofemenino.com.ar\\\/df\\\/los-dirigentes-rurales-nos-odian-mas-de-20-anos-del-movimiento-de-mujeres-agropecuarias-en-lucha\\\/\"},\"author\":{\"name\":\"Admin\",\"@id\":\"https:\\\/\\\/diariofemenino.com.ar\\\/df\\\/#\\\/schema\\\/person\\\/38f54b3bfd13f561de2460ba95c169c6\"},\"headline\":\"\u201cLos dirigentes rurales nos odian\u201d: m\u00e1s de 20 a\u00f1os del Movimiento de Mujeres Agropecuarias en Lucha\",\"datePublished\":\"2016-07-06T15:26:11+00:00\",\"mainEntityOfPage\":{\"@id\":\"https:\\\/\\\/diariofemenino.com.ar\\\/df\\\/los-dirigentes-rurales-nos-odian-mas-de-20-anos-del-movimiento-de-mujeres-agropecuarias-en-lucha\\\/\"},\"wordCount\":1302,\"commentCount\":0,\"publisher\":{\"@id\":\"https:\\\/\\\/diariofemenino.com.ar\\\/df\\\/#organization\"},\"image\":{\"@id\":\"https:\\\/\\\/diariofemenino.com.ar\\\/df\\\/los-dirigentes-rurales-nos-odian-mas-de-20-anos-del-movimiento-de-mujeres-agropecuarias-en-lucha\\\/#primaryimage\"},\"thumbnailUrl\":\"http:\\\/\\\/www.diariofemenino.com.ar\\\/wp-content\\\/uploads\\\/13595373_1165071786848089_775301946_n.jpg\",\"keywords\":[\"Activismo\",\"Derechos Humanos\"],\"articleSection\":[\"De ESI S\u00ed Se Habla\",\"Mujeres en Palabras\"],\"inLanguage\":\"es\",\"potentialAction\":[{\"@type\":\"CommentAction\",\"name\":\"Comment\",\"target\":[\"https:\\\/\\\/diariofemenino.com.ar\\\/df\\\/los-dirigentes-rurales-nos-odian-mas-de-20-anos-del-movimiento-de-mujeres-agropecuarias-en-lucha\\\/#respond\"]}]},{\"@type\":\"WebPage\",\"@id\":\"https:\\\/\\\/diariofemenino.com.ar\\\/df\\\/los-dirigentes-rurales-nos-odian-mas-de-20-anos-del-movimiento-de-mujeres-agropecuarias-en-lucha\\\/\",\"url\":\"https:\\\/\\\/diariofemenino.com.ar\\\/df\\\/los-dirigentes-rurales-nos-odian-mas-de-20-anos-del-movimiento-de-mujeres-agropecuarias-en-lucha\\\/\",\"name\":\"\u201cLos dirigentes rurales nos odian\u201d: m\u00e1s de 20 a\u00f1os del Movimiento de Mujeres Agropecuarias en Lucha - Diario Digital Femenino\",\"isPartOf\":{\"@id\":\"https:\\\/\\\/diariofemenino.com.ar\\\/df\\\/#website\"},\"primaryImageOfPage\":{\"@id\":\"https:\\\/\\\/diariofemenino.com.ar\\\/df\\\/los-dirigentes-rurales-nos-odian-mas-de-20-anos-del-movimiento-de-mujeres-agropecuarias-en-lucha\\\/#primaryimage\"},\"image\":{\"@id\":\"https:\\\/\\\/diariofemenino.com.ar\\\/df\\\/los-dirigentes-rurales-nos-odian-mas-de-20-anos-del-movimiento-de-mujeres-agropecuarias-en-lucha\\\/#primaryimage\"},\"thumbnailUrl\":\"http:\\\/\\\/www.diariofemenino.com.ar\\\/wp-content\\\/uploads\\\/13595373_1165071786848089_775301946_n.jpg\",\"datePublished\":\"2016-07-06T15:26:11+00:00\",\"description\":\"\u201cLos dirigentes rurales nos odian\u201d: m\u00e1s de 20 a\u00f1os del Movimiento de Mujeres Agropecuarias en Lucha\",\"breadcrumb\":{\"@id\":\"https:\\\/\\\/diariofemenino.com.ar\\\/df\\\/los-dirigentes-rurales-nos-odian-mas-de-20-anos-del-movimiento-de-mujeres-agropecuarias-en-lucha\\\/#breadcrumb\"},\"inLanguage\":\"es\",\"potentialAction\":[{\"@type\":\"ReadAction\",\"target\":[\"https:\\\/\\\/diariofemenino.com.ar\\\/df\\\/los-dirigentes-rurales-nos-odian-mas-de-20-anos-del-movimiento-de-mujeres-agropecuarias-en-lucha\\\/\"]}]},{\"@type\":\"ImageObject\",\"inLanguage\":\"es\",\"@id\":\"https:\\\/\\\/diariofemenino.com.ar\\\/df\\\/los-dirigentes-rurales-nos-odian-mas-de-20-anos-del-movimiento-de-mujeres-agropecuarias-en-lucha\\\/#primaryimage\",\"url\":\"http:\\\/\\\/www.diariofemenino.com.ar\\\/wp-content\\\/uploads\\\/13595373_1165071786848089_775301946_n.jpg\",\"contentUrl\":\"http:\\\/\\\/www.diariofemenino.com.ar\\\/wp-content\\\/uploads\\\/13595373_1165071786848089_775301946_n.jpg\"},{\"@type\":\"BreadcrumbList\",\"@id\":\"https:\\\/\\\/diariofemenino.com.ar\\\/df\\\/los-dirigentes-rurales-nos-odian-mas-de-20-anos-del-movimiento-de-mujeres-agropecuarias-en-lucha\\\/#breadcrumb\",\"itemListElement\":[{\"@type\":\"ListItem\",\"position\":1,\"name\":\"Portada\",\"item\":\"https:\\\/\\\/diariofemenino.com.ar\\\/df\\\/\"},{\"@type\":\"ListItem\",\"position\":2,\"name\":\"\u201cLos dirigentes rurales nos odian\u201d: m\u00e1s de 20 a\u00f1os del Movimiento de Mujeres Agropecuarias en Lucha\"}]},{\"@type\":\"WebSite\",\"@id\":\"https:\\\/\\\/diariofemenino.com.ar\\\/df\\\/#website\",\"url\":\"https:\\\/\\\/diariofemenino.com.ar\\\/df\\\/\",\"name\":\"Diario Digital Femenino\",\"description\":\"Cuesti\u00f3n de G\u00e9nero\",\"publisher\":{\"@id\":\"https:\\\/\\\/diariofemenino.com.ar\\\/df\\\/#organization\"},\"potentialAction\":[{\"@type\":\"SearchAction\",\"target\":{\"@type\":\"EntryPoint\",\"urlTemplate\":\"https:\\\/\\\/diariofemenino.com.ar\\\/df\\\/?s={search_term_string}\"},\"query-input\":{\"@type\":\"PropertyValueSpecification\",\"valueRequired\":true,\"valueName\":\"search_term_string\"}}],\"inLanguage\":\"es\"},{\"@type\":\"Organization\",\"@id\":\"https:\\\/\\\/diariofemenino.com.ar\\\/df\\\/#organization\",\"name\":\"Diario Femenino\",\"url\":\"https:\\\/\\\/diariofemenino.com.ar\\\/df\\\/\",\"logo\":{\"@type\":\"ImageObject\",\"inLanguage\":\"es\",\"@id\":\"https:\\\/\\\/diariofemenino.com.ar\\\/df\\\/#\\\/schema\\\/logo\\\/image\\\/\",\"url\":\"https:\\\/\\\/diariofemenino.com.ar\\\/df\\\/wp-content\\\/uploads\\\/2018\\\/10\\\/logo.png\",\"contentUrl\":\"https:\\\/\\\/diariofemenino.com.ar\\\/df\\\/wp-content\\\/uploads\\\/2018\\\/10\\\/logo.png\",\"width\":500,\"height\":92,\"caption\":\"Diario Femenino\"},\"image\":{\"@id\":\"https:\\\/\\\/diariofemenino.com.ar\\\/df\\\/#\\\/schema\\\/logo\\\/image\\\/\"},\"sameAs\":[\"https:\\\/\\\/www.facebook.com\\\/DiarioDigitaFemenino\\\/\",\"https:\\\/\\\/x.com\\\/DiarioFemenino1\"]},{\"@type\":\"Person\",\"@id\":\"https:\\\/\\\/diariofemenino.com.ar\\\/df\\\/#\\\/schema\\\/person\\\/38f54b3bfd13f561de2460ba95c169c6\",\"name\":\"Admin\",\"image\":{\"@type\":\"ImageObject\",\"inLanguage\":\"es\",\"@id\":\"https:\\\/\\\/diariofemenino.com.ar\\\/df\\\/wp-content\\\/uploads\\\/2018\\\/12\\\/favicon-150x150.jpg\",\"url\":\"https:\\\/\\\/diariofemenino.com.ar\\\/df\\\/wp-content\\\/uploads\\\/2018\\\/12\\\/favicon-150x150.jpg\",\"contentUrl\":\"https:\\\/\\\/diariofemenino.com.ar\\\/df\\\/wp-content\\\/uploads\\\/2018\\\/12\\\/favicon-150x150.jpg\",\"caption\":\"Admin\"},\"url\":\"https:\\\/\\\/diariofemenino.com.ar\\\/df\\\/author\\\/adm18df\\\/\"}]}<\/script>\n<!-- \/ Yoast SEO plugin. -->","yoast_head_json":{"title":"\u201cLos dirigentes rurales nos odian\u201d: m\u00e1s de 20 a\u00f1os del Movimiento de Mujeres Agropecuarias en Lucha - Diario Digital Femenino","description":"\u201cLos dirigentes rurales nos odian\u201d: m\u00e1s de 20 a\u00f1os del Movimiento de Mujeres Agropecuarias en Lucha","robots":{"index":"index","follow":"follow","max-snippet":"max-snippet:-1","max-image-preview":"max-image-preview:large","max-video-preview":"max-video-preview:-1"},"canonical":"https:\/\/diariofemenino.com.ar\/df\/los-dirigentes-rurales-nos-odian-mas-de-20-anos-del-movimiento-de-mujeres-agropecuarias-en-lucha\/","og_locale":"es_ES","og_type":"article","og_title":"\u201cLos dirigentes rurales nos odian\u201d: m\u00e1s de 20 a\u00f1os del Movimiento de Mujeres Agropecuarias en Lucha - Diario Digital Femenino","og_description":"\u201cLos dirigentes rurales nos odian\u201d: m\u00e1s de 20 a\u00f1os del Movimiento de Mujeres Agropecuarias en Lucha","og_url":"https:\/\/diariofemenino.com.ar\/df\/los-dirigentes-rurales-nos-odian-mas-de-20-anos-del-movimiento-de-mujeres-agropecuarias-en-lucha\/","og_site_name":"Diario Digital Femenino","article_publisher":"https:\/\/www.facebook.com\/DiarioDigitaFemenino\/","article_published_time":"2016-07-06T15:26:11+00:00","og_image":[{"url":"http:\/\/www.diariofemenino.com.ar\/wp-content\/uploads\/13595373_1165071786848089_775301946_n.jpg","type":"","width":"","height":""}],"author":"Admin","twitter_card":"summary_large_image","twitter_creator":"@DiarioFemenino1","twitter_site":"@DiarioFemenino1","twitter_misc":{"Escrito por":"Admin","Tiempo de lectura":"6 minutos"},"schema":{"@context":"https:\/\/schema.org","@graph":[{"@type":"Article","@id":"https:\/\/diariofemenino.com.ar\/df\/los-dirigentes-rurales-nos-odian-mas-de-20-anos-del-movimiento-de-mujeres-agropecuarias-en-lucha\/#article","isPartOf":{"@id":"https:\/\/diariofemenino.com.ar\/df\/los-dirigentes-rurales-nos-odian-mas-de-20-anos-del-movimiento-de-mujeres-agropecuarias-en-lucha\/"},"author":{"name":"Admin","@id":"https:\/\/diariofemenino.com.ar\/df\/#\/schema\/person\/38f54b3bfd13f561de2460ba95c169c6"},"headline":"\u201cLos dirigentes rurales nos odian\u201d: m\u00e1s de 20 a\u00f1os del Movimiento de Mujeres Agropecuarias en Lucha","datePublished":"2016-07-06T15:26:11+00:00","mainEntityOfPage":{"@id":"https:\/\/diariofemenino.com.ar\/df\/los-dirigentes-rurales-nos-odian-mas-de-20-anos-del-movimiento-de-mujeres-agropecuarias-en-lucha\/"},"wordCount":1302,"commentCount":0,"publisher":{"@id":"https:\/\/diariofemenino.com.ar\/df\/#organization"},"image":{"@id":"https:\/\/diariofemenino.com.ar\/df\/los-dirigentes-rurales-nos-odian-mas-de-20-anos-del-movimiento-de-mujeres-agropecuarias-en-lucha\/#primaryimage"},"thumbnailUrl":"http:\/\/www.diariofemenino.com.ar\/wp-content\/uploads\/13595373_1165071786848089_775301946_n.jpg","keywords":["Activismo","Derechos Humanos"],"articleSection":["De ESI S\u00ed Se Habla","Mujeres en Palabras"],"inLanguage":"es","potentialAction":[{"@type":"CommentAction","name":"Comment","target":["https:\/\/diariofemenino.com.ar\/df\/los-dirigentes-rurales-nos-odian-mas-de-20-anos-del-movimiento-de-mujeres-agropecuarias-en-lucha\/#respond"]}]},{"@type":"WebPage","@id":"https:\/\/diariofemenino.com.ar\/df\/los-dirigentes-rurales-nos-odian-mas-de-20-anos-del-movimiento-de-mujeres-agropecuarias-en-lucha\/","url":"https:\/\/diariofemenino.com.ar\/df\/los-dirigentes-rurales-nos-odian-mas-de-20-anos-del-movimiento-de-mujeres-agropecuarias-en-lucha\/","name":"\u201cLos dirigentes rurales nos odian\u201d: m\u00e1s de 20 a\u00f1os del Movimiento de Mujeres Agropecuarias en Lucha - Diario Digital Femenino","isPartOf":{"@id":"https:\/\/diariofemenino.com.ar\/df\/#website"},"primaryImageOfPage":{"@id":"https:\/\/diariofemenino.com.ar\/df\/los-dirigentes-rurales-nos-odian-mas-de-20-anos-del-movimiento-de-mujeres-agropecuarias-en-lucha\/#primaryimage"},"image":{"@id":"https:\/\/diariofemenino.com.ar\/df\/los-dirigentes-rurales-nos-odian-mas-de-20-anos-del-movimiento-de-mujeres-agropecuarias-en-lucha\/#primaryimage"},"thumbnailUrl":"http:\/\/www.diariofemenino.com.ar\/wp-content\/uploads\/13595373_1165071786848089_775301946_n.jpg","datePublished":"2016-07-06T15:26:11+00:00","description":"\u201cLos dirigentes rurales nos odian\u201d: m\u00e1s de 20 a\u00f1os del Movimiento de Mujeres Agropecuarias en Lucha","breadcrumb":{"@id":"https:\/\/diariofemenino.com.ar\/df\/los-dirigentes-rurales-nos-odian-mas-de-20-anos-del-movimiento-de-mujeres-agropecuarias-en-lucha\/#breadcrumb"},"inLanguage":"es","potentialAction":[{"@type":"ReadAction","target":["https:\/\/diariofemenino.com.ar\/df\/los-dirigentes-rurales-nos-odian-mas-de-20-anos-del-movimiento-de-mujeres-agropecuarias-en-lucha\/"]}]},{"@type":"ImageObject","inLanguage":"es","@id":"https:\/\/diariofemenino.com.ar\/df\/los-dirigentes-rurales-nos-odian-mas-de-20-anos-del-movimiento-de-mujeres-agropecuarias-en-lucha\/#primaryimage","url":"http:\/\/www.diariofemenino.com.ar\/wp-content\/uploads\/13595373_1165071786848089_775301946_n.jpg","contentUrl":"http:\/\/www.diariofemenino.com.ar\/wp-content\/uploads\/13595373_1165071786848089_775301946_n.jpg"},{"@type":"BreadcrumbList","@id":"https:\/\/diariofemenino.com.ar\/df\/los-dirigentes-rurales-nos-odian-mas-de-20-anos-del-movimiento-de-mujeres-agropecuarias-en-lucha\/#breadcrumb","itemListElement":[{"@type":"ListItem","position":1,"name":"Portada","item":"https:\/\/diariofemenino.com.ar\/df\/"},{"@type":"ListItem","position":2,"name":"\u201cLos dirigentes rurales nos odian\u201d: m\u00e1s de 20 a\u00f1os del Movimiento de Mujeres Agropecuarias en Lucha"}]},{"@type":"WebSite","@id":"https:\/\/diariofemenino.com.ar\/df\/#website","url":"https:\/\/diariofemenino.com.ar\/df\/","name":"Diario Digital Femenino","description":"Cuesti\u00f3n de G\u00e9nero","publisher":{"@id":"https:\/\/diariofemenino.com.ar\/df\/#organization"},"potentialAction":[{"@type":"SearchAction","target":{"@type":"EntryPoint","urlTemplate":"https:\/\/diariofemenino.com.ar\/df\/?s={search_term_string}"},"query-input":{"@type":"PropertyValueSpecification","valueRequired":true,"valueName":"search_term_string"}}],"inLanguage":"es"},{"@type":"Organization","@id":"https:\/\/diariofemenino.com.ar\/df\/#organization","name":"Diario Femenino","url":"https:\/\/diariofemenino.com.ar\/df\/","logo":{"@type":"ImageObject","inLanguage":"es","@id":"https:\/\/diariofemenino.com.ar\/df\/#\/schema\/logo\/image\/","url":"https:\/\/diariofemenino.com.ar\/df\/wp-content\/uploads\/2018\/10\/logo.png","contentUrl":"https:\/\/diariofemenino.com.ar\/df\/wp-content\/uploads\/2018\/10\/logo.png","width":500,"height":92,"caption":"Diario Femenino"},"image":{"@id":"https:\/\/diariofemenino.com.ar\/df\/#\/schema\/logo\/image\/"},"sameAs":["https:\/\/www.facebook.com\/DiarioDigitaFemenino\/","https:\/\/x.com\/DiarioFemenino1"]},{"@type":"Person","@id":"https:\/\/diariofemenino.com.ar\/df\/#\/schema\/person\/38f54b3bfd13f561de2460ba95c169c6","name":"Admin","image":{"@type":"ImageObject","inLanguage":"es","@id":"https:\/\/diariofemenino.com.ar\/df\/wp-content\/uploads\/2018\/12\/favicon-150x150.jpg","url":"https:\/\/diariofemenino.com.ar\/df\/wp-content\/uploads\/2018\/12\/favicon-150x150.jpg","contentUrl":"https:\/\/diariofemenino.com.ar\/df\/wp-content\/uploads\/2018\/12\/favicon-150x150.jpg","caption":"Admin"},"url":"https:\/\/diariofemenino.com.ar\/df\/author\/adm18df\/"}]}},"jetpack_featured_media_url":"","jetpack_sharing_enabled":true,"rttpg_featured_image_url":null,"rttpg_author":{"display_name":"Admin","author_link":"https:\/\/diariofemenino.com.ar\/df\/author\/adm18df\/"},"rttpg_comment":0,"rttpg_category":"<a href=\"https:\/\/diariofemenino.com.ar\/df\/category\/de-esi-si-se-habla\/\" rel=\"category tag\">De ESI S\u00ed Se Habla<\/a> <a href=\"https:\/\/diariofemenino.com.ar\/df\/category\/articulos\/\" rel=\"category tag\">Mujeres en Palabras<\/a>","rttpg_excerpt":"\u201cLos dirigentes rurales nos odian\u201d: m\u00e1s de 20 a\u00f1os del Movimiento de Mujeres Agropecuarias en Lucha Por Dolores Arrizabalaga[1] \u00a0El an\u00e1lisis y la reflexi\u00f3n sobre el pasado reciente de nuestro pa\u00eds y de nuestra provincia, implica necesariamente una combinaci\u00f3n de m\u00faltiples perspectivas de abordaje. No obstante, una de estas perspectivas es transversal a todas las&hellip;","_links":{"self":[{"href":"https:\/\/diariofemenino.com.ar\/df\/wp-json\/wp\/v2\/posts\/23393","targetHints":{"allow":["GET"]}}],"collection":[{"href":"https:\/\/diariofemenino.com.ar\/df\/wp-json\/wp\/v2\/posts"}],"about":[{"href":"https:\/\/diariofemenino.com.ar\/df\/wp-json\/wp\/v2\/types\/post"}],"author":[{"embeddable":true,"href":"https:\/\/diariofemenino.com.ar\/df\/wp-json\/wp\/v2\/users\/1"}],"replies":[{"embeddable":true,"href":"https:\/\/diariofemenino.com.ar\/df\/wp-json\/wp\/v2\/comments?post=23393"}],"version-history":[{"count":0,"href":"https:\/\/diariofemenino.com.ar\/df\/wp-json\/wp\/v2\/posts\/23393\/revisions"}],"wp:attachment":[{"href":"https:\/\/diariofemenino.com.ar\/df\/wp-json\/wp\/v2\/media?parent=23393"}],"wp:term":[{"taxonomy":"category","embeddable":true,"href":"https:\/\/diariofemenino.com.ar\/df\/wp-json\/wp\/v2\/categories?post=23393"},{"taxonomy":"post_tag","embeddable":true,"href":"https:\/\/diariofemenino.com.ar\/df\/wp-json\/wp\/v2\/tags?post=23393"}],"curies":[{"name":"wp","href":"https:\/\/api.w.org\/{rel}","templated":true}]}}