{"id":2338,"date":"2012-07-04T09:13:08","date_gmt":"2012-07-04T12:13:08","guid":{"rendered":"http:\/\/www.diariofemenino.com.ar\/?p=2338"},"modified":"2012-07-04T09:13:08","modified_gmt":"2012-07-04T12:13:08","slug":"al-golpeador-la-roja","status":"publish","type":"post","link":"https:\/\/diariofemenino.com.ar\/df\/al-golpeador-la-roja\/","title":{"rendered":"Al golpeador, la roja"},"content":{"rendered":"<p>&nbsp;<br \/>\n&nbsp;<br \/>\n<em>Habr\u00e1 spots radiales, televisivos y piezas gr\u00e1ficas, con deportistas, actores y referente sociales. Est\u00e1 dirigida a los hombres. El mensaje: \u201cSac\u00e1 tarjeta roja al maltratador\u201d.<\/em><br \/>\n&nbsp;<\/p>\n<div>\n4 de julio de 2012. \u201cSac\u00e1 tarjeta roja al maltratador.\u201d. Con ese lema, se present\u00f3 una campa\u00f1a de inter\u00e9s p\u00fablico que busca comprometer a toda la sociedad para prevenir y denunciar la violencia de g\u00e9nero. M\u00e1s de cincuenta personalidades sociales, del deporte, la cultura y el espect\u00e1culo participaron de la movida, entre ellos el tenista Pico M\u00f3naco, la boxeadora Marcela \u201cTigresa\u201d Acu\u00f1a, los actores Lito Cruz, Benjam\u00edn Rojas, Sebasti\u00e1n Estevanez, Virginia Lago y Romina Gaetano, la activista de la diversidad Lohana Berkins y el rabino Daniel Goldman.<br \/>\nLa iniciativa invita a cada ciudadano a llevar una tarjeta roja similar a la que se utiliza para sancionar una acci\u00f3n prohibida en algunos deportes, para condenar toda forma de violencia machista y luchar activamente contra el maltrato. Se trata de expresar que la violencia de g\u00e9nero no tiene lugar en la sociedad.<br \/>\n\u201cEsta campa\u00f1a se suma a otras acciones que apuntan a generar conciencia e interpelar a los hombres violentos. No es una campa\u00f1a dirigida a las mujeres. Por primera vez participan varones que les hablan a otros varones. No es de hombres maltratar, les dicen. Rompe as\u00ed esa asociaci\u00f3n corporativa del macho que se manda la parte con sus amigos por pegarle a la mujer\u201d, cont\u00f3 a P\u00e1gina\/12 la psic\u00f3loga y periodista Liliana Hendel, una de las impulsoras de la campa\u00f1a, que cuenta con el apoyo de la Agencia Espa\u00f1ola de Cooperaci\u00f3n Internacional para el Desarrollo (Aecid) y del Ministerio de Desarrollo Social, el Consejo Nacional de las Mujeres y el Programa de Naciones Unidas para el Desarrollo (Pnud).<br \/>\nLa campa\u00f1a naci\u00f3 en Espa\u00f1a en 2010. Hendel, junto a otras tres mujeres, obtuvo los derechos y la adaptaron para realizarla en la Argentina. Las otras tres promotoras del proyecto son Ariela Mancke (Latina Urbana), Ester Mancera (de la ONG Enlaces territoriales para la equidad de g\u00e9nero) y Pilar Garea (Espa\u00f1oles en el mundo).<br \/>\nFlorencia Pe\u00f1a y Gast\u00f3n Pauls son madrina y padrino de la campa\u00f1a. \u201cLa campa\u00f1a busca concientizar a los varones para que traten a las mujeres en su dimensi\u00f3n real, como seres humanos\u201d, se\u00f1al\u00f3 a P\u00e1gina\/12 el rabino Goldman.<br \/>\nAdem\u00e1s de los spots radiales, televisivos y piezas gr\u00e1ficas, con deportistas, actores y actrices y referente sociales y de la cultura, la campa\u00f1a tiene otro eje: el portal www.sacatarjetaroja.com.ar, que invita a la participaci\u00f3n activa de toda la sociedad. All\u00ed cualquiera puede descargar la tarjeta y subir su propia foto. El sitio contiene, adem\u00e1s de toda la informaci\u00f3n de la campa\u00f1a, una solapa de \u201cdatos \u00fatiles\u201d donde se puede encontrar informaci\u00f3n de l\u00edneas gratuitas para asesoramiento y atenci\u00f3n.<br \/>\nLa campa\u00f1a fue declarada de inter\u00e9s social y de promoci\u00f3n y difusi\u00f3n de los derechos humanos de las mujeres por la Legislatura porte\u00f1a. \u201cLos t\u00e9rminos y alcances de esta campa\u00f1a impulsan la reflexi\u00f3n colectiva sobre esta violaci\u00f3n a los derechos humanos que, sin duda alguna, resulta la m\u00e1s antigua y frecuente en el mundo y afecta gravemente las capacidades y posibilidades de desarrollo individual, social y laboral de mujeres, ni\u00f1as y ni\u00f1os\u201d, expres\u00f3 la diputada Mar\u00eda Elena Naddeo, impulsora de la declaraci\u00f3n. \u201cComo legisladores y legisladoras, sabemos que si bien la promulgaci\u00f3n de leyes y su reglamentaci\u00f3n indican un avance indispensable, no son suficientes a la hora de resolver esta problem\u00e1tica que nos afecta a todos y todas, sobre todo a las mujeres, ni\u00f1as y ni\u00f1os\u201d, agreg\u00f3. El mensaje de la campa\u00f1a es claro: la violencia de g\u00e9nero no tiene lugar en la sociedad.<br \/>\n&nbsp;<br \/>\n&nbsp;<br \/>\n&nbsp;<br \/>\nFuente:\u00a0 <a href=\"http:\/\/www.pagina12.com.ar\/diario\/sociedad\/3-197880-2012-07-04.html\" target=\"_blank\">P\u00e1gina 12<\/a>\n<\/div>\n","protected":false},"excerpt":{"rendered":"<p>&nbsp; &nbsp; Habr\u00e1 spots radiales, televisivos y piezas gr\u00e1ficas, con deportistas, actores y referente sociales. Est\u00e1 dirigida a los hombres. El mensaje: \u201cSac\u00e1 tarjeta roja al maltratador\u201d. &nbsp; 4 de julio de 2012. \u201cSac\u00e1 tarjeta roja al maltratador.\u201d. Con ese lema, se present\u00f3 una campa\u00f1a de inter\u00e9s p\u00fablico que busca comprometer a toda la sociedad [&hellip;]<\/p>\n","protected":false},"author":1,"featured_media":2339,"comment_status":"open","ping_status":"open","sticky":false,"template":"","format":"standard","meta":{"iawp_total_views":0,"footnotes":""},"categories":[4,13],"tags":[],"class_list":["post-2338","post","type-post","status-publish","format-standard","has-post-thumbnail","hentry","category-medios","category-mujeres-sindicalistas"],"nelio_content":{"autoShareEndMode":"never","automationSources":{"useCustomSentences":false,"customSentences":[]},"efiAlt":"","efiUrl":"","followers":[],"highlights":[],"isAutoShareEnabled":true,"networkImageIds":[],"permalinkQueryArgs":[],"series":[],"suggestedReferences":[]},"yoast_head":"<!-- This site is optimized with the Yoast SEO plugin v27.5 - https:\/\/yoast.com\/product\/yoast-seo-wordpress\/ -->\n<title>Al golpeador, la roja - Diario Digital Femenino<\/title>\n<meta name=\"robots\" content=\"index, follow, max-snippet:-1, max-image-preview:large, max-video-preview:-1\" \/>\n<link rel=\"canonical\" href=\"https:\/\/diariofemenino.com.ar\/df\/al-golpeador-la-roja\/\" \/>\n<meta property=\"og:locale\" content=\"es_ES\" \/>\n<meta property=\"og:type\" content=\"article\" \/>\n<meta property=\"og:title\" content=\"Al golpeador, la roja - Diario Digital Femenino\" \/>\n<meta property=\"og:description\" content=\"&nbsp; &nbsp; Habr\u00e1 spots radiales, televisivos y piezas gr\u00e1ficas, con deportistas, actores y referente sociales. Est\u00e1 dirigida a los hombres. El mensaje: \u201cSac\u00e1 tarjeta roja al maltratador\u201d. &nbsp; 4 de julio de 2012. \u201cSac\u00e1 tarjeta roja al maltratador.\u201d. Con ese lema, se present\u00f3 una campa\u00f1a de inter\u00e9s p\u00fablico que busca comprometer a toda la sociedad [&hellip;]\" \/>\n<meta property=\"og:url\" content=\"https:\/\/diariofemenino.com.ar\/df\/al-golpeador-la-roja\/\" \/>\n<meta property=\"og:site_name\" content=\"Diario Digital Femenino\" \/>\n<meta property=\"article:publisher\" content=\"https:\/\/www.facebook.com\/DiarioDigitaFemenino\/\" \/>\n<meta property=\"article:published_time\" content=\"2012-07-04T12:13:08+00:00\" \/>\n<meta property=\"og:image\" content=\"https:\/\/diariofemenino.com.ar\/df\/wp-content\/uploads\/2016\/10\/logo-negro.png\" \/>\n\t<meta property=\"og:image:width\" content=\"855\" \/>\n\t<meta property=\"og:image:height\" content=\"319\" \/>\n\t<meta property=\"og:image:type\" content=\"image\/png\" \/>\n<meta name=\"author\" content=\"Admin\" \/>\n<meta name=\"twitter:card\" content=\"summary_large_image\" \/>\n<meta name=\"twitter:creator\" content=\"@DiarioFemenino1\" \/>\n<meta name=\"twitter:site\" content=\"@DiarioFemenino1\" \/>\n<meta name=\"twitter:label1\" content=\"Escrito por\" \/>\n\t<meta name=\"twitter:data1\" content=\"Admin\" \/>\n\t<meta name=\"twitter:label2\" content=\"Tiempo de lectura\" \/>\n\t<meta name=\"twitter:data2\" content=\"3 minutos\" \/>\n<script type=\"application\/ld+json\" class=\"yoast-schema-graph\">{\"@context\":\"https:\\\/\\\/schema.org\",\"@graph\":[{\"@type\":\"Article\",\"@id\":\"https:\\\/\\\/diariofemenino.com.ar\\\/df\\\/al-golpeador-la-roja\\\/#article\",\"isPartOf\":{\"@id\":\"https:\\\/\\\/diariofemenino.com.ar\\\/df\\\/al-golpeador-la-roja\\\/\"},\"author\":{\"name\":\"Admin\",\"@id\":\"https:\\\/\\\/diariofemenino.com.ar\\\/df\\\/#\\\/schema\\\/person\\\/38f54b3bfd13f561de2460ba95c169c6\"},\"headline\":\"Al golpeador, la roja\",\"datePublished\":\"2012-07-04T12:13:08+00:00\",\"mainEntityOfPage\":{\"@id\":\"https:\\\/\\\/diariofemenino.com.ar\\\/df\\\/al-golpeador-la-roja\\\/\"},\"wordCount\":673,\"commentCount\":0,\"publisher\":{\"@id\":\"https:\\\/\\\/diariofemenino.com.ar\\\/df\\\/#organization\"},\"image\":{\"@id\":\"https:\\\/\\\/diariofemenino.com.ar\\\/df\\\/al-golpeador-la-roja\\\/#primaryimage\"},\"thumbnailUrl\":\"\",\"articleSection\":[\"Medios\",\"Mujeres Sindicalistas\"],\"inLanguage\":\"es\",\"potentialAction\":[{\"@type\":\"CommentAction\",\"name\":\"Comment\",\"target\":[\"https:\\\/\\\/diariofemenino.com.ar\\\/df\\\/al-golpeador-la-roja\\\/#respond\"]}]},{\"@type\":\"WebPage\",\"@id\":\"https:\\\/\\\/diariofemenino.com.ar\\\/df\\\/al-golpeador-la-roja\\\/\",\"url\":\"https:\\\/\\\/diariofemenino.com.ar\\\/df\\\/al-golpeador-la-roja\\\/\",\"name\":\"Al golpeador, la roja - Diario Digital Femenino\",\"isPartOf\":{\"@id\":\"https:\\\/\\\/diariofemenino.com.ar\\\/df\\\/#website\"},\"primaryImageOfPage\":{\"@id\":\"https:\\\/\\\/diariofemenino.com.ar\\\/df\\\/al-golpeador-la-roja\\\/#primaryimage\"},\"image\":{\"@id\":\"https:\\\/\\\/diariofemenino.com.ar\\\/df\\\/al-golpeador-la-roja\\\/#primaryimage\"},\"thumbnailUrl\":\"\",\"datePublished\":\"2012-07-04T12:13:08+00:00\",\"breadcrumb\":{\"@id\":\"https:\\\/\\\/diariofemenino.com.ar\\\/df\\\/al-golpeador-la-roja\\\/#breadcrumb\"},\"inLanguage\":\"es\",\"potentialAction\":[{\"@type\":\"ReadAction\",\"target\":[\"https:\\\/\\\/diariofemenino.com.ar\\\/df\\\/al-golpeador-la-roja\\\/\"]}]},{\"@type\":\"ImageObject\",\"inLanguage\":\"es\",\"@id\":\"https:\\\/\\\/diariofemenino.com.ar\\\/df\\\/al-golpeador-la-roja\\\/#primaryimage\",\"url\":\"\",\"contentUrl\":\"\"},{\"@type\":\"BreadcrumbList\",\"@id\":\"https:\\\/\\\/diariofemenino.com.ar\\\/df\\\/al-golpeador-la-roja\\\/#breadcrumb\",\"itemListElement\":[{\"@type\":\"ListItem\",\"position\":1,\"name\":\"Portada\",\"item\":\"https:\\\/\\\/diariofemenino.com.ar\\\/df\\\/\"},{\"@type\":\"ListItem\",\"position\":2,\"name\":\"Al golpeador, la roja\"}]},{\"@type\":\"WebSite\",\"@id\":\"https:\\\/\\\/diariofemenino.com.ar\\\/df\\\/#website\",\"url\":\"https:\\\/\\\/diariofemenino.com.ar\\\/df\\\/\",\"name\":\"Diario Digital Femenino\",\"description\":\"Cuesti\u00f3n de G\u00e9nero\",\"publisher\":{\"@id\":\"https:\\\/\\\/diariofemenino.com.ar\\\/df\\\/#organization\"},\"potentialAction\":[{\"@type\":\"SearchAction\",\"target\":{\"@type\":\"EntryPoint\",\"urlTemplate\":\"https:\\\/\\\/diariofemenino.com.ar\\\/df\\\/?s={search_term_string}\"},\"query-input\":{\"@type\":\"PropertyValueSpecification\",\"valueRequired\":true,\"valueName\":\"search_term_string\"}}],\"inLanguage\":\"es\"},{\"@type\":\"Organization\",\"@id\":\"https:\\\/\\\/diariofemenino.com.ar\\\/df\\\/#organization\",\"name\":\"Diario Femenino\",\"url\":\"https:\\\/\\\/diariofemenino.com.ar\\\/df\\\/\",\"logo\":{\"@type\":\"ImageObject\",\"inLanguage\":\"es\",\"@id\":\"https:\\\/\\\/diariofemenino.com.ar\\\/df\\\/#\\\/schema\\\/logo\\\/image\\\/\",\"url\":\"https:\\\/\\\/diariofemenino.com.ar\\\/df\\\/wp-content\\\/uploads\\\/2018\\\/10\\\/logo.png\",\"contentUrl\":\"https:\\\/\\\/diariofemenino.com.ar\\\/df\\\/wp-content\\\/uploads\\\/2018\\\/10\\\/logo.png\",\"width\":500,\"height\":92,\"caption\":\"Diario Femenino\"},\"image\":{\"@id\":\"https:\\\/\\\/diariofemenino.com.ar\\\/df\\\/#\\\/schema\\\/logo\\\/image\\\/\"},\"sameAs\":[\"https:\\\/\\\/www.facebook.com\\\/DiarioDigitaFemenino\\\/\",\"https:\\\/\\\/x.com\\\/DiarioFemenino1\"]},{\"@type\":\"Person\",\"@id\":\"https:\\\/\\\/diariofemenino.com.ar\\\/df\\\/#\\\/schema\\\/person\\\/38f54b3bfd13f561de2460ba95c169c6\",\"name\":\"Admin\",\"image\":{\"@type\":\"ImageObject\",\"inLanguage\":\"es\",\"@id\":\"https:\\\/\\\/diariofemenino.com.ar\\\/df\\\/wp-content\\\/uploads\\\/2018\\\/12\\\/favicon-150x150.jpg\",\"url\":\"https:\\\/\\\/diariofemenino.com.ar\\\/df\\\/wp-content\\\/uploads\\\/2018\\\/12\\\/favicon-150x150.jpg\",\"contentUrl\":\"https:\\\/\\\/diariofemenino.com.ar\\\/df\\\/wp-content\\\/uploads\\\/2018\\\/12\\\/favicon-150x150.jpg\",\"caption\":\"Admin\"},\"url\":\"https:\\\/\\\/diariofemenino.com.ar\\\/df\\\/author\\\/adm18df\\\/\"}]}<\/script>\n<!-- \/ Yoast SEO plugin. -->","yoast_head_json":{"title":"Al golpeador, la roja - Diario Digital Femenino","robots":{"index":"index","follow":"follow","max-snippet":"max-snippet:-1","max-image-preview":"max-image-preview:large","max-video-preview":"max-video-preview:-1"},"canonical":"https:\/\/diariofemenino.com.ar\/df\/al-golpeador-la-roja\/","og_locale":"es_ES","og_type":"article","og_title":"Al golpeador, la roja - Diario Digital Femenino","og_description":"&nbsp; &nbsp; Habr\u00e1 spots radiales, televisivos y piezas gr\u00e1ficas, con deportistas, actores y referente sociales. Est\u00e1 dirigida a los hombres. El mensaje: \u201cSac\u00e1 tarjeta roja al maltratador\u201d. &nbsp; 4 de julio de 2012. \u201cSac\u00e1 tarjeta roja al maltratador.\u201d. Con ese lema, se present\u00f3 una campa\u00f1a de inter\u00e9s p\u00fablico que busca comprometer a toda la sociedad [&hellip;]","og_url":"https:\/\/diariofemenino.com.ar\/df\/al-golpeador-la-roja\/","og_site_name":"Diario Digital Femenino","article_publisher":"https:\/\/www.facebook.com\/DiarioDigitaFemenino\/","article_published_time":"2012-07-04T12:13:08+00:00","og_image":[{"width":855,"height":319,"url":"https:\/\/diariofemenino.com.ar\/df\/wp-content\/uploads\/2016\/10\/logo-negro.png","type":"image\/png"}],"author":"Admin","twitter_card":"summary_large_image","twitter_creator":"@DiarioFemenino1","twitter_site":"@DiarioFemenino1","twitter_misc":{"Escrito por":"Admin","Tiempo de lectura":"3 minutos"},"schema":{"@context":"https:\/\/schema.org","@graph":[{"@type":"Article","@id":"https:\/\/diariofemenino.com.ar\/df\/al-golpeador-la-roja\/#article","isPartOf":{"@id":"https:\/\/diariofemenino.com.ar\/df\/al-golpeador-la-roja\/"},"author":{"name":"Admin","@id":"https:\/\/diariofemenino.com.ar\/df\/#\/schema\/person\/38f54b3bfd13f561de2460ba95c169c6"},"headline":"Al golpeador, la roja","datePublished":"2012-07-04T12:13:08+00:00","mainEntityOfPage":{"@id":"https:\/\/diariofemenino.com.ar\/df\/al-golpeador-la-roja\/"},"wordCount":673,"commentCount":0,"publisher":{"@id":"https:\/\/diariofemenino.com.ar\/df\/#organization"},"image":{"@id":"https:\/\/diariofemenino.com.ar\/df\/al-golpeador-la-roja\/#primaryimage"},"thumbnailUrl":"","articleSection":["Medios","Mujeres Sindicalistas"],"inLanguage":"es","potentialAction":[{"@type":"CommentAction","name":"Comment","target":["https:\/\/diariofemenino.com.ar\/df\/al-golpeador-la-roja\/#respond"]}]},{"@type":"WebPage","@id":"https:\/\/diariofemenino.com.ar\/df\/al-golpeador-la-roja\/","url":"https:\/\/diariofemenino.com.ar\/df\/al-golpeador-la-roja\/","name":"Al golpeador, la roja - Diario Digital Femenino","isPartOf":{"@id":"https:\/\/diariofemenino.com.ar\/df\/#website"},"primaryImageOfPage":{"@id":"https:\/\/diariofemenino.com.ar\/df\/al-golpeador-la-roja\/#primaryimage"},"image":{"@id":"https:\/\/diariofemenino.com.ar\/df\/al-golpeador-la-roja\/#primaryimage"},"thumbnailUrl":"","datePublished":"2012-07-04T12:13:08+00:00","breadcrumb":{"@id":"https:\/\/diariofemenino.com.ar\/df\/al-golpeador-la-roja\/#breadcrumb"},"inLanguage":"es","potentialAction":[{"@type":"ReadAction","target":["https:\/\/diariofemenino.com.ar\/df\/al-golpeador-la-roja\/"]}]},{"@type":"ImageObject","inLanguage":"es","@id":"https:\/\/diariofemenino.com.ar\/df\/al-golpeador-la-roja\/#primaryimage","url":"","contentUrl":""},{"@type":"BreadcrumbList","@id":"https:\/\/diariofemenino.com.ar\/df\/al-golpeador-la-roja\/#breadcrumb","itemListElement":[{"@type":"ListItem","position":1,"name":"Portada","item":"https:\/\/diariofemenino.com.ar\/df\/"},{"@type":"ListItem","position":2,"name":"Al golpeador, la roja"}]},{"@type":"WebSite","@id":"https:\/\/diariofemenino.com.ar\/df\/#website","url":"https:\/\/diariofemenino.com.ar\/df\/","name":"Diario Digital Femenino","description":"Cuesti\u00f3n de G\u00e9nero","publisher":{"@id":"https:\/\/diariofemenino.com.ar\/df\/#organization"},"potentialAction":[{"@type":"SearchAction","target":{"@type":"EntryPoint","urlTemplate":"https:\/\/diariofemenino.com.ar\/df\/?s={search_term_string}"},"query-input":{"@type":"PropertyValueSpecification","valueRequired":true,"valueName":"search_term_string"}}],"inLanguage":"es"},{"@type":"Organization","@id":"https:\/\/diariofemenino.com.ar\/df\/#organization","name":"Diario Femenino","url":"https:\/\/diariofemenino.com.ar\/df\/","logo":{"@type":"ImageObject","inLanguage":"es","@id":"https:\/\/diariofemenino.com.ar\/df\/#\/schema\/logo\/image\/","url":"https:\/\/diariofemenino.com.ar\/df\/wp-content\/uploads\/2018\/10\/logo.png","contentUrl":"https:\/\/diariofemenino.com.ar\/df\/wp-content\/uploads\/2018\/10\/logo.png","width":500,"height":92,"caption":"Diario Femenino"},"image":{"@id":"https:\/\/diariofemenino.com.ar\/df\/#\/schema\/logo\/image\/"},"sameAs":["https:\/\/www.facebook.com\/DiarioDigitaFemenino\/","https:\/\/x.com\/DiarioFemenino1"]},{"@type":"Person","@id":"https:\/\/diariofemenino.com.ar\/df\/#\/schema\/person\/38f54b3bfd13f561de2460ba95c169c6","name":"Admin","image":{"@type":"ImageObject","inLanguage":"es","@id":"https:\/\/diariofemenino.com.ar\/df\/wp-content\/uploads\/2018\/12\/favicon-150x150.jpg","url":"https:\/\/diariofemenino.com.ar\/df\/wp-content\/uploads\/2018\/12\/favicon-150x150.jpg","contentUrl":"https:\/\/diariofemenino.com.ar\/df\/wp-content\/uploads\/2018\/12\/favicon-150x150.jpg","caption":"Admin"},"url":"https:\/\/diariofemenino.com.ar\/df\/author\/adm18df\/"}]}},"jetpack_featured_media_url":"","jetpack_sharing_enabled":true,"rttpg_featured_image_url":null,"rttpg_author":{"display_name":"Admin","author_link":"https:\/\/diariofemenino.com.ar\/df\/author\/adm18df\/"},"rttpg_comment":0,"rttpg_category":"<a href=\"https:\/\/diariofemenino.com.ar\/df\/category\/medios\/\" rel=\"category tag\">Medios<\/a> <a href=\"https:\/\/diariofemenino.com.ar\/df\/category\/mujeres-sindicalistas\/\" rel=\"category tag\">Mujeres Sindicalistas<\/a>","rttpg_excerpt":"&nbsp; &nbsp; Habr\u00e1 spots radiales, televisivos y piezas gr\u00e1ficas, con deportistas, actores y referente sociales. Est\u00e1 dirigida a los hombres. El mensaje: \u201cSac\u00e1 tarjeta roja al maltratador\u201d. &nbsp; 4 de julio de 2012. \u201cSac\u00e1 tarjeta roja al maltratador.\u201d. Con ese lema, se present\u00f3 una campa\u00f1a de inter\u00e9s p\u00fablico que busca comprometer a toda la sociedad&hellip;","_links":{"self":[{"href":"https:\/\/diariofemenino.com.ar\/df\/wp-json\/wp\/v2\/posts\/2338","targetHints":{"allow":["GET"]}}],"collection":[{"href":"https:\/\/diariofemenino.com.ar\/df\/wp-json\/wp\/v2\/posts"}],"about":[{"href":"https:\/\/diariofemenino.com.ar\/df\/wp-json\/wp\/v2\/types\/post"}],"author":[{"embeddable":true,"href":"https:\/\/diariofemenino.com.ar\/df\/wp-json\/wp\/v2\/users\/1"}],"replies":[{"embeddable":true,"href":"https:\/\/diariofemenino.com.ar\/df\/wp-json\/wp\/v2\/comments?post=2338"}],"version-history":[{"count":0,"href":"https:\/\/diariofemenino.com.ar\/df\/wp-json\/wp\/v2\/posts\/2338\/revisions"}],"wp:featuredmedia":[{"embeddable":true,"href":"https:\/\/diariofemenino.com.ar\/df\/wp-json\/"}],"wp:attachment":[{"href":"https:\/\/diariofemenino.com.ar\/df\/wp-json\/wp\/v2\/media?parent=2338"}],"wp:term":[{"taxonomy":"category","embeddable":true,"href":"https:\/\/diariofemenino.com.ar\/df\/wp-json\/wp\/v2\/categories?post=2338"},{"taxonomy":"post_tag","embeddable":true,"href":"https:\/\/diariofemenino.com.ar\/df\/wp-json\/wp\/v2\/tags?post=2338"}],"curies":[{"name":"wp","href":"https:\/\/api.w.org\/{rel}","templated":true}]}}