{"id":2315,"date":"2012-07-03T11:54:09","date_gmt":"2012-07-03T14:54:09","guid":{"rendered":"http:\/\/www.diariofemenino.com.ar\/?p=2315"},"modified":"2012-07-03T11:54:09","modified_gmt":"2012-07-03T14:54:09","slug":"se-realizaron-talleres-sobre-trata-de-personas-con-fines-de-explotacion-sexual","status":"publish","type":"post","link":"https:\/\/diariofemenino.com.ar\/df\/se-realizaron-talleres-sobre-trata-de-personas-con-fines-de-explotacion-sexual\/","title":{"rendered":"Se realizaron talleres sobre trata de personas con fines de explotaci\u00f3n sexual"},"content":{"rendered":"<p>&nbsp;<br \/>\n&nbsp;<br \/>\n&nbsp;<br \/>\nLa\u00a0pasada\u00a0semana, en la provincia de San Juan. Participaron miembros del Poder Judicial y de las fuerzas de seguridad. Es una iniciativa de la Oficina de la Mujer de la Corte y de la Unidad Fiscal de Asistencia en Secuestros Extorsivos y Trata de Personas.<br \/>\nEsta semana se realiz\u00f3 en la provincia de San Juan el primer taller de trabajo sobre perspectiva de g\u00e9nero y trata de personas con fines de explotaci\u00f3n sexual, iniciativa de la Oficina de la Mujer de la Corte Suprema de Justicia de la Naci\u00f3n y de la Unidad Fiscal de Asistencia en Secuestros Extorsivos y Trata de Personas (UFASE) del Ministerio P\u00fablico Fiscal, que cuenta con el apoyo del Sistema de Naciones Unidas en Argentina.<br \/>\nEl encuentro se realiz\u00f3 el lunes y martes \u00faltimos, y participaron empleados y funcionarios del Poder Judicial de la Naci\u00f3n, de la Provincia de San Juan y de las Fuerzas de Seguridad.<br \/>\nEn la jurisdicci\u00f3n, la actividad estuvo coordinada principalmente por los replicadores del Ministerio Publico Fiscal de la Naci\u00f3n, Dres. Cristian Rachid y Fernando Alcaraz (Fiscales Federales), con la colaboraci\u00f3n de los Dres. Roberto Pag\u00e9s Lloveras (Pte. del Colegio de Magistrados Local) y Alejandro Miquelarena Meritello (Referente de la Corte Suprema de Justicia de la Naci\u00f3n en el Plan Nacional de Capacitaci\u00f3n Judicial e integrante del MPF).<br \/>\nAsimismo, participaron las Dras. Estela Tejada y Sandra Guti\u00e9rrez como replicadoras habilitadas ante la Oficina de la Mujer de la Corte Suprema de Justicia de la Naci\u00f3n y como representantes del Poder Judicial de San Juan.<br \/>\nLos objetivos de la iniciativa son: impulsar un proceso de comprensi\u00f3n del flagelo de la trata de personas con fines de explotaci\u00f3n sexual, y elaborar estrategias para proporcionar, desde la Justicia y desde los otros sectores vinculados a la tem\u00e1tica, una respuesta ajustada a las convenciones y compromisos internacionales suscriptos por nuestro pa\u00eds.<br \/>\n<strong>Acerca de la Oficina de la Mujer <\/strong><br \/>\nLa Oficina de la Mujer (OM), creada por el m\u00e1ximo Tribunal del pa\u00eds en 2009, se plante\u00f3 el desaf\u00edo de lograr la igualdad de g\u00e9nero tanto en relaci\u00f3n a quienes utilizan el sistema de Justicia como a las personas que desempe\u00f1an sus funciones en el Poder Judicial. El trabajo de la Oficina de la Mujer se enmarca en la pol\u00edtica de Estado tendiente a prevenir y erradicar cualquier tipo de violencia de g\u00e9nero.<br \/>\nLa Oficina, a cargo de la Ministra Dra. Carmen Argibay, cuenta con una Secretar\u00eda y diversas \u00e1reas de trabajo, encargadas de brindar capacitaci\u00f3n al Poder Judicial para el dise\u00f1o y coordinaci\u00f3n de pol\u00edticas institucionales que favorezcan la igualdad de g\u00e9nero; la recopilaci\u00f3n de datos a fin de elaborar estad\u00edsticas en este sentido y la investigaci\u00f3n de g\u00e9nero, tendientes a identificar las necesidades dentro del Poder Judicial. M\u00e1s informaci\u00f3n: <a href=\"http:\/\/www.csjn.gov.ar\/om\/\">www.csjn.gov.ar\/om\/<\/a><br \/>\n<strong>Acerca del Ministerio P\u00fablico Fiscal<\/strong><br \/>\nLa reforma introducida al texto de la Constituci\u00f3n Nacional en el a\u00f1o 1994 incluy\u00f3 al Ministerio P\u00fablico entre las autoridades de la Naci\u00f3n \u2013junto a los Poderes Ejecutivo, Legislativo y Judicial\u2013 como un \u00f3rgano independiente con autonom\u00eda funcional y autarqu\u00eda financiera (art. 120). Esta cl\u00e1usula constitucional, a su vez, fue reglamentada por el Congreso de la Naci\u00f3n a trav\u00e9s del dictado de la Ley Org\u00e1nica del Ministerio P\u00fablico (ley n\u00b0 24.946).<br \/>\nDe acuerdo con el art\u00edculo mencionado, corresponde al Ministerio P\u00fablico promover la actuaci\u00f3n de la justicia en defensa de la legalidad y de los intereses generales de la sociedad.<br \/>\nEl Ministerio P\u00fablico Fiscal est\u00e1 integrado por el Procurador General de la Naci\u00f3n, que es su autoridad m\u00e1xima, y por los fiscales \u2013nacionales y federales\u2013 que establece la ley.<br \/>\nAdem\u00e1s, dentro del Ministerio P\u00fablico, participa en este programa la Fiscal\u00eda General de Formaci\u00f3n, Capacitaci\u00f3n y Estudios Superiores, a cargo del Dr. Carlos Ernst, que tiene entre sus funciones la capacitaci\u00f3n, formaci\u00f3n y actualizaci\u00f3n de sus miembros; y la UFASE (Unidad Fiscal de Asistencia en Secuestros Extorsivos y Trata de Personas), a cargo del Fiscal Dr. Marcelo Colombo, que a ra\u00edz del sostenido inter\u00e9s y compromiso del Ministerio P\u00fablico Fiscal en la persecuci\u00f3n penal del delito de trata de personas, desde el 22 de agosto de 2008 y por Resoluci\u00f3n PGN 100\/08 cuenta entre sus atribuciones prestar asistencia a los fiscales de todo el pa\u00eds en la investigaci\u00f3n de este delito, como as\u00ed tambi\u00e9n brindar capacitaci\u00f3n sobre dicha tem\u00e1tica. M\u00e1s informaci\u00f3n: <a href=\"http:\/\/www.mpf.gov.ar\">www.mpf.gov.ar<\/a><br \/>\n<strong>Acerca del Sistema de Naciones Unidas en Argentina<\/strong><br \/>\nEl Sistema de Naciones Unidas re\u00fane a las oficinas, fondos y programas de la ONU que trabajan en el pa\u00eds. En 14 agencias, cerca de 300 personas planifican y ejecutan m\u00e1s de 300 proyectos dirigidos a apoyar, mediante la cooperaci\u00f3n t\u00e9cnica y la asistencia, los esfuerzos nacionales y locales en las diversas \u00e1reas vinculadas al desarrollo. Cada oficina tiene un mandato propio, pero coordinan y unen sus esfuerzos para hacer frente a estos desaf\u00edos de manera m\u00e1s estrat\u00e9gica, integrada y eficaz.<br \/>\nEl Sistema de las Naciones Unidas en Argentina trabaja para lograr la plena equidad de g\u00e9nero y el empoderamiento de las mujeres en el pa\u00eds, mediante la cooperaci\u00f3n con el gobierno y organizaciones de la sociedad civil. En la actualidad, brinda su apoyo a diversas iniciativas de orden nacional, como la Oficina de la Mujer, la Oficina de Violencia Dom\u00e9stica de la Corte Suprema de Justicia y el Consejo Nacional de las Mujeres, entre otras. M\u00e1s informaci\u00f3n <a href=\"http:\/\/www.onu.org.ar\">www.onu.org.ar<\/a><br \/>\n&nbsp;<br \/>\n&nbsp;<br \/>\n&nbsp;<\/p>\n","protected":false},"excerpt":{"rendered":"<p>&nbsp; &nbsp; &nbsp; La\u00a0pasada\u00a0semana, en la provincia de San Juan. Participaron miembros del Poder Judicial y de las fuerzas de seguridad. Es una iniciativa de la Oficina de la Mujer de la Corte y de la Unidad Fiscal de Asistencia en Secuestros Extorsivos y Trata de Personas. Esta semana se realiz\u00f3 en la provincia de [&hellip;]<\/p>\n","protected":false},"author":1,"featured_media":0,"comment_status":"open","ping_status":"open","sticky":false,"template":"","format":"standard","meta":{"iawp_total_views":1,"footnotes":""},"categories":[4,6,15],"tags":[],"class_list":["post-2315","post","type-post","status-publish","format-standard","hentry","category-medios","category-articulos","category-trata-de-personas"],"nelio_content":{"autoShareEndMode":"never","automationSources":{"useCustomSentences":false,"customSentences":[]},"efiAlt":"","efiUrl":"","followers":[],"highlights":[],"isAutoShareEnabled":true,"networkImageIds":[],"permalinkQueryArgs":[],"series":[],"suggestedReferences":[]},"yoast_head":"<!-- This site is optimized with the Yoast SEO plugin v27.5 - https:\/\/yoast.com\/product\/yoast-seo-wordpress\/ -->\n<title>Se realizaron talleres sobre trata de personas con fines de explotaci\u00f3n sexual - Diario Digital Femenino<\/title>\n<meta name=\"robots\" content=\"index, follow, max-snippet:-1, max-image-preview:large, max-video-preview:-1\" \/>\n<link rel=\"canonical\" href=\"https:\/\/diariofemenino.com.ar\/df\/se-realizaron-talleres-sobre-trata-de-personas-con-fines-de-explotacion-sexual\/\" \/>\n<meta property=\"og:locale\" content=\"es_ES\" \/>\n<meta property=\"og:type\" content=\"article\" \/>\n<meta property=\"og:title\" content=\"Se realizaron talleres sobre trata de personas con fines de explotaci\u00f3n sexual - Diario Digital Femenino\" \/>\n<meta property=\"og:description\" content=\"&nbsp; &nbsp; &nbsp; La\u00a0pasada\u00a0semana, en la provincia de San Juan. Participaron miembros del Poder Judicial y de las fuerzas de seguridad. Es una iniciativa de la Oficina de la Mujer de la Corte y de la Unidad Fiscal de Asistencia en Secuestros Extorsivos y Trata de Personas. Esta semana se realiz\u00f3 en la provincia de [&hellip;]\" \/>\n<meta property=\"og:url\" content=\"https:\/\/diariofemenino.com.ar\/df\/se-realizaron-talleres-sobre-trata-de-personas-con-fines-de-explotacion-sexual\/\" \/>\n<meta property=\"og:site_name\" content=\"Diario Digital Femenino\" \/>\n<meta property=\"article:publisher\" content=\"https:\/\/www.facebook.com\/DiarioDigitaFemenino\/\" \/>\n<meta property=\"article:published_time\" content=\"2012-07-03T14:54:09+00:00\" \/>\n<meta property=\"og:image\" content=\"https:\/\/diariofemenino.com.ar\/df\/wp-content\/uploads\/2016\/10\/logo-negro.png\" \/>\n\t<meta property=\"og:image:width\" content=\"855\" \/>\n\t<meta property=\"og:image:height\" content=\"319\" \/>\n\t<meta property=\"og:image:type\" content=\"image\/png\" \/>\n<meta name=\"author\" content=\"Admin\" \/>\n<meta name=\"twitter:card\" content=\"summary_large_image\" \/>\n<meta name=\"twitter:creator\" content=\"@DiarioFemenino1\" \/>\n<meta name=\"twitter:site\" content=\"@DiarioFemenino1\" \/>\n<meta name=\"twitter:label1\" content=\"Escrito por\" \/>\n\t<meta name=\"twitter:data1\" content=\"Admin\" \/>\n\t<meta name=\"twitter:label2\" content=\"Tiempo de lectura\" \/>\n\t<meta name=\"twitter:data2\" content=\"5 minutos\" \/>\n<script type=\"application\/ld+json\" class=\"yoast-schema-graph\">{\"@context\":\"https:\\\/\\\/schema.org\",\"@graph\":[{\"@type\":\"Article\",\"@id\":\"https:\\\/\\\/diariofemenino.com.ar\\\/df\\\/se-realizaron-talleres-sobre-trata-de-personas-con-fines-de-explotacion-sexual\\\/#article\",\"isPartOf\":{\"@id\":\"https:\\\/\\\/diariofemenino.com.ar\\\/df\\\/se-realizaron-talleres-sobre-trata-de-personas-con-fines-de-explotacion-sexual\\\/\"},\"author\":{\"name\":\"Admin\",\"@id\":\"https:\\\/\\\/diariofemenino.com.ar\\\/df\\\/#\\\/schema\\\/person\\\/38f54b3bfd13f561de2460ba95c169c6\"},\"headline\":\"Se realizaron talleres sobre trata de personas con fines de explotaci\u00f3n sexual\",\"datePublished\":\"2012-07-03T14:54:09+00:00\",\"mainEntityOfPage\":{\"@id\":\"https:\\\/\\\/diariofemenino.com.ar\\\/df\\\/se-realizaron-talleres-sobre-trata-de-personas-con-fines-de-explotacion-sexual\\\/\"},\"wordCount\":988,\"commentCount\":0,\"publisher\":{\"@id\":\"https:\\\/\\\/diariofemenino.com.ar\\\/df\\\/#organization\"},\"articleSection\":[\"Medios\",\"Mujeres en Palabras\",\"Trata de Pers.\"],\"inLanguage\":\"es\",\"potentialAction\":[{\"@type\":\"CommentAction\",\"name\":\"Comment\",\"target\":[\"https:\\\/\\\/diariofemenino.com.ar\\\/df\\\/se-realizaron-talleres-sobre-trata-de-personas-con-fines-de-explotacion-sexual\\\/#respond\"]}]},{\"@type\":\"WebPage\",\"@id\":\"https:\\\/\\\/diariofemenino.com.ar\\\/df\\\/se-realizaron-talleres-sobre-trata-de-personas-con-fines-de-explotacion-sexual\\\/\",\"url\":\"https:\\\/\\\/diariofemenino.com.ar\\\/df\\\/se-realizaron-talleres-sobre-trata-de-personas-con-fines-de-explotacion-sexual\\\/\",\"name\":\"Se realizaron talleres sobre trata de personas con fines de explotaci\u00f3n sexual - Diario Digital Femenino\",\"isPartOf\":{\"@id\":\"https:\\\/\\\/diariofemenino.com.ar\\\/df\\\/#website\"},\"datePublished\":\"2012-07-03T14:54:09+00:00\",\"breadcrumb\":{\"@id\":\"https:\\\/\\\/diariofemenino.com.ar\\\/df\\\/se-realizaron-talleres-sobre-trata-de-personas-con-fines-de-explotacion-sexual\\\/#breadcrumb\"},\"inLanguage\":\"es\",\"potentialAction\":[{\"@type\":\"ReadAction\",\"target\":[\"https:\\\/\\\/diariofemenino.com.ar\\\/df\\\/se-realizaron-talleres-sobre-trata-de-personas-con-fines-de-explotacion-sexual\\\/\"]}]},{\"@type\":\"BreadcrumbList\",\"@id\":\"https:\\\/\\\/diariofemenino.com.ar\\\/df\\\/se-realizaron-talleres-sobre-trata-de-personas-con-fines-de-explotacion-sexual\\\/#breadcrumb\",\"itemListElement\":[{\"@type\":\"ListItem\",\"position\":1,\"name\":\"Portada\",\"item\":\"https:\\\/\\\/diariofemenino.com.ar\\\/df\\\/\"},{\"@type\":\"ListItem\",\"position\":2,\"name\":\"Se realizaron talleres sobre trata de personas con fines de explotaci\u00f3n sexual\"}]},{\"@type\":\"WebSite\",\"@id\":\"https:\\\/\\\/diariofemenino.com.ar\\\/df\\\/#website\",\"url\":\"https:\\\/\\\/diariofemenino.com.ar\\\/df\\\/\",\"name\":\"Diario Digital Femenino\",\"description\":\"Cuesti\u00f3n de G\u00e9nero\",\"publisher\":{\"@id\":\"https:\\\/\\\/diariofemenino.com.ar\\\/df\\\/#organization\"},\"potentialAction\":[{\"@type\":\"SearchAction\",\"target\":{\"@type\":\"EntryPoint\",\"urlTemplate\":\"https:\\\/\\\/diariofemenino.com.ar\\\/df\\\/?s={search_term_string}\"},\"query-input\":{\"@type\":\"PropertyValueSpecification\",\"valueRequired\":true,\"valueName\":\"search_term_string\"}}],\"inLanguage\":\"es\"},{\"@type\":\"Organization\",\"@id\":\"https:\\\/\\\/diariofemenino.com.ar\\\/df\\\/#organization\",\"name\":\"Diario Femenino\",\"url\":\"https:\\\/\\\/diariofemenino.com.ar\\\/df\\\/\",\"logo\":{\"@type\":\"ImageObject\",\"inLanguage\":\"es\",\"@id\":\"https:\\\/\\\/diariofemenino.com.ar\\\/df\\\/#\\\/schema\\\/logo\\\/image\\\/\",\"url\":\"https:\\\/\\\/diariofemenino.com.ar\\\/df\\\/wp-content\\\/uploads\\\/2018\\\/10\\\/logo.png\",\"contentUrl\":\"https:\\\/\\\/diariofemenino.com.ar\\\/df\\\/wp-content\\\/uploads\\\/2018\\\/10\\\/logo.png\",\"width\":500,\"height\":92,\"caption\":\"Diario Femenino\"},\"image\":{\"@id\":\"https:\\\/\\\/diariofemenino.com.ar\\\/df\\\/#\\\/schema\\\/logo\\\/image\\\/\"},\"sameAs\":[\"https:\\\/\\\/www.facebook.com\\\/DiarioDigitaFemenino\\\/\",\"https:\\\/\\\/x.com\\\/DiarioFemenino1\"]},{\"@type\":\"Person\",\"@id\":\"https:\\\/\\\/diariofemenino.com.ar\\\/df\\\/#\\\/schema\\\/person\\\/38f54b3bfd13f561de2460ba95c169c6\",\"name\":\"Admin\",\"image\":{\"@type\":\"ImageObject\",\"inLanguage\":\"es\",\"@id\":\"https:\\\/\\\/diariofemenino.com.ar\\\/df\\\/wp-content\\\/uploads\\\/2018\\\/12\\\/favicon-150x150.jpg\",\"url\":\"https:\\\/\\\/diariofemenino.com.ar\\\/df\\\/wp-content\\\/uploads\\\/2018\\\/12\\\/favicon-150x150.jpg\",\"contentUrl\":\"https:\\\/\\\/diariofemenino.com.ar\\\/df\\\/wp-content\\\/uploads\\\/2018\\\/12\\\/favicon-150x150.jpg\",\"caption\":\"Admin\"},\"url\":\"https:\\\/\\\/diariofemenino.com.ar\\\/df\\\/author\\\/adm18df\\\/\"}]}<\/script>\n<!-- \/ Yoast SEO plugin. -->","yoast_head_json":{"title":"Se realizaron talleres sobre trata de personas con fines de explotaci\u00f3n sexual - Diario Digital Femenino","robots":{"index":"index","follow":"follow","max-snippet":"max-snippet:-1","max-image-preview":"max-image-preview:large","max-video-preview":"max-video-preview:-1"},"canonical":"https:\/\/diariofemenino.com.ar\/df\/se-realizaron-talleres-sobre-trata-de-personas-con-fines-de-explotacion-sexual\/","og_locale":"es_ES","og_type":"article","og_title":"Se realizaron talleres sobre trata de personas con fines de explotaci\u00f3n sexual - Diario Digital Femenino","og_description":"&nbsp; &nbsp; &nbsp; La\u00a0pasada\u00a0semana, en la provincia de San Juan. Participaron miembros del Poder Judicial y de las fuerzas de seguridad. Es una iniciativa de la Oficina de la Mujer de la Corte y de la Unidad Fiscal de Asistencia en Secuestros Extorsivos y Trata de Personas. Esta semana se realiz\u00f3 en la provincia de [&hellip;]","og_url":"https:\/\/diariofemenino.com.ar\/df\/se-realizaron-talleres-sobre-trata-de-personas-con-fines-de-explotacion-sexual\/","og_site_name":"Diario Digital Femenino","article_publisher":"https:\/\/www.facebook.com\/DiarioDigitaFemenino\/","article_published_time":"2012-07-03T14:54:09+00:00","og_image":[{"width":855,"height":319,"url":"https:\/\/diariofemenino.com.ar\/df\/wp-content\/uploads\/2016\/10\/logo-negro.png","type":"image\/png"}],"author":"Admin","twitter_card":"summary_large_image","twitter_creator":"@DiarioFemenino1","twitter_site":"@DiarioFemenino1","twitter_misc":{"Escrito por":"Admin","Tiempo de lectura":"5 minutos"},"schema":{"@context":"https:\/\/schema.org","@graph":[{"@type":"Article","@id":"https:\/\/diariofemenino.com.ar\/df\/se-realizaron-talleres-sobre-trata-de-personas-con-fines-de-explotacion-sexual\/#article","isPartOf":{"@id":"https:\/\/diariofemenino.com.ar\/df\/se-realizaron-talleres-sobre-trata-de-personas-con-fines-de-explotacion-sexual\/"},"author":{"name":"Admin","@id":"https:\/\/diariofemenino.com.ar\/df\/#\/schema\/person\/38f54b3bfd13f561de2460ba95c169c6"},"headline":"Se realizaron talleres sobre trata de personas con fines de explotaci\u00f3n sexual","datePublished":"2012-07-03T14:54:09+00:00","mainEntityOfPage":{"@id":"https:\/\/diariofemenino.com.ar\/df\/se-realizaron-talleres-sobre-trata-de-personas-con-fines-de-explotacion-sexual\/"},"wordCount":988,"commentCount":0,"publisher":{"@id":"https:\/\/diariofemenino.com.ar\/df\/#organization"},"articleSection":["Medios","Mujeres en Palabras","Trata de Pers."],"inLanguage":"es","potentialAction":[{"@type":"CommentAction","name":"Comment","target":["https:\/\/diariofemenino.com.ar\/df\/se-realizaron-talleres-sobre-trata-de-personas-con-fines-de-explotacion-sexual\/#respond"]}]},{"@type":"WebPage","@id":"https:\/\/diariofemenino.com.ar\/df\/se-realizaron-talleres-sobre-trata-de-personas-con-fines-de-explotacion-sexual\/","url":"https:\/\/diariofemenino.com.ar\/df\/se-realizaron-talleres-sobre-trata-de-personas-con-fines-de-explotacion-sexual\/","name":"Se realizaron talleres sobre trata de personas con fines de explotaci\u00f3n sexual - Diario Digital Femenino","isPartOf":{"@id":"https:\/\/diariofemenino.com.ar\/df\/#website"},"datePublished":"2012-07-03T14:54:09+00:00","breadcrumb":{"@id":"https:\/\/diariofemenino.com.ar\/df\/se-realizaron-talleres-sobre-trata-de-personas-con-fines-de-explotacion-sexual\/#breadcrumb"},"inLanguage":"es","potentialAction":[{"@type":"ReadAction","target":["https:\/\/diariofemenino.com.ar\/df\/se-realizaron-talleres-sobre-trata-de-personas-con-fines-de-explotacion-sexual\/"]}]},{"@type":"BreadcrumbList","@id":"https:\/\/diariofemenino.com.ar\/df\/se-realizaron-talleres-sobre-trata-de-personas-con-fines-de-explotacion-sexual\/#breadcrumb","itemListElement":[{"@type":"ListItem","position":1,"name":"Portada","item":"https:\/\/diariofemenino.com.ar\/df\/"},{"@type":"ListItem","position":2,"name":"Se realizaron talleres sobre trata de personas con fines de explotaci\u00f3n sexual"}]},{"@type":"WebSite","@id":"https:\/\/diariofemenino.com.ar\/df\/#website","url":"https:\/\/diariofemenino.com.ar\/df\/","name":"Diario Digital Femenino","description":"Cuesti\u00f3n de G\u00e9nero","publisher":{"@id":"https:\/\/diariofemenino.com.ar\/df\/#organization"},"potentialAction":[{"@type":"SearchAction","target":{"@type":"EntryPoint","urlTemplate":"https:\/\/diariofemenino.com.ar\/df\/?s={search_term_string}"},"query-input":{"@type":"PropertyValueSpecification","valueRequired":true,"valueName":"search_term_string"}}],"inLanguage":"es"},{"@type":"Organization","@id":"https:\/\/diariofemenino.com.ar\/df\/#organization","name":"Diario Femenino","url":"https:\/\/diariofemenino.com.ar\/df\/","logo":{"@type":"ImageObject","inLanguage":"es","@id":"https:\/\/diariofemenino.com.ar\/df\/#\/schema\/logo\/image\/","url":"https:\/\/diariofemenino.com.ar\/df\/wp-content\/uploads\/2018\/10\/logo.png","contentUrl":"https:\/\/diariofemenino.com.ar\/df\/wp-content\/uploads\/2018\/10\/logo.png","width":500,"height":92,"caption":"Diario Femenino"},"image":{"@id":"https:\/\/diariofemenino.com.ar\/df\/#\/schema\/logo\/image\/"},"sameAs":["https:\/\/www.facebook.com\/DiarioDigitaFemenino\/","https:\/\/x.com\/DiarioFemenino1"]},{"@type":"Person","@id":"https:\/\/diariofemenino.com.ar\/df\/#\/schema\/person\/38f54b3bfd13f561de2460ba95c169c6","name":"Admin","image":{"@type":"ImageObject","inLanguage":"es","@id":"https:\/\/diariofemenino.com.ar\/df\/wp-content\/uploads\/2018\/12\/favicon-150x150.jpg","url":"https:\/\/diariofemenino.com.ar\/df\/wp-content\/uploads\/2018\/12\/favicon-150x150.jpg","contentUrl":"https:\/\/diariofemenino.com.ar\/df\/wp-content\/uploads\/2018\/12\/favicon-150x150.jpg","caption":"Admin"},"url":"https:\/\/diariofemenino.com.ar\/df\/author\/adm18df\/"}]}},"jetpack_featured_media_url":"","jetpack_sharing_enabled":true,"rttpg_featured_image_url":null,"rttpg_author":{"display_name":"Admin","author_link":"https:\/\/diariofemenino.com.ar\/df\/author\/adm18df\/"},"rttpg_comment":0,"rttpg_category":"<a href=\"https:\/\/diariofemenino.com.ar\/df\/category\/medios\/\" rel=\"category tag\">Medios<\/a> <a href=\"https:\/\/diariofemenino.com.ar\/df\/category\/articulos\/\" rel=\"category tag\">Mujeres en Palabras<\/a> <a href=\"https:\/\/diariofemenino.com.ar\/df\/category\/trata-de-personas\/\" rel=\"category tag\">Trata de Pers.<\/a>","rttpg_excerpt":"&nbsp; &nbsp; &nbsp; La\u00a0pasada\u00a0semana, en la provincia de San Juan. Participaron miembros del Poder Judicial y de las fuerzas de seguridad. Es una iniciativa de la Oficina de la Mujer de la Corte y de la Unidad Fiscal de Asistencia en Secuestros Extorsivos y Trata de Personas. Esta semana se realiz\u00f3 en la provincia de&hellip;","_links":{"self":[{"href":"https:\/\/diariofemenino.com.ar\/df\/wp-json\/wp\/v2\/posts\/2315","targetHints":{"allow":["GET"]}}],"collection":[{"href":"https:\/\/diariofemenino.com.ar\/df\/wp-json\/wp\/v2\/posts"}],"about":[{"href":"https:\/\/diariofemenino.com.ar\/df\/wp-json\/wp\/v2\/types\/post"}],"author":[{"embeddable":true,"href":"https:\/\/diariofemenino.com.ar\/df\/wp-json\/wp\/v2\/users\/1"}],"replies":[{"embeddable":true,"href":"https:\/\/diariofemenino.com.ar\/df\/wp-json\/wp\/v2\/comments?post=2315"}],"version-history":[{"count":0,"href":"https:\/\/diariofemenino.com.ar\/df\/wp-json\/wp\/v2\/posts\/2315\/revisions"}],"wp:attachment":[{"href":"https:\/\/diariofemenino.com.ar\/df\/wp-json\/wp\/v2\/media?parent=2315"}],"wp:term":[{"taxonomy":"category","embeddable":true,"href":"https:\/\/diariofemenino.com.ar\/df\/wp-json\/wp\/v2\/categories?post=2315"},{"taxonomy":"post_tag","embeddable":true,"href":"https:\/\/diariofemenino.com.ar\/df\/wp-json\/wp\/v2\/tags?post=2315"}],"curies":[{"name":"wp","href":"https:\/\/api.w.org\/{rel}","templated":true}]}}