{"id":2301,"date":"2012-07-03T10:54:00","date_gmt":"2012-07-03T13:54:00","guid":{"rendered":"http:\/\/www.diariofemenino.com.ar\/?p=2301"},"modified":"2012-07-03T10:54:00","modified_gmt":"2012-07-03T13:54:00","slug":"las-mujeres-en-el-medio","status":"publish","type":"post","link":"https:\/\/diariofemenino.com.ar\/df\/las-mujeres-en-el-medio\/","title":{"rendered":"Las Mujeres en el Medio"},"content":{"rendered":"<p>&nbsp;<br \/>\n&nbsp;<br \/>\n<a href=\"http:\/\/www.diariofemenino.com.ar\/wp-content\/uploads\/b_253119042_Aficheta2.jpg\"><img loading=\"lazy\" decoding=\"async\" class=\"alignnone size-full wp-image-2308\" title=\"b_253119042_Aficheta\" src=\"http:\/\/www.diariofemenino.com.ar\/wp-content\/uploads\/b_253119042_Aficheta2.jpg\" alt=\"\" width=\"553\" height=\"765\" \/><\/a><br \/>\n<strong><span style=\"font-size: x-small;\"><span style=\"font-family: Verdana;\">Segundas Jornadas de Comunicaci\u00f3n No Sexista<\/span><\/span><\/strong><br \/>\n<span style=\"font-size: x-small;\"><span style=\"font-family: Verdana;\">5 y 6 de Julio<\/span><\/span><br \/>\n<span style=\"font-size: x-small;\"><span style=\"font-family: Verdana;\">Instituto Superior de Tiempo Libre y Recreaci\u00f3n<\/span><\/span><br \/>\n<span style=\"font-size: x-small;\"><span style=\"font-family: Verdana;\">Los medios de comunicaci\u00f3n son espacios de construcci\u00f3n y transmisi\u00f3n de mensajes, de alcance masivo y extendido en los que pueden reproducirse y legitimarse las desigualdades sociales. Desde MuMaL\u00e1 (Mujeres de la Matria Latinoamerica) nos interesa continuar reflexionando sobre el papel de los medios de comunicaci\u00f3n en la construcci\u00f3n del imaginario colectivo sobre las relaciones entre hombres y mujeres. As\u00ed como de su potencial para modificar o transformar una representaci\u00f3n sesgada y estereotipada de la misma.<\/span><\/span><br \/>\n<span style=\"font-size: x-small;\"><span style=\"font-family: Verdana;\">Es por esto que este a\u00f1o se abre nuevamente la convocatoria a todas aquellas personas interesadas en presentar una ponencia que se encuadre dentro de alguna de las tem\u00e1ticas propuestas, a saber:<\/span><\/span><br \/>\n<span style=\"font-size: x-small;\"><span style=\"font-family: Verdana;\">\u00b7 Aproximaci\u00f3n a los estudios de mujeres y medios de comunicaci\u00f3n. El derecho a la comunicaci\u00f3n (producci\u00f3n, acceso y circulaci\u00f3n). An\u00e1lisis de medios masivos como de medios comunitarios, alternativos, populares.<\/span><\/span><br \/>\n<span style=\"font-size: x-small;\"><span style=\"font-family: Verdana;\">\u00a0\u00b7 El papel del periodismo en la construcci\u00f3n de la agenda medi\u00e1tica y de las significaciones sociales que construyen los medios de comunicaci\u00f3n en torno a las mujeres.<\/span><\/span><br \/>\n<span style=\"font-size: x-small;\"><span style=\"font-family: Verdana;\">\u00a0\u00b7 Las alternativas actuales a la comunicaci\u00f3n androc\u00e9ntrica. Red de mujeres, comunicaci\u00f3n paralela, denuncias y propuestas.<\/span><\/span><br \/>\n<span style=\"font-size: x-small;\"><span style=\"font-family: Verdana;\">\u00a0\u00b7 El tratamiento informativo que recibimos las mujeres en los medios de comunicaci\u00f3n.<\/span><\/span><br \/>\n<span style=\"font-size: x-small;\"><span style=\"font-family: Verdana;\">\u00a0\u00b7 La construcci\u00f3n de los estereotipos de g\u00e9nero en el lenguaje period\u00edstico, de ficci\u00f3n y publicitario.<\/span><\/span><br \/>\n<span style=\"font-size: x-small;\"><span style=\"font-family: Verdana;\">\u00a0\u00b7 La renovaci\u00f3n legislativa sobre equidad entre mujeres y hombres en los medios de comunicaci\u00f3n (ley de Servicios de Comunicaci\u00f3n Audiovisual \u2013 26.522, ley para Prevenir, Sancionar y Erradicar la Violencia contra las Mujeres en todos los \u00e1mbitos donde desarrollen sus relaciones interpersonales \u2013 26.485).<\/span><\/span><br \/>\n<span style=\"font-size: x-small;\"><span style=\"font-family: Verdana;\">Quienes hayan sido seleccionadxs a partir de los trabajos presentados, expondr\u00e1n los mismos durante las Segundas Jornadas de Comunicaci\u00f3n No Sexista \u2013 \u201cLas MUJERES en el MEDIO\u201d los d\u00edas 5 y 6\u00a0\u00a0de julio a las 19 hrs. en el Instituto Superior de Tiempo Libre y Recreaci\u00f3n. Av. Santa Fe 2778.<\/span><\/span><br \/>\n<span style=\"font-size: x-small;\"><span style=\"font-family: Verdana;\">Organiza y convoca:<\/span><\/span><br \/>\n<span style=\"font-size: x-small;\"><span style=\"font-family: Verdana;\">MuMaL\u00e1<br \/>\n<\/span><\/span><span style=\"font-size: x-small;\"><span style=\"font-family: Verdana;\">Mujeres de la Matria Latinoamericana<\/span><\/span><br \/>\n&nbsp;<br \/>\n<span style=\"font-family: Verdana; font-size: x-small;\">\u00a0<\/span><br \/>\nFuente: <a href=\"http:\/\/www.razonesdeser.com\/vernota.asp?notaid=90170\">RazonES de SER<\/a><br \/>\n&nbsp;<br \/>\n&nbsp;<\/p>\n","protected":false},"excerpt":{"rendered":"<p>&nbsp; &nbsp; Segundas Jornadas de Comunicaci\u00f3n No Sexista 5 y 6 de Julio Instituto Superior de Tiempo Libre y Recreaci\u00f3n Los medios de comunicaci\u00f3n son espacios de construcci\u00f3n y transmisi\u00f3n de mensajes, de alcance masivo y extendido en los que pueden reproducirse y legitimarse las desigualdades sociales. Desde MuMaL\u00e1 (Mujeres de la Matria Latinoamerica) nos [&hellip;]<\/p>\n","protected":false},"author":1,"featured_media":2302,"comment_status":"open","ping_status":"open","sticky":false,"template":"","format":"standard","meta":{"iawp_total_views":1,"footnotes":""},"categories":[4],"tags":[],"class_list":["post-2301","post","type-post","status-publish","format-standard","has-post-thumbnail","hentry","category-medios"],"nelio_content":{"autoShareEndMode":"never","automationSources":{"useCustomSentences":false,"customSentences":[]},"efiAlt":"","efiUrl":"","followers":[],"highlights":[],"isAutoShareEnabled":true,"networkImageIds":[],"permalinkQueryArgs":[],"series":[],"suggestedReferences":[]},"yoast_head":"<!-- This site is optimized with the Yoast SEO plugin v27.5 - https:\/\/yoast.com\/product\/yoast-seo-wordpress\/ -->\n<title>Las Mujeres en el Medio - Diario Digital Femenino<\/title>\n<meta name=\"robots\" content=\"index, follow, max-snippet:-1, max-image-preview:large, max-video-preview:-1\" \/>\n<link rel=\"canonical\" href=\"https:\/\/diariofemenino.com.ar\/df\/las-mujeres-en-el-medio\/\" \/>\n<meta property=\"og:locale\" content=\"es_ES\" \/>\n<meta property=\"og:type\" content=\"article\" \/>\n<meta property=\"og:title\" content=\"Las Mujeres en el Medio - Diario Digital Femenino\" \/>\n<meta property=\"og:description\" content=\"&nbsp; &nbsp; Segundas Jornadas de Comunicaci\u00f3n No Sexista 5 y 6 de Julio Instituto Superior de Tiempo Libre y Recreaci\u00f3n Los medios de comunicaci\u00f3n son espacios de construcci\u00f3n y transmisi\u00f3n de mensajes, de alcance masivo y extendido en los que pueden reproducirse y legitimarse las desigualdades sociales. Desde MuMaL\u00e1 (Mujeres de la Matria Latinoamerica) nos [&hellip;]\" \/>\n<meta property=\"og:url\" content=\"https:\/\/diariofemenino.com.ar\/df\/las-mujeres-en-el-medio\/\" \/>\n<meta property=\"og:site_name\" content=\"Diario Digital Femenino\" \/>\n<meta property=\"article:publisher\" content=\"https:\/\/www.facebook.com\/DiarioDigitaFemenino\/\" \/>\n<meta property=\"article:published_time\" content=\"2012-07-03T13:54:00+00:00\" \/>\n<meta property=\"og:image\" content=\"https:\/\/diariofemenino.com.ar\/df\/wp-content\/uploads\/2016\/10\/logo-negro.png\" \/>\n\t<meta property=\"og:image:width\" content=\"855\" \/>\n\t<meta property=\"og:image:height\" content=\"319\" \/>\n\t<meta property=\"og:image:type\" content=\"image\/png\" \/>\n<meta name=\"author\" content=\"Admin\" \/>\n<meta name=\"twitter:card\" content=\"summary_large_image\" \/>\n<meta name=\"twitter:creator\" content=\"@DiarioFemenino1\" \/>\n<meta name=\"twitter:site\" content=\"@DiarioFemenino1\" \/>\n<meta name=\"twitter:label1\" content=\"Escrito por\" \/>\n\t<meta name=\"twitter:data1\" content=\"Admin\" \/>\n\t<meta name=\"twitter:label2\" content=\"Tiempo de lectura\" \/>\n\t<meta name=\"twitter:data2\" content=\"2 minutos\" \/>\n<script type=\"application\/ld+json\" class=\"yoast-schema-graph\">{\"@context\":\"https:\\\/\\\/schema.org\",\"@graph\":[{\"@type\":\"Article\",\"@id\":\"https:\\\/\\\/diariofemenino.com.ar\\\/df\\\/las-mujeres-en-el-medio\\\/#article\",\"isPartOf\":{\"@id\":\"https:\\\/\\\/diariofemenino.com.ar\\\/df\\\/las-mujeres-en-el-medio\\\/\"},\"author\":{\"name\":\"Admin\",\"@id\":\"https:\\\/\\\/diariofemenino.com.ar\\\/df\\\/#\\\/schema\\\/person\\\/38f54b3bfd13f561de2460ba95c169c6\"},\"headline\":\"Las Mujeres en el Medio\",\"datePublished\":\"2012-07-03T13:54:00+00:00\",\"mainEntityOfPage\":{\"@id\":\"https:\\\/\\\/diariofemenino.com.ar\\\/df\\\/las-mujeres-en-el-medio\\\/\"},\"wordCount\":365,\"commentCount\":0,\"publisher\":{\"@id\":\"https:\\\/\\\/diariofemenino.com.ar\\\/df\\\/#organization\"},\"image\":{\"@id\":\"https:\\\/\\\/diariofemenino.com.ar\\\/df\\\/las-mujeres-en-el-medio\\\/#primaryimage\"},\"thumbnailUrl\":\"\",\"articleSection\":[\"Medios\"],\"inLanguage\":\"es\",\"potentialAction\":[{\"@type\":\"CommentAction\",\"name\":\"Comment\",\"target\":[\"https:\\\/\\\/diariofemenino.com.ar\\\/df\\\/las-mujeres-en-el-medio\\\/#respond\"]}]},{\"@type\":\"WebPage\",\"@id\":\"https:\\\/\\\/diariofemenino.com.ar\\\/df\\\/las-mujeres-en-el-medio\\\/\",\"url\":\"https:\\\/\\\/diariofemenino.com.ar\\\/df\\\/las-mujeres-en-el-medio\\\/\",\"name\":\"Las Mujeres en el Medio - Diario Digital Femenino\",\"isPartOf\":{\"@id\":\"https:\\\/\\\/diariofemenino.com.ar\\\/df\\\/#website\"},\"primaryImageOfPage\":{\"@id\":\"https:\\\/\\\/diariofemenino.com.ar\\\/df\\\/las-mujeres-en-el-medio\\\/#primaryimage\"},\"image\":{\"@id\":\"https:\\\/\\\/diariofemenino.com.ar\\\/df\\\/las-mujeres-en-el-medio\\\/#primaryimage\"},\"thumbnailUrl\":\"\",\"datePublished\":\"2012-07-03T13:54:00+00:00\",\"breadcrumb\":{\"@id\":\"https:\\\/\\\/diariofemenino.com.ar\\\/df\\\/las-mujeres-en-el-medio\\\/#breadcrumb\"},\"inLanguage\":\"es\",\"potentialAction\":[{\"@type\":\"ReadAction\",\"target\":[\"https:\\\/\\\/diariofemenino.com.ar\\\/df\\\/las-mujeres-en-el-medio\\\/\"]}]},{\"@type\":\"ImageObject\",\"inLanguage\":\"es\",\"@id\":\"https:\\\/\\\/diariofemenino.com.ar\\\/df\\\/las-mujeres-en-el-medio\\\/#primaryimage\",\"url\":\"\",\"contentUrl\":\"\"},{\"@type\":\"BreadcrumbList\",\"@id\":\"https:\\\/\\\/diariofemenino.com.ar\\\/df\\\/las-mujeres-en-el-medio\\\/#breadcrumb\",\"itemListElement\":[{\"@type\":\"ListItem\",\"position\":1,\"name\":\"Portada\",\"item\":\"https:\\\/\\\/diariofemenino.com.ar\\\/df\\\/\"},{\"@type\":\"ListItem\",\"position\":2,\"name\":\"Las Mujeres en el Medio\"}]},{\"@type\":\"WebSite\",\"@id\":\"https:\\\/\\\/diariofemenino.com.ar\\\/df\\\/#website\",\"url\":\"https:\\\/\\\/diariofemenino.com.ar\\\/df\\\/\",\"name\":\"Diario Digital Femenino\",\"description\":\"Cuesti\u00f3n de G\u00e9nero\",\"publisher\":{\"@id\":\"https:\\\/\\\/diariofemenino.com.ar\\\/df\\\/#organization\"},\"potentialAction\":[{\"@type\":\"SearchAction\",\"target\":{\"@type\":\"EntryPoint\",\"urlTemplate\":\"https:\\\/\\\/diariofemenino.com.ar\\\/df\\\/?s={search_term_string}\"},\"query-input\":{\"@type\":\"PropertyValueSpecification\",\"valueRequired\":true,\"valueName\":\"search_term_string\"}}],\"inLanguage\":\"es\"},{\"@type\":\"Organization\",\"@id\":\"https:\\\/\\\/diariofemenino.com.ar\\\/df\\\/#organization\",\"name\":\"Diario Femenino\",\"url\":\"https:\\\/\\\/diariofemenino.com.ar\\\/df\\\/\",\"logo\":{\"@type\":\"ImageObject\",\"inLanguage\":\"es\",\"@id\":\"https:\\\/\\\/diariofemenino.com.ar\\\/df\\\/#\\\/schema\\\/logo\\\/image\\\/\",\"url\":\"https:\\\/\\\/diariofemenino.com.ar\\\/df\\\/wp-content\\\/uploads\\\/2018\\\/10\\\/logo.png\",\"contentUrl\":\"https:\\\/\\\/diariofemenino.com.ar\\\/df\\\/wp-content\\\/uploads\\\/2018\\\/10\\\/logo.png\",\"width\":500,\"height\":92,\"caption\":\"Diario Femenino\"},\"image\":{\"@id\":\"https:\\\/\\\/diariofemenino.com.ar\\\/df\\\/#\\\/schema\\\/logo\\\/image\\\/\"},\"sameAs\":[\"https:\\\/\\\/www.facebook.com\\\/DiarioDigitaFemenino\\\/\",\"https:\\\/\\\/x.com\\\/DiarioFemenino1\"]},{\"@type\":\"Person\",\"@id\":\"https:\\\/\\\/diariofemenino.com.ar\\\/df\\\/#\\\/schema\\\/person\\\/38f54b3bfd13f561de2460ba95c169c6\",\"name\":\"Admin\",\"image\":{\"@type\":\"ImageObject\",\"inLanguage\":\"es\",\"@id\":\"https:\\\/\\\/diariofemenino.com.ar\\\/df\\\/wp-content\\\/uploads\\\/2018\\\/12\\\/favicon-150x150.jpg\",\"url\":\"https:\\\/\\\/diariofemenino.com.ar\\\/df\\\/wp-content\\\/uploads\\\/2018\\\/12\\\/favicon-150x150.jpg\",\"contentUrl\":\"https:\\\/\\\/diariofemenino.com.ar\\\/df\\\/wp-content\\\/uploads\\\/2018\\\/12\\\/favicon-150x150.jpg\",\"caption\":\"Admin\"},\"url\":\"https:\\\/\\\/diariofemenino.com.ar\\\/df\\\/author\\\/adm18df\\\/\"}]}<\/script>\n<!-- \/ Yoast SEO plugin. -->","yoast_head_json":{"title":"Las Mujeres en el Medio - Diario Digital Femenino","robots":{"index":"index","follow":"follow","max-snippet":"max-snippet:-1","max-image-preview":"max-image-preview:large","max-video-preview":"max-video-preview:-1"},"canonical":"https:\/\/diariofemenino.com.ar\/df\/las-mujeres-en-el-medio\/","og_locale":"es_ES","og_type":"article","og_title":"Las Mujeres en el Medio - Diario Digital Femenino","og_description":"&nbsp; &nbsp; Segundas Jornadas de Comunicaci\u00f3n No Sexista 5 y 6 de Julio Instituto Superior de Tiempo Libre y Recreaci\u00f3n Los medios de comunicaci\u00f3n son espacios de construcci\u00f3n y transmisi\u00f3n de mensajes, de alcance masivo y extendido en los que pueden reproducirse y legitimarse las desigualdades sociales. Desde MuMaL\u00e1 (Mujeres de la Matria Latinoamerica) nos [&hellip;]","og_url":"https:\/\/diariofemenino.com.ar\/df\/las-mujeres-en-el-medio\/","og_site_name":"Diario Digital Femenino","article_publisher":"https:\/\/www.facebook.com\/DiarioDigitaFemenino\/","article_published_time":"2012-07-03T13:54:00+00:00","og_image":[{"width":855,"height":319,"url":"https:\/\/diariofemenino.com.ar\/df\/wp-content\/uploads\/2016\/10\/logo-negro.png","type":"image\/png"}],"author":"Admin","twitter_card":"summary_large_image","twitter_creator":"@DiarioFemenino1","twitter_site":"@DiarioFemenino1","twitter_misc":{"Escrito por":"Admin","Tiempo de lectura":"2 minutos"},"schema":{"@context":"https:\/\/schema.org","@graph":[{"@type":"Article","@id":"https:\/\/diariofemenino.com.ar\/df\/las-mujeres-en-el-medio\/#article","isPartOf":{"@id":"https:\/\/diariofemenino.com.ar\/df\/las-mujeres-en-el-medio\/"},"author":{"name":"Admin","@id":"https:\/\/diariofemenino.com.ar\/df\/#\/schema\/person\/38f54b3bfd13f561de2460ba95c169c6"},"headline":"Las Mujeres en el Medio","datePublished":"2012-07-03T13:54:00+00:00","mainEntityOfPage":{"@id":"https:\/\/diariofemenino.com.ar\/df\/las-mujeres-en-el-medio\/"},"wordCount":365,"commentCount":0,"publisher":{"@id":"https:\/\/diariofemenino.com.ar\/df\/#organization"},"image":{"@id":"https:\/\/diariofemenino.com.ar\/df\/las-mujeres-en-el-medio\/#primaryimage"},"thumbnailUrl":"","articleSection":["Medios"],"inLanguage":"es","potentialAction":[{"@type":"CommentAction","name":"Comment","target":["https:\/\/diariofemenino.com.ar\/df\/las-mujeres-en-el-medio\/#respond"]}]},{"@type":"WebPage","@id":"https:\/\/diariofemenino.com.ar\/df\/las-mujeres-en-el-medio\/","url":"https:\/\/diariofemenino.com.ar\/df\/las-mujeres-en-el-medio\/","name":"Las Mujeres en el Medio - Diario Digital Femenino","isPartOf":{"@id":"https:\/\/diariofemenino.com.ar\/df\/#website"},"primaryImageOfPage":{"@id":"https:\/\/diariofemenino.com.ar\/df\/las-mujeres-en-el-medio\/#primaryimage"},"image":{"@id":"https:\/\/diariofemenino.com.ar\/df\/las-mujeres-en-el-medio\/#primaryimage"},"thumbnailUrl":"","datePublished":"2012-07-03T13:54:00+00:00","breadcrumb":{"@id":"https:\/\/diariofemenino.com.ar\/df\/las-mujeres-en-el-medio\/#breadcrumb"},"inLanguage":"es","potentialAction":[{"@type":"ReadAction","target":["https:\/\/diariofemenino.com.ar\/df\/las-mujeres-en-el-medio\/"]}]},{"@type":"ImageObject","inLanguage":"es","@id":"https:\/\/diariofemenino.com.ar\/df\/las-mujeres-en-el-medio\/#primaryimage","url":"","contentUrl":""},{"@type":"BreadcrumbList","@id":"https:\/\/diariofemenino.com.ar\/df\/las-mujeres-en-el-medio\/#breadcrumb","itemListElement":[{"@type":"ListItem","position":1,"name":"Portada","item":"https:\/\/diariofemenino.com.ar\/df\/"},{"@type":"ListItem","position":2,"name":"Las Mujeres en el Medio"}]},{"@type":"WebSite","@id":"https:\/\/diariofemenino.com.ar\/df\/#website","url":"https:\/\/diariofemenino.com.ar\/df\/","name":"Diario Digital Femenino","description":"Cuesti\u00f3n de G\u00e9nero","publisher":{"@id":"https:\/\/diariofemenino.com.ar\/df\/#organization"},"potentialAction":[{"@type":"SearchAction","target":{"@type":"EntryPoint","urlTemplate":"https:\/\/diariofemenino.com.ar\/df\/?s={search_term_string}"},"query-input":{"@type":"PropertyValueSpecification","valueRequired":true,"valueName":"search_term_string"}}],"inLanguage":"es"},{"@type":"Organization","@id":"https:\/\/diariofemenino.com.ar\/df\/#organization","name":"Diario Femenino","url":"https:\/\/diariofemenino.com.ar\/df\/","logo":{"@type":"ImageObject","inLanguage":"es","@id":"https:\/\/diariofemenino.com.ar\/df\/#\/schema\/logo\/image\/","url":"https:\/\/diariofemenino.com.ar\/df\/wp-content\/uploads\/2018\/10\/logo.png","contentUrl":"https:\/\/diariofemenino.com.ar\/df\/wp-content\/uploads\/2018\/10\/logo.png","width":500,"height":92,"caption":"Diario Femenino"},"image":{"@id":"https:\/\/diariofemenino.com.ar\/df\/#\/schema\/logo\/image\/"},"sameAs":["https:\/\/www.facebook.com\/DiarioDigitaFemenino\/","https:\/\/x.com\/DiarioFemenino1"]},{"@type":"Person","@id":"https:\/\/diariofemenino.com.ar\/df\/#\/schema\/person\/38f54b3bfd13f561de2460ba95c169c6","name":"Admin","image":{"@type":"ImageObject","inLanguage":"es","@id":"https:\/\/diariofemenino.com.ar\/df\/wp-content\/uploads\/2018\/12\/favicon-150x150.jpg","url":"https:\/\/diariofemenino.com.ar\/df\/wp-content\/uploads\/2018\/12\/favicon-150x150.jpg","contentUrl":"https:\/\/diariofemenino.com.ar\/df\/wp-content\/uploads\/2018\/12\/favicon-150x150.jpg","caption":"Admin"},"url":"https:\/\/diariofemenino.com.ar\/df\/author\/adm18df\/"}]}},"jetpack_featured_media_url":"","jetpack_sharing_enabled":true,"rttpg_featured_image_url":null,"rttpg_author":{"display_name":"Admin","author_link":"https:\/\/diariofemenino.com.ar\/df\/author\/adm18df\/"},"rttpg_comment":0,"rttpg_category":"<a href=\"https:\/\/diariofemenino.com.ar\/df\/category\/medios\/\" rel=\"category tag\">Medios<\/a>","rttpg_excerpt":"&nbsp; &nbsp; Segundas Jornadas de Comunicaci\u00f3n No Sexista 5 y 6 de Julio Instituto Superior de Tiempo Libre y Recreaci\u00f3n Los medios de comunicaci\u00f3n son espacios de construcci\u00f3n y transmisi\u00f3n de mensajes, de alcance masivo y extendido en los que pueden reproducirse y legitimarse las desigualdades sociales. Desde MuMaL\u00e1 (Mujeres de la Matria Latinoamerica) nos&hellip;","_links":{"self":[{"href":"https:\/\/diariofemenino.com.ar\/df\/wp-json\/wp\/v2\/posts\/2301","targetHints":{"allow":["GET"]}}],"collection":[{"href":"https:\/\/diariofemenino.com.ar\/df\/wp-json\/wp\/v2\/posts"}],"about":[{"href":"https:\/\/diariofemenino.com.ar\/df\/wp-json\/wp\/v2\/types\/post"}],"author":[{"embeddable":true,"href":"https:\/\/diariofemenino.com.ar\/df\/wp-json\/wp\/v2\/users\/1"}],"replies":[{"embeddable":true,"href":"https:\/\/diariofemenino.com.ar\/df\/wp-json\/wp\/v2\/comments?post=2301"}],"version-history":[{"count":0,"href":"https:\/\/diariofemenino.com.ar\/df\/wp-json\/wp\/v2\/posts\/2301\/revisions"}],"wp:featuredmedia":[{"embeddable":true,"href":"https:\/\/diariofemenino.com.ar\/df\/wp-json\/"}],"wp:attachment":[{"href":"https:\/\/diariofemenino.com.ar\/df\/wp-json\/wp\/v2\/media?parent=2301"}],"wp:term":[{"taxonomy":"category","embeddable":true,"href":"https:\/\/diariofemenino.com.ar\/df\/wp-json\/wp\/v2\/categories?post=2301"},{"taxonomy":"post_tag","embeddable":true,"href":"https:\/\/diariofemenino.com.ar\/df\/wp-json\/wp\/v2\/tags?post=2301"}],"curies":[{"name":"wp","href":"https:\/\/api.w.org\/{rel}","templated":true}]}}