{"id":2294,"date":"2012-07-02T20:59:10","date_gmt":"2012-07-02T23:59:10","guid":{"rendered":"http:\/\/www.diariofemenino.com.ar\/?p=2294"},"modified":"2012-07-02T20:59:10","modified_gmt":"2012-07-02T23:59:10","slug":"red-de-mujeres-apoya-acceso-al-derecho-al-aborto-no-punible","status":"publish","type":"post","link":"https:\/\/diariofemenino.com.ar\/df\/red-de-mujeres-apoya-acceso-al-derecho-al-aborto-no-punible\/","title":{"rendered":"Red de Mujeres apoya acceso al derecho al aborto no punible"},"content":{"rendered":"<p>&nbsp;<br \/>\n\u00a0<br \/>\n<em>2 de julio de 2012. La Red de Mujeres las Unas y las Otras de Bariloche celebr\u00f3 el proyecto de ley presentado en la legislatura de R\u00edo Negro para hacer efectivo el cumplimiento de lo establecido en el Articulo 86 inc 1 y 2, del Codigo Penal, que permite que cualquier mujer que quede embarazada tras una violaci\u00f3n pueda solicitar un aborto no punible en hospitales p\u00fablicos de la provincia sin que su pedido sea judicializado.<\/em><br \/>\n\u00abEste es un paso fundamental en la lucha por lo derechos de las mujeres y en el reconocimiento de la violencia sexual como una violaci\u00f3n a los derechos humanos\u00bb, destacaron desde la Red. \u00abNos parece una inciativa muy valiosa el registro \u00fanico de objetores de conciencia. Pero creemos que previo a la inscripci\u00f3n en ese Registro habr\u00eda que hacer una Jornada obligatoria de sensibilizacion y capacitaci\u00f3n de profesionales de la salud, en violencia y equidad de genero en salud, explicitar el marco legal en el que va a llevar adelante un ANP, ofrecer las respuestas y las garant\u00edas que necesiten al momento de realizar esta pr\u00e1ctica\u00bb, consideraron.<br \/>\nEn este sentido opinaron que \u00abMuchas veces la medicina defensiva, el miedo a los abogados, la doble moral, sumado al silencio de las instituciones sanitarias, la ausencia de gestos y acciones a favor del ANP por parte de las autoridades, hacen que no se haga efectivo este derecho, dejando todo en una enorme nebulosa donde lo que no se sabe o es dudoso, por las dudas, no se hace\u00bb.<br \/>\n\u00abNo alcanza solo con decir, como autoridad sanitaria, &#8216;este ministerio, no se va a oponer&#8217;, sino que hay que velar por el cumplimiento de la norma, y eso implica, la sensibilizacion de los profesionales, la capacitaci\u00f3n, la compra de los insumos necesarios, farmacol\u00f3gicos o quir\u00fargicos, el seguimiento de la paciente, el funcionamiento adecuado de los instrumentos diagn\u00f3sticos, la anticoncepci\u00f3n posterior al aborto, la consejer\u00eda, etc.etc&#8230; \u00ab.<br \/>\nPor \u00faltimo, la Red de Mujeres Las Unas y las Otras consign\u00f3 \u00abDar el debate al interior de las instituciones sanitarias, es muy importante porque se debe garantizar un derecho, sabemos que muchos y muchas profesionales acompa\u00f1an esta lucha. No respetar esta ley significar\u00eda violar por segunda vez a la v\u00edctima\u00bb.<br \/>\n&nbsp;<br \/>\n&nbsp;<br \/>\nFuente:\u00a0 <a href=\"http:\/\/www.anbariloche.com.ar\/noticia.php?nota=29646\" target=\"_blank\">anb<\/a><br \/>\n<em><\/em><\/p>\n","protected":false},"excerpt":{"rendered":"<p>&nbsp; \u00a0 2 de julio de 2012. La Red de Mujeres las Unas y las Otras de Bariloche celebr\u00f3 el proyecto de ley presentado en la legislatura de R\u00edo Negro para hacer efectivo el cumplimiento de lo establecido en el Articulo 86 inc 1 y 2, del Codigo Penal, que permite que cualquier mujer que [&hellip;]<\/p>\n","protected":false},"author":1,"featured_media":2295,"comment_status":"open","ping_status":"open","sticky":false,"template":"","format":"standard","meta":{"iawp_total_views":1,"footnotes":""},"categories":[22,4],"tags":[],"class_list":["post-2294","post","type-post","status-publish","format-standard","has-post-thumbnail","hentry","category-aborto","category-medios"],"nelio_content":{"autoShareEndMode":"never","automationSources":{"useCustomSentences":false,"customSentences":[]},"efiAlt":"","efiUrl":"","followers":[],"highlights":[],"isAutoShareEnabled":true,"networkImageIds":[],"permalinkQueryArgs":[],"series":[],"suggestedReferences":[]},"yoast_head":"<!-- This site is optimized with the Yoast SEO plugin v27.5 - https:\/\/yoast.com\/product\/yoast-seo-wordpress\/ -->\n<title>Red de Mujeres apoya acceso al derecho al aborto no punible - Diario Digital Femenino<\/title>\n<meta name=\"robots\" content=\"index, follow, max-snippet:-1, max-image-preview:large, max-video-preview:-1\" \/>\n<link rel=\"canonical\" href=\"https:\/\/diariofemenino.com.ar\/df\/red-de-mujeres-apoya-acceso-al-derecho-al-aborto-no-punible\/\" \/>\n<meta property=\"og:locale\" content=\"es_ES\" \/>\n<meta property=\"og:type\" content=\"article\" \/>\n<meta property=\"og:title\" content=\"Red de Mujeres apoya acceso al derecho al aborto no punible - Diario Digital Femenino\" \/>\n<meta property=\"og:description\" content=\"&nbsp; \u00a0 2 de julio de 2012. La Red de Mujeres las Unas y las Otras de Bariloche celebr\u00f3 el proyecto de ley presentado en la legislatura de R\u00edo Negro para hacer efectivo el cumplimiento de lo establecido en el Articulo 86 inc 1 y 2, del Codigo Penal, que permite que cualquier mujer que [&hellip;]\" \/>\n<meta property=\"og:url\" content=\"https:\/\/diariofemenino.com.ar\/df\/red-de-mujeres-apoya-acceso-al-derecho-al-aborto-no-punible\/\" \/>\n<meta property=\"og:site_name\" content=\"Diario Digital Femenino\" \/>\n<meta property=\"article:publisher\" content=\"https:\/\/www.facebook.com\/DiarioDigitaFemenino\/\" \/>\n<meta property=\"article:published_time\" content=\"2012-07-02T23:59:10+00:00\" \/>\n<meta property=\"og:image\" content=\"https:\/\/diariofemenino.com.ar\/df\/wp-content\/uploads\/2016\/10\/logo-negro.png\" \/>\n\t<meta property=\"og:image:width\" content=\"855\" \/>\n\t<meta property=\"og:image:height\" content=\"319\" \/>\n\t<meta property=\"og:image:type\" content=\"image\/png\" \/>\n<meta name=\"author\" content=\"Admin\" \/>\n<meta name=\"twitter:card\" content=\"summary_large_image\" \/>\n<meta name=\"twitter:creator\" content=\"@DiarioFemenino1\" \/>\n<meta name=\"twitter:site\" content=\"@DiarioFemenino1\" \/>\n<meta name=\"twitter:label1\" content=\"Escrito por\" \/>\n\t<meta name=\"twitter:data1\" content=\"Admin\" \/>\n\t<meta name=\"twitter:label2\" content=\"Tiempo de lectura\" \/>\n\t<meta name=\"twitter:data2\" content=\"2 minutos\" \/>\n<script type=\"application\/ld+json\" class=\"yoast-schema-graph\">{\"@context\":\"https:\\\/\\\/schema.org\",\"@graph\":[{\"@type\":\"Article\",\"@id\":\"https:\\\/\\\/diariofemenino.com.ar\\\/df\\\/red-de-mujeres-apoya-acceso-al-derecho-al-aborto-no-punible\\\/#article\",\"isPartOf\":{\"@id\":\"https:\\\/\\\/diariofemenino.com.ar\\\/df\\\/red-de-mujeres-apoya-acceso-al-derecho-al-aborto-no-punible\\\/\"},\"author\":{\"name\":\"Admin\",\"@id\":\"https:\\\/\\\/diariofemenino.com.ar\\\/df\\\/#\\\/schema\\\/person\\\/38f54b3bfd13f561de2460ba95c169c6\"},\"headline\":\"Red de Mujeres apoya acceso al derecho al aborto no punible\",\"datePublished\":\"2012-07-02T23:59:10+00:00\",\"mainEntityOfPage\":{\"@id\":\"https:\\\/\\\/diariofemenino.com.ar\\\/df\\\/red-de-mujeres-apoya-acceso-al-derecho-al-aborto-no-punible\\\/\"},\"wordCount\":398,\"commentCount\":0,\"publisher\":{\"@id\":\"https:\\\/\\\/diariofemenino.com.ar\\\/df\\\/#organization\"},\"image\":{\"@id\":\"https:\\\/\\\/diariofemenino.com.ar\\\/df\\\/red-de-mujeres-apoya-acceso-al-derecho-al-aborto-no-punible\\\/#primaryimage\"},\"thumbnailUrl\":\"\",\"articleSection\":[\"Aborto\",\"Medios\"],\"inLanguage\":\"es\",\"potentialAction\":[{\"@type\":\"CommentAction\",\"name\":\"Comment\",\"target\":[\"https:\\\/\\\/diariofemenino.com.ar\\\/df\\\/red-de-mujeres-apoya-acceso-al-derecho-al-aborto-no-punible\\\/#respond\"]}]},{\"@type\":\"WebPage\",\"@id\":\"https:\\\/\\\/diariofemenino.com.ar\\\/df\\\/red-de-mujeres-apoya-acceso-al-derecho-al-aborto-no-punible\\\/\",\"url\":\"https:\\\/\\\/diariofemenino.com.ar\\\/df\\\/red-de-mujeres-apoya-acceso-al-derecho-al-aborto-no-punible\\\/\",\"name\":\"Red de Mujeres apoya acceso al derecho al aborto no punible - Diario Digital Femenino\",\"isPartOf\":{\"@id\":\"https:\\\/\\\/diariofemenino.com.ar\\\/df\\\/#website\"},\"primaryImageOfPage\":{\"@id\":\"https:\\\/\\\/diariofemenino.com.ar\\\/df\\\/red-de-mujeres-apoya-acceso-al-derecho-al-aborto-no-punible\\\/#primaryimage\"},\"image\":{\"@id\":\"https:\\\/\\\/diariofemenino.com.ar\\\/df\\\/red-de-mujeres-apoya-acceso-al-derecho-al-aborto-no-punible\\\/#primaryimage\"},\"thumbnailUrl\":\"\",\"datePublished\":\"2012-07-02T23:59:10+00:00\",\"breadcrumb\":{\"@id\":\"https:\\\/\\\/diariofemenino.com.ar\\\/df\\\/red-de-mujeres-apoya-acceso-al-derecho-al-aborto-no-punible\\\/#breadcrumb\"},\"inLanguage\":\"es\",\"potentialAction\":[{\"@type\":\"ReadAction\",\"target\":[\"https:\\\/\\\/diariofemenino.com.ar\\\/df\\\/red-de-mujeres-apoya-acceso-al-derecho-al-aborto-no-punible\\\/\"]}]},{\"@type\":\"ImageObject\",\"inLanguage\":\"es\",\"@id\":\"https:\\\/\\\/diariofemenino.com.ar\\\/df\\\/red-de-mujeres-apoya-acceso-al-derecho-al-aborto-no-punible\\\/#primaryimage\",\"url\":\"\",\"contentUrl\":\"\"},{\"@type\":\"BreadcrumbList\",\"@id\":\"https:\\\/\\\/diariofemenino.com.ar\\\/df\\\/red-de-mujeres-apoya-acceso-al-derecho-al-aborto-no-punible\\\/#breadcrumb\",\"itemListElement\":[{\"@type\":\"ListItem\",\"position\":1,\"name\":\"Portada\",\"item\":\"https:\\\/\\\/diariofemenino.com.ar\\\/df\\\/\"},{\"@type\":\"ListItem\",\"position\":2,\"name\":\"Red de Mujeres apoya acceso al derecho al aborto no punible\"}]},{\"@type\":\"WebSite\",\"@id\":\"https:\\\/\\\/diariofemenino.com.ar\\\/df\\\/#website\",\"url\":\"https:\\\/\\\/diariofemenino.com.ar\\\/df\\\/\",\"name\":\"Diario Digital Femenino\",\"description\":\"Cuesti\u00f3n de G\u00e9nero\",\"publisher\":{\"@id\":\"https:\\\/\\\/diariofemenino.com.ar\\\/df\\\/#organization\"},\"potentialAction\":[{\"@type\":\"SearchAction\",\"target\":{\"@type\":\"EntryPoint\",\"urlTemplate\":\"https:\\\/\\\/diariofemenino.com.ar\\\/df\\\/?s={search_term_string}\"},\"query-input\":{\"@type\":\"PropertyValueSpecification\",\"valueRequired\":true,\"valueName\":\"search_term_string\"}}],\"inLanguage\":\"es\"},{\"@type\":\"Organization\",\"@id\":\"https:\\\/\\\/diariofemenino.com.ar\\\/df\\\/#organization\",\"name\":\"Diario Femenino\",\"url\":\"https:\\\/\\\/diariofemenino.com.ar\\\/df\\\/\",\"logo\":{\"@type\":\"ImageObject\",\"inLanguage\":\"es\",\"@id\":\"https:\\\/\\\/diariofemenino.com.ar\\\/df\\\/#\\\/schema\\\/logo\\\/image\\\/\",\"url\":\"https:\\\/\\\/diariofemenino.com.ar\\\/df\\\/wp-content\\\/uploads\\\/2018\\\/10\\\/logo.png\",\"contentUrl\":\"https:\\\/\\\/diariofemenino.com.ar\\\/df\\\/wp-content\\\/uploads\\\/2018\\\/10\\\/logo.png\",\"width\":500,\"height\":92,\"caption\":\"Diario Femenino\"},\"image\":{\"@id\":\"https:\\\/\\\/diariofemenino.com.ar\\\/df\\\/#\\\/schema\\\/logo\\\/image\\\/\"},\"sameAs\":[\"https:\\\/\\\/www.facebook.com\\\/DiarioDigitaFemenino\\\/\",\"https:\\\/\\\/x.com\\\/DiarioFemenino1\"]},{\"@type\":\"Person\",\"@id\":\"https:\\\/\\\/diariofemenino.com.ar\\\/df\\\/#\\\/schema\\\/person\\\/38f54b3bfd13f561de2460ba95c169c6\",\"name\":\"Admin\",\"image\":{\"@type\":\"ImageObject\",\"inLanguage\":\"es\",\"@id\":\"https:\\\/\\\/diariofemenino.com.ar\\\/df\\\/wp-content\\\/uploads\\\/2018\\\/12\\\/favicon-150x150.jpg\",\"url\":\"https:\\\/\\\/diariofemenino.com.ar\\\/df\\\/wp-content\\\/uploads\\\/2018\\\/12\\\/favicon-150x150.jpg\",\"contentUrl\":\"https:\\\/\\\/diariofemenino.com.ar\\\/df\\\/wp-content\\\/uploads\\\/2018\\\/12\\\/favicon-150x150.jpg\",\"caption\":\"Admin\"},\"url\":\"https:\\\/\\\/diariofemenino.com.ar\\\/df\\\/author\\\/adm18df\\\/\"}]}<\/script>\n<!-- \/ Yoast SEO plugin. -->","yoast_head_json":{"title":"Red de Mujeres apoya acceso al derecho al aborto no punible - Diario Digital Femenino","robots":{"index":"index","follow":"follow","max-snippet":"max-snippet:-1","max-image-preview":"max-image-preview:large","max-video-preview":"max-video-preview:-1"},"canonical":"https:\/\/diariofemenino.com.ar\/df\/red-de-mujeres-apoya-acceso-al-derecho-al-aborto-no-punible\/","og_locale":"es_ES","og_type":"article","og_title":"Red de Mujeres apoya acceso al derecho al aborto no punible - Diario Digital Femenino","og_description":"&nbsp; \u00a0 2 de julio de 2012. La Red de Mujeres las Unas y las Otras de Bariloche celebr\u00f3 el proyecto de ley presentado en la legislatura de R\u00edo Negro para hacer efectivo el cumplimiento de lo establecido en el Articulo 86 inc 1 y 2, del Codigo Penal, que permite que cualquier mujer que [&hellip;]","og_url":"https:\/\/diariofemenino.com.ar\/df\/red-de-mujeres-apoya-acceso-al-derecho-al-aborto-no-punible\/","og_site_name":"Diario Digital Femenino","article_publisher":"https:\/\/www.facebook.com\/DiarioDigitaFemenino\/","article_published_time":"2012-07-02T23:59:10+00:00","og_image":[{"width":855,"height":319,"url":"https:\/\/diariofemenino.com.ar\/df\/wp-content\/uploads\/2016\/10\/logo-negro.png","type":"image\/png"}],"author":"Admin","twitter_card":"summary_large_image","twitter_creator":"@DiarioFemenino1","twitter_site":"@DiarioFemenino1","twitter_misc":{"Escrito por":"Admin","Tiempo de lectura":"2 minutos"},"schema":{"@context":"https:\/\/schema.org","@graph":[{"@type":"Article","@id":"https:\/\/diariofemenino.com.ar\/df\/red-de-mujeres-apoya-acceso-al-derecho-al-aborto-no-punible\/#article","isPartOf":{"@id":"https:\/\/diariofemenino.com.ar\/df\/red-de-mujeres-apoya-acceso-al-derecho-al-aborto-no-punible\/"},"author":{"name":"Admin","@id":"https:\/\/diariofemenino.com.ar\/df\/#\/schema\/person\/38f54b3bfd13f561de2460ba95c169c6"},"headline":"Red de Mujeres apoya acceso al derecho al aborto no punible","datePublished":"2012-07-02T23:59:10+00:00","mainEntityOfPage":{"@id":"https:\/\/diariofemenino.com.ar\/df\/red-de-mujeres-apoya-acceso-al-derecho-al-aborto-no-punible\/"},"wordCount":398,"commentCount":0,"publisher":{"@id":"https:\/\/diariofemenino.com.ar\/df\/#organization"},"image":{"@id":"https:\/\/diariofemenino.com.ar\/df\/red-de-mujeres-apoya-acceso-al-derecho-al-aborto-no-punible\/#primaryimage"},"thumbnailUrl":"","articleSection":["Aborto","Medios"],"inLanguage":"es","potentialAction":[{"@type":"CommentAction","name":"Comment","target":["https:\/\/diariofemenino.com.ar\/df\/red-de-mujeres-apoya-acceso-al-derecho-al-aborto-no-punible\/#respond"]}]},{"@type":"WebPage","@id":"https:\/\/diariofemenino.com.ar\/df\/red-de-mujeres-apoya-acceso-al-derecho-al-aborto-no-punible\/","url":"https:\/\/diariofemenino.com.ar\/df\/red-de-mujeres-apoya-acceso-al-derecho-al-aborto-no-punible\/","name":"Red de Mujeres apoya acceso al derecho al aborto no punible - Diario Digital Femenino","isPartOf":{"@id":"https:\/\/diariofemenino.com.ar\/df\/#website"},"primaryImageOfPage":{"@id":"https:\/\/diariofemenino.com.ar\/df\/red-de-mujeres-apoya-acceso-al-derecho-al-aborto-no-punible\/#primaryimage"},"image":{"@id":"https:\/\/diariofemenino.com.ar\/df\/red-de-mujeres-apoya-acceso-al-derecho-al-aborto-no-punible\/#primaryimage"},"thumbnailUrl":"","datePublished":"2012-07-02T23:59:10+00:00","breadcrumb":{"@id":"https:\/\/diariofemenino.com.ar\/df\/red-de-mujeres-apoya-acceso-al-derecho-al-aborto-no-punible\/#breadcrumb"},"inLanguage":"es","potentialAction":[{"@type":"ReadAction","target":["https:\/\/diariofemenino.com.ar\/df\/red-de-mujeres-apoya-acceso-al-derecho-al-aborto-no-punible\/"]}]},{"@type":"ImageObject","inLanguage":"es","@id":"https:\/\/diariofemenino.com.ar\/df\/red-de-mujeres-apoya-acceso-al-derecho-al-aborto-no-punible\/#primaryimage","url":"","contentUrl":""},{"@type":"BreadcrumbList","@id":"https:\/\/diariofemenino.com.ar\/df\/red-de-mujeres-apoya-acceso-al-derecho-al-aborto-no-punible\/#breadcrumb","itemListElement":[{"@type":"ListItem","position":1,"name":"Portada","item":"https:\/\/diariofemenino.com.ar\/df\/"},{"@type":"ListItem","position":2,"name":"Red de Mujeres apoya acceso al derecho al aborto no punible"}]},{"@type":"WebSite","@id":"https:\/\/diariofemenino.com.ar\/df\/#website","url":"https:\/\/diariofemenino.com.ar\/df\/","name":"Diario Digital Femenino","description":"Cuesti\u00f3n de G\u00e9nero","publisher":{"@id":"https:\/\/diariofemenino.com.ar\/df\/#organization"},"potentialAction":[{"@type":"SearchAction","target":{"@type":"EntryPoint","urlTemplate":"https:\/\/diariofemenino.com.ar\/df\/?s={search_term_string}"},"query-input":{"@type":"PropertyValueSpecification","valueRequired":true,"valueName":"search_term_string"}}],"inLanguage":"es"},{"@type":"Organization","@id":"https:\/\/diariofemenino.com.ar\/df\/#organization","name":"Diario Femenino","url":"https:\/\/diariofemenino.com.ar\/df\/","logo":{"@type":"ImageObject","inLanguage":"es","@id":"https:\/\/diariofemenino.com.ar\/df\/#\/schema\/logo\/image\/","url":"https:\/\/diariofemenino.com.ar\/df\/wp-content\/uploads\/2018\/10\/logo.png","contentUrl":"https:\/\/diariofemenino.com.ar\/df\/wp-content\/uploads\/2018\/10\/logo.png","width":500,"height":92,"caption":"Diario Femenino"},"image":{"@id":"https:\/\/diariofemenino.com.ar\/df\/#\/schema\/logo\/image\/"},"sameAs":["https:\/\/www.facebook.com\/DiarioDigitaFemenino\/","https:\/\/x.com\/DiarioFemenino1"]},{"@type":"Person","@id":"https:\/\/diariofemenino.com.ar\/df\/#\/schema\/person\/38f54b3bfd13f561de2460ba95c169c6","name":"Admin","image":{"@type":"ImageObject","inLanguage":"es","@id":"https:\/\/diariofemenino.com.ar\/df\/wp-content\/uploads\/2018\/12\/favicon-150x150.jpg","url":"https:\/\/diariofemenino.com.ar\/df\/wp-content\/uploads\/2018\/12\/favicon-150x150.jpg","contentUrl":"https:\/\/diariofemenino.com.ar\/df\/wp-content\/uploads\/2018\/12\/favicon-150x150.jpg","caption":"Admin"},"url":"https:\/\/diariofemenino.com.ar\/df\/author\/adm18df\/"}]}},"jetpack_featured_media_url":"","jetpack_sharing_enabled":true,"rttpg_featured_image_url":null,"rttpg_author":{"display_name":"Admin","author_link":"https:\/\/diariofemenino.com.ar\/df\/author\/adm18df\/"},"rttpg_comment":0,"rttpg_category":"<a href=\"https:\/\/diariofemenino.com.ar\/df\/category\/aborto\/\" rel=\"category tag\">Aborto<\/a> <a href=\"https:\/\/diariofemenino.com.ar\/df\/category\/medios\/\" rel=\"category tag\">Medios<\/a>","rttpg_excerpt":"&nbsp; \u00a0 2 de julio de 2012. La Red de Mujeres las Unas y las Otras de Bariloche celebr\u00f3 el proyecto de ley presentado en la legislatura de R\u00edo Negro para hacer efectivo el cumplimiento de lo establecido en el Articulo 86 inc 1 y 2, del Codigo Penal, que permite que cualquier mujer que&hellip;","_links":{"self":[{"href":"https:\/\/diariofemenino.com.ar\/df\/wp-json\/wp\/v2\/posts\/2294","targetHints":{"allow":["GET"]}}],"collection":[{"href":"https:\/\/diariofemenino.com.ar\/df\/wp-json\/wp\/v2\/posts"}],"about":[{"href":"https:\/\/diariofemenino.com.ar\/df\/wp-json\/wp\/v2\/types\/post"}],"author":[{"embeddable":true,"href":"https:\/\/diariofemenino.com.ar\/df\/wp-json\/wp\/v2\/users\/1"}],"replies":[{"embeddable":true,"href":"https:\/\/diariofemenino.com.ar\/df\/wp-json\/wp\/v2\/comments?post=2294"}],"version-history":[{"count":0,"href":"https:\/\/diariofemenino.com.ar\/df\/wp-json\/wp\/v2\/posts\/2294\/revisions"}],"wp:featuredmedia":[{"embeddable":true,"href":"https:\/\/diariofemenino.com.ar\/df\/wp-json\/"}],"wp:attachment":[{"href":"https:\/\/diariofemenino.com.ar\/df\/wp-json\/wp\/v2\/media?parent=2294"}],"wp:term":[{"taxonomy":"category","embeddable":true,"href":"https:\/\/diariofemenino.com.ar\/df\/wp-json\/wp\/v2\/categories?post=2294"},{"taxonomy":"post_tag","embeddable":true,"href":"https:\/\/diariofemenino.com.ar\/df\/wp-json\/wp\/v2\/tags?post=2294"}],"curies":[{"name":"wp","href":"https:\/\/api.w.org\/{rel}","templated":true}]}}