{"id":2283,"date":"2012-07-02T16:47:20","date_gmt":"2012-07-02T19:47:20","guid":{"rendered":"http:\/\/www.diariofemenino.com.ar\/?p=2283"},"modified":"2012-07-02T16:47:20","modified_gmt":"2012-07-02T19:47:20","slug":"en-tucuman-hubo-10-casos-de-femicidio-en-un-ano","status":"publish","type":"post","link":"https:\/\/diariofemenino.com.ar\/df\/en-tucuman-hubo-10-casos-de-femicidio-en-un-ano\/","title":{"rendered":"En Tucum\u00e1n hubo 10 casos de femicidio en un a\u00f1o"},"content":{"rendered":"<p>&nbsp;<br \/>\n&nbsp;<br \/>\n&nbsp;<br \/>\n<em>Las estad\u00edsticas son categ\u00f3ricas en cuanto a los ataques contra mujeres; el \u00faltimo caso, registrado en Villa Luj\u00e1n \u00a0encendi\u00f3 una luz de alerta.<br \/>\n<\/em>El crimen de <strong>Mar\u00eda Medina, <\/strong>la mujer de 31 a\u00f1os que muri\u00f3 golpeada y quemada por su novio en Villa Luj\u00e1n, ubic\u00f3 una vez m\u00e1s a la violencia de g\u00e9nero en el centro de la escena. Y la problem\u00e1tica cobra mayor relevancia si se tienen en cuenta las \u00faltimas estad\u00edsticas.<br \/>\nS\u00f3lo en 2011, en Tucum\u00e1n, se cometieron 10 femicidios, seg\u00fan un estudio realizado por el Observatorio de Femicidio en la Argentina \u00abAdriana Marisel Zambrano\u00bb y coordinado por la Asociaci\u00f3n Civil \u00abLa Casa del Encuentro\u00bb.<br \/>\nEl \u00faltimo caso, ocurrido el mi\u00e9rcoles en una casa de Corrientes 3.271, alarm\u00f3 a la sociedad por las caracter\u00edsticas del hecho. Aparentemente, fueron los celos los que despertaron la ira de <strong>Armando Mart\u00edn<\/strong>, de 33 a\u00f1os, quien golpe\u00f3 a su novia hasta dejarla inconsciente, la encerr\u00f3 en una habitaci\u00f3n y le prendi\u00f3 fuego.<br \/>\nEl homicida fue alojado en el calabozo de la seccional 7\u00aa, pero el jueves a la noche intent\u00f3 ahorcarse con una frazada. Esta conducta fue advertida por los polic\u00edas que cubr\u00edan la guardia, quienes lo trasladaron al Hospital Padilla. Ayer, Mart\u00edn continuaba internado aunque en mejor estado de salud. \u00abEst\u00e1 consciente y con suero; hay dos efectivos que lo custodian\u00bb, afirmaron fuentes policiales.<br \/>\nAdem\u00e1s, agregaron que ser\u00e1 el fiscal <strong>Guillermo Herrera<\/strong> quien decidir\u00e1 ad\u00f3nde ser\u00e1 trasladado el detenido cuando reciba el alta m\u00e9dica.<br \/>\n<strong>Pastillas y alcohol<\/strong> En tanto, ayer trascendi\u00f3 que la pareja hab\u00eda consumido una mezcla de pastillas (sedantes) con bebidas alcoh\u00f3licas antes de que se iniciara la pelea. Adem\u00e1s, el abogado defensor del agresor, <strong>Ariel Ortega<\/strong>, cont\u00f3 que Mart\u00edn ten\u00eda un hermano gemelo que se suicid\u00f3 hace ocho a\u00f1os y que a partir de entonces comenz\u00f3 a tener una vida tormentosa. \u00abNo andaba bien y todo esto desemboc\u00f3 en lo que ya se conoce, pero \u00e9l todav\u00eda no ha dimensionado lo sucedido\u00bb, asegur\u00f3 el letrado, quien solicit\u00f3 que su defendido sea examinado por m\u00e9dicos.<br \/>\n&nbsp;<br \/>\n&nbsp;<br \/>\nFuente: <a href=\"http:\/\/www.lagaceta.com.ar\/nota\/486263\/policiales\/tucuman-hubo-10-casos-femicidio-ano.html\">La Gaceta<\/a><br \/>\n&nbsp;<br \/>\n&nbsp;<\/p>\n","protected":false},"excerpt":{"rendered":"<p>&nbsp; &nbsp; &nbsp; Las estad\u00edsticas son categ\u00f3ricas en cuanto a los ataques contra mujeres; el \u00faltimo caso, registrado en Villa Luj\u00e1n \u00a0encendi\u00f3 una luz de alerta. El crimen de Mar\u00eda Medina, la mujer de 31 a\u00f1os que muri\u00f3 golpeada y quemada por su novio en Villa Luj\u00e1n, ubic\u00f3 una vez m\u00e1s a la violencia de [&hellip;]<\/p>\n","protected":false},"author":1,"featured_media":0,"comment_status":"open","ping_status":"open","sticky":false,"template":"","format":"standard","meta":{"iawp_total_views":4,"footnotes":""},"categories":[5,4,6],"tags":[],"class_list":["post-2283","post","type-post","status-publish","format-standard","hentry","category-historias-de-vida","category-medios","category-articulos"],"nelio_content":{"autoShareEndMode":"never","automationSources":{"useCustomSentences":false,"customSentences":[]},"efiAlt":"","efiUrl":"","followers":[],"highlights":[],"isAutoShareEnabled":true,"networkImageIds":[],"permalinkQueryArgs":[],"series":[],"suggestedReferences":[]},"yoast_head":"<!-- This site is optimized with the Yoast SEO plugin v27.5 - https:\/\/yoast.com\/product\/yoast-seo-wordpress\/ -->\n<title>En Tucum\u00e1n hubo 10 casos de femicidio en un a\u00f1o - Diario Digital Femenino<\/title>\n<meta name=\"robots\" content=\"index, follow, max-snippet:-1, max-image-preview:large, max-video-preview:-1\" \/>\n<link rel=\"canonical\" href=\"https:\/\/diariofemenino.com.ar\/df\/en-tucuman-hubo-10-casos-de-femicidio-en-un-ano\/\" \/>\n<meta property=\"og:locale\" content=\"es_ES\" \/>\n<meta property=\"og:type\" content=\"article\" \/>\n<meta property=\"og:title\" content=\"En Tucum\u00e1n hubo 10 casos de femicidio en un a\u00f1o - Diario Digital Femenino\" \/>\n<meta property=\"og:description\" content=\"&nbsp; &nbsp; &nbsp; Las estad\u00edsticas son categ\u00f3ricas en cuanto a los ataques contra mujeres; el \u00faltimo caso, registrado en Villa Luj\u00e1n \u00a0encendi\u00f3 una luz de alerta. El crimen de Mar\u00eda Medina, la mujer de 31 a\u00f1os que muri\u00f3 golpeada y quemada por su novio en Villa Luj\u00e1n, ubic\u00f3 una vez m\u00e1s a la violencia de [&hellip;]\" \/>\n<meta property=\"og:url\" content=\"https:\/\/diariofemenino.com.ar\/df\/en-tucuman-hubo-10-casos-de-femicidio-en-un-ano\/\" \/>\n<meta property=\"og:site_name\" content=\"Diario Digital Femenino\" \/>\n<meta property=\"article:publisher\" content=\"https:\/\/www.facebook.com\/DiarioDigitaFemenino\/\" \/>\n<meta property=\"article:published_time\" content=\"2012-07-02T19:47:20+00:00\" \/>\n<meta property=\"og:image\" content=\"https:\/\/diariofemenino.com.ar\/df\/wp-content\/uploads\/2016\/10\/logo-negro.png\" \/>\n\t<meta property=\"og:image:width\" content=\"855\" \/>\n\t<meta property=\"og:image:height\" content=\"319\" \/>\n\t<meta property=\"og:image:type\" content=\"image\/png\" \/>\n<meta name=\"author\" content=\"Admin\" \/>\n<meta name=\"twitter:card\" content=\"summary_large_image\" \/>\n<meta name=\"twitter:creator\" content=\"@DiarioFemenino1\" \/>\n<meta name=\"twitter:site\" content=\"@DiarioFemenino1\" \/>\n<meta name=\"twitter:label1\" content=\"Escrito por\" \/>\n\t<meta name=\"twitter:data1\" content=\"Admin\" \/>\n\t<meta name=\"twitter:label2\" content=\"Tiempo de lectura\" \/>\n\t<meta name=\"twitter:data2\" content=\"2 minutos\" \/>\n<script type=\"application\/ld+json\" class=\"yoast-schema-graph\">{\"@context\":\"https:\\\/\\\/schema.org\",\"@graph\":[{\"@type\":\"Article\",\"@id\":\"https:\\\/\\\/diariofemenino.com.ar\\\/df\\\/en-tucuman-hubo-10-casos-de-femicidio-en-un-ano\\\/#article\",\"isPartOf\":{\"@id\":\"https:\\\/\\\/diariofemenino.com.ar\\\/df\\\/en-tucuman-hubo-10-casos-de-femicidio-en-un-ano\\\/\"},\"author\":{\"name\":\"Admin\",\"@id\":\"https:\\\/\\\/diariofemenino.com.ar\\\/df\\\/#\\\/schema\\\/person\\\/38f54b3bfd13f561de2460ba95c169c6\"},\"headline\":\"En Tucum\u00e1n hubo 10 casos de femicidio en un a\u00f1o\",\"datePublished\":\"2012-07-02T19:47:20+00:00\",\"mainEntityOfPage\":{\"@id\":\"https:\\\/\\\/diariofemenino.com.ar\\\/df\\\/en-tucuman-hubo-10-casos-de-femicidio-en-un-ano\\\/\"},\"wordCount\":384,\"commentCount\":0,\"publisher\":{\"@id\":\"https:\\\/\\\/diariofemenino.com.ar\\\/df\\\/#organization\"},\"articleSection\":[\"Historias de vida\",\"Medios\",\"Mujeres en Palabras\"],\"inLanguage\":\"es\",\"potentialAction\":[{\"@type\":\"CommentAction\",\"name\":\"Comment\",\"target\":[\"https:\\\/\\\/diariofemenino.com.ar\\\/df\\\/en-tucuman-hubo-10-casos-de-femicidio-en-un-ano\\\/#respond\"]}]},{\"@type\":\"WebPage\",\"@id\":\"https:\\\/\\\/diariofemenino.com.ar\\\/df\\\/en-tucuman-hubo-10-casos-de-femicidio-en-un-ano\\\/\",\"url\":\"https:\\\/\\\/diariofemenino.com.ar\\\/df\\\/en-tucuman-hubo-10-casos-de-femicidio-en-un-ano\\\/\",\"name\":\"En Tucum\u00e1n hubo 10 casos de femicidio en un a\u00f1o - Diario Digital Femenino\",\"isPartOf\":{\"@id\":\"https:\\\/\\\/diariofemenino.com.ar\\\/df\\\/#website\"},\"datePublished\":\"2012-07-02T19:47:20+00:00\",\"breadcrumb\":{\"@id\":\"https:\\\/\\\/diariofemenino.com.ar\\\/df\\\/en-tucuman-hubo-10-casos-de-femicidio-en-un-ano\\\/#breadcrumb\"},\"inLanguage\":\"es\",\"potentialAction\":[{\"@type\":\"ReadAction\",\"target\":[\"https:\\\/\\\/diariofemenino.com.ar\\\/df\\\/en-tucuman-hubo-10-casos-de-femicidio-en-un-ano\\\/\"]}]},{\"@type\":\"BreadcrumbList\",\"@id\":\"https:\\\/\\\/diariofemenino.com.ar\\\/df\\\/en-tucuman-hubo-10-casos-de-femicidio-en-un-ano\\\/#breadcrumb\",\"itemListElement\":[{\"@type\":\"ListItem\",\"position\":1,\"name\":\"Portada\",\"item\":\"https:\\\/\\\/diariofemenino.com.ar\\\/df\\\/\"},{\"@type\":\"ListItem\",\"position\":2,\"name\":\"En Tucum\u00e1n hubo 10 casos de femicidio en un a\u00f1o\"}]},{\"@type\":\"WebSite\",\"@id\":\"https:\\\/\\\/diariofemenino.com.ar\\\/df\\\/#website\",\"url\":\"https:\\\/\\\/diariofemenino.com.ar\\\/df\\\/\",\"name\":\"Diario Digital Femenino\",\"description\":\"Cuesti\u00f3n de G\u00e9nero\",\"publisher\":{\"@id\":\"https:\\\/\\\/diariofemenino.com.ar\\\/df\\\/#organization\"},\"potentialAction\":[{\"@type\":\"SearchAction\",\"target\":{\"@type\":\"EntryPoint\",\"urlTemplate\":\"https:\\\/\\\/diariofemenino.com.ar\\\/df\\\/?s={search_term_string}\"},\"query-input\":{\"@type\":\"PropertyValueSpecification\",\"valueRequired\":true,\"valueName\":\"search_term_string\"}}],\"inLanguage\":\"es\"},{\"@type\":\"Organization\",\"@id\":\"https:\\\/\\\/diariofemenino.com.ar\\\/df\\\/#organization\",\"name\":\"Diario Femenino\",\"url\":\"https:\\\/\\\/diariofemenino.com.ar\\\/df\\\/\",\"logo\":{\"@type\":\"ImageObject\",\"inLanguage\":\"es\",\"@id\":\"https:\\\/\\\/diariofemenino.com.ar\\\/df\\\/#\\\/schema\\\/logo\\\/image\\\/\",\"url\":\"https:\\\/\\\/diariofemenino.com.ar\\\/df\\\/wp-content\\\/uploads\\\/2018\\\/10\\\/logo.png\",\"contentUrl\":\"https:\\\/\\\/diariofemenino.com.ar\\\/df\\\/wp-content\\\/uploads\\\/2018\\\/10\\\/logo.png\",\"width\":500,\"height\":92,\"caption\":\"Diario Femenino\"},\"image\":{\"@id\":\"https:\\\/\\\/diariofemenino.com.ar\\\/df\\\/#\\\/schema\\\/logo\\\/image\\\/\"},\"sameAs\":[\"https:\\\/\\\/www.facebook.com\\\/DiarioDigitaFemenino\\\/\",\"https:\\\/\\\/x.com\\\/DiarioFemenino1\"]},{\"@type\":\"Person\",\"@id\":\"https:\\\/\\\/diariofemenino.com.ar\\\/df\\\/#\\\/schema\\\/person\\\/38f54b3bfd13f561de2460ba95c169c6\",\"name\":\"Admin\",\"image\":{\"@type\":\"ImageObject\",\"inLanguage\":\"es\",\"@id\":\"https:\\\/\\\/diariofemenino.com.ar\\\/df\\\/wp-content\\\/uploads\\\/2018\\\/12\\\/favicon-150x150.jpg\",\"url\":\"https:\\\/\\\/diariofemenino.com.ar\\\/df\\\/wp-content\\\/uploads\\\/2018\\\/12\\\/favicon-150x150.jpg\",\"contentUrl\":\"https:\\\/\\\/diariofemenino.com.ar\\\/df\\\/wp-content\\\/uploads\\\/2018\\\/12\\\/favicon-150x150.jpg\",\"caption\":\"Admin\"},\"url\":\"https:\\\/\\\/diariofemenino.com.ar\\\/df\\\/author\\\/adm18df\\\/\"}]}<\/script>\n<!-- \/ Yoast SEO plugin. -->","yoast_head_json":{"title":"En Tucum\u00e1n hubo 10 casos de femicidio en un a\u00f1o - Diario Digital Femenino","robots":{"index":"index","follow":"follow","max-snippet":"max-snippet:-1","max-image-preview":"max-image-preview:large","max-video-preview":"max-video-preview:-1"},"canonical":"https:\/\/diariofemenino.com.ar\/df\/en-tucuman-hubo-10-casos-de-femicidio-en-un-ano\/","og_locale":"es_ES","og_type":"article","og_title":"En Tucum\u00e1n hubo 10 casos de femicidio en un a\u00f1o - Diario Digital Femenino","og_description":"&nbsp; &nbsp; &nbsp; Las estad\u00edsticas son categ\u00f3ricas en cuanto a los ataques contra mujeres; el \u00faltimo caso, registrado en Villa Luj\u00e1n \u00a0encendi\u00f3 una luz de alerta. El crimen de Mar\u00eda Medina, la mujer de 31 a\u00f1os que muri\u00f3 golpeada y quemada por su novio en Villa Luj\u00e1n, ubic\u00f3 una vez m\u00e1s a la violencia de [&hellip;]","og_url":"https:\/\/diariofemenino.com.ar\/df\/en-tucuman-hubo-10-casos-de-femicidio-en-un-ano\/","og_site_name":"Diario Digital Femenino","article_publisher":"https:\/\/www.facebook.com\/DiarioDigitaFemenino\/","article_published_time":"2012-07-02T19:47:20+00:00","og_image":[{"width":855,"height":319,"url":"https:\/\/diariofemenino.com.ar\/df\/wp-content\/uploads\/2016\/10\/logo-negro.png","type":"image\/png"}],"author":"Admin","twitter_card":"summary_large_image","twitter_creator":"@DiarioFemenino1","twitter_site":"@DiarioFemenino1","twitter_misc":{"Escrito por":"Admin","Tiempo de lectura":"2 minutos"},"schema":{"@context":"https:\/\/schema.org","@graph":[{"@type":"Article","@id":"https:\/\/diariofemenino.com.ar\/df\/en-tucuman-hubo-10-casos-de-femicidio-en-un-ano\/#article","isPartOf":{"@id":"https:\/\/diariofemenino.com.ar\/df\/en-tucuman-hubo-10-casos-de-femicidio-en-un-ano\/"},"author":{"name":"Admin","@id":"https:\/\/diariofemenino.com.ar\/df\/#\/schema\/person\/38f54b3bfd13f561de2460ba95c169c6"},"headline":"En Tucum\u00e1n hubo 10 casos de femicidio en un a\u00f1o","datePublished":"2012-07-02T19:47:20+00:00","mainEntityOfPage":{"@id":"https:\/\/diariofemenino.com.ar\/df\/en-tucuman-hubo-10-casos-de-femicidio-en-un-ano\/"},"wordCount":384,"commentCount":0,"publisher":{"@id":"https:\/\/diariofemenino.com.ar\/df\/#organization"},"articleSection":["Historias de vida","Medios","Mujeres en Palabras"],"inLanguage":"es","potentialAction":[{"@type":"CommentAction","name":"Comment","target":["https:\/\/diariofemenino.com.ar\/df\/en-tucuman-hubo-10-casos-de-femicidio-en-un-ano\/#respond"]}]},{"@type":"WebPage","@id":"https:\/\/diariofemenino.com.ar\/df\/en-tucuman-hubo-10-casos-de-femicidio-en-un-ano\/","url":"https:\/\/diariofemenino.com.ar\/df\/en-tucuman-hubo-10-casos-de-femicidio-en-un-ano\/","name":"En Tucum\u00e1n hubo 10 casos de femicidio en un a\u00f1o - Diario Digital Femenino","isPartOf":{"@id":"https:\/\/diariofemenino.com.ar\/df\/#website"},"datePublished":"2012-07-02T19:47:20+00:00","breadcrumb":{"@id":"https:\/\/diariofemenino.com.ar\/df\/en-tucuman-hubo-10-casos-de-femicidio-en-un-ano\/#breadcrumb"},"inLanguage":"es","potentialAction":[{"@type":"ReadAction","target":["https:\/\/diariofemenino.com.ar\/df\/en-tucuman-hubo-10-casos-de-femicidio-en-un-ano\/"]}]},{"@type":"BreadcrumbList","@id":"https:\/\/diariofemenino.com.ar\/df\/en-tucuman-hubo-10-casos-de-femicidio-en-un-ano\/#breadcrumb","itemListElement":[{"@type":"ListItem","position":1,"name":"Portada","item":"https:\/\/diariofemenino.com.ar\/df\/"},{"@type":"ListItem","position":2,"name":"En Tucum\u00e1n hubo 10 casos de femicidio en un a\u00f1o"}]},{"@type":"WebSite","@id":"https:\/\/diariofemenino.com.ar\/df\/#website","url":"https:\/\/diariofemenino.com.ar\/df\/","name":"Diario Digital Femenino","description":"Cuesti\u00f3n de G\u00e9nero","publisher":{"@id":"https:\/\/diariofemenino.com.ar\/df\/#organization"},"potentialAction":[{"@type":"SearchAction","target":{"@type":"EntryPoint","urlTemplate":"https:\/\/diariofemenino.com.ar\/df\/?s={search_term_string}"},"query-input":{"@type":"PropertyValueSpecification","valueRequired":true,"valueName":"search_term_string"}}],"inLanguage":"es"},{"@type":"Organization","@id":"https:\/\/diariofemenino.com.ar\/df\/#organization","name":"Diario Femenino","url":"https:\/\/diariofemenino.com.ar\/df\/","logo":{"@type":"ImageObject","inLanguage":"es","@id":"https:\/\/diariofemenino.com.ar\/df\/#\/schema\/logo\/image\/","url":"https:\/\/diariofemenino.com.ar\/df\/wp-content\/uploads\/2018\/10\/logo.png","contentUrl":"https:\/\/diariofemenino.com.ar\/df\/wp-content\/uploads\/2018\/10\/logo.png","width":500,"height":92,"caption":"Diario Femenino"},"image":{"@id":"https:\/\/diariofemenino.com.ar\/df\/#\/schema\/logo\/image\/"},"sameAs":["https:\/\/www.facebook.com\/DiarioDigitaFemenino\/","https:\/\/x.com\/DiarioFemenino1"]},{"@type":"Person","@id":"https:\/\/diariofemenino.com.ar\/df\/#\/schema\/person\/38f54b3bfd13f561de2460ba95c169c6","name":"Admin","image":{"@type":"ImageObject","inLanguage":"es","@id":"https:\/\/diariofemenino.com.ar\/df\/wp-content\/uploads\/2018\/12\/favicon-150x150.jpg","url":"https:\/\/diariofemenino.com.ar\/df\/wp-content\/uploads\/2018\/12\/favicon-150x150.jpg","contentUrl":"https:\/\/diariofemenino.com.ar\/df\/wp-content\/uploads\/2018\/12\/favicon-150x150.jpg","caption":"Admin"},"url":"https:\/\/diariofemenino.com.ar\/df\/author\/adm18df\/"}]}},"jetpack_featured_media_url":"","jetpack_sharing_enabled":true,"rttpg_featured_image_url":null,"rttpg_author":{"display_name":"Admin","author_link":"https:\/\/diariofemenino.com.ar\/df\/author\/adm18df\/"},"rttpg_comment":0,"rttpg_category":"<a href=\"https:\/\/diariofemenino.com.ar\/df\/category\/historias-de-vida\/\" rel=\"category tag\">Historias de vida<\/a> <a href=\"https:\/\/diariofemenino.com.ar\/df\/category\/medios\/\" rel=\"category tag\">Medios<\/a> <a href=\"https:\/\/diariofemenino.com.ar\/df\/category\/articulos\/\" rel=\"category tag\">Mujeres en Palabras<\/a>","rttpg_excerpt":"&nbsp; &nbsp; &nbsp; Las estad\u00edsticas son categ\u00f3ricas en cuanto a los ataques contra mujeres; el \u00faltimo caso, registrado en Villa Luj\u00e1n \u00a0encendi\u00f3 una luz de alerta. El crimen de Mar\u00eda Medina, la mujer de 31 a\u00f1os que muri\u00f3 golpeada y quemada por su novio en Villa Luj\u00e1n, ubic\u00f3 una vez m\u00e1s a la violencia de&hellip;","_links":{"self":[{"href":"https:\/\/diariofemenino.com.ar\/df\/wp-json\/wp\/v2\/posts\/2283","targetHints":{"allow":["GET"]}}],"collection":[{"href":"https:\/\/diariofemenino.com.ar\/df\/wp-json\/wp\/v2\/posts"}],"about":[{"href":"https:\/\/diariofemenino.com.ar\/df\/wp-json\/wp\/v2\/types\/post"}],"author":[{"embeddable":true,"href":"https:\/\/diariofemenino.com.ar\/df\/wp-json\/wp\/v2\/users\/1"}],"replies":[{"embeddable":true,"href":"https:\/\/diariofemenino.com.ar\/df\/wp-json\/wp\/v2\/comments?post=2283"}],"version-history":[{"count":0,"href":"https:\/\/diariofemenino.com.ar\/df\/wp-json\/wp\/v2\/posts\/2283\/revisions"}],"wp:attachment":[{"href":"https:\/\/diariofemenino.com.ar\/df\/wp-json\/wp\/v2\/media?parent=2283"}],"wp:term":[{"taxonomy":"category","embeddable":true,"href":"https:\/\/diariofemenino.com.ar\/df\/wp-json\/wp\/v2\/categories?post=2283"},{"taxonomy":"post_tag","embeddable":true,"href":"https:\/\/diariofemenino.com.ar\/df\/wp-json\/wp\/v2\/tags?post=2283"}],"curies":[{"name":"wp","href":"https:\/\/api.w.org\/{rel}","templated":true}]}}