{"id":2276,"date":"2012-07-02T14:44:06","date_gmt":"2012-07-02T17:44:06","guid":{"rendered":"http:\/\/www.diariofemenino.com.ar\/?p=2276"},"modified":"2012-07-02T14:44:06","modified_gmt":"2012-07-02T17:44:06","slug":"repudio-a-la-medida-implementada-por-randazzo-sobre-visas-a-dominicanxs","status":"publish","type":"post","link":"https:\/\/diariofemenino.com.ar\/df\/repudio-a-la-medida-implementada-por-randazzo-sobre-visas-a-dominicanxs\/","title":{"rendered":"Descontento con la medida implementada por Randazzo sobre visas a dominicanxs. Comunicado"},"content":{"rendered":"<p>&nbsp;<br \/>\n&nbsp;<br \/>\n&nbsp;<br \/>\n<strong>EL VISADO LIBRE PREVIENE LA TRATA!<\/strong><br \/>\n<strong>Las organizaciones de la sociedad civil, ciudadanas y ciudadanos dominicanos y argentinos abajo firmantes manifiestan su descontento hacia la disposici\u00f3n del Ministerio del Interior y Transporte de Argentina, mediante la cual la Rep\u00fablica Dominicana ser\u00e1 excluida desde el 1ero de Agosto del 2012 a la n\u00f3mina de pa\u00edses exentos del requisito de visado de turismo, supuestamente, como una medida de prevenci\u00f3n a la Trata de Personas.<\/strong><br \/>\nLa medida pone en una situaci\u00f3n de mayor vulnerabilidad a aquellas personas que pretende proteger, ya que en lo adelante los y las dominicanas requerir\u00edan de intermediarios que aprovechan situaciones de poder para facilitarles el transporte. Los intermediarios e intermediarias conscientes de las debilidades y falta de informaci\u00f3n de las personas cobraran cuotas excesivas\u00a0 bajo conceptos de impuestos de visados sum\u00e1ndolo a la usual lista de deudas con fines de mantenerles en una situaci\u00f3n de servidumbre por deuda, adem\u00e1s de otros tipos de enga\u00f1os y manipulaciones sobre cual serian los procedimientos y requisitos de visados.<br \/>\nLas medidas represivas y de criminalizaci\u00f3n de la migraci\u00f3n han probado ser una medida ineficiente contra la Trata de Personas, y en su contrario promueve la clandestinidad y el tr\u00e1fico il\u00edcito de migrantes.<br \/>\nAdem\u00e1s, las mujeres y hombres objeto de Trata en la Argentina, en muchas ocasiones llegan mediante visados obtenidos legalmente y al momento de denunciar su situaci\u00f3n a las autoridades policiales han sido devueltos al lugar de explotaci\u00f3n. Demostrando esto que el establecer requisitos de visados no significa ning\u00fan avance o ganancia en materia de prevenci\u00f3n, por esto:<br \/>\n1. <strong>SOLICITAMOS<\/strong> la suspensi\u00f3n de excluir a Republica Dominicana de los pa\u00edses exentos de visas, por ser una medida represiva e ineficiente.<br \/>\n2. <strong>EXIGIMOS<\/strong> al Estado Argentino y al Estado Dominicano encontrar maneras conjuntas de lucha contra la Trata de Personas, de cooperaci\u00f3n internacional e interinstitucional desde un enfoque de Derechos Humanos de las personas migrantes, trabajadores y trabajadoras, y en especial de las Victimas de Trata, con participaci\u00f3n de la sociedad civil y bas\u00e1ndonos en las evidencias.<br \/>\n3. <strong>INSTAMOS<\/strong> al Estado Argentino a implementar un mayor respeto y protecci\u00f3n a los derechos de todos y todas los migrantes, ello requiere campa\u00f1as de difusi\u00f3n para migrantes, sobre medidas de prevenci\u00f3n y una l\u00ednea telef\u00f3nica para denunciar de manera segura, sin intervenci\u00f3n de la polic\u00eda local.<br \/>\nRed Alto al Tr\u00e1fico y la Trata (RATT Argentina), Asociaci\u00f3n civil Generar. Luciana Peker (periodista), Liliana Hendel (psic\u00f3loga y periodista), Lenny C\u00e1ceres (periodista)\u00a0Mar\u00eda Dolres Gim\u00e9nez (Dra. de equidad de G\u00e9nero. municipio de Quilmes), Orlando Crocciati (Def del Pueblo de R\u00edo Negro), Patricia Bonilla (LATE), Irene Cari (Foro por la Igualdad de Oportunidades Salta), ONG Juanita Moro y siguen las firmas<br \/>\nNota Relaciona: <a href=\"http:\/\/www.diariofemenino.com.ar\/?p=2202\">Argentina le pedir\u00e1 visa a los dominicanos para prevenir la trata de personas<\/a><br \/>\n&nbsp;<br \/>\nFuente y sitio para firmar la Petici\u00f3n: Liyana Lugo <a href=\"http:\/\/www.change.org\/es\/peticiones\/el-visado-libre-previene-la-trata\">ChangeOrg <\/a><br \/>\n&nbsp;<br \/>\n&nbsp;<\/p>\n","protected":false},"excerpt":{"rendered":"<p>&nbsp; &nbsp; &nbsp; EL VISADO LIBRE PREVIENE LA TRATA! Las organizaciones de la sociedad civil, ciudadanas y ciudadanos dominicanos y argentinos abajo firmantes manifiestan su descontento hacia la disposici\u00f3n del Ministerio del Interior y Transporte de Argentina, mediante la cual la Rep\u00fablica Dominicana ser\u00e1 excluida desde el 1ero de Agosto del 2012 a la n\u00f3mina [&hellip;]<\/p>\n","protected":false},"author":1,"featured_media":2277,"comment_status":"open","ping_status":"open","sticky":false,"template":"","format":"standard","meta":{"iawp_total_views":1,"footnotes":""},"categories":[4,21,15],"tags":[],"class_list":["post-2276","post","type-post","status-publish","format-standard","has-post-thumbnail","hentry","category-medios","category-noticias","category-trata-de-personas"],"nelio_content":{"autoShareEndMode":"never","automationSources":{"useCustomSentences":false,"customSentences":[]},"efiAlt":"","efiUrl":"","followers":[],"highlights":[],"isAutoShareEnabled":true,"networkImageIds":[],"permalinkQueryArgs":[],"series":[],"suggestedReferences":[]},"yoast_head":"<!-- This site is optimized with the Yoast SEO plugin v27.5 - https:\/\/yoast.com\/product\/yoast-seo-wordpress\/ -->\n<title>Descontento con la medida implementada por Randazzo sobre visas a dominicanxs. Comunicado - Diario Digital Femenino<\/title>\n<meta name=\"robots\" content=\"index, follow, max-snippet:-1, max-image-preview:large, max-video-preview:-1\" \/>\n<link rel=\"canonical\" href=\"https:\/\/diariofemenino.com.ar\/df\/repudio-a-la-medida-implementada-por-randazzo-sobre-visas-a-dominicanxs\/\" \/>\n<meta property=\"og:locale\" content=\"es_ES\" \/>\n<meta property=\"og:type\" content=\"article\" \/>\n<meta property=\"og:title\" content=\"Descontento con la medida implementada por Randazzo sobre visas a dominicanxs. Comunicado - Diario Digital Femenino\" \/>\n<meta property=\"og:description\" content=\"&nbsp; &nbsp; &nbsp; EL VISADO LIBRE PREVIENE LA TRATA! Las organizaciones de la sociedad civil, ciudadanas y ciudadanos dominicanos y argentinos abajo firmantes manifiestan su descontento hacia la disposici\u00f3n del Ministerio del Interior y Transporte de Argentina, mediante la cual la Rep\u00fablica Dominicana ser\u00e1 excluida desde el 1ero de Agosto del 2012 a la n\u00f3mina [&hellip;]\" \/>\n<meta property=\"og:url\" content=\"https:\/\/diariofemenino.com.ar\/df\/repudio-a-la-medida-implementada-por-randazzo-sobre-visas-a-dominicanxs\/\" \/>\n<meta property=\"og:site_name\" content=\"Diario Digital Femenino\" \/>\n<meta property=\"article:publisher\" content=\"https:\/\/www.facebook.com\/DiarioDigitaFemenino\/\" \/>\n<meta property=\"article:published_time\" content=\"2012-07-02T17:44:06+00:00\" \/>\n<meta property=\"og:image\" content=\"https:\/\/diariofemenino.com.ar\/df\/wp-content\/uploads\/2016\/10\/logo-negro.png\" \/>\n\t<meta property=\"og:image:width\" content=\"855\" \/>\n\t<meta property=\"og:image:height\" content=\"319\" \/>\n\t<meta property=\"og:image:type\" content=\"image\/png\" \/>\n<meta name=\"author\" content=\"Admin\" \/>\n<meta name=\"twitter:card\" content=\"summary_large_image\" \/>\n<meta name=\"twitter:creator\" content=\"@DiarioFemenino1\" \/>\n<meta name=\"twitter:site\" content=\"@DiarioFemenino1\" \/>\n<meta name=\"twitter:label1\" content=\"Escrito por\" \/>\n\t<meta name=\"twitter:data1\" content=\"Admin\" \/>\n\t<meta name=\"twitter:label2\" content=\"Tiempo de lectura\" \/>\n\t<meta name=\"twitter:data2\" content=\"3 minutos\" \/>\n<script type=\"application\/ld+json\" class=\"yoast-schema-graph\">{\"@context\":\"https:\\\/\\\/schema.org\",\"@graph\":[{\"@type\":\"Article\",\"@id\":\"https:\\\/\\\/diariofemenino.com.ar\\\/df\\\/repudio-a-la-medida-implementada-por-randazzo-sobre-visas-a-dominicanxs\\\/#article\",\"isPartOf\":{\"@id\":\"https:\\\/\\\/diariofemenino.com.ar\\\/df\\\/repudio-a-la-medida-implementada-por-randazzo-sobre-visas-a-dominicanxs\\\/\"},\"author\":{\"name\":\"Admin\",\"@id\":\"https:\\\/\\\/diariofemenino.com.ar\\\/df\\\/#\\\/schema\\\/person\\\/38f54b3bfd13f561de2460ba95c169c6\"},\"headline\":\"Descontento con la medida implementada por Randazzo sobre visas a dominicanxs. Comunicado\",\"datePublished\":\"2012-07-02T17:44:06+00:00\",\"mainEntityOfPage\":{\"@id\":\"https:\\\/\\\/diariofemenino.com.ar\\\/df\\\/repudio-a-la-medida-implementada-por-randazzo-sobre-visas-a-dominicanxs\\\/\"},\"wordCount\":525,\"commentCount\":0,\"publisher\":{\"@id\":\"https:\\\/\\\/diariofemenino.com.ar\\\/df\\\/#organization\"},\"image\":{\"@id\":\"https:\\\/\\\/diariofemenino.com.ar\\\/df\\\/repudio-a-la-medida-implementada-por-randazzo-sobre-visas-a-dominicanxs\\\/#primaryimage\"},\"thumbnailUrl\":\"\",\"articleSection\":[\"Medios\",\"Noticias\",\"Trata de Pers.\"],\"inLanguage\":\"es\",\"potentialAction\":[{\"@type\":\"CommentAction\",\"name\":\"Comment\",\"target\":[\"https:\\\/\\\/diariofemenino.com.ar\\\/df\\\/repudio-a-la-medida-implementada-por-randazzo-sobre-visas-a-dominicanxs\\\/#respond\"]}]},{\"@type\":\"WebPage\",\"@id\":\"https:\\\/\\\/diariofemenino.com.ar\\\/df\\\/repudio-a-la-medida-implementada-por-randazzo-sobre-visas-a-dominicanxs\\\/\",\"url\":\"https:\\\/\\\/diariofemenino.com.ar\\\/df\\\/repudio-a-la-medida-implementada-por-randazzo-sobre-visas-a-dominicanxs\\\/\",\"name\":\"Descontento con la medida implementada por Randazzo sobre visas a dominicanxs. Comunicado - Diario Digital Femenino\",\"isPartOf\":{\"@id\":\"https:\\\/\\\/diariofemenino.com.ar\\\/df\\\/#website\"},\"primaryImageOfPage\":{\"@id\":\"https:\\\/\\\/diariofemenino.com.ar\\\/df\\\/repudio-a-la-medida-implementada-por-randazzo-sobre-visas-a-dominicanxs\\\/#primaryimage\"},\"image\":{\"@id\":\"https:\\\/\\\/diariofemenino.com.ar\\\/df\\\/repudio-a-la-medida-implementada-por-randazzo-sobre-visas-a-dominicanxs\\\/#primaryimage\"},\"thumbnailUrl\":\"\",\"datePublished\":\"2012-07-02T17:44:06+00:00\",\"breadcrumb\":{\"@id\":\"https:\\\/\\\/diariofemenino.com.ar\\\/df\\\/repudio-a-la-medida-implementada-por-randazzo-sobre-visas-a-dominicanxs\\\/#breadcrumb\"},\"inLanguage\":\"es\",\"potentialAction\":[{\"@type\":\"ReadAction\",\"target\":[\"https:\\\/\\\/diariofemenino.com.ar\\\/df\\\/repudio-a-la-medida-implementada-por-randazzo-sobre-visas-a-dominicanxs\\\/\"]}]},{\"@type\":\"ImageObject\",\"inLanguage\":\"es\",\"@id\":\"https:\\\/\\\/diariofemenino.com.ar\\\/df\\\/repudio-a-la-medida-implementada-por-randazzo-sobre-visas-a-dominicanxs\\\/#primaryimage\",\"url\":\"\",\"contentUrl\":\"\"},{\"@type\":\"BreadcrumbList\",\"@id\":\"https:\\\/\\\/diariofemenino.com.ar\\\/df\\\/repudio-a-la-medida-implementada-por-randazzo-sobre-visas-a-dominicanxs\\\/#breadcrumb\",\"itemListElement\":[{\"@type\":\"ListItem\",\"position\":1,\"name\":\"Portada\",\"item\":\"https:\\\/\\\/diariofemenino.com.ar\\\/df\\\/\"},{\"@type\":\"ListItem\",\"position\":2,\"name\":\"Descontento con la medida implementada por Randazzo sobre visas a dominicanxs. Comunicado\"}]},{\"@type\":\"WebSite\",\"@id\":\"https:\\\/\\\/diariofemenino.com.ar\\\/df\\\/#website\",\"url\":\"https:\\\/\\\/diariofemenino.com.ar\\\/df\\\/\",\"name\":\"Diario Digital Femenino\",\"description\":\"Cuesti\u00f3n de G\u00e9nero\",\"publisher\":{\"@id\":\"https:\\\/\\\/diariofemenino.com.ar\\\/df\\\/#organization\"},\"potentialAction\":[{\"@type\":\"SearchAction\",\"target\":{\"@type\":\"EntryPoint\",\"urlTemplate\":\"https:\\\/\\\/diariofemenino.com.ar\\\/df\\\/?s={search_term_string}\"},\"query-input\":{\"@type\":\"PropertyValueSpecification\",\"valueRequired\":true,\"valueName\":\"search_term_string\"}}],\"inLanguage\":\"es\"},{\"@type\":\"Organization\",\"@id\":\"https:\\\/\\\/diariofemenino.com.ar\\\/df\\\/#organization\",\"name\":\"Diario Femenino\",\"url\":\"https:\\\/\\\/diariofemenino.com.ar\\\/df\\\/\",\"logo\":{\"@type\":\"ImageObject\",\"inLanguage\":\"es\",\"@id\":\"https:\\\/\\\/diariofemenino.com.ar\\\/df\\\/#\\\/schema\\\/logo\\\/image\\\/\",\"url\":\"https:\\\/\\\/diariofemenino.com.ar\\\/df\\\/wp-content\\\/uploads\\\/2018\\\/10\\\/logo.png\",\"contentUrl\":\"https:\\\/\\\/diariofemenino.com.ar\\\/df\\\/wp-content\\\/uploads\\\/2018\\\/10\\\/logo.png\",\"width\":500,\"height\":92,\"caption\":\"Diario Femenino\"},\"image\":{\"@id\":\"https:\\\/\\\/diariofemenino.com.ar\\\/df\\\/#\\\/schema\\\/logo\\\/image\\\/\"},\"sameAs\":[\"https:\\\/\\\/www.facebook.com\\\/DiarioDigitaFemenino\\\/\",\"https:\\\/\\\/x.com\\\/DiarioFemenino1\"]},{\"@type\":\"Person\",\"@id\":\"https:\\\/\\\/diariofemenino.com.ar\\\/df\\\/#\\\/schema\\\/person\\\/38f54b3bfd13f561de2460ba95c169c6\",\"name\":\"Admin\",\"image\":{\"@type\":\"ImageObject\",\"inLanguage\":\"es\",\"@id\":\"https:\\\/\\\/diariofemenino.com.ar\\\/df\\\/wp-content\\\/uploads\\\/2018\\\/12\\\/favicon-150x150.jpg\",\"url\":\"https:\\\/\\\/diariofemenino.com.ar\\\/df\\\/wp-content\\\/uploads\\\/2018\\\/12\\\/favicon-150x150.jpg\",\"contentUrl\":\"https:\\\/\\\/diariofemenino.com.ar\\\/df\\\/wp-content\\\/uploads\\\/2018\\\/12\\\/favicon-150x150.jpg\",\"caption\":\"Admin\"},\"url\":\"https:\\\/\\\/diariofemenino.com.ar\\\/df\\\/author\\\/adm18df\\\/\"}]}<\/script>\n<!-- \/ Yoast SEO plugin. -->","yoast_head_json":{"title":"Descontento con la medida implementada por Randazzo sobre visas a dominicanxs. Comunicado - Diario Digital Femenino","robots":{"index":"index","follow":"follow","max-snippet":"max-snippet:-1","max-image-preview":"max-image-preview:large","max-video-preview":"max-video-preview:-1"},"canonical":"https:\/\/diariofemenino.com.ar\/df\/repudio-a-la-medida-implementada-por-randazzo-sobre-visas-a-dominicanxs\/","og_locale":"es_ES","og_type":"article","og_title":"Descontento con la medida implementada por Randazzo sobre visas a dominicanxs. Comunicado - Diario Digital Femenino","og_description":"&nbsp; &nbsp; &nbsp; EL VISADO LIBRE PREVIENE LA TRATA! Las organizaciones de la sociedad civil, ciudadanas y ciudadanos dominicanos y argentinos abajo firmantes manifiestan su descontento hacia la disposici\u00f3n del Ministerio del Interior y Transporte de Argentina, mediante la cual la Rep\u00fablica Dominicana ser\u00e1 excluida desde el 1ero de Agosto del 2012 a la n\u00f3mina [&hellip;]","og_url":"https:\/\/diariofemenino.com.ar\/df\/repudio-a-la-medida-implementada-por-randazzo-sobre-visas-a-dominicanxs\/","og_site_name":"Diario Digital Femenino","article_publisher":"https:\/\/www.facebook.com\/DiarioDigitaFemenino\/","article_published_time":"2012-07-02T17:44:06+00:00","og_image":[{"width":855,"height":319,"url":"https:\/\/diariofemenino.com.ar\/df\/wp-content\/uploads\/2016\/10\/logo-negro.png","type":"image\/png"}],"author":"Admin","twitter_card":"summary_large_image","twitter_creator":"@DiarioFemenino1","twitter_site":"@DiarioFemenino1","twitter_misc":{"Escrito por":"Admin","Tiempo de lectura":"3 minutos"},"schema":{"@context":"https:\/\/schema.org","@graph":[{"@type":"Article","@id":"https:\/\/diariofemenino.com.ar\/df\/repudio-a-la-medida-implementada-por-randazzo-sobre-visas-a-dominicanxs\/#article","isPartOf":{"@id":"https:\/\/diariofemenino.com.ar\/df\/repudio-a-la-medida-implementada-por-randazzo-sobre-visas-a-dominicanxs\/"},"author":{"name":"Admin","@id":"https:\/\/diariofemenino.com.ar\/df\/#\/schema\/person\/38f54b3bfd13f561de2460ba95c169c6"},"headline":"Descontento con la medida implementada por Randazzo sobre visas a dominicanxs. Comunicado","datePublished":"2012-07-02T17:44:06+00:00","mainEntityOfPage":{"@id":"https:\/\/diariofemenino.com.ar\/df\/repudio-a-la-medida-implementada-por-randazzo-sobre-visas-a-dominicanxs\/"},"wordCount":525,"commentCount":0,"publisher":{"@id":"https:\/\/diariofemenino.com.ar\/df\/#organization"},"image":{"@id":"https:\/\/diariofemenino.com.ar\/df\/repudio-a-la-medida-implementada-por-randazzo-sobre-visas-a-dominicanxs\/#primaryimage"},"thumbnailUrl":"","articleSection":["Medios","Noticias","Trata de Pers."],"inLanguage":"es","potentialAction":[{"@type":"CommentAction","name":"Comment","target":["https:\/\/diariofemenino.com.ar\/df\/repudio-a-la-medida-implementada-por-randazzo-sobre-visas-a-dominicanxs\/#respond"]}]},{"@type":"WebPage","@id":"https:\/\/diariofemenino.com.ar\/df\/repudio-a-la-medida-implementada-por-randazzo-sobre-visas-a-dominicanxs\/","url":"https:\/\/diariofemenino.com.ar\/df\/repudio-a-la-medida-implementada-por-randazzo-sobre-visas-a-dominicanxs\/","name":"Descontento con la medida implementada por Randazzo sobre visas a dominicanxs. Comunicado - Diario Digital Femenino","isPartOf":{"@id":"https:\/\/diariofemenino.com.ar\/df\/#website"},"primaryImageOfPage":{"@id":"https:\/\/diariofemenino.com.ar\/df\/repudio-a-la-medida-implementada-por-randazzo-sobre-visas-a-dominicanxs\/#primaryimage"},"image":{"@id":"https:\/\/diariofemenino.com.ar\/df\/repudio-a-la-medida-implementada-por-randazzo-sobre-visas-a-dominicanxs\/#primaryimage"},"thumbnailUrl":"","datePublished":"2012-07-02T17:44:06+00:00","breadcrumb":{"@id":"https:\/\/diariofemenino.com.ar\/df\/repudio-a-la-medida-implementada-por-randazzo-sobre-visas-a-dominicanxs\/#breadcrumb"},"inLanguage":"es","potentialAction":[{"@type":"ReadAction","target":["https:\/\/diariofemenino.com.ar\/df\/repudio-a-la-medida-implementada-por-randazzo-sobre-visas-a-dominicanxs\/"]}]},{"@type":"ImageObject","inLanguage":"es","@id":"https:\/\/diariofemenino.com.ar\/df\/repudio-a-la-medida-implementada-por-randazzo-sobre-visas-a-dominicanxs\/#primaryimage","url":"","contentUrl":""},{"@type":"BreadcrumbList","@id":"https:\/\/diariofemenino.com.ar\/df\/repudio-a-la-medida-implementada-por-randazzo-sobre-visas-a-dominicanxs\/#breadcrumb","itemListElement":[{"@type":"ListItem","position":1,"name":"Portada","item":"https:\/\/diariofemenino.com.ar\/df\/"},{"@type":"ListItem","position":2,"name":"Descontento con la medida implementada por Randazzo sobre visas a dominicanxs. Comunicado"}]},{"@type":"WebSite","@id":"https:\/\/diariofemenino.com.ar\/df\/#website","url":"https:\/\/diariofemenino.com.ar\/df\/","name":"Diario Digital Femenino","description":"Cuesti\u00f3n de G\u00e9nero","publisher":{"@id":"https:\/\/diariofemenino.com.ar\/df\/#organization"},"potentialAction":[{"@type":"SearchAction","target":{"@type":"EntryPoint","urlTemplate":"https:\/\/diariofemenino.com.ar\/df\/?s={search_term_string}"},"query-input":{"@type":"PropertyValueSpecification","valueRequired":true,"valueName":"search_term_string"}}],"inLanguage":"es"},{"@type":"Organization","@id":"https:\/\/diariofemenino.com.ar\/df\/#organization","name":"Diario Femenino","url":"https:\/\/diariofemenino.com.ar\/df\/","logo":{"@type":"ImageObject","inLanguage":"es","@id":"https:\/\/diariofemenino.com.ar\/df\/#\/schema\/logo\/image\/","url":"https:\/\/diariofemenino.com.ar\/df\/wp-content\/uploads\/2018\/10\/logo.png","contentUrl":"https:\/\/diariofemenino.com.ar\/df\/wp-content\/uploads\/2018\/10\/logo.png","width":500,"height":92,"caption":"Diario Femenino"},"image":{"@id":"https:\/\/diariofemenino.com.ar\/df\/#\/schema\/logo\/image\/"},"sameAs":["https:\/\/www.facebook.com\/DiarioDigitaFemenino\/","https:\/\/x.com\/DiarioFemenino1"]},{"@type":"Person","@id":"https:\/\/diariofemenino.com.ar\/df\/#\/schema\/person\/38f54b3bfd13f561de2460ba95c169c6","name":"Admin","image":{"@type":"ImageObject","inLanguage":"es","@id":"https:\/\/diariofemenino.com.ar\/df\/wp-content\/uploads\/2018\/12\/favicon-150x150.jpg","url":"https:\/\/diariofemenino.com.ar\/df\/wp-content\/uploads\/2018\/12\/favicon-150x150.jpg","contentUrl":"https:\/\/diariofemenino.com.ar\/df\/wp-content\/uploads\/2018\/12\/favicon-150x150.jpg","caption":"Admin"},"url":"https:\/\/diariofemenino.com.ar\/df\/author\/adm18df\/"}]}},"jetpack_featured_media_url":"","jetpack_sharing_enabled":true,"rttpg_featured_image_url":null,"rttpg_author":{"display_name":"Admin","author_link":"https:\/\/diariofemenino.com.ar\/df\/author\/adm18df\/"},"rttpg_comment":0,"rttpg_category":"<a href=\"https:\/\/diariofemenino.com.ar\/df\/category\/medios\/\" rel=\"category tag\">Medios<\/a> <a href=\"https:\/\/diariofemenino.com.ar\/df\/category\/noticias\/\" rel=\"category tag\">Noticias<\/a> <a href=\"https:\/\/diariofemenino.com.ar\/df\/category\/trata-de-personas\/\" rel=\"category tag\">Trata de Pers.<\/a>","rttpg_excerpt":"&nbsp; &nbsp; &nbsp; EL VISADO LIBRE PREVIENE LA TRATA! Las organizaciones de la sociedad civil, ciudadanas y ciudadanos dominicanos y argentinos abajo firmantes manifiestan su descontento hacia la disposici\u00f3n del Ministerio del Interior y Transporte de Argentina, mediante la cual la Rep\u00fablica Dominicana ser\u00e1 excluida desde el 1ero de Agosto del 2012 a la n\u00f3mina&hellip;","_links":{"self":[{"href":"https:\/\/diariofemenino.com.ar\/df\/wp-json\/wp\/v2\/posts\/2276","targetHints":{"allow":["GET"]}}],"collection":[{"href":"https:\/\/diariofemenino.com.ar\/df\/wp-json\/wp\/v2\/posts"}],"about":[{"href":"https:\/\/diariofemenino.com.ar\/df\/wp-json\/wp\/v2\/types\/post"}],"author":[{"embeddable":true,"href":"https:\/\/diariofemenino.com.ar\/df\/wp-json\/wp\/v2\/users\/1"}],"replies":[{"embeddable":true,"href":"https:\/\/diariofemenino.com.ar\/df\/wp-json\/wp\/v2\/comments?post=2276"}],"version-history":[{"count":0,"href":"https:\/\/diariofemenino.com.ar\/df\/wp-json\/wp\/v2\/posts\/2276\/revisions"}],"wp:featuredmedia":[{"embeddable":true,"href":"https:\/\/diariofemenino.com.ar\/df\/wp-json\/"}],"wp:attachment":[{"href":"https:\/\/diariofemenino.com.ar\/df\/wp-json\/wp\/v2\/media?parent=2276"}],"wp:term":[{"taxonomy":"category","embeddable":true,"href":"https:\/\/diariofemenino.com.ar\/df\/wp-json\/wp\/v2\/categories?post=2276"},{"taxonomy":"post_tag","embeddable":true,"href":"https:\/\/diariofemenino.com.ar\/df\/wp-json\/wp\/v2\/tags?post=2276"}],"curies":[{"name":"wp","href":"https:\/\/api.w.org\/{rel}","templated":true}]}}