{"id":2268,"date":"2012-07-02T12:53:14","date_gmt":"2012-07-02T15:53:14","guid":{"rendered":"http:\/\/www.diariofemenino.com.ar\/?p=2268"},"modified":"2012-07-02T12:53:14","modified_gmt":"2012-07-02T15:53:14","slug":"iv-encuentro-internacional-de-redes-sociales-que-luchan-contra-la-trata-y-el-trafico-de-personas-salta","status":"publish","type":"post","link":"https:\/\/diariofemenino.com.ar\/df\/iv-encuentro-internacional-de-redes-sociales-que-luchan-contra-la-trata-y-el-trafico-de-personas-salta\/","title":{"rendered":"IV Encuentro Internacional de Redes Sociales que Luchan contra la Trata y el Tr\u00e1fico de Personas &#8211; Salta"},"content":{"rendered":"<p>&nbsp;<br \/>\n&nbsp;<br \/>\n&nbsp;<br \/>\nEl 10 y 11 de julio se realizar\u00e1 en el \u00a0Universidad Nacional de Salta (UNAS) el\u00a0 <strong>IV Encuentro Internacional de Redes Sociales que Luchan contra la Trata y el Tr\u00e1fico de Personas.<\/strong><br \/>\n&nbsp;<br \/>\n<strong>Cronograma de Actividades<\/strong><br \/>\n9.00: Acreditaci\u00f3n de participantes9.30: Apertura: Bienvenida a cargo de Autoridades Locales (Miguel Isa, autoridades de la Universidad Nacional de Salta (Unsa), y mesa de la Comisi\u00f3n Organizadora RATT Salta)<br \/>\n10.00: Lic. Viviana Caminos, Coordinaci\u00f3n Nacional. Presentaci\u00f3n de la \u201cRed Nacional Alto al Tr\u00e1fico y la Trata\u201d Coordinaci\u00f3n NOA: Foro Ratt Salta Irene Cari. Foro Ratt Jujuy Cristina Romano<br \/>\n10. 30: Debates en torno a la Ley 26.364: proyecto de modificaci\u00f3n y su aplicaci\u00f3n:<br \/>\n\u2022 Dr: Pablo Alavila. Secretario de Derechos Humanos. Oficina de rescate de las v\u00edctimas de trata\u2022 Lic. Mar\u00eda Luisa Storani. Diputada Nacional.\u2022 Dra. Fabiana T\u00fanez. La Casa del Encuentro. \u2022 Dr. Medina. Juez Federal de Salta.<br \/>\n12.00: Preguntas del p\u00fablico presente y Debate<br \/>\n12. 45: Receso.<br \/>\n14.30 a 15,30: La trata de personas, un enfoque de derechos humanos centrado en la v\u00edctima<br \/>\n\u2022 Patricia Caland\u00edn: Defensor\u00eda del pueblo de C\u00f3rdoba.<br \/>\n&nbsp;<br \/>\n\u2022 Dra. M\u00f3nica Menini- Pta de FO.MU.PIO Irene Cari: Foro de Mujeres por la igualdad de oportunidades. Salta<br \/>\n\u2022 Guadalupe Ocampo Abad\u00eda: Directora de Gobierno.San Juan.<br \/>\n\u2022 Mariel Gersel: Diputada Provincial Chaco.<br \/>\n15,30: Preguntas del p\u00fablico presente.<br \/>\n15.45: Estrategias de Intervenci\u00f3n desde el Estado y las ONG, sus dificultades y trabajo de articulaci\u00f3n.<br \/>\nJujuy: Dra. Mar\u00eda Jos\u00e9 \u00c1lvarez Carreras.<br \/>\nSan Juan: Candela Manrique, Mar\u00eda Arroyo.<br \/>\nBs. As.: Patricia Bonilla.<br \/>\nR\u00edo Negro: Ana Soledad Schiavone Constantini.<br \/>\n17,30: Preguntas del p\u00fablico presente.<br \/>\n18,00: Cierre del Primer d\u00eda.<br \/>\n<strong>Segundo d\u00eda<br \/>\n<\/strong><br \/>\n9,00: \u2022 Acreditaci\u00f3n, inscripci\u00f3n y entrega de folleter\u00eda para la participaci\u00f3n de las diferentes comisiones propuestas de EJE DE TRABAJO del cual se participar\u00e1.\u2022 Sociedad Civil Organizada. Funciones y Estrategias\u201d.9,30: Pol\u00edticas P\u00fablicas en trata de personas y medios de comunicaci\u00f3n. \u2022 Laura Urbano: Nuevo Diario de Salta.\u2022 \u2022 Jimena Granados: Diario El Tribuno de Salta.<br \/>\n10,15: Preguntas del p\u00fablico presente a las panelistas.<br \/>\n10,30: Migrantes y pol\u00edticas anti trata y antitr\u00e1fico:Natividad Obeso- Asociaci\u00f3n de Mujeres Migrantes de la Rep\u00fablica Argentina<br \/>\n10.45: Preguntas del p\u00fablico presente a las panelistas.<br \/>\n11,00: Experiencia de trabajo en Mercosur, legislaci\u00f3n Nacional e internacional<br \/>\n\u2022 Cynthia Bendlin: Paraguay.<br \/>\n\u2022 Mirta Arce Camacho: Diputada Nacional Tarija Estado Plurinacional de Bolivia.<br \/>\n&nbsp;<br \/>\n12,30: Receso<br \/>\n14,00: Talleres Trabajo diagn\u00f3stico y para la elaboraci\u00f3n de propuestas<br \/>\n15,30: PLENARIO y acuerdo sobre DOCUMENTO FINAL<br \/>\n18.00: Firma del documento final, entrega de certificados y CIERRE.<br \/>\n<strong>\u00a0EJES DE ANALISIS PARA EL TRABAJO DEL SEGUNDO DIA<\/strong><br \/>\n<strong>EJE DE ANALISIS<\/strong>: Pol\u00edticas P\u00fablicas y buenas pr\u00e1cticas en Prevenci\u00f3n del Tr\u00e1fico y la trata de personas.<br \/>\n<strong>EJE DE ANALISIS<\/strong>: Pol\u00edticas P\u00fablicas y buenas pr\u00e1cticas en Asistencia del Tr\u00e1fico y la trata de personas.<br \/>\n<strong>EJE DE ANALISIS<\/strong>: Incidencia en Pol\u00edticas P\u00fablicas y redes sociales.<br \/>\n&nbsp;<\/p>\n","protected":false},"excerpt":{"rendered":"<p>&nbsp; &nbsp; &nbsp; El 10 y 11 de julio se realizar\u00e1 en el \u00a0Universidad Nacional de Salta (UNAS) el\u00a0 IV Encuentro Internacional de Redes Sociales que Luchan contra la Trata y el Tr\u00e1fico de Personas. &nbsp; Cronograma de Actividades 9.00: Acreditaci\u00f3n de participantes9.30: Apertura: Bienvenida a cargo de Autoridades Locales (Miguel Isa, autoridades de la [&hellip;]<\/p>\n","protected":false},"author":1,"featured_media":2271,"comment_status":"open","ping_status":"open","sticky":false,"template":"","format":"standard","meta":{"iawp_total_views":4,"footnotes":""},"categories":[4,15],"tags":[],"class_list":["post-2268","post","type-post","status-publish","format-standard","has-post-thumbnail","hentry","category-medios","category-trata-de-personas"],"nelio_content":{"autoShareEndMode":"never","automationSources":{"useCustomSentences":false,"customSentences":[]},"efiAlt":"","efiUrl":"","followers":[],"highlights":[],"isAutoShareEnabled":true,"networkImageIds":[],"permalinkQueryArgs":[],"series":[],"suggestedReferences":[]},"yoast_head":"<!-- This site is optimized with the Yoast SEO plugin v27.5 - https:\/\/yoast.com\/product\/yoast-seo-wordpress\/ -->\n<title>IV Encuentro Internacional de Redes Sociales que Luchan contra la Trata y el Tr\u00e1fico de Personas - Salta - Diario Digital Femenino<\/title>\n<meta name=\"robots\" content=\"index, follow, max-snippet:-1, max-image-preview:large, max-video-preview:-1\" \/>\n<link rel=\"canonical\" href=\"https:\/\/diariofemenino.com.ar\/df\/iv-encuentro-internacional-de-redes-sociales-que-luchan-contra-la-trata-y-el-trafico-de-personas-salta\/\" \/>\n<meta property=\"og:locale\" content=\"es_ES\" \/>\n<meta property=\"og:type\" content=\"article\" \/>\n<meta property=\"og:title\" content=\"IV Encuentro Internacional de Redes Sociales que Luchan contra la Trata y el Tr\u00e1fico de Personas - Salta - Diario Digital Femenino\" \/>\n<meta property=\"og:description\" content=\"&nbsp; &nbsp; &nbsp; El 10 y 11 de julio se realizar\u00e1 en el \u00a0Universidad Nacional de Salta (UNAS) el\u00a0 IV Encuentro Internacional de Redes Sociales que Luchan contra la Trata y el Tr\u00e1fico de Personas. &nbsp; Cronograma de Actividades 9.00: Acreditaci\u00f3n de participantes9.30: Apertura: Bienvenida a cargo de Autoridades Locales (Miguel Isa, autoridades de la [&hellip;]\" \/>\n<meta property=\"og:url\" content=\"https:\/\/diariofemenino.com.ar\/df\/iv-encuentro-internacional-de-redes-sociales-que-luchan-contra-la-trata-y-el-trafico-de-personas-salta\/\" \/>\n<meta property=\"og:site_name\" content=\"Diario Digital Femenino\" \/>\n<meta property=\"article:publisher\" content=\"https:\/\/www.facebook.com\/DiarioDigitaFemenino\/\" \/>\n<meta property=\"article:published_time\" content=\"2012-07-02T15:53:14+00:00\" \/>\n<meta property=\"og:image\" content=\"https:\/\/diariofemenino.com.ar\/df\/wp-content\/uploads\/2016\/10\/logo-negro.png\" \/>\n\t<meta property=\"og:image:width\" content=\"855\" \/>\n\t<meta property=\"og:image:height\" content=\"319\" \/>\n\t<meta property=\"og:image:type\" content=\"image\/png\" \/>\n<meta name=\"author\" content=\"Admin\" \/>\n<meta name=\"twitter:card\" content=\"summary_large_image\" \/>\n<meta name=\"twitter:creator\" content=\"@DiarioFemenino1\" \/>\n<meta name=\"twitter:site\" content=\"@DiarioFemenino1\" \/>\n<meta name=\"twitter:label1\" content=\"Escrito por\" \/>\n\t<meta name=\"twitter:data1\" content=\"Admin\" \/>\n\t<meta name=\"twitter:label2\" content=\"Tiempo de lectura\" \/>\n\t<meta name=\"twitter:data2\" content=\"2 minutos\" \/>\n<script type=\"application\/ld+json\" class=\"yoast-schema-graph\">{\"@context\":\"https:\\\/\\\/schema.org\",\"@graph\":[{\"@type\":\"Article\",\"@id\":\"https:\\\/\\\/diariofemenino.com.ar\\\/df\\\/iv-encuentro-internacional-de-redes-sociales-que-luchan-contra-la-trata-y-el-trafico-de-personas-salta\\\/#article\",\"isPartOf\":{\"@id\":\"https:\\\/\\\/diariofemenino.com.ar\\\/df\\\/iv-encuentro-internacional-de-redes-sociales-que-luchan-contra-la-trata-y-el-trafico-de-personas-salta\\\/\"},\"author\":{\"name\":\"Admin\",\"@id\":\"https:\\\/\\\/diariofemenino.com.ar\\\/df\\\/#\\\/schema\\\/person\\\/38f54b3bfd13f561de2460ba95c169c6\"},\"headline\":\"IV Encuentro Internacional de Redes Sociales que Luchan contra la Trata y el Tr\u00e1fico de Personas &#8211; Salta\",\"datePublished\":\"2012-07-02T15:53:14+00:00\",\"mainEntityOfPage\":{\"@id\":\"https:\\\/\\\/diariofemenino.com.ar\\\/df\\\/iv-encuentro-internacional-de-redes-sociales-que-luchan-contra-la-trata-y-el-trafico-de-personas-salta\\\/\"},\"wordCount\":509,\"commentCount\":1,\"publisher\":{\"@id\":\"https:\\\/\\\/diariofemenino.com.ar\\\/df\\\/#organization\"},\"image\":{\"@id\":\"https:\\\/\\\/diariofemenino.com.ar\\\/df\\\/iv-encuentro-internacional-de-redes-sociales-que-luchan-contra-la-trata-y-el-trafico-de-personas-salta\\\/#primaryimage\"},\"thumbnailUrl\":\"\",\"articleSection\":[\"Medios\",\"Trata de Pers.\"],\"inLanguage\":\"es\",\"potentialAction\":[{\"@type\":\"CommentAction\",\"name\":\"Comment\",\"target\":[\"https:\\\/\\\/diariofemenino.com.ar\\\/df\\\/iv-encuentro-internacional-de-redes-sociales-que-luchan-contra-la-trata-y-el-trafico-de-personas-salta\\\/#respond\"]}]},{\"@type\":\"WebPage\",\"@id\":\"https:\\\/\\\/diariofemenino.com.ar\\\/df\\\/iv-encuentro-internacional-de-redes-sociales-que-luchan-contra-la-trata-y-el-trafico-de-personas-salta\\\/\",\"url\":\"https:\\\/\\\/diariofemenino.com.ar\\\/df\\\/iv-encuentro-internacional-de-redes-sociales-que-luchan-contra-la-trata-y-el-trafico-de-personas-salta\\\/\",\"name\":\"IV Encuentro Internacional de Redes Sociales que Luchan contra la Trata y el Tr\u00e1fico de Personas - Salta - Diario Digital Femenino\",\"isPartOf\":{\"@id\":\"https:\\\/\\\/diariofemenino.com.ar\\\/df\\\/#website\"},\"primaryImageOfPage\":{\"@id\":\"https:\\\/\\\/diariofemenino.com.ar\\\/df\\\/iv-encuentro-internacional-de-redes-sociales-que-luchan-contra-la-trata-y-el-trafico-de-personas-salta\\\/#primaryimage\"},\"image\":{\"@id\":\"https:\\\/\\\/diariofemenino.com.ar\\\/df\\\/iv-encuentro-internacional-de-redes-sociales-que-luchan-contra-la-trata-y-el-trafico-de-personas-salta\\\/#primaryimage\"},\"thumbnailUrl\":\"\",\"datePublished\":\"2012-07-02T15:53:14+00:00\",\"breadcrumb\":{\"@id\":\"https:\\\/\\\/diariofemenino.com.ar\\\/df\\\/iv-encuentro-internacional-de-redes-sociales-que-luchan-contra-la-trata-y-el-trafico-de-personas-salta\\\/#breadcrumb\"},\"inLanguage\":\"es\",\"potentialAction\":[{\"@type\":\"ReadAction\",\"target\":[\"https:\\\/\\\/diariofemenino.com.ar\\\/df\\\/iv-encuentro-internacional-de-redes-sociales-que-luchan-contra-la-trata-y-el-trafico-de-personas-salta\\\/\"]}]},{\"@type\":\"ImageObject\",\"inLanguage\":\"es\",\"@id\":\"https:\\\/\\\/diariofemenino.com.ar\\\/df\\\/iv-encuentro-internacional-de-redes-sociales-que-luchan-contra-la-trata-y-el-trafico-de-personas-salta\\\/#primaryimage\",\"url\":\"\",\"contentUrl\":\"\"},{\"@type\":\"BreadcrumbList\",\"@id\":\"https:\\\/\\\/diariofemenino.com.ar\\\/df\\\/iv-encuentro-internacional-de-redes-sociales-que-luchan-contra-la-trata-y-el-trafico-de-personas-salta\\\/#breadcrumb\",\"itemListElement\":[{\"@type\":\"ListItem\",\"position\":1,\"name\":\"Portada\",\"item\":\"https:\\\/\\\/diariofemenino.com.ar\\\/df\\\/\"},{\"@type\":\"ListItem\",\"position\":2,\"name\":\"IV Encuentro Internacional de Redes Sociales que Luchan contra la Trata y el Tr\u00e1fico de Personas &#8211; Salta\"}]},{\"@type\":\"WebSite\",\"@id\":\"https:\\\/\\\/diariofemenino.com.ar\\\/df\\\/#website\",\"url\":\"https:\\\/\\\/diariofemenino.com.ar\\\/df\\\/\",\"name\":\"Diario Digital Femenino\",\"description\":\"Cuesti\u00f3n de G\u00e9nero\",\"publisher\":{\"@id\":\"https:\\\/\\\/diariofemenino.com.ar\\\/df\\\/#organization\"},\"potentialAction\":[{\"@type\":\"SearchAction\",\"target\":{\"@type\":\"EntryPoint\",\"urlTemplate\":\"https:\\\/\\\/diariofemenino.com.ar\\\/df\\\/?s={search_term_string}\"},\"query-input\":{\"@type\":\"PropertyValueSpecification\",\"valueRequired\":true,\"valueName\":\"search_term_string\"}}],\"inLanguage\":\"es\"},{\"@type\":\"Organization\",\"@id\":\"https:\\\/\\\/diariofemenino.com.ar\\\/df\\\/#organization\",\"name\":\"Diario Femenino\",\"url\":\"https:\\\/\\\/diariofemenino.com.ar\\\/df\\\/\",\"logo\":{\"@type\":\"ImageObject\",\"inLanguage\":\"es\",\"@id\":\"https:\\\/\\\/diariofemenino.com.ar\\\/df\\\/#\\\/schema\\\/logo\\\/image\\\/\",\"url\":\"https:\\\/\\\/diariofemenino.com.ar\\\/df\\\/wp-content\\\/uploads\\\/2018\\\/10\\\/logo.png\",\"contentUrl\":\"https:\\\/\\\/diariofemenino.com.ar\\\/df\\\/wp-content\\\/uploads\\\/2018\\\/10\\\/logo.png\",\"width\":500,\"height\":92,\"caption\":\"Diario Femenino\"},\"image\":{\"@id\":\"https:\\\/\\\/diariofemenino.com.ar\\\/df\\\/#\\\/schema\\\/logo\\\/image\\\/\"},\"sameAs\":[\"https:\\\/\\\/www.facebook.com\\\/DiarioDigitaFemenino\\\/\",\"https:\\\/\\\/x.com\\\/DiarioFemenino1\"]},{\"@type\":\"Person\",\"@id\":\"https:\\\/\\\/diariofemenino.com.ar\\\/df\\\/#\\\/schema\\\/person\\\/38f54b3bfd13f561de2460ba95c169c6\",\"name\":\"Admin\",\"image\":{\"@type\":\"ImageObject\",\"inLanguage\":\"es\",\"@id\":\"https:\\\/\\\/diariofemenino.com.ar\\\/df\\\/wp-content\\\/uploads\\\/2018\\\/12\\\/favicon-150x150.jpg\",\"url\":\"https:\\\/\\\/diariofemenino.com.ar\\\/df\\\/wp-content\\\/uploads\\\/2018\\\/12\\\/favicon-150x150.jpg\",\"contentUrl\":\"https:\\\/\\\/diariofemenino.com.ar\\\/df\\\/wp-content\\\/uploads\\\/2018\\\/12\\\/favicon-150x150.jpg\",\"caption\":\"Admin\"},\"url\":\"https:\\\/\\\/diariofemenino.com.ar\\\/df\\\/author\\\/adm18df\\\/\"}]}<\/script>\n<!-- \/ Yoast SEO plugin. -->","yoast_head_json":{"title":"IV Encuentro Internacional de Redes Sociales que Luchan contra la Trata y el Tr\u00e1fico de Personas - Salta - Diario Digital Femenino","robots":{"index":"index","follow":"follow","max-snippet":"max-snippet:-1","max-image-preview":"max-image-preview:large","max-video-preview":"max-video-preview:-1"},"canonical":"https:\/\/diariofemenino.com.ar\/df\/iv-encuentro-internacional-de-redes-sociales-que-luchan-contra-la-trata-y-el-trafico-de-personas-salta\/","og_locale":"es_ES","og_type":"article","og_title":"IV Encuentro Internacional de Redes Sociales que Luchan contra la Trata y el Tr\u00e1fico de Personas - Salta - Diario Digital Femenino","og_description":"&nbsp; &nbsp; &nbsp; El 10 y 11 de julio se realizar\u00e1 en el \u00a0Universidad Nacional de Salta (UNAS) el\u00a0 IV Encuentro Internacional de Redes Sociales que Luchan contra la Trata y el Tr\u00e1fico de Personas. &nbsp; Cronograma de Actividades 9.00: Acreditaci\u00f3n de participantes9.30: Apertura: Bienvenida a cargo de Autoridades Locales (Miguel Isa, autoridades de la [&hellip;]","og_url":"https:\/\/diariofemenino.com.ar\/df\/iv-encuentro-internacional-de-redes-sociales-que-luchan-contra-la-trata-y-el-trafico-de-personas-salta\/","og_site_name":"Diario Digital Femenino","article_publisher":"https:\/\/www.facebook.com\/DiarioDigitaFemenino\/","article_published_time":"2012-07-02T15:53:14+00:00","og_image":[{"width":855,"height":319,"url":"https:\/\/diariofemenino.com.ar\/df\/wp-content\/uploads\/2016\/10\/logo-negro.png","type":"image\/png"}],"author":"Admin","twitter_card":"summary_large_image","twitter_creator":"@DiarioFemenino1","twitter_site":"@DiarioFemenino1","twitter_misc":{"Escrito por":"Admin","Tiempo de lectura":"2 minutos"},"schema":{"@context":"https:\/\/schema.org","@graph":[{"@type":"Article","@id":"https:\/\/diariofemenino.com.ar\/df\/iv-encuentro-internacional-de-redes-sociales-que-luchan-contra-la-trata-y-el-trafico-de-personas-salta\/#article","isPartOf":{"@id":"https:\/\/diariofemenino.com.ar\/df\/iv-encuentro-internacional-de-redes-sociales-que-luchan-contra-la-trata-y-el-trafico-de-personas-salta\/"},"author":{"name":"Admin","@id":"https:\/\/diariofemenino.com.ar\/df\/#\/schema\/person\/38f54b3bfd13f561de2460ba95c169c6"},"headline":"IV Encuentro Internacional de Redes Sociales que Luchan contra la Trata y el Tr\u00e1fico de Personas &#8211; Salta","datePublished":"2012-07-02T15:53:14+00:00","mainEntityOfPage":{"@id":"https:\/\/diariofemenino.com.ar\/df\/iv-encuentro-internacional-de-redes-sociales-que-luchan-contra-la-trata-y-el-trafico-de-personas-salta\/"},"wordCount":509,"commentCount":1,"publisher":{"@id":"https:\/\/diariofemenino.com.ar\/df\/#organization"},"image":{"@id":"https:\/\/diariofemenino.com.ar\/df\/iv-encuentro-internacional-de-redes-sociales-que-luchan-contra-la-trata-y-el-trafico-de-personas-salta\/#primaryimage"},"thumbnailUrl":"","articleSection":["Medios","Trata de Pers."],"inLanguage":"es","potentialAction":[{"@type":"CommentAction","name":"Comment","target":["https:\/\/diariofemenino.com.ar\/df\/iv-encuentro-internacional-de-redes-sociales-que-luchan-contra-la-trata-y-el-trafico-de-personas-salta\/#respond"]}]},{"@type":"WebPage","@id":"https:\/\/diariofemenino.com.ar\/df\/iv-encuentro-internacional-de-redes-sociales-que-luchan-contra-la-trata-y-el-trafico-de-personas-salta\/","url":"https:\/\/diariofemenino.com.ar\/df\/iv-encuentro-internacional-de-redes-sociales-que-luchan-contra-la-trata-y-el-trafico-de-personas-salta\/","name":"IV Encuentro Internacional de Redes Sociales que Luchan contra la Trata y el Tr\u00e1fico de Personas - Salta - Diario Digital Femenino","isPartOf":{"@id":"https:\/\/diariofemenino.com.ar\/df\/#website"},"primaryImageOfPage":{"@id":"https:\/\/diariofemenino.com.ar\/df\/iv-encuentro-internacional-de-redes-sociales-que-luchan-contra-la-trata-y-el-trafico-de-personas-salta\/#primaryimage"},"image":{"@id":"https:\/\/diariofemenino.com.ar\/df\/iv-encuentro-internacional-de-redes-sociales-que-luchan-contra-la-trata-y-el-trafico-de-personas-salta\/#primaryimage"},"thumbnailUrl":"","datePublished":"2012-07-02T15:53:14+00:00","breadcrumb":{"@id":"https:\/\/diariofemenino.com.ar\/df\/iv-encuentro-internacional-de-redes-sociales-que-luchan-contra-la-trata-y-el-trafico-de-personas-salta\/#breadcrumb"},"inLanguage":"es","potentialAction":[{"@type":"ReadAction","target":["https:\/\/diariofemenino.com.ar\/df\/iv-encuentro-internacional-de-redes-sociales-que-luchan-contra-la-trata-y-el-trafico-de-personas-salta\/"]}]},{"@type":"ImageObject","inLanguage":"es","@id":"https:\/\/diariofemenino.com.ar\/df\/iv-encuentro-internacional-de-redes-sociales-que-luchan-contra-la-trata-y-el-trafico-de-personas-salta\/#primaryimage","url":"","contentUrl":""},{"@type":"BreadcrumbList","@id":"https:\/\/diariofemenino.com.ar\/df\/iv-encuentro-internacional-de-redes-sociales-que-luchan-contra-la-trata-y-el-trafico-de-personas-salta\/#breadcrumb","itemListElement":[{"@type":"ListItem","position":1,"name":"Portada","item":"https:\/\/diariofemenino.com.ar\/df\/"},{"@type":"ListItem","position":2,"name":"IV Encuentro Internacional de Redes Sociales que Luchan contra la Trata y el Tr\u00e1fico de Personas &#8211; Salta"}]},{"@type":"WebSite","@id":"https:\/\/diariofemenino.com.ar\/df\/#website","url":"https:\/\/diariofemenino.com.ar\/df\/","name":"Diario Digital Femenino","description":"Cuesti\u00f3n de G\u00e9nero","publisher":{"@id":"https:\/\/diariofemenino.com.ar\/df\/#organization"},"potentialAction":[{"@type":"SearchAction","target":{"@type":"EntryPoint","urlTemplate":"https:\/\/diariofemenino.com.ar\/df\/?s={search_term_string}"},"query-input":{"@type":"PropertyValueSpecification","valueRequired":true,"valueName":"search_term_string"}}],"inLanguage":"es"},{"@type":"Organization","@id":"https:\/\/diariofemenino.com.ar\/df\/#organization","name":"Diario Femenino","url":"https:\/\/diariofemenino.com.ar\/df\/","logo":{"@type":"ImageObject","inLanguage":"es","@id":"https:\/\/diariofemenino.com.ar\/df\/#\/schema\/logo\/image\/","url":"https:\/\/diariofemenino.com.ar\/df\/wp-content\/uploads\/2018\/10\/logo.png","contentUrl":"https:\/\/diariofemenino.com.ar\/df\/wp-content\/uploads\/2018\/10\/logo.png","width":500,"height":92,"caption":"Diario Femenino"},"image":{"@id":"https:\/\/diariofemenino.com.ar\/df\/#\/schema\/logo\/image\/"},"sameAs":["https:\/\/www.facebook.com\/DiarioDigitaFemenino\/","https:\/\/x.com\/DiarioFemenino1"]},{"@type":"Person","@id":"https:\/\/diariofemenino.com.ar\/df\/#\/schema\/person\/38f54b3bfd13f561de2460ba95c169c6","name":"Admin","image":{"@type":"ImageObject","inLanguage":"es","@id":"https:\/\/diariofemenino.com.ar\/df\/wp-content\/uploads\/2018\/12\/favicon-150x150.jpg","url":"https:\/\/diariofemenino.com.ar\/df\/wp-content\/uploads\/2018\/12\/favicon-150x150.jpg","contentUrl":"https:\/\/diariofemenino.com.ar\/df\/wp-content\/uploads\/2018\/12\/favicon-150x150.jpg","caption":"Admin"},"url":"https:\/\/diariofemenino.com.ar\/df\/author\/adm18df\/"}]}},"jetpack_featured_media_url":"","jetpack_sharing_enabled":true,"rttpg_featured_image_url":null,"rttpg_author":{"display_name":"Admin","author_link":"https:\/\/diariofemenino.com.ar\/df\/author\/adm18df\/"},"rttpg_comment":1,"rttpg_category":"<a href=\"https:\/\/diariofemenino.com.ar\/df\/category\/medios\/\" rel=\"category tag\">Medios<\/a> <a href=\"https:\/\/diariofemenino.com.ar\/df\/category\/trata-de-personas\/\" rel=\"category tag\">Trata de Pers.<\/a>","rttpg_excerpt":"&nbsp; &nbsp; &nbsp; El 10 y 11 de julio se realizar\u00e1 en el \u00a0Universidad Nacional de Salta (UNAS) el\u00a0 IV Encuentro Internacional de Redes Sociales que Luchan contra la Trata y el Tr\u00e1fico de Personas. &nbsp; Cronograma de Actividades 9.00: Acreditaci\u00f3n de participantes9.30: Apertura: Bienvenida a cargo de Autoridades Locales (Miguel Isa, autoridades de la&hellip;","_links":{"self":[{"href":"https:\/\/diariofemenino.com.ar\/df\/wp-json\/wp\/v2\/posts\/2268","targetHints":{"allow":["GET"]}}],"collection":[{"href":"https:\/\/diariofemenino.com.ar\/df\/wp-json\/wp\/v2\/posts"}],"about":[{"href":"https:\/\/diariofemenino.com.ar\/df\/wp-json\/wp\/v2\/types\/post"}],"author":[{"embeddable":true,"href":"https:\/\/diariofemenino.com.ar\/df\/wp-json\/wp\/v2\/users\/1"}],"replies":[{"embeddable":true,"href":"https:\/\/diariofemenino.com.ar\/df\/wp-json\/wp\/v2\/comments?post=2268"}],"version-history":[{"count":0,"href":"https:\/\/diariofemenino.com.ar\/df\/wp-json\/wp\/v2\/posts\/2268\/revisions"}],"wp:featuredmedia":[{"embeddable":true,"href":"https:\/\/diariofemenino.com.ar\/df\/wp-json\/"}],"wp:attachment":[{"href":"https:\/\/diariofemenino.com.ar\/df\/wp-json\/wp\/v2\/media?parent=2268"}],"wp:term":[{"taxonomy":"category","embeddable":true,"href":"https:\/\/diariofemenino.com.ar\/df\/wp-json\/wp\/v2\/categories?post=2268"},{"taxonomy":"post_tag","embeddable":true,"href":"https:\/\/diariofemenino.com.ar\/df\/wp-json\/wp\/v2\/tags?post=2268"}],"curies":[{"name":"wp","href":"https:\/\/api.w.org\/{rel}","templated":true}]}}