{"id":2256,"date":"2012-07-02T10:23:36","date_gmt":"2012-07-02T13:23:36","guid":{"rendered":"http:\/\/www.diariofemenino.com.ar\/?p=2256"},"modified":"2012-07-02T10:23:36","modified_gmt":"2012-07-02T13:23:36","slug":"comunicado-de-presidencia-argentina-tambien-saca-tarjeta-roja-al-maltratador","status":"publish","type":"post","link":"https:\/\/diariofemenino.com.ar\/df\/comunicado-de-presidencia-argentina-tambien-saca-tarjeta-roja-al-maltratador\/","title":{"rendered":"Comunicado de Presidencia: Argentina tambi\u00e9n saca tarjeta roja al maltratador"},"content":{"rendered":"<p>&nbsp;<br \/>\n&nbsp;<br \/>\n<em>Presidencia de la Naci\u00f3n apoya el lanzamiento nacional el martes pr\u00f3ximo de la campa\u00f1a \u00abSac\u00e1 tarjeta roja al maltratador\u00bb, de la que participar\u00e1n representantes gubernamentales, personalidades con el objetivo de involucrar a toda la sociedad en la prevenci\u00f3n y la denuncia de la violencia de g\u00e9nero<\/em><br \/>\nLa presentaci\u00f3n se realizar\u00e1 a las 18 (Martes 3) \u00a0en el auditorio del Banco Naci\u00f3n, en Rivadavia 325, de la Capital federal, donde se mostrar\u00e1n algunos de los avisos radiales, televisivos y gr\u00e1ficos en los que figuras representativas de diversos \u00e1mbitos sociales se comprometen en la lucha contra el maltrato. \u00a0\u00a0\u00a0 Ya \u00absacaron tarjeta roja\u00bb las actrices Mercedes Mor\u00e1n, Florencia Pe\u00f1a, Mirta Busnelli, Romina Gaetani, Julieta Ortega y los actores Lito Cruz, Sebasti\u00e1n Estevanez y Juan Leyrado.<br \/>\nTambi\u00e9n los conductores de televisi\u00f3n Marley y Maju Lozano; el director Sebasti\u00e1n Ortega y los m\u00fasicos Chango Spasiuk y Amelita Baltar, entre otros.<br \/>\nDel \u00e1mbito deportivo se sumaron Mariano Zabaleta, Juan \u00abPico\u00bb M\u00f3naco, Sergio Goycochea y Marcela \u201cLa Tigresa\u201d Acu\u00f1a.<br \/>\nLos periodistas Osvaldo Baz\u00e1n, Cristina P\u00e9rez, Rodolfo Barili, Juan Miceli, Gustavo Sylvestre, Germ\u00e1n Paoloski, Claudia Cherasco, Ver\u00f3nica Gonz\u00e1lez y Claudio Rigoli tambi\u00e9n dijeron \u00abbasta al maltrato\u00bb. \u00a0\u00a0\u00a0 Adem\u00e1s de los referentes sociales Alex Freyre, Juan Carr y Daniel Goldman.<br \/>\nLa campa\u00f1a invita a la participaci\u00f3n activa de toda la sociedad, ya que ingresando a www.sacatarjetaroja.com.ar, todas las personas pueden descargar la tarjeta, sacarse una foto con ella y subirla al portal. \u00a0\u00a0\u00a0 El sitio contiene, adem\u00e1s de toda la informaci\u00f3n de la campa\u00f1a, una solapa con datos \u00fatiles donde se puede encontrar informaci\u00f3n de l\u00edneas gratuitas para asesoramiento y atenci\u00f3n en casos de violencia.<br \/>\nLa iniciativa tambi\u00e9n incluye capacitaciones sobre violencia de g\u00e9nero en organismos oficiales, organizaciones sociales y empresas de todo el pa\u00eds.<br \/>\n\u00abSac\u00e1 tarjeta roja a maltratador\u00bb naci\u00f3 en Espa\u00f1a como parte del proyecto \u201cJuntas por una vida sin violencia\u201d y lleg\u00f3 el a\u00f1o pasado al pa\u00eds a trav\u00e9s de cuatro responsables.<br \/>\nSe trata de Ariela Mancke de la organizaci\u00f3n Latina Urbana, Ester Mancera de la ONG \u201cEnlaces territoriales para la igualdad de g\u00e9nero\u201d, de la periodista Liliana Hendel y de Pilar Garea de \u201cEspa\u00f1oles en el mundo\u201d. \u00a0\u00a0\u00a0 Cuenta con el auspicio econ\u00f3mico de la Agencia Espa\u00f1ola de Cooperaci\u00f3n Internacional para el Desarrollo (AECID) y es apoyada por la Presidencia de la Naci\u00f3n.<\/p>\n","protected":false},"excerpt":{"rendered":"<p>&nbsp; &nbsp; Presidencia de la Naci\u00f3n apoya el lanzamiento nacional el martes pr\u00f3ximo de la campa\u00f1a \u00abSac\u00e1 tarjeta roja al maltratador\u00bb, de la que participar\u00e1n representantes gubernamentales, personalidades con el objetivo de involucrar a toda la sociedad en la prevenci\u00f3n y la denuncia de la violencia de g\u00e9nero La presentaci\u00f3n se realizar\u00e1 a las 18 [&hellip;]<\/p>\n","protected":false},"author":1,"featured_media":2257,"comment_status":"open","ping_status":"open","sticky":false,"template":"","format":"standard","meta":{"iawp_total_views":2,"footnotes":""},"categories":[7,4],"tags":[],"class_list":["post-2256","post","type-post","status-publish","format-standard","has-post-thumbnail","hentry","category-actividades","category-medios"],"nelio_content":{"autoShareEndMode":"never","automationSources":{"useCustomSentences":false,"customSentences":[]},"efiAlt":"","efiUrl":"","followers":[],"highlights":[],"isAutoShareEnabled":true,"networkImageIds":[],"permalinkQueryArgs":[],"series":[],"suggestedReferences":[]},"yoast_head":"<!-- This site is optimized with the Yoast SEO plugin v27.5 - https:\/\/yoast.com\/product\/yoast-seo-wordpress\/ -->\n<title>Comunicado de Presidencia: Argentina tambi\u00e9n saca tarjeta roja al maltratador - Diario Digital Femenino<\/title>\n<meta name=\"robots\" content=\"index, follow, max-snippet:-1, max-image-preview:large, max-video-preview:-1\" \/>\n<link rel=\"canonical\" href=\"https:\/\/diariofemenino.com.ar\/df\/comunicado-de-presidencia-argentina-tambien-saca-tarjeta-roja-al-maltratador\/\" \/>\n<meta property=\"og:locale\" content=\"es_ES\" \/>\n<meta property=\"og:type\" content=\"article\" \/>\n<meta property=\"og:title\" content=\"Comunicado de Presidencia: Argentina tambi\u00e9n saca tarjeta roja al maltratador - Diario Digital Femenino\" \/>\n<meta property=\"og:description\" content=\"&nbsp; &nbsp; Presidencia de la Naci\u00f3n apoya el lanzamiento nacional el martes pr\u00f3ximo de la campa\u00f1a \u00abSac\u00e1 tarjeta roja al maltratador\u00bb, de la que participar\u00e1n representantes gubernamentales, personalidades con el objetivo de involucrar a toda la sociedad en la prevenci\u00f3n y la denuncia de la violencia de g\u00e9nero La presentaci\u00f3n se realizar\u00e1 a las 18 [&hellip;]\" \/>\n<meta property=\"og:url\" content=\"https:\/\/diariofemenino.com.ar\/df\/comunicado-de-presidencia-argentina-tambien-saca-tarjeta-roja-al-maltratador\/\" \/>\n<meta property=\"og:site_name\" content=\"Diario Digital Femenino\" \/>\n<meta property=\"article:publisher\" content=\"https:\/\/www.facebook.com\/DiarioDigitaFemenino\/\" \/>\n<meta property=\"article:published_time\" content=\"2012-07-02T13:23:36+00:00\" \/>\n<meta property=\"og:image\" content=\"https:\/\/diariofemenino.com.ar\/df\/wp-content\/uploads\/2016\/10\/logo-negro.png\" \/>\n\t<meta property=\"og:image:width\" content=\"855\" \/>\n\t<meta property=\"og:image:height\" content=\"319\" \/>\n\t<meta property=\"og:image:type\" content=\"image\/png\" \/>\n<meta name=\"author\" content=\"Admin\" \/>\n<meta name=\"twitter:card\" content=\"summary_large_image\" \/>\n<meta name=\"twitter:creator\" content=\"@DiarioFemenino1\" \/>\n<meta name=\"twitter:site\" content=\"@DiarioFemenino1\" \/>\n<meta name=\"twitter:label1\" content=\"Escrito por\" \/>\n\t<meta name=\"twitter:data1\" content=\"Admin\" \/>\n\t<meta name=\"twitter:label2\" content=\"Tiempo de lectura\" \/>\n\t<meta name=\"twitter:data2\" content=\"2 minutos\" \/>\n<script type=\"application\/ld+json\" class=\"yoast-schema-graph\">{\"@context\":\"https:\\\/\\\/schema.org\",\"@graph\":[{\"@type\":\"Article\",\"@id\":\"https:\\\/\\\/diariofemenino.com.ar\\\/df\\\/comunicado-de-presidencia-argentina-tambien-saca-tarjeta-roja-al-maltratador\\\/#article\",\"isPartOf\":{\"@id\":\"https:\\\/\\\/diariofemenino.com.ar\\\/df\\\/comunicado-de-presidencia-argentina-tambien-saca-tarjeta-roja-al-maltratador\\\/\"},\"author\":{\"name\":\"Admin\",\"@id\":\"https:\\\/\\\/diariofemenino.com.ar\\\/df\\\/#\\\/schema\\\/person\\\/38f54b3bfd13f561de2460ba95c169c6\"},\"headline\":\"Comunicado de Presidencia: Argentina tambi\u00e9n saca tarjeta roja al maltratador\",\"datePublished\":\"2012-07-02T13:23:36+00:00\",\"mainEntityOfPage\":{\"@id\":\"https:\\\/\\\/diariofemenino.com.ar\\\/df\\\/comunicado-de-presidencia-argentina-tambien-saca-tarjeta-roja-al-maltratador\\\/\"},\"wordCount\":436,\"commentCount\":2,\"publisher\":{\"@id\":\"https:\\\/\\\/diariofemenino.com.ar\\\/df\\\/#organization\"},\"image\":{\"@id\":\"https:\\\/\\\/diariofemenino.com.ar\\\/df\\\/comunicado-de-presidencia-argentina-tambien-saca-tarjeta-roja-al-maltratador\\\/#primaryimage\"},\"thumbnailUrl\":\"\",\"articleSection\":[\"Actividades\",\"Medios\"],\"inLanguage\":\"es\",\"potentialAction\":[{\"@type\":\"CommentAction\",\"name\":\"Comment\",\"target\":[\"https:\\\/\\\/diariofemenino.com.ar\\\/df\\\/comunicado-de-presidencia-argentina-tambien-saca-tarjeta-roja-al-maltratador\\\/#respond\"]}]},{\"@type\":\"WebPage\",\"@id\":\"https:\\\/\\\/diariofemenino.com.ar\\\/df\\\/comunicado-de-presidencia-argentina-tambien-saca-tarjeta-roja-al-maltratador\\\/\",\"url\":\"https:\\\/\\\/diariofemenino.com.ar\\\/df\\\/comunicado-de-presidencia-argentina-tambien-saca-tarjeta-roja-al-maltratador\\\/\",\"name\":\"Comunicado de Presidencia: Argentina tambi\u00e9n saca tarjeta roja al maltratador - Diario Digital Femenino\",\"isPartOf\":{\"@id\":\"https:\\\/\\\/diariofemenino.com.ar\\\/df\\\/#website\"},\"primaryImageOfPage\":{\"@id\":\"https:\\\/\\\/diariofemenino.com.ar\\\/df\\\/comunicado-de-presidencia-argentina-tambien-saca-tarjeta-roja-al-maltratador\\\/#primaryimage\"},\"image\":{\"@id\":\"https:\\\/\\\/diariofemenino.com.ar\\\/df\\\/comunicado-de-presidencia-argentina-tambien-saca-tarjeta-roja-al-maltratador\\\/#primaryimage\"},\"thumbnailUrl\":\"\",\"datePublished\":\"2012-07-02T13:23:36+00:00\",\"breadcrumb\":{\"@id\":\"https:\\\/\\\/diariofemenino.com.ar\\\/df\\\/comunicado-de-presidencia-argentina-tambien-saca-tarjeta-roja-al-maltratador\\\/#breadcrumb\"},\"inLanguage\":\"es\",\"potentialAction\":[{\"@type\":\"ReadAction\",\"target\":[\"https:\\\/\\\/diariofemenino.com.ar\\\/df\\\/comunicado-de-presidencia-argentina-tambien-saca-tarjeta-roja-al-maltratador\\\/\"]}]},{\"@type\":\"ImageObject\",\"inLanguage\":\"es\",\"@id\":\"https:\\\/\\\/diariofemenino.com.ar\\\/df\\\/comunicado-de-presidencia-argentina-tambien-saca-tarjeta-roja-al-maltratador\\\/#primaryimage\",\"url\":\"\",\"contentUrl\":\"\"},{\"@type\":\"BreadcrumbList\",\"@id\":\"https:\\\/\\\/diariofemenino.com.ar\\\/df\\\/comunicado-de-presidencia-argentina-tambien-saca-tarjeta-roja-al-maltratador\\\/#breadcrumb\",\"itemListElement\":[{\"@type\":\"ListItem\",\"position\":1,\"name\":\"Portada\",\"item\":\"https:\\\/\\\/diariofemenino.com.ar\\\/df\\\/\"},{\"@type\":\"ListItem\",\"position\":2,\"name\":\"Comunicado de Presidencia: Argentina tambi\u00e9n saca tarjeta roja al maltratador\"}]},{\"@type\":\"WebSite\",\"@id\":\"https:\\\/\\\/diariofemenino.com.ar\\\/df\\\/#website\",\"url\":\"https:\\\/\\\/diariofemenino.com.ar\\\/df\\\/\",\"name\":\"Diario Digital Femenino\",\"description\":\"Cuesti\u00f3n de G\u00e9nero\",\"publisher\":{\"@id\":\"https:\\\/\\\/diariofemenino.com.ar\\\/df\\\/#organization\"},\"potentialAction\":[{\"@type\":\"SearchAction\",\"target\":{\"@type\":\"EntryPoint\",\"urlTemplate\":\"https:\\\/\\\/diariofemenino.com.ar\\\/df\\\/?s={search_term_string}\"},\"query-input\":{\"@type\":\"PropertyValueSpecification\",\"valueRequired\":true,\"valueName\":\"search_term_string\"}}],\"inLanguage\":\"es\"},{\"@type\":\"Organization\",\"@id\":\"https:\\\/\\\/diariofemenino.com.ar\\\/df\\\/#organization\",\"name\":\"Diario Femenino\",\"url\":\"https:\\\/\\\/diariofemenino.com.ar\\\/df\\\/\",\"logo\":{\"@type\":\"ImageObject\",\"inLanguage\":\"es\",\"@id\":\"https:\\\/\\\/diariofemenino.com.ar\\\/df\\\/#\\\/schema\\\/logo\\\/image\\\/\",\"url\":\"https:\\\/\\\/diariofemenino.com.ar\\\/df\\\/wp-content\\\/uploads\\\/2018\\\/10\\\/logo.png\",\"contentUrl\":\"https:\\\/\\\/diariofemenino.com.ar\\\/df\\\/wp-content\\\/uploads\\\/2018\\\/10\\\/logo.png\",\"width\":500,\"height\":92,\"caption\":\"Diario Femenino\"},\"image\":{\"@id\":\"https:\\\/\\\/diariofemenino.com.ar\\\/df\\\/#\\\/schema\\\/logo\\\/image\\\/\"},\"sameAs\":[\"https:\\\/\\\/www.facebook.com\\\/DiarioDigitaFemenino\\\/\",\"https:\\\/\\\/x.com\\\/DiarioFemenino1\"]},{\"@type\":\"Person\",\"@id\":\"https:\\\/\\\/diariofemenino.com.ar\\\/df\\\/#\\\/schema\\\/person\\\/38f54b3bfd13f561de2460ba95c169c6\",\"name\":\"Admin\",\"image\":{\"@type\":\"ImageObject\",\"inLanguage\":\"es\",\"@id\":\"https:\\\/\\\/diariofemenino.com.ar\\\/df\\\/wp-content\\\/uploads\\\/2018\\\/12\\\/favicon-150x150.jpg\",\"url\":\"https:\\\/\\\/diariofemenino.com.ar\\\/df\\\/wp-content\\\/uploads\\\/2018\\\/12\\\/favicon-150x150.jpg\",\"contentUrl\":\"https:\\\/\\\/diariofemenino.com.ar\\\/df\\\/wp-content\\\/uploads\\\/2018\\\/12\\\/favicon-150x150.jpg\",\"caption\":\"Admin\"},\"url\":\"https:\\\/\\\/diariofemenino.com.ar\\\/df\\\/author\\\/adm18df\\\/\"}]}<\/script>\n<!-- \/ Yoast SEO plugin. -->","yoast_head_json":{"title":"Comunicado de Presidencia: Argentina tambi\u00e9n saca tarjeta roja al maltratador - Diario Digital Femenino","robots":{"index":"index","follow":"follow","max-snippet":"max-snippet:-1","max-image-preview":"max-image-preview:large","max-video-preview":"max-video-preview:-1"},"canonical":"https:\/\/diariofemenino.com.ar\/df\/comunicado-de-presidencia-argentina-tambien-saca-tarjeta-roja-al-maltratador\/","og_locale":"es_ES","og_type":"article","og_title":"Comunicado de Presidencia: Argentina tambi\u00e9n saca tarjeta roja al maltratador - Diario Digital Femenino","og_description":"&nbsp; &nbsp; Presidencia de la Naci\u00f3n apoya el lanzamiento nacional el martes pr\u00f3ximo de la campa\u00f1a \u00abSac\u00e1 tarjeta roja al maltratador\u00bb, de la que participar\u00e1n representantes gubernamentales, personalidades con el objetivo de involucrar a toda la sociedad en la prevenci\u00f3n y la denuncia de la violencia de g\u00e9nero La presentaci\u00f3n se realizar\u00e1 a las 18 [&hellip;]","og_url":"https:\/\/diariofemenino.com.ar\/df\/comunicado-de-presidencia-argentina-tambien-saca-tarjeta-roja-al-maltratador\/","og_site_name":"Diario Digital Femenino","article_publisher":"https:\/\/www.facebook.com\/DiarioDigitaFemenino\/","article_published_time":"2012-07-02T13:23:36+00:00","og_image":[{"width":855,"height":319,"url":"https:\/\/diariofemenino.com.ar\/df\/wp-content\/uploads\/2016\/10\/logo-negro.png","type":"image\/png"}],"author":"Admin","twitter_card":"summary_large_image","twitter_creator":"@DiarioFemenino1","twitter_site":"@DiarioFemenino1","twitter_misc":{"Escrito por":"Admin","Tiempo de lectura":"2 minutos"},"schema":{"@context":"https:\/\/schema.org","@graph":[{"@type":"Article","@id":"https:\/\/diariofemenino.com.ar\/df\/comunicado-de-presidencia-argentina-tambien-saca-tarjeta-roja-al-maltratador\/#article","isPartOf":{"@id":"https:\/\/diariofemenino.com.ar\/df\/comunicado-de-presidencia-argentina-tambien-saca-tarjeta-roja-al-maltratador\/"},"author":{"name":"Admin","@id":"https:\/\/diariofemenino.com.ar\/df\/#\/schema\/person\/38f54b3bfd13f561de2460ba95c169c6"},"headline":"Comunicado de Presidencia: Argentina tambi\u00e9n saca tarjeta roja al maltratador","datePublished":"2012-07-02T13:23:36+00:00","mainEntityOfPage":{"@id":"https:\/\/diariofemenino.com.ar\/df\/comunicado-de-presidencia-argentina-tambien-saca-tarjeta-roja-al-maltratador\/"},"wordCount":436,"commentCount":2,"publisher":{"@id":"https:\/\/diariofemenino.com.ar\/df\/#organization"},"image":{"@id":"https:\/\/diariofemenino.com.ar\/df\/comunicado-de-presidencia-argentina-tambien-saca-tarjeta-roja-al-maltratador\/#primaryimage"},"thumbnailUrl":"","articleSection":["Actividades","Medios"],"inLanguage":"es","potentialAction":[{"@type":"CommentAction","name":"Comment","target":["https:\/\/diariofemenino.com.ar\/df\/comunicado-de-presidencia-argentina-tambien-saca-tarjeta-roja-al-maltratador\/#respond"]}]},{"@type":"WebPage","@id":"https:\/\/diariofemenino.com.ar\/df\/comunicado-de-presidencia-argentina-tambien-saca-tarjeta-roja-al-maltratador\/","url":"https:\/\/diariofemenino.com.ar\/df\/comunicado-de-presidencia-argentina-tambien-saca-tarjeta-roja-al-maltratador\/","name":"Comunicado de Presidencia: Argentina tambi\u00e9n saca tarjeta roja al maltratador - Diario Digital Femenino","isPartOf":{"@id":"https:\/\/diariofemenino.com.ar\/df\/#website"},"primaryImageOfPage":{"@id":"https:\/\/diariofemenino.com.ar\/df\/comunicado-de-presidencia-argentina-tambien-saca-tarjeta-roja-al-maltratador\/#primaryimage"},"image":{"@id":"https:\/\/diariofemenino.com.ar\/df\/comunicado-de-presidencia-argentina-tambien-saca-tarjeta-roja-al-maltratador\/#primaryimage"},"thumbnailUrl":"","datePublished":"2012-07-02T13:23:36+00:00","breadcrumb":{"@id":"https:\/\/diariofemenino.com.ar\/df\/comunicado-de-presidencia-argentina-tambien-saca-tarjeta-roja-al-maltratador\/#breadcrumb"},"inLanguage":"es","potentialAction":[{"@type":"ReadAction","target":["https:\/\/diariofemenino.com.ar\/df\/comunicado-de-presidencia-argentina-tambien-saca-tarjeta-roja-al-maltratador\/"]}]},{"@type":"ImageObject","inLanguage":"es","@id":"https:\/\/diariofemenino.com.ar\/df\/comunicado-de-presidencia-argentina-tambien-saca-tarjeta-roja-al-maltratador\/#primaryimage","url":"","contentUrl":""},{"@type":"BreadcrumbList","@id":"https:\/\/diariofemenino.com.ar\/df\/comunicado-de-presidencia-argentina-tambien-saca-tarjeta-roja-al-maltratador\/#breadcrumb","itemListElement":[{"@type":"ListItem","position":1,"name":"Portada","item":"https:\/\/diariofemenino.com.ar\/df\/"},{"@type":"ListItem","position":2,"name":"Comunicado de Presidencia: Argentina tambi\u00e9n saca tarjeta roja al maltratador"}]},{"@type":"WebSite","@id":"https:\/\/diariofemenino.com.ar\/df\/#website","url":"https:\/\/diariofemenino.com.ar\/df\/","name":"Diario Digital Femenino","description":"Cuesti\u00f3n de G\u00e9nero","publisher":{"@id":"https:\/\/diariofemenino.com.ar\/df\/#organization"},"potentialAction":[{"@type":"SearchAction","target":{"@type":"EntryPoint","urlTemplate":"https:\/\/diariofemenino.com.ar\/df\/?s={search_term_string}"},"query-input":{"@type":"PropertyValueSpecification","valueRequired":true,"valueName":"search_term_string"}}],"inLanguage":"es"},{"@type":"Organization","@id":"https:\/\/diariofemenino.com.ar\/df\/#organization","name":"Diario Femenino","url":"https:\/\/diariofemenino.com.ar\/df\/","logo":{"@type":"ImageObject","inLanguage":"es","@id":"https:\/\/diariofemenino.com.ar\/df\/#\/schema\/logo\/image\/","url":"https:\/\/diariofemenino.com.ar\/df\/wp-content\/uploads\/2018\/10\/logo.png","contentUrl":"https:\/\/diariofemenino.com.ar\/df\/wp-content\/uploads\/2018\/10\/logo.png","width":500,"height":92,"caption":"Diario Femenino"},"image":{"@id":"https:\/\/diariofemenino.com.ar\/df\/#\/schema\/logo\/image\/"},"sameAs":["https:\/\/www.facebook.com\/DiarioDigitaFemenino\/","https:\/\/x.com\/DiarioFemenino1"]},{"@type":"Person","@id":"https:\/\/diariofemenino.com.ar\/df\/#\/schema\/person\/38f54b3bfd13f561de2460ba95c169c6","name":"Admin","image":{"@type":"ImageObject","inLanguage":"es","@id":"https:\/\/diariofemenino.com.ar\/df\/wp-content\/uploads\/2018\/12\/favicon-150x150.jpg","url":"https:\/\/diariofemenino.com.ar\/df\/wp-content\/uploads\/2018\/12\/favicon-150x150.jpg","contentUrl":"https:\/\/diariofemenino.com.ar\/df\/wp-content\/uploads\/2018\/12\/favicon-150x150.jpg","caption":"Admin"},"url":"https:\/\/diariofemenino.com.ar\/df\/author\/adm18df\/"}]}},"jetpack_featured_media_url":"","jetpack_sharing_enabled":true,"rttpg_featured_image_url":null,"rttpg_author":{"display_name":"Admin","author_link":"https:\/\/diariofemenino.com.ar\/df\/author\/adm18df\/"},"rttpg_comment":1,"rttpg_category":"<a href=\"https:\/\/diariofemenino.com.ar\/df\/category\/actividades\/\" rel=\"category tag\">Actividades<\/a> <a href=\"https:\/\/diariofemenino.com.ar\/df\/category\/medios\/\" rel=\"category tag\">Medios<\/a>","rttpg_excerpt":"&nbsp; &nbsp; Presidencia de la Naci\u00f3n apoya el lanzamiento nacional el martes pr\u00f3ximo de la campa\u00f1a \u00abSac\u00e1 tarjeta roja al maltratador\u00bb, de la que participar\u00e1n representantes gubernamentales, personalidades con el objetivo de involucrar a toda la sociedad en la prevenci\u00f3n y la denuncia de la violencia de g\u00e9nero La presentaci\u00f3n se realizar\u00e1 a las 18&hellip;","_links":{"self":[{"href":"https:\/\/diariofemenino.com.ar\/df\/wp-json\/wp\/v2\/posts\/2256","targetHints":{"allow":["GET"]}}],"collection":[{"href":"https:\/\/diariofemenino.com.ar\/df\/wp-json\/wp\/v2\/posts"}],"about":[{"href":"https:\/\/diariofemenino.com.ar\/df\/wp-json\/wp\/v2\/types\/post"}],"author":[{"embeddable":true,"href":"https:\/\/diariofemenino.com.ar\/df\/wp-json\/wp\/v2\/users\/1"}],"replies":[{"embeddable":true,"href":"https:\/\/diariofemenino.com.ar\/df\/wp-json\/wp\/v2\/comments?post=2256"}],"version-history":[{"count":0,"href":"https:\/\/diariofemenino.com.ar\/df\/wp-json\/wp\/v2\/posts\/2256\/revisions"}],"wp:featuredmedia":[{"embeddable":true,"href":"https:\/\/diariofemenino.com.ar\/df\/wp-json\/"}],"wp:attachment":[{"href":"https:\/\/diariofemenino.com.ar\/df\/wp-json\/wp\/v2\/media?parent=2256"}],"wp:term":[{"taxonomy":"category","embeddable":true,"href":"https:\/\/diariofemenino.com.ar\/df\/wp-json\/wp\/v2\/categories?post=2256"},{"taxonomy":"post_tag","embeddable":true,"href":"https:\/\/diariofemenino.com.ar\/df\/wp-json\/wp\/v2\/tags?post=2256"}],"curies":[{"name":"wp","href":"https:\/\/api.w.org\/{rel}","templated":true}]}}