{"id":2252,"date":"2012-07-01T20:43:06","date_gmt":"2012-07-01T23:43:06","guid":{"rendered":"http:\/\/www.diariofemenino.com.ar\/?p=2252"},"modified":"2012-07-01T20:43:06","modified_gmt":"2012-07-01T23:43:06","slug":"se-declaro-de-interes-social-la-campana-saca-tarjeta-roja-al-maltratador","status":"publish","type":"post","link":"https:\/\/diariofemenino.com.ar\/df\/se-declaro-de-interes-social-la-campana-saca-tarjeta-roja-al-maltratador\/","title":{"rendered":"Se declar\u00f3 de  inter\u00e9s Social la Campa\u00f1a \u201cSaca Tarjeta Roja al Maltratador&#034;"},"content":{"rendered":"<p>&nbsp;<br \/>\n&nbsp;<br \/>\nPor iniciativa de la diputada Mar\u00eda Elena Naddeo (Frente Progresista y Popular) la Legislatura porte\u00f1a\u00a0 declar\u00f3 de\u00a0 inter\u00e9s Social y de Promoci\u00f3n y Difusi\u00f3n de los Derechos Humanos de\u00a0 las Mujeres de la Ciudad Aut\u00f3noma de Buenos Aires, la Campa\u00f1a \u201cSaca Tarjeta Roja al Maltratador Argentina 2011\/2012\u201d.<br \/>\n\u00abLos t\u00e9rminos y alcances de esta Campa\u00f1a, impulsan la reflexi\u00f3n colectiva sobre esta\u00a0 violaci\u00f3n a los derechos humanos que, sin duda alguna, resulta la m\u00e1s antigua y\u00a0 frecuente en el mundo,\u00a0 afectando\u00a0 gravemente las capacidades y posibilidades de desarrollo individual, social y laboral de mujeres, ni\u00f1as y ni\u00f1os\u00bb, expres\u00f3 Naddeo.<br \/>\nY agreg\u00f3: \u00abComo legisladores y legisladoras, sabemos que, si bien la promulgaci\u00f3n de leyes y su reglamentaci\u00f3n indican un avance indispensable, no son suficientes\u00a0 a la hora de resolver esta problem\u00e1tica que nos afecta a todos y todas, sobre todo a las mujeres, ni\u00f1as y ni\u00f1os\u00bb.<br \/>\nLa violencia de g\u00e9nero es un drama antiguo, pero recientemente\u00a0 inclu\u00eddo en la agenda de las pol\u00edticas p\u00fablicas, gracias al esfuerzo y la perseverancia del movimiento de mujeres que en el mundo hacen o\u00edr su voz, acompa\u00f1adas por varones antimachistas y grupos cada vez m\u00e1s visibilizados de la llamada diversidad sexual.<br \/>\nPor ello, \u00abla implementaci\u00f3n de pol\u00edticas p\u00fablicas por parte del gobierno nacional, provincial y municipal, deben profundizar el compromiso asumido en cuestiones de g\u00e9nero, impulsando medidas activas que garanticen los derechos humanos de las mujeres, efectivizando el cumplimiento de\u00a0 las normas que reglamentan su ejercicio y la accesibilidad irrestricta e igualitaria para todos y todas. Alentar iniciativas de calidad y contenido, como la Campa\u00f1a que nos convoca, es parte de ese compromiso\u00bb, finaliz\u00f3 la presidenta de la Comisi\u00f3n de Mujer e Infancia de la Legislatura porte\u00f1a.<br \/>\n<strong>Presentaci\u00f3n oficial de la campa\u00f1a<\/strong><br \/>\nEl Martes 3 de julio a las 18 hs en el AUDITORIO DEL BANCO NACI\u00d3N<br \/>\nRivadavia 325 \u2013 1 Piso \u2013 Ciudad aut\u00f3noma de Buenos Aires<br \/>\n\u00a0Durante la presentaci\u00f3n presentar\u00e1n algunos de los spots de la campa\u00f1a y asistir\u00e1n funcionari@s p\u00fablicos, personalidades de la cultura, el mundo del deporte, periodistas e integrantes del proyecto.<br \/>\nA trav\u00e9s de la difusi\u00f3n de la campa\u00f1a: \u201cSACA TARJETA ROJA AL MALTRATADOR\u201d, EDICI\u00d3N ARGENTINA 2011\/2012,\u00a0 contribuimos al cumplimiento de la agenda de desarrollo de la mujer; promoviendo la Equidad e Igualdad de trato y de oportunidades entre mujeres y varones, dando visibilidad y tratamiento a la violencia de g\u00e9nero.<br \/>\nEl objetivo es comprometer a toda la sociedad para prevenir y denunciar la violencia de g\u00e9nero.<br \/>\nEsta campa\u00f1a, que nace en Espa\u00f1a, es parte del proyecto \u201cJuntas por una vida sin violencia\u201d.<br \/>\nLlega al pa\u00eds de la mano de cuatro mujeres que obtienen los derechos y hoy son coordinadoras del proyecto: Ariela Mancke (Latina Urbana), Ester Mancera (ONG Enlaces territoriales para la equidad de g\u00e9nero), Liliana Hendel (Periodista) y Pilar Garea (Espa\u00f1oles en el mundo).<br \/>\n\u00a0La campa\u00f1a cuenta con el apoyo de la Agencia Espa\u00f1ola de Cooperaci\u00f3n Internacional para el Desarrollo (AECID).<br \/>\n&nbsp;<br \/>\n<a href=\"http:\/\/www.diariofemenino.com.ar\/wp-content\/uploads\/tarjeta-roja.jpg\"><img loading=\"lazy\" decoding=\"async\" class=\"alignleft size-full wp-image-2253\" src=\"http:\/\/www.diariofemenino.com.ar\/wp-content\/uploads\/tarjeta-roja.jpg\" alt=\"\" width=\"612\" height=\"481\" \/><\/a><\/p>\n","protected":false},"excerpt":{"rendered":"<p>&nbsp; &nbsp; Por iniciativa de la diputada Mar\u00eda Elena Naddeo (Frente Progresista y Popular) la Legislatura porte\u00f1a\u00a0 declar\u00f3 de\u00a0 inter\u00e9s Social y de Promoci\u00f3n y Difusi\u00f3n de los Derechos Humanos de\u00a0 las Mujeres de la Ciudad Aut\u00f3noma de Buenos Aires, la Campa\u00f1a \u201cSaca Tarjeta Roja al Maltratador Argentina 2011\/2012\u201d. \u00abLos t\u00e9rminos y alcances de esta [&hellip;]<\/p>\n","protected":false},"author":1,"featured_media":2254,"comment_status":"open","ping_status":"open","sticky":false,"template":"","format":"standard","meta":{"iawp_total_views":2,"footnotes":""},"categories":[4,13],"tags":[],"class_list":["post-2252","post","type-post","status-publish","format-standard","has-post-thumbnail","hentry","category-medios","category-mujeres-sindicalistas"],"nelio_content":{"autoShareEndMode":"never","automationSources":{"useCustomSentences":false,"customSentences":[]},"efiAlt":"","efiUrl":"","followers":[],"highlights":[],"isAutoShareEnabled":true,"networkImageIds":[],"permalinkQueryArgs":[],"series":[],"suggestedReferences":[]},"yoast_head":"<!-- This site is optimized with the Yoast SEO plugin v27.5 - https:\/\/yoast.com\/product\/yoast-seo-wordpress\/ -->\n<title>Se declar\u00f3 de inter\u00e9s Social la Campa\u00f1a \u201cSaca Tarjeta Roja al Maltratador&#034; - Diario Digital Femenino<\/title>\n<meta name=\"robots\" content=\"index, follow, max-snippet:-1, max-image-preview:large, max-video-preview:-1\" \/>\n<link rel=\"canonical\" href=\"https:\/\/diariofemenino.com.ar\/df\/se-declaro-de-interes-social-la-campana-saca-tarjeta-roja-al-maltratador\/\" \/>\n<meta property=\"og:locale\" content=\"es_ES\" \/>\n<meta property=\"og:type\" content=\"article\" \/>\n<meta property=\"og:title\" content=\"Se declar\u00f3 de inter\u00e9s Social la Campa\u00f1a \u201cSaca Tarjeta Roja al Maltratador&#034; - Diario Digital Femenino\" \/>\n<meta property=\"og:description\" content=\"&nbsp; &nbsp; Por iniciativa de la diputada Mar\u00eda Elena Naddeo (Frente Progresista y Popular) la Legislatura porte\u00f1a\u00a0 declar\u00f3 de\u00a0 inter\u00e9s Social y de Promoci\u00f3n y Difusi\u00f3n de los Derechos Humanos de\u00a0 las Mujeres de la Ciudad Aut\u00f3noma de Buenos Aires, la Campa\u00f1a \u201cSaca Tarjeta Roja al Maltratador Argentina 2011\/2012\u201d. \u00abLos t\u00e9rminos y alcances de esta [&hellip;]\" \/>\n<meta property=\"og:url\" content=\"https:\/\/diariofemenino.com.ar\/df\/se-declaro-de-interes-social-la-campana-saca-tarjeta-roja-al-maltratador\/\" \/>\n<meta property=\"og:site_name\" content=\"Diario Digital Femenino\" \/>\n<meta property=\"article:publisher\" content=\"https:\/\/www.facebook.com\/DiarioDigitaFemenino\/\" \/>\n<meta property=\"article:published_time\" content=\"2012-07-01T23:43:06+00:00\" \/>\n<meta property=\"og:image\" content=\"https:\/\/diariofemenino.com.ar\/df\/wp-content\/uploads\/2016\/10\/logo-negro.png\" \/>\n\t<meta property=\"og:image:width\" content=\"855\" \/>\n\t<meta property=\"og:image:height\" content=\"319\" \/>\n\t<meta property=\"og:image:type\" content=\"image\/png\" \/>\n<meta name=\"author\" content=\"Admin\" \/>\n<meta name=\"twitter:card\" content=\"summary_large_image\" \/>\n<meta name=\"twitter:creator\" content=\"@DiarioFemenino1\" \/>\n<meta name=\"twitter:site\" content=\"@DiarioFemenino1\" \/>\n<meta name=\"twitter:label1\" content=\"Escrito por\" \/>\n\t<meta name=\"twitter:data1\" content=\"Admin\" \/>\n\t<meta name=\"twitter:label2\" content=\"Tiempo de lectura\" \/>\n\t<meta name=\"twitter:data2\" content=\"3 minutos\" \/>\n<script type=\"application\/ld+json\" class=\"yoast-schema-graph\">{\"@context\":\"https:\\\/\\\/schema.org\",\"@graph\":[{\"@type\":\"Article\",\"@id\":\"https:\\\/\\\/diariofemenino.com.ar\\\/df\\\/se-declaro-de-interes-social-la-campana-saca-tarjeta-roja-al-maltratador\\\/#article\",\"isPartOf\":{\"@id\":\"https:\\\/\\\/diariofemenino.com.ar\\\/df\\\/se-declaro-de-interes-social-la-campana-saca-tarjeta-roja-al-maltratador\\\/\"},\"author\":{\"name\":\"Admin\",\"@id\":\"https:\\\/\\\/diariofemenino.com.ar\\\/df\\\/#\\\/schema\\\/person\\\/38f54b3bfd13f561de2460ba95c169c6\"},\"headline\":\"Se declar\u00f3 de inter\u00e9s Social la Campa\u00f1a \u201cSaca Tarjeta Roja al Maltratador&#034;\",\"datePublished\":\"2012-07-01T23:43:06+00:00\",\"mainEntityOfPage\":{\"@id\":\"https:\\\/\\\/diariofemenino.com.ar\\\/df\\\/se-declaro-de-interes-social-la-campana-saca-tarjeta-roja-al-maltratador\\\/\"},\"wordCount\":547,\"commentCount\":0,\"publisher\":{\"@id\":\"https:\\\/\\\/diariofemenino.com.ar\\\/df\\\/#organization\"},\"image\":{\"@id\":\"https:\\\/\\\/diariofemenino.com.ar\\\/df\\\/se-declaro-de-interes-social-la-campana-saca-tarjeta-roja-al-maltratador\\\/#primaryimage\"},\"thumbnailUrl\":\"\",\"articleSection\":[\"Medios\",\"Mujeres Sindicalistas\"],\"inLanguage\":\"es\",\"potentialAction\":[{\"@type\":\"CommentAction\",\"name\":\"Comment\",\"target\":[\"https:\\\/\\\/diariofemenino.com.ar\\\/df\\\/se-declaro-de-interes-social-la-campana-saca-tarjeta-roja-al-maltratador\\\/#respond\"]}]},{\"@type\":\"WebPage\",\"@id\":\"https:\\\/\\\/diariofemenino.com.ar\\\/df\\\/se-declaro-de-interes-social-la-campana-saca-tarjeta-roja-al-maltratador\\\/\",\"url\":\"https:\\\/\\\/diariofemenino.com.ar\\\/df\\\/se-declaro-de-interes-social-la-campana-saca-tarjeta-roja-al-maltratador\\\/\",\"name\":\"Se declar\u00f3 de inter\u00e9s Social la Campa\u00f1a \u201cSaca Tarjeta Roja al Maltratador&#034; - Diario Digital Femenino\",\"isPartOf\":{\"@id\":\"https:\\\/\\\/diariofemenino.com.ar\\\/df\\\/#website\"},\"primaryImageOfPage\":{\"@id\":\"https:\\\/\\\/diariofemenino.com.ar\\\/df\\\/se-declaro-de-interes-social-la-campana-saca-tarjeta-roja-al-maltratador\\\/#primaryimage\"},\"image\":{\"@id\":\"https:\\\/\\\/diariofemenino.com.ar\\\/df\\\/se-declaro-de-interes-social-la-campana-saca-tarjeta-roja-al-maltratador\\\/#primaryimage\"},\"thumbnailUrl\":\"\",\"datePublished\":\"2012-07-01T23:43:06+00:00\",\"breadcrumb\":{\"@id\":\"https:\\\/\\\/diariofemenino.com.ar\\\/df\\\/se-declaro-de-interes-social-la-campana-saca-tarjeta-roja-al-maltratador\\\/#breadcrumb\"},\"inLanguage\":\"es\",\"potentialAction\":[{\"@type\":\"ReadAction\",\"target\":[\"https:\\\/\\\/diariofemenino.com.ar\\\/df\\\/se-declaro-de-interes-social-la-campana-saca-tarjeta-roja-al-maltratador\\\/\"]}]},{\"@type\":\"ImageObject\",\"inLanguage\":\"es\",\"@id\":\"https:\\\/\\\/diariofemenino.com.ar\\\/df\\\/se-declaro-de-interes-social-la-campana-saca-tarjeta-roja-al-maltratador\\\/#primaryimage\",\"url\":\"\",\"contentUrl\":\"\"},{\"@type\":\"BreadcrumbList\",\"@id\":\"https:\\\/\\\/diariofemenino.com.ar\\\/df\\\/se-declaro-de-interes-social-la-campana-saca-tarjeta-roja-al-maltratador\\\/#breadcrumb\",\"itemListElement\":[{\"@type\":\"ListItem\",\"position\":1,\"name\":\"Portada\",\"item\":\"https:\\\/\\\/diariofemenino.com.ar\\\/df\\\/\"},{\"@type\":\"ListItem\",\"position\":2,\"name\":\"Se declar\u00f3 de inter\u00e9s Social la Campa\u00f1a \u201cSaca Tarjeta Roja al Maltratador&#034;\"}]},{\"@type\":\"WebSite\",\"@id\":\"https:\\\/\\\/diariofemenino.com.ar\\\/df\\\/#website\",\"url\":\"https:\\\/\\\/diariofemenino.com.ar\\\/df\\\/\",\"name\":\"Diario Digital Femenino\",\"description\":\"Cuesti\u00f3n de G\u00e9nero\",\"publisher\":{\"@id\":\"https:\\\/\\\/diariofemenino.com.ar\\\/df\\\/#organization\"},\"potentialAction\":[{\"@type\":\"SearchAction\",\"target\":{\"@type\":\"EntryPoint\",\"urlTemplate\":\"https:\\\/\\\/diariofemenino.com.ar\\\/df\\\/?s={search_term_string}\"},\"query-input\":{\"@type\":\"PropertyValueSpecification\",\"valueRequired\":true,\"valueName\":\"search_term_string\"}}],\"inLanguage\":\"es\"},{\"@type\":\"Organization\",\"@id\":\"https:\\\/\\\/diariofemenino.com.ar\\\/df\\\/#organization\",\"name\":\"Diario Femenino\",\"url\":\"https:\\\/\\\/diariofemenino.com.ar\\\/df\\\/\",\"logo\":{\"@type\":\"ImageObject\",\"inLanguage\":\"es\",\"@id\":\"https:\\\/\\\/diariofemenino.com.ar\\\/df\\\/#\\\/schema\\\/logo\\\/image\\\/\",\"url\":\"https:\\\/\\\/diariofemenino.com.ar\\\/df\\\/wp-content\\\/uploads\\\/2018\\\/10\\\/logo.png\",\"contentUrl\":\"https:\\\/\\\/diariofemenino.com.ar\\\/df\\\/wp-content\\\/uploads\\\/2018\\\/10\\\/logo.png\",\"width\":500,\"height\":92,\"caption\":\"Diario Femenino\"},\"image\":{\"@id\":\"https:\\\/\\\/diariofemenino.com.ar\\\/df\\\/#\\\/schema\\\/logo\\\/image\\\/\"},\"sameAs\":[\"https:\\\/\\\/www.facebook.com\\\/DiarioDigitaFemenino\\\/\",\"https:\\\/\\\/x.com\\\/DiarioFemenino1\"]},{\"@type\":\"Person\",\"@id\":\"https:\\\/\\\/diariofemenino.com.ar\\\/df\\\/#\\\/schema\\\/person\\\/38f54b3bfd13f561de2460ba95c169c6\",\"name\":\"Admin\",\"image\":{\"@type\":\"ImageObject\",\"inLanguage\":\"es\",\"@id\":\"https:\\\/\\\/diariofemenino.com.ar\\\/df\\\/wp-content\\\/uploads\\\/2018\\\/12\\\/favicon-150x150.jpg\",\"url\":\"https:\\\/\\\/diariofemenino.com.ar\\\/df\\\/wp-content\\\/uploads\\\/2018\\\/12\\\/favicon-150x150.jpg\",\"contentUrl\":\"https:\\\/\\\/diariofemenino.com.ar\\\/df\\\/wp-content\\\/uploads\\\/2018\\\/12\\\/favicon-150x150.jpg\",\"caption\":\"Admin\"},\"url\":\"https:\\\/\\\/diariofemenino.com.ar\\\/df\\\/author\\\/adm18df\\\/\"}]}<\/script>\n<!-- \/ Yoast SEO plugin. -->","yoast_head_json":{"title":"Se declar\u00f3 de inter\u00e9s Social la Campa\u00f1a \u201cSaca Tarjeta Roja al Maltratador&#034; - Diario Digital Femenino","robots":{"index":"index","follow":"follow","max-snippet":"max-snippet:-1","max-image-preview":"max-image-preview:large","max-video-preview":"max-video-preview:-1"},"canonical":"https:\/\/diariofemenino.com.ar\/df\/se-declaro-de-interes-social-la-campana-saca-tarjeta-roja-al-maltratador\/","og_locale":"es_ES","og_type":"article","og_title":"Se declar\u00f3 de inter\u00e9s Social la Campa\u00f1a \u201cSaca Tarjeta Roja al Maltratador&#034; - Diario Digital Femenino","og_description":"&nbsp; &nbsp; Por iniciativa de la diputada Mar\u00eda Elena Naddeo (Frente Progresista y Popular) la Legislatura porte\u00f1a\u00a0 declar\u00f3 de\u00a0 inter\u00e9s Social y de Promoci\u00f3n y Difusi\u00f3n de los Derechos Humanos de\u00a0 las Mujeres de la Ciudad Aut\u00f3noma de Buenos Aires, la Campa\u00f1a \u201cSaca Tarjeta Roja al Maltratador Argentina 2011\/2012\u201d. \u00abLos t\u00e9rminos y alcances de esta [&hellip;]","og_url":"https:\/\/diariofemenino.com.ar\/df\/se-declaro-de-interes-social-la-campana-saca-tarjeta-roja-al-maltratador\/","og_site_name":"Diario Digital Femenino","article_publisher":"https:\/\/www.facebook.com\/DiarioDigitaFemenino\/","article_published_time":"2012-07-01T23:43:06+00:00","og_image":[{"width":855,"height":319,"url":"https:\/\/diariofemenino.com.ar\/df\/wp-content\/uploads\/2016\/10\/logo-negro.png","type":"image\/png"}],"author":"Admin","twitter_card":"summary_large_image","twitter_creator":"@DiarioFemenino1","twitter_site":"@DiarioFemenino1","twitter_misc":{"Escrito por":"Admin","Tiempo de lectura":"3 minutos"},"schema":{"@context":"https:\/\/schema.org","@graph":[{"@type":"Article","@id":"https:\/\/diariofemenino.com.ar\/df\/se-declaro-de-interes-social-la-campana-saca-tarjeta-roja-al-maltratador\/#article","isPartOf":{"@id":"https:\/\/diariofemenino.com.ar\/df\/se-declaro-de-interes-social-la-campana-saca-tarjeta-roja-al-maltratador\/"},"author":{"name":"Admin","@id":"https:\/\/diariofemenino.com.ar\/df\/#\/schema\/person\/38f54b3bfd13f561de2460ba95c169c6"},"headline":"Se declar\u00f3 de inter\u00e9s Social la Campa\u00f1a \u201cSaca Tarjeta Roja al Maltratador&#034;","datePublished":"2012-07-01T23:43:06+00:00","mainEntityOfPage":{"@id":"https:\/\/diariofemenino.com.ar\/df\/se-declaro-de-interes-social-la-campana-saca-tarjeta-roja-al-maltratador\/"},"wordCount":547,"commentCount":0,"publisher":{"@id":"https:\/\/diariofemenino.com.ar\/df\/#organization"},"image":{"@id":"https:\/\/diariofemenino.com.ar\/df\/se-declaro-de-interes-social-la-campana-saca-tarjeta-roja-al-maltratador\/#primaryimage"},"thumbnailUrl":"","articleSection":["Medios","Mujeres Sindicalistas"],"inLanguage":"es","potentialAction":[{"@type":"CommentAction","name":"Comment","target":["https:\/\/diariofemenino.com.ar\/df\/se-declaro-de-interes-social-la-campana-saca-tarjeta-roja-al-maltratador\/#respond"]}]},{"@type":"WebPage","@id":"https:\/\/diariofemenino.com.ar\/df\/se-declaro-de-interes-social-la-campana-saca-tarjeta-roja-al-maltratador\/","url":"https:\/\/diariofemenino.com.ar\/df\/se-declaro-de-interes-social-la-campana-saca-tarjeta-roja-al-maltratador\/","name":"Se declar\u00f3 de inter\u00e9s Social la Campa\u00f1a \u201cSaca Tarjeta Roja al Maltratador&#034; - Diario Digital Femenino","isPartOf":{"@id":"https:\/\/diariofemenino.com.ar\/df\/#website"},"primaryImageOfPage":{"@id":"https:\/\/diariofemenino.com.ar\/df\/se-declaro-de-interes-social-la-campana-saca-tarjeta-roja-al-maltratador\/#primaryimage"},"image":{"@id":"https:\/\/diariofemenino.com.ar\/df\/se-declaro-de-interes-social-la-campana-saca-tarjeta-roja-al-maltratador\/#primaryimage"},"thumbnailUrl":"","datePublished":"2012-07-01T23:43:06+00:00","breadcrumb":{"@id":"https:\/\/diariofemenino.com.ar\/df\/se-declaro-de-interes-social-la-campana-saca-tarjeta-roja-al-maltratador\/#breadcrumb"},"inLanguage":"es","potentialAction":[{"@type":"ReadAction","target":["https:\/\/diariofemenino.com.ar\/df\/se-declaro-de-interes-social-la-campana-saca-tarjeta-roja-al-maltratador\/"]}]},{"@type":"ImageObject","inLanguage":"es","@id":"https:\/\/diariofemenino.com.ar\/df\/se-declaro-de-interes-social-la-campana-saca-tarjeta-roja-al-maltratador\/#primaryimage","url":"","contentUrl":""},{"@type":"BreadcrumbList","@id":"https:\/\/diariofemenino.com.ar\/df\/se-declaro-de-interes-social-la-campana-saca-tarjeta-roja-al-maltratador\/#breadcrumb","itemListElement":[{"@type":"ListItem","position":1,"name":"Portada","item":"https:\/\/diariofemenino.com.ar\/df\/"},{"@type":"ListItem","position":2,"name":"Se declar\u00f3 de inter\u00e9s Social la Campa\u00f1a \u201cSaca Tarjeta Roja al Maltratador&#034;"}]},{"@type":"WebSite","@id":"https:\/\/diariofemenino.com.ar\/df\/#website","url":"https:\/\/diariofemenino.com.ar\/df\/","name":"Diario Digital Femenino","description":"Cuesti\u00f3n de G\u00e9nero","publisher":{"@id":"https:\/\/diariofemenino.com.ar\/df\/#organization"},"potentialAction":[{"@type":"SearchAction","target":{"@type":"EntryPoint","urlTemplate":"https:\/\/diariofemenino.com.ar\/df\/?s={search_term_string}"},"query-input":{"@type":"PropertyValueSpecification","valueRequired":true,"valueName":"search_term_string"}}],"inLanguage":"es"},{"@type":"Organization","@id":"https:\/\/diariofemenino.com.ar\/df\/#organization","name":"Diario Femenino","url":"https:\/\/diariofemenino.com.ar\/df\/","logo":{"@type":"ImageObject","inLanguage":"es","@id":"https:\/\/diariofemenino.com.ar\/df\/#\/schema\/logo\/image\/","url":"https:\/\/diariofemenino.com.ar\/df\/wp-content\/uploads\/2018\/10\/logo.png","contentUrl":"https:\/\/diariofemenino.com.ar\/df\/wp-content\/uploads\/2018\/10\/logo.png","width":500,"height":92,"caption":"Diario Femenino"},"image":{"@id":"https:\/\/diariofemenino.com.ar\/df\/#\/schema\/logo\/image\/"},"sameAs":["https:\/\/www.facebook.com\/DiarioDigitaFemenino\/","https:\/\/x.com\/DiarioFemenino1"]},{"@type":"Person","@id":"https:\/\/diariofemenino.com.ar\/df\/#\/schema\/person\/38f54b3bfd13f561de2460ba95c169c6","name":"Admin","image":{"@type":"ImageObject","inLanguage":"es","@id":"https:\/\/diariofemenino.com.ar\/df\/wp-content\/uploads\/2018\/12\/favicon-150x150.jpg","url":"https:\/\/diariofemenino.com.ar\/df\/wp-content\/uploads\/2018\/12\/favicon-150x150.jpg","contentUrl":"https:\/\/diariofemenino.com.ar\/df\/wp-content\/uploads\/2018\/12\/favicon-150x150.jpg","caption":"Admin"},"url":"https:\/\/diariofemenino.com.ar\/df\/author\/adm18df\/"}]}},"jetpack_featured_media_url":"","jetpack_sharing_enabled":true,"rttpg_featured_image_url":null,"rttpg_author":{"display_name":"Admin","author_link":"https:\/\/diariofemenino.com.ar\/df\/author\/adm18df\/"},"rttpg_comment":0,"rttpg_category":"<a href=\"https:\/\/diariofemenino.com.ar\/df\/category\/medios\/\" rel=\"category tag\">Medios<\/a> <a href=\"https:\/\/diariofemenino.com.ar\/df\/category\/mujeres-sindicalistas\/\" rel=\"category tag\">Mujeres Sindicalistas<\/a>","rttpg_excerpt":"&nbsp; &nbsp; Por iniciativa de la diputada Mar\u00eda Elena Naddeo (Frente Progresista y Popular) la Legislatura porte\u00f1a\u00a0 declar\u00f3 de\u00a0 inter\u00e9s Social y de Promoci\u00f3n y Difusi\u00f3n de los Derechos Humanos de\u00a0 las Mujeres de la Ciudad Aut\u00f3noma de Buenos Aires, la Campa\u00f1a \u201cSaca Tarjeta Roja al Maltratador Argentina 2011\/2012\u201d. \u00abLos t\u00e9rminos y alcances de esta&hellip;","_links":{"self":[{"href":"https:\/\/diariofemenino.com.ar\/df\/wp-json\/wp\/v2\/posts\/2252","targetHints":{"allow":["GET"]}}],"collection":[{"href":"https:\/\/diariofemenino.com.ar\/df\/wp-json\/wp\/v2\/posts"}],"about":[{"href":"https:\/\/diariofemenino.com.ar\/df\/wp-json\/wp\/v2\/types\/post"}],"author":[{"embeddable":true,"href":"https:\/\/diariofemenino.com.ar\/df\/wp-json\/wp\/v2\/users\/1"}],"replies":[{"embeddable":true,"href":"https:\/\/diariofemenino.com.ar\/df\/wp-json\/wp\/v2\/comments?post=2252"}],"version-history":[{"count":0,"href":"https:\/\/diariofemenino.com.ar\/df\/wp-json\/wp\/v2\/posts\/2252\/revisions"}],"wp:featuredmedia":[{"embeddable":true,"href":"https:\/\/diariofemenino.com.ar\/df\/wp-json\/"}],"wp:attachment":[{"href":"https:\/\/diariofemenino.com.ar\/df\/wp-json\/wp\/v2\/media?parent=2252"}],"wp:term":[{"taxonomy":"category","embeddable":true,"href":"https:\/\/diariofemenino.com.ar\/df\/wp-json\/wp\/v2\/categories?post=2252"},{"taxonomy":"post_tag","embeddable":true,"href":"https:\/\/diariofemenino.com.ar\/df\/wp-json\/wp\/v2\/tags?post=2252"}],"curies":[{"name":"wp","href":"https:\/\/api.w.org\/{rel}","templated":true}]}}