{"id":2248,"date":"2012-07-01T18:42:50","date_gmt":"2012-07-01T21:42:50","guid":{"rendered":"http:\/\/www.diariofemenino.com.ar\/?p=2248"},"modified":"2012-07-01T18:42:50","modified_gmt":"2012-07-01T21:42:50","slug":"francia-legalizara-el-matrimonio-homosexual-en-2013","status":"publish","type":"post","link":"https:\/\/diariofemenino.com.ar\/df\/francia-legalizara-el-matrimonio-homosexual-en-2013\/","title":{"rendered":"Francia legalizar\u00e1 el matrimonio homosexual en 2013"},"content":{"rendered":"<p>&nbsp;<br \/>\n&nbsp;<br \/>\n&nbsp;<br \/>\n<em>\u00abEn un a\u00f1o, la gente del mismo sexo podr\u00e1 casarse y adoptar ni\u00f1os\u00bb, dijo Dominique Bertinotti, secretario de Estado para las familias, al diario Le Parisien. \u00abTendr\u00e1n los mismos derechos y obligaciones que cualquier otra pareja casada\u00bb, manifest\u00f3.<\/em><br \/>\n<strong>Par\u00eds.<\/strong> El nuevo gobierno socialista de Francia legalizar\u00e1 los matrimonios entre personas del mismo sexo el a\u00f1o pr\u00f3ximo, dijo el viernes un secretario de Estado, reflejando un cambio en las actitudes p\u00fablicas de una naci\u00f3n de mayor\u00eda cat\u00f3lica.<br \/>\nEl presidente Fran\u00e7ois Hollande, que tomo posesi\u00f3n en mayo, prometi\u00f3 que legalizar\u00eda las bodas y las adopciones de parejas gays, pero no dio ning\u00fan plazo.<\/p>\n<div>Desde que los socialistas de Hollande obtuvieron la mayor\u00eda absoluta en las elecciones parlamentarias de hace dos semanas, el partido conservador UMP, que bajo el liderazgo del ex presidente Nicolas Sarkozy se hab\u00eda opuesto a la medida, poco puede hacer para detenerla.<\/div>\n<p>\u00abEn un a\u00f1o, la gente del mismo sexo podr\u00e1 casarse y adoptar ni\u00f1os\u00bb, dijo Dominique Bertinotti, secretario de Estado para las familias, al diario Le Parisien. \u00abTendr\u00e1n los mismos derechos y obligaciones que cualquier otra pareja casada\u00bb, manifest\u00f3.<br \/>\nUna ley que garantice el estatus de matrimonio para las parejas gays situar\u00eda a Francia, que actualmente s\u00f3lo autoriza uniones civiles del mismo sexo, en la l\u00ednea de otros pa\u00edses de la Uni\u00f3n Europea como Dinamarca, Portugal, Espa\u00f1a, B\u00e9lgica, Holanda y Suecia.<br \/>\nTambi\u00e9n supondr\u00eda un profundo cambio en la sociedad francesa, donde m\u00e1s de dos tercios se declaran cat\u00f3licos, seg\u00fan una encuesta de Ifop de 2010.<br \/>\nSin embargo, cada vez menos gente se adhiere a las estrictas normas de la Iglesia sobre asuntos sexuales o respalda la condena de la homosexualidad por parte del Vaticano.<br \/>\nA\u00fan as\u00ed, los defensores de los derechos de los gays aseguran que la homosexualidad sigue siendo tab\u00fa en muchas \u00e1reas de la vida p\u00fablica. Los medios suelen utilizar eufemismos como \u00absoltero a largo plazo\u00bb para referirse a alguien que es gay.<br \/>\n\u00abA\u00fan hoy sigue siendo muy dif\u00edcil llamar a las cosas por su nombre, como si declararse homosexual en p\u00fablico fuera violar un tab\u00fa\u00bb, escribi\u00f3 un grupo de profesionales homosexuales en una columna de opini\u00f3n del diario Le Monde el viernes, la v\u00edspera del Desfile del Orgullo Gay en Par\u00eds.<br \/>\nUna ley del matrimonio homosexual impulsar\u00eda las credenciales de Hollande como agente del cambio social en l\u00ednea con el \u00faltimo presidente socialista del pa\u00eds, Fran\u00e7ois Mitterrand, que design\u00f3 a la primera ministra y revoc\u00f3 la pena de muerte.<br \/>\nHollande tuvo cuatro hijos sin casarse con su ex pareja, su compa\u00f1era socialista Segol\u00e8ne Royal. A\u00fan as\u00ed, hay cierta oposici\u00f3n por parte de los conservadores y cat\u00f3licos practicantes.<br \/>\n\u00abEstamos convencidos de que el desarrollo de los j\u00f3venes requiere la presencia de un padre y una madre\u00bb, dijo Thierry Vidor, l\u00edder del grupo Familias de Francia, que representa a 70.000 familias y pugna por los derechos de las familias tradicionales.<br \/>\n\u00abTomaremos partido para intentar demostrar que esta medida es en \u00faltimo t\u00e9rmino peligrosa para la sociedad\u00bb, declar\u00f3.<br \/>\n&nbsp;<br \/>\nFuente:\u00a0 <a href=\"http:\/\/www.americaeconomia.com\/politica-sociedad\/politica\/francia-legalizara-el-matrimonio-homosexual-en-2013\">Am\u00e9ricaEconom\u00eda<\/a><br \/>\n&nbsp;<br \/>\n&nbsp;<\/p>\n","protected":false},"excerpt":{"rendered":"<p>&nbsp; &nbsp; &nbsp; \u00abEn un a\u00f1o, la gente del mismo sexo podr\u00e1 casarse y adoptar ni\u00f1os\u00bb, dijo Dominique Bertinotti, secretario de Estado para las familias, al diario Le Parisien. \u00abTendr\u00e1n los mismos derechos y obligaciones que cualquier otra pareja casada\u00bb, manifest\u00f3. Par\u00eds. El nuevo gobierno socialista de Francia legalizar\u00e1 los matrimonios entre personas del mismo [&hellip;]<\/p>\n","protected":false},"author":1,"featured_media":2249,"comment_status":"open","ping_status":"open","sticky":false,"template":"","format":"standard","meta":{"iawp_total_views":2,"footnotes":""},"categories":[4,21],"tags":[],"class_list":["post-2248","post","type-post","status-publish","format-standard","has-post-thumbnail","hentry","category-medios","category-noticias"],"nelio_content":{"autoShareEndMode":"never","automationSources":{"useCustomSentences":false,"customSentences":[]},"efiAlt":"","efiUrl":"","followers":[],"highlights":[],"isAutoShareEnabled":true,"networkImageIds":[],"permalinkQueryArgs":[],"series":[],"suggestedReferences":[]},"yoast_head":"<!-- This site is optimized with the Yoast SEO plugin v27.5 - https:\/\/yoast.com\/product\/yoast-seo-wordpress\/ -->\n<title>Francia legalizar\u00e1 el matrimonio homosexual en 2013 - Diario Digital Femenino<\/title>\n<meta name=\"robots\" content=\"index, follow, max-snippet:-1, max-image-preview:large, max-video-preview:-1\" \/>\n<link rel=\"canonical\" href=\"https:\/\/diariofemenino.com.ar\/df\/francia-legalizara-el-matrimonio-homosexual-en-2013\/\" \/>\n<meta property=\"og:locale\" content=\"es_ES\" \/>\n<meta property=\"og:type\" content=\"article\" \/>\n<meta property=\"og:title\" content=\"Francia legalizar\u00e1 el matrimonio homosexual en 2013 - Diario Digital Femenino\" \/>\n<meta property=\"og:description\" content=\"&nbsp; &nbsp; &nbsp; \u00abEn un a\u00f1o, la gente del mismo sexo podr\u00e1 casarse y adoptar ni\u00f1os\u00bb, dijo Dominique Bertinotti, secretario de Estado para las familias, al diario Le Parisien. \u00abTendr\u00e1n los mismos derechos y obligaciones que cualquier otra pareja casada\u00bb, manifest\u00f3. Par\u00eds. El nuevo gobierno socialista de Francia legalizar\u00e1 los matrimonios entre personas del mismo [&hellip;]\" \/>\n<meta property=\"og:url\" content=\"https:\/\/diariofemenino.com.ar\/df\/francia-legalizara-el-matrimonio-homosexual-en-2013\/\" \/>\n<meta property=\"og:site_name\" content=\"Diario Digital Femenino\" \/>\n<meta property=\"article:publisher\" content=\"https:\/\/www.facebook.com\/DiarioDigitaFemenino\/\" \/>\n<meta property=\"article:published_time\" content=\"2012-07-01T21:42:50+00:00\" \/>\n<meta property=\"og:image\" content=\"https:\/\/diariofemenino.com.ar\/df\/wp-content\/uploads\/2016\/10\/logo-negro.png\" \/>\n\t<meta property=\"og:image:width\" content=\"855\" \/>\n\t<meta property=\"og:image:height\" content=\"319\" \/>\n\t<meta property=\"og:image:type\" content=\"image\/png\" \/>\n<meta name=\"author\" content=\"Admin\" \/>\n<meta name=\"twitter:card\" content=\"summary_large_image\" \/>\n<meta name=\"twitter:creator\" content=\"@DiarioFemenino1\" \/>\n<meta name=\"twitter:site\" content=\"@DiarioFemenino1\" \/>\n<meta name=\"twitter:label1\" content=\"Escrito por\" \/>\n\t<meta name=\"twitter:data1\" content=\"Admin\" \/>\n\t<meta name=\"twitter:label2\" content=\"Tiempo de lectura\" \/>\n\t<meta name=\"twitter:data2\" content=\"3 minutos\" \/>\n<script type=\"application\/ld+json\" class=\"yoast-schema-graph\">{\"@context\":\"https:\\\/\\\/schema.org\",\"@graph\":[{\"@type\":\"Article\",\"@id\":\"https:\\\/\\\/diariofemenino.com.ar\\\/df\\\/francia-legalizara-el-matrimonio-homosexual-en-2013\\\/#article\",\"isPartOf\":{\"@id\":\"https:\\\/\\\/diariofemenino.com.ar\\\/df\\\/francia-legalizara-el-matrimonio-homosexual-en-2013\\\/\"},\"author\":{\"name\":\"Admin\",\"@id\":\"https:\\\/\\\/diariofemenino.com.ar\\\/df\\\/#\\\/schema\\\/person\\\/38f54b3bfd13f561de2460ba95c169c6\"},\"headline\":\"Francia legalizar\u00e1 el matrimonio homosexual en 2013\",\"datePublished\":\"2012-07-01T21:42:50+00:00\",\"mainEntityOfPage\":{\"@id\":\"https:\\\/\\\/diariofemenino.com.ar\\\/df\\\/francia-legalizara-el-matrimonio-homosexual-en-2013\\\/\"},\"wordCount\":555,\"commentCount\":0,\"publisher\":{\"@id\":\"https:\\\/\\\/diariofemenino.com.ar\\\/df\\\/#organization\"},\"image\":{\"@id\":\"https:\\\/\\\/diariofemenino.com.ar\\\/df\\\/francia-legalizara-el-matrimonio-homosexual-en-2013\\\/#primaryimage\"},\"thumbnailUrl\":\"\",\"articleSection\":[\"Medios\",\"Noticias\"],\"inLanguage\":\"es\",\"potentialAction\":[{\"@type\":\"CommentAction\",\"name\":\"Comment\",\"target\":[\"https:\\\/\\\/diariofemenino.com.ar\\\/df\\\/francia-legalizara-el-matrimonio-homosexual-en-2013\\\/#respond\"]}]},{\"@type\":\"WebPage\",\"@id\":\"https:\\\/\\\/diariofemenino.com.ar\\\/df\\\/francia-legalizara-el-matrimonio-homosexual-en-2013\\\/\",\"url\":\"https:\\\/\\\/diariofemenino.com.ar\\\/df\\\/francia-legalizara-el-matrimonio-homosexual-en-2013\\\/\",\"name\":\"Francia legalizar\u00e1 el matrimonio homosexual en 2013 - Diario Digital Femenino\",\"isPartOf\":{\"@id\":\"https:\\\/\\\/diariofemenino.com.ar\\\/df\\\/#website\"},\"primaryImageOfPage\":{\"@id\":\"https:\\\/\\\/diariofemenino.com.ar\\\/df\\\/francia-legalizara-el-matrimonio-homosexual-en-2013\\\/#primaryimage\"},\"image\":{\"@id\":\"https:\\\/\\\/diariofemenino.com.ar\\\/df\\\/francia-legalizara-el-matrimonio-homosexual-en-2013\\\/#primaryimage\"},\"thumbnailUrl\":\"\",\"datePublished\":\"2012-07-01T21:42:50+00:00\",\"breadcrumb\":{\"@id\":\"https:\\\/\\\/diariofemenino.com.ar\\\/df\\\/francia-legalizara-el-matrimonio-homosexual-en-2013\\\/#breadcrumb\"},\"inLanguage\":\"es\",\"potentialAction\":[{\"@type\":\"ReadAction\",\"target\":[\"https:\\\/\\\/diariofemenino.com.ar\\\/df\\\/francia-legalizara-el-matrimonio-homosexual-en-2013\\\/\"]}]},{\"@type\":\"ImageObject\",\"inLanguage\":\"es\",\"@id\":\"https:\\\/\\\/diariofemenino.com.ar\\\/df\\\/francia-legalizara-el-matrimonio-homosexual-en-2013\\\/#primaryimage\",\"url\":\"\",\"contentUrl\":\"\"},{\"@type\":\"BreadcrumbList\",\"@id\":\"https:\\\/\\\/diariofemenino.com.ar\\\/df\\\/francia-legalizara-el-matrimonio-homosexual-en-2013\\\/#breadcrumb\",\"itemListElement\":[{\"@type\":\"ListItem\",\"position\":1,\"name\":\"Portada\",\"item\":\"https:\\\/\\\/diariofemenino.com.ar\\\/df\\\/\"},{\"@type\":\"ListItem\",\"position\":2,\"name\":\"Francia legalizar\u00e1 el matrimonio homosexual en 2013\"}]},{\"@type\":\"WebSite\",\"@id\":\"https:\\\/\\\/diariofemenino.com.ar\\\/df\\\/#website\",\"url\":\"https:\\\/\\\/diariofemenino.com.ar\\\/df\\\/\",\"name\":\"Diario Digital Femenino\",\"description\":\"Cuesti\u00f3n de G\u00e9nero\",\"publisher\":{\"@id\":\"https:\\\/\\\/diariofemenino.com.ar\\\/df\\\/#organization\"},\"potentialAction\":[{\"@type\":\"SearchAction\",\"target\":{\"@type\":\"EntryPoint\",\"urlTemplate\":\"https:\\\/\\\/diariofemenino.com.ar\\\/df\\\/?s={search_term_string}\"},\"query-input\":{\"@type\":\"PropertyValueSpecification\",\"valueRequired\":true,\"valueName\":\"search_term_string\"}}],\"inLanguage\":\"es\"},{\"@type\":\"Organization\",\"@id\":\"https:\\\/\\\/diariofemenino.com.ar\\\/df\\\/#organization\",\"name\":\"Diario Femenino\",\"url\":\"https:\\\/\\\/diariofemenino.com.ar\\\/df\\\/\",\"logo\":{\"@type\":\"ImageObject\",\"inLanguage\":\"es\",\"@id\":\"https:\\\/\\\/diariofemenino.com.ar\\\/df\\\/#\\\/schema\\\/logo\\\/image\\\/\",\"url\":\"https:\\\/\\\/diariofemenino.com.ar\\\/df\\\/wp-content\\\/uploads\\\/2018\\\/10\\\/logo.png\",\"contentUrl\":\"https:\\\/\\\/diariofemenino.com.ar\\\/df\\\/wp-content\\\/uploads\\\/2018\\\/10\\\/logo.png\",\"width\":500,\"height\":92,\"caption\":\"Diario Femenino\"},\"image\":{\"@id\":\"https:\\\/\\\/diariofemenino.com.ar\\\/df\\\/#\\\/schema\\\/logo\\\/image\\\/\"},\"sameAs\":[\"https:\\\/\\\/www.facebook.com\\\/DiarioDigitaFemenino\\\/\",\"https:\\\/\\\/x.com\\\/DiarioFemenino1\"]},{\"@type\":\"Person\",\"@id\":\"https:\\\/\\\/diariofemenino.com.ar\\\/df\\\/#\\\/schema\\\/person\\\/38f54b3bfd13f561de2460ba95c169c6\",\"name\":\"Admin\",\"image\":{\"@type\":\"ImageObject\",\"inLanguage\":\"es\",\"@id\":\"https:\\\/\\\/diariofemenino.com.ar\\\/df\\\/wp-content\\\/uploads\\\/2018\\\/12\\\/favicon-150x150.jpg\",\"url\":\"https:\\\/\\\/diariofemenino.com.ar\\\/df\\\/wp-content\\\/uploads\\\/2018\\\/12\\\/favicon-150x150.jpg\",\"contentUrl\":\"https:\\\/\\\/diariofemenino.com.ar\\\/df\\\/wp-content\\\/uploads\\\/2018\\\/12\\\/favicon-150x150.jpg\",\"caption\":\"Admin\"},\"url\":\"https:\\\/\\\/diariofemenino.com.ar\\\/df\\\/author\\\/adm18df\\\/\"}]}<\/script>\n<!-- \/ Yoast SEO plugin. -->","yoast_head_json":{"title":"Francia legalizar\u00e1 el matrimonio homosexual en 2013 - Diario Digital Femenino","robots":{"index":"index","follow":"follow","max-snippet":"max-snippet:-1","max-image-preview":"max-image-preview:large","max-video-preview":"max-video-preview:-1"},"canonical":"https:\/\/diariofemenino.com.ar\/df\/francia-legalizara-el-matrimonio-homosexual-en-2013\/","og_locale":"es_ES","og_type":"article","og_title":"Francia legalizar\u00e1 el matrimonio homosexual en 2013 - Diario Digital Femenino","og_description":"&nbsp; &nbsp; &nbsp; \u00abEn un a\u00f1o, la gente del mismo sexo podr\u00e1 casarse y adoptar ni\u00f1os\u00bb, dijo Dominique Bertinotti, secretario de Estado para las familias, al diario Le Parisien. \u00abTendr\u00e1n los mismos derechos y obligaciones que cualquier otra pareja casada\u00bb, manifest\u00f3. Par\u00eds. El nuevo gobierno socialista de Francia legalizar\u00e1 los matrimonios entre personas del mismo [&hellip;]","og_url":"https:\/\/diariofemenino.com.ar\/df\/francia-legalizara-el-matrimonio-homosexual-en-2013\/","og_site_name":"Diario Digital Femenino","article_publisher":"https:\/\/www.facebook.com\/DiarioDigitaFemenino\/","article_published_time":"2012-07-01T21:42:50+00:00","og_image":[{"width":855,"height":319,"url":"https:\/\/diariofemenino.com.ar\/df\/wp-content\/uploads\/2016\/10\/logo-negro.png","type":"image\/png"}],"author":"Admin","twitter_card":"summary_large_image","twitter_creator":"@DiarioFemenino1","twitter_site":"@DiarioFemenino1","twitter_misc":{"Escrito por":"Admin","Tiempo de lectura":"3 minutos"},"schema":{"@context":"https:\/\/schema.org","@graph":[{"@type":"Article","@id":"https:\/\/diariofemenino.com.ar\/df\/francia-legalizara-el-matrimonio-homosexual-en-2013\/#article","isPartOf":{"@id":"https:\/\/diariofemenino.com.ar\/df\/francia-legalizara-el-matrimonio-homosexual-en-2013\/"},"author":{"name":"Admin","@id":"https:\/\/diariofemenino.com.ar\/df\/#\/schema\/person\/38f54b3bfd13f561de2460ba95c169c6"},"headline":"Francia legalizar\u00e1 el matrimonio homosexual en 2013","datePublished":"2012-07-01T21:42:50+00:00","mainEntityOfPage":{"@id":"https:\/\/diariofemenino.com.ar\/df\/francia-legalizara-el-matrimonio-homosexual-en-2013\/"},"wordCount":555,"commentCount":0,"publisher":{"@id":"https:\/\/diariofemenino.com.ar\/df\/#organization"},"image":{"@id":"https:\/\/diariofemenino.com.ar\/df\/francia-legalizara-el-matrimonio-homosexual-en-2013\/#primaryimage"},"thumbnailUrl":"","articleSection":["Medios","Noticias"],"inLanguage":"es","potentialAction":[{"@type":"CommentAction","name":"Comment","target":["https:\/\/diariofemenino.com.ar\/df\/francia-legalizara-el-matrimonio-homosexual-en-2013\/#respond"]}]},{"@type":"WebPage","@id":"https:\/\/diariofemenino.com.ar\/df\/francia-legalizara-el-matrimonio-homosexual-en-2013\/","url":"https:\/\/diariofemenino.com.ar\/df\/francia-legalizara-el-matrimonio-homosexual-en-2013\/","name":"Francia legalizar\u00e1 el matrimonio homosexual en 2013 - Diario Digital Femenino","isPartOf":{"@id":"https:\/\/diariofemenino.com.ar\/df\/#website"},"primaryImageOfPage":{"@id":"https:\/\/diariofemenino.com.ar\/df\/francia-legalizara-el-matrimonio-homosexual-en-2013\/#primaryimage"},"image":{"@id":"https:\/\/diariofemenino.com.ar\/df\/francia-legalizara-el-matrimonio-homosexual-en-2013\/#primaryimage"},"thumbnailUrl":"","datePublished":"2012-07-01T21:42:50+00:00","breadcrumb":{"@id":"https:\/\/diariofemenino.com.ar\/df\/francia-legalizara-el-matrimonio-homosexual-en-2013\/#breadcrumb"},"inLanguage":"es","potentialAction":[{"@type":"ReadAction","target":["https:\/\/diariofemenino.com.ar\/df\/francia-legalizara-el-matrimonio-homosexual-en-2013\/"]}]},{"@type":"ImageObject","inLanguage":"es","@id":"https:\/\/diariofemenino.com.ar\/df\/francia-legalizara-el-matrimonio-homosexual-en-2013\/#primaryimage","url":"","contentUrl":""},{"@type":"BreadcrumbList","@id":"https:\/\/diariofemenino.com.ar\/df\/francia-legalizara-el-matrimonio-homosexual-en-2013\/#breadcrumb","itemListElement":[{"@type":"ListItem","position":1,"name":"Portada","item":"https:\/\/diariofemenino.com.ar\/df\/"},{"@type":"ListItem","position":2,"name":"Francia legalizar\u00e1 el matrimonio homosexual en 2013"}]},{"@type":"WebSite","@id":"https:\/\/diariofemenino.com.ar\/df\/#website","url":"https:\/\/diariofemenino.com.ar\/df\/","name":"Diario Digital Femenino","description":"Cuesti\u00f3n de G\u00e9nero","publisher":{"@id":"https:\/\/diariofemenino.com.ar\/df\/#organization"},"potentialAction":[{"@type":"SearchAction","target":{"@type":"EntryPoint","urlTemplate":"https:\/\/diariofemenino.com.ar\/df\/?s={search_term_string}"},"query-input":{"@type":"PropertyValueSpecification","valueRequired":true,"valueName":"search_term_string"}}],"inLanguage":"es"},{"@type":"Organization","@id":"https:\/\/diariofemenino.com.ar\/df\/#organization","name":"Diario Femenino","url":"https:\/\/diariofemenino.com.ar\/df\/","logo":{"@type":"ImageObject","inLanguage":"es","@id":"https:\/\/diariofemenino.com.ar\/df\/#\/schema\/logo\/image\/","url":"https:\/\/diariofemenino.com.ar\/df\/wp-content\/uploads\/2018\/10\/logo.png","contentUrl":"https:\/\/diariofemenino.com.ar\/df\/wp-content\/uploads\/2018\/10\/logo.png","width":500,"height":92,"caption":"Diario Femenino"},"image":{"@id":"https:\/\/diariofemenino.com.ar\/df\/#\/schema\/logo\/image\/"},"sameAs":["https:\/\/www.facebook.com\/DiarioDigitaFemenino\/","https:\/\/x.com\/DiarioFemenino1"]},{"@type":"Person","@id":"https:\/\/diariofemenino.com.ar\/df\/#\/schema\/person\/38f54b3bfd13f561de2460ba95c169c6","name":"Admin","image":{"@type":"ImageObject","inLanguage":"es","@id":"https:\/\/diariofemenino.com.ar\/df\/wp-content\/uploads\/2018\/12\/favicon-150x150.jpg","url":"https:\/\/diariofemenino.com.ar\/df\/wp-content\/uploads\/2018\/12\/favicon-150x150.jpg","contentUrl":"https:\/\/diariofemenino.com.ar\/df\/wp-content\/uploads\/2018\/12\/favicon-150x150.jpg","caption":"Admin"},"url":"https:\/\/diariofemenino.com.ar\/df\/author\/adm18df\/"}]}},"jetpack_featured_media_url":"","jetpack_sharing_enabled":true,"rttpg_featured_image_url":null,"rttpg_author":{"display_name":"Admin","author_link":"https:\/\/diariofemenino.com.ar\/df\/author\/adm18df\/"},"rttpg_comment":0,"rttpg_category":"<a href=\"https:\/\/diariofemenino.com.ar\/df\/category\/medios\/\" rel=\"category tag\">Medios<\/a> <a href=\"https:\/\/diariofemenino.com.ar\/df\/category\/noticias\/\" rel=\"category tag\">Noticias<\/a>","rttpg_excerpt":"&nbsp; &nbsp; &nbsp; \u00abEn un a\u00f1o, la gente del mismo sexo podr\u00e1 casarse y adoptar ni\u00f1os\u00bb, dijo Dominique Bertinotti, secretario de Estado para las familias, al diario Le Parisien. \u00abTendr\u00e1n los mismos derechos y obligaciones que cualquier otra pareja casada\u00bb, manifest\u00f3. Par\u00eds. El nuevo gobierno socialista de Francia legalizar\u00e1 los matrimonios entre personas del mismo&hellip;","_links":{"self":[{"href":"https:\/\/diariofemenino.com.ar\/df\/wp-json\/wp\/v2\/posts\/2248","targetHints":{"allow":["GET"]}}],"collection":[{"href":"https:\/\/diariofemenino.com.ar\/df\/wp-json\/wp\/v2\/posts"}],"about":[{"href":"https:\/\/diariofemenino.com.ar\/df\/wp-json\/wp\/v2\/types\/post"}],"author":[{"embeddable":true,"href":"https:\/\/diariofemenino.com.ar\/df\/wp-json\/wp\/v2\/users\/1"}],"replies":[{"embeddable":true,"href":"https:\/\/diariofemenino.com.ar\/df\/wp-json\/wp\/v2\/comments?post=2248"}],"version-history":[{"count":0,"href":"https:\/\/diariofemenino.com.ar\/df\/wp-json\/wp\/v2\/posts\/2248\/revisions"}],"wp:featuredmedia":[{"embeddable":true,"href":"https:\/\/diariofemenino.com.ar\/df\/wp-json\/"}],"wp:attachment":[{"href":"https:\/\/diariofemenino.com.ar\/df\/wp-json\/wp\/v2\/media?parent=2248"}],"wp:term":[{"taxonomy":"category","embeddable":true,"href":"https:\/\/diariofemenino.com.ar\/df\/wp-json\/wp\/v2\/categories?post=2248"},{"taxonomy":"post_tag","embeddable":true,"href":"https:\/\/diariofemenino.com.ar\/df\/wp-json\/wp\/v2\/tags?post=2248"}],"curies":[{"name":"wp","href":"https:\/\/api.w.org\/{rel}","templated":true}]}}