{"id":2219,"date":"2012-06-30T16:51:56","date_gmt":"2012-06-30T19:51:56","guid":{"rendered":"http:\/\/www.diariofemenino.com.ar\/?p=2219"},"modified":"2012-06-30T16:51:56","modified_gmt":"2012-06-30T19:51:56","slug":"programa-nacional-de-rescate-y-acompanamiento-a-las-personas-damnificadas-por-el-delito-de-trata","status":"publish","type":"post","link":"https:\/\/diariofemenino.com.ar\/df\/programa-nacional-de-rescate-y-acompanamiento-a-las-personas-damnificadas-por-el-delito-de-trata\/","title":{"rendered":"Programa Nacional de Rescate y Acompa\u00f1amiento a las Personas Damnificadas por el Delito de Trata"},"content":{"rendered":"<p>&nbsp;<br \/>\n&nbsp;<br \/>\n&nbsp;<br \/>\n&nbsp;<br \/>\nLa Rep\u00fablica Argentina cuenta con la \u201cOficina de Rescate y Acompa\u00f1amiento a las Personas Damnificadas por el Delito de Trata\u201d, creada en agosto del a\u00f1o 2008, en mayo de 2012 por Resoluci\u00f3n 731 adquiere el status de Programa Nacional\u00a0 &#8211;Programa Nacional de Rescate y Acompa\u00f1amiento a las Personas Damnificadas por el Delito de Trata&#8211; \u00a0que centraliza toda actividad referida a prevenci\u00f3n e investigaci\u00f3n del delito de Trata de Personas, como as\u00ed tambi\u00e9n el acompa\u00f1amiento, asistencia psicol\u00f3gica y jur\u00eddica a las personas damnificadas por el mismo, hasta el momento en que se lleva a cabo la declaraci\u00f3n testimonial de las v\u00edctimas.<br \/>\nEst\u00e1 a cargo de la Lic. Zaida Gatti a quien acompa\u00f1a un equipo interdisciplinario que interviene en conjunto, conformado por las divisiones espec\u00edficas de las Fuerzas de Seguridad (Polic\u00eda Federal Argentina, Gendarmer\u00eda Nacional Argentina, Polic\u00eda de Seguridad Aeroportuaria y Prefectura Naval Argentina) y profesionales en psicolog\u00eda, trabajo social, derecho, medicina y ciencias pol\u00edticas.<br \/>\nLa Oficina recibe denuncias las 24 hs, los 365 d\u00edas del a\u00f1o en el tel\u00e9fono <strong>145<\/strong>. A su vez, tambi\u00e9n se reciben denuncias por correo electr\u00f3nico a la direcci\u00f3n <a href=\"mailto:oficinarescate@jus.gov.ar\">oficinarescate@jus.gov.ar<\/a><br \/>\n&nbsp;<br \/>\n<strong>Estad\u00edsticas de Mayo 2012<\/strong><br \/>\n<a href=\"http:\/\/www.diariofemenino.com.ar\/wp-content\/uploads\/11.jpg\"><img loading=\"lazy\" decoding=\"async\" class=\"alignnone size-full wp-image-2220\" title=\"1\" src=\"http:\/\/www.diariofemenino.com.ar\/wp-content\/uploads\/11.jpg\" alt=\"\" width=\"565\" height=\"187\" \/><\/a><br \/>\n<a href=\"http:\/\/www.diariofemenino.com.ar\/wp-content\/uploads\/2.jpg\"><img loading=\"lazy\" decoding=\"async\" class=\"alignnone size-full wp-image-2221\" title=\"2\" src=\"http:\/\/www.diariofemenino.com.ar\/wp-content\/uploads\/2.jpg\" alt=\"\" width=\"567\" height=\"189\" \/><\/a><br \/>\n<a href=\"http:\/\/www.diariofemenino.com.ar\/wp-content\/uploads\/31.jpg\"><img loading=\"lazy\" decoding=\"async\" class=\"alignnone size-full wp-image-2233\" title=\"3\" src=\"http:\/\/www.diariofemenino.com.ar\/wp-content\/uploads\/31.jpg\" alt=\"\" width=\"500\" height=\"280\" \/><\/a><br \/>\n<a href=\"http:\/\/www.diariofemenino.com.ar\/wp-content\/uploads\/41.jpg\"><img loading=\"lazy\" decoding=\"async\" class=\"alignnone size-full wp-image-2234\" title=\"4\" src=\"http:\/\/www.diariofemenino.com.ar\/wp-content\/uploads\/41.jpg\" alt=\"\" width=\"500\" height=\"262\" \/><\/a><br \/>\n<a href=\"http:\/\/www.diariofemenino.com.ar\/wp-content\/uploads\/51.jpg\"><img loading=\"lazy\" decoding=\"async\" class=\"alignnone size-full wp-image-2235\" title=\"5\" src=\"http:\/\/www.diariofemenino.com.ar\/wp-content\/uploads\/51.jpg\" alt=\"\" width=\"500\" height=\"262\" \/><\/a><br \/>\n<a href=\"http:\/\/www.diariofemenino.com.ar\/wp-content\/uploads\/61.jpg\"><img loading=\"lazy\" decoding=\"async\" class=\"alignnone size-full wp-image-2236\" title=\"6\" src=\"http:\/\/www.diariofemenino.com.ar\/wp-content\/uploads\/61.jpg\" alt=\"\" width=\"500\" height=\"300\" \/><\/a><br \/>\n<a href=\"http:\/\/www.diariofemenino.com.ar\/wp-content\/uploads\/71.jpg\"><img loading=\"lazy\" decoding=\"async\" class=\"alignnone size-full wp-image-2237\" title=\"7\" src=\"http:\/\/www.diariofemenino.com.ar\/wp-content\/uploads\/71.jpg\" alt=\"\" width=\"500\" height=\"261\" \/><\/a><br \/>\n<a href=\"http:\/\/www.diariofemenino.com.ar\/wp-content\/uploads\/81.jpg\"><img loading=\"lazy\" decoding=\"async\" class=\"alignnone size-full wp-image-2238\" title=\"8\" src=\"http:\/\/www.diariofemenino.com.ar\/wp-content\/uploads\/81.jpg\" alt=\"\" width=\"500\" height=\"261\" \/><\/a><br \/>\n<a href=\"http:\/\/www.diariofemenino.com.ar\/wp-content\/uploads\/91.jpg\"><img loading=\"lazy\" decoding=\"async\" class=\"alignnone size-full wp-image-2239\" title=\"9\" src=\"http:\/\/www.diariofemenino.com.ar\/wp-content\/uploads\/91.jpg\" alt=\"\" width=\"500\" height=\"261\" \/><\/a><br \/>\n<a href=\"http:\/\/www.diariofemenino.com.ar\/wp-content\/uploads\/102.jpg\"><img loading=\"lazy\" decoding=\"async\" class=\"alignnone size-full wp-image-2240\" title=\"10\" src=\"http:\/\/www.diariofemenino.com.ar\/wp-content\/uploads\/102.jpg\" alt=\"\" width=\"500\" height=\"266\" \/><\/a><br \/>\n&nbsp;<br \/>\n&nbsp;<br \/>\n&nbsp;<br \/>\n&nbsp;<br \/>\n&nbsp;<br \/>\n&nbsp;<br \/>\n&nbsp;<\/p>\n","protected":false},"excerpt":{"rendered":"<p>&nbsp; &nbsp; &nbsp; &nbsp; La Rep\u00fablica Argentina cuenta con la \u201cOficina de Rescate y Acompa\u00f1amiento a las Personas Damnificadas por el Delito de Trata\u201d, creada en agosto del a\u00f1o 2008, en mayo de 2012 por Resoluci\u00f3n 731 adquiere el status de Programa Nacional\u00a0 &#8211;Programa Nacional de Rescate y Acompa\u00f1amiento a las Personas Damnificadas por el [&hellip;]<\/p>\n","protected":false},"author":1,"featured_media":2243,"comment_status":"open","ping_status":"open","sticky":false,"template":"","format":"standard","meta":{"iawp_total_views":12,"footnotes":""},"categories":[4,15],"tags":[],"class_list":["post-2219","post","type-post","status-publish","format-standard","has-post-thumbnail","hentry","category-medios","category-trata-de-personas"],"nelio_content":{"autoShareEndMode":"never","automationSources":{"useCustomSentences":false,"customSentences":[]},"efiAlt":"","efiUrl":"","followers":[],"highlights":[],"isAutoShareEnabled":true,"networkImageIds":[],"permalinkQueryArgs":[],"series":[],"suggestedReferences":[]},"yoast_head":"<!-- This site is optimized with the Yoast SEO plugin v27.5 - https:\/\/yoast.com\/product\/yoast-seo-wordpress\/ -->\n<title>Programa Nacional de Rescate y Acompa\u00f1amiento a las Personas Damnificadas por el Delito de Trata - Diario Digital Femenino<\/title>\n<meta name=\"robots\" content=\"index, follow, max-snippet:-1, max-image-preview:large, max-video-preview:-1\" \/>\n<link rel=\"canonical\" href=\"https:\/\/diariofemenino.com.ar\/df\/programa-nacional-de-rescate-y-acompanamiento-a-las-personas-damnificadas-por-el-delito-de-trata\/\" \/>\n<meta property=\"og:locale\" content=\"es_ES\" \/>\n<meta property=\"og:type\" content=\"article\" \/>\n<meta property=\"og:title\" content=\"Programa Nacional de Rescate y Acompa\u00f1amiento a las Personas Damnificadas por el Delito de Trata - Diario Digital Femenino\" \/>\n<meta property=\"og:description\" content=\"&nbsp; &nbsp; &nbsp; &nbsp; La Rep\u00fablica Argentina cuenta con la \u201cOficina de Rescate y Acompa\u00f1amiento a las Personas Damnificadas por el Delito de Trata\u201d, creada en agosto del a\u00f1o 2008, en mayo de 2012 por Resoluci\u00f3n 731 adquiere el status de Programa Nacional\u00a0 &#8211;Programa Nacional de Rescate y Acompa\u00f1amiento a las Personas Damnificadas por el [&hellip;]\" \/>\n<meta property=\"og:url\" content=\"https:\/\/diariofemenino.com.ar\/df\/programa-nacional-de-rescate-y-acompanamiento-a-las-personas-damnificadas-por-el-delito-de-trata\/\" \/>\n<meta property=\"og:site_name\" content=\"Diario Digital Femenino\" \/>\n<meta property=\"article:publisher\" content=\"https:\/\/www.facebook.com\/DiarioDigitaFemenino\/\" \/>\n<meta property=\"article:published_time\" content=\"2012-06-30T19:51:56+00:00\" \/>\n<meta property=\"og:image\" content=\"https:\/\/diariofemenino.com.ar\/df\/wp-content\/uploads\/2016\/10\/logo-negro.png\" \/>\n\t<meta property=\"og:image:width\" content=\"855\" \/>\n\t<meta property=\"og:image:height\" content=\"319\" \/>\n\t<meta property=\"og:image:type\" content=\"image\/png\" \/>\n<meta name=\"author\" content=\"Admin\" \/>\n<meta name=\"twitter:card\" content=\"summary_large_image\" \/>\n<meta name=\"twitter:creator\" content=\"@DiarioFemenino1\" \/>\n<meta name=\"twitter:site\" content=\"@DiarioFemenino1\" \/>\n<meta name=\"twitter:label1\" content=\"Escrito por\" \/>\n\t<meta name=\"twitter:data1\" content=\"Admin\" \/>\n\t<meta name=\"twitter:label2\" content=\"Tiempo de lectura\" \/>\n\t<meta name=\"twitter:data2\" content=\"1 minuto\" \/>\n<script type=\"application\/ld+json\" class=\"yoast-schema-graph\">{\"@context\":\"https:\\\/\\\/schema.org\",\"@graph\":[{\"@type\":\"Article\",\"@id\":\"https:\\\/\\\/diariofemenino.com.ar\\\/df\\\/programa-nacional-de-rescate-y-acompanamiento-a-las-personas-damnificadas-por-el-delito-de-trata\\\/#article\",\"isPartOf\":{\"@id\":\"https:\\\/\\\/diariofemenino.com.ar\\\/df\\\/programa-nacional-de-rescate-y-acompanamiento-a-las-personas-damnificadas-por-el-delito-de-trata\\\/\"},\"author\":{\"name\":\"Admin\",\"@id\":\"https:\\\/\\\/diariofemenino.com.ar\\\/df\\\/#\\\/schema\\\/person\\\/38f54b3bfd13f561de2460ba95c169c6\"},\"headline\":\"Programa Nacional de Rescate y Acompa\u00f1amiento a las Personas Damnificadas por el Delito de Trata\",\"datePublished\":\"2012-06-30T19:51:56+00:00\",\"mainEntityOfPage\":{\"@id\":\"https:\\\/\\\/diariofemenino.com.ar\\\/df\\\/programa-nacional-de-rescate-y-acompanamiento-a-las-personas-damnificadas-por-el-delito-de-trata\\\/\"},\"wordCount\":238,\"commentCount\":0,\"publisher\":{\"@id\":\"https:\\\/\\\/diariofemenino.com.ar\\\/df\\\/#organization\"},\"image\":{\"@id\":\"https:\\\/\\\/diariofemenino.com.ar\\\/df\\\/programa-nacional-de-rescate-y-acompanamiento-a-las-personas-damnificadas-por-el-delito-de-trata\\\/#primaryimage\"},\"thumbnailUrl\":\"\",\"articleSection\":[\"Medios\",\"Trata de Pers.\"],\"inLanguage\":\"es\",\"potentialAction\":[{\"@type\":\"CommentAction\",\"name\":\"Comment\",\"target\":[\"https:\\\/\\\/diariofemenino.com.ar\\\/df\\\/programa-nacional-de-rescate-y-acompanamiento-a-las-personas-damnificadas-por-el-delito-de-trata\\\/#respond\"]}]},{\"@type\":\"WebPage\",\"@id\":\"https:\\\/\\\/diariofemenino.com.ar\\\/df\\\/programa-nacional-de-rescate-y-acompanamiento-a-las-personas-damnificadas-por-el-delito-de-trata\\\/\",\"url\":\"https:\\\/\\\/diariofemenino.com.ar\\\/df\\\/programa-nacional-de-rescate-y-acompanamiento-a-las-personas-damnificadas-por-el-delito-de-trata\\\/\",\"name\":\"Programa Nacional de Rescate y Acompa\u00f1amiento a las Personas Damnificadas por el Delito de Trata - Diario Digital Femenino\",\"isPartOf\":{\"@id\":\"https:\\\/\\\/diariofemenino.com.ar\\\/df\\\/#website\"},\"primaryImageOfPage\":{\"@id\":\"https:\\\/\\\/diariofemenino.com.ar\\\/df\\\/programa-nacional-de-rescate-y-acompanamiento-a-las-personas-damnificadas-por-el-delito-de-trata\\\/#primaryimage\"},\"image\":{\"@id\":\"https:\\\/\\\/diariofemenino.com.ar\\\/df\\\/programa-nacional-de-rescate-y-acompanamiento-a-las-personas-damnificadas-por-el-delito-de-trata\\\/#primaryimage\"},\"thumbnailUrl\":\"\",\"datePublished\":\"2012-06-30T19:51:56+00:00\",\"breadcrumb\":{\"@id\":\"https:\\\/\\\/diariofemenino.com.ar\\\/df\\\/programa-nacional-de-rescate-y-acompanamiento-a-las-personas-damnificadas-por-el-delito-de-trata\\\/#breadcrumb\"},\"inLanguage\":\"es\",\"potentialAction\":[{\"@type\":\"ReadAction\",\"target\":[\"https:\\\/\\\/diariofemenino.com.ar\\\/df\\\/programa-nacional-de-rescate-y-acompanamiento-a-las-personas-damnificadas-por-el-delito-de-trata\\\/\"]}]},{\"@type\":\"ImageObject\",\"inLanguage\":\"es\",\"@id\":\"https:\\\/\\\/diariofemenino.com.ar\\\/df\\\/programa-nacional-de-rescate-y-acompanamiento-a-las-personas-damnificadas-por-el-delito-de-trata\\\/#primaryimage\",\"url\":\"\",\"contentUrl\":\"\"},{\"@type\":\"BreadcrumbList\",\"@id\":\"https:\\\/\\\/diariofemenino.com.ar\\\/df\\\/programa-nacional-de-rescate-y-acompanamiento-a-las-personas-damnificadas-por-el-delito-de-trata\\\/#breadcrumb\",\"itemListElement\":[{\"@type\":\"ListItem\",\"position\":1,\"name\":\"Portada\",\"item\":\"https:\\\/\\\/diariofemenino.com.ar\\\/df\\\/\"},{\"@type\":\"ListItem\",\"position\":2,\"name\":\"Programa Nacional de Rescate y Acompa\u00f1amiento a las Personas Damnificadas por el Delito de Trata\"}]},{\"@type\":\"WebSite\",\"@id\":\"https:\\\/\\\/diariofemenino.com.ar\\\/df\\\/#website\",\"url\":\"https:\\\/\\\/diariofemenino.com.ar\\\/df\\\/\",\"name\":\"Diario Digital Femenino\",\"description\":\"Cuesti\u00f3n de G\u00e9nero\",\"publisher\":{\"@id\":\"https:\\\/\\\/diariofemenino.com.ar\\\/df\\\/#organization\"},\"potentialAction\":[{\"@type\":\"SearchAction\",\"target\":{\"@type\":\"EntryPoint\",\"urlTemplate\":\"https:\\\/\\\/diariofemenino.com.ar\\\/df\\\/?s={search_term_string}\"},\"query-input\":{\"@type\":\"PropertyValueSpecification\",\"valueRequired\":true,\"valueName\":\"search_term_string\"}}],\"inLanguage\":\"es\"},{\"@type\":\"Organization\",\"@id\":\"https:\\\/\\\/diariofemenino.com.ar\\\/df\\\/#organization\",\"name\":\"Diario Femenino\",\"url\":\"https:\\\/\\\/diariofemenino.com.ar\\\/df\\\/\",\"logo\":{\"@type\":\"ImageObject\",\"inLanguage\":\"es\",\"@id\":\"https:\\\/\\\/diariofemenino.com.ar\\\/df\\\/#\\\/schema\\\/logo\\\/image\\\/\",\"url\":\"https:\\\/\\\/diariofemenino.com.ar\\\/df\\\/wp-content\\\/uploads\\\/2018\\\/10\\\/logo.png\",\"contentUrl\":\"https:\\\/\\\/diariofemenino.com.ar\\\/df\\\/wp-content\\\/uploads\\\/2018\\\/10\\\/logo.png\",\"width\":500,\"height\":92,\"caption\":\"Diario Femenino\"},\"image\":{\"@id\":\"https:\\\/\\\/diariofemenino.com.ar\\\/df\\\/#\\\/schema\\\/logo\\\/image\\\/\"},\"sameAs\":[\"https:\\\/\\\/www.facebook.com\\\/DiarioDigitaFemenino\\\/\",\"https:\\\/\\\/x.com\\\/DiarioFemenino1\"]},{\"@type\":\"Person\",\"@id\":\"https:\\\/\\\/diariofemenino.com.ar\\\/df\\\/#\\\/schema\\\/person\\\/38f54b3bfd13f561de2460ba95c169c6\",\"name\":\"Admin\",\"image\":{\"@type\":\"ImageObject\",\"inLanguage\":\"es\",\"@id\":\"https:\\\/\\\/diariofemenino.com.ar\\\/df\\\/wp-content\\\/uploads\\\/2018\\\/12\\\/favicon-150x150.jpg\",\"url\":\"https:\\\/\\\/diariofemenino.com.ar\\\/df\\\/wp-content\\\/uploads\\\/2018\\\/12\\\/favicon-150x150.jpg\",\"contentUrl\":\"https:\\\/\\\/diariofemenino.com.ar\\\/df\\\/wp-content\\\/uploads\\\/2018\\\/12\\\/favicon-150x150.jpg\",\"caption\":\"Admin\"},\"url\":\"https:\\\/\\\/diariofemenino.com.ar\\\/df\\\/author\\\/adm18df\\\/\"}]}<\/script>\n<!-- \/ Yoast SEO plugin. -->","yoast_head_json":{"title":"Programa Nacional de Rescate y Acompa\u00f1amiento a las Personas Damnificadas por el Delito de Trata - Diario Digital Femenino","robots":{"index":"index","follow":"follow","max-snippet":"max-snippet:-1","max-image-preview":"max-image-preview:large","max-video-preview":"max-video-preview:-1"},"canonical":"https:\/\/diariofemenino.com.ar\/df\/programa-nacional-de-rescate-y-acompanamiento-a-las-personas-damnificadas-por-el-delito-de-trata\/","og_locale":"es_ES","og_type":"article","og_title":"Programa Nacional de Rescate y Acompa\u00f1amiento a las Personas Damnificadas por el Delito de Trata - Diario Digital Femenino","og_description":"&nbsp; &nbsp; &nbsp; &nbsp; La Rep\u00fablica Argentina cuenta con la \u201cOficina de Rescate y Acompa\u00f1amiento a las Personas Damnificadas por el Delito de Trata\u201d, creada en agosto del a\u00f1o 2008, en mayo de 2012 por Resoluci\u00f3n 731 adquiere el status de Programa Nacional\u00a0 &#8211;Programa Nacional de Rescate y Acompa\u00f1amiento a las Personas Damnificadas por el [&hellip;]","og_url":"https:\/\/diariofemenino.com.ar\/df\/programa-nacional-de-rescate-y-acompanamiento-a-las-personas-damnificadas-por-el-delito-de-trata\/","og_site_name":"Diario Digital Femenino","article_publisher":"https:\/\/www.facebook.com\/DiarioDigitaFemenino\/","article_published_time":"2012-06-30T19:51:56+00:00","og_image":[{"width":855,"height":319,"url":"https:\/\/diariofemenino.com.ar\/df\/wp-content\/uploads\/2016\/10\/logo-negro.png","type":"image\/png"}],"author":"Admin","twitter_card":"summary_large_image","twitter_creator":"@DiarioFemenino1","twitter_site":"@DiarioFemenino1","twitter_misc":{"Escrito por":"Admin","Tiempo de lectura":"1 minuto"},"schema":{"@context":"https:\/\/schema.org","@graph":[{"@type":"Article","@id":"https:\/\/diariofemenino.com.ar\/df\/programa-nacional-de-rescate-y-acompanamiento-a-las-personas-damnificadas-por-el-delito-de-trata\/#article","isPartOf":{"@id":"https:\/\/diariofemenino.com.ar\/df\/programa-nacional-de-rescate-y-acompanamiento-a-las-personas-damnificadas-por-el-delito-de-trata\/"},"author":{"name":"Admin","@id":"https:\/\/diariofemenino.com.ar\/df\/#\/schema\/person\/38f54b3bfd13f561de2460ba95c169c6"},"headline":"Programa Nacional de Rescate y Acompa\u00f1amiento a las Personas Damnificadas por el Delito de Trata","datePublished":"2012-06-30T19:51:56+00:00","mainEntityOfPage":{"@id":"https:\/\/diariofemenino.com.ar\/df\/programa-nacional-de-rescate-y-acompanamiento-a-las-personas-damnificadas-por-el-delito-de-trata\/"},"wordCount":238,"commentCount":0,"publisher":{"@id":"https:\/\/diariofemenino.com.ar\/df\/#organization"},"image":{"@id":"https:\/\/diariofemenino.com.ar\/df\/programa-nacional-de-rescate-y-acompanamiento-a-las-personas-damnificadas-por-el-delito-de-trata\/#primaryimage"},"thumbnailUrl":"","articleSection":["Medios","Trata de Pers."],"inLanguage":"es","potentialAction":[{"@type":"CommentAction","name":"Comment","target":["https:\/\/diariofemenino.com.ar\/df\/programa-nacional-de-rescate-y-acompanamiento-a-las-personas-damnificadas-por-el-delito-de-trata\/#respond"]}]},{"@type":"WebPage","@id":"https:\/\/diariofemenino.com.ar\/df\/programa-nacional-de-rescate-y-acompanamiento-a-las-personas-damnificadas-por-el-delito-de-trata\/","url":"https:\/\/diariofemenino.com.ar\/df\/programa-nacional-de-rescate-y-acompanamiento-a-las-personas-damnificadas-por-el-delito-de-trata\/","name":"Programa Nacional de Rescate y Acompa\u00f1amiento a las Personas Damnificadas por el Delito de Trata - Diario Digital Femenino","isPartOf":{"@id":"https:\/\/diariofemenino.com.ar\/df\/#website"},"primaryImageOfPage":{"@id":"https:\/\/diariofemenino.com.ar\/df\/programa-nacional-de-rescate-y-acompanamiento-a-las-personas-damnificadas-por-el-delito-de-trata\/#primaryimage"},"image":{"@id":"https:\/\/diariofemenino.com.ar\/df\/programa-nacional-de-rescate-y-acompanamiento-a-las-personas-damnificadas-por-el-delito-de-trata\/#primaryimage"},"thumbnailUrl":"","datePublished":"2012-06-30T19:51:56+00:00","breadcrumb":{"@id":"https:\/\/diariofemenino.com.ar\/df\/programa-nacional-de-rescate-y-acompanamiento-a-las-personas-damnificadas-por-el-delito-de-trata\/#breadcrumb"},"inLanguage":"es","potentialAction":[{"@type":"ReadAction","target":["https:\/\/diariofemenino.com.ar\/df\/programa-nacional-de-rescate-y-acompanamiento-a-las-personas-damnificadas-por-el-delito-de-trata\/"]}]},{"@type":"ImageObject","inLanguage":"es","@id":"https:\/\/diariofemenino.com.ar\/df\/programa-nacional-de-rescate-y-acompanamiento-a-las-personas-damnificadas-por-el-delito-de-trata\/#primaryimage","url":"","contentUrl":""},{"@type":"BreadcrumbList","@id":"https:\/\/diariofemenino.com.ar\/df\/programa-nacional-de-rescate-y-acompanamiento-a-las-personas-damnificadas-por-el-delito-de-trata\/#breadcrumb","itemListElement":[{"@type":"ListItem","position":1,"name":"Portada","item":"https:\/\/diariofemenino.com.ar\/df\/"},{"@type":"ListItem","position":2,"name":"Programa Nacional de Rescate y Acompa\u00f1amiento a las Personas Damnificadas por el Delito de Trata"}]},{"@type":"WebSite","@id":"https:\/\/diariofemenino.com.ar\/df\/#website","url":"https:\/\/diariofemenino.com.ar\/df\/","name":"Diario Digital Femenino","description":"Cuesti\u00f3n de G\u00e9nero","publisher":{"@id":"https:\/\/diariofemenino.com.ar\/df\/#organization"},"potentialAction":[{"@type":"SearchAction","target":{"@type":"EntryPoint","urlTemplate":"https:\/\/diariofemenino.com.ar\/df\/?s={search_term_string}"},"query-input":{"@type":"PropertyValueSpecification","valueRequired":true,"valueName":"search_term_string"}}],"inLanguage":"es"},{"@type":"Organization","@id":"https:\/\/diariofemenino.com.ar\/df\/#organization","name":"Diario Femenino","url":"https:\/\/diariofemenino.com.ar\/df\/","logo":{"@type":"ImageObject","inLanguage":"es","@id":"https:\/\/diariofemenino.com.ar\/df\/#\/schema\/logo\/image\/","url":"https:\/\/diariofemenino.com.ar\/df\/wp-content\/uploads\/2018\/10\/logo.png","contentUrl":"https:\/\/diariofemenino.com.ar\/df\/wp-content\/uploads\/2018\/10\/logo.png","width":500,"height":92,"caption":"Diario Femenino"},"image":{"@id":"https:\/\/diariofemenino.com.ar\/df\/#\/schema\/logo\/image\/"},"sameAs":["https:\/\/www.facebook.com\/DiarioDigitaFemenino\/","https:\/\/x.com\/DiarioFemenino1"]},{"@type":"Person","@id":"https:\/\/diariofemenino.com.ar\/df\/#\/schema\/person\/38f54b3bfd13f561de2460ba95c169c6","name":"Admin","image":{"@type":"ImageObject","inLanguage":"es","@id":"https:\/\/diariofemenino.com.ar\/df\/wp-content\/uploads\/2018\/12\/favicon-150x150.jpg","url":"https:\/\/diariofemenino.com.ar\/df\/wp-content\/uploads\/2018\/12\/favicon-150x150.jpg","contentUrl":"https:\/\/diariofemenino.com.ar\/df\/wp-content\/uploads\/2018\/12\/favicon-150x150.jpg","caption":"Admin"},"url":"https:\/\/diariofemenino.com.ar\/df\/author\/adm18df\/"}]}},"jetpack_featured_media_url":"","jetpack_sharing_enabled":true,"rttpg_featured_image_url":null,"rttpg_author":{"display_name":"Admin","author_link":"https:\/\/diariofemenino.com.ar\/df\/author\/adm18df\/"},"rttpg_comment":0,"rttpg_category":"<a href=\"https:\/\/diariofemenino.com.ar\/df\/category\/medios\/\" rel=\"category tag\">Medios<\/a> <a href=\"https:\/\/diariofemenino.com.ar\/df\/category\/trata-de-personas\/\" rel=\"category tag\">Trata de Pers.<\/a>","rttpg_excerpt":"&nbsp; &nbsp; &nbsp; &nbsp; La Rep\u00fablica Argentina cuenta con la \u201cOficina de Rescate y Acompa\u00f1amiento a las Personas Damnificadas por el Delito de Trata\u201d, creada en agosto del a\u00f1o 2008, en mayo de 2012 por Resoluci\u00f3n 731 adquiere el status de Programa Nacional\u00a0 &#8211;Programa Nacional de Rescate y Acompa\u00f1amiento a las Personas Damnificadas por el&hellip;","_links":{"self":[{"href":"https:\/\/diariofemenino.com.ar\/df\/wp-json\/wp\/v2\/posts\/2219","targetHints":{"allow":["GET"]}}],"collection":[{"href":"https:\/\/diariofemenino.com.ar\/df\/wp-json\/wp\/v2\/posts"}],"about":[{"href":"https:\/\/diariofemenino.com.ar\/df\/wp-json\/wp\/v2\/types\/post"}],"author":[{"embeddable":true,"href":"https:\/\/diariofemenino.com.ar\/df\/wp-json\/wp\/v2\/users\/1"}],"replies":[{"embeddable":true,"href":"https:\/\/diariofemenino.com.ar\/df\/wp-json\/wp\/v2\/comments?post=2219"}],"version-history":[{"count":0,"href":"https:\/\/diariofemenino.com.ar\/df\/wp-json\/wp\/v2\/posts\/2219\/revisions"}],"wp:featuredmedia":[{"embeddable":true,"href":"https:\/\/diariofemenino.com.ar\/df\/wp-json\/"}],"wp:attachment":[{"href":"https:\/\/diariofemenino.com.ar\/df\/wp-json\/wp\/v2\/media?parent=2219"}],"wp:term":[{"taxonomy":"category","embeddable":true,"href":"https:\/\/diariofemenino.com.ar\/df\/wp-json\/wp\/v2\/categories?post=2219"},{"taxonomy":"post_tag","embeddable":true,"href":"https:\/\/diariofemenino.com.ar\/df\/wp-json\/wp\/v2\/tags?post=2219"}],"curies":[{"name":"wp","href":"https:\/\/api.w.org\/{rel}","templated":true}]}}