{"id":2193,"date":"2012-06-30T12:37:08","date_gmt":"2012-06-30T15:37:08","guid":{"rendered":"http:\/\/www.diariofemenino.com.ar\/?p=2193"},"modified":"2012-06-30T12:37:08","modified_gmt":"2012-06-30T15:37:08","slug":"saca-tarjeta-roja-presentancion-oficial-de-la-campana","status":"publish","type":"post","link":"https:\/\/diariofemenino.com.ar\/df\/saca-tarjeta-roja-presentancion-oficial-de-la-campana\/","title":{"rendered":"Sac\u00e1 Tarjeta Roja: Presentaci\u00f3n oficial de la Campa\u00f1a"},"content":{"rendered":"<p>&nbsp;<br \/>\n&nbsp;<br \/>\nEl pr\u00f3ximo martes 3 de julio se realizar\u00e1 la presentaci\u00f3n oficial de la Campa\u00f1a en Argentina : <strong>Sac\u00e1 Tarjeta Roja al Maltratador. <\/strong><br \/>\nEl acto se realizar\u00e1 en el Auditorio del Banco Naci\u00f3n, 1\u00ba piso Bs As, \u00a0a las 18 hs.<br \/>\nEl equipo de trabajo integrado por Liliana Hendel, Ariela Mancke, Ester Mancera y Pilar Garea invitan a personas y organizaciones a participar de la actividad.<br \/>\n<a href=\"http:\/\/www.diariofemenino.com.ar\/wp-content\/uploads\/image.png\"><img loading=\"lazy\" decoding=\"async\" class=\"aligncenter  wp-image-2194\" title=\"image\" src=\"http:\/\/www.diariofemenino.com.ar\/wp-content\/uploads\/image.png\" alt=\"\" width=\"473\" height=\"412\" \/><\/a><br \/>\n&nbsp;<br \/>\n&nbsp;<\/p>\n","protected":false},"excerpt":{"rendered":"<p>&nbsp; &nbsp; El pr\u00f3ximo martes 3 de julio se realizar\u00e1 la presentaci\u00f3n oficial de la Campa\u00f1a en Argentina : Sac\u00e1 Tarjeta Roja al Maltratador. El acto se realizar\u00e1 en el Auditorio del Banco Naci\u00f3n, 1\u00ba piso Bs As, \u00a0a las 18 hs. El equipo de trabajo integrado por Liliana Hendel, Ariela Mancke, Ester Mancera y [&hellip;]<\/p>\n","protected":false},"author":1,"featured_media":2198,"comment_status":"open","ping_status":"open","sticky":false,"template":"","format":"standard","meta":{"iawp_total_views":3,"footnotes":""},"categories":[7,4],"tags":[],"class_list":["post-2193","post","type-post","status-publish","format-standard","has-post-thumbnail","hentry","category-actividades","category-medios"],"nelio_content":{"autoShareEndMode":"never","automationSources":{"useCustomSentences":false,"customSentences":[]},"efiAlt":"","efiUrl":"","followers":[],"highlights":[],"isAutoShareEnabled":true,"networkImageIds":[],"permalinkQueryArgs":[],"series":[],"suggestedReferences":[]},"yoast_head":"<!-- This site is optimized with the Yoast SEO plugin v27.4 - https:\/\/yoast.com\/product\/yoast-seo-wordpress\/ -->\n<title>Sac\u00e1 Tarjeta Roja: Presentaci\u00f3n oficial de la Campa\u00f1a - Diario Digital Femenino<\/title>\n<meta name=\"robots\" content=\"index, follow, max-snippet:-1, max-image-preview:large, max-video-preview:-1\" \/>\n<link rel=\"canonical\" href=\"https:\/\/diariofemenino.com.ar\/df\/saca-tarjeta-roja-presentancion-oficial-de-la-campana\/\" \/>\n<meta property=\"og:locale\" content=\"es_ES\" \/>\n<meta property=\"og:type\" content=\"article\" \/>\n<meta property=\"og:title\" content=\"Sac\u00e1 Tarjeta Roja: Presentaci\u00f3n oficial de la Campa\u00f1a - Diario Digital Femenino\" \/>\n<meta property=\"og:description\" content=\"&nbsp; &nbsp; El pr\u00f3ximo martes 3 de julio se realizar\u00e1 la presentaci\u00f3n oficial de la Campa\u00f1a en Argentina : Sac\u00e1 Tarjeta Roja al Maltratador. El acto se realizar\u00e1 en el Auditorio del Banco Naci\u00f3n, 1\u00ba piso Bs As, \u00a0a las 18 hs. El equipo de trabajo integrado por Liliana Hendel, Ariela Mancke, Ester Mancera y [&hellip;]\" \/>\n<meta property=\"og:url\" content=\"https:\/\/diariofemenino.com.ar\/df\/saca-tarjeta-roja-presentancion-oficial-de-la-campana\/\" \/>\n<meta property=\"og:site_name\" content=\"Diario Digital Femenino\" \/>\n<meta property=\"article:publisher\" content=\"https:\/\/www.facebook.com\/DiarioDigitaFemenino\/\" \/>\n<meta property=\"article:published_time\" content=\"2012-06-30T15:37:08+00:00\" \/>\n<meta property=\"og:image\" content=\"https:\/\/diariofemenino.com.ar\/df\/wp-content\/uploads\/2016\/10\/logo-negro.png\" \/>\n\t<meta property=\"og:image:width\" content=\"855\" \/>\n\t<meta property=\"og:image:height\" content=\"319\" \/>\n\t<meta property=\"og:image:type\" content=\"image\/png\" \/>\n<meta name=\"author\" content=\"Admin\" \/>\n<meta name=\"twitter:card\" content=\"summary_large_image\" \/>\n<meta name=\"twitter:creator\" content=\"@DiarioFemenino1\" \/>\n<meta name=\"twitter:site\" content=\"@DiarioFemenino1\" \/>\n<meta name=\"twitter:label1\" content=\"Escrito por\" \/>\n\t<meta name=\"twitter:data1\" content=\"Admin\" \/>\n<script type=\"application\/ld+json\" class=\"yoast-schema-graph\">{\"@context\":\"https:\\\/\\\/schema.org\",\"@graph\":[{\"@type\":\"Article\",\"@id\":\"https:\\\/\\\/diariofemenino.com.ar\\\/df\\\/saca-tarjeta-roja-presentancion-oficial-de-la-campana\\\/#article\",\"isPartOf\":{\"@id\":\"https:\\\/\\\/diariofemenino.com.ar\\\/df\\\/saca-tarjeta-roja-presentancion-oficial-de-la-campana\\\/\"},\"author\":{\"name\":\"Admin\",\"@id\":\"https:\\\/\\\/diariofemenino.com.ar\\\/df\\\/#\\\/schema\\\/person\\\/38f54b3bfd13f561de2460ba95c169c6\"},\"headline\":\"Sac\u00e1 Tarjeta Roja: Presentaci\u00f3n oficial de la Campa\u00f1a\",\"datePublished\":\"2012-06-30T15:37:08+00:00\",\"mainEntityOfPage\":{\"@id\":\"https:\\\/\\\/diariofemenino.com.ar\\\/df\\\/saca-tarjeta-roja-presentancion-oficial-de-la-campana\\\/\"},\"wordCount\":79,\"commentCount\":2,\"publisher\":{\"@id\":\"https:\\\/\\\/diariofemenino.com.ar\\\/df\\\/#organization\"},\"image\":{\"@id\":\"https:\\\/\\\/diariofemenino.com.ar\\\/df\\\/saca-tarjeta-roja-presentancion-oficial-de-la-campana\\\/#primaryimage\"},\"thumbnailUrl\":\"\",\"articleSection\":[\"Actividades\",\"Medios\"],\"inLanguage\":\"es\",\"potentialAction\":[{\"@type\":\"CommentAction\",\"name\":\"Comment\",\"target\":[\"https:\\\/\\\/diariofemenino.com.ar\\\/df\\\/saca-tarjeta-roja-presentancion-oficial-de-la-campana\\\/#respond\"]}]},{\"@type\":\"WebPage\",\"@id\":\"https:\\\/\\\/diariofemenino.com.ar\\\/df\\\/saca-tarjeta-roja-presentancion-oficial-de-la-campana\\\/\",\"url\":\"https:\\\/\\\/diariofemenino.com.ar\\\/df\\\/saca-tarjeta-roja-presentancion-oficial-de-la-campana\\\/\",\"name\":\"Sac\u00e1 Tarjeta Roja: Presentaci\u00f3n oficial de la Campa\u00f1a - Diario Digital Femenino\",\"isPartOf\":{\"@id\":\"https:\\\/\\\/diariofemenino.com.ar\\\/df\\\/#website\"},\"primaryImageOfPage\":{\"@id\":\"https:\\\/\\\/diariofemenino.com.ar\\\/df\\\/saca-tarjeta-roja-presentancion-oficial-de-la-campana\\\/#primaryimage\"},\"image\":{\"@id\":\"https:\\\/\\\/diariofemenino.com.ar\\\/df\\\/saca-tarjeta-roja-presentancion-oficial-de-la-campana\\\/#primaryimage\"},\"thumbnailUrl\":\"\",\"datePublished\":\"2012-06-30T15:37:08+00:00\",\"breadcrumb\":{\"@id\":\"https:\\\/\\\/diariofemenino.com.ar\\\/df\\\/saca-tarjeta-roja-presentancion-oficial-de-la-campana\\\/#breadcrumb\"},\"inLanguage\":\"es\",\"potentialAction\":[{\"@type\":\"ReadAction\",\"target\":[\"https:\\\/\\\/diariofemenino.com.ar\\\/df\\\/saca-tarjeta-roja-presentancion-oficial-de-la-campana\\\/\"]}]},{\"@type\":\"ImageObject\",\"inLanguage\":\"es\",\"@id\":\"https:\\\/\\\/diariofemenino.com.ar\\\/df\\\/saca-tarjeta-roja-presentancion-oficial-de-la-campana\\\/#primaryimage\",\"url\":\"\",\"contentUrl\":\"\"},{\"@type\":\"BreadcrumbList\",\"@id\":\"https:\\\/\\\/diariofemenino.com.ar\\\/df\\\/saca-tarjeta-roja-presentancion-oficial-de-la-campana\\\/#breadcrumb\",\"itemListElement\":[{\"@type\":\"ListItem\",\"position\":1,\"name\":\"Portada\",\"item\":\"https:\\\/\\\/diariofemenino.com.ar\\\/df\\\/\"},{\"@type\":\"ListItem\",\"position\":2,\"name\":\"Sac\u00e1 Tarjeta Roja: Presentaci\u00f3n oficial de la Campa\u00f1a\"}]},{\"@type\":\"WebSite\",\"@id\":\"https:\\\/\\\/diariofemenino.com.ar\\\/df\\\/#website\",\"url\":\"https:\\\/\\\/diariofemenino.com.ar\\\/df\\\/\",\"name\":\"Diario Digital Femenino\",\"description\":\"Cuesti\u00f3n de G\u00e9nero\",\"publisher\":{\"@id\":\"https:\\\/\\\/diariofemenino.com.ar\\\/df\\\/#organization\"},\"potentialAction\":[{\"@type\":\"SearchAction\",\"target\":{\"@type\":\"EntryPoint\",\"urlTemplate\":\"https:\\\/\\\/diariofemenino.com.ar\\\/df\\\/?s={search_term_string}\"},\"query-input\":{\"@type\":\"PropertyValueSpecification\",\"valueRequired\":true,\"valueName\":\"search_term_string\"}}],\"inLanguage\":\"es\"},{\"@type\":\"Organization\",\"@id\":\"https:\\\/\\\/diariofemenino.com.ar\\\/df\\\/#organization\",\"name\":\"Diario Femenino\",\"url\":\"https:\\\/\\\/diariofemenino.com.ar\\\/df\\\/\",\"logo\":{\"@type\":\"ImageObject\",\"inLanguage\":\"es\",\"@id\":\"https:\\\/\\\/diariofemenino.com.ar\\\/df\\\/#\\\/schema\\\/logo\\\/image\\\/\",\"url\":\"https:\\\/\\\/diariofemenino.com.ar\\\/df\\\/wp-content\\\/uploads\\\/2018\\\/10\\\/logo.png\",\"contentUrl\":\"https:\\\/\\\/diariofemenino.com.ar\\\/df\\\/wp-content\\\/uploads\\\/2018\\\/10\\\/logo.png\",\"width\":500,\"height\":92,\"caption\":\"Diario Femenino\"},\"image\":{\"@id\":\"https:\\\/\\\/diariofemenino.com.ar\\\/df\\\/#\\\/schema\\\/logo\\\/image\\\/\"},\"sameAs\":[\"https:\\\/\\\/www.facebook.com\\\/DiarioDigitaFemenino\\\/\",\"https:\\\/\\\/x.com\\\/DiarioFemenino1\"]},{\"@type\":\"Person\",\"@id\":\"https:\\\/\\\/diariofemenino.com.ar\\\/df\\\/#\\\/schema\\\/person\\\/38f54b3bfd13f561de2460ba95c169c6\",\"name\":\"Admin\",\"image\":{\"@type\":\"ImageObject\",\"inLanguage\":\"es\",\"@id\":\"https:\\\/\\\/diariofemenino.com.ar\\\/df\\\/wp-content\\\/uploads\\\/2018\\\/12\\\/favicon-150x150.jpg\",\"url\":\"https:\\\/\\\/diariofemenino.com.ar\\\/df\\\/wp-content\\\/uploads\\\/2018\\\/12\\\/favicon-150x150.jpg\",\"contentUrl\":\"https:\\\/\\\/diariofemenino.com.ar\\\/df\\\/wp-content\\\/uploads\\\/2018\\\/12\\\/favicon-150x150.jpg\",\"caption\":\"Admin\"},\"url\":\"https:\\\/\\\/diariofemenino.com.ar\\\/df\\\/author\\\/adm18df\\\/\"}]}<\/script>\n<!-- \/ Yoast SEO plugin. -->","yoast_head_json":{"title":"Sac\u00e1 Tarjeta Roja: Presentaci\u00f3n oficial de la Campa\u00f1a - Diario Digital Femenino","robots":{"index":"index","follow":"follow","max-snippet":"max-snippet:-1","max-image-preview":"max-image-preview:large","max-video-preview":"max-video-preview:-1"},"canonical":"https:\/\/diariofemenino.com.ar\/df\/saca-tarjeta-roja-presentancion-oficial-de-la-campana\/","og_locale":"es_ES","og_type":"article","og_title":"Sac\u00e1 Tarjeta Roja: Presentaci\u00f3n oficial de la Campa\u00f1a - Diario Digital Femenino","og_description":"&nbsp; &nbsp; El pr\u00f3ximo martes 3 de julio se realizar\u00e1 la presentaci\u00f3n oficial de la Campa\u00f1a en Argentina : Sac\u00e1 Tarjeta Roja al Maltratador. El acto se realizar\u00e1 en el Auditorio del Banco Naci\u00f3n, 1\u00ba piso Bs As, \u00a0a las 18 hs. El equipo de trabajo integrado por Liliana Hendel, Ariela Mancke, Ester Mancera y [&hellip;]","og_url":"https:\/\/diariofemenino.com.ar\/df\/saca-tarjeta-roja-presentancion-oficial-de-la-campana\/","og_site_name":"Diario Digital Femenino","article_publisher":"https:\/\/www.facebook.com\/DiarioDigitaFemenino\/","article_published_time":"2012-06-30T15:37:08+00:00","og_image":[{"width":855,"height":319,"url":"https:\/\/diariofemenino.com.ar\/df\/wp-content\/uploads\/2016\/10\/logo-negro.png","type":"image\/png"}],"author":"Admin","twitter_card":"summary_large_image","twitter_creator":"@DiarioFemenino1","twitter_site":"@DiarioFemenino1","twitter_misc":{"Escrito por":"Admin"},"schema":{"@context":"https:\/\/schema.org","@graph":[{"@type":"Article","@id":"https:\/\/diariofemenino.com.ar\/df\/saca-tarjeta-roja-presentancion-oficial-de-la-campana\/#article","isPartOf":{"@id":"https:\/\/diariofemenino.com.ar\/df\/saca-tarjeta-roja-presentancion-oficial-de-la-campana\/"},"author":{"name":"Admin","@id":"https:\/\/diariofemenino.com.ar\/df\/#\/schema\/person\/38f54b3bfd13f561de2460ba95c169c6"},"headline":"Sac\u00e1 Tarjeta Roja: Presentaci\u00f3n oficial de la Campa\u00f1a","datePublished":"2012-06-30T15:37:08+00:00","mainEntityOfPage":{"@id":"https:\/\/diariofemenino.com.ar\/df\/saca-tarjeta-roja-presentancion-oficial-de-la-campana\/"},"wordCount":79,"commentCount":2,"publisher":{"@id":"https:\/\/diariofemenino.com.ar\/df\/#organization"},"image":{"@id":"https:\/\/diariofemenino.com.ar\/df\/saca-tarjeta-roja-presentancion-oficial-de-la-campana\/#primaryimage"},"thumbnailUrl":"","articleSection":["Actividades","Medios"],"inLanguage":"es","potentialAction":[{"@type":"CommentAction","name":"Comment","target":["https:\/\/diariofemenino.com.ar\/df\/saca-tarjeta-roja-presentancion-oficial-de-la-campana\/#respond"]}]},{"@type":"WebPage","@id":"https:\/\/diariofemenino.com.ar\/df\/saca-tarjeta-roja-presentancion-oficial-de-la-campana\/","url":"https:\/\/diariofemenino.com.ar\/df\/saca-tarjeta-roja-presentancion-oficial-de-la-campana\/","name":"Sac\u00e1 Tarjeta Roja: Presentaci\u00f3n oficial de la Campa\u00f1a - Diario Digital Femenino","isPartOf":{"@id":"https:\/\/diariofemenino.com.ar\/df\/#website"},"primaryImageOfPage":{"@id":"https:\/\/diariofemenino.com.ar\/df\/saca-tarjeta-roja-presentancion-oficial-de-la-campana\/#primaryimage"},"image":{"@id":"https:\/\/diariofemenino.com.ar\/df\/saca-tarjeta-roja-presentancion-oficial-de-la-campana\/#primaryimage"},"thumbnailUrl":"","datePublished":"2012-06-30T15:37:08+00:00","breadcrumb":{"@id":"https:\/\/diariofemenino.com.ar\/df\/saca-tarjeta-roja-presentancion-oficial-de-la-campana\/#breadcrumb"},"inLanguage":"es","potentialAction":[{"@type":"ReadAction","target":["https:\/\/diariofemenino.com.ar\/df\/saca-tarjeta-roja-presentancion-oficial-de-la-campana\/"]}]},{"@type":"ImageObject","inLanguage":"es","@id":"https:\/\/diariofemenino.com.ar\/df\/saca-tarjeta-roja-presentancion-oficial-de-la-campana\/#primaryimage","url":"","contentUrl":""},{"@type":"BreadcrumbList","@id":"https:\/\/diariofemenino.com.ar\/df\/saca-tarjeta-roja-presentancion-oficial-de-la-campana\/#breadcrumb","itemListElement":[{"@type":"ListItem","position":1,"name":"Portada","item":"https:\/\/diariofemenino.com.ar\/df\/"},{"@type":"ListItem","position":2,"name":"Sac\u00e1 Tarjeta Roja: Presentaci\u00f3n oficial de la Campa\u00f1a"}]},{"@type":"WebSite","@id":"https:\/\/diariofemenino.com.ar\/df\/#website","url":"https:\/\/diariofemenino.com.ar\/df\/","name":"Diario Digital Femenino","description":"Cuesti\u00f3n de G\u00e9nero","publisher":{"@id":"https:\/\/diariofemenino.com.ar\/df\/#organization"},"potentialAction":[{"@type":"SearchAction","target":{"@type":"EntryPoint","urlTemplate":"https:\/\/diariofemenino.com.ar\/df\/?s={search_term_string}"},"query-input":{"@type":"PropertyValueSpecification","valueRequired":true,"valueName":"search_term_string"}}],"inLanguage":"es"},{"@type":"Organization","@id":"https:\/\/diariofemenino.com.ar\/df\/#organization","name":"Diario Femenino","url":"https:\/\/diariofemenino.com.ar\/df\/","logo":{"@type":"ImageObject","inLanguage":"es","@id":"https:\/\/diariofemenino.com.ar\/df\/#\/schema\/logo\/image\/","url":"https:\/\/diariofemenino.com.ar\/df\/wp-content\/uploads\/2018\/10\/logo.png","contentUrl":"https:\/\/diariofemenino.com.ar\/df\/wp-content\/uploads\/2018\/10\/logo.png","width":500,"height":92,"caption":"Diario Femenino"},"image":{"@id":"https:\/\/diariofemenino.com.ar\/df\/#\/schema\/logo\/image\/"},"sameAs":["https:\/\/www.facebook.com\/DiarioDigitaFemenino\/","https:\/\/x.com\/DiarioFemenino1"]},{"@type":"Person","@id":"https:\/\/diariofemenino.com.ar\/df\/#\/schema\/person\/38f54b3bfd13f561de2460ba95c169c6","name":"Admin","image":{"@type":"ImageObject","inLanguage":"es","@id":"https:\/\/diariofemenino.com.ar\/df\/wp-content\/uploads\/2018\/12\/favicon-150x150.jpg","url":"https:\/\/diariofemenino.com.ar\/df\/wp-content\/uploads\/2018\/12\/favicon-150x150.jpg","contentUrl":"https:\/\/diariofemenino.com.ar\/df\/wp-content\/uploads\/2018\/12\/favicon-150x150.jpg","caption":"Admin"},"url":"https:\/\/diariofemenino.com.ar\/df\/author\/adm18df\/"}]}},"jetpack_featured_media_url":"","jetpack_sharing_enabled":true,"rttpg_featured_image_url":null,"rttpg_author":{"display_name":"Admin","author_link":"https:\/\/diariofemenino.com.ar\/df\/author\/adm18df\/"},"rttpg_comment":2,"rttpg_category":"<a href=\"https:\/\/diariofemenino.com.ar\/df\/category\/actividades\/\" rel=\"category tag\">Actividades<\/a> <a href=\"https:\/\/diariofemenino.com.ar\/df\/category\/medios\/\" rel=\"category tag\">Medios<\/a>","rttpg_excerpt":"&nbsp; &nbsp; El pr\u00f3ximo martes 3 de julio se realizar\u00e1 la presentaci\u00f3n oficial de la Campa\u00f1a en Argentina : Sac\u00e1 Tarjeta Roja al Maltratador. El acto se realizar\u00e1 en el Auditorio del Banco Naci\u00f3n, 1\u00ba piso Bs As, \u00a0a las 18 hs. El equipo de trabajo integrado por Liliana Hendel, Ariela Mancke, Ester Mancera y&hellip;","_links":{"self":[{"href":"https:\/\/diariofemenino.com.ar\/df\/wp-json\/wp\/v2\/posts\/2193","targetHints":{"allow":["GET"]}}],"collection":[{"href":"https:\/\/diariofemenino.com.ar\/df\/wp-json\/wp\/v2\/posts"}],"about":[{"href":"https:\/\/diariofemenino.com.ar\/df\/wp-json\/wp\/v2\/types\/post"}],"author":[{"embeddable":true,"href":"https:\/\/diariofemenino.com.ar\/df\/wp-json\/wp\/v2\/users\/1"}],"replies":[{"embeddable":true,"href":"https:\/\/diariofemenino.com.ar\/df\/wp-json\/wp\/v2\/comments?post=2193"}],"version-history":[{"count":0,"href":"https:\/\/diariofemenino.com.ar\/df\/wp-json\/wp\/v2\/posts\/2193\/revisions"}],"wp:featuredmedia":[{"embeddable":true,"href":"https:\/\/diariofemenino.com.ar\/df\/wp-json\/"}],"wp:attachment":[{"href":"https:\/\/diariofemenino.com.ar\/df\/wp-json\/wp\/v2\/media?parent=2193"}],"wp:term":[{"taxonomy":"category","embeddable":true,"href":"https:\/\/diariofemenino.com.ar\/df\/wp-json\/wp\/v2\/categories?post=2193"},{"taxonomy":"post_tag","embeddable":true,"href":"https:\/\/diariofemenino.com.ar\/df\/wp-json\/wp\/v2\/tags?post=2193"}],"curies":[{"name":"wp","href":"https:\/\/api.w.org\/{rel}","templated":true}]}}