{"id":21926,"date":"2016-03-02T10:40:33","date_gmt":"2016-03-02T13:40:33","guid":{"rendered":"http:\/\/www.diariofemenino.com.ar\/?p=21926"},"modified":"2016-03-02T10:40:33","modified_gmt":"2016-03-02T13:40:33","slug":"la-cosificacion-de-la-mujer-como-politica-de-estado","status":"publish","type":"post","link":"https:\/\/diariofemenino.com.ar\/df\/la-cosificacion-de-la-mujer-como-politica-de-estado\/","title":{"rendered":"La cosificaci\u00f3n de la mujer como Pol\u00edtica de Estado"},"content":{"rendered":"<p><span style=\"color: #000000;\">Por <strong>Silvina Lo Re<\/strong><\/span><span style=\"color: #000080;\"><a title=\"\" href=\"#_ftn1\"><span style=\"color: #000080;\">[1]<\/span><\/a><\/span><br \/>\n<figure id=\"attachment_21927\" aria-describedby=\"caption-attachment-21927\" style=\"width: 479px\" class=\"wp-caption alignleft\"><a href=\"http:\/\/www.diariofemenino.com.ar\/wp-content\/uploads\/12821433_10207618841461364_4194438915609827037_n.jpg\"><img loading=\"lazy\" decoding=\"async\" class=\" wp-image-21927 \" alt=\"La cosificaci\u00f3n de la mujer como Pol\u00edtica de Estado\" src=\"http:\/\/www.diariofemenino.com.ar\/wp-content\/uploads\/12821433_10207618841461364_4194438915609827037_n.jpg\" width=\"479\" height=\"329\" \/><\/a><figcaption id=\"caption-attachment-21927\" class=\"wp-caption-text\">La cosificaci\u00f3n de la mujer como Pol\u00edtica de Estado<\/figcaption><\/figure><br \/>\n<span style=\"color: #000000;\">Como dir\u00eda una querida amiga y docente con su habitual sentido del sarcasmo que denota su brillante inteligencia: \u201cM\u00e1tenlas. Sin pudor, ni remordimientos. Simple y sencillo\u201d.<\/span><br \/>\n<span style=\"color: #000000;\">Hoy mientras tomaba mates con otra amiga y pens\u00e1bamos en terminar nuestra ponencia sobre pol\u00edticas que articulen g\u00c9nero, educaci\u00f3n y trabajo (empleo), se nos corto el aliento al recibir esta \u201cinvitaci\u00f3n a festejar \u201ccomo dice el anuncio que ven como imagen, donde nuestro Municipio promociona las actividades que se llevan a cabo en el d\u00eda de la mujer.<\/span><br \/>\n<span style=\"color: #000000;\">Y uno se pregunta luego porque aparecemos en bolsas de basura, porque los conflictos de violencia en el \u00e1mbito familiar, porque mueren dos mochileras que salen de vacaciones ??<\/span><br \/>\n<span style=\"color: #000000;\">Nos matan desde lo simb\u00f3lico, nos matan cuando nos cosifican, nos matan cuando nos acosan y nos matan cuando el Estado piensa la pol\u00edtica p\u00fablica cosificando a las mujeres.<\/span><br \/>\n<span style=\"color: #000000;\">Nos quieren maquilladas y bien vestidas, con hijos de todas las edades , nos quieren en casa y cocinando y como buenas putas en la cama para nuestros maridos. Nos quieren castas , nos quieren brutas , nos quieren fuera de los espacios de estudio y de las universidades , nos quieren para mostrarnos como trofeos , nos quieren fuera de los \u00e1mbitos de ejercicio del poder, nos quieren muertas simb\u00f3lica y psicol\u00f3gica y f\u00edsicamente . Y si nos quieren as\u00ed NO NOS QUIEREN. NOS QUIEREN EN BOLSAS PARA LLEVAR.<\/span><br \/>\n<span style=\"color: #000000;\">Las relaciones humanas y las sexuales m\u00e1s precisamente fueron constituidas hist\u00f3ricamente bajo la preponderancia de lo masculino, revel\u00e1ndose una cultura donde subyace bajo cada pr\u00e1ctica la ideolog\u00eda con criterio androc\u00e9ntrico.<\/span><br \/>\n<span style=\"color: #000000;\">Desde esta perspectiva \u201csexista\u201d se le otorgo a la subjetividad femenina, cualidades ligadas a la pasividad, el sometimiento, la tolerancia y la debilidad, tornando a las mujeres altamente vulnerables en situaciones cr\u00edticas \u00a0y \/o de conflicto.<\/span><br \/>\n<span style=\"color: #000000;\">As\u00ed lo muestra la solicitada que invita a \u201cfestejar la muerte\u201d, as\u00ed nos dice el taller promocionado que \u201cSino reclamas, no reclames\u201d .<\/span><br \/>\n<span style=\"color: #000000;\">Te lo traduzco : si te pega y no dec\u00eds nada, jodete . Si te mato es porque no gritaste fuerte.<\/span><br \/>\n<span style=\"color: #000000;\">As\u00ed podr\u00edamos afirmar que: <\/span><b><i><span style=\"color: #000000;\">\u2026\u201cser mujer fue y continua siendo un factor de riesgo. Ofician como actitudes predisponentes a la manifestaci\u00f3n de fen\u00f3menos violentos, la r\u00edgida adhesi\u00f3n a ideas impregnadas de l\u00f3gicas autoritarias y a estereotipos de g\u00e9nero de ellos derivados\u201d\u2026<\/span><span style=\"color: #000080;\"><a title=\"\" href=\"#_ftn2\"><span style=\"color: #000080;\"><b>[2]<\/b><\/span><\/a><\/span>. <\/i><\/b><br \/>\n<span style=\"color: #000000;\">Las representaciones sociales en torno a la mujer han legitimado y naturalizado la violencia en sentido amplio y la sexual en particular, tanto como han generado el ocultamiento y silenciamiento de las pr\u00e1cticas abusivas y opresivas a las que fueron sometidas a lo largo de todos los tiempos. Esta opresi\u00f3n se llevo a cabo aisl\u00e1ndolas de los \u00e1mbitos del <span style=\"text-decoration: underline;\">saber<\/span>, del <span style=\"text-decoration: underline;\">poder<\/span> y hasta del <span style=\"text-decoration: underline;\">placer<\/span> mismo. Excluidas de los \u00e1mbitos de lo p\u00fablico, de los espacios de producci\u00f3n, del conocimiento y de los espacios de decisi\u00f3n pol\u00edtica, todos ellos tradicionales \u00e1mbitos de ejercicio de dominaci\u00f3n Masculina.<\/span><br \/>\n<span style=\"color: #000000;\">De este modo en el imaginario social se cristalizo y cristaliza, con propuestas como las que aqu\u00ed se denuncian, una imagen de lo femenino circunscripta al mundo privado, destinadas a servir, obedecer, cuidar , todo ello en relaci\u00f3n a otro, o mejor dicho, para los otros. Practicas y discursos fueron estrat\u00e9gicamente organizados para mostrarnos que las mujeres no son due\u00f1as de si mismas ni en lo m\u00e1s intimo de su ser, ni siquiera en cuanto a la capacidad de hacerse cargo de sus deseos sexuales. <span style=\"text-decoration: underline;\">Siempre ser\u00e1n objeto y no sujeto de deseo. <\/span><\/span><br \/>\n<span style=\"color: #000000;\">Desde una perspectiva compatible a la planteada E. Giberti trazam la necesidad de analizar el car\u00e1cter simb\u00f3lico que revisten algunos sistemas familiares. La expresi\u00f3n de violencia simb\u00f3lica fue ampliamente difundida por Bourdieu y Passeron; haciendo referencia a<b>: <i>\u2026\u201d la capacidad de imponer como si fueran leg\u00edtimos y representativos de la realidad significados introducidos mediante signos propuestos por la educaci\u00f3n. Los signos adquieren categor\u00eda de s\u00edmbolos al ser valorizados de determinada manera\u2026\u201d <\/i><\/b><\/span><span style=\"color: #000080;\"><a title=\"\" href=\"#_ftn3\"><span style=\"color: #000080;\">[3]<\/span><\/a><\/span><br \/>\n<span style=\"color: #000000;\">\u00bfY luego volvemos a preguntarnos porque nos matan y terminamos en bolsas de basura?<\/span><br \/>\n<span style=\"color: #000000;\">Quedan todas invitadas a los tallercitos de c\u00f3mo ser buena mujer, madre , argentina y sobre todo sabiendo maquillarse . Ese lo dan el d\u00eda 4 de marzo.<\/span><br \/>\n<span style=\"color: #000000;\">EL 8 DE MARZO SE CONMEMORA UN D\u00cdA DE LUCHA HIST\u00d3RICO , NO SE FESTEJA EL D\u00cdA DE LA DOMINACI\u00d3N PATRIARCAL .<\/span><br \/>\n<span style=\"color: #000000;\">\u00abLa ignorancia de su misma historia de luchas y logros ha sido una de las principales formas de mantener a las mujeres subordinadas\u00bb.<\/span> (<a href=\"http:\/\/l.facebook.com\/l.php?u=http%3A%2F%2Ffeminismo.about.com%2Fod%2Fconceptos%2Ffl%2FiquestQueacute-es-el-patriarcado.htm&amp;h=XAQHCRUUZ&amp;s=1\" target=\"_blank\"><span style=\"color: #000080;\">Gerda Lerner, &#8216;La construcci\u00f3n del patriarcado<\/span>&#8216;<\/a>, <span style=\"color: #000000;\">1986).<\/span><br \/>\n&nbsp;<br \/>\n&nbsp;<br \/>\n&nbsp;<\/p>\n<div><br clear=\"all\" \/><\/p>\n<hr align=\"left\" size=\"1\" width=\"33%\" \/>\n<div>\n<span style=\"color: #000080;\"><a title=\"\" href=\"#_ftnref1\"><span style=\"color: #000080;\">[1]<\/span><\/a><\/span> <span style=\"color: #000000;\">Licenciada en Trabajo Social<\/span>\n<\/div>\n<div>\n<span style=\"color: #000080;\"><a title=\"\" href=\"#_ftnref2\"><span style=\"color: #000080;\">[2]<\/span><\/a><\/span><span style=\"color: #000000;\"> Giberti E., E. Fern\u00e1ndez. A. M., \u201cLa mujer y la violencia invisible\u201d. Editorial Sudamericana. Buenos Aires. A\u00f1o 1989. P\u00e1g. 17<\/span>\n<\/div>\n<div>\n<span style=\"color: #000080;\"><a title=\"\" href=\"#_ftnref3\"><span style=\"color: #000080;\">[3]<\/span><\/a> <\/span><span style=\"color: #000000;\">Fontana B., Op. Cit. 2004. P\u00e1g., 23.<\/span><br \/>\n<span style=\"color: #000000;\">Fontana B., \u201cDe verg\u00fcenzas y secretos.\u201d Editorial Espacio. Buenos Aires. A\u00f1o 2004. P\u00e1g. 16.<\/span>\n<\/div>\n<\/div>\n<div><\/div>\n","protected":false},"excerpt":{"rendered":"<p>Por Silvina Lo Re[1] Como dir\u00eda una querida amiga y docente con su habitual sentido del sarcasmo que denota su brillante inteligencia: \u201cM\u00e1tenlas. Sin pudor, ni remordimientos. Simple y sencillo\u201d. Hoy mientras tomaba mates con otra amiga y pens\u00e1bamos en terminar nuestra ponencia sobre pol\u00edticas que articulen g\u00c9nero, educaci\u00f3n y trabajo (empleo), se nos corto [&hellip;]<\/p>\n","protected":false},"author":1,"featured_media":0,"comment_status":"open","ping_status":"open","sticky":false,"template":"","format":"standard","meta":{"iawp_total_views":16,"footnotes":""},"categories":[9,6],"tags":[41,53,18],"class_list":["post-21926","post","type-post","status-publish","format-standard","hentry","category-de-esi-si-se-habla","category-articulos","tag-8-de-marzo","tag-derechos-de-las-mujeres","tag-politicas-publicas"],"nelio_content":{"autoShareEndMode":"never","automationSources":{"useCustomSentences":false,"customSentences":[]},"efiAlt":"","efiUrl":"","followers":[],"highlights":[],"isAutoShareEnabled":true,"networkImageIds":[],"permalinkQueryArgs":[],"series":[],"suggestedReferences":[]},"yoast_head":"<!-- This site is optimized with the Yoast SEO plugin v27.5 - https:\/\/yoast.com\/product\/yoast-seo-wordpress\/ -->\n<title>La cosificaci\u00f3n de la mujer como Pol\u00edtica de Estado - Diario Digital Femenino<\/title>\n<meta name=\"description\" content=\"La cosificaci\u00f3n de la mujer como Pol\u00edtica de Estado\" \/>\n<meta name=\"robots\" content=\"index, follow, max-snippet:-1, max-image-preview:large, max-video-preview:-1\" \/>\n<link rel=\"canonical\" href=\"https:\/\/diariofemenino.com.ar\/df\/la-cosificacion-de-la-mujer-como-politica-de-estado\/\" \/>\n<meta property=\"og:locale\" content=\"es_ES\" \/>\n<meta property=\"og:type\" content=\"article\" \/>\n<meta property=\"og:title\" content=\"La cosificaci\u00f3n de la mujer como Pol\u00edtica de Estado - Diario Digital Femenino\" \/>\n<meta property=\"og:description\" content=\"La cosificaci\u00f3n de la mujer como Pol\u00edtica de Estado\" \/>\n<meta property=\"og:url\" content=\"https:\/\/diariofemenino.com.ar\/df\/la-cosificacion-de-la-mujer-como-politica-de-estado\/\" \/>\n<meta property=\"og:site_name\" content=\"Diario Digital Femenino\" \/>\n<meta property=\"article:publisher\" content=\"https:\/\/www.facebook.com\/DiarioDigitaFemenino\/\" \/>\n<meta property=\"article:published_time\" content=\"2016-03-02T13:40:33+00:00\" \/>\n<meta property=\"og:image\" content=\"http:\/\/www.diariofemenino.com.ar\/wp-content\/uploads\/12821433_10207618841461364_4194438915609827037_n.jpg\" \/>\n<meta name=\"author\" content=\"Admin\" \/>\n<meta name=\"twitter:card\" content=\"summary_large_image\" \/>\n<meta name=\"twitter:creator\" content=\"@DiarioFemenino1\" \/>\n<meta name=\"twitter:site\" content=\"@DiarioFemenino1\" \/>\n<meta name=\"twitter:label1\" content=\"Escrito por\" \/>\n\t<meta name=\"twitter:data1\" content=\"Admin\" \/>\n\t<meta name=\"twitter:label2\" content=\"Tiempo de lectura\" \/>\n\t<meta name=\"twitter:data2\" content=\"4 minutos\" \/>\n<script type=\"application\/ld+json\" class=\"yoast-schema-graph\">{\"@context\":\"https:\\\/\\\/schema.org\",\"@graph\":[{\"@type\":\"Article\",\"@id\":\"https:\\\/\\\/diariofemenino.com.ar\\\/df\\\/la-cosificacion-de-la-mujer-como-politica-de-estado\\\/#article\",\"isPartOf\":{\"@id\":\"https:\\\/\\\/diariofemenino.com.ar\\\/df\\\/la-cosificacion-de-la-mujer-como-politica-de-estado\\\/\"},\"author\":{\"name\":\"Admin\",\"@id\":\"https:\\\/\\\/diariofemenino.com.ar\\\/df\\\/#\\\/schema\\\/person\\\/38f54b3bfd13f561de2460ba95c169c6\"},\"headline\":\"La cosificaci\u00f3n de la mujer como Pol\u00edtica de Estado\",\"datePublished\":\"2016-03-02T13:40:33+00:00\",\"mainEntityOfPage\":{\"@id\":\"https:\\\/\\\/diariofemenino.com.ar\\\/df\\\/la-cosificacion-de-la-mujer-como-politica-de-estado\\\/\"},\"wordCount\":858,\"commentCount\":0,\"publisher\":{\"@id\":\"https:\\\/\\\/diariofemenino.com.ar\\\/df\\\/#organization\"},\"image\":{\"@id\":\"https:\\\/\\\/diariofemenino.com.ar\\\/df\\\/la-cosificacion-de-la-mujer-como-politica-de-estado\\\/#primaryimage\"},\"thumbnailUrl\":\"http:\\\/\\\/www.diariofemenino.com.ar\\\/wp-content\\\/uploads\\\/12821433_10207618841461364_4194438915609827037_n.jpg\",\"keywords\":[\"8 de Marzo\",\"Derechos de las mujeres\",\"Pol\u00edticas p\u00fablicas\"],\"articleSection\":[\"De ESI S\u00ed Se Habla\",\"Mujeres en Palabras\"],\"inLanguage\":\"es\",\"potentialAction\":[{\"@type\":\"CommentAction\",\"name\":\"Comment\",\"target\":[\"https:\\\/\\\/diariofemenino.com.ar\\\/df\\\/la-cosificacion-de-la-mujer-como-politica-de-estado\\\/#respond\"]}]},{\"@type\":\"WebPage\",\"@id\":\"https:\\\/\\\/diariofemenino.com.ar\\\/df\\\/la-cosificacion-de-la-mujer-como-politica-de-estado\\\/\",\"url\":\"https:\\\/\\\/diariofemenino.com.ar\\\/df\\\/la-cosificacion-de-la-mujer-como-politica-de-estado\\\/\",\"name\":\"La cosificaci\u00f3n de la mujer como Pol\u00edtica de Estado - Diario Digital Femenino\",\"isPartOf\":{\"@id\":\"https:\\\/\\\/diariofemenino.com.ar\\\/df\\\/#website\"},\"primaryImageOfPage\":{\"@id\":\"https:\\\/\\\/diariofemenino.com.ar\\\/df\\\/la-cosificacion-de-la-mujer-como-politica-de-estado\\\/#primaryimage\"},\"image\":{\"@id\":\"https:\\\/\\\/diariofemenino.com.ar\\\/df\\\/la-cosificacion-de-la-mujer-como-politica-de-estado\\\/#primaryimage\"},\"thumbnailUrl\":\"http:\\\/\\\/www.diariofemenino.com.ar\\\/wp-content\\\/uploads\\\/12821433_10207618841461364_4194438915609827037_n.jpg\",\"datePublished\":\"2016-03-02T13:40:33+00:00\",\"description\":\"La cosificaci\u00f3n de la mujer como Pol\u00edtica de Estado\",\"breadcrumb\":{\"@id\":\"https:\\\/\\\/diariofemenino.com.ar\\\/df\\\/la-cosificacion-de-la-mujer-como-politica-de-estado\\\/#breadcrumb\"},\"inLanguage\":\"es\",\"potentialAction\":[{\"@type\":\"ReadAction\",\"target\":[\"https:\\\/\\\/diariofemenino.com.ar\\\/df\\\/la-cosificacion-de-la-mujer-como-politica-de-estado\\\/\"]}]},{\"@type\":\"ImageObject\",\"inLanguage\":\"es\",\"@id\":\"https:\\\/\\\/diariofemenino.com.ar\\\/df\\\/la-cosificacion-de-la-mujer-como-politica-de-estado\\\/#primaryimage\",\"url\":\"http:\\\/\\\/www.diariofemenino.com.ar\\\/wp-content\\\/uploads\\\/12821433_10207618841461364_4194438915609827037_n.jpg\",\"contentUrl\":\"http:\\\/\\\/www.diariofemenino.com.ar\\\/wp-content\\\/uploads\\\/12821433_10207618841461364_4194438915609827037_n.jpg\"},{\"@type\":\"BreadcrumbList\",\"@id\":\"https:\\\/\\\/diariofemenino.com.ar\\\/df\\\/la-cosificacion-de-la-mujer-como-politica-de-estado\\\/#breadcrumb\",\"itemListElement\":[{\"@type\":\"ListItem\",\"position\":1,\"name\":\"Portada\",\"item\":\"https:\\\/\\\/diariofemenino.com.ar\\\/df\\\/\"},{\"@type\":\"ListItem\",\"position\":2,\"name\":\"La cosificaci\u00f3n de la mujer como Pol\u00edtica de Estado\"}]},{\"@type\":\"WebSite\",\"@id\":\"https:\\\/\\\/diariofemenino.com.ar\\\/df\\\/#website\",\"url\":\"https:\\\/\\\/diariofemenino.com.ar\\\/df\\\/\",\"name\":\"Diario Digital Femenino\",\"description\":\"Cuesti\u00f3n de G\u00e9nero\",\"publisher\":{\"@id\":\"https:\\\/\\\/diariofemenino.com.ar\\\/df\\\/#organization\"},\"potentialAction\":[{\"@type\":\"SearchAction\",\"target\":{\"@type\":\"EntryPoint\",\"urlTemplate\":\"https:\\\/\\\/diariofemenino.com.ar\\\/df\\\/?s={search_term_string}\"},\"query-input\":{\"@type\":\"PropertyValueSpecification\",\"valueRequired\":true,\"valueName\":\"search_term_string\"}}],\"inLanguage\":\"es\"},{\"@type\":\"Organization\",\"@id\":\"https:\\\/\\\/diariofemenino.com.ar\\\/df\\\/#organization\",\"name\":\"Diario Femenino\",\"url\":\"https:\\\/\\\/diariofemenino.com.ar\\\/df\\\/\",\"logo\":{\"@type\":\"ImageObject\",\"inLanguage\":\"es\",\"@id\":\"https:\\\/\\\/diariofemenino.com.ar\\\/df\\\/#\\\/schema\\\/logo\\\/image\\\/\",\"url\":\"https:\\\/\\\/diariofemenino.com.ar\\\/df\\\/wp-content\\\/uploads\\\/2018\\\/10\\\/logo.png\",\"contentUrl\":\"https:\\\/\\\/diariofemenino.com.ar\\\/df\\\/wp-content\\\/uploads\\\/2018\\\/10\\\/logo.png\",\"width\":500,\"height\":92,\"caption\":\"Diario Femenino\"},\"image\":{\"@id\":\"https:\\\/\\\/diariofemenino.com.ar\\\/df\\\/#\\\/schema\\\/logo\\\/image\\\/\"},\"sameAs\":[\"https:\\\/\\\/www.facebook.com\\\/DiarioDigitaFemenino\\\/\",\"https:\\\/\\\/x.com\\\/DiarioFemenino1\"]},{\"@type\":\"Person\",\"@id\":\"https:\\\/\\\/diariofemenino.com.ar\\\/df\\\/#\\\/schema\\\/person\\\/38f54b3bfd13f561de2460ba95c169c6\",\"name\":\"Admin\",\"image\":{\"@type\":\"ImageObject\",\"inLanguage\":\"es\",\"@id\":\"https:\\\/\\\/diariofemenino.com.ar\\\/df\\\/wp-content\\\/uploads\\\/2018\\\/12\\\/favicon-150x150.jpg\",\"url\":\"https:\\\/\\\/diariofemenino.com.ar\\\/df\\\/wp-content\\\/uploads\\\/2018\\\/12\\\/favicon-150x150.jpg\",\"contentUrl\":\"https:\\\/\\\/diariofemenino.com.ar\\\/df\\\/wp-content\\\/uploads\\\/2018\\\/12\\\/favicon-150x150.jpg\",\"caption\":\"Admin\"},\"url\":\"https:\\\/\\\/diariofemenino.com.ar\\\/df\\\/author\\\/adm18df\\\/\"}]}<\/script>\n<!-- \/ Yoast SEO plugin. -->","yoast_head_json":{"title":"La cosificaci\u00f3n de la mujer como Pol\u00edtica de Estado - Diario Digital Femenino","description":"La cosificaci\u00f3n de la mujer como Pol\u00edtica de Estado","robots":{"index":"index","follow":"follow","max-snippet":"max-snippet:-1","max-image-preview":"max-image-preview:large","max-video-preview":"max-video-preview:-1"},"canonical":"https:\/\/diariofemenino.com.ar\/df\/la-cosificacion-de-la-mujer-como-politica-de-estado\/","og_locale":"es_ES","og_type":"article","og_title":"La cosificaci\u00f3n de la mujer como Pol\u00edtica de Estado - Diario Digital Femenino","og_description":"La cosificaci\u00f3n de la mujer como Pol\u00edtica de Estado","og_url":"https:\/\/diariofemenino.com.ar\/df\/la-cosificacion-de-la-mujer-como-politica-de-estado\/","og_site_name":"Diario Digital Femenino","article_publisher":"https:\/\/www.facebook.com\/DiarioDigitaFemenino\/","article_published_time":"2016-03-02T13:40:33+00:00","og_image":[{"url":"http:\/\/www.diariofemenino.com.ar\/wp-content\/uploads\/12821433_10207618841461364_4194438915609827037_n.jpg","type":"","width":"","height":""}],"author":"Admin","twitter_card":"summary_large_image","twitter_creator":"@DiarioFemenino1","twitter_site":"@DiarioFemenino1","twitter_misc":{"Escrito por":"Admin","Tiempo de lectura":"4 minutos"},"schema":{"@context":"https:\/\/schema.org","@graph":[{"@type":"Article","@id":"https:\/\/diariofemenino.com.ar\/df\/la-cosificacion-de-la-mujer-como-politica-de-estado\/#article","isPartOf":{"@id":"https:\/\/diariofemenino.com.ar\/df\/la-cosificacion-de-la-mujer-como-politica-de-estado\/"},"author":{"name":"Admin","@id":"https:\/\/diariofemenino.com.ar\/df\/#\/schema\/person\/38f54b3bfd13f561de2460ba95c169c6"},"headline":"La cosificaci\u00f3n de la mujer como Pol\u00edtica de Estado","datePublished":"2016-03-02T13:40:33+00:00","mainEntityOfPage":{"@id":"https:\/\/diariofemenino.com.ar\/df\/la-cosificacion-de-la-mujer-como-politica-de-estado\/"},"wordCount":858,"commentCount":0,"publisher":{"@id":"https:\/\/diariofemenino.com.ar\/df\/#organization"},"image":{"@id":"https:\/\/diariofemenino.com.ar\/df\/la-cosificacion-de-la-mujer-como-politica-de-estado\/#primaryimage"},"thumbnailUrl":"http:\/\/www.diariofemenino.com.ar\/wp-content\/uploads\/12821433_10207618841461364_4194438915609827037_n.jpg","keywords":["8 de Marzo","Derechos de las mujeres","Pol\u00edticas p\u00fablicas"],"articleSection":["De ESI S\u00ed Se Habla","Mujeres en Palabras"],"inLanguage":"es","potentialAction":[{"@type":"CommentAction","name":"Comment","target":["https:\/\/diariofemenino.com.ar\/df\/la-cosificacion-de-la-mujer-como-politica-de-estado\/#respond"]}]},{"@type":"WebPage","@id":"https:\/\/diariofemenino.com.ar\/df\/la-cosificacion-de-la-mujer-como-politica-de-estado\/","url":"https:\/\/diariofemenino.com.ar\/df\/la-cosificacion-de-la-mujer-como-politica-de-estado\/","name":"La cosificaci\u00f3n de la mujer como Pol\u00edtica de Estado - Diario Digital Femenino","isPartOf":{"@id":"https:\/\/diariofemenino.com.ar\/df\/#website"},"primaryImageOfPage":{"@id":"https:\/\/diariofemenino.com.ar\/df\/la-cosificacion-de-la-mujer-como-politica-de-estado\/#primaryimage"},"image":{"@id":"https:\/\/diariofemenino.com.ar\/df\/la-cosificacion-de-la-mujer-como-politica-de-estado\/#primaryimage"},"thumbnailUrl":"http:\/\/www.diariofemenino.com.ar\/wp-content\/uploads\/12821433_10207618841461364_4194438915609827037_n.jpg","datePublished":"2016-03-02T13:40:33+00:00","description":"La cosificaci\u00f3n de la mujer como Pol\u00edtica de Estado","breadcrumb":{"@id":"https:\/\/diariofemenino.com.ar\/df\/la-cosificacion-de-la-mujer-como-politica-de-estado\/#breadcrumb"},"inLanguage":"es","potentialAction":[{"@type":"ReadAction","target":["https:\/\/diariofemenino.com.ar\/df\/la-cosificacion-de-la-mujer-como-politica-de-estado\/"]}]},{"@type":"ImageObject","inLanguage":"es","@id":"https:\/\/diariofemenino.com.ar\/df\/la-cosificacion-de-la-mujer-como-politica-de-estado\/#primaryimage","url":"http:\/\/www.diariofemenino.com.ar\/wp-content\/uploads\/12821433_10207618841461364_4194438915609827037_n.jpg","contentUrl":"http:\/\/www.diariofemenino.com.ar\/wp-content\/uploads\/12821433_10207618841461364_4194438915609827037_n.jpg"},{"@type":"BreadcrumbList","@id":"https:\/\/diariofemenino.com.ar\/df\/la-cosificacion-de-la-mujer-como-politica-de-estado\/#breadcrumb","itemListElement":[{"@type":"ListItem","position":1,"name":"Portada","item":"https:\/\/diariofemenino.com.ar\/df\/"},{"@type":"ListItem","position":2,"name":"La cosificaci\u00f3n de la mujer como Pol\u00edtica de Estado"}]},{"@type":"WebSite","@id":"https:\/\/diariofemenino.com.ar\/df\/#website","url":"https:\/\/diariofemenino.com.ar\/df\/","name":"Diario Digital Femenino","description":"Cuesti\u00f3n de G\u00e9nero","publisher":{"@id":"https:\/\/diariofemenino.com.ar\/df\/#organization"},"potentialAction":[{"@type":"SearchAction","target":{"@type":"EntryPoint","urlTemplate":"https:\/\/diariofemenino.com.ar\/df\/?s={search_term_string}"},"query-input":{"@type":"PropertyValueSpecification","valueRequired":true,"valueName":"search_term_string"}}],"inLanguage":"es"},{"@type":"Organization","@id":"https:\/\/diariofemenino.com.ar\/df\/#organization","name":"Diario Femenino","url":"https:\/\/diariofemenino.com.ar\/df\/","logo":{"@type":"ImageObject","inLanguage":"es","@id":"https:\/\/diariofemenino.com.ar\/df\/#\/schema\/logo\/image\/","url":"https:\/\/diariofemenino.com.ar\/df\/wp-content\/uploads\/2018\/10\/logo.png","contentUrl":"https:\/\/diariofemenino.com.ar\/df\/wp-content\/uploads\/2018\/10\/logo.png","width":500,"height":92,"caption":"Diario Femenino"},"image":{"@id":"https:\/\/diariofemenino.com.ar\/df\/#\/schema\/logo\/image\/"},"sameAs":["https:\/\/www.facebook.com\/DiarioDigitaFemenino\/","https:\/\/x.com\/DiarioFemenino1"]},{"@type":"Person","@id":"https:\/\/diariofemenino.com.ar\/df\/#\/schema\/person\/38f54b3bfd13f561de2460ba95c169c6","name":"Admin","image":{"@type":"ImageObject","inLanguage":"es","@id":"https:\/\/diariofemenino.com.ar\/df\/wp-content\/uploads\/2018\/12\/favicon-150x150.jpg","url":"https:\/\/diariofemenino.com.ar\/df\/wp-content\/uploads\/2018\/12\/favicon-150x150.jpg","contentUrl":"https:\/\/diariofemenino.com.ar\/df\/wp-content\/uploads\/2018\/12\/favicon-150x150.jpg","caption":"Admin"},"url":"https:\/\/diariofemenino.com.ar\/df\/author\/adm18df\/"}]}},"jetpack_featured_media_url":"","jetpack_sharing_enabled":true,"rttpg_featured_image_url":null,"rttpg_author":{"display_name":"Admin","author_link":"https:\/\/diariofemenino.com.ar\/df\/author\/adm18df\/"},"rttpg_comment":0,"rttpg_category":"<a href=\"https:\/\/diariofemenino.com.ar\/df\/category\/de-esi-si-se-habla\/\" rel=\"category tag\">De ESI S\u00ed Se Habla<\/a> <a href=\"https:\/\/diariofemenino.com.ar\/df\/category\/articulos\/\" rel=\"category tag\">Mujeres en Palabras<\/a>","rttpg_excerpt":"Por Silvina Lo Re[1] Como dir\u00eda una querida amiga y docente con su habitual sentido del sarcasmo que denota su brillante inteligencia: \u201cM\u00e1tenlas. Sin pudor, ni remordimientos. Simple y sencillo\u201d. Hoy mientras tomaba mates con otra amiga y pens\u00e1bamos en terminar nuestra ponencia sobre pol\u00edticas que articulen g\u00c9nero, educaci\u00f3n y trabajo (empleo), se nos corto&hellip;","_links":{"self":[{"href":"https:\/\/diariofemenino.com.ar\/df\/wp-json\/wp\/v2\/posts\/21926","targetHints":{"allow":["GET"]}}],"collection":[{"href":"https:\/\/diariofemenino.com.ar\/df\/wp-json\/wp\/v2\/posts"}],"about":[{"href":"https:\/\/diariofemenino.com.ar\/df\/wp-json\/wp\/v2\/types\/post"}],"author":[{"embeddable":true,"href":"https:\/\/diariofemenino.com.ar\/df\/wp-json\/wp\/v2\/users\/1"}],"replies":[{"embeddable":true,"href":"https:\/\/diariofemenino.com.ar\/df\/wp-json\/wp\/v2\/comments?post=21926"}],"version-history":[{"count":0,"href":"https:\/\/diariofemenino.com.ar\/df\/wp-json\/wp\/v2\/posts\/21926\/revisions"}],"wp:attachment":[{"href":"https:\/\/diariofemenino.com.ar\/df\/wp-json\/wp\/v2\/media?parent=21926"}],"wp:term":[{"taxonomy":"category","embeddable":true,"href":"https:\/\/diariofemenino.com.ar\/df\/wp-json\/wp\/v2\/categories?post=21926"},{"taxonomy":"post_tag","embeddable":true,"href":"https:\/\/diariofemenino.com.ar\/df\/wp-json\/wp\/v2\/tags?post=21926"}],"curies":[{"name":"wp","href":"https:\/\/api.w.org\/{rel}","templated":true}]}}