{"id":21820,"date":"2016-02-26T23:26:14","date_gmt":"2016-02-27T02:26:14","guid":{"rendered":"http:\/\/www.diariofemenino.com.ar\/?p=21820"},"modified":"2019-09-01T20:27:08","modified_gmt":"2019-09-01T23:27:08","slug":"cuando-las-cabezas-de-las-mujeres-se-juntan-alrededor-del-fuego","status":"publish","type":"post","link":"https:\/\/diariofemenino.com.ar\/df\/cuando-las-cabezas-de-las-mujeres-se-juntan-alrededor-del-fuego\/","title":{"rendered":"Cuando las cabezas de las mujeres se juntan alrededor \u201cdel fuego\u201d"},"content":{"rendered":"<p style=\"text-align: center;\"><span style=\"color: #000000;\"><strong>Cuando las cabezas de las mujeres se juntan alrededor \u201cdel fuego\u201d <\/strong><\/span><\/p>\n<p><span style=\"color: #000000;\">De Simone Seija Paseyro*<\/span><\/p>\n<figure id=\"attachment_40762\" aria-describedby=\"caption-attachment-40762\" style=\"width: 407px\" class=\"wp-caption alignleft\"><img loading=\"lazy\" decoding=\"async\" class=\" wp-image-40762\" src=\"https:\/\/diariofemenino.com.ar\/df\/wp-content\/uploads\/2016\/02\/mujeresalrededor-delfuego-ayla-bouvette.jpg\" alt=\"Cuando las cabezas de las mujeres se juntan alrededor \u201cdel fuego\u201d\" width=\"407\" height=\"324\" srcset=\"https:\/\/diariofemenino.com.ar\/df\/wp-content\/uploads\/2016\/02\/mujeresalrededor-delfuego-ayla-bouvette.jpg 638w, https:\/\/diariofemenino.com.ar\/df\/wp-content\/uploads\/2016\/02\/mujeresalrededor-delfuego-ayla-bouvette-300x239.jpg 300w\" sizes=\"auto, (max-width: 407px) 100vw, 407px\" \/><figcaption id=\"caption-attachment-40762\" class=\"wp-caption-text\">Cuando las cabezas de las mujeres se juntan alrededor \u201cdel fuego\u201d<\/figcaption><\/figure>\n<p><span style=\"color: #000000;\">Alguien me dijo que no es casual\u2026que desde siempre las <a href=\"https:\/\/diariofemenino.com.ar\/\">elegimos<\/a>. Que las encontramos en el camino de la vida, nos reconocemos y sabemos que en alg\u00fan lugar de la <a href=\"https:\/\/es.wikipedia.org\/wiki\/Mujer\">historia<\/a> de los mundos fuimos del mismo clan. Pasan las d\u00e9cadas y al volver a recorrer los r\u00edos esos cauces, tengo muy presentes las cualidades que las trajeron a mi tierra personal.<\/span><br \/>\n<span style=\"color: #000000;\">Valientes, reidoras y con labia. Capaces de pasar horas enteras escuchando, muri\u00e9ndose de risa, consolando. Arquitectas de sue\u00f1os, hacedoras de planes, ingenieras de la cocina, cantautoras de canciones de cuna.<\/span><br \/>\n<span style=\"color: #000000;\">Cuando las cabezas de las mujeres se <a href=\"https:\/\/es.wikipedia.org\/\">juntan<\/a> alrededor de \u201cun fuego\u201d, nacen fuerzas, crecen magias, arden brasas, que gozan, festejan, curan, recomponen, inventan, crean, unen, desunen, entierran, dan vida, rezongan, se conduelen.<br \/>\n<\/span><br \/>\n<span style=\"color: #000000;\">Ese fuego puede ser la mesa de un bar, las idas para afuera en vacaciones, el patio de un colegio, el galp\u00f3n donde jug\u00e1bamos en la infancia, el living de una casa, el corredor de una facultad, un mate en el parque, la se\u00f1al de alarma de que alguna nos necesita o ese tesoro incalculable que son las quedadas a dormir en la casa de las otras.<br \/>\n<\/span><br \/>\n<span style=\"color: #000000;\">Las de adolescentes despu\u00e9s de un baile, o para preparar un examen, o para cerrar una noche de cine. Las de \u201cvenite el s\u00e1bado\u201d porque no hay nada mejor que hacer en el mundo que escuchar m\u00fasica, y hablar, hablar y hablar hasta cansarse. Las de adultas, a veces para asilar en nuestras almas a una con desesperanza en los ojos, y entonces nos desdoblamos en abrazos, en mimos, en palabras, para recordarle que <a href=\"https:\/\/diariofemenino.com.ar\/el-feminismo-es-para-todo-el-mundo-bell-hooks\/\">siempre<\/a> hay un ma\u00f1ana. A veces para compartir, departir, construir, sin excusas, solo por las meras ganas.<br \/>\n<\/span><br \/>\n<span style=\"color: #000000;\">El futuro en un tiempo no exist\u00eda. Cualquiera mayor de 25 era de una vejez no imaginada\u2026y sin embargo\u2026detr\u00e1s de cada una de nosotras, nuestros ojos.<\/span><br \/>\n<span style=\"color: #000000;\"> Cambiamos. Crecimos. Nos dolimos. Parimos hijos. Enterramos muertos. Amamos. Fuimos y somos amadas. Dejamos y nos dejaron. Nos enojamos para toda la vida, para descubrir que toda la vida es mucho y no val\u00eda la pena. Cuidamos y en el mejor de los casos nos dejamos cuidar.<\/span><\/p>\n<p><span style=\"color: #000000;\">Nos casamos, nos juntamos, nos divorciamos. O no.<\/span><\/p>\n<p><span style=\"color: #000000;\">Cre\u00edmos morirnos muchas veces, y encontramos en alg\u00fan lugar la fuerza de seguir. Bailamos con un hombre, pero la danza m\u00e1s lograda la hicimos para nuestros hijos al ense\u00f1arles a caminar.<\/span><br \/>\n<span style=\"color: #000000;\">Pasamos noches en blanco, noches en negro, noches en rojo, noches de luz y de sombras. Noches de miles de estrellas y noches desangeladas. Hicimos el amor, y cuando correspondi\u00f3, tambi\u00e9n la guerra. Nos entregamos. Nos protegimos. Fuimos heridas e inevitablemente, herimos.<\/span><br \/>\n<span style=\"color: #000000;\">Entonces\u2026los cuerpos dieron cuenta de esas lides, pero todas mantuvimos intacta la mirada. La que nos define, la que nos hace saber que ah\u00ed estamos, que seguimos estando y nunca dejamos de estar.<\/span><\/p>\n<p><span style=\"color: #000000;\">Porque juntas construimos nuestros propios cimientos, en tiempos donde nuestro edificio reci\u00e9n se empezaba a erigir.<\/span><\/p>\n<p><span style=\"color: #000000;\">Somos m\u00e1s sabias, m\u00e1s hermosas, m\u00e1s completas, m\u00e1s plenas, m\u00e1s dulces, m\u00e1s risue\u00f1as y por suerte, de alguna manera, m\u00e1s salvajes.<\/span><\/p>\n<p><span style=\"color: #000000;\">Y en aquel tiempo tambi\u00e9n lo \u00e9ramos, s\u00f3lo que no lo sab\u00edamos. Hoy somos todas espejos de las unas, y al vernos reflejadas en esta danza cotidiana, me emociono.<\/span><br \/>\n<span style=\"color: #000000;\">Porque cuando las cabezas de las mujeres se juntan alrededor \u201cdel fuego\u201d que deciden avivar con su presencia, hay fiesta, hay aquelarre, misterio, tormenta, centellas y armon\u00eda. Como siempre. Como nunca. Como toda la vida.<\/span><br \/>\n<span style=\"color: #000000;\">\u00a0<\/span><br \/>\n<span style=\"color: #000000;\">____________________________________________<\/span><br \/>\n<span style=\"color: #000000;\">(*)escritora uruguaya<\/span><\/p>\n<figure id=\"attachment_40763\" aria-describedby=\"caption-attachment-40763\" style=\"width: 850px\" class=\"wp-caption alignnone\"><img loading=\"lazy\" decoding=\"async\" class=\"size-full wp-image-40763\" src=\"https:\/\/diariofemenino.com.ar\/df\/wp-content\/uploads\/2016\/02\/circulo-de-mariposasfinal-M.jpg\" alt=\"Alguien me dijo que no es casual\u2026que desde siempre las elegimos. \" width=\"850\" height=\"599\" srcset=\"https:\/\/diariofemenino.com.ar\/df\/wp-content\/uploads\/2016\/02\/circulo-de-mariposasfinal-M.jpg 850w, https:\/\/diariofemenino.com.ar\/df\/wp-content\/uploads\/2016\/02\/circulo-de-mariposasfinal-M-300x211.jpg 300w, https:\/\/diariofemenino.com.ar\/df\/wp-content\/uploads\/2016\/02\/circulo-de-mariposasfinal-M-768x541.jpg 768w\" sizes=\"auto, (max-width: 850px) 100vw, 850px\" \/><figcaption id=\"caption-attachment-40763\" class=\"wp-caption-text\">Alguien me dijo que no es casual\u2026que desde siempre las elegimos.<\/figcaption><\/figure>\n","protected":false},"excerpt":{"rendered":"<p>Cuando las cabezas de las mujeres se juntan alrededor \u201cdel fuego\u201d De Simone Seija Paseyro* Alguien me dijo que no es casual\u2026que desde siempre las elegimos. Que las encontramos en el camino de la vida, nos reconocemos y sabemos que en alg\u00fan lugar de la historia de los mundos fuimos del mismo clan. Pasan las [&hellip;]<\/p>\n","protected":false},"author":1,"featured_media":40760,"comment_status":"open","ping_status":"open","sticky":false,"template":"","format":"standard","meta":{"iawp_total_views":6020,"footnotes":""},"categories":[19,6],"tags":[26,2037,130],"class_list":["post-21820","post","type-post","status-publish","format-standard","has-post-thumbnail","hentry","category-biblioteca","category-articulos","tag-feminismo","tag-fuego","tag-mujeres"],"nelio_content":{"autoShareEndMode":"never","automationSources":{"useCustomSentences":false,"customSentences":[]},"efiAlt":"","efiUrl":"","followers":[4,1],"highlights":[],"isAutoShareEnabled":true,"networkImageIds":[],"permalinkQueryArgs":[],"series":[],"suggestedReferences":[]},"yoast_head":"<!-- This site is optimized with the Yoast SEO plugin v27.5 - https:\/\/yoast.com\/product\/yoast-seo-wordpress\/ -->\n<title>Cuando las cabezas de las mujeres se juntan alrededor \u201cdel fuego\u201d - Diario Digital Femenino<\/title>\n<meta name=\"description\" content=\"Cuando las cabezas de las mujeres se juntan alrededor \u201cdel fuego\u201d. A todas las mujeres, Alguien me dijo que no es casual\u2026que desde siempre las elegimos.\" \/>\n<meta name=\"robots\" content=\"index, follow, max-snippet:-1, max-image-preview:large, max-video-preview:-1\" \/>\n<link rel=\"canonical\" href=\"https:\/\/diariofemenino.com.ar\/df\/cuando-las-cabezas-de-las-mujeres-se-juntan-alrededor-del-fuego\/\" \/>\n<meta property=\"og:locale\" content=\"es_ES\" \/>\n<meta property=\"og:type\" content=\"article\" \/>\n<meta property=\"og:title\" content=\"Cuando las cabezas de las mujeres se juntan alrededor \u201cdel fuego\u201d - Diario Digital Femenino\" \/>\n<meta property=\"og:description\" content=\"Cuando las cabezas de las mujeres se juntan alrededor \u201cdel fuego\u201d. A todas las mujeres, Alguien me dijo que no es casual\u2026que desde siempre las elegimos.\" \/>\n<meta property=\"og:url\" content=\"https:\/\/diariofemenino.com.ar\/df\/cuando-las-cabezas-de-las-mujeres-se-juntan-alrededor-del-fuego\/\" \/>\n<meta property=\"og:site_name\" content=\"Diario Digital Femenino\" \/>\n<meta property=\"article:publisher\" content=\"https:\/\/www.facebook.com\/DiarioDigitaFemenino\/\" \/>\n<meta property=\"article:published_time\" content=\"2016-02-27T02:26:14+00:00\" \/>\n<meta property=\"article:modified_time\" content=\"2019-09-01T23:27:08+00:00\" \/>\n<meta property=\"og:image\" content=\"https:\/\/diariofemenino.com.ar\/df\/wp-content\/uploads\/2016\/02\/40-1.jpg\" \/>\n\t<meta property=\"og:image:width\" content=\"640\" \/>\n\t<meta property=\"og:image:height\" content=\"480\" \/>\n\t<meta property=\"og:image:type\" content=\"image\/jpeg\" \/>\n<meta name=\"author\" content=\"Admin\" \/>\n<meta name=\"twitter:card\" content=\"summary_large_image\" \/>\n<meta name=\"twitter:creator\" content=\"@DiarioFemenino1\" \/>\n<meta name=\"twitter:site\" content=\"@DiarioFemenino1\" \/>\n<meta name=\"twitter:label1\" content=\"Escrito por\" \/>\n\t<meta name=\"twitter:data1\" content=\"Admin\" \/>\n\t<meta name=\"twitter:label2\" content=\"Tiempo de lectura\" \/>\n\t<meta name=\"twitter:data2\" content=\"3 minutos\" \/>\n<script type=\"application\/ld+json\" class=\"yoast-schema-graph\">{\"@context\":\"https:\\\/\\\/schema.org\",\"@graph\":[{\"@type\":\"Article\",\"@id\":\"https:\\\/\\\/diariofemenino.com.ar\\\/df\\\/cuando-las-cabezas-de-las-mujeres-se-juntan-alrededor-del-fuego\\\/#article\",\"isPartOf\":{\"@id\":\"https:\\\/\\\/diariofemenino.com.ar\\\/df\\\/cuando-las-cabezas-de-las-mujeres-se-juntan-alrededor-del-fuego\\\/\"},\"author\":{\"name\":\"Admin\",\"@id\":\"https:\\\/\\\/diariofemenino.com.ar\\\/df\\\/#\\\/schema\\\/person\\\/38f54b3bfd13f561de2460ba95c169c6\"},\"headline\":\"Cuando las cabezas de las mujeres se juntan alrededor \u201cdel fuego\u201d\",\"datePublished\":\"2016-02-27T02:26:14+00:00\",\"dateModified\":\"2019-09-01T23:27:08+00:00\",\"mainEntityOfPage\":{\"@id\":\"https:\\\/\\\/diariofemenino.com.ar\\\/df\\\/cuando-las-cabezas-de-las-mujeres-se-juntan-alrededor-del-fuego\\\/\"},\"wordCount\":672,\"commentCount\":9,\"publisher\":{\"@id\":\"https:\\\/\\\/diariofemenino.com.ar\\\/df\\\/#organization\"},\"image\":{\"@id\":\"https:\\\/\\\/diariofemenino.com.ar\\\/df\\\/cuando-las-cabezas-de-las-mujeres-se-juntan-alrededor-del-fuego\\\/#primaryimage\"},\"thumbnailUrl\":\"https:\\\/\\\/diariofemenino.com.ar\\\/df\\\/wp-content\\\/uploads\\\/2016\\\/02\\\/40-1.jpg\",\"keywords\":[\"Feminismo\",\"Fuego\",\"Mujeres\"],\"articleSection\":[\"Biblioteca Virtual\",\"Mujeres en Palabras\"],\"inLanguage\":\"es\",\"potentialAction\":[{\"@type\":\"CommentAction\",\"name\":\"Comment\",\"target\":[\"https:\\\/\\\/diariofemenino.com.ar\\\/df\\\/cuando-las-cabezas-de-las-mujeres-se-juntan-alrededor-del-fuego\\\/#respond\"]}]},{\"@type\":\"WebPage\",\"@id\":\"https:\\\/\\\/diariofemenino.com.ar\\\/df\\\/cuando-las-cabezas-de-las-mujeres-se-juntan-alrededor-del-fuego\\\/\",\"url\":\"https:\\\/\\\/diariofemenino.com.ar\\\/df\\\/cuando-las-cabezas-de-las-mujeres-se-juntan-alrededor-del-fuego\\\/\",\"name\":\"Cuando las cabezas de las mujeres se juntan alrededor \u201cdel fuego\u201d - Diario Digital Femenino\",\"isPartOf\":{\"@id\":\"https:\\\/\\\/diariofemenino.com.ar\\\/df\\\/#website\"},\"primaryImageOfPage\":{\"@id\":\"https:\\\/\\\/diariofemenino.com.ar\\\/df\\\/cuando-las-cabezas-de-las-mujeres-se-juntan-alrededor-del-fuego\\\/#primaryimage\"},\"image\":{\"@id\":\"https:\\\/\\\/diariofemenino.com.ar\\\/df\\\/cuando-las-cabezas-de-las-mujeres-se-juntan-alrededor-del-fuego\\\/#primaryimage\"},\"thumbnailUrl\":\"https:\\\/\\\/diariofemenino.com.ar\\\/df\\\/wp-content\\\/uploads\\\/2016\\\/02\\\/40-1.jpg\",\"datePublished\":\"2016-02-27T02:26:14+00:00\",\"dateModified\":\"2019-09-01T23:27:08+00:00\",\"description\":\"Cuando las cabezas de las mujeres se juntan alrededor \u201cdel fuego\u201d. A todas las mujeres, Alguien me dijo que no es casual\u2026que desde siempre las elegimos.\",\"breadcrumb\":{\"@id\":\"https:\\\/\\\/diariofemenino.com.ar\\\/df\\\/cuando-las-cabezas-de-las-mujeres-se-juntan-alrededor-del-fuego\\\/#breadcrumb\"},\"inLanguage\":\"es\",\"potentialAction\":[{\"@type\":\"ReadAction\",\"target\":[\"https:\\\/\\\/diariofemenino.com.ar\\\/df\\\/cuando-las-cabezas-de-las-mujeres-se-juntan-alrededor-del-fuego\\\/\"]}]},{\"@type\":\"ImageObject\",\"inLanguage\":\"es\",\"@id\":\"https:\\\/\\\/diariofemenino.com.ar\\\/df\\\/cuando-las-cabezas-de-las-mujeres-se-juntan-alrededor-del-fuego\\\/#primaryimage\",\"url\":\"https:\\\/\\\/diariofemenino.com.ar\\\/df\\\/wp-content\\\/uploads\\\/2016\\\/02\\\/40-1.jpg\",\"contentUrl\":\"https:\\\/\\\/diariofemenino.com.ar\\\/df\\\/wp-content\\\/uploads\\\/2016\\\/02\\\/40-1.jpg\",\"width\":640,\"height\":480,\"caption\":\"Cuando las cabezas de las mujeres se juntan alrededor \u201cdel fuego\u201d\"},{\"@type\":\"BreadcrumbList\",\"@id\":\"https:\\\/\\\/diariofemenino.com.ar\\\/df\\\/cuando-las-cabezas-de-las-mujeres-se-juntan-alrededor-del-fuego\\\/#breadcrumb\",\"itemListElement\":[{\"@type\":\"ListItem\",\"position\":1,\"name\":\"Portada\",\"item\":\"https:\\\/\\\/diariofemenino.com.ar\\\/df\\\/\"},{\"@type\":\"ListItem\",\"position\":2,\"name\":\"Cuando las cabezas de las mujeres se juntan alrededor \u201cdel fuego\u201d\"}]},{\"@type\":\"WebSite\",\"@id\":\"https:\\\/\\\/diariofemenino.com.ar\\\/df\\\/#website\",\"url\":\"https:\\\/\\\/diariofemenino.com.ar\\\/df\\\/\",\"name\":\"Diario Digital Femenino\",\"description\":\"Cuesti\u00f3n de G\u00e9nero\",\"publisher\":{\"@id\":\"https:\\\/\\\/diariofemenino.com.ar\\\/df\\\/#organization\"},\"potentialAction\":[{\"@type\":\"SearchAction\",\"target\":{\"@type\":\"EntryPoint\",\"urlTemplate\":\"https:\\\/\\\/diariofemenino.com.ar\\\/df\\\/?s={search_term_string}\"},\"query-input\":{\"@type\":\"PropertyValueSpecification\",\"valueRequired\":true,\"valueName\":\"search_term_string\"}}],\"inLanguage\":\"es\"},{\"@type\":\"Organization\",\"@id\":\"https:\\\/\\\/diariofemenino.com.ar\\\/df\\\/#organization\",\"name\":\"Diario Femenino\",\"url\":\"https:\\\/\\\/diariofemenino.com.ar\\\/df\\\/\",\"logo\":{\"@type\":\"ImageObject\",\"inLanguage\":\"es\",\"@id\":\"https:\\\/\\\/diariofemenino.com.ar\\\/df\\\/#\\\/schema\\\/logo\\\/image\\\/\",\"url\":\"https:\\\/\\\/diariofemenino.com.ar\\\/df\\\/wp-content\\\/uploads\\\/2018\\\/10\\\/logo.png\",\"contentUrl\":\"https:\\\/\\\/diariofemenino.com.ar\\\/df\\\/wp-content\\\/uploads\\\/2018\\\/10\\\/logo.png\",\"width\":500,\"height\":92,\"caption\":\"Diario Femenino\"},\"image\":{\"@id\":\"https:\\\/\\\/diariofemenino.com.ar\\\/df\\\/#\\\/schema\\\/logo\\\/image\\\/\"},\"sameAs\":[\"https:\\\/\\\/www.facebook.com\\\/DiarioDigitaFemenino\\\/\",\"https:\\\/\\\/x.com\\\/DiarioFemenino1\"]},{\"@type\":\"Person\",\"@id\":\"https:\\\/\\\/diariofemenino.com.ar\\\/df\\\/#\\\/schema\\\/person\\\/38f54b3bfd13f561de2460ba95c169c6\",\"name\":\"Admin\",\"image\":{\"@type\":\"ImageObject\",\"inLanguage\":\"es\",\"@id\":\"https:\\\/\\\/diariofemenino.com.ar\\\/df\\\/wp-content\\\/uploads\\\/2018\\\/12\\\/favicon-150x150.jpg\",\"url\":\"https:\\\/\\\/diariofemenino.com.ar\\\/df\\\/wp-content\\\/uploads\\\/2018\\\/12\\\/favicon-150x150.jpg\",\"contentUrl\":\"https:\\\/\\\/diariofemenino.com.ar\\\/df\\\/wp-content\\\/uploads\\\/2018\\\/12\\\/favicon-150x150.jpg\",\"caption\":\"Admin\"},\"url\":\"https:\\\/\\\/diariofemenino.com.ar\\\/df\\\/author\\\/adm18df\\\/\"}]}<\/script>\n<!-- \/ Yoast SEO plugin. -->","yoast_head_json":{"title":"Cuando las cabezas de las mujeres se juntan alrededor \u201cdel fuego\u201d - Diario Digital Femenino","description":"Cuando las cabezas de las mujeres se juntan alrededor \u201cdel fuego\u201d. A todas las mujeres, Alguien me dijo que no es casual\u2026que desde siempre las elegimos.","robots":{"index":"index","follow":"follow","max-snippet":"max-snippet:-1","max-image-preview":"max-image-preview:large","max-video-preview":"max-video-preview:-1"},"canonical":"https:\/\/diariofemenino.com.ar\/df\/cuando-las-cabezas-de-las-mujeres-se-juntan-alrededor-del-fuego\/","og_locale":"es_ES","og_type":"article","og_title":"Cuando las cabezas de las mujeres se juntan alrededor \u201cdel fuego\u201d - Diario Digital Femenino","og_description":"Cuando las cabezas de las mujeres se juntan alrededor \u201cdel fuego\u201d. A todas las mujeres, Alguien me dijo que no es casual\u2026que desde siempre las elegimos.","og_url":"https:\/\/diariofemenino.com.ar\/df\/cuando-las-cabezas-de-las-mujeres-se-juntan-alrededor-del-fuego\/","og_site_name":"Diario Digital Femenino","article_publisher":"https:\/\/www.facebook.com\/DiarioDigitaFemenino\/","article_published_time":"2016-02-27T02:26:14+00:00","article_modified_time":"2019-09-01T23:27:08+00:00","og_image":[{"width":640,"height":480,"url":"https:\/\/diariofemenino.com.ar\/df\/wp-content\/uploads\/2016\/02\/40-1.jpg","type":"image\/jpeg"}],"author":"Admin","twitter_card":"summary_large_image","twitter_creator":"@DiarioFemenino1","twitter_site":"@DiarioFemenino1","twitter_misc":{"Escrito por":"Admin","Tiempo de lectura":"3 minutos"},"schema":{"@context":"https:\/\/schema.org","@graph":[{"@type":"Article","@id":"https:\/\/diariofemenino.com.ar\/df\/cuando-las-cabezas-de-las-mujeres-se-juntan-alrededor-del-fuego\/#article","isPartOf":{"@id":"https:\/\/diariofemenino.com.ar\/df\/cuando-las-cabezas-de-las-mujeres-se-juntan-alrededor-del-fuego\/"},"author":{"name":"Admin","@id":"https:\/\/diariofemenino.com.ar\/df\/#\/schema\/person\/38f54b3bfd13f561de2460ba95c169c6"},"headline":"Cuando las cabezas de las mujeres se juntan alrededor \u201cdel fuego\u201d","datePublished":"2016-02-27T02:26:14+00:00","dateModified":"2019-09-01T23:27:08+00:00","mainEntityOfPage":{"@id":"https:\/\/diariofemenino.com.ar\/df\/cuando-las-cabezas-de-las-mujeres-se-juntan-alrededor-del-fuego\/"},"wordCount":672,"commentCount":9,"publisher":{"@id":"https:\/\/diariofemenino.com.ar\/df\/#organization"},"image":{"@id":"https:\/\/diariofemenino.com.ar\/df\/cuando-las-cabezas-de-las-mujeres-se-juntan-alrededor-del-fuego\/#primaryimage"},"thumbnailUrl":"https:\/\/diariofemenino.com.ar\/df\/wp-content\/uploads\/2016\/02\/40-1.jpg","keywords":["Feminismo","Fuego","Mujeres"],"articleSection":["Biblioteca Virtual","Mujeres en Palabras"],"inLanguage":"es","potentialAction":[{"@type":"CommentAction","name":"Comment","target":["https:\/\/diariofemenino.com.ar\/df\/cuando-las-cabezas-de-las-mujeres-se-juntan-alrededor-del-fuego\/#respond"]}]},{"@type":"WebPage","@id":"https:\/\/diariofemenino.com.ar\/df\/cuando-las-cabezas-de-las-mujeres-se-juntan-alrededor-del-fuego\/","url":"https:\/\/diariofemenino.com.ar\/df\/cuando-las-cabezas-de-las-mujeres-se-juntan-alrededor-del-fuego\/","name":"Cuando las cabezas de las mujeres se juntan alrededor \u201cdel fuego\u201d - Diario Digital Femenino","isPartOf":{"@id":"https:\/\/diariofemenino.com.ar\/df\/#website"},"primaryImageOfPage":{"@id":"https:\/\/diariofemenino.com.ar\/df\/cuando-las-cabezas-de-las-mujeres-se-juntan-alrededor-del-fuego\/#primaryimage"},"image":{"@id":"https:\/\/diariofemenino.com.ar\/df\/cuando-las-cabezas-de-las-mujeres-se-juntan-alrededor-del-fuego\/#primaryimage"},"thumbnailUrl":"https:\/\/diariofemenino.com.ar\/df\/wp-content\/uploads\/2016\/02\/40-1.jpg","datePublished":"2016-02-27T02:26:14+00:00","dateModified":"2019-09-01T23:27:08+00:00","description":"Cuando las cabezas de las mujeres se juntan alrededor \u201cdel fuego\u201d. A todas las mujeres, Alguien me dijo que no es casual\u2026que desde siempre las elegimos.","breadcrumb":{"@id":"https:\/\/diariofemenino.com.ar\/df\/cuando-las-cabezas-de-las-mujeres-se-juntan-alrededor-del-fuego\/#breadcrumb"},"inLanguage":"es","potentialAction":[{"@type":"ReadAction","target":["https:\/\/diariofemenino.com.ar\/df\/cuando-las-cabezas-de-las-mujeres-se-juntan-alrededor-del-fuego\/"]}]},{"@type":"ImageObject","inLanguage":"es","@id":"https:\/\/diariofemenino.com.ar\/df\/cuando-las-cabezas-de-las-mujeres-se-juntan-alrededor-del-fuego\/#primaryimage","url":"https:\/\/diariofemenino.com.ar\/df\/wp-content\/uploads\/2016\/02\/40-1.jpg","contentUrl":"https:\/\/diariofemenino.com.ar\/df\/wp-content\/uploads\/2016\/02\/40-1.jpg","width":640,"height":480,"caption":"Cuando las cabezas de las mujeres se juntan alrededor \u201cdel fuego\u201d"},{"@type":"BreadcrumbList","@id":"https:\/\/diariofemenino.com.ar\/df\/cuando-las-cabezas-de-las-mujeres-se-juntan-alrededor-del-fuego\/#breadcrumb","itemListElement":[{"@type":"ListItem","position":1,"name":"Portada","item":"https:\/\/diariofemenino.com.ar\/df\/"},{"@type":"ListItem","position":2,"name":"Cuando las cabezas de las mujeres se juntan alrededor \u201cdel fuego\u201d"}]},{"@type":"WebSite","@id":"https:\/\/diariofemenino.com.ar\/df\/#website","url":"https:\/\/diariofemenino.com.ar\/df\/","name":"Diario Digital Femenino","description":"Cuesti\u00f3n de G\u00e9nero","publisher":{"@id":"https:\/\/diariofemenino.com.ar\/df\/#organization"},"potentialAction":[{"@type":"SearchAction","target":{"@type":"EntryPoint","urlTemplate":"https:\/\/diariofemenino.com.ar\/df\/?s={search_term_string}"},"query-input":{"@type":"PropertyValueSpecification","valueRequired":true,"valueName":"search_term_string"}}],"inLanguage":"es"},{"@type":"Organization","@id":"https:\/\/diariofemenino.com.ar\/df\/#organization","name":"Diario Femenino","url":"https:\/\/diariofemenino.com.ar\/df\/","logo":{"@type":"ImageObject","inLanguage":"es","@id":"https:\/\/diariofemenino.com.ar\/df\/#\/schema\/logo\/image\/","url":"https:\/\/diariofemenino.com.ar\/df\/wp-content\/uploads\/2018\/10\/logo.png","contentUrl":"https:\/\/diariofemenino.com.ar\/df\/wp-content\/uploads\/2018\/10\/logo.png","width":500,"height":92,"caption":"Diario Femenino"},"image":{"@id":"https:\/\/diariofemenino.com.ar\/df\/#\/schema\/logo\/image\/"},"sameAs":["https:\/\/www.facebook.com\/DiarioDigitaFemenino\/","https:\/\/x.com\/DiarioFemenino1"]},{"@type":"Person","@id":"https:\/\/diariofemenino.com.ar\/df\/#\/schema\/person\/38f54b3bfd13f561de2460ba95c169c6","name":"Admin","image":{"@type":"ImageObject","inLanguage":"es","@id":"https:\/\/diariofemenino.com.ar\/df\/wp-content\/uploads\/2018\/12\/favicon-150x150.jpg","url":"https:\/\/diariofemenino.com.ar\/df\/wp-content\/uploads\/2018\/12\/favicon-150x150.jpg","contentUrl":"https:\/\/diariofemenino.com.ar\/df\/wp-content\/uploads\/2018\/12\/favicon-150x150.jpg","caption":"Admin"},"url":"https:\/\/diariofemenino.com.ar\/df\/author\/adm18df\/"}]}},"jetpack_featured_media_url":"https:\/\/diariofemenino.com.ar\/df\/wp-content\/uploads\/2016\/02\/40-1.jpg","jetpack_sharing_enabled":true,"rttpg_featured_image_url":{"full":["https:\/\/diariofemenino.com.ar\/df\/wp-content\/uploads\/2016\/02\/40-1.jpg",640,480,false],"landscape":["https:\/\/diariofemenino.com.ar\/df\/wp-content\/uploads\/2016\/02\/40-1.jpg",640,480,false],"portraits":["https:\/\/diariofemenino.com.ar\/df\/wp-content\/uploads\/2016\/02\/40-1.jpg",640,480,false],"thumbnail":["https:\/\/diariofemenino.com.ar\/df\/wp-content\/uploads\/2016\/02\/40-1-150x150.jpg",150,150,true],"medium":["https:\/\/diariofemenino.com.ar\/df\/wp-content\/uploads\/2016\/02\/40-1-300x225.jpg",300,225,true],"large":["https:\/\/diariofemenino.com.ar\/df\/wp-content\/uploads\/2016\/02\/40-1.jpg",640,480,false],"1536x1536":["https:\/\/diariofemenino.com.ar\/df\/wp-content\/uploads\/2016\/02\/40-1.jpg",640,480,false],"2048x2048":["https:\/\/diariofemenino.com.ar\/df\/wp-content\/uploads\/2016\/02\/40-1.jpg",640,480,false]},"rttpg_author":{"display_name":"Admin","author_link":"https:\/\/diariofemenino.com.ar\/df\/author\/adm18df\/"},"rttpg_comment":9,"rttpg_category":"<a href=\"https:\/\/diariofemenino.com.ar\/df\/category\/biblioteca\/\" rel=\"category tag\">Biblioteca Virtual<\/a> <a href=\"https:\/\/diariofemenino.com.ar\/df\/category\/articulos\/\" rel=\"category tag\">Mujeres en Palabras<\/a>","rttpg_excerpt":"Cuando las cabezas de las mujeres se juntan alrededor \u201cdel fuego\u201d De Simone Seija Paseyro* Alguien me dijo que no es casual\u2026que desde siempre las elegimos. Que las encontramos en el camino de la vida, nos reconocemos y sabemos que en alg\u00fan lugar de la historia de los mundos fuimos del mismo clan. Pasan las&hellip;","_links":{"self":[{"href":"https:\/\/diariofemenino.com.ar\/df\/wp-json\/wp\/v2\/posts\/21820","targetHints":{"allow":["GET"]}}],"collection":[{"href":"https:\/\/diariofemenino.com.ar\/df\/wp-json\/wp\/v2\/posts"}],"about":[{"href":"https:\/\/diariofemenino.com.ar\/df\/wp-json\/wp\/v2\/types\/post"}],"author":[{"embeddable":true,"href":"https:\/\/diariofemenino.com.ar\/df\/wp-json\/wp\/v2\/users\/1"}],"replies":[{"embeddable":true,"href":"https:\/\/diariofemenino.com.ar\/df\/wp-json\/wp\/v2\/comments?post=21820"}],"version-history":[{"count":0,"href":"https:\/\/diariofemenino.com.ar\/df\/wp-json\/wp\/v2\/posts\/21820\/revisions"}],"wp:featuredmedia":[{"embeddable":true,"href":"https:\/\/diariofemenino.com.ar\/df\/wp-json\/wp\/v2\/media\/40760"}],"wp:attachment":[{"href":"https:\/\/diariofemenino.com.ar\/df\/wp-json\/wp\/v2\/media?parent=21820"}],"wp:term":[{"taxonomy":"category","embeddable":true,"href":"https:\/\/diariofemenino.com.ar\/df\/wp-json\/wp\/v2\/categories?post=21820"},{"taxonomy":"post_tag","embeddable":true,"href":"https:\/\/diariofemenino.com.ar\/df\/wp-json\/wp\/v2\/tags?post=21820"}],"curies":[{"name":"wp","href":"https:\/\/api.w.org\/{rel}","templated":true}]}}