{"id":2182,"date":"2012-06-27T09:50:43","date_gmt":"2012-06-27T12:50:43","guid":{"rendered":"http:\/\/www.diariofemenino.com.ar\/?p=2182"},"modified":"2012-06-27T09:50:43","modified_gmt":"2012-06-27T12:50:43","slug":"caso-carla-figueroa-cadena-perpetua-para-marcelo-tomaselli","status":"publish","type":"post","link":"https:\/\/diariofemenino.com.ar\/df\/caso-carla-figueroa-cadena-perpetua-para-marcelo-tomaselli\/","title":{"rendered":"Caso Carla Figueroa: Cadena Perpetua para Marcelo Tomaselli"},"content":{"rendered":"<p>&nbsp;<br \/>\n&nbsp;<br \/>\n<strong>Marcelo Tomaselli fue sentenciado a cadena perpetua por femicidio agravado por el v\u00ednculo en grado de autor de qui\u00e9n fuera su esposa, la joven Carla Figueroa. <\/strong>Despu\u00e9s de que el Presidente del Tribunal, el doctor Florentino Rubio diera por concluido el debate oral y p\u00fablico para con Marcelo Tomaselli, la semana pasada, hoy mi\u00e9rcoles 27 de junio pas\u00f3 a ser en el \u00e1mbito judicial una de las noticias m\u00e1s importantes dentro del contexto provincial y nacional. Las \u00faltimas palabras de Tomaselli en el \u00faltimo momento del juicio \u201c\u2026Quiero pedir perd\u00f3n por lo que paso, lo que a m\u00ed me pas\u00f3 no se lo deseo a nadie&#8230;\u201d no sirvi\u00f3 de atenuante para que el martillo de la justicia cayera con todo el peso de la ley.<br \/>\n<strong><br \/>\nEL HECHO<\/strong><br \/>\nOcurri\u00f3 el d\u00eda s\u00e1bado 10 de diciembre de 2011, aproximadamente a las 04:30 hs., en la habitaci\u00f3n que compart\u00edan los esposos (los nombrados Tomaselli y Figueroa) en el domicilio de calle 36 Nro. 1265 entre calles 29 y 29 bis de esta ciudad.<br \/>\n<strong>Se lo acus\u00f3 de haberla agredido con un cuchillo de cocina tipo serrucho<\/strong> con el que le <strong>aplic\u00f3 m\u00e1s de quince estocadas o golpes<\/strong> que le produjeron las lesiones descriptas en el informe de autopsia elaborado por el M\u00e9dico Forense Dr. Graciano J. Mas\u00f3, en el que concluye que la causa de la muerte es \u00abshock hipovol\u00e9mico por herida de arma blanca\u00bb.<br \/>\nEn cuanto a <strong>la calificaci\u00f3n legal, a criterio del Ministerio P\u00fablico Fiscal<\/strong> la conducta del acusado <strong>configura el delito de HOMICIDIO AGRAVADO POR EL V\u00cdNCULO EN GRADO DE AUTOR<\/strong><strong> <\/strong>(arts. 80 inc. 1\u00b0 y 45 del C.P.), dado que Marcelo Tomaselli dio muerte a quien fuera su c\u00f3nyuge.<br \/>\n<strong>EL JUICIO<\/strong><br \/>\n<strong><\/strong>La propia voluntad del imputado en su primer y \u00fanica declaraci\u00f3n en sede tribunalicia diciendo que se \u201chac\u00eda cargo\u201d de la muerte y que se consideraba culpable, simplific\u00f3 un tr\u00e1mite que no tuvo en pr\u00e1cticamente ninguna de las declaraciones escuchadas, ribetes esclarecedores. <strong>El punto m\u00e1s \u00e1lgido fueron las exposici\u00f3n de algunas fotograf\u00edas de la escena del hecho, que provoc\u00f3 el enojo con insultos de algunos de sus familiares, como parte del video de las declaraciones efectuadas por Tomaselli a Infopico.com.<\/strong><br \/>\nEn consecuencia, los alegatos tampoco tuvieron demasiado condimentos, m\u00e1s all\u00e1 de lo subjetivo de un \u00bfporqu\u00e9 la mat\u00f3? hecho que no estaba en los planes de la investigaci\u00f3n. El Ministerio P\u00fablico Fiscal en la persona del Dr. Alejandro Gilardenghi entiende que est\u00e1 debidamente probada la responsabilidad de Tomaselli en el crimen, por lo que solicit\u00f3 se lo condene como autor material de homicidio calificado por el v\u00ednculo con prisi\u00f3n perpetua mas costas, encuadrando este accionar en los art\u00edculos 80 inc.1) y 45 del C\u00f3digo Penal Argentino<br \/>\nFuente: <a href=\"http:\/\/www.infopico.com\/judiciales\/10044-caso-carla-figueroa-cadena-perpetua-para-marcelo-tomaselli\">InfoPico<\/a><br \/>\n&nbsp;<br \/>\n&nbsp;<br \/>\n&nbsp;<\/p>\n","protected":false},"excerpt":{"rendered":"<p>&nbsp; &nbsp; Marcelo Tomaselli fue sentenciado a cadena perpetua por femicidio agravado por el v\u00ednculo en grado de autor de qui\u00e9n fuera su esposa, la joven Carla Figueroa. Despu\u00e9s de que el Presidente del Tribunal, el doctor Florentino Rubio diera por concluido el debate oral y p\u00fablico para con Marcelo Tomaselli, la semana pasada, hoy [&hellip;]<\/p>\n","protected":false},"author":1,"featured_media":2183,"comment_status":"open","ping_status":"open","sticky":false,"template":"","format":"standard","meta":{"iawp_total_views":4,"footnotes":""},"categories":[5,4,21],"tags":[],"class_list":["post-2182","post","type-post","status-publish","format-standard","has-post-thumbnail","hentry","category-historias-de-vida","category-medios","category-noticias"],"nelio_content":{"autoShareEndMode":"never","automationSources":{"useCustomSentences":false,"customSentences":[]},"efiAlt":"","efiUrl":"","followers":[],"highlights":[],"isAutoShareEnabled":true,"networkImageIds":[],"permalinkQueryArgs":[],"series":[],"suggestedReferences":[]},"yoast_head":"<!-- This site is optimized with the Yoast SEO plugin v27.5 - https:\/\/yoast.com\/product\/yoast-seo-wordpress\/ -->\n<title>Caso Carla Figueroa: Cadena Perpetua para Marcelo Tomaselli - Diario Digital Femenino<\/title>\n<meta name=\"robots\" content=\"index, follow, max-snippet:-1, max-image-preview:large, max-video-preview:-1\" \/>\n<link rel=\"canonical\" href=\"https:\/\/diariofemenino.com.ar\/df\/caso-carla-figueroa-cadena-perpetua-para-marcelo-tomaselli\/\" \/>\n<meta property=\"og:locale\" content=\"es_ES\" \/>\n<meta property=\"og:type\" content=\"article\" \/>\n<meta property=\"og:title\" content=\"Caso Carla Figueroa: Cadena Perpetua para Marcelo Tomaselli - Diario Digital Femenino\" \/>\n<meta property=\"og:description\" content=\"&nbsp; &nbsp; Marcelo Tomaselli fue sentenciado a cadena perpetua por femicidio agravado por el v\u00ednculo en grado de autor de qui\u00e9n fuera su esposa, la joven Carla Figueroa. Despu\u00e9s de que el Presidente del Tribunal, el doctor Florentino Rubio diera por concluido el debate oral y p\u00fablico para con Marcelo Tomaselli, la semana pasada, hoy [&hellip;]\" \/>\n<meta property=\"og:url\" content=\"https:\/\/diariofemenino.com.ar\/df\/caso-carla-figueroa-cadena-perpetua-para-marcelo-tomaselli\/\" \/>\n<meta property=\"og:site_name\" content=\"Diario Digital Femenino\" \/>\n<meta property=\"article:publisher\" content=\"https:\/\/www.facebook.com\/DiarioDigitaFemenino\/\" \/>\n<meta property=\"article:published_time\" content=\"2012-06-27T12:50:43+00:00\" \/>\n<meta property=\"og:image\" content=\"https:\/\/diariofemenino.com.ar\/df\/wp-content\/uploads\/2016\/10\/logo-negro.png\" \/>\n\t<meta property=\"og:image:width\" content=\"855\" \/>\n\t<meta property=\"og:image:height\" content=\"319\" \/>\n\t<meta property=\"og:image:type\" content=\"image\/png\" \/>\n<meta name=\"author\" content=\"Admin\" \/>\n<meta name=\"twitter:card\" content=\"summary_large_image\" \/>\n<meta name=\"twitter:creator\" content=\"@DiarioFemenino1\" \/>\n<meta name=\"twitter:site\" content=\"@DiarioFemenino1\" \/>\n<meta name=\"twitter:label1\" content=\"Escrito por\" \/>\n\t<meta name=\"twitter:data1\" content=\"Admin\" \/>\n\t<meta name=\"twitter:label2\" content=\"Tiempo de lectura\" \/>\n\t<meta name=\"twitter:data2\" content=\"2 minutos\" \/>\n<script type=\"application\/ld+json\" class=\"yoast-schema-graph\">{\"@context\":\"https:\\\/\\\/schema.org\",\"@graph\":[{\"@type\":\"Article\",\"@id\":\"https:\\\/\\\/diariofemenino.com.ar\\\/df\\\/caso-carla-figueroa-cadena-perpetua-para-marcelo-tomaselli\\\/#article\",\"isPartOf\":{\"@id\":\"https:\\\/\\\/diariofemenino.com.ar\\\/df\\\/caso-carla-figueroa-cadena-perpetua-para-marcelo-tomaselli\\\/\"},\"author\":{\"name\":\"Admin\",\"@id\":\"https:\\\/\\\/diariofemenino.com.ar\\\/df\\\/#\\\/schema\\\/person\\\/38f54b3bfd13f561de2460ba95c169c6\"},\"headline\":\"Caso Carla Figueroa: Cadena Perpetua para Marcelo Tomaselli\",\"datePublished\":\"2012-06-27T12:50:43+00:00\",\"mainEntityOfPage\":{\"@id\":\"https:\\\/\\\/diariofemenino.com.ar\\\/df\\\/caso-carla-figueroa-cadena-perpetua-para-marcelo-tomaselli\\\/\"},\"wordCount\":484,\"commentCount\":0,\"publisher\":{\"@id\":\"https:\\\/\\\/diariofemenino.com.ar\\\/df\\\/#organization\"},\"image\":{\"@id\":\"https:\\\/\\\/diariofemenino.com.ar\\\/df\\\/caso-carla-figueroa-cadena-perpetua-para-marcelo-tomaselli\\\/#primaryimage\"},\"thumbnailUrl\":\"\",\"articleSection\":[\"Historias de vida\",\"Medios\",\"Noticias\"],\"inLanguage\":\"es\",\"potentialAction\":[{\"@type\":\"CommentAction\",\"name\":\"Comment\",\"target\":[\"https:\\\/\\\/diariofemenino.com.ar\\\/df\\\/caso-carla-figueroa-cadena-perpetua-para-marcelo-tomaselli\\\/#respond\"]}]},{\"@type\":\"WebPage\",\"@id\":\"https:\\\/\\\/diariofemenino.com.ar\\\/df\\\/caso-carla-figueroa-cadena-perpetua-para-marcelo-tomaselli\\\/\",\"url\":\"https:\\\/\\\/diariofemenino.com.ar\\\/df\\\/caso-carla-figueroa-cadena-perpetua-para-marcelo-tomaselli\\\/\",\"name\":\"Caso Carla Figueroa: Cadena Perpetua para Marcelo Tomaselli - Diario Digital Femenino\",\"isPartOf\":{\"@id\":\"https:\\\/\\\/diariofemenino.com.ar\\\/df\\\/#website\"},\"primaryImageOfPage\":{\"@id\":\"https:\\\/\\\/diariofemenino.com.ar\\\/df\\\/caso-carla-figueroa-cadena-perpetua-para-marcelo-tomaselli\\\/#primaryimage\"},\"image\":{\"@id\":\"https:\\\/\\\/diariofemenino.com.ar\\\/df\\\/caso-carla-figueroa-cadena-perpetua-para-marcelo-tomaselli\\\/#primaryimage\"},\"thumbnailUrl\":\"\",\"datePublished\":\"2012-06-27T12:50:43+00:00\",\"breadcrumb\":{\"@id\":\"https:\\\/\\\/diariofemenino.com.ar\\\/df\\\/caso-carla-figueroa-cadena-perpetua-para-marcelo-tomaselli\\\/#breadcrumb\"},\"inLanguage\":\"es\",\"potentialAction\":[{\"@type\":\"ReadAction\",\"target\":[\"https:\\\/\\\/diariofemenino.com.ar\\\/df\\\/caso-carla-figueroa-cadena-perpetua-para-marcelo-tomaselli\\\/\"]}]},{\"@type\":\"ImageObject\",\"inLanguage\":\"es\",\"@id\":\"https:\\\/\\\/diariofemenino.com.ar\\\/df\\\/caso-carla-figueroa-cadena-perpetua-para-marcelo-tomaselli\\\/#primaryimage\",\"url\":\"\",\"contentUrl\":\"\"},{\"@type\":\"BreadcrumbList\",\"@id\":\"https:\\\/\\\/diariofemenino.com.ar\\\/df\\\/caso-carla-figueroa-cadena-perpetua-para-marcelo-tomaselli\\\/#breadcrumb\",\"itemListElement\":[{\"@type\":\"ListItem\",\"position\":1,\"name\":\"Portada\",\"item\":\"https:\\\/\\\/diariofemenino.com.ar\\\/df\\\/\"},{\"@type\":\"ListItem\",\"position\":2,\"name\":\"Caso Carla Figueroa: Cadena Perpetua para Marcelo Tomaselli\"}]},{\"@type\":\"WebSite\",\"@id\":\"https:\\\/\\\/diariofemenino.com.ar\\\/df\\\/#website\",\"url\":\"https:\\\/\\\/diariofemenino.com.ar\\\/df\\\/\",\"name\":\"Diario Digital Femenino\",\"description\":\"Cuesti\u00f3n de G\u00e9nero\",\"publisher\":{\"@id\":\"https:\\\/\\\/diariofemenino.com.ar\\\/df\\\/#organization\"},\"potentialAction\":[{\"@type\":\"SearchAction\",\"target\":{\"@type\":\"EntryPoint\",\"urlTemplate\":\"https:\\\/\\\/diariofemenino.com.ar\\\/df\\\/?s={search_term_string}\"},\"query-input\":{\"@type\":\"PropertyValueSpecification\",\"valueRequired\":true,\"valueName\":\"search_term_string\"}}],\"inLanguage\":\"es\"},{\"@type\":\"Organization\",\"@id\":\"https:\\\/\\\/diariofemenino.com.ar\\\/df\\\/#organization\",\"name\":\"Diario Femenino\",\"url\":\"https:\\\/\\\/diariofemenino.com.ar\\\/df\\\/\",\"logo\":{\"@type\":\"ImageObject\",\"inLanguage\":\"es\",\"@id\":\"https:\\\/\\\/diariofemenino.com.ar\\\/df\\\/#\\\/schema\\\/logo\\\/image\\\/\",\"url\":\"https:\\\/\\\/diariofemenino.com.ar\\\/df\\\/wp-content\\\/uploads\\\/2018\\\/10\\\/logo.png\",\"contentUrl\":\"https:\\\/\\\/diariofemenino.com.ar\\\/df\\\/wp-content\\\/uploads\\\/2018\\\/10\\\/logo.png\",\"width\":500,\"height\":92,\"caption\":\"Diario Femenino\"},\"image\":{\"@id\":\"https:\\\/\\\/diariofemenino.com.ar\\\/df\\\/#\\\/schema\\\/logo\\\/image\\\/\"},\"sameAs\":[\"https:\\\/\\\/www.facebook.com\\\/DiarioDigitaFemenino\\\/\",\"https:\\\/\\\/x.com\\\/DiarioFemenino1\"]},{\"@type\":\"Person\",\"@id\":\"https:\\\/\\\/diariofemenino.com.ar\\\/df\\\/#\\\/schema\\\/person\\\/38f54b3bfd13f561de2460ba95c169c6\",\"name\":\"Admin\",\"image\":{\"@type\":\"ImageObject\",\"inLanguage\":\"es\",\"@id\":\"https:\\\/\\\/diariofemenino.com.ar\\\/df\\\/wp-content\\\/uploads\\\/2018\\\/12\\\/favicon-150x150.jpg\",\"url\":\"https:\\\/\\\/diariofemenino.com.ar\\\/df\\\/wp-content\\\/uploads\\\/2018\\\/12\\\/favicon-150x150.jpg\",\"contentUrl\":\"https:\\\/\\\/diariofemenino.com.ar\\\/df\\\/wp-content\\\/uploads\\\/2018\\\/12\\\/favicon-150x150.jpg\",\"caption\":\"Admin\"},\"url\":\"https:\\\/\\\/diariofemenino.com.ar\\\/df\\\/author\\\/adm18df\\\/\"}]}<\/script>\n<!-- \/ Yoast SEO plugin. -->","yoast_head_json":{"title":"Caso Carla Figueroa: Cadena Perpetua para Marcelo Tomaselli - Diario Digital Femenino","robots":{"index":"index","follow":"follow","max-snippet":"max-snippet:-1","max-image-preview":"max-image-preview:large","max-video-preview":"max-video-preview:-1"},"canonical":"https:\/\/diariofemenino.com.ar\/df\/caso-carla-figueroa-cadena-perpetua-para-marcelo-tomaselli\/","og_locale":"es_ES","og_type":"article","og_title":"Caso Carla Figueroa: Cadena Perpetua para Marcelo Tomaselli - Diario Digital Femenino","og_description":"&nbsp; &nbsp; Marcelo Tomaselli fue sentenciado a cadena perpetua por femicidio agravado por el v\u00ednculo en grado de autor de qui\u00e9n fuera su esposa, la joven Carla Figueroa. Despu\u00e9s de que el Presidente del Tribunal, el doctor Florentino Rubio diera por concluido el debate oral y p\u00fablico para con Marcelo Tomaselli, la semana pasada, hoy [&hellip;]","og_url":"https:\/\/diariofemenino.com.ar\/df\/caso-carla-figueroa-cadena-perpetua-para-marcelo-tomaselli\/","og_site_name":"Diario Digital Femenino","article_publisher":"https:\/\/www.facebook.com\/DiarioDigitaFemenino\/","article_published_time":"2012-06-27T12:50:43+00:00","og_image":[{"width":855,"height":319,"url":"https:\/\/diariofemenino.com.ar\/df\/wp-content\/uploads\/2016\/10\/logo-negro.png","type":"image\/png"}],"author":"Admin","twitter_card":"summary_large_image","twitter_creator":"@DiarioFemenino1","twitter_site":"@DiarioFemenino1","twitter_misc":{"Escrito por":"Admin","Tiempo de lectura":"2 minutos"},"schema":{"@context":"https:\/\/schema.org","@graph":[{"@type":"Article","@id":"https:\/\/diariofemenino.com.ar\/df\/caso-carla-figueroa-cadena-perpetua-para-marcelo-tomaselli\/#article","isPartOf":{"@id":"https:\/\/diariofemenino.com.ar\/df\/caso-carla-figueroa-cadena-perpetua-para-marcelo-tomaselli\/"},"author":{"name":"Admin","@id":"https:\/\/diariofemenino.com.ar\/df\/#\/schema\/person\/38f54b3bfd13f561de2460ba95c169c6"},"headline":"Caso Carla Figueroa: Cadena Perpetua para Marcelo Tomaselli","datePublished":"2012-06-27T12:50:43+00:00","mainEntityOfPage":{"@id":"https:\/\/diariofemenino.com.ar\/df\/caso-carla-figueroa-cadena-perpetua-para-marcelo-tomaselli\/"},"wordCount":484,"commentCount":0,"publisher":{"@id":"https:\/\/diariofemenino.com.ar\/df\/#organization"},"image":{"@id":"https:\/\/diariofemenino.com.ar\/df\/caso-carla-figueroa-cadena-perpetua-para-marcelo-tomaselli\/#primaryimage"},"thumbnailUrl":"","articleSection":["Historias de vida","Medios","Noticias"],"inLanguage":"es","potentialAction":[{"@type":"CommentAction","name":"Comment","target":["https:\/\/diariofemenino.com.ar\/df\/caso-carla-figueroa-cadena-perpetua-para-marcelo-tomaselli\/#respond"]}]},{"@type":"WebPage","@id":"https:\/\/diariofemenino.com.ar\/df\/caso-carla-figueroa-cadena-perpetua-para-marcelo-tomaselli\/","url":"https:\/\/diariofemenino.com.ar\/df\/caso-carla-figueroa-cadena-perpetua-para-marcelo-tomaselli\/","name":"Caso Carla Figueroa: Cadena Perpetua para Marcelo Tomaselli - Diario Digital Femenino","isPartOf":{"@id":"https:\/\/diariofemenino.com.ar\/df\/#website"},"primaryImageOfPage":{"@id":"https:\/\/diariofemenino.com.ar\/df\/caso-carla-figueroa-cadena-perpetua-para-marcelo-tomaselli\/#primaryimage"},"image":{"@id":"https:\/\/diariofemenino.com.ar\/df\/caso-carla-figueroa-cadena-perpetua-para-marcelo-tomaselli\/#primaryimage"},"thumbnailUrl":"","datePublished":"2012-06-27T12:50:43+00:00","breadcrumb":{"@id":"https:\/\/diariofemenino.com.ar\/df\/caso-carla-figueroa-cadena-perpetua-para-marcelo-tomaselli\/#breadcrumb"},"inLanguage":"es","potentialAction":[{"@type":"ReadAction","target":["https:\/\/diariofemenino.com.ar\/df\/caso-carla-figueroa-cadena-perpetua-para-marcelo-tomaselli\/"]}]},{"@type":"ImageObject","inLanguage":"es","@id":"https:\/\/diariofemenino.com.ar\/df\/caso-carla-figueroa-cadena-perpetua-para-marcelo-tomaselli\/#primaryimage","url":"","contentUrl":""},{"@type":"BreadcrumbList","@id":"https:\/\/diariofemenino.com.ar\/df\/caso-carla-figueroa-cadena-perpetua-para-marcelo-tomaselli\/#breadcrumb","itemListElement":[{"@type":"ListItem","position":1,"name":"Portada","item":"https:\/\/diariofemenino.com.ar\/df\/"},{"@type":"ListItem","position":2,"name":"Caso Carla Figueroa: Cadena Perpetua para Marcelo Tomaselli"}]},{"@type":"WebSite","@id":"https:\/\/diariofemenino.com.ar\/df\/#website","url":"https:\/\/diariofemenino.com.ar\/df\/","name":"Diario Digital Femenino","description":"Cuesti\u00f3n de G\u00e9nero","publisher":{"@id":"https:\/\/diariofemenino.com.ar\/df\/#organization"},"potentialAction":[{"@type":"SearchAction","target":{"@type":"EntryPoint","urlTemplate":"https:\/\/diariofemenino.com.ar\/df\/?s={search_term_string}"},"query-input":{"@type":"PropertyValueSpecification","valueRequired":true,"valueName":"search_term_string"}}],"inLanguage":"es"},{"@type":"Organization","@id":"https:\/\/diariofemenino.com.ar\/df\/#organization","name":"Diario Femenino","url":"https:\/\/diariofemenino.com.ar\/df\/","logo":{"@type":"ImageObject","inLanguage":"es","@id":"https:\/\/diariofemenino.com.ar\/df\/#\/schema\/logo\/image\/","url":"https:\/\/diariofemenino.com.ar\/df\/wp-content\/uploads\/2018\/10\/logo.png","contentUrl":"https:\/\/diariofemenino.com.ar\/df\/wp-content\/uploads\/2018\/10\/logo.png","width":500,"height":92,"caption":"Diario Femenino"},"image":{"@id":"https:\/\/diariofemenino.com.ar\/df\/#\/schema\/logo\/image\/"},"sameAs":["https:\/\/www.facebook.com\/DiarioDigitaFemenino\/","https:\/\/x.com\/DiarioFemenino1"]},{"@type":"Person","@id":"https:\/\/diariofemenino.com.ar\/df\/#\/schema\/person\/38f54b3bfd13f561de2460ba95c169c6","name":"Admin","image":{"@type":"ImageObject","inLanguage":"es","@id":"https:\/\/diariofemenino.com.ar\/df\/wp-content\/uploads\/2018\/12\/favicon-150x150.jpg","url":"https:\/\/diariofemenino.com.ar\/df\/wp-content\/uploads\/2018\/12\/favicon-150x150.jpg","contentUrl":"https:\/\/diariofemenino.com.ar\/df\/wp-content\/uploads\/2018\/12\/favicon-150x150.jpg","caption":"Admin"},"url":"https:\/\/diariofemenino.com.ar\/df\/author\/adm18df\/"}]}},"jetpack_featured_media_url":"","jetpack_sharing_enabled":true,"rttpg_featured_image_url":null,"rttpg_author":{"display_name":"Admin","author_link":"https:\/\/diariofemenino.com.ar\/df\/author\/adm18df\/"},"rttpg_comment":0,"rttpg_category":"<a href=\"https:\/\/diariofemenino.com.ar\/df\/category\/historias-de-vida\/\" rel=\"category tag\">Historias de vida<\/a> <a href=\"https:\/\/diariofemenino.com.ar\/df\/category\/medios\/\" rel=\"category tag\">Medios<\/a> <a href=\"https:\/\/diariofemenino.com.ar\/df\/category\/noticias\/\" rel=\"category tag\">Noticias<\/a>","rttpg_excerpt":"&nbsp; &nbsp; Marcelo Tomaselli fue sentenciado a cadena perpetua por femicidio agravado por el v\u00ednculo en grado de autor de qui\u00e9n fuera su esposa, la joven Carla Figueroa. Despu\u00e9s de que el Presidente del Tribunal, el doctor Florentino Rubio diera por concluido el debate oral y p\u00fablico para con Marcelo Tomaselli, la semana pasada, hoy&hellip;","_links":{"self":[{"href":"https:\/\/diariofemenino.com.ar\/df\/wp-json\/wp\/v2\/posts\/2182","targetHints":{"allow":["GET"]}}],"collection":[{"href":"https:\/\/diariofemenino.com.ar\/df\/wp-json\/wp\/v2\/posts"}],"about":[{"href":"https:\/\/diariofemenino.com.ar\/df\/wp-json\/wp\/v2\/types\/post"}],"author":[{"embeddable":true,"href":"https:\/\/diariofemenino.com.ar\/df\/wp-json\/wp\/v2\/users\/1"}],"replies":[{"embeddable":true,"href":"https:\/\/diariofemenino.com.ar\/df\/wp-json\/wp\/v2\/comments?post=2182"}],"version-history":[{"count":0,"href":"https:\/\/diariofemenino.com.ar\/df\/wp-json\/wp\/v2\/posts\/2182\/revisions"}],"wp:featuredmedia":[{"embeddable":true,"href":"https:\/\/diariofemenino.com.ar\/df\/wp-json\/"}],"wp:attachment":[{"href":"https:\/\/diariofemenino.com.ar\/df\/wp-json\/wp\/v2\/media?parent=2182"}],"wp:term":[{"taxonomy":"category","embeddable":true,"href":"https:\/\/diariofemenino.com.ar\/df\/wp-json\/wp\/v2\/categories?post=2182"},{"taxonomy":"post_tag","embeddable":true,"href":"https:\/\/diariofemenino.com.ar\/df\/wp-json\/wp\/v2\/tags?post=2182"}],"curies":[{"name":"wp","href":"https:\/\/api.w.org\/{rel}","templated":true}]}}