{"id":2177,"date":"2012-06-25T21:04:02","date_gmt":"2012-06-26T00:04:02","guid":{"rendered":"http:\/\/www.diariofemenino.com.ar\/?p=2177"},"modified":"2012-06-25T21:04:02","modified_gmt":"2012-06-26T00:04:02","slug":"aborto-no-punible-el-frente-grande-de-chaco-pide-tratamiento","status":"publish","type":"post","link":"https:\/\/diariofemenino.com.ar\/df\/aborto-no-punible-el-frente-grande-de-chaco-pide-tratamiento\/","title":{"rendered":"Aborto no Punible: El Frente Grande de Chaco pide tratamiento"},"content":{"rendered":"<p>&nbsp;<br \/>\n&nbsp;<br \/>\n&nbsp;<\/p>\n<h2>\u00abEl Estado debe saldar las deudas con las mujeres\u00bb<\/h2>\n<div>\n25\/06\/2012 | <em>El partido pide tratamiento urgente en la C\u00e1mara de Diputados de las iniciativas sobre la despenalizaci\u00f3n del aborto. Adem\u00e1s solicitan al Ejecutivo la creaci\u00f3n del protocolo m\u00e9dico al cual ya se adhirieron 14 provincias.<br \/>\n<a href=\"http:\/\/www.diariofemenino.com.ar\/wp-content\/uploads\/206806.jpg\"><img loading=\"lazy\" decoding=\"async\" class=\"aligncenter size-full wp-image-2179\" title=\"206806\" src=\"http:\/\/www.diariofemenino.com.ar\/wp-content\/uploads\/206806.jpg\" alt=\"\" width=\"530\" height=\"351\" \/><\/a><\/em><br \/>\nEl Frente Grande -m\u00e1s precisamente su espacio de g\u00e9nero- hizo un pedido p\u00fablico a todo\u00a0 el Estado Provincial (en sus tres poderes) para el debate sobre el aborto no punible, a la concreci\u00f3n de un protocolo m\u00e9dico para actuar al respecto, adhiriendo a la medida tomada por el Superior Tribunal de Justicia de la Naci\u00f3n. Reclaman as\u00ed \u00absaldar esta deuda de la democracia, para abocarnos a la impostergable discusi\u00f3n, en el Congreso Nacional, sobre la legalizaci\u00f3n y despenalizaci\u00f3n del aborto, que es todav\u00eda una asignatura pendiente\u00bb.<br \/>\nDesde el partido \u2013que tiene por referente al ex diputado Daniel San Crist\u00f3bal y a los actuales legisladores Fabricio Bolatti y\u00a0 Daniel Traval\u00f3n- recordaron el fallo de la Suprema Corte que plantea una exhortaci\u00f3n a las autoridades nacionales y provinciales a implementar y hacer operativos (mediante normas del m\u00e1s alto nivel), protocolos hospitalarios para la atenci\u00f3n de abortos no punibles. El objetivo es remover los obst\u00e1culos de todo tipo que hoy existen para su realizaci\u00f3n. \u00abEl Alto Tribunal es muy espec\u00edfico en este punto y detalla todos los aspectos a los que deber\u00e1 atender cada protocolo a dictarse, para impedir que se frustren los derechos establecidos por ley\u00bb, explican y detallan que ya son m\u00e1s de 14 provincias las que adhirieron a este planteo.<br \/>\n\u00abEn nuestra provincia no pasa lo mismo, ni desde el Poder Ejecutivo, que hasta ac\u00e1 no ha expresado nada sobre este tema\u00bb, manifestaron y se\u00f1alaron que los diputados chaque\u00f1os en los hechos, demostraron no interesarles comenzar a cumplir con el fallo.<br \/>\n\u00abPara nuestra Legislatura parecer\u00eda que\u00a0 no existen el art\u00edculo 86 del C\u00f3digo Penal, ni el fallo de la Corte, dado que una buena porci\u00f3n de sus integrantes se niegan a dar tratamiento a las iniciativas presentadas\u00bb, destacan en tono de queja \u00a0y recuerdan que San Crist\u00f3bal present\u00f3 un proyecto hace cinco a\u00f1os\u00a0 y el diputado provincial Carlos Mart\u00ednez -de Libres del Sur- hizo lo propio hace poco tiempo. \u00abEn la C\u00e1mara de Diputados, en la \u00faltima sesi\u00f3n, un acuerdo de los bloques mayoritarios, UCR y PJ, impidi\u00f3 que se pueda acordar una fecha para el tratamiento de estos proyectos que tienen estado parlamentario\u00bb, comentaron.<br \/>\nAl respecto se preguntaron si har\u00e1 falta demostrar la misma crueldad que se aplic\u00f3 a la joven aborigen\u00a0 para que el estado chaque\u00f1o garantice abortos no punibles, establecidos hace 91 a\u00f1os.<br \/>\n<strong><br \/>\nPrecedentes<\/strong><br \/>\nAnte este debate y el pedido claro a los poderes estatales, el Frente Grande recuerda que el Comit\u00e9 de Derechos Humanos de Naciones Unidas en el caso denunciado de una ni\u00f1a aborigen violada en El Impenetrable y luego re criminalizada\u00a0 en Salud P\u00fablica,\u00a0 Polic\u00eda y Poder Judicial del Chaco,\u00a0 orden\u00f3 implementar medidas para que no se repitan atropellos similares. Adem\u00e1s de asegurar el acceso de las v\u00edctimas de violencia, incluidas las agresiones sexuales, a los tribunales en condiciones de igualdad.<br \/>\n\u00abDurante casi un siglo el Estado argentino, a trav\u00e9s de sus tres poderes y en sus diferentes distritos, dej\u00f3 al arbitrio personal de sus funcionarios la aplicaci\u00f3n del art\u00edculo 86, inciso 1 y 2, del C\u00f3digo Penal, producto de las presiones de los sectores religiosos fundamentalistas, que se niegan a aceptar que vivimos en un estado laico y plural\u00bb, consideraron y se\u00f1alaron que\u00a0 pretenden\u00a0 establecer dogmas morales por encima de las leyes. \u00abEste art\u00edculo se encuentra vigente en nuestro C\u00f3digo Penal desde 1921, pero le fue sistem\u00e1ticamente negado\u00a0 a\u00a0 miles de mujeres, que a trav\u00e9s de su cuerpo vivieron esta negativa del derecho a un aborto no punible\u00bb, aseguran.<br \/>\nEn este sentido recordaron el reciente fallo de la CSJN recoge los argumentos de la decisi\u00f3n del mismo Comit\u00e9 de Derechos Humanos que atendi\u00f3 la petici\u00f3n de la joven chaque\u00f1a. As\u00ed realiz\u00f3 una lectura comprensiva y respetuosa de los est\u00e1ndares internacionales de Derechos Humanos y de los principios constitucionales, clarificando el alcance del Art 86 inciso 2 del\u00a0 C\u00f3digo Penal afirmando que todas las mujeres con un embarazo producto de violaci\u00f3n, tendr\u00e1n derecho a acceder a un aborto en tiempo y forma, en el sistema de salud, y con la presentaci\u00f3n de una\u00a0 declaraci\u00f3n jurada de haber sido violada.<br \/>\nSe\u00f1alaron que el hecho sobre el que\u00a0 resolvi\u00f3 la Corte ya era abstracto, la joven afectada (en la provincia de Chubut, una chica\u00a0 de 15 de a\u00f1os, que fuera\u00a0 violada por su padrastro) en el expediente bajo estudio ya hab\u00eda\u00a0 abortado, sin embargo dicta igualmente el fallo para que se tome como precedente para casos similares. Se trata entonces de una doctrina especialmente determinada por el Alto Tribunal para sentar jurisprudencia y evitar futuros debates judiciales.<br \/>\nDe acuerdo al fallo, los m\u00e9dicos deber\u00e1n proceder en el \u00e1mbito de la consulta, y sin solicitar autorizaci\u00f3n judicial; si alg\u00fan juez recibiera el pedido, deber\u00e1 reiterar esta directiva. De lo contrario, la Justicia estar\u00eda interponiendo, dice la resoluci\u00f3n, \u00abun vallado extra\u00bb y \u00abentorpece una concreta situaci\u00f3n de emergencia sanitaria. El m\u00e1ximo tribunal del Estado argentino ha comenzado a saldar parte de la deuda que a\u00fan mantiene en el reconocimiento de derechos fundamentales de las mujeres\u00bb, consideran desde el partido.\n<\/div>\n<p>&nbsp;<br \/>\nFuente: <a href=\"http:\/\/www.diariolavozdelchaco.com\/notix\/noticia\/05015_aborto-no-punible-el-estado-debe-saldar-las-deudas-con-las-mujeres-.htm\">La Voz de Chaco<\/a><br \/>\n&nbsp;<br \/>\n&nbsp;<\/p>\n","protected":false},"excerpt":{"rendered":"<p>&nbsp; &nbsp; &nbsp; \u00abEl Estado debe saldar las deudas con las mujeres\u00bb 25\/06\/2012 | El partido pide tratamiento urgente en la C\u00e1mara de Diputados de las iniciativas sobre la despenalizaci\u00f3n del aborto. Adem\u00e1s solicitan al Ejecutivo la creaci\u00f3n del protocolo m\u00e9dico al cual ya se adhirieron 14 provincias. El Frente Grande -m\u00e1s precisamente su espacio [&hellip;]<\/p>\n","protected":false},"author":1,"featured_media":0,"comment_status":"open","ping_status":"open","sticky":false,"template":"","format":"standard","meta":{"iawp_total_views":1,"footnotes":""},"categories":[22,4],"tags":[],"class_list":["post-2177","post","type-post","status-publish","format-standard","hentry","category-aborto","category-medios"],"nelio_content":{"autoShareEndMode":"never","automationSources":{"useCustomSentences":false,"customSentences":[]},"efiAlt":"","efiUrl":"","followers":[],"highlights":[],"isAutoShareEnabled":true,"networkImageIds":[],"permalinkQueryArgs":[],"series":[],"suggestedReferences":[]},"yoast_head":"<!-- This site is optimized with the Yoast SEO plugin v27.5 - https:\/\/yoast.com\/product\/yoast-seo-wordpress\/ -->\n<title>Aborto no Punible: El Frente Grande de Chaco pide tratamiento - Diario Digital Femenino<\/title>\n<meta name=\"robots\" content=\"index, follow, max-snippet:-1, max-image-preview:large, max-video-preview:-1\" \/>\n<link rel=\"canonical\" href=\"https:\/\/diariofemenino.com.ar\/df\/aborto-no-punible-el-frente-grande-de-chaco-pide-tratamiento\/\" \/>\n<meta property=\"og:locale\" content=\"es_ES\" \/>\n<meta property=\"og:type\" content=\"article\" \/>\n<meta property=\"og:title\" content=\"Aborto no Punible: El Frente Grande de Chaco pide tratamiento - Diario Digital Femenino\" \/>\n<meta property=\"og:description\" content=\"&nbsp; &nbsp; &nbsp; \u00abEl Estado debe saldar las deudas con las mujeres\u00bb 25\/06\/2012 | El partido pide tratamiento urgente en la C\u00e1mara de Diputados de las iniciativas sobre la despenalizaci\u00f3n del aborto. Adem\u00e1s solicitan al Ejecutivo la creaci\u00f3n del protocolo m\u00e9dico al cual ya se adhirieron 14 provincias. El Frente Grande -m\u00e1s precisamente su espacio [&hellip;]\" \/>\n<meta property=\"og:url\" content=\"https:\/\/diariofemenino.com.ar\/df\/aborto-no-punible-el-frente-grande-de-chaco-pide-tratamiento\/\" \/>\n<meta property=\"og:site_name\" content=\"Diario Digital Femenino\" \/>\n<meta property=\"article:publisher\" content=\"https:\/\/www.facebook.com\/DiarioDigitaFemenino\/\" \/>\n<meta property=\"article:published_time\" content=\"2012-06-26T00:04:02+00:00\" \/>\n<meta property=\"og:image\" content=\"http:\/\/www.diariofemenino.com.ar\/wp-content\/uploads\/206806.jpg\" \/>\n<meta name=\"author\" content=\"Admin\" \/>\n<meta name=\"twitter:card\" content=\"summary_large_image\" \/>\n<meta name=\"twitter:creator\" content=\"@DiarioFemenino1\" \/>\n<meta name=\"twitter:site\" content=\"@DiarioFemenino1\" \/>\n<meta name=\"twitter:label1\" content=\"Escrito por\" \/>\n\t<meta name=\"twitter:data1\" content=\"Admin\" \/>\n\t<meta name=\"twitter:label2\" content=\"Tiempo de lectura\" \/>\n\t<meta name=\"twitter:data2\" content=\"5 minutos\" \/>\n<script type=\"application\/ld+json\" class=\"yoast-schema-graph\">{\"@context\":\"https:\\\/\\\/schema.org\",\"@graph\":[{\"@type\":\"Article\",\"@id\":\"https:\\\/\\\/diariofemenino.com.ar\\\/df\\\/aborto-no-punible-el-frente-grande-de-chaco-pide-tratamiento\\\/#article\",\"isPartOf\":{\"@id\":\"https:\\\/\\\/diariofemenino.com.ar\\\/df\\\/aborto-no-punible-el-frente-grande-de-chaco-pide-tratamiento\\\/\"},\"author\":{\"name\":\"Admin\",\"@id\":\"https:\\\/\\\/diariofemenino.com.ar\\\/df\\\/#\\\/schema\\\/person\\\/38f54b3bfd13f561de2460ba95c169c6\"},\"headline\":\"Aborto no Punible: El Frente Grande de Chaco pide tratamiento\",\"datePublished\":\"2012-06-26T00:04:02+00:00\",\"mainEntityOfPage\":{\"@id\":\"https:\\\/\\\/diariofemenino.com.ar\\\/df\\\/aborto-no-punible-el-frente-grande-de-chaco-pide-tratamiento\\\/\"},\"wordCount\":956,\"commentCount\":0,\"publisher\":{\"@id\":\"https:\\\/\\\/diariofemenino.com.ar\\\/df\\\/#organization\"},\"image\":{\"@id\":\"https:\\\/\\\/diariofemenino.com.ar\\\/df\\\/aborto-no-punible-el-frente-grande-de-chaco-pide-tratamiento\\\/#primaryimage\"},\"thumbnailUrl\":\"http:\\\/\\\/www.diariofemenino.com.ar\\\/wp-content\\\/uploads\\\/206806.jpg\",\"articleSection\":[\"Aborto\",\"Medios\"],\"inLanguage\":\"es\",\"potentialAction\":[{\"@type\":\"CommentAction\",\"name\":\"Comment\",\"target\":[\"https:\\\/\\\/diariofemenino.com.ar\\\/df\\\/aborto-no-punible-el-frente-grande-de-chaco-pide-tratamiento\\\/#respond\"]}]},{\"@type\":\"WebPage\",\"@id\":\"https:\\\/\\\/diariofemenino.com.ar\\\/df\\\/aborto-no-punible-el-frente-grande-de-chaco-pide-tratamiento\\\/\",\"url\":\"https:\\\/\\\/diariofemenino.com.ar\\\/df\\\/aborto-no-punible-el-frente-grande-de-chaco-pide-tratamiento\\\/\",\"name\":\"Aborto no Punible: El Frente Grande de Chaco pide tratamiento - Diario Digital Femenino\",\"isPartOf\":{\"@id\":\"https:\\\/\\\/diariofemenino.com.ar\\\/df\\\/#website\"},\"primaryImageOfPage\":{\"@id\":\"https:\\\/\\\/diariofemenino.com.ar\\\/df\\\/aborto-no-punible-el-frente-grande-de-chaco-pide-tratamiento\\\/#primaryimage\"},\"image\":{\"@id\":\"https:\\\/\\\/diariofemenino.com.ar\\\/df\\\/aborto-no-punible-el-frente-grande-de-chaco-pide-tratamiento\\\/#primaryimage\"},\"thumbnailUrl\":\"http:\\\/\\\/www.diariofemenino.com.ar\\\/wp-content\\\/uploads\\\/206806.jpg\",\"datePublished\":\"2012-06-26T00:04:02+00:00\",\"breadcrumb\":{\"@id\":\"https:\\\/\\\/diariofemenino.com.ar\\\/df\\\/aborto-no-punible-el-frente-grande-de-chaco-pide-tratamiento\\\/#breadcrumb\"},\"inLanguage\":\"es\",\"potentialAction\":[{\"@type\":\"ReadAction\",\"target\":[\"https:\\\/\\\/diariofemenino.com.ar\\\/df\\\/aborto-no-punible-el-frente-grande-de-chaco-pide-tratamiento\\\/\"]}]},{\"@type\":\"ImageObject\",\"inLanguage\":\"es\",\"@id\":\"https:\\\/\\\/diariofemenino.com.ar\\\/df\\\/aborto-no-punible-el-frente-grande-de-chaco-pide-tratamiento\\\/#primaryimage\",\"url\":\"http:\\\/\\\/www.diariofemenino.com.ar\\\/wp-content\\\/uploads\\\/206806.jpg\",\"contentUrl\":\"http:\\\/\\\/www.diariofemenino.com.ar\\\/wp-content\\\/uploads\\\/206806.jpg\"},{\"@type\":\"BreadcrumbList\",\"@id\":\"https:\\\/\\\/diariofemenino.com.ar\\\/df\\\/aborto-no-punible-el-frente-grande-de-chaco-pide-tratamiento\\\/#breadcrumb\",\"itemListElement\":[{\"@type\":\"ListItem\",\"position\":1,\"name\":\"Portada\",\"item\":\"https:\\\/\\\/diariofemenino.com.ar\\\/df\\\/\"},{\"@type\":\"ListItem\",\"position\":2,\"name\":\"Aborto no Punible: El Frente Grande de Chaco pide tratamiento\"}]},{\"@type\":\"WebSite\",\"@id\":\"https:\\\/\\\/diariofemenino.com.ar\\\/df\\\/#website\",\"url\":\"https:\\\/\\\/diariofemenino.com.ar\\\/df\\\/\",\"name\":\"Diario Digital Femenino\",\"description\":\"Cuesti\u00f3n de G\u00e9nero\",\"publisher\":{\"@id\":\"https:\\\/\\\/diariofemenino.com.ar\\\/df\\\/#organization\"},\"potentialAction\":[{\"@type\":\"SearchAction\",\"target\":{\"@type\":\"EntryPoint\",\"urlTemplate\":\"https:\\\/\\\/diariofemenino.com.ar\\\/df\\\/?s={search_term_string}\"},\"query-input\":{\"@type\":\"PropertyValueSpecification\",\"valueRequired\":true,\"valueName\":\"search_term_string\"}}],\"inLanguage\":\"es\"},{\"@type\":\"Organization\",\"@id\":\"https:\\\/\\\/diariofemenino.com.ar\\\/df\\\/#organization\",\"name\":\"Diario Femenino\",\"url\":\"https:\\\/\\\/diariofemenino.com.ar\\\/df\\\/\",\"logo\":{\"@type\":\"ImageObject\",\"inLanguage\":\"es\",\"@id\":\"https:\\\/\\\/diariofemenino.com.ar\\\/df\\\/#\\\/schema\\\/logo\\\/image\\\/\",\"url\":\"https:\\\/\\\/diariofemenino.com.ar\\\/df\\\/wp-content\\\/uploads\\\/2018\\\/10\\\/logo.png\",\"contentUrl\":\"https:\\\/\\\/diariofemenino.com.ar\\\/df\\\/wp-content\\\/uploads\\\/2018\\\/10\\\/logo.png\",\"width\":500,\"height\":92,\"caption\":\"Diario Femenino\"},\"image\":{\"@id\":\"https:\\\/\\\/diariofemenino.com.ar\\\/df\\\/#\\\/schema\\\/logo\\\/image\\\/\"},\"sameAs\":[\"https:\\\/\\\/www.facebook.com\\\/DiarioDigitaFemenino\\\/\",\"https:\\\/\\\/x.com\\\/DiarioFemenino1\"]},{\"@type\":\"Person\",\"@id\":\"https:\\\/\\\/diariofemenino.com.ar\\\/df\\\/#\\\/schema\\\/person\\\/38f54b3bfd13f561de2460ba95c169c6\",\"name\":\"Admin\",\"image\":{\"@type\":\"ImageObject\",\"inLanguage\":\"es\",\"@id\":\"https:\\\/\\\/diariofemenino.com.ar\\\/df\\\/wp-content\\\/uploads\\\/2018\\\/12\\\/favicon-150x150.jpg\",\"url\":\"https:\\\/\\\/diariofemenino.com.ar\\\/df\\\/wp-content\\\/uploads\\\/2018\\\/12\\\/favicon-150x150.jpg\",\"contentUrl\":\"https:\\\/\\\/diariofemenino.com.ar\\\/df\\\/wp-content\\\/uploads\\\/2018\\\/12\\\/favicon-150x150.jpg\",\"caption\":\"Admin\"},\"url\":\"https:\\\/\\\/diariofemenino.com.ar\\\/df\\\/author\\\/adm18df\\\/\"}]}<\/script>\n<!-- \/ Yoast SEO plugin. -->","yoast_head_json":{"title":"Aborto no Punible: El Frente Grande de Chaco pide tratamiento - Diario Digital Femenino","robots":{"index":"index","follow":"follow","max-snippet":"max-snippet:-1","max-image-preview":"max-image-preview:large","max-video-preview":"max-video-preview:-1"},"canonical":"https:\/\/diariofemenino.com.ar\/df\/aborto-no-punible-el-frente-grande-de-chaco-pide-tratamiento\/","og_locale":"es_ES","og_type":"article","og_title":"Aborto no Punible: El Frente Grande de Chaco pide tratamiento - Diario Digital Femenino","og_description":"&nbsp; &nbsp; &nbsp; \u00abEl Estado debe saldar las deudas con las mujeres\u00bb 25\/06\/2012 | El partido pide tratamiento urgente en la C\u00e1mara de Diputados de las iniciativas sobre la despenalizaci\u00f3n del aborto. Adem\u00e1s solicitan al Ejecutivo la creaci\u00f3n del protocolo m\u00e9dico al cual ya se adhirieron 14 provincias. El Frente Grande -m\u00e1s precisamente su espacio [&hellip;]","og_url":"https:\/\/diariofemenino.com.ar\/df\/aborto-no-punible-el-frente-grande-de-chaco-pide-tratamiento\/","og_site_name":"Diario Digital Femenino","article_publisher":"https:\/\/www.facebook.com\/DiarioDigitaFemenino\/","article_published_time":"2012-06-26T00:04:02+00:00","og_image":[{"url":"http:\/\/www.diariofemenino.com.ar\/wp-content\/uploads\/206806.jpg","type":"","width":"","height":""}],"author":"Admin","twitter_card":"summary_large_image","twitter_creator":"@DiarioFemenino1","twitter_site":"@DiarioFemenino1","twitter_misc":{"Escrito por":"Admin","Tiempo de lectura":"5 minutos"},"schema":{"@context":"https:\/\/schema.org","@graph":[{"@type":"Article","@id":"https:\/\/diariofemenino.com.ar\/df\/aborto-no-punible-el-frente-grande-de-chaco-pide-tratamiento\/#article","isPartOf":{"@id":"https:\/\/diariofemenino.com.ar\/df\/aborto-no-punible-el-frente-grande-de-chaco-pide-tratamiento\/"},"author":{"name":"Admin","@id":"https:\/\/diariofemenino.com.ar\/df\/#\/schema\/person\/38f54b3bfd13f561de2460ba95c169c6"},"headline":"Aborto no Punible: El Frente Grande de Chaco pide tratamiento","datePublished":"2012-06-26T00:04:02+00:00","mainEntityOfPage":{"@id":"https:\/\/diariofemenino.com.ar\/df\/aborto-no-punible-el-frente-grande-de-chaco-pide-tratamiento\/"},"wordCount":956,"commentCount":0,"publisher":{"@id":"https:\/\/diariofemenino.com.ar\/df\/#organization"},"image":{"@id":"https:\/\/diariofemenino.com.ar\/df\/aborto-no-punible-el-frente-grande-de-chaco-pide-tratamiento\/#primaryimage"},"thumbnailUrl":"http:\/\/www.diariofemenino.com.ar\/wp-content\/uploads\/206806.jpg","articleSection":["Aborto","Medios"],"inLanguage":"es","potentialAction":[{"@type":"CommentAction","name":"Comment","target":["https:\/\/diariofemenino.com.ar\/df\/aborto-no-punible-el-frente-grande-de-chaco-pide-tratamiento\/#respond"]}]},{"@type":"WebPage","@id":"https:\/\/diariofemenino.com.ar\/df\/aborto-no-punible-el-frente-grande-de-chaco-pide-tratamiento\/","url":"https:\/\/diariofemenino.com.ar\/df\/aborto-no-punible-el-frente-grande-de-chaco-pide-tratamiento\/","name":"Aborto no Punible: El Frente Grande de Chaco pide tratamiento - Diario Digital Femenino","isPartOf":{"@id":"https:\/\/diariofemenino.com.ar\/df\/#website"},"primaryImageOfPage":{"@id":"https:\/\/diariofemenino.com.ar\/df\/aborto-no-punible-el-frente-grande-de-chaco-pide-tratamiento\/#primaryimage"},"image":{"@id":"https:\/\/diariofemenino.com.ar\/df\/aborto-no-punible-el-frente-grande-de-chaco-pide-tratamiento\/#primaryimage"},"thumbnailUrl":"http:\/\/www.diariofemenino.com.ar\/wp-content\/uploads\/206806.jpg","datePublished":"2012-06-26T00:04:02+00:00","breadcrumb":{"@id":"https:\/\/diariofemenino.com.ar\/df\/aborto-no-punible-el-frente-grande-de-chaco-pide-tratamiento\/#breadcrumb"},"inLanguage":"es","potentialAction":[{"@type":"ReadAction","target":["https:\/\/diariofemenino.com.ar\/df\/aborto-no-punible-el-frente-grande-de-chaco-pide-tratamiento\/"]}]},{"@type":"ImageObject","inLanguage":"es","@id":"https:\/\/diariofemenino.com.ar\/df\/aborto-no-punible-el-frente-grande-de-chaco-pide-tratamiento\/#primaryimage","url":"http:\/\/www.diariofemenino.com.ar\/wp-content\/uploads\/206806.jpg","contentUrl":"http:\/\/www.diariofemenino.com.ar\/wp-content\/uploads\/206806.jpg"},{"@type":"BreadcrumbList","@id":"https:\/\/diariofemenino.com.ar\/df\/aborto-no-punible-el-frente-grande-de-chaco-pide-tratamiento\/#breadcrumb","itemListElement":[{"@type":"ListItem","position":1,"name":"Portada","item":"https:\/\/diariofemenino.com.ar\/df\/"},{"@type":"ListItem","position":2,"name":"Aborto no Punible: El Frente Grande de Chaco pide tratamiento"}]},{"@type":"WebSite","@id":"https:\/\/diariofemenino.com.ar\/df\/#website","url":"https:\/\/diariofemenino.com.ar\/df\/","name":"Diario Digital Femenino","description":"Cuesti\u00f3n de G\u00e9nero","publisher":{"@id":"https:\/\/diariofemenino.com.ar\/df\/#organization"},"potentialAction":[{"@type":"SearchAction","target":{"@type":"EntryPoint","urlTemplate":"https:\/\/diariofemenino.com.ar\/df\/?s={search_term_string}"},"query-input":{"@type":"PropertyValueSpecification","valueRequired":true,"valueName":"search_term_string"}}],"inLanguage":"es"},{"@type":"Organization","@id":"https:\/\/diariofemenino.com.ar\/df\/#organization","name":"Diario Femenino","url":"https:\/\/diariofemenino.com.ar\/df\/","logo":{"@type":"ImageObject","inLanguage":"es","@id":"https:\/\/diariofemenino.com.ar\/df\/#\/schema\/logo\/image\/","url":"https:\/\/diariofemenino.com.ar\/df\/wp-content\/uploads\/2018\/10\/logo.png","contentUrl":"https:\/\/diariofemenino.com.ar\/df\/wp-content\/uploads\/2018\/10\/logo.png","width":500,"height":92,"caption":"Diario Femenino"},"image":{"@id":"https:\/\/diariofemenino.com.ar\/df\/#\/schema\/logo\/image\/"},"sameAs":["https:\/\/www.facebook.com\/DiarioDigitaFemenino\/","https:\/\/x.com\/DiarioFemenino1"]},{"@type":"Person","@id":"https:\/\/diariofemenino.com.ar\/df\/#\/schema\/person\/38f54b3bfd13f561de2460ba95c169c6","name":"Admin","image":{"@type":"ImageObject","inLanguage":"es","@id":"https:\/\/diariofemenino.com.ar\/df\/wp-content\/uploads\/2018\/12\/favicon-150x150.jpg","url":"https:\/\/diariofemenino.com.ar\/df\/wp-content\/uploads\/2018\/12\/favicon-150x150.jpg","contentUrl":"https:\/\/diariofemenino.com.ar\/df\/wp-content\/uploads\/2018\/12\/favicon-150x150.jpg","caption":"Admin"},"url":"https:\/\/diariofemenino.com.ar\/df\/author\/adm18df\/"}]}},"jetpack_featured_media_url":"","jetpack_sharing_enabled":true,"rttpg_featured_image_url":null,"rttpg_author":{"display_name":"Admin","author_link":"https:\/\/diariofemenino.com.ar\/df\/author\/adm18df\/"},"rttpg_comment":0,"rttpg_category":"<a href=\"https:\/\/diariofemenino.com.ar\/df\/category\/aborto\/\" rel=\"category tag\">Aborto<\/a> <a href=\"https:\/\/diariofemenino.com.ar\/df\/category\/medios\/\" rel=\"category tag\">Medios<\/a>","rttpg_excerpt":"&nbsp; &nbsp; &nbsp; \u00abEl Estado debe saldar las deudas con las mujeres\u00bb 25\/06\/2012 | El partido pide tratamiento urgente en la C\u00e1mara de Diputados de las iniciativas sobre la despenalizaci\u00f3n del aborto. Adem\u00e1s solicitan al Ejecutivo la creaci\u00f3n del protocolo m\u00e9dico al cual ya se adhirieron 14 provincias. El Frente Grande -m\u00e1s precisamente su espacio&hellip;","_links":{"self":[{"href":"https:\/\/diariofemenino.com.ar\/df\/wp-json\/wp\/v2\/posts\/2177","targetHints":{"allow":["GET"]}}],"collection":[{"href":"https:\/\/diariofemenino.com.ar\/df\/wp-json\/wp\/v2\/posts"}],"about":[{"href":"https:\/\/diariofemenino.com.ar\/df\/wp-json\/wp\/v2\/types\/post"}],"author":[{"embeddable":true,"href":"https:\/\/diariofemenino.com.ar\/df\/wp-json\/wp\/v2\/users\/1"}],"replies":[{"embeddable":true,"href":"https:\/\/diariofemenino.com.ar\/df\/wp-json\/wp\/v2\/comments?post=2177"}],"version-history":[{"count":0,"href":"https:\/\/diariofemenino.com.ar\/df\/wp-json\/wp\/v2\/posts\/2177\/revisions"}],"wp:attachment":[{"href":"https:\/\/diariofemenino.com.ar\/df\/wp-json\/wp\/v2\/media?parent=2177"}],"wp:term":[{"taxonomy":"category","embeddable":true,"href":"https:\/\/diariofemenino.com.ar\/df\/wp-json\/wp\/v2\/categories?post=2177"},{"taxonomy":"post_tag","embeddable":true,"href":"https:\/\/diariofemenino.com.ar\/df\/wp-json\/wp\/v2\/tags?post=2177"}],"curies":[{"name":"wp","href":"https:\/\/api.w.org\/{rel}","templated":true}]}}