{"id":2168,"date":"2012-06-25T15:10:17","date_gmt":"2012-06-25T18:10:17","guid":{"rendered":"http:\/\/www.diariofemenino.com.ar\/?p=2168"},"modified":"2012-06-25T15:10:17","modified_gmt":"2012-06-25T18:10:17","slug":"cuantiosas-ganancias-deja-la-trata-de-personas","status":"publish","type":"post","link":"https:\/\/diariofemenino.com.ar\/df\/cuantiosas-ganancias-deja-la-trata-de-personas\/","title":{"rendered":"Cuantiosas ganancias deja la trata de personas"},"content":{"rendered":"<p>&nbsp;<br \/>\n&nbsp;<br \/>\nPor Norma In\u00e9s Rivera<br \/>\nDentro de las leyes para proteger y garantizar la seguridad de las personas, especialmente las mujeres, consideradas junto con las y los ni\u00f1os como uno de los grupos m\u00e1s vulnerables, el Presidente de la Rep\u00fablica, Felipe Calder\u00f3n, firm\u00f3 recientemente los decretos que expiden la Ley General para Prevenir, Sancionar y Erradicar los Delitos en Materia de Trata de Personas, as\u00ed como las reformas que permitir\u00e1n combatir con mayor eficacia los feminicidios, los delitos contra las mujeres y los abusos contra la ni\u00f1ez.<br \/>\nLo anterior significa, sin duda, un gran avance en la protecci\u00f3n a las mujeres, sin embargo, hace falta todav\u00eda mayor voluntad pol\u00edtica para destinar programas y recursos para garantizar la operatividad de esas leyes, que incluya la capacitaci\u00f3n de las autoridades judiciales, quienes en muchos de los casos, tratan a las v\u00edctimas como si fueran culpables de ese fen\u00f3meno.<br \/>\nLa trata de personas, considerada como la nueva esclavitud, es uno de los negocios m\u00e1s despreciables y lucrativos del crimen organizado, del que cuatro millones de personas, principalmente mujeres, ni\u00f1as y ni\u00f1os, son v\u00edctimas cada a\u00f1o y cuyas ganancias anuales ascienden a m\u00e1s de 30 mil millones de d\u00f3lares en el mundo, de acuerdo con cifras de la Organizaci\u00f3n Internacional del Trabajo (OIT).<br \/>\nLos esfuerzos internacionales para combatir este fen\u00f3meno se encuentran contenidos en el Protocolo de Palermo, adoptado por Naciones Unidas en 2000, mismo que representa el primer instrumento mundial legalmente vinculante con una definici\u00f3n acordada sobre la trata de personas, cuyo objetivo, adem\u00e1s de la investigaci\u00f3n y enjuiciamiento de los responsables de cometer ese delito, es el de proteger y asistir a las v\u00edctimas con pleno respeto de sus derechos humanos.<br \/>\nEn nuestro pa\u00eds, desde noviembre de 2007 fue promulgada la Ley para Prevenir y Sancionar la Trata de Personas y su reglamento a nivel federal, se public\u00f3 en febrero de 2009. En ese mismo a\u00f1o, el Distrito Federal y 22 entidades federativas m\u00e1s, decretaron reformas en sus c\u00f3digos penales, para tipificar algunas formas de trata, aunque \u00fanicamente la capital mexicana y Chiapas cuentan con leyes espec\u00edficas sobre la materia.<br \/>\nLa firma de este decreto por parte del Ejecutivo federal tiene un gran significado, ya que por primera vez se ataca toda la cadena productiva de este delito, a la vez que fija obligaciones para las instancias de la administraci\u00f3n p\u00fablica de los tres \u00f3rdenes de gobierno.<br \/>\nSin embargo, a pesar de este avance, debe pugnarse por combatir la corrupci\u00f3n en todos los niveles que pone en riesgo el cumplimiento de la ley, que afecta a las grandes redes de trata de personas que perciben millonarias ganancias.<br \/>\nPor lo que respecta al tema del feminicidio y a pesar de los buenos prop\u00f3sitos, nos encontramos todav\u00eda muy lejos de abatir ese flagelo que sufren una gran mayor\u00eda de mujeres en M\u00e9xico y cuyo primer paso para prevenirlo, es la educaci\u00f3n, para evitar en lo posible, la violencia de g\u00e9nero, primer paso en la cadena de este crimen.<br \/>\nFuente: <a href=\"http:\/\/www.oem.com.mx\/elsoldemexico\/notas\/n2592840.htm\">El Sol de M\u00e9xico<\/a><\/p>\n","protected":false},"excerpt":{"rendered":"<p>&nbsp; &nbsp; Por Norma In\u00e9s Rivera Dentro de las leyes para proteger y garantizar la seguridad de las personas, especialmente las mujeres, consideradas junto con las y los ni\u00f1os como uno de los grupos m\u00e1s vulnerables, el Presidente de la Rep\u00fablica, Felipe Calder\u00f3n, firm\u00f3 recientemente los decretos que expiden la Ley General para Prevenir, Sancionar [&hellip;]<\/p>\n","protected":false},"author":1,"featured_media":2169,"comment_status":"open","ping_status":"open","sticky":false,"template":"","format":"standard","meta":{"iawp_total_views":2,"footnotes":""},"categories":[3,4,15],"tags":[],"class_list":["post-2168","post","type-post","status-publish","format-standard","has-post-thumbnail","hentry","category-de-la-revolucion-al-reaprendizaje","category-medios","category-trata-de-personas"],"nelio_content":{"autoShareEndMode":"never","automationSources":{"useCustomSentences":false,"customSentences":[]},"efiAlt":"","efiUrl":"","followers":[],"highlights":[],"isAutoShareEnabled":true,"networkImageIds":[],"permalinkQueryArgs":[],"series":[],"suggestedReferences":[]},"yoast_head":"<!-- This site is optimized with the Yoast SEO plugin v27.5 - https:\/\/yoast.com\/product\/yoast-seo-wordpress\/ -->\n<title>Cuantiosas ganancias deja la trata de personas - Diario Digital Femenino<\/title>\n<meta name=\"robots\" content=\"index, follow, max-snippet:-1, max-image-preview:large, max-video-preview:-1\" \/>\n<link rel=\"canonical\" href=\"https:\/\/diariofemenino.com.ar\/df\/cuantiosas-ganancias-deja-la-trata-de-personas\/\" \/>\n<meta property=\"og:locale\" content=\"es_ES\" \/>\n<meta property=\"og:type\" content=\"article\" \/>\n<meta property=\"og:title\" content=\"Cuantiosas ganancias deja la trata de personas - Diario Digital Femenino\" \/>\n<meta property=\"og:description\" content=\"&nbsp; &nbsp; Por Norma In\u00e9s Rivera Dentro de las leyes para proteger y garantizar la seguridad de las personas, especialmente las mujeres, consideradas junto con las y los ni\u00f1os como uno de los grupos m\u00e1s vulnerables, el Presidente de la Rep\u00fablica, Felipe Calder\u00f3n, firm\u00f3 recientemente los decretos que expiden la Ley General para Prevenir, Sancionar [&hellip;]\" \/>\n<meta property=\"og:url\" content=\"https:\/\/diariofemenino.com.ar\/df\/cuantiosas-ganancias-deja-la-trata-de-personas\/\" \/>\n<meta property=\"og:site_name\" content=\"Diario Digital Femenino\" \/>\n<meta property=\"article:publisher\" content=\"https:\/\/www.facebook.com\/DiarioDigitaFemenino\/\" \/>\n<meta property=\"article:published_time\" content=\"2012-06-25T18:10:17+00:00\" \/>\n<meta property=\"og:image\" content=\"https:\/\/diariofemenino.com.ar\/df\/wp-content\/uploads\/2016\/10\/logo-negro.png\" \/>\n\t<meta property=\"og:image:width\" content=\"855\" \/>\n\t<meta property=\"og:image:height\" content=\"319\" \/>\n\t<meta property=\"og:image:type\" content=\"image\/png\" \/>\n<meta name=\"author\" content=\"Admin\" \/>\n<meta name=\"twitter:card\" content=\"summary_large_image\" \/>\n<meta name=\"twitter:creator\" content=\"@DiarioFemenino1\" \/>\n<meta name=\"twitter:site\" content=\"@DiarioFemenino1\" \/>\n<meta name=\"twitter:label1\" content=\"Escrito por\" \/>\n\t<meta name=\"twitter:data1\" content=\"Admin\" \/>\n\t<meta name=\"twitter:label2\" content=\"Tiempo de lectura\" \/>\n\t<meta name=\"twitter:data2\" content=\"3 minutos\" \/>\n<script type=\"application\/ld+json\" class=\"yoast-schema-graph\">{\"@context\":\"https:\\\/\\\/schema.org\",\"@graph\":[{\"@type\":\"Article\",\"@id\":\"https:\\\/\\\/diariofemenino.com.ar\\\/df\\\/cuantiosas-ganancias-deja-la-trata-de-personas\\\/#article\",\"isPartOf\":{\"@id\":\"https:\\\/\\\/diariofemenino.com.ar\\\/df\\\/cuantiosas-ganancias-deja-la-trata-de-personas\\\/\"},\"author\":{\"name\":\"Admin\",\"@id\":\"https:\\\/\\\/diariofemenino.com.ar\\\/df\\\/#\\\/schema\\\/person\\\/38f54b3bfd13f561de2460ba95c169c6\"},\"headline\":\"Cuantiosas ganancias deja la trata de personas\",\"datePublished\":\"2012-06-25T18:10:17+00:00\",\"mainEntityOfPage\":{\"@id\":\"https:\\\/\\\/diariofemenino.com.ar\\\/df\\\/cuantiosas-ganancias-deja-la-trata-de-personas\\\/\"},\"wordCount\":543,\"commentCount\":0,\"publisher\":{\"@id\":\"https:\\\/\\\/diariofemenino.com.ar\\\/df\\\/#organization\"},\"image\":{\"@id\":\"https:\\\/\\\/diariofemenino.com.ar\\\/df\\\/cuantiosas-ganancias-deja-la-trata-de-personas\\\/#primaryimage\"},\"thumbnailUrl\":\"\",\"articleSection\":[\"De la Revoluci\u00f3n al Reaprendizaje\",\"Medios\",\"Trata de Pers.\"],\"inLanguage\":\"es\",\"potentialAction\":[{\"@type\":\"CommentAction\",\"name\":\"Comment\",\"target\":[\"https:\\\/\\\/diariofemenino.com.ar\\\/df\\\/cuantiosas-ganancias-deja-la-trata-de-personas\\\/#respond\"]}]},{\"@type\":\"WebPage\",\"@id\":\"https:\\\/\\\/diariofemenino.com.ar\\\/df\\\/cuantiosas-ganancias-deja-la-trata-de-personas\\\/\",\"url\":\"https:\\\/\\\/diariofemenino.com.ar\\\/df\\\/cuantiosas-ganancias-deja-la-trata-de-personas\\\/\",\"name\":\"Cuantiosas ganancias deja la trata de personas - Diario Digital Femenino\",\"isPartOf\":{\"@id\":\"https:\\\/\\\/diariofemenino.com.ar\\\/df\\\/#website\"},\"primaryImageOfPage\":{\"@id\":\"https:\\\/\\\/diariofemenino.com.ar\\\/df\\\/cuantiosas-ganancias-deja-la-trata-de-personas\\\/#primaryimage\"},\"image\":{\"@id\":\"https:\\\/\\\/diariofemenino.com.ar\\\/df\\\/cuantiosas-ganancias-deja-la-trata-de-personas\\\/#primaryimage\"},\"thumbnailUrl\":\"\",\"datePublished\":\"2012-06-25T18:10:17+00:00\",\"breadcrumb\":{\"@id\":\"https:\\\/\\\/diariofemenino.com.ar\\\/df\\\/cuantiosas-ganancias-deja-la-trata-de-personas\\\/#breadcrumb\"},\"inLanguage\":\"es\",\"potentialAction\":[{\"@type\":\"ReadAction\",\"target\":[\"https:\\\/\\\/diariofemenino.com.ar\\\/df\\\/cuantiosas-ganancias-deja-la-trata-de-personas\\\/\"]}]},{\"@type\":\"ImageObject\",\"inLanguage\":\"es\",\"@id\":\"https:\\\/\\\/diariofemenino.com.ar\\\/df\\\/cuantiosas-ganancias-deja-la-trata-de-personas\\\/#primaryimage\",\"url\":\"\",\"contentUrl\":\"\"},{\"@type\":\"BreadcrumbList\",\"@id\":\"https:\\\/\\\/diariofemenino.com.ar\\\/df\\\/cuantiosas-ganancias-deja-la-trata-de-personas\\\/#breadcrumb\",\"itemListElement\":[{\"@type\":\"ListItem\",\"position\":1,\"name\":\"Portada\",\"item\":\"https:\\\/\\\/diariofemenino.com.ar\\\/df\\\/\"},{\"@type\":\"ListItem\",\"position\":2,\"name\":\"Cuantiosas ganancias deja la trata de personas\"}]},{\"@type\":\"WebSite\",\"@id\":\"https:\\\/\\\/diariofemenino.com.ar\\\/df\\\/#website\",\"url\":\"https:\\\/\\\/diariofemenino.com.ar\\\/df\\\/\",\"name\":\"Diario Digital Femenino\",\"description\":\"Cuesti\u00f3n de G\u00e9nero\",\"publisher\":{\"@id\":\"https:\\\/\\\/diariofemenino.com.ar\\\/df\\\/#organization\"},\"potentialAction\":[{\"@type\":\"SearchAction\",\"target\":{\"@type\":\"EntryPoint\",\"urlTemplate\":\"https:\\\/\\\/diariofemenino.com.ar\\\/df\\\/?s={search_term_string}\"},\"query-input\":{\"@type\":\"PropertyValueSpecification\",\"valueRequired\":true,\"valueName\":\"search_term_string\"}}],\"inLanguage\":\"es\"},{\"@type\":\"Organization\",\"@id\":\"https:\\\/\\\/diariofemenino.com.ar\\\/df\\\/#organization\",\"name\":\"Diario Femenino\",\"url\":\"https:\\\/\\\/diariofemenino.com.ar\\\/df\\\/\",\"logo\":{\"@type\":\"ImageObject\",\"inLanguage\":\"es\",\"@id\":\"https:\\\/\\\/diariofemenino.com.ar\\\/df\\\/#\\\/schema\\\/logo\\\/image\\\/\",\"url\":\"https:\\\/\\\/diariofemenino.com.ar\\\/df\\\/wp-content\\\/uploads\\\/2018\\\/10\\\/logo.png\",\"contentUrl\":\"https:\\\/\\\/diariofemenino.com.ar\\\/df\\\/wp-content\\\/uploads\\\/2018\\\/10\\\/logo.png\",\"width\":500,\"height\":92,\"caption\":\"Diario Femenino\"},\"image\":{\"@id\":\"https:\\\/\\\/diariofemenino.com.ar\\\/df\\\/#\\\/schema\\\/logo\\\/image\\\/\"},\"sameAs\":[\"https:\\\/\\\/www.facebook.com\\\/DiarioDigitaFemenino\\\/\",\"https:\\\/\\\/x.com\\\/DiarioFemenino1\"]},{\"@type\":\"Person\",\"@id\":\"https:\\\/\\\/diariofemenino.com.ar\\\/df\\\/#\\\/schema\\\/person\\\/38f54b3bfd13f561de2460ba95c169c6\",\"name\":\"Admin\",\"image\":{\"@type\":\"ImageObject\",\"inLanguage\":\"es\",\"@id\":\"https:\\\/\\\/diariofemenino.com.ar\\\/df\\\/wp-content\\\/uploads\\\/2018\\\/12\\\/favicon-150x150.jpg\",\"url\":\"https:\\\/\\\/diariofemenino.com.ar\\\/df\\\/wp-content\\\/uploads\\\/2018\\\/12\\\/favicon-150x150.jpg\",\"contentUrl\":\"https:\\\/\\\/diariofemenino.com.ar\\\/df\\\/wp-content\\\/uploads\\\/2018\\\/12\\\/favicon-150x150.jpg\",\"caption\":\"Admin\"},\"url\":\"https:\\\/\\\/diariofemenino.com.ar\\\/df\\\/author\\\/adm18df\\\/\"}]}<\/script>\n<!-- \/ Yoast SEO plugin. -->","yoast_head_json":{"title":"Cuantiosas ganancias deja la trata de personas - Diario Digital Femenino","robots":{"index":"index","follow":"follow","max-snippet":"max-snippet:-1","max-image-preview":"max-image-preview:large","max-video-preview":"max-video-preview:-1"},"canonical":"https:\/\/diariofemenino.com.ar\/df\/cuantiosas-ganancias-deja-la-trata-de-personas\/","og_locale":"es_ES","og_type":"article","og_title":"Cuantiosas ganancias deja la trata de personas - Diario Digital Femenino","og_description":"&nbsp; &nbsp; Por Norma In\u00e9s Rivera Dentro de las leyes para proteger y garantizar la seguridad de las personas, especialmente las mujeres, consideradas junto con las y los ni\u00f1os como uno de los grupos m\u00e1s vulnerables, el Presidente de la Rep\u00fablica, Felipe Calder\u00f3n, firm\u00f3 recientemente los decretos que expiden la Ley General para Prevenir, Sancionar [&hellip;]","og_url":"https:\/\/diariofemenino.com.ar\/df\/cuantiosas-ganancias-deja-la-trata-de-personas\/","og_site_name":"Diario Digital Femenino","article_publisher":"https:\/\/www.facebook.com\/DiarioDigitaFemenino\/","article_published_time":"2012-06-25T18:10:17+00:00","og_image":[{"width":855,"height":319,"url":"https:\/\/diariofemenino.com.ar\/df\/wp-content\/uploads\/2016\/10\/logo-negro.png","type":"image\/png"}],"author":"Admin","twitter_card":"summary_large_image","twitter_creator":"@DiarioFemenino1","twitter_site":"@DiarioFemenino1","twitter_misc":{"Escrito por":"Admin","Tiempo de lectura":"3 minutos"},"schema":{"@context":"https:\/\/schema.org","@graph":[{"@type":"Article","@id":"https:\/\/diariofemenino.com.ar\/df\/cuantiosas-ganancias-deja-la-trata-de-personas\/#article","isPartOf":{"@id":"https:\/\/diariofemenino.com.ar\/df\/cuantiosas-ganancias-deja-la-trata-de-personas\/"},"author":{"name":"Admin","@id":"https:\/\/diariofemenino.com.ar\/df\/#\/schema\/person\/38f54b3bfd13f561de2460ba95c169c6"},"headline":"Cuantiosas ganancias deja la trata de personas","datePublished":"2012-06-25T18:10:17+00:00","mainEntityOfPage":{"@id":"https:\/\/diariofemenino.com.ar\/df\/cuantiosas-ganancias-deja-la-trata-de-personas\/"},"wordCount":543,"commentCount":0,"publisher":{"@id":"https:\/\/diariofemenino.com.ar\/df\/#organization"},"image":{"@id":"https:\/\/diariofemenino.com.ar\/df\/cuantiosas-ganancias-deja-la-trata-de-personas\/#primaryimage"},"thumbnailUrl":"","articleSection":["De la Revoluci\u00f3n al Reaprendizaje","Medios","Trata de Pers."],"inLanguage":"es","potentialAction":[{"@type":"CommentAction","name":"Comment","target":["https:\/\/diariofemenino.com.ar\/df\/cuantiosas-ganancias-deja-la-trata-de-personas\/#respond"]}]},{"@type":"WebPage","@id":"https:\/\/diariofemenino.com.ar\/df\/cuantiosas-ganancias-deja-la-trata-de-personas\/","url":"https:\/\/diariofemenino.com.ar\/df\/cuantiosas-ganancias-deja-la-trata-de-personas\/","name":"Cuantiosas ganancias deja la trata de personas - Diario Digital Femenino","isPartOf":{"@id":"https:\/\/diariofemenino.com.ar\/df\/#website"},"primaryImageOfPage":{"@id":"https:\/\/diariofemenino.com.ar\/df\/cuantiosas-ganancias-deja-la-trata-de-personas\/#primaryimage"},"image":{"@id":"https:\/\/diariofemenino.com.ar\/df\/cuantiosas-ganancias-deja-la-trata-de-personas\/#primaryimage"},"thumbnailUrl":"","datePublished":"2012-06-25T18:10:17+00:00","breadcrumb":{"@id":"https:\/\/diariofemenino.com.ar\/df\/cuantiosas-ganancias-deja-la-trata-de-personas\/#breadcrumb"},"inLanguage":"es","potentialAction":[{"@type":"ReadAction","target":["https:\/\/diariofemenino.com.ar\/df\/cuantiosas-ganancias-deja-la-trata-de-personas\/"]}]},{"@type":"ImageObject","inLanguage":"es","@id":"https:\/\/diariofemenino.com.ar\/df\/cuantiosas-ganancias-deja-la-trata-de-personas\/#primaryimage","url":"","contentUrl":""},{"@type":"BreadcrumbList","@id":"https:\/\/diariofemenino.com.ar\/df\/cuantiosas-ganancias-deja-la-trata-de-personas\/#breadcrumb","itemListElement":[{"@type":"ListItem","position":1,"name":"Portada","item":"https:\/\/diariofemenino.com.ar\/df\/"},{"@type":"ListItem","position":2,"name":"Cuantiosas ganancias deja la trata de personas"}]},{"@type":"WebSite","@id":"https:\/\/diariofemenino.com.ar\/df\/#website","url":"https:\/\/diariofemenino.com.ar\/df\/","name":"Diario Digital Femenino","description":"Cuesti\u00f3n de G\u00e9nero","publisher":{"@id":"https:\/\/diariofemenino.com.ar\/df\/#organization"},"potentialAction":[{"@type":"SearchAction","target":{"@type":"EntryPoint","urlTemplate":"https:\/\/diariofemenino.com.ar\/df\/?s={search_term_string}"},"query-input":{"@type":"PropertyValueSpecification","valueRequired":true,"valueName":"search_term_string"}}],"inLanguage":"es"},{"@type":"Organization","@id":"https:\/\/diariofemenino.com.ar\/df\/#organization","name":"Diario Femenino","url":"https:\/\/diariofemenino.com.ar\/df\/","logo":{"@type":"ImageObject","inLanguage":"es","@id":"https:\/\/diariofemenino.com.ar\/df\/#\/schema\/logo\/image\/","url":"https:\/\/diariofemenino.com.ar\/df\/wp-content\/uploads\/2018\/10\/logo.png","contentUrl":"https:\/\/diariofemenino.com.ar\/df\/wp-content\/uploads\/2018\/10\/logo.png","width":500,"height":92,"caption":"Diario Femenino"},"image":{"@id":"https:\/\/diariofemenino.com.ar\/df\/#\/schema\/logo\/image\/"},"sameAs":["https:\/\/www.facebook.com\/DiarioDigitaFemenino\/","https:\/\/x.com\/DiarioFemenino1"]},{"@type":"Person","@id":"https:\/\/diariofemenino.com.ar\/df\/#\/schema\/person\/38f54b3bfd13f561de2460ba95c169c6","name":"Admin","image":{"@type":"ImageObject","inLanguage":"es","@id":"https:\/\/diariofemenino.com.ar\/df\/wp-content\/uploads\/2018\/12\/favicon-150x150.jpg","url":"https:\/\/diariofemenino.com.ar\/df\/wp-content\/uploads\/2018\/12\/favicon-150x150.jpg","contentUrl":"https:\/\/diariofemenino.com.ar\/df\/wp-content\/uploads\/2018\/12\/favicon-150x150.jpg","caption":"Admin"},"url":"https:\/\/diariofemenino.com.ar\/df\/author\/adm18df\/"}]}},"jetpack_featured_media_url":"","jetpack_sharing_enabled":true,"rttpg_featured_image_url":null,"rttpg_author":{"display_name":"Admin","author_link":"https:\/\/diariofemenino.com.ar\/df\/author\/adm18df\/"},"rttpg_comment":0,"rttpg_category":"<a href=\"https:\/\/diariofemenino.com.ar\/df\/category\/de-la-revolucion-al-reaprendizaje\/\" rel=\"category tag\">De la Revoluci\u00f3n al Reaprendizaje<\/a> <a href=\"https:\/\/diariofemenino.com.ar\/df\/category\/medios\/\" rel=\"category tag\">Medios<\/a> <a href=\"https:\/\/diariofemenino.com.ar\/df\/category\/trata-de-personas\/\" rel=\"category tag\">Trata de Pers.<\/a>","rttpg_excerpt":"&nbsp; &nbsp; Por Norma In\u00e9s Rivera Dentro de las leyes para proteger y garantizar la seguridad de las personas, especialmente las mujeres, consideradas junto con las y los ni\u00f1os como uno de los grupos m\u00e1s vulnerables, el Presidente de la Rep\u00fablica, Felipe Calder\u00f3n, firm\u00f3 recientemente los decretos que expiden la Ley General para Prevenir, Sancionar&hellip;","_links":{"self":[{"href":"https:\/\/diariofemenino.com.ar\/df\/wp-json\/wp\/v2\/posts\/2168","targetHints":{"allow":["GET"]}}],"collection":[{"href":"https:\/\/diariofemenino.com.ar\/df\/wp-json\/wp\/v2\/posts"}],"about":[{"href":"https:\/\/diariofemenino.com.ar\/df\/wp-json\/wp\/v2\/types\/post"}],"author":[{"embeddable":true,"href":"https:\/\/diariofemenino.com.ar\/df\/wp-json\/wp\/v2\/users\/1"}],"replies":[{"embeddable":true,"href":"https:\/\/diariofemenino.com.ar\/df\/wp-json\/wp\/v2\/comments?post=2168"}],"version-history":[{"count":0,"href":"https:\/\/diariofemenino.com.ar\/df\/wp-json\/wp\/v2\/posts\/2168\/revisions"}],"wp:featuredmedia":[{"embeddable":true,"href":"https:\/\/diariofemenino.com.ar\/df\/wp-json\/"}],"wp:attachment":[{"href":"https:\/\/diariofemenino.com.ar\/df\/wp-json\/wp\/v2\/media?parent=2168"}],"wp:term":[{"taxonomy":"category","embeddable":true,"href":"https:\/\/diariofemenino.com.ar\/df\/wp-json\/wp\/v2\/categories?post=2168"},{"taxonomy":"post_tag","embeddable":true,"href":"https:\/\/diariofemenino.com.ar\/df\/wp-json\/wp\/v2\/tags?post=2168"}],"curies":[{"name":"wp","href":"https:\/\/api.w.org\/{rel}","templated":true}]}}