{"id":2152,"date":"2012-06-24T16:30:47","date_gmt":"2012-06-24T19:30:47","guid":{"rendered":"http:\/\/www.diariofemenino.com.ar\/?p=2152"},"modified":"2012-06-24T16:30:47","modified_gmt":"2012-06-24T19:30:47","slug":"violencia-contra-las-mujeres-decisiones-politicas-desacertadas-resienten-atencion","status":"publish","type":"post","link":"https:\/\/diariofemenino.com.ar\/df\/violencia-contra-las-mujeres-decisiones-politicas-desacertadas-resienten-atencion\/","title":{"rendered":"Violencia contra las Mujeres, decisiones pol\u00edticas desacertadas resienten atenci\u00f3n"},"content":{"rendered":"<p>&nbsp;<br \/>\n&nbsp;<br \/>\n&nbsp;<br \/>\nEl servicio telef\u00f3nico del Programa de Atenci\u00f3n Violencia Mujer, dependiente de la Secretar\u00eda de Derechos Humanos de la Provincia de Buenos Aires redujo su atenci\u00f3n a 9 horas y a d\u00edas h\u00e1biles.<br \/>\nEl programa que tiene la finalidad de brindar un primer nivel de atenci\u00f3n y contenci\u00f3n a mujeres v\u00edctimas de violencia de la Provincia, desde un servicio telef\u00f3nico de 24 horas, forma parte del Sistema Integrado Provincial de Prevenci\u00f3n y Atenci\u00f3n de la Violencia\u00a0 Familiar instrumentado a partir del 2007.<br \/>\nEste programa viene deterior\u00e1ndose desde 2009, por desaciertos notables de la gesti\u00f3n de Sara Cobacho y Fernando Cano. Lamentablemente la nueva gesti\u00f3n que encabeza Guido Carlotto, no alcanza a comprender la magnitud del perjuicio que acarrean decisiones apresuradas de las que las \u00fanicas perjudicadas resultan ser las mujeres que cuando pueden y a cualquier hora tienen la posibilidad y el derecho de acudir a un servicio p\u00fablico capaz de comprender su problem\u00e1tica y orientarlas adecuadamente.<br \/>\nLa Red de Monitoreo de Pol\u00edticas P\u00fablicas para Prevenir, Sancionar y Erradicar las Violencias Contra las Mujeres en la provincia de Buenos Aires,\u00a0 alertada por esta situaci\u00f3n, se entrevist\u00f3 con el secretario provincial quien expuso los cambios que se realizar\u00edan en el servicio.<br \/>\nSeg\u00fan sus palabras, se preve\u00eda que la atenci\u00f3n telef\u00f3nica fuera realizada por operadoras del 911 (dependiente del Ministerio de Justicia y Seguridad) previamente seleccionadas y capacitadas con enfoque de derechos humanos y de g\u00e9nero. Asegur\u00f3 que se realizar\u00eda una transici\u00f3n ordenada y planificada, de manera de afectar m\u00ednimamente el servicio, dada la necesidad de capacitar al personal que reemplazar\u00e1 las operadoras que ven\u00edan trabajando y han solicitado desempe\u00f1arse en otras \u00e1reas, como as\u00ed tambi\u00e9n a las que pasar\u00e1n a reforzar otros componentes del AVM.<br \/>\nHay decisiones administrativas que traen demoras e incomodidades; otras, como \u00e9sta, que afectan y ponen en riesgo a personas, en este caso mujeres, que siguen necesitando de las pol\u00edticas p\u00fablicas ya implementadas por el Estado, y que fueron elaboradas como respuesta ante necesidades acuciantes planteadas durante a\u00f1os y con las que el mismo Estado estaba en deuda.<br \/>\nEstas decisiones en el lenguaje de las mujeres se llaman retrocesos. Entendemos que el ejercicio de la gesti\u00f3n p\u00fablica requiere saberes y destrezas para planificar con enfoque estrat\u00e9gico y evaluar cada paso que se da en t\u00e9rminos de resultado e impacto.<br \/>\n<strong>\u00a0Frente a la situaci\u00f3n descripta, instamos al gobierno de la Provincia a:<\/strong><br \/>\n\u2022 Reponer r\u00e1pidamente el servicio de 24 horas todos los d\u00edas del a\u00f1o.<br \/>\n\u2022 Informar de inmediato a la poblaci\u00f3n y al resto del Sistema Integrado cu\u00e1ntos d\u00edas estar\u00e1 el<br \/>\nAVM funcionando en horario reducido.<br \/>\n\u2022 Informar p\u00fablicamente cu\u00e1les son las v\u00edas alternativas que tienen las mujeres v\u00edctimas de<br \/>\nviolencia para acceder a la atenci\u00f3n telef\u00f3nica y todo otro dato que permita evitar la frustraci\u00f3n<br \/>\nde llamar a un tel\u00e9fono que no atiende o el riesgo de ser atendido por personas no<br \/>\nespecializadas en esta problem\u00e1tica tan compleja y delicada.<br \/>\n&nbsp;<br \/>\n22 de junio de 2012<br \/>\n<strong>RED DE MONITOREO DE POLITICAS PUBLICAS PARA PREVENIR, SANCIONAR Y ERRADICAR LA VIOLENCIA CONTRA LAS MUJERES EN LA PROVINCIA\u00a0 DE BUENOS AIRES<\/strong>.<br \/>\nIntegrada por : Ant\u00edgona (Necochea); ADEM\u00a0 (Asociaci\u00f3n por los Derechos de las Mujeres); Biblioteca Popular de Mujeres (Tandil); Casa de la\u00a0 Mujer Azucena Villaflor ( La Plata ), Casa de la Mujer Rosa Chazarreta (La Matanza); Centro de Apoyo a la Mujer\u00a0 Maltratada- CAMM- (Mar del Plata), Centro de Estudios e Investigaci\u00f3n de la\u00a0 Mujer- CEIM- (San Nicol\u00e1s), Coordmujer (San Isidro), Centro de la Mujer- CEDEM &#8211; (San Fernando), Creando Juntas (Almirante Brown), Desde el Pie (La Plata) Feministas en Acci\u00f3n, Fundaci\u00f3n Mujeres en Igualdad \u2013 MEI (San Isidro), J\u00e1cara Colectiva Feminista (Olavaria), Fundaci\u00f3n Propuesta (Conurbano zona sur), Instituto de Derechos Humanos de la Fac.Cs .Jur.y Soc. UNLP; Instituto de Cultura Jur\u00eddica, de la Fac.de Cs.Juridicas y Sociales (UNLP); Mujeres al Oeste (Mor\u00f3n), Nexo Mujer (La Plata), Proyecto CEDAW Argentina-IIDH, Red de Violencia de la Regi\u00f3n Metropolitana Norte, Ser Mujer (Villa Gesell), Sin Moldes (Tandil).<br \/>\n&nbsp;<br \/>\nFuente: Andrea Rosetti, PAR Tand\u00edl<br \/>\n&nbsp;<br \/>\n&nbsp;<\/p>\n","protected":false},"excerpt":{"rendered":"<p>&nbsp; &nbsp; &nbsp; El servicio telef\u00f3nico del Programa de Atenci\u00f3n Violencia Mujer, dependiente de la Secretar\u00eda de Derechos Humanos de la Provincia de Buenos Aires redujo su atenci\u00f3n a 9 horas y a d\u00edas h\u00e1biles. El programa que tiene la finalidad de brindar un primer nivel de atenci\u00f3n y contenci\u00f3n a mujeres v\u00edctimas de violencia [&hellip;]<\/p>\n","protected":false},"author":1,"featured_media":2156,"comment_status":"open","ping_status":"open","sticky":false,"template":"","format":"standard","meta":{"iawp_total_views":2,"footnotes":""},"categories":[4,13],"tags":[],"class_list":["post-2152","post","type-post","status-publish","format-standard","has-post-thumbnail","hentry","category-medios","category-mujeres-sindicalistas"],"nelio_content":{"autoShareEndMode":"never","automationSources":{"useCustomSentences":false,"customSentences":[]},"efiAlt":"","efiUrl":"","followers":[],"highlights":[],"isAutoShareEnabled":true,"networkImageIds":[],"permalinkQueryArgs":[],"series":[],"suggestedReferences":[]},"yoast_head":"<!-- This site is optimized with the Yoast SEO plugin v27.5 - https:\/\/yoast.com\/product\/yoast-seo-wordpress\/ -->\n<title>Violencia contra las Mujeres, decisiones pol\u00edticas desacertadas resienten atenci\u00f3n - Diario Digital Femenino<\/title>\n<meta name=\"robots\" content=\"index, follow, max-snippet:-1, max-image-preview:large, max-video-preview:-1\" \/>\n<link rel=\"canonical\" href=\"https:\/\/diariofemenino.com.ar\/df\/violencia-contra-las-mujeres-decisiones-politicas-desacertadas-resienten-atencion\/\" \/>\n<meta property=\"og:locale\" content=\"es_ES\" \/>\n<meta property=\"og:type\" content=\"article\" \/>\n<meta property=\"og:title\" content=\"Violencia contra las Mujeres, decisiones pol\u00edticas desacertadas resienten atenci\u00f3n - Diario Digital Femenino\" \/>\n<meta property=\"og:description\" content=\"&nbsp; &nbsp; &nbsp; El servicio telef\u00f3nico del Programa de Atenci\u00f3n Violencia Mujer, dependiente de la Secretar\u00eda de Derechos Humanos de la Provincia de Buenos Aires redujo su atenci\u00f3n a 9 horas y a d\u00edas h\u00e1biles. El programa que tiene la finalidad de brindar un primer nivel de atenci\u00f3n y contenci\u00f3n a mujeres v\u00edctimas de violencia [&hellip;]\" \/>\n<meta property=\"og:url\" content=\"https:\/\/diariofemenino.com.ar\/df\/violencia-contra-las-mujeres-decisiones-politicas-desacertadas-resienten-atencion\/\" \/>\n<meta property=\"og:site_name\" content=\"Diario Digital Femenino\" \/>\n<meta property=\"article:publisher\" content=\"https:\/\/www.facebook.com\/DiarioDigitaFemenino\/\" \/>\n<meta property=\"article:published_time\" content=\"2012-06-24T19:30:47+00:00\" \/>\n<meta property=\"og:image\" content=\"https:\/\/diariofemenino.com.ar\/df\/wp-content\/uploads\/2016\/10\/logo-negro.png\" \/>\n\t<meta property=\"og:image:width\" content=\"855\" \/>\n\t<meta property=\"og:image:height\" content=\"319\" \/>\n\t<meta property=\"og:image:type\" content=\"image\/png\" \/>\n<meta name=\"author\" content=\"Admin\" \/>\n<meta name=\"twitter:card\" content=\"summary_large_image\" \/>\n<meta name=\"twitter:creator\" content=\"@DiarioFemenino1\" \/>\n<meta name=\"twitter:site\" content=\"@DiarioFemenino1\" \/>\n<meta name=\"twitter:label1\" content=\"Escrito por\" \/>\n\t<meta name=\"twitter:data1\" content=\"Admin\" \/>\n\t<meta name=\"twitter:label2\" content=\"Tiempo de lectura\" \/>\n\t<meta name=\"twitter:data2\" content=\"4 minutos\" \/>\n<script type=\"application\/ld+json\" class=\"yoast-schema-graph\">{\"@context\":\"https:\\\/\\\/schema.org\",\"@graph\":[{\"@type\":\"Article\",\"@id\":\"https:\\\/\\\/diariofemenino.com.ar\\\/df\\\/violencia-contra-las-mujeres-decisiones-politicas-desacertadas-resienten-atencion\\\/#article\",\"isPartOf\":{\"@id\":\"https:\\\/\\\/diariofemenino.com.ar\\\/df\\\/violencia-contra-las-mujeres-decisiones-politicas-desacertadas-resienten-atencion\\\/\"},\"author\":{\"name\":\"Admin\",\"@id\":\"https:\\\/\\\/diariofemenino.com.ar\\\/df\\\/#\\\/schema\\\/person\\\/38f54b3bfd13f561de2460ba95c169c6\"},\"headline\":\"Violencia contra las Mujeres, decisiones pol\u00edticas desacertadas resienten atenci\u00f3n\",\"datePublished\":\"2012-06-24T19:30:47+00:00\",\"mainEntityOfPage\":{\"@id\":\"https:\\\/\\\/diariofemenino.com.ar\\\/df\\\/violencia-contra-las-mujeres-decisiones-politicas-desacertadas-resienten-atencion\\\/\"},\"wordCount\":735,\"commentCount\":0,\"publisher\":{\"@id\":\"https:\\\/\\\/diariofemenino.com.ar\\\/df\\\/#organization\"},\"image\":{\"@id\":\"https:\\\/\\\/diariofemenino.com.ar\\\/df\\\/violencia-contra-las-mujeres-decisiones-politicas-desacertadas-resienten-atencion\\\/#primaryimage\"},\"thumbnailUrl\":\"\",\"articleSection\":[\"Medios\",\"Mujeres Sindicalistas\"],\"inLanguage\":\"es\",\"potentialAction\":[{\"@type\":\"CommentAction\",\"name\":\"Comment\",\"target\":[\"https:\\\/\\\/diariofemenino.com.ar\\\/df\\\/violencia-contra-las-mujeres-decisiones-politicas-desacertadas-resienten-atencion\\\/#respond\"]}]},{\"@type\":\"WebPage\",\"@id\":\"https:\\\/\\\/diariofemenino.com.ar\\\/df\\\/violencia-contra-las-mujeres-decisiones-politicas-desacertadas-resienten-atencion\\\/\",\"url\":\"https:\\\/\\\/diariofemenino.com.ar\\\/df\\\/violencia-contra-las-mujeres-decisiones-politicas-desacertadas-resienten-atencion\\\/\",\"name\":\"Violencia contra las Mujeres, decisiones pol\u00edticas desacertadas resienten atenci\u00f3n - Diario Digital Femenino\",\"isPartOf\":{\"@id\":\"https:\\\/\\\/diariofemenino.com.ar\\\/df\\\/#website\"},\"primaryImageOfPage\":{\"@id\":\"https:\\\/\\\/diariofemenino.com.ar\\\/df\\\/violencia-contra-las-mujeres-decisiones-politicas-desacertadas-resienten-atencion\\\/#primaryimage\"},\"image\":{\"@id\":\"https:\\\/\\\/diariofemenino.com.ar\\\/df\\\/violencia-contra-las-mujeres-decisiones-politicas-desacertadas-resienten-atencion\\\/#primaryimage\"},\"thumbnailUrl\":\"\",\"datePublished\":\"2012-06-24T19:30:47+00:00\",\"breadcrumb\":{\"@id\":\"https:\\\/\\\/diariofemenino.com.ar\\\/df\\\/violencia-contra-las-mujeres-decisiones-politicas-desacertadas-resienten-atencion\\\/#breadcrumb\"},\"inLanguage\":\"es\",\"potentialAction\":[{\"@type\":\"ReadAction\",\"target\":[\"https:\\\/\\\/diariofemenino.com.ar\\\/df\\\/violencia-contra-las-mujeres-decisiones-politicas-desacertadas-resienten-atencion\\\/\"]}]},{\"@type\":\"ImageObject\",\"inLanguage\":\"es\",\"@id\":\"https:\\\/\\\/diariofemenino.com.ar\\\/df\\\/violencia-contra-las-mujeres-decisiones-politicas-desacertadas-resienten-atencion\\\/#primaryimage\",\"url\":\"\",\"contentUrl\":\"\"},{\"@type\":\"BreadcrumbList\",\"@id\":\"https:\\\/\\\/diariofemenino.com.ar\\\/df\\\/violencia-contra-las-mujeres-decisiones-politicas-desacertadas-resienten-atencion\\\/#breadcrumb\",\"itemListElement\":[{\"@type\":\"ListItem\",\"position\":1,\"name\":\"Portada\",\"item\":\"https:\\\/\\\/diariofemenino.com.ar\\\/df\\\/\"},{\"@type\":\"ListItem\",\"position\":2,\"name\":\"Violencia contra las Mujeres, decisiones pol\u00edticas desacertadas resienten atenci\u00f3n\"}]},{\"@type\":\"WebSite\",\"@id\":\"https:\\\/\\\/diariofemenino.com.ar\\\/df\\\/#website\",\"url\":\"https:\\\/\\\/diariofemenino.com.ar\\\/df\\\/\",\"name\":\"Diario Digital Femenino\",\"description\":\"Cuesti\u00f3n de G\u00e9nero\",\"publisher\":{\"@id\":\"https:\\\/\\\/diariofemenino.com.ar\\\/df\\\/#organization\"},\"potentialAction\":[{\"@type\":\"SearchAction\",\"target\":{\"@type\":\"EntryPoint\",\"urlTemplate\":\"https:\\\/\\\/diariofemenino.com.ar\\\/df\\\/?s={search_term_string}\"},\"query-input\":{\"@type\":\"PropertyValueSpecification\",\"valueRequired\":true,\"valueName\":\"search_term_string\"}}],\"inLanguage\":\"es\"},{\"@type\":\"Organization\",\"@id\":\"https:\\\/\\\/diariofemenino.com.ar\\\/df\\\/#organization\",\"name\":\"Diario Femenino\",\"url\":\"https:\\\/\\\/diariofemenino.com.ar\\\/df\\\/\",\"logo\":{\"@type\":\"ImageObject\",\"inLanguage\":\"es\",\"@id\":\"https:\\\/\\\/diariofemenino.com.ar\\\/df\\\/#\\\/schema\\\/logo\\\/image\\\/\",\"url\":\"https:\\\/\\\/diariofemenino.com.ar\\\/df\\\/wp-content\\\/uploads\\\/2018\\\/10\\\/logo.png\",\"contentUrl\":\"https:\\\/\\\/diariofemenino.com.ar\\\/df\\\/wp-content\\\/uploads\\\/2018\\\/10\\\/logo.png\",\"width\":500,\"height\":92,\"caption\":\"Diario Femenino\"},\"image\":{\"@id\":\"https:\\\/\\\/diariofemenino.com.ar\\\/df\\\/#\\\/schema\\\/logo\\\/image\\\/\"},\"sameAs\":[\"https:\\\/\\\/www.facebook.com\\\/DiarioDigitaFemenino\\\/\",\"https:\\\/\\\/x.com\\\/DiarioFemenino1\"]},{\"@type\":\"Person\",\"@id\":\"https:\\\/\\\/diariofemenino.com.ar\\\/df\\\/#\\\/schema\\\/person\\\/38f54b3bfd13f561de2460ba95c169c6\",\"name\":\"Admin\",\"image\":{\"@type\":\"ImageObject\",\"inLanguage\":\"es\",\"@id\":\"https:\\\/\\\/diariofemenino.com.ar\\\/df\\\/wp-content\\\/uploads\\\/2018\\\/12\\\/favicon-150x150.jpg\",\"url\":\"https:\\\/\\\/diariofemenino.com.ar\\\/df\\\/wp-content\\\/uploads\\\/2018\\\/12\\\/favicon-150x150.jpg\",\"contentUrl\":\"https:\\\/\\\/diariofemenino.com.ar\\\/df\\\/wp-content\\\/uploads\\\/2018\\\/12\\\/favicon-150x150.jpg\",\"caption\":\"Admin\"},\"url\":\"https:\\\/\\\/diariofemenino.com.ar\\\/df\\\/author\\\/adm18df\\\/\"}]}<\/script>\n<!-- \/ Yoast SEO plugin. -->","yoast_head_json":{"title":"Violencia contra las Mujeres, decisiones pol\u00edticas desacertadas resienten atenci\u00f3n - Diario Digital Femenino","robots":{"index":"index","follow":"follow","max-snippet":"max-snippet:-1","max-image-preview":"max-image-preview:large","max-video-preview":"max-video-preview:-1"},"canonical":"https:\/\/diariofemenino.com.ar\/df\/violencia-contra-las-mujeres-decisiones-politicas-desacertadas-resienten-atencion\/","og_locale":"es_ES","og_type":"article","og_title":"Violencia contra las Mujeres, decisiones pol\u00edticas desacertadas resienten atenci\u00f3n - Diario Digital Femenino","og_description":"&nbsp; &nbsp; &nbsp; El servicio telef\u00f3nico del Programa de Atenci\u00f3n Violencia Mujer, dependiente de la Secretar\u00eda de Derechos Humanos de la Provincia de Buenos Aires redujo su atenci\u00f3n a 9 horas y a d\u00edas h\u00e1biles. El programa que tiene la finalidad de brindar un primer nivel de atenci\u00f3n y contenci\u00f3n a mujeres v\u00edctimas de violencia [&hellip;]","og_url":"https:\/\/diariofemenino.com.ar\/df\/violencia-contra-las-mujeres-decisiones-politicas-desacertadas-resienten-atencion\/","og_site_name":"Diario Digital Femenino","article_publisher":"https:\/\/www.facebook.com\/DiarioDigitaFemenino\/","article_published_time":"2012-06-24T19:30:47+00:00","og_image":[{"width":855,"height":319,"url":"https:\/\/diariofemenino.com.ar\/df\/wp-content\/uploads\/2016\/10\/logo-negro.png","type":"image\/png"}],"author":"Admin","twitter_card":"summary_large_image","twitter_creator":"@DiarioFemenino1","twitter_site":"@DiarioFemenino1","twitter_misc":{"Escrito por":"Admin","Tiempo de lectura":"4 minutos"},"schema":{"@context":"https:\/\/schema.org","@graph":[{"@type":"Article","@id":"https:\/\/diariofemenino.com.ar\/df\/violencia-contra-las-mujeres-decisiones-politicas-desacertadas-resienten-atencion\/#article","isPartOf":{"@id":"https:\/\/diariofemenino.com.ar\/df\/violencia-contra-las-mujeres-decisiones-politicas-desacertadas-resienten-atencion\/"},"author":{"name":"Admin","@id":"https:\/\/diariofemenino.com.ar\/df\/#\/schema\/person\/38f54b3bfd13f561de2460ba95c169c6"},"headline":"Violencia contra las Mujeres, decisiones pol\u00edticas desacertadas resienten atenci\u00f3n","datePublished":"2012-06-24T19:30:47+00:00","mainEntityOfPage":{"@id":"https:\/\/diariofemenino.com.ar\/df\/violencia-contra-las-mujeres-decisiones-politicas-desacertadas-resienten-atencion\/"},"wordCount":735,"commentCount":0,"publisher":{"@id":"https:\/\/diariofemenino.com.ar\/df\/#organization"},"image":{"@id":"https:\/\/diariofemenino.com.ar\/df\/violencia-contra-las-mujeres-decisiones-politicas-desacertadas-resienten-atencion\/#primaryimage"},"thumbnailUrl":"","articleSection":["Medios","Mujeres Sindicalistas"],"inLanguage":"es","potentialAction":[{"@type":"CommentAction","name":"Comment","target":["https:\/\/diariofemenino.com.ar\/df\/violencia-contra-las-mujeres-decisiones-politicas-desacertadas-resienten-atencion\/#respond"]}]},{"@type":"WebPage","@id":"https:\/\/diariofemenino.com.ar\/df\/violencia-contra-las-mujeres-decisiones-politicas-desacertadas-resienten-atencion\/","url":"https:\/\/diariofemenino.com.ar\/df\/violencia-contra-las-mujeres-decisiones-politicas-desacertadas-resienten-atencion\/","name":"Violencia contra las Mujeres, decisiones pol\u00edticas desacertadas resienten atenci\u00f3n - Diario Digital Femenino","isPartOf":{"@id":"https:\/\/diariofemenino.com.ar\/df\/#website"},"primaryImageOfPage":{"@id":"https:\/\/diariofemenino.com.ar\/df\/violencia-contra-las-mujeres-decisiones-politicas-desacertadas-resienten-atencion\/#primaryimage"},"image":{"@id":"https:\/\/diariofemenino.com.ar\/df\/violencia-contra-las-mujeres-decisiones-politicas-desacertadas-resienten-atencion\/#primaryimage"},"thumbnailUrl":"","datePublished":"2012-06-24T19:30:47+00:00","breadcrumb":{"@id":"https:\/\/diariofemenino.com.ar\/df\/violencia-contra-las-mujeres-decisiones-politicas-desacertadas-resienten-atencion\/#breadcrumb"},"inLanguage":"es","potentialAction":[{"@type":"ReadAction","target":["https:\/\/diariofemenino.com.ar\/df\/violencia-contra-las-mujeres-decisiones-politicas-desacertadas-resienten-atencion\/"]}]},{"@type":"ImageObject","inLanguage":"es","@id":"https:\/\/diariofemenino.com.ar\/df\/violencia-contra-las-mujeres-decisiones-politicas-desacertadas-resienten-atencion\/#primaryimage","url":"","contentUrl":""},{"@type":"BreadcrumbList","@id":"https:\/\/diariofemenino.com.ar\/df\/violencia-contra-las-mujeres-decisiones-politicas-desacertadas-resienten-atencion\/#breadcrumb","itemListElement":[{"@type":"ListItem","position":1,"name":"Portada","item":"https:\/\/diariofemenino.com.ar\/df\/"},{"@type":"ListItem","position":2,"name":"Violencia contra las Mujeres, decisiones pol\u00edticas desacertadas resienten atenci\u00f3n"}]},{"@type":"WebSite","@id":"https:\/\/diariofemenino.com.ar\/df\/#website","url":"https:\/\/diariofemenino.com.ar\/df\/","name":"Diario Digital Femenino","description":"Cuesti\u00f3n de G\u00e9nero","publisher":{"@id":"https:\/\/diariofemenino.com.ar\/df\/#organization"},"potentialAction":[{"@type":"SearchAction","target":{"@type":"EntryPoint","urlTemplate":"https:\/\/diariofemenino.com.ar\/df\/?s={search_term_string}"},"query-input":{"@type":"PropertyValueSpecification","valueRequired":true,"valueName":"search_term_string"}}],"inLanguage":"es"},{"@type":"Organization","@id":"https:\/\/diariofemenino.com.ar\/df\/#organization","name":"Diario Femenino","url":"https:\/\/diariofemenino.com.ar\/df\/","logo":{"@type":"ImageObject","inLanguage":"es","@id":"https:\/\/diariofemenino.com.ar\/df\/#\/schema\/logo\/image\/","url":"https:\/\/diariofemenino.com.ar\/df\/wp-content\/uploads\/2018\/10\/logo.png","contentUrl":"https:\/\/diariofemenino.com.ar\/df\/wp-content\/uploads\/2018\/10\/logo.png","width":500,"height":92,"caption":"Diario Femenino"},"image":{"@id":"https:\/\/diariofemenino.com.ar\/df\/#\/schema\/logo\/image\/"},"sameAs":["https:\/\/www.facebook.com\/DiarioDigitaFemenino\/","https:\/\/x.com\/DiarioFemenino1"]},{"@type":"Person","@id":"https:\/\/diariofemenino.com.ar\/df\/#\/schema\/person\/38f54b3bfd13f561de2460ba95c169c6","name":"Admin","image":{"@type":"ImageObject","inLanguage":"es","@id":"https:\/\/diariofemenino.com.ar\/df\/wp-content\/uploads\/2018\/12\/favicon-150x150.jpg","url":"https:\/\/diariofemenino.com.ar\/df\/wp-content\/uploads\/2018\/12\/favicon-150x150.jpg","contentUrl":"https:\/\/diariofemenino.com.ar\/df\/wp-content\/uploads\/2018\/12\/favicon-150x150.jpg","caption":"Admin"},"url":"https:\/\/diariofemenino.com.ar\/df\/author\/adm18df\/"}]}},"jetpack_featured_media_url":"","jetpack_sharing_enabled":true,"rttpg_featured_image_url":null,"rttpg_author":{"display_name":"Admin","author_link":"https:\/\/diariofemenino.com.ar\/df\/author\/adm18df\/"},"rttpg_comment":0,"rttpg_category":"<a href=\"https:\/\/diariofemenino.com.ar\/df\/category\/medios\/\" rel=\"category tag\">Medios<\/a> <a href=\"https:\/\/diariofemenino.com.ar\/df\/category\/mujeres-sindicalistas\/\" rel=\"category tag\">Mujeres Sindicalistas<\/a>","rttpg_excerpt":"&nbsp; &nbsp; &nbsp; El servicio telef\u00f3nico del Programa de Atenci\u00f3n Violencia Mujer, dependiente de la Secretar\u00eda de Derechos Humanos de la Provincia de Buenos Aires redujo su atenci\u00f3n a 9 horas y a d\u00edas h\u00e1biles. El programa que tiene la finalidad de brindar un primer nivel de atenci\u00f3n y contenci\u00f3n a mujeres v\u00edctimas de violencia&hellip;","_links":{"self":[{"href":"https:\/\/diariofemenino.com.ar\/df\/wp-json\/wp\/v2\/posts\/2152","targetHints":{"allow":["GET"]}}],"collection":[{"href":"https:\/\/diariofemenino.com.ar\/df\/wp-json\/wp\/v2\/posts"}],"about":[{"href":"https:\/\/diariofemenino.com.ar\/df\/wp-json\/wp\/v2\/types\/post"}],"author":[{"embeddable":true,"href":"https:\/\/diariofemenino.com.ar\/df\/wp-json\/wp\/v2\/users\/1"}],"replies":[{"embeddable":true,"href":"https:\/\/diariofemenino.com.ar\/df\/wp-json\/wp\/v2\/comments?post=2152"}],"version-history":[{"count":0,"href":"https:\/\/diariofemenino.com.ar\/df\/wp-json\/wp\/v2\/posts\/2152\/revisions"}],"wp:featuredmedia":[{"embeddable":true,"href":"https:\/\/diariofemenino.com.ar\/df\/wp-json\/"}],"wp:attachment":[{"href":"https:\/\/diariofemenino.com.ar\/df\/wp-json\/wp\/v2\/media?parent=2152"}],"wp:term":[{"taxonomy":"category","embeddable":true,"href":"https:\/\/diariofemenino.com.ar\/df\/wp-json\/wp\/v2\/categories?post=2152"},{"taxonomy":"post_tag","embeddable":true,"href":"https:\/\/diariofemenino.com.ar\/df\/wp-json\/wp\/v2\/tags?post=2152"}],"curies":[{"name":"wp","href":"https:\/\/api.w.org\/{rel}","templated":true}]}}