{"id":2147,"date":"2012-06-24T15:09:12","date_gmt":"2012-06-24T18:09:12","guid":{"rendered":"http:\/\/www.diariofemenino.com.ar\/?p=2147"},"modified":"2012-06-24T15:09:12","modified_gmt":"2012-06-24T18:09:12","slug":"pelloni-recibio-denuncias-de-trafico-de-ninos-en-la-region","status":"publish","type":"post","link":"https:\/\/diariofemenino.com.ar\/df\/pelloni-recibio-denuncias-de-trafico-de-ninos-en-la-region\/","title":{"rendered":"Pelloni recibi\u00f3 denuncias de tr\u00e1fico de ni\u00f1os en la regi\u00f3n"},"content":{"rendered":"<p>&nbsp;<br \/>\n&nbsp;<\/p>\n<address>Irrumpi\u00f3 en las marchas del silencio en Catamarca, cuando era directora de la escuela a la que asist\u00eda Mar\u00eda Soledad Morales. Salir a la calle para esclarecer ese crimen, la convirti\u00f3 en una l\u00edder social. Alguna vez dijo que era una monja feminista. Lo es. Pero no puso s\u00f3lo el ojo en la forma que toma el patriarcado en su propia instituci\u00f3n. Form\u00f3 parte de la APDH y hoy est\u00e1 al frente de una instituci\u00f3n que brinda asistencia a las v\u00edctimas de trata, abusos y adicciones, la Red de Infancia Robada, instituci\u00f3n que cre\u00f3 y dirige desde Goya, Corrientes. A pocas horas de llegar a Bariloche, la hermana Marta Pelloni, habl\u00f3 con ANB y confirm\u00f3 que decidi\u00f3 venir por denuncias que recibi\u00f3 relacionadas al posible tr\u00e1fico de ni\u00f1os y ni\u00f1as v\u00eda el Nahuel Huapi, hacia Chile-<\/address>\n<address>\u00a0<\/address>\n<p>Por Susana Yappert para <a href=\"http:\/\/www.anbariloche.com.ar\/noticia.php?nota=29473\">ANB<\/a><br \/>\nANB: Su visita a Bariloche est\u00e1 relacionada a que recibi\u00f3 denuncias de tr\u00e1fico de ni\u00f1os y ni\u00f1as desde la zona de Bariloche hacia Chile, v\u00eda lacustre \u00bfQu\u00e9 informaci\u00f3n maneja al respecto?<br \/>\nMarta Pelloni: El a\u00f1o pasado estuve en Cipolletti haciendo una capacitaci\u00f3n y all\u00ed tuve la oportunidad de escuchar denuncias que alertaban sobre la existencia de tr\u00e1fico de ni\u00f1os en esta zona; es decir todo lo que significa \u201ctrata\u201d, que es reclutamiento de personas, incluidos ni\u00f1os; y tr\u00e1fico, que es pasar ni\u00f1os y ni\u00f1as por la frontera para ser que entregados en Chile o hacia Chile. Habr\u00e1 que saber a d\u00f3nde se \u201cadoptan\u201d esos ni\u00f1os y si el tr\u00e1fico de ellos es para adopci\u00f3n, si es para tr\u00e1fico de \u00f3rganos, si es para turismo sexual, es decir, saber cu\u00e1l es la finalidad de tantos secuestros de ni\u00f1os. La compra y venta de ni\u00f1os en el pa\u00eds, es terrible. Lamentablemente, el turismo sexual en esas zonas de mucho turismo internacional es frecuente. Ac\u00e1, nosotros en Corrientes, tenemos zonas como los Esteros del Iber\u00e1, Iguaz\u00fa, que son zonas de turismo internacional con turismo sexual de ni\u00f1os.<br \/>\nANB: \u00bfUsted recibe denuncias concretas? \u00bfC\u00f3mo trabaja su organizaci\u00f3n cuando reciben este tipo de informaci\u00f3n?<br \/>\nM.P.: Nosotros recibimos denuncias pero no hacemos investigaci\u00f3n. Nosotros lo que hacemos es capacitar para sensibilizar a la sociedad fundamentalmente. Esto requiere de un compromiso social porque estos son problemas sociales que cuando el Estado no los puede abarcar en su totalidad, como ocurre en instituciones policiales, municipales, instituciones de justicia, bueno, la sociedad tambi\u00e9n tiene que colaborar y no ser indiferente. Por eso es tan importante sensibilizar y capacitar. Es fundamental que se cree un foro social articulando con consejos municipales, consejos de la familias, consejos del menor, justicia, polic\u00eda, polic\u00eda femenina; incluso para conseguir casas de refugio para cuando hay todo tipo de violencias hacia ni\u00f1as, mujeres y sus familias. Esto es para todas las clases sociales, pero cuando hay vulnerabilidad el problema es mucho m\u00e1s serio porque a veces la misma familia es la que necesita resolver el problema. Cuando una familia tiene problemas de promiscuidad y en esas familias hay ni\u00f1os que sufren abuso, o hay ni\u00f1os que son entregados por sus propias familias para el tr\u00e1fico, tenemos que trabajar sensibilizando no al Estado, sino a la propia familia.<br \/>\nANB: \u00bfLos trascendidos en relaci\u00f3n al tr\u00e1fico de ni\u00f1os y ni\u00f1as en esta zona tienen que ver con la laxitud en pasos fronterizos, con la permeabilidad t\u00edpica de esos territorios, por bajos controles adeuaneros o corrupci\u00f3n en Gendarmer\u00eda y Prefectura?<br \/>\nM.P.: Cuando estuve en Cipolletti escuch\u00e9 que se utilizaba la v\u00eda lacustre para el tr\u00e1fico de ni\u00f1os y ni\u00f1as en esta zona. Lo que debe decirse cuando hablamos de ciudades de frontera, como Bariloche, como la zona de Misiones con el Paraguay, o de Salta -\u00a1en Salta hemos tenido en un solo barrio 30 ni\u00f1as desaparecidas!-, estamos hablando de problemas muy serios y peculiares que hay que atender. En relaci\u00f3n a la zona de ustedes, sabemos que las \u201cadopciones\u201d cuestan y mucho, sabemos que la salida es por Chile. Ahora, no sabemos hacia d\u00f3nde van esos ni\u00f1os \u201cadoptados\u201d y ac\u00e1 habr\u00eda que hacer una investigaci\u00f3n judicial, policial, pero judicial sobre todo para saber qui\u00e9n da en \u201cadopci\u00f3n\u201d. Necesitamos saber si los ni\u00f1os salen en \u201cadopci\u00f3n\u201d o salen traficados. Nosotros no hacemos investigaci\u00f3n pero s\u00ed podemos advertir a las autoridades, abrir los ojos a la sociedad para que conozcan las posibles formas en las que operan localmente estas mafias del crimen organizado.<br \/>\nANB: \u00bfQu\u00e9 datos maneja en relaci\u00f3n al pa\u00eds?\u00bf Cu\u00e1les son las zonas, las fronteras m\u00e1s calientes en relaci\u00f3n al delito de tr\u00e1fico y trata?<br \/>\nM.P.: No abarcamos esos temas. Tenemos informaci\u00f3n como todo el mundo que quiere estar seriamente informado, pero no es nuestra funci\u00f3n hacer estad\u00edsticas, nosotros queremos que la sociedad est\u00e9 organizada para tener conciencia de los que est\u00e1 pasando y actuar, esa es nuestra misi\u00f3n. Piense que soy religiosa, por lo tanto me dedico a predicar valores. Qu\u00e9 valores podemos darle a una familia vulnerable, que le falta promoci\u00f3n humana, para no entregar a una ni\u00f1a, para que no la venda. Adem\u00e1s, toda la incidencia en pol\u00edticas p\u00fablicas que hay que realizar. \u00bfQui\u00e9n lo va a hacer si no? Hablamos de educaci\u00f3n, de promoci\u00f3n humana, de salud, de educaci\u00f3n y de educaci\u00f3n sexual en las escuelas, este es un tema muy importante. Un hijo, una hija que no puede ser atendido por su propia familia, un hijo o hija que no fue esperada, es posiblemente consecuencia de la falta de educaci\u00f3n sexual de sus padres y es el que est\u00e1 en situaci\u00f3n de vulnerabilidad frente a este tipo de cr\u00edmenes organizados.<br \/>\nANB: Y pese a la existencia de una Ley Nacional, sigue siendo muy resistido\u2026<br \/>\nM.P.: Nosotros estamos a favor de la educaci\u00f3n sexual en la familia y en la escuela. Comienza en la familia y contin\u00faa en la escuela. Tambi\u00e9n alertamos sobre el control a la pornograf\u00eda en internet, tambi\u00e9n tendr\u00edamos que educar en estos temas. Yo soy la rpresentante legal del Colegio donde vivo, Santa Teresa de Jes\u00fas de las Carmelitas Misioneras Teresianas, aqu\u00ed en Goya, Corrientes. Estoy jubilada en la docencia-aula, pero sigo trabajando en la docencia en valores, doy charlas en escuelas, como equipo. Justamente acabamos de venir de dar una capacitaci\u00f3n en el Poder Judicial de Corrientes, nos invitaron los ministros de justicia, polic\u00edas, jefes de polic\u00eda. Para nosotras fue algo muy, muy importante porque as\u00ed se va tomando conciencia de estos temas, temas que son un verdadero problema para la sociedad y para los gobiernos, f\u00edjese nom\u00e1s el tema de la droga, ahora dicen que quieren despenalizar y aqu\u00ed tambi\u00e9n tenemos algo para decir: estamos en contra del proyecto de despenalizaci\u00f3n de la droga porque el fumar en cantidad min\u00fascula es un signo para la juventud, un consumidor es cautivo, por ser clientes de las mafias del crimen organizado, como ocurre con el paco, que ya est\u00e1 en las escuelas.<br \/>\nANB: Usted habla de nuevos derechos humanos vulnerados en democracia. Desde su actuaci\u00f3n en las marchas del silencio por Mar\u00eda Soledad Morales, \u00bfqu\u00e9 cambios hubo en relaci\u00f3n a esos derechos vulnerados?<br \/>\nM.P.: Nosotros vivimos en democracia, por fortuna cortamos la triste historia de las dictaduras, pero la construcci\u00f3n de la democracia es una construcci\u00f3n colectiva. Y nos est\u00e1 faltando mucho, porque no todas las leyes que ha sancionado esta democracia, favorecieron a la democracia. Por alg\u00fan motivo hoy tenemos a c\u00e1rteles del narcotr\u00e1fico instalados en el pa\u00eds; entonces hay que ver qu\u00e9 leyes no construyen democracia porque nos destruyen como ciudadanos, en este sentido hablo de atender a los nuevos derechos humanos vulnerados. Yo puedo ser progresista, y de hecho lo soy en muchos temas como en el respeto a la diversidad, pero tambi\u00e9n soy consciente de lo que falta desde una educaci\u00f3n sexual integral, el fortalecer la identidad de nuestros ni\u00f1os desde cuando nacen; esto es algo que se da como una paradoja, en forma paralela. Y hay muchos temas de los que hablar, sobre situaci\u00f3n de pueblos originarios, medio ambiente, trata, son temas de los que tenemos que hacernos cargo como ciudadanos.<br \/>\nANB: Usted participa en algunas redes de g\u00e9nero y desde que la conocemos est\u00e1 luchando en causas muy vinculada a mujeres \u00bfconsidera que nuestra democracia hizo avances en relaci\u00f3n a corregir la desigualdad estructural entre los g\u00e9neros?<br \/>\nM.P.: En todas nuestras capacitaciones hablamos de g\u00e9nero, de perspectiva de g\u00e9nero, de violencia de g\u00e9nero, justamente porque entendemos que somos una sociedad no solamente argentina, tambi\u00e9n latinoamericana y machista, proveniente de un patriarcado de Estado; este Estado machista tambi\u00e9n es reflejo de una cultura, nuestra cultura es machista y lo tenemos enquistado, aunque se est\u00e1 trabajando y las mujeres estamos saliendo al frente. La equidad, la igualdad, las diferencias, creo, todav\u00eda no se notan. Hay un desequilibrio en la balanza entre la mujer y el var\u00f3n. Es una lucha de todos los d\u00edas, tambi\u00e9n porque a veces las mismas mujeres no ayudamos a este cambio de mentalidad. Nosotras solemos decir mujeres con bigotes, cuando nos referimos a las mujeres machistas que todav\u00eda creen que el hombre es m\u00e1s que ellas, por eso tiene que manejar el dinero de la casa, \u00e9l es el que tiene la \u00faltima palabras, de modo que falta mucho para lograr esa igualdad de oportunidades, esa igualdad real.<br \/>\n&nbsp;<br \/>\nANB: \u00bfCu\u00e1l ser\u00eda para usted la deuda que el Estado tiene en relaci\u00f3n a las mujeres?<br \/>\nM.P.: (se sonr\u00ede) Los espacios pol\u00edticos, sociales, civiles, econ\u00f3micos que no nos dan a las mujeres. Los lugares importantes, los lugares donde se toman las decisiones est\u00e1n ocupados por hombres, a\u00fan cuando tengamos una presidenta mujer. Falta mucho todav\u00eda, en el mismo trato. Pero empecemos por lo m\u00e1s material, la pol\u00edtica nuestra es machista, all\u00ed hay que seguir dando una fuerte batalla.<br \/>\n&nbsp;<br \/>\n&nbsp;<br \/>\n&nbsp;<\/p>\n","protected":false},"excerpt":{"rendered":"<p>&nbsp; &nbsp; Irrumpi\u00f3 en las marchas del silencio en Catamarca, cuando era directora de la escuela a la que asist\u00eda Mar\u00eda Soledad Morales. Salir a la calle para esclarecer ese crimen, la convirti\u00f3 en una l\u00edder social. Alguna vez dijo que era una monja feminista. Lo es. Pero no puso s\u00f3lo el ojo en la [&hellip;]<\/p>\n","protected":false},"author":1,"featured_media":2148,"comment_status":"open","ping_status":"open","sticky":false,"template":"","format":"standard","meta":{"iawp_total_views":17,"footnotes":""},"categories":[8,4,21,15],"tags":[],"class_list":["post-2147","post","type-post","status-publish","format-standard","has-post-thumbnail","hentry","category-entrevistas","category-medios","category-noticias","category-trata-de-personas"],"nelio_content":{"autoShareEndMode":"never","automationSources":{"useCustomSentences":false,"customSentences":[]},"efiAlt":"","efiUrl":"","followers":[],"highlights":[],"isAutoShareEnabled":true,"networkImageIds":[],"permalinkQueryArgs":[],"series":[],"suggestedReferences":[]},"yoast_head":"<!-- This site is optimized with the Yoast SEO plugin v27.5 - https:\/\/yoast.com\/product\/yoast-seo-wordpress\/ -->\n<title>Pelloni recibi\u00f3 denuncias de tr\u00e1fico de ni\u00f1os en la regi\u00f3n - Diario Digital Femenino<\/title>\n<meta name=\"robots\" content=\"index, follow, max-snippet:-1, max-image-preview:large, max-video-preview:-1\" \/>\n<link rel=\"canonical\" href=\"https:\/\/diariofemenino.com.ar\/df\/pelloni-recibio-denuncias-de-trafico-de-ninos-en-la-region\/\" \/>\n<meta property=\"og:locale\" content=\"es_ES\" \/>\n<meta property=\"og:type\" content=\"article\" \/>\n<meta property=\"og:title\" content=\"Pelloni recibi\u00f3 denuncias de tr\u00e1fico de ni\u00f1os en la regi\u00f3n - Diario Digital Femenino\" \/>\n<meta property=\"og:description\" content=\"&nbsp; &nbsp; Irrumpi\u00f3 en las marchas del silencio en Catamarca, cuando era directora de la escuela a la que asist\u00eda Mar\u00eda Soledad Morales. Salir a la calle para esclarecer ese crimen, la convirti\u00f3 en una l\u00edder social. Alguna vez dijo que era una monja feminista. Lo es. Pero no puso s\u00f3lo el ojo en la [&hellip;]\" \/>\n<meta property=\"og:url\" content=\"https:\/\/diariofemenino.com.ar\/df\/pelloni-recibio-denuncias-de-trafico-de-ninos-en-la-region\/\" \/>\n<meta property=\"og:site_name\" content=\"Diario Digital Femenino\" \/>\n<meta property=\"article:publisher\" content=\"https:\/\/www.facebook.com\/DiarioDigitaFemenino\/\" \/>\n<meta property=\"article:published_time\" content=\"2012-06-24T18:09:12+00:00\" \/>\n<meta property=\"og:image\" content=\"https:\/\/diariofemenino.com.ar\/df\/wp-content\/uploads\/2016\/10\/logo-negro.png\" \/>\n\t<meta property=\"og:image:width\" content=\"855\" \/>\n\t<meta property=\"og:image:height\" content=\"319\" \/>\n\t<meta property=\"og:image:type\" content=\"image\/png\" \/>\n<meta name=\"author\" content=\"Admin\" \/>\n<meta name=\"twitter:card\" content=\"summary_large_image\" \/>\n<meta name=\"twitter:creator\" content=\"@DiarioFemenino1\" \/>\n<meta name=\"twitter:site\" content=\"@DiarioFemenino1\" \/>\n<meta name=\"twitter:label1\" content=\"Escrito por\" \/>\n\t<meta name=\"twitter:data1\" content=\"Admin\" \/>\n\t<meta name=\"twitter:label2\" content=\"Tiempo de lectura\" \/>\n\t<meta name=\"twitter:data2\" content=\"9 minutos\" \/>\n<script type=\"application\/ld+json\" class=\"yoast-schema-graph\">{\"@context\":\"https:\\\/\\\/schema.org\",\"@graph\":[{\"@type\":\"Article\",\"@id\":\"https:\\\/\\\/diariofemenino.com.ar\\\/df\\\/pelloni-recibio-denuncias-de-trafico-de-ninos-en-la-region\\\/#article\",\"isPartOf\":{\"@id\":\"https:\\\/\\\/diariofemenino.com.ar\\\/df\\\/pelloni-recibio-denuncias-de-trafico-de-ninos-en-la-region\\\/\"},\"author\":{\"name\":\"Admin\",\"@id\":\"https:\\\/\\\/diariofemenino.com.ar\\\/df\\\/#\\\/schema\\\/person\\\/38f54b3bfd13f561de2460ba95c169c6\"},\"headline\":\"Pelloni recibi\u00f3 denuncias de tr\u00e1fico de ni\u00f1os en la regi\u00f3n\",\"datePublished\":\"2012-06-24T18:09:12+00:00\",\"mainEntityOfPage\":{\"@id\":\"https:\\\/\\\/diariofemenino.com.ar\\\/df\\\/pelloni-recibio-denuncias-de-trafico-de-ninos-en-la-region\\\/\"},\"wordCount\":1777,\"commentCount\":0,\"publisher\":{\"@id\":\"https:\\\/\\\/diariofemenino.com.ar\\\/df\\\/#organization\"},\"image\":{\"@id\":\"https:\\\/\\\/diariofemenino.com.ar\\\/df\\\/pelloni-recibio-denuncias-de-trafico-de-ninos-en-la-region\\\/#primaryimage\"},\"thumbnailUrl\":\"\",\"articleSection\":[\"Entrevistas\",\"Medios\",\"Noticias\",\"Trata de Pers.\"],\"inLanguage\":\"es\",\"potentialAction\":[{\"@type\":\"CommentAction\",\"name\":\"Comment\",\"target\":[\"https:\\\/\\\/diariofemenino.com.ar\\\/df\\\/pelloni-recibio-denuncias-de-trafico-de-ninos-en-la-region\\\/#respond\"]}]},{\"@type\":\"WebPage\",\"@id\":\"https:\\\/\\\/diariofemenino.com.ar\\\/df\\\/pelloni-recibio-denuncias-de-trafico-de-ninos-en-la-region\\\/\",\"url\":\"https:\\\/\\\/diariofemenino.com.ar\\\/df\\\/pelloni-recibio-denuncias-de-trafico-de-ninos-en-la-region\\\/\",\"name\":\"Pelloni recibi\u00f3 denuncias de tr\u00e1fico de ni\u00f1os en la regi\u00f3n - Diario Digital Femenino\",\"isPartOf\":{\"@id\":\"https:\\\/\\\/diariofemenino.com.ar\\\/df\\\/#website\"},\"primaryImageOfPage\":{\"@id\":\"https:\\\/\\\/diariofemenino.com.ar\\\/df\\\/pelloni-recibio-denuncias-de-trafico-de-ninos-en-la-region\\\/#primaryimage\"},\"image\":{\"@id\":\"https:\\\/\\\/diariofemenino.com.ar\\\/df\\\/pelloni-recibio-denuncias-de-trafico-de-ninos-en-la-region\\\/#primaryimage\"},\"thumbnailUrl\":\"\",\"datePublished\":\"2012-06-24T18:09:12+00:00\",\"breadcrumb\":{\"@id\":\"https:\\\/\\\/diariofemenino.com.ar\\\/df\\\/pelloni-recibio-denuncias-de-trafico-de-ninos-en-la-region\\\/#breadcrumb\"},\"inLanguage\":\"es\",\"potentialAction\":[{\"@type\":\"ReadAction\",\"target\":[\"https:\\\/\\\/diariofemenino.com.ar\\\/df\\\/pelloni-recibio-denuncias-de-trafico-de-ninos-en-la-region\\\/\"]}]},{\"@type\":\"ImageObject\",\"inLanguage\":\"es\",\"@id\":\"https:\\\/\\\/diariofemenino.com.ar\\\/df\\\/pelloni-recibio-denuncias-de-trafico-de-ninos-en-la-region\\\/#primaryimage\",\"url\":\"\",\"contentUrl\":\"\"},{\"@type\":\"BreadcrumbList\",\"@id\":\"https:\\\/\\\/diariofemenino.com.ar\\\/df\\\/pelloni-recibio-denuncias-de-trafico-de-ninos-en-la-region\\\/#breadcrumb\",\"itemListElement\":[{\"@type\":\"ListItem\",\"position\":1,\"name\":\"Portada\",\"item\":\"https:\\\/\\\/diariofemenino.com.ar\\\/df\\\/\"},{\"@type\":\"ListItem\",\"position\":2,\"name\":\"Pelloni recibi\u00f3 denuncias de tr\u00e1fico de ni\u00f1os en la regi\u00f3n\"}]},{\"@type\":\"WebSite\",\"@id\":\"https:\\\/\\\/diariofemenino.com.ar\\\/df\\\/#website\",\"url\":\"https:\\\/\\\/diariofemenino.com.ar\\\/df\\\/\",\"name\":\"Diario Digital Femenino\",\"description\":\"Cuesti\u00f3n de G\u00e9nero\",\"publisher\":{\"@id\":\"https:\\\/\\\/diariofemenino.com.ar\\\/df\\\/#organization\"},\"potentialAction\":[{\"@type\":\"SearchAction\",\"target\":{\"@type\":\"EntryPoint\",\"urlTemplate\":\"https:\\\/\\\/diariofemenino.com.ar\\\/df\\\/?s={search_term_string}\"},\"query-input\":{\"@type\":\"PropertyValueSpecification\",\"valueRequired\":true,\"valueName\":\"search_term_string\"}}],\"inLanguage\":\"es\"},{\"@type\":\"Organization\",\"@id\":\"https:\\\/\\\/diariofemenino.com.ar\\\/df\\\/#organization\",\"name\":\"Diario Femenino\",\"url\":\"https:\\\/\\\/diariofemenino.com.ar\\\/df\\\/\",\"logo\":{\"@type\":\"ImageObject\",\"inLanguage\":\"es\",\"@id\":\"https:\\\/\\\/diariofemenino.com.ar\\\/df\\\/#\\\/schema\\\/logo\\\/image\\\/\",\"url\":\"https:\\\/\\\/diariofemenino.com.ar\\\/df\\\/wp-content\\\/uploads\\\/2018\\\/10\\\/logo.png\",\"contentUrl\":\"https:\\\/\\\/diariofemenino.com.ar\\\/df\\\/wp-content\\\/uploads\\\/2018\\\/10\\\/logo.png\",\"width\":500,\"height\":92,\"caption\":\"Diario Femenino\"},\"image\":{\"@id\":\"https:\\\/\\\/diariofemenino.com.ar\\\/df\\\/#\\\/schema\\\/logo\\\/image\\\/\"},\"sameAs\":[\"https:\\\/\\\/www.facebook.com\\\/DiarioDigitaFemenino\\\/\",\"https:\\\/\\\/x.com\\\/DiarioFemenino1\"]},{\"@type\":\"Person\",\"@id\":\"https:\\\/\\\/diariofemenino.com.ar\\\/df\\\/#\\\/schema\\\/person\\\/38f54b3bfd13f561de2460ba95c169c6\",\"name\":\"Admin\",\"image\":{\"@type\":\"ImageObject\",\"inLanguage\":\"es\",\"@id\":\"https:\\\/\\\/diariofemenino.com.ar\\\/df\\\/wp-content\\\/uploads\\\/2018\\\/12\\\/favicon-150x150.jpg\",\"url\":\"https:\\\/\\\/diariofemenino.com.ar\\\/df\\\/wp-content\\\/uploads\\\/2018\\\/12\\\/favicon-150x150.jpg\",\"contentUrl\":\"https:\\\/\\\/diariofemenino.com.ar\\\/df\\\/wp-content\\\/uploads\\\/2018\\\/12\\\/favicon-150x150.jpg\",\"caption\":\"Admin\"},\"url\":\"https:\\\/\\\/diariofemenino.com.ar\\\/df\\\/author\\\/adm18df\\\/\"}]}<\/script>\n<!-- \/ Yoast SEO plugin. -->","yoast_head_json":{"title":"Pelloni recibi\u00f3 denuncias de tr\u00e1fico de ni\u00f1os en la regi\u00f3n - Diario Digital Femenino","robots":{"index":"index","follow":"follow","max-snippet":"max-snippet:-1","max-image-preview":"max-image-preview:large","max-video-preview":"max-video-preview:-1"},"canonical":"https:\/\/diariofemenino.com.ar\/df\/pelloni-recibio-denuncias-de-trafico-de-ninos-en-la-region\/","og_locale":"es_ES","og_type":"article","og_title":"Pelloni recibi\u00f3 denuncias de tr\u00e1fico de ni\u00f1os en la regi\u00f3n - Diario Digital Femenino","og_description":"&nbsp; &nbsp; Irrumpi\u00f3 en las marchas del silencio en Catamarca, cuando era directora de la escuela a la que asist\u00eda Mar\u00eda Soledad Morales. Salir a la calle para esclarecer ese crimen, la convirti\u00f3 en una l\u00edder social. Alguna vez dijo que era una monja feminista. Lo es. Pero no puso s\u00f3lo el ojo en la [&hellip;]","og_url":"https:\/\/diariofemenino.com.ar\/df\/pelloni-recibio-denuncias-de-trafico-de-ninos-en-la-region\/","og_site_name":"Diario Digital Femenino","article_publisher":"https:\/\/www.facebook.com\/DiarioDigitaFemenino\/","article_published_time":"2012-06-24T18:09:12+00:00","og_image":[{"width":855,"height":319,"url":"https:\/\/diariofemenino.com.ar\/df\/wp-content\/uploads\/2016\/10\/logo-negro.png","type":"image\/png"}],"author":"Admin","twitter_card":"summary_large_image","twitter_creator":"@DiarioFemenino1","twitter_site":"@DiarioFemenino1","twitter_misc":{"Escrito por":"Admin","Tiempo de lectura":"9 minutos"},"schema":{"@context":"https:\/\/schema.org","@graph":[{"@type":"Article","@id":"https:\/\/diariofemenino.com.ar\/df\/pelloni-recibio-denuncias-de-trafico-de-ninos-en-la-region\/#article","isPartOf":{"@id":"https:\/\/diariofemenino.com.ar\/df\/pelloni-recibio-denuncias-de-trafico-de-ninos-en-la-region\/"},"author":{"name":"Admin","@id":"https:\/\/diariofemenino.com.ar\/df\/#\/schema\/person\/38f54b3bfd13f561de2460ba95c169c6"},"headline":"Pelloni recibi\u00f3 denuncias de tr\u00e1fico de ni\u00f1os en la regi\u00f3n","datePublished":"2012-06-24T18:09:12+00:00","mainEntityOfPage":{"@id":"https:\/\/diariofemenino.com.ar\/df\/pelloni-recibio-denuncias-de-trafico-de-ninos-en-la-region\/"},"wordCount":1777,"commentCount":0,"publisher":{"@id":"https:\/\/diariofemenino.com.ar\/df\/#organization"},"image":{"@id":"https:\/\/diariofemenino.com.ar\/df\/pelloni-recibio-denuncias-de-trafico-de-ninos-en-la-region\/#primaryimage"},"thumbnailUrl":"","articleSection":["Entrevistas","Medios","Noticias","Trata de Pers."],"inLanguage":"es","potentialAction":[{"@type":"CommentAction","name":"Comment","target":["https:\/\/diariofemenino.com.ar\/df\/pelloni-recibio-denuncias-de-trafico-de-ninos-en-la-region\/#respond"]}]},{"@type":"WebPage","@id":"https:\/\/diariofemenino.com.ar\/df\/pelloni-recibio-denuncias-de-trafico-de-ninos-en-la-region\/","url":"https:\/\/diariofemenino.com.ar\/df\/pelloni-recibio-denuncias-de-trafico-de-ninos-en-la-region\/","name":"Pelloni recibi\u00f3 denuncias de tr\u00e1fico de ni\u00f1os en la regi\u00f3n - Diario Digital Femenino","isPartOf":{"@id":"https:\/\/diariofemenino.com.ar\/df\/#website"},"primaryImageOfPage":{"@id":"https:\/\/diariofemenino.com.ar\/df\/pelloni-recibio-denuncias-de-trafico-de-ninos-en-la-region\/#primaryimage"},"image":{"@id":"https:\/\/diariofemenino.com.ar\/df\/pelloni-recibio-denuncias-de-trafico-de-ninos-en-la-region\/#primaryimage"},"thumbnailUrl":"","datePublished":"2012-06-24T18:09:12+00:00","breadcrumb":{"@id":"https:\/\/diariofemenino.com.ar\/df\/pelloni-recibio-denuncias-de-trafico-de-ninos-en-la-region\/#breadcrumb"},"inLanguage":"es","potentialAction":[{"@type":"ReadAction","target":["https:\/\/diariofemenino.com.ar\/df\/pelloni-recibio-denuncias-de-trafico-de-ninos-en-la-region\/"]}]},{"@type":"ImageObject","inLanguage":"es","@id":"https:\/\/diariofemenino.com.ar\/df\/pelloni-recibio-denuncias-de-trafico-de-ninos-en-la-region\/#primaryimage","url":"","contentUrl":""},{"@type":"BreadcrumbList","@id":"https:\/\/diariofemenino.com.ar\/df\/pelloni-recibio-denuncias-de-trafico-de-ninos-en-la-region\/#breadcrumb","itemListElement":[{"@type":"ListItem","position":1,"name":"Portada","item":"https:\/\/diariofemenino.com.ar\/df\/"},{"@type":"ListItem","position":2,"name":"Pelloni recibi\u00f3 denuncias de tr\u00e1fico de ni\u00f1os en la regi\u00f3n"}]},{"@type":"WebSite","@id":"https:\/\/diariofemenino.com.ar\/df\/#website","url":"https:\/\/diariofemenino.com.ar\/df\/","name":"Diario Digital Femenino","description":"Cuesti\u00f3n de G\u00e9nero","publisher":{"@id":"https:\/\/diariofemenino.com.ar\/df\/#organization"},"potentialAction":[{"@type":"SearchAction","target":{"@type":"EntryPoint","urlTemplate":"https:\/\/diariofemenino.com.ar\/df\/?s={search_term_string}"},"query-input":{"@type":"PropertyValueSpecification","valueRequired":true,"valueName":"search_term_string"}}],"inLanguage":"es"},{"@type":"Organization","@id":"https:\/\/diariofemenino.com.ar\/df\/#organization","name":"Diario Femenino","url":"https:\/\/diariofemenino.com.ar\/df\/","logo":{"@type":"ImageObject","inLanguage":"es","@id":"https:\/\/diariofemenino.com.ar\/df\/#\/schema\/logo\/image\/","url":"https:\/\/diariofemenino.com.ar\/df\/wp-content\/uploads\/2018\/10\/logo.png","contentUrl":"https:\/\/diariofemenino.com.ar\/df\/wp-content\/uploads\/2018\/10\/logo.png","width":500,"height":92,"caption":"Diario Femenino"},"image":{"@id":"https:\/\/diariofemenino.com.ar\/df\/#\/schema\/logo\/image\/"},"sameAs":["https:\/\/www.facebook.com\/DiarioDigitaFemenino\/","https:\/\/x.com\/DiarioFemenino1"]},{"@type":"Person","@id":"https:\/\/diariofemenino.com.ar\/df\/#\/schema\/person\/38f54b3bfd13f561de2460ba95c169c6","name":"Admin","image":{"@type":"ImageObject","inLanguage":"es","@id":"https:\/\/diariofemenino.com.ar\/df\/wp-content\/uploads\/2018\/12\/favicon-150x150.jpg","url":"https:\/\/diariofemenino.com.ar\/df\/wp-content\/uploads\/2018\/12\/favicon-150x150.jpg","contentUrl":"https:\/\/diariofemenino.com.ar\/df\/wp-content\/uploads\/2018\/12\/favicon-150x150.jpg","caption":"Admin"},"url":"https:\/\/diariofemenino.com.ar\/df\/author\/adm18df\/"}]}},"jetpack_featured_media_url":"","jetpack_sharing_enabled":true,"rttpg_featured_image_url":null,"rttpg_author":{"display_name":"Admin","author_link":"https:\/\/diariofemenino.com.ar\/df\/author\/adm18df\/"},"rttpg_comment":0,"rttpg_category":"<a href=\"https:\/\/diariofemenino.com.ar\/df\/category\/entrevistas\/\" rel=\"category tag\">Entrevistas<\/a> <a href=\"https:\/\/diariofemenino.com.ar\/df\/category\/medios\/\" rel=\"category tag\">Medios<\/a> <a href=\"https:\/\/diariofemenino.com.ar\/df\/category\/noticias\/\" rel=\"category tag\">Noticias<\/a> <a href=\"https:\/\/diariofemenino.com.ar\/df\/category\/trata-de-personas\/\" rel=\"category tag\">Trata de Pers.<\/a>","rttpg_excerpt":"&nbsp; &nbsp; Irrumpi\u00f3 en las marchas del silencio en Catamarca, cuando era directora de la escuela a la que asist\u00eda Mar\u00eda Soledad Morales. Salir a la calle para esclarecer ese crimen, la convirti\u00f3 en una l\u00edder social. Alguna vez dijo que era una monja feminista. Lo es. Pero no puso s\u00f3lo el ojo en la&hellip;","_links":{"self":[{"href":"https:\/\/diariofemenino.com.ar\/df\/wp-json\/wp\/v2\/posts\/2147","targetHints":{"allow":["GET"]}}],"collection":[{"href":"https:\/\/diariofemenino.com.ar\/df\/wp-json\/wp\/v2\/posts"}],"about":[{"href":"https:\/\/diariofemenino.com.ar\/df\/wp-json\/wp\/v2\/types\/post"}],"author":[{"embeddable":true,"href":"https:\/\/diariofemenino.com.ar\/df\/wp-json\/wp\/v2\/users\/1"}],"replies":[{"embeddable":true,"href":"https:\/\/diariofemenino.com.ar\/df\/wp-json\/wp\/v2\/comments?post=2147"}],"version-history":[{"count":0,"href":"https:\/\/diariofemenino.com.ar\/df\/wp-json\/wp\/v2\/posts\/2147\/revisions"}],"wp:featuredmedia":[{"embeddable":true,"href":"https:\/\/diariofemenino.com.ar\/df\/wp-json\/"}],"wp:attachment":[{"href":"https:\/\/diariofemenino.com.ar\/df\/wp-json\/wp\/v2\/media?parent=2147"}],"wp:term":[{"taxonomy":"category","embeddable":true,"href":"https:\/\/diariofemenino.com.ar\/df\/wp-json\/wp\/v2\/categories?post=2147"},{"taxonomy":"post_tag","embeddable":true,"href":"https:\/\/diariofemenino.com.ar\/df\/wp-json\/wp\/v2\/tags?post=2147"}],"curies":[{"name":"wp","href":"https:\/\/api.w.org\/{rel}","templated":true}]}}