{"id":2140,"date":"2012-06-24T03:59:12","date_gmt":"2012-06-24T06:59:12","guid":{"rendered":"http:\/\/www.diariofemenino.com.ar\/?p=2140"},"modified":"2012-06-24T03:59:12","modified_gmt":"2012-06-24T06:59:12","slug":"retrata-inocencia-robada-el-documental-trata-de-personas","status":"publish","type":"post","link":"https:\/\/diariofemenino.com.ar\/df\/retrata-inocencia-robada-el-documental-trata-de-personas\/","title":{"rendered":"Retrata \u201cInocencia robada. El documental\u201d trata de personas"},"content":{"rendered":"<p>&nbsp;<br \/>\n&nbsp;<br \/>\nLa historia de dos ni\u00f1as de 14 a\u00f1os de edad que fueron v\u00edctimas de secuestro y trata de personas es retratada en \u201cInocencia robada, eldocumental\u201d, proyectado anoche\u00a0(22\/6)\u00a0en un\u00a0cine\u00a0de la capital mexicana.<\/p>\n<div>\n<div id=\"Contenido\" dir=\"LTR\">\nPrevio a la proyecci\u00f3n del testimonial f\u00edlmico, dirigido por Edgar P\u00e9rez Mu\u00f1oz, Rosi Orozco, presidenta de la Comisi\u00f3n Especial Para la Lucha Contra la Trata de Personas, destac\u00f3 la importancia de sumar esfuerzos para combatir este delito.<br \/>\nA\u00f1adi\u00f3 que el fen\u00f3meno afecta a miles de personas, no s\u00f3lo en M\u00e9xico sino en todo el mundo.<br \/>\nPor su parte, Antonio Luigi Mazzitelli, representante regional para M\u00e9xico, Centroam\u00e9rica y el Caribe de la Oficina de las Naciones Unidas contra la Droga y el Delito, destac\u00f3 que es inaceptable que hoy en d\u00eda haya seres humanos en condiciones de esclavitud.<br \/>\n\u201cEs incomprensible que haya personas que lucren con la libertad y la dignidad de las personas, yo siempre he dicho que es mejor prevenir que curar y ese es uno de los objetivos de este\u00a0documental\u201d, expres\u00f3.<br \/>\n\u201cInocencia robada. El\u00a0documental\u201d, narra la historia de los momentos vividos por \u201cErika\u201d y \u201cEstrella\u201d, quienes fueron v\u00edctimas de la trata de personas pero que pudieron escapar y contar su experiencia.<br \/>\nEl filme cuenta con los testimonios de las propias v\u00edctimas as\u00ed como de sus familiares, quienes viven en Tepetixtla, Estado de M\u00e9xico.<br \/>\nDurante el\u00a0documental\u00a0se observa como las v\u00edctimas fueron sometidas a la prostituci\u00f3n y como su familia nunca perdi\u00f3 la esperanza de poder encontrarlas, todo ello a trav\u00e9s de relatos crudos pero reales.<br \/>\n<iframe loading=\"lazy\" src=\"http:\/\/www.youtube.com\/embed\/8rq89Otl1pM\" frameborder=\"0\" width=\"560\" height=\"315\"><\/iframe><br \/>\n&nbsp;<br \/>\nFuente: <a href=\"http:\/\/www.filmdu.tv\/retrata-inocencia-robada-el-documental-trata-de-personas\/\">FilmDu<\/a>\n<\/div>\n<\/div>\n","protected":false},"excerpt":{"rendered":"<p>&nbsp; &nbsp; La historia de dos ni\u00f1as de 14 a\u00f1os de edad que fueron v\u00edctimas de secuestro y trata de personas es retratada en \u201cInocencia robada, eldocumental\u201d, proyectado anoche\u00a0(22\/6)\u00a0en un\u00a0cine\u00a0de la capital mexicana. Previo a la proyecci\u00f3n del testimonial f\u00edlmico, dirigido por Edgar P\u00e9rez Mu\u00f1oz, Rosi Orozco, presidenta de la Comisi\u00f3n Especial Para la Lucha [&hellip;]<\/p>\n","protected":false},"author":1,"featured_media":2143,"comment_status":"open","ping_status":"open","sticky":false,"template":"","format":"standard","meta":{"iawp_total_views":18,"footnotes":""},"categories":[3,4,21,15],"tags":[],"class_list":["post-2140","post","type-post","status-publish","format-standard","has-post-thumbnail","hentry","category-de-la-revolucion-al-reaprendizaje","category-medios","category-noticias","category-trata-de-personas"],"nelio_content":{"autoShareEndMode":"never","automationSources":{"useCustomSentences":false,"customSentences":[]},"efiAlt":"","efiUrl":"","followers":[],"highlights":[],"isAutoShareEnabled":true,"networkImageIds":[],"permalinkQueryArgs":[],"series":[],"suggestedReferences":[]},"yoast_head":"<!-- This site is optimized with the Yoast SEO plugin v27.5 - https:\/\/yoast.com\/product\/yoast-seo-wordpress\/ -->\n<title>Retrata \u201cInocencia robada. El documental\u201d trata de personas - Diario Digital Femenino<\/title>\n<meta name=\"robots\" content=\"index, follow, max-snippet:-1, max-image-preview:large, max-video-preview:-1\" \/>\n<link rel=\"canonical\" href=\"https:\/\/diariofemenino.com.ar\/df\/retrata-inocencia-robada-el-documental-trata-de-personas\/\" \/>\n<meta property=\"og:locale\" content=\"es_ES\" \/>\n<meta property=\"og:type\" content=\"article\" \/>\n<meta property=\"og:title\" content=\"Retrata \u201cInocencia robada. El documental\u201d trata de personas - Diario Digital Femenino\" \/>\n<meta property=\"og:description\" content=\"&nbsp; &nbsp; La historia de dos ni\u00f1as de 14 a\u00f1os de edad que fueron v\u00edctimas de secuestro y trata de personas es retratada en \u201cInocencia robada, eldocumental\u201d, proyectado anoche\u00a0(22\/6)\u00a0en un\u00a0cine\u00a0de la capital mexicana. Previo a la proyecci\u00f3n del testimonial f\u00edlmico, dirigido por Edgar P\u00e9rez Mu\u00f1oz, Rosi Orozco, presidenta de la Comisi\u00f3n Especial Para la Lucha [&hellip;]\" \/>\n<meta property=\"og:url\" content=\"https:\/\/diariofemenino.com.ar\/df\/retrata-inocencia-robada-el-documental-trata-de-personas\/\" \/>\n<meta property=\"og:site_name\" content=\"Diario Digital Femenino\" \/>\n<meta property=\"article:publisher\" content=\"https:\/\/www.facebook.com\/DiarioDigitaFemenino\/\" \/>\n<meta property=\"article:published_time\" content=\"2012-06-24T06:59:12+00:00\" \/>\n<meta property=\"og:image\" content=\"https:\/\/diariofemenino.com.ar\/df\/wp-content\/uploads\/2016\/10\/logo-negro.png\" \/>\n\t<meta property=\"og:image:width\" content=\"855\" \/>\n\t<meta property=\"og:image:height\" content=\"319\" \/>\n\t<meta property=\"og:image:type\" content=\"image\/png\" \/>\n<meta name=\"author\" content=\"Admin\" \/>\n<meta name=\"twitter:card\" content=\"summary_large_image\" \/>\n<meta name=\"twitter:creator\" content=\"@DiarioFemenino1\" \/>\n<meta name=\"twitter:site\" content=\"@DiarioFemenino1\" \/>\n<meta name=\"twitter:label1\" content=\"Escrito por\" \/>\n\t<meta name=\"twitter:data1\" content=\"Admin\" \/>\n\t<meta name=\"twitter:label2\" content=\"Tiempo de lectura\" \/>\n\t<meta name=\"twitter:data2\" content=\"1 minuto\" \/>\n<script type=\"application\/ld+json\" class=\"yoast-schema-graph\">{\"@context\":\"https:\\\/\\\/schema.org\",\"@graph\":[{\"@type\":\"Article\",\"@id\":\"https:\\\/\\\/diariofemenino.com.ar\\\/df\\\/retrata-inocencia-robada-el-documental-trata-de-personas\\\/#article\",\"isPartOf\":{\"@id\":\"https:\\\/\\\/diariofemenino.com.ar\\\/df\\\/retrata-inocencia-robada-el-documental-trata-de-personas\\\/\"},\"author\":{\"name\":\"Admin\",\"@id\":\"https:\\\/\\\/diariofemenino.com.ar\\\/df\\\/#\\\/schema\\\/person\\\/38f54b3bfd13f561de2460ba95c169c6\"},\"headline\":\"Retrata \u201cInocencia robada. El documental\u201d trata de personas\",\"datePublished\":\"2012-06-24T06:59:12+00:00\",\"mainEntityOfPage\":{\"@id\":\"https:\\\/\\\/diariofemenino.com.ar\\\/df\\\/retrata-inocencia-robada-el-documental-trata-de-personas\\\/\"},\"wordCount\":287,\"commentCount\":0,\"publisher\":{\"@id\":\"https:\\\/\\\/diariofemenino.com.ar\\\/df\\\/#organization\"},\"image\":{\"@id\":\"https:\\\/\\\/diariofemenino.com.ar\\\/df\\\/retrata-inocencia-robada-el-documental-trata-de-personas\\\/#primaryimage\"},\"thumbnailUrl\":\"\",\"articleSection\":[\"De la Revoluci\u00f3n al Reaprendizaje\",\"Medios\",\"Noticias\",\"Trata de Pers.\"],\"inLanguage\":\"es\",\"potentialAction\":[{\"@type\":\"CommentAction\",\"name\":\"Comment\",\"target\":[\"https:\\\/\\\/diariofemenino.com.ar\\\/df\\\/retrata-inocencia-robada-el-documental-trata-de-personas\\\/#respond\"]}]},{\"@type\":\"WebPage\",\"@id\":\"https:\\\/\\\/diariofemenino.com.ar\\\/df\\\/retrata-inocencia-robada-el-documental-trata-de-personas\\\/\",\"url\":\"https:\\\/\\\/diariofemenino.com.ar\\\/df\\\/retrata-inocencia-robada-el-documental-trata-de-personas\\\/\",\"name\":\"Retrata \u201cInocencia robada. El documental\u201d trata de personas - Diario Digital Femenino\",\"isPartOf\":{\"@id\":\"https:\\\/\\\/diariofemenino.com.ar\\\/df\\\/#website\"},\"primaryImageOfPage\":{\"@id\":\"https:\\\/\\\/diariofemenino.com.ar\\\/df\\\/retrata-inocencia-robada-el-documental-trata-de-personas\\\/#primaryimage\"},\"image\":{\"@id\":\"https:\\\/\\\/diariofemenino.com.ar\\\/df\\\/retrata-inocencia-robada-el-documental-trata-de-personas\\\/#primaryimage\"},\"thumbnailUrl\":\"\",\"datePublished\":\"2012-06-24T06:59:12+00:00\",\"breadcrumb\":{\"@id\":\"https:\\\/\\\/diariofemenino.com.ar\\\/df\\\/retrata-inocencia-robada-el-documental-trata-de-personas\\\/#breadcrumb\"},\"inLanguage\":\"es\",\"potentialAction\":[{\"@type\":\"ReadAction\",\"target\":[\"https:\\\/\\\/diariofemenino.com.ar\\\/df\\\/retrata-inocencia-robada-el-documental-trata-de-personas\\\/\"]}]},{\"@type\":\"ImageObject\",\"inLanguage\":\"es\",\"@id\":\"https:\\\/\\\/diariofemenino.com.ar\\\/df\\\/retrata-inocencia-robada-el-documental-trata-de-personas\\\/#primaryimage\",\"url\":\"\",\"contentUrl\":\"\"},{\"@type\":\"BreadcrumbList\",\"@id\":\"https:\\\/\\\/diariofemenino.com.ar\\\/df\\\/retrata-inocencia-robada-el-documental-trata-de-personas\\\/#breadcrumb\",\"itemListElement\":[{\"@type\":\"ListItem\",\"position\":1,\"name\":\"Portada\",\"item\":\"https:\\\/\\\/diariofemenino.com.ar\\\/df\\\/\"},{\"@type\":\"ListItem\",\"position\":2,\"name\":\"Retrata \u201cInocencia robada. El documental\u201d trata de personas\"}]},{\"@type\":\"WebSite\",\"@id\":\"https:\\\/\\\/diariofemenino.com.ar\\\/df\\\/#website\",\"url\":\"https:\\\/\\\/diariofemenino.com.ar\\\/df\\\/\",\"name\":\"Diario Digital Femenino\",\"description\":\"Cuesti\u00f3n de G\u00e9nero\",\"publisher\":{\"@id\":\"https:\\\/\\\/diariofemenino.com.ar\\\/df\\\/#organization\"},\"potentialAction\":[{\"@type\":\"SearchAction\",\"target\":{\"@type\":\"EntryPoint\",\"urlTemplate\":\"https:\\\/\\\/diariofemenino.com.ar\\\/df\\\/?s={search_term_string}\"},\"query-input\":{\"@type\":\"PropertyValueSpecification\",\"valueRequired\":true,\"valueName\":\"search_term_string\"}}],\"inLanguage\":\"es\"},{\"@type\":\"Organization\",\"@id\":\"https:\\\/\\\/diariofemenino.com.ar\\\/df\\\/#organization\",\"name\":\"Diario Femenino\",\"url\":\"https:\\\/\\\/diariofemenino.com.ar\\\/df\\\/\",\"logo\":{\"@type\":\"ImageObject\",\"inLanguage\":\"es\",\"@id\":\"https:\\\/\\\/diariofemenino.com.ar\\\/df\\\/#\\\/schema\\\/logo\\\/image\\\/\",\"url\":\"https:\\\/\\\/diariofemenino.com.ar\\\/df\\\/wp-content\\\/uploads\\\/2018\\\/10\\\/logo.png\",\"contentUrl\":\"https:\\\/\\\/diariofemenino.com.ar\\\/df\\\/wp-content\\\/uploads\\\/2018\\\/10\\\/logo.png\",\"width\":500,\"height\":92,\"caption\":\"Diario Femenino\"},\"image\":{\"@id\":\"https:\\\/\\\/diariofemenino.com.ar\\\/df\\\/#\\\/schema\\\/logo\\\/image\\\/\"},\"sameAs\":[\"https:\\\/\\\/www.facebook.com\\\/DiarioDigitaFemenino\\\/\",\"https:\\\/\\\/x.com\\\/DiarioFemenino1\"]},{\"@type\":\"Person\",\"@id\":\"https:\\\/\\\/diariofemenino.com.ar\\\/df\\\/#\\\/schema\\\/person\\\/38f54b3bfd13f561de2460ba95c169c6\",\"name\":\"Admin\",\"image\":{\"@type\":\"ImageObject\",\"inLanguage\":\"es\",\"@id\":\"https:\\\/\\\/diariofemenino.com.ar\\\/df\\\/wp-content\\\/uploads\\\/2018\\\/12\\\/favicon-150x150.jpg\",\"url\":\"https:\\\/\\\/diariofemenino.com.ar\\\/df\\\/wp-content\\\/uploads\\\/2018\\\/12\\\/favicon-150x150.jpg\",\"contentUrl\":\"https:\\\/\\\/diariofemenino.com.ar\\\/df\\\/wp-content\\\/uploads\\\/2018\\\/12\\\/favicon-150x150.jpg\",\"caption\":\"Admin\"},\"url\":\"https:\\\/\\\/diariofemenino.com.ar\\\/df\\\/author\\\/adm18df\\\/\"}]}<\/script>\n<!-- \/ Yoast SEO plugin. -->","yoast_head_json":{"title":"Retrata \u201cInocencia robada. El documental\u201d trata de personas - Diario Digital Femenino","robots":{"index":"index","follow":"follow","max-snippet":"max-snippet:-1","max-image-preview":"max-image-preview:large","max-video-preview":"max-video-preview:-1"},"canonical":"https:\/\/diariofemenino.com.ar\/df\/retrata-inocencia-robada-el-documental-trata-de-personas\/","og_locale":"es_ES","og_type":"article","og_title":"Retrata \u201cInocencia robada. El documental\u201d trata de personas - Diario Digital Femenino","og_description":"&nbsp; &nbsp; La historia de dos ni\u00f1as de 14 a\u00f1os de edad que fueron v\u00edctimas de secuestro y trata de personas es retratada en \u201cInocencia robada, eldocumental\u201d, proyectado anoche\u00a0(22\/6)\u00a0en un\u00a0cine\u00a0de la capital mexicana. Previo a la proyecci\u00f3n del testimonial f\u00edlmico, dirigido por Edgar P\u00e9rez Mu\u00f1oz, Rosi Orozco, presidenta de la Comisi\u00f3n Especial Para la Lucha [&hellip;]","og_url":"https:\/\/diariofemenino.com.ar\/df\/retrata-inocencia-robada-el-documental-trata-de-personas\/","og_site_name":"Diario Digital Femenino","article_publisher":"https:\/\/www.facebook.com\/DiarioDigitaFemenino\/","article_published_time":"2012-06-24T06:59:12+00:00","og_image":[{"width":855,"height":319,"url":"https:\/\/diariofemenino.com.ar\/df\/wp-content\/uploads\/2016\/10\/logo-negro.png","type":"image\/png"}],"author":"Admin","twitter_card":"summary_large_image","twitter_creator":"@DiarioFemenino1","twitter_site":"@DiarioFemenino1","twitter_misc":{"Escrito por":"Admin","Tiempo de lectura":"1 minuto"},"schema":{"@context":"https:\/\/schema.org","@graph":[{"@type":"Article","@id":"https:\/\/diariofemenino.com.ar\/df\/retrata-inocencia-robada-el-documental-trata-de-personas\/#article","isPartOf":{"@id":"https:\/\/diariofemenino.com.ar\/df\/retrata-inocencia-robada-el-documental-trata-de-personas\/"},"author":{"name":"Admin","@id":"https:\/\/diariofemenino.com.ar\/df\/#\/schema\/person\/38f54b3bfd13f561de2460ba95c169c6"},"headline":"Retrata \u201cInocencia robada. El documental\u201d trata de personas","datePublished":"2012-06-24T06:59:12+00:00","mainEntityOfPage":{"@id":"https:\/\/diariofemenino.com.ar\/df\/retrata-inocencia-robada-el-documental-trata-de-personas\/"},"wordCount":287,"commentCount":0,"publisher":{"@id":"https:\/\/diariofemenino.com.ar\/df\/#organization"},"image":{"@id":"https:\/\/diariofemenino.com.ar\/df\/retrata-inocencia-robada-el-documental-trata-de-personas\/#primaryimage"},"thumbnailUrl":"","articleSection":["De la Revoluci\u00f3n al Reaprendizaje","Medios","Noticias","Trata de Pers."],"inLanguage":"es","potentialAction":[{"@type":"CommentAction","name":"Comment","target":["https:\/\/diariofemenino.com.ar\/df\/retrata-inocencia-robada-el-documental-trata-de-personas\/#respond"]}]},{"@type":"WebPage","@id":"https:\/\/diariofemenino.com.ar\/df\/retrata-inocencia-robada-el-documental-trata-de-personas\/","url":"https:\/\/diariofemenino.com.ar\/df\/retrata-inocencia-robada-el-documental-trata-de-personas\/","name":"Retrata \u201cInocencia robada. El documental\u201d trata de personas - Diario Digital Femenino","isPartOf":{"@id":"https:\/\/diariofemenino.com.ar\/df\/#website"},"primaryImageOfPage":{"@id":"https:\/\/diariofemenino.com.ar\/df\/retrata-inocencia-robada-el-documental-trata-de-personas\/#primaryimage"},"image":{"@id":"https:\/\/diariofemenino.com.ar\/df\/retrata-inocencia-robada-el-documental-trata-de-personas\/#primaryimage"},"thumbnailUrl":"","datePublished":"2012-06-24T06:59:12+00:00","breadcrumb":{"@id":"https:\/\/diariofemenino.com.ar\/df\/retrata-inocencia-robada-el-documental-trata-de-personas\/#breadcrumb"},"inLanguage":"es","potentialAction":[{"@type":"ReadAction","target":["https:\/\/diariofemenino.com.ar\/df\/retrata-inocencia-robada-el-documental-trata-de-personas\/"]}]},{"@type":"ImageObject","inLanguage":"es","@id":"https:\/\/diariofemenino.com.ar\/df\/retrata-inocencia-robada-el-documental-trata-de-personas\/#primaryimage","url":"","contentUrl":""},{"@type":"BreadcrumbList","@id":"https:\/\/diariofemenino.com.ar\/df\/retrata-inocencia-robada-el-documental-trata-de-personas\/#breadcrumb","itemListElement":[{"@type":"ListItem","position":1,"name":"Portada","item":"https:\/\/diariofemenino.com.ar\/df\/"},{"@type":"ListItem","position":2,"name":"Retrata \u201cInocencia robada. El documental\u201d trata de personas"}]},{"@type":"WebSite","@id":"https:\/\/diariofemenino.com.ar\/df\/#website","url":"https:\/\/diariofemenino.com.ar\/df\/","name":"Diario Digital Femenino","description":"Cuesti\u00f3n de G\u00e9nero","publisher":{"@id":"https:\/\/diariofemenino.com.ar\/df\/#organization"},"potentialAction":[{"@type":"SearchAction","target":{"@type":"EntryPoint","urlTemplate":"https:\/\/diariofemenino.com.ar\/df\/?s={search_term_string}"},"query-input":{"@type":"PropertyValueSpecification","valueRequired":true,"valueName":"search_term_string"}}],"inLanguage":"es"},{"@type":"Organization","@id":"https:\/\/diariofemenino.com.ar\/df\/#organization","name":"Diario Femenino","url":"https:\/\/diariofemenino.com.ar\/df\/","logo":{"@type":"ImageObject","inLanguage":"es","@id":"https:\/\/diariofemenino.com.ar\/df\/#\/schema\/logo\/image\/","url":"https:\/\/diariofemenino.com.ar\/df\/wp-content\/uploads\/2018\/10\/logo.png","contentUrl":"https:\/\/diariofemenino.com.ar\/df\/wp-content\/uploads\/2018\/10\/logo.png","width":500,"height":92,"caption":"Diario Femenino"},"image":{"@id":"https:\/\/diariofemenino.com.ar\/df\/#\/schema\/logo\/image\/"},"sameAs":["https:\/\/www.facebook.com\/DiarioDigitaFemenino\/","https:\/\/x.com\/DiarioFemenino1"]},{"@type":"Person","@id":"https:\/\/diariofemenino.com.ar\/df\/#\/schema\/person\/38f54b3bfd13f561de2460ba95c169c6","name":"Admin","image":{"@type":"ImageObject","inLanguage":"es","@id":"https:\/\/diariofemenino.com.ar\/df\/wp-content\/uploads\/2018\/12\/favicon-150x150.jpg","url":"https:\/\/diariofemenino.com.ar\/df\/wp-content\/uploads\/2018\/12\/favicon-150x150.jpg","contentUrl":"https:\/\/diariofemenino.com.ar\/df\/wp-content\/uploads\/2018\/12\/favicon-150x150.jpg","caption":"Admin"},"url":"https:\/\/diariofemenino.com.ar\/df\/author\/adm18df\/"}]}},"jetpack_featured_media_url":"","jetpack_sharing_enabled":true,"rttpg_featured_image_url":null,"rttpg_author":{"display_name":"Admin","author_link":"https:\/\/diariofemenino.com.ar\/df\/author\/adm18df\/"},"rttpg_comment":0,"rttpg_category":"<a href=\"https:\/\/diariofemenino.com.ar\/df\/category\/de-la-revolucion-al-reaprendizaje\/\" rel=\"category tag\">De la Revoluci\u00f3n al Reaprendizaje<\/a> <a href=\"https:\/\/diariofemenino.com.ar\/df\/category\/medios\/\" rel=\"category tag\">Medios<\/a> <a href=\"https:\/\/diariofemenino.com.ar\/df\/category\/noticias\/\" rel=\"category tag\">Noticias<\/a> <a href=\"https:\/\/diariofemenino.com.ar\/df\/category\/trata-de-personas\/\" rel=\"category tag\">Trata de Pers.<\/a>","rttpg_excerpt":"&nbsp; &nbsp; La historia de dos ni\u00f1as de 14 a\u00f1os de edad que fueron v\u00edctimas de secuestro y trata de personas es retratada en \u201cInocencia robada, eldocumental\u201d, proyectado anoche\u00a0(22\/6)\u00a0en un\u00a0cine\u00a0de la capital mexicana. Previo a la proyecci\u00f3n del testimonial f\u00edlmico, dirigido por Edgar P\u00e9rez Mu\u00f1oz, Rosi Orozco, presidenta de la Comisi\u00f3n Especial Para la Lucha&hellip;","_links":{"self":[{"href":"https:\/\/diariofemenino.com.ar\/df\/wp-json\/wp\/v2\/posts\/2140","targetHints":{"allow":["GET"]}}],"collection":[{"href":"https:\/\/diariofemenino.com.ar\/df\/wp-json\/wp\/v2\/posts"}],"about":[{"href":"https:\/\/diariofemenino.com.ar\/df\/wp-json\/wp\/v2\/types\/post"}],"author":[{"embeddable":true,"href":"https:\/\/diariofemenino.com.ar\/df\/wp-json\/wp\/v2\/users\/1"}],"replies":[{"embeddable":true,"href":"https:\/\/diariofemenino.com.ar\/df\/wp-json\/wp\/v2\/comments?post=2140"}],"version-history":[{"count":0,"href":"https:\/\/diariofemenino.com.ar\/df\/wp-json\/wp\/v2\/posts\/2140\/revisions"}],"wp:featuredmedia":[{"embeddable":true,"href":"https:\/\/diariofemenino.com.ar\/df\/wp-json\/"}],"wp:attachment":[{"href":"https:\/\/diariofemenino.com.ar\/df\/wp-json\/wp\/v2\/media?parent=2140"}],"wp:term":[{"taxonomy":"category","embeddable":true,"href":"https:\/\/diariofemenino.com.ar\/df\/wp-json\/wp\/v2\/categories?post=2140"},{"taxonomy":"post_tag","embeddable":true,"href":"https:\/\/diariofemenino.com.ar\/df\/wp-json\/wp\/v2\/tags?post=2140"}],"curies":[{"name":"wp","href":"https:\/\/api.w.org\/{rel}","templated":true}]}}