{"id":21212,"date":"2015-12-15T15:38:42","date_gmt":"2015-12-15T18:38:42","guid":{"rendered":"http:\/\/www.diariofemenino.com.ar\/?p=21212"},"modified":"2019-09-19T11:33:25","modified_gmt":"2019-09-19T14:33:25","slug":"algunos-argumentos-en-contra-de-los-vientres-de-alquiler","status":"publish","type":"post","link":"https:\/\/diariofemenino.com.ar\/df\/algunos-argumentos-en-contra-de-los-vientres-de-alquiler\/","title":{"rendered":"Algunos argumentos en contra de los vientres de alquiler"},"content":{"rendered":"<h3 style=\"text-align: center;\"><strong>Algunos argumentos en contra de los vientres de alquiler<\/strong><\/h3>\n<p><em><span style=\"color: #000000;\">Por\u00a0Beatriz Gimeno<\/span>\u00a0(<a href=\"https:\/\/twitter.com\/BeatrizGimeno1\">@BeatrizGimeno1<\/a>)<br \/>\n<\/em><br \/>\n<span style=\"color: #000000;\">Y digo bien, \u201cvientres de alquiler\u201d, porque gestaci\u00f3n <a href=\"https:\/\/diariofemenino.com.ar\/maternidad-subrogada-ejemplo-de-violencia-obstetrica-extrema\/\">subrogada<\/a> es otra cosa y hay que dejar bien claro cuando hablamos de \u00e9sta y cuando hablamos de lo otro. Una de las cuestiones en las que los defensores de los vientres utilizan de manera m\u00e1s evidente la manipulaci\u00f3n es esta: mezclar ambos conceptos. Es una confusi\u00f3n interesada, claro.<\/span><\/p>\n<figure id=\"attachment_41465\" aria-describedby=\"caption-attachment-41465\" style=\"width: 620px\" class=\"wp-caption alignnone\"><img loading=\"lazy\" decoding=\"async\" class=\"size-full wp-image-41465\" src=\"https:\/\/diariofemenino.com.ar\/df\/wp-content\/uploads\/2015\/12\/David-Mart\u00edn-Suki_-620x309.jpg\" alt=\"Algunos argumentos en contra de los vientres de alquiler\" width=\"620\" height=\"309\" srcset=\"https:\/\/diariofemenino.com.ar\/df\/wp-content\/uploads\/2015\/12\/David-Mart\u00edn-Suki_-620x309.jpg 620w, https:\/\/diariofemenino.com.ar\/df\/wp-content\/uploads\/2015\/12\/David-Mart\u00edn-Suki_-620x309-300x150.jpg 300w\" sizes=\"auto, (max-width: 620px) 100vw, 620px\" \/><figcaption id=\"caption-attachment-41465\" class=\"wp-caption-text\">Algunos argumentos en contra de los vientres de alquiler<\/figcaption><\/figure>\n<p><span style=\"color: #000000;\">En primer lugar, ni los vientres ni la gestaci\u00f3n son una \u201ct\u00e9cnica reproductiva\u201d. Llamar t\u00e9cnica reproductiva a un embarazo de nueve meses con su parto correspondiente, con sus correspondientes implicaciones corporales y psicol\u00f3gicas, las que ocurren durante el embarazo y el parto, y las que van m\u00e1s all\u00e1 de estos, (los cambios que son para siempre, las posibles depresiones, los estados emocionales cambiantes, las posibles complicaciones etc.) es banalizar el trabajo reproductivo de las mujeres hasta l\u00edmites insoportables. Un embarazo y un parto, as\u00ed como el nacimiento de los beb\u00e9s, no son t\u00e9cnicas, a no ser que nosotras seamos vasijas; son siempre relaciones sociales, de un tipo o de otro, pero son relaciones sociales. La t\u00e9cnica puede ser la manera en que se produce dicho embarazo pero nunca \u00e9ste, ni el parto, ni el nacimiento de un beb\u00e9 ni la manera en que este pasa a formar parte de la sociedad en la que nace.<br \/>\n<\/span><br \/>\n<span style=\"color: #000000;\">Estoy\u00a0<span style=\"color: #000080;\"><a href=\"http:\/\/blogs.20minutos.es\/1-de-cada-10\/2015\/12\/02\/algunos-argumentos-por-la-gestacion-subrogada\/\"><span style=\"color: #000080;\">leyendo los argumentos<\/span><\/a><\/span>\u00a0de la defensora de los<a href=\"https:\/\/diariofemenino.com.ar\/maternidad-subrogada\/\"> vientres<\/a> y son, casi todos, los mismos argumentos malos que se utilizan para defender la prostituci\u00f3n. Digo los mismos argumentos \u201cmalos\u201d, porque en la defensa de los derechos de las personas que trabajan en prostituci\u00f3n hay argumentos buenos y malos. A estas alturas, por ejemplo, el de acusar a toda persona que no est\u00e9 de acuerdo con ellos de hacer moralina, es quiz\u00e1 el peor. \u00a0El segundo argumento, \u00a0el de \u201cmi cuerpo es m\u00edo\u201d, un slogan que se ha usado para defender el derecho al aborto, tambi\u00e9n es malo. Mi cuerpo es m\u00edo no lo pueden usar los clientes ni los arrendadores de vientres. Mi cuerpo es m\u00edo no lo pueden usar los que pretenden comprar un ri\u00f1\u00f3n o una mujer pobre, como mucho lo podr\u00e1n utilizar las due\u00f1as de ese cuerpo, pero no los que usan esos cuerpos. Utilizar ese argumento, por parte de quien tiene el dinero, y hacerlo en condiciones de desigualdad estructural, desigualdad sexual y econ\u00f3mica, implica o bien ser ideol\u00f3gicamente neoliberal (la libertad siempre usada como argumento de la explotaci\u00f3n) o bien, como poco, ignorar esa desigualdad estructural, que remite en todo caso a lo anterior; una feminista nunca puede ignorar la desigualdad estructural de g\u00e9nero.<br \/>\n<\/span><br \/>\n<span style=\"color: #000000;\">El colmo de la manipulaci\u00f3n viene cuando se usa la lucha de las mujeres a favor del derecho al aborto para defender una pr\u00e1ctica a la que muchas mujeres feministas de todo el mundo se oponen (y v\u00e9ase que digo \u201cmuchas\u201d, ni siquiera la mayor\u00eda, aunque estoy convencida de que lo son; pero no quiero caer en lo mismo que mis oponentes en este asunto) El otro d\u00eda en un debate en M\u00e9rida, la portavoz de la asociaci\u00f3n Son Nuestros Hijos, utiliz\u00f3 im\u00e1genes del documental El Tren de la Libertad para que las mujeres que all\u00ed estaban defendiendo el derecho al aborto parecieran defender los vientres de alquiler. As\u00ed pudimos ver a muchas feministas de las que estaban all\u00ed aquel d\u00eda declarando que \u201cmi cuerpo es m\u00edo\u201d y luego poner esta secuencia en un documental sobre vientres de alquiler. La manipulaci\u00f3n absoluta como argumento.<br \/>\n<\/span><br \/>\n<span style=\"color: #000000;\">La segunda manipulaci\u00f3n es la dicha al principio: asegurar que hay muchas hermanas o madres deseando donar su trabajo reproductivo a hermanos o hijas\u2026pues s\u00ed, estoy convencida de que las hay. Pues entonces hagamos una regulaci\u00f3n que controle que dicha donaci\u00f3n lo sea efectivamente, como la hay en muchos pa\u00edses. Si se puede donar un ri\u00f1\u00f3n, \u00bfpor qu\u00e9 no se puede donar el trabajo reproductivo? Claro que se puede. Lo que no puede hacerse es abrir el mercado a dichas pr\u00e1cticas. Porque permitir que eso suceda es, simplemente, y de ah\u00ed lo de ideolog\u00eda neoliberal, ignorar el funcionamiento de los mercados. Si se abre el mercado de \u00f3rganos por los mismos motivos que los de los vientres, o los de la sangre\u2026las corneas, cualquier \u00f3rgano\u2026los pobres ser\u00e1n quienes vendan y los ricos quienes compren.<\/span><\/p>\n<p><span style=\"color: #000000;\"> Los mercados funcionan as\u00ed. \u00bfO alguien cree que alg\u00fan rico va a vender una cornea? \u00bfO alguien cree que una rica va a dejarse inseminar por un desconocido para parir a un hijo ajeno? Es posible, en cambio, que un rico done un ri\u00f1\u00f3n a su hijo, s\u00ed, o que una mujer rica, geste por su propia hermana, claro que s\u00ed. Pero hablamos de donaciones. Las mujeres que quieran hacerlo a cambio de nada, como ocurre por ejemplo en Gran Breta\u00f1a, por altruismo, adelante. Pero naturalmente, eso no es lo que defienden porque dichas donaciones no cubrir\u00edan ni de lejos la demanda.<\/span><br \/>\n<span style=\"color: #000000;\">Una mujer sometida a un contrato neoliberal de alquiler de vientre, no ser\u00e1 due\u00f1a, durante mucho tiempo de su cuerpo. Su cuerpo ser\u00e1 pose\u00eddo, literalmente, por el contrato. <\/span><\/p>\n<p><span style=\"color: #000000;\">El embarazo por inseminaci\u00f3n requiere un tratamiento hormonal muy duro que puede llevar tiempo, inyecciones diarias, restricciones en la vida cotidiana, ausencia de sexo\u2026muchas cosas. El embarazo supone prohibici\u00f3n de abortar, por ejemplo. \u00bfY si se arrepiente, como puede ocurrir en cualquier embarazo? Los defensores del alquiler de vientres ocultan lo que supone su contrato. El otro d\u00eda, en el debate de M\u00e9rida, la portavoz de esta asociaci\u00f3n, hablando de la cuesti\u00f3n del aborto, afirm\u00f3 que s\u00ed, que la gestante puede abortar\u00a0<em>siempre que indemnice a los padres subrogantes con una cantidad por los gastos y el da\u00f1o moral.\u00a0<\/em>Y luego dijo que el da\u00f1o moral se reconoce en cualquier contrato.<br \/>\n<\/span><br \/>\n<span style=\"color: #000000;\">Una mujer que se haya sometido a esta t\u00e9cnica por dinero, como ocurre en el 99% de los casos, \u00bfpodr\u00e1 indemnizar a unos padres ricos que se han gastado mucho dinero en abogados, agencias de subrogaci\u00f3n, pruebas m\u00e9dicas y psicol\u00f3gicas, gastos de inseminaci\u00f3n? No. No podr\u00eda. As\u00ed que no podr\u00eda abortar y se ver\u00eda obligada a continuar con un embarazo no deseado; condenada a ver c\u00f3mo crece en su vientre el fruto de una violaci\u00f3n neoliberal, literalmente. No importa que en su momento consintiera. Tambi\u00e9n puede desear abortar, y tiene derecho a ello, una mujer embarazada de una relaci\u00f3n consentida y en la que no tom\u00f3 precauciones. Las mujeres hemos luchado mucho para que la decisi\u00f3n de abortar o no sea exclusivamente nuestra, y para que el hombre productor del esperma no tenga ning\u00fan derecho sobre nuestro cuerpo, portador de tal embri\u00f3n, para que ahora la propiedad, nunca mejor dicho, de ese embri\u00f3n pase a ser de quienes han pagado para que se deposite en un vientre femenino.<br \/>\n<\/span><br \/>\n<span style=\"color: #000000;\">\u00bfDa\u00f1os morales? \u00bfHay mayor da\u00f1o moral que verse obligada a continuar con un embarazo no deseado?\u00a0 \u00bfC\u00f3mo es posible que se plantee siquiera que una mujer puede mediante contrato renunciar a sus derechos m\u00e1s b\u00e1sicos? Pues se est\u00e1 planteando. Los defensores de que el contrato de explotaci\u00f3n neoliberal penetre en nuestros cuerpos y nuestros derechos lo defienden; eso s\u00ed, con manipulaciones, mentiras y sin desvelar nunca sus aut\u00e9nticas intenciones.<br \/>\n<\/span><br \/>\n<span style=\"color: #000000;\">Respecto al uso del feminismo para sus propios fines, la manera en que la portavoz de la asociaci\u00f3n acaba su art\u00edculo deja bien claro lo que sabe de feminismo: nada. \u201c. Ni patriarcado, ni matriarcado. Libertad individual en igualdad\u201d.\u00a0 Esta frase define a esta asociaci\u00f3n y a esta persona. Ni pajolera idea de feminismo, vamos. Cualquiera que use esta frase y despu\u00e9s pretenda hablar en nombre del feminismo deber\u00eda recibir tal abucheo que no pudiera volver a hacerlo. Cualquier feminista sabr\u00e1 por qu\u00e9: poner matriarcado como opuesto real a patriarcado demuestra una ignorancia supina. S\u00e9 que en los pr\u00f3ximos a\u00f1os vamos a leer y a escuchar todo tipo de argumentos y seguramente ser\u00e1n un poco mejores que los que ahora se usan. Si se van a usar argumentos feministas hay que estudiar un poco antes si lo que se quiere es dar el pego.<\/span><\/p>\n<p><span style=\"color: #000000;\">Fuente:<a href=\"https:\/\/blogs.20minutos.es\/1-de-cada-10\/2015\/12\/07\/algunos-argumentos-en-contra-de-los-vientres-de-alquiler\/\"> 1 de cada 10<\/a> &#8211; Espa\u00f1a<\/span><br \/>\n<span style=\"color: #000000;\">Foto:\u00a0<em>David Mart\u00edn Suki_<\/em><\/span><\/p>\n","protected":false},"excerpt":{"rendered":"<p>Algunos argumentos en contra de los vientres de alquiler Por\u00a0Beatriz Gimeno\u00a0(@BeatrizGimeno1) Y digo bien, \u201cvientres de alquiler\u201d, porque gestaci\u00f3n subrogada es otra cosa y hay que dejar bien claro cuando hablamos de \u00e9sta y cuando hablamos de lo otro. Una de las cuestiones en las que los defensores de los vientres utilizan de manera m\u00e1s [&hellip;]<\/p>\n","protected":false},"author":1,"featured_media":41468,"comment_status":"open","ping_status":"open","sticky":false,"template":"","format":"standard","meta":{"iawp_total_views":48,"footnotes":""},"categories":[9,3,4],"tags":[30,10],"class_list":["post-21212","post","type-post","status-publish","format-standard","has-post-thumbnail","hentry","category-de-esi-si-se-habla","category-de-la-revolucion-al-reaprendizaje","category-medios","tag-derechos-humanos","tag-derechos-sexuales-y-reproductivos"],"nelio_content":{"autoShareEndMode":"never","automationSources":{"useCustomSentences":false,"customSentences":[]},"efiAlt":"","efiUrl":"","followers":[4,1],"highlights":[],"isAutoShareEnabled":true,"networkImageIds":[],"permalinkQueryArgs":[],"series":[],"suggestedReferences":[]},"yoast_head":"<!-- This site is optimized with the Yoast SEO plugin v27.5 - https:\/\/yoast.com\/product\/yoast-seo-wordpress\/ -->\n<title>Algunos argumentos en contra de los vientres de alquiler - Diario Digital Femenino<\/title>\n<meta name=\"description\" content=\"Vientres de alquiler: Algunos argumentos en contra\" \/>\n<meta name=\"robots\" content=\"index, follow, max-snippet:-1, max-image-preview:large, max-video-preview:-1\" \/>\n<link rel=\"canonical\" href=\"https:\/\/diariofemenino.com.ar\/df\/algunos-argumentos-en-contra-de-los-vientres-de-alquiler\/\" \/>\n<meta property=\"og:locale\" content=\"es_ES\" \/>\n<meta property=\"og:type\" content=\"article\" \/>\n<meta property=\"og:title\" content=\"Algunos argumentos en contra de los vientres de alquiler - Diario Digital Femenino\" \/>\n<meta property=\"og:description\" content=\"Vientres de alquiler: Algunos argumentos en contra\" \/>\n<meta property=\"og:url\" content=\"https:\/\/diariofemenino.com.ar\/df\/algunos-argumentos-en-contra-de-los-vientres-de-alquiler\/\" \/>\n<meta property=\"og:site_name\" content=\"Diario Digital Femenino\" \/>\n<meta property=\"article:publisher\" content=\"https:\/\/www.facebook.com\/DiarioDigitaFemenino\/\" \/>\n<meta property=\"article:published_time\" content=\"2015-12-15T18:38:42+00:00\" \/>\n<meta property=\"article:modified_time\" content=\"2019-09-19T14:33:25+00:00\" \/>\n<meta property=\"og:image\" content=\"https:\/\/diariofemenino.com.ar\/df\/wp-content\/uploads\/2015\/12\/1500970822_404690_1500970929_noticia_normal.jpg\" \/>\n\t<meta property=\"og:image:width\" content=\"770\" \/>\n\t<meta property=\"og:image:height\" content=\"516\" \/>\n\t<meta property=\"og:image:type\" content=\"image\/jpeg\" \/>\n<meta name=\"author\" content=\"Admin\" \/>\n<meta name=\"twitter:card\" content=\"summary_large_image\" \/>\n<meta name=\"twitter:creator\" content=\"@DiarioFemenino1\" \/>\n<meta name=\"twitter:site\" content=\"@DiarioFemenino1\" \/>\n<meta name=\"twitter:label1\" content=\"Escrito por\" \/>\n\t<meta name=\"twitter:data1\" content=\"Admin\" \/>\n\t<meta name=\"twitter:label2\" content=\"Tiempo de lectura\" \/>\n\t<meta name=\"twitter:data2\" content=\"7 minutos\" \/>\n<script type=\"application\/ld+json\" class=\"yoast-schema-graph\">{\"@context\":\"https:\\\/\\\/schema.org\",\"@graph\":[{\"@type\":\"Article\",\"@id\":\"https:\\\/\\\/diariofemenino.com.ar\\\/df\\\/algunos-argumentos-en-contra-de-los-vientres-de-alquiler\\\/#article\",\"isPartOf\":{\"@id\":\"https:\\\/\\\/diariofemenino.com.ar\\\/df\\\/algunos-argumentos-en-contra-de-los-vientres-de-alquiler\\\/\"},\"author\":{\"name\":\"Admin\",\"@id\":\"https:\\\/\\\/diariofemenino.com.ar\\\/df\\\/#\\\/schema\\\/person\\\/38f54b3bfd13f561de2460ba95c169c6\"},\"headline\":\"Algunos argumentos en contra de los vientres de alquiler\",\"datePublished\":\"2015-12-15T18:38:42+00:00\",\"dateModified\":\"2019-09-19T14:33:25+00:00\",\"mainEntityOfPage\":{\"@id\":\"https:\\\/\\\/diariofemenino.com.ar\\\/df\\\/algunos-argumentos-en-contra-de-los-vientres-de-alquiler\\\/\"},\"wordCount\":1463,\"commentCount\":0,\"publisher\":{\"@id\":\"https:\\\/\\\/diariofemenino.com.ar\\\/df\\\/#organization\"},\"image\":{\"@id\":\"https:\\\/\\\/diariofemenino.com.ar\\\/df\\\/algunos-argumentos-en-contra-de-los-vientres-de-alquiler\\\/#primaryimage\"},\"thumbnailUrl\":\"https:\\\/\\\/diariofemenino.com.ar\\\/df\\\/wp-content\\\/uploads\\\/2015\\\/12\\\/1500970822_404690_1500970929_noticia_normal.jpg\",\"keywords\":[\"Derechos Humanos\",\"Derechos sexuales y reproductivos\"],\"articleSection\":[\"De ESI S\u00ed Se Habla\",\"De la Revoluci\u00f3n al Reaprendizaje\",\"Medios\"],\"inLanguage\":\"es\",\"potentialAction\":[{\"@type\":\"CommentAction\",\"name\":\"Comment\",\"target\":[\"https:\\\/\\\/diariofemenino.com.ar\\\/df\\\/algunos-argumentos-en-contra-de-los-vientres-de-alquiler\\\/#respond\"]}]},{\"@type\":\"WebPage\",\"@id\":\"https:\\\/\\\/diariofemenino.com.ar\\\/df\\\/algunos-argumentos-en-contra-de-los-vientres-de-alquiler\\\/\",\"url\":\"https:\\\/\\\/diariofemenino.com.ar\\\/df\\\/algunos-argumentos-en-contra-de-los-vientres-de-alquiler\\\/\",\"name\":\"Algunos argumentos en contra de los vientres de alquiler - Diario Digital Femenino\",\"isPartOf\":{\"@id\":\"https:\\\/\\\/diariofemenino.com.ar\\\/df\\\/#website\"},\"primaryImageOfPage\":{\"@id\":\"https:\\\/\\\/diariofemenino.com.ar\\\/df\\\/algunos-argumentos-en-contra-de-los-vientres-de-alquiler\\\/#primaryimage\"},\"image\":{\"@id\":\"https:\\\/\\\/diariofemenino.com.ar\\\/df\\\/algunos-argumentos-en-contra-de-los-vientres-de-alquiler\\\/#primaryimage\"},\"thumbnailUrl\":\"https:\\\/\\\/diariofemenino.com.ar\\\/df\\\/wp-content\\\/uploads\\\/2015\\\/12\\\/1500970822_404690_1500970929_noticia_normal.jpg\",\"datePublished\":\"2015-12-15T18:38:42+00:00\",\"dateModified\":\"2019-09-19T14:33:25+00:00\",\"description\":\"Vientres de alquiler: Algunos argumentos en contra\",\"breadcrumb\":{\"@id\":\"https:\\\/\\\/diariofemenino.com.ar\\\/df\\\/algunos-argumentos-en-contra-de-los-vientres-de-alquiler\\\/#breadcrumb\"},\"inLanguage\":\"es\",\"potentialAction\":[{\"@type\":\"ReadAction\",\"target\":[\"https:\\\/\\\/diariofemenino.com.ar\\\/df\\\/algunos-argumentos-en-contra-de-los-vientres-de-alquiler\\\/\"]}]},{\"@type\":\"ImageObject\",\"inLanguage\":\"es\",\"@id\":\"https:\\\/\\\/diariofemenino.com.ar\\\/df\\\/algunos-argumentos-en-contra-de-los-vientres-de-alquiler\\\/#primaryimage\",\"url\":\"https:\\\/\\\/diariofemenino.com.ar\\\/df\\\/wp-content\\\/uploads\\\/2015\\\/12\\\/1500970822_404690_1500970929_noticia_normal.jpg\",\"contentUrl\":\"https:\\\/\\\/diariofemenino.com.ar\\\/df\\\/wp-content\\\/uploads\\\/2015\\\/12\\\/1500970822_404690_1500970929_noticia_normal.jpg\",\"width\":770,\"height\":516,\"caption\":\"Algunos argumentos en contra de los vientres de alquiler\"},{\"@type\":\"BreadcrumbList\",\"@id\":\"https:\\\/\\\/diariofemenino.com.ar\\\/df\\\/algunos-argumentos-en-contra-de-los-vientres-de-alquiler\\\/#breadcrumb\",\"itemListElement\":[{\"@type\":\"ListItem\",\"position\":1,\"name\":\"Portada\",\"item\":\"https:\\\/\\\/diariofemenino.com.ar\\\/df\\\/\"},{\"@type\":\"ListItem\",\"position\":2,\"name\":\"Algunos argumentos en contra de los vientres de alquiler\"}]},{\"@type\":\"WebSite\",\"@id\":\"https:\\\/\\\/diariofemenino.com.ar\\\/df\\\/#website\",\"url\":\"https:\\\/\\\/diariofemenino.com.ar\\\/df\\\/\",\"name\":\"Diario Digital Femenino\",\"description\":\"Cuesti\u00f3n de G\u00e9nero\",\"publisher\":{\"@id\":\"https:\\\/\\\/diariofemenino.com.ar\\\/df\\\/#organization\"},\"potentialAction\":[{\"@type\":\"SearchAction\",\"target\":{\"@type\":\"EntryPoint\",\"urlTemplate\":\"https:\\\/\\\/diariofemenino.com.ar\\\/df\\\/?s={search_term_string}\"},\"query-input\":{\"@type\":\"PropertyValueSpecification\",\"valueRequired\":true,\"valueName\":\"search_term_string\"}}],\"inLanguage\":\"es\"},{\"@type\":\"Organization\",\"@id\":\"https:\\\/\\\/diariofemenino.com.ar\\\/df\\\/#organization\",\"name\":\"Diario Femenino\",\"url\":\"https:\\\/\\\/diariofemenino.com.ar\\\/df\\\/\",\"logo\":{\"@type\":\"ImageObject\",\"inLanguage\":\"es\",\"@id\":\"https:\\\/\\\/diariofemenino.com.ar\\\/df\\\/#\\\/schema\\\/logo\\\/image\\\/\",\"url\":\"https:\\\/\\\/diariofemenino.com.ar\\\/df\\\/wp-content\\\/uploads\\\/2018\\\/10\\\/logo.png\",\"contentUrl\":\"https:\\\/\\\/diariofemenino.com.ar\\\/df\\\/wp-content\\\/uploads\\\/2018\\\/10\\\/logo.png\",\"width\":500,\"height\":92,\"caption\":\"Diario Femenino\"},\"image\":{\"@id\":\"https:\\\/\\\/diariofemenino.com.ar\\\/df\\\/#\\\/schema\\\/logo\\\/image\\\/\"},\"sameAs\":[\"https:\\\/\\\/www.facebook.com\\\/DiarioDigitaFemenino\\\/\",\"https:\\\/\\\/x.com\\\/DiarioFemenino1\"]},{\"@type\":\"Person\",\"@id\":\"https:\\\/\\\/diariofemenino.com.ar\\\/df\\\/#\\\/schema\\\/person\\\/38f54b3bfd13f561de2460ba95c169c6\",\"name\":\"Admin\",\"image\":{\"@type\":\"ImageObject\",\"inLanguage\":\"es\",\"@id\":\"https:\\\/\\\/diariofemenino.com.ar\\\/df\\\/wp-content\\\/uploads\\\/2018\\\/12\\\/favicon-150x150.jpg\",\"url\":\"https:\\\/\\\/diariofemenino.com.ar\\\/df\\\/wp-content\\\/uploads\\\/2018\\\/12\\\/favicon-150x150.jpg\",\"contentUrl\":\"https:\\\/\\\/diariofemenino.com.ar\\\/df\\\/wp-content\\\/uploads\\\/2018\\\/12\\\/favicon-150x150.jpg\",\"caption\":\"Admin\"},\"url\":\"https:\\\/\\\/diariofemenino.com.ar\\\/df\\\/author\\\/adm18df\\\/\"}]}<\/script>\n<!-- \/ Yoast SEO plugin. -->","yoast_head_json":{"title":"Algunos argumentos en contra de los vientres de alquiler - Diario Digital Femenino","description":"Vientres de alquiler: Algunos argumentos en contra","robots":{"index":"index","follow":"follow","max-snippet":"max-snippet:-1","max-image-preview":"max-image-preview:large","max-video-preview":"max-video-preview:-1"},"canonical":"https:\/\/diariofemenino.com.ar\/df\/algunos-argumentos-en-contra-de-los-vientres-de-alquiler\/","og_locale":"es_ES","og_type":"article","og_title":"Algunos argumentos en contra de los vientres de alquiler - Diario Digital Femenino","og_description":"Vientres de alquiler: Algunos argumentos en contra","og_url":"https:\/\/diariofemenino.com.ar\/df\/algunos-argumentos-en-contra-de-los-vientres-de-alquiler\/","og_site_name":"Diario Digital Femenino","article_publisher":"https:\/\/www.facebook.com\/DiarioDigitaFemenino\/","article_published_time":"2015-12-15T18:38:42+00:00","article_modified_time":"2019-09-19T14:33:25+00:00","og_image":[{"width":770,"height":516,"url":"https:\/\/diariofemenino.com.ar\/df\/wp-content\/uploads\/2015\/12\/1500970822_404690_1500970929_noticia_normal.jpg","type":"image\/jpeg"}],"author":"Admin","twitter_card":"summary_large_image","twitter_creator":"@DiarioFemenino1","twitter_site":"@DiarioFemenino1","twitter_misc":{"Escrito por":"Admin","Tiempo de lectura":"7 minutos"},"schema":{"@context":"https:\/\/schema.org","@graph":[{"@type":"Article","@id":"https:\/\/diariofemenino.com.ar\/df\/algunos-argumentos-en-contra-de-los-vientres-de-alquiler\/#article","isPartOf":{"@id":"https:\/\/diariofemenino.com.ar\/df\/algunos-argumentos-en-contra-de-los-vientres-de-alquiler\/"},"author":{"name":"Admin","@id":"https:\/\/diariofemenino.com.ar\/df\/#\/schema\/person\/38f54b3bfd13f561de2460ba95c169c6"},"headline":"Algunos argumentos en contra de los vientres de alquiler","datePublished":"2015-12-15T18:38:42+00:00","dateModified":"2019-09-19T14:33:25+00:00","mainEntityOfPage":{"@id":"https:\/\/diariofemenino.com.ar\/df\/algunos-argumentos-en-contra-de-los-vientres-de-alquiler\/"},"wordCount":1463,"commentCount":0,"publisher":{"@id":"https:\/\/diariofemenino.com.ar\/df\/#organization"},"image":{"@id":"https:\/\/diariofemenino.com.ar\/df\/algunos-argumentos-en-contra-de-los-vientres-de-alquiler\/#primaryimage"},"thumbnailUrl":"https:\/\/diariofemenino.com.ar\/df\/wp-content\/uploads\/2015\/12\/1500970822_404690_1500970929_noticia_normal.jpg","keywords":["Derechos Humanos","Derechos sexuales y reproductivos"],"articleSection":["De ESI S\u00ed Se Habla","De la Revoluci\u00f3n al Reaprendizaje","Medios"],"inLanguage":"es","potentialAction":[{"@type":"CommentAction","name":"Comment","target":["https:\/\/diariofemenino.com.ar\/df\/algunos-argumentos-en-contra-de-los-vientres-de-alquiler\/#respond"]}]},{"@type":"WebPage","@id":"https:\/\/diariofemenino.com.ar\/df\/algunos-argumentos-en-contra-de-los-vientres-de-alquiler\/","url":"https:\/\/diariofemenino.com.ar\/df\/algunos-argumentos-en-contra-de-los-vientres-de-alquiler\/","name":"Algunos argumentos en contra de los vientres de alquiler - Diario Digital Femenino","isPartOf":{"@id":"https:\/\/diariofemenino.com.ar\/df\/#website"},"primaryImageOfPage":{"@id":"https:\/\/diariofemenino.com.ar\/df\/algunos-argumentos-en-contra-de-los-vientres-de-alquiler\/#primaryimage"},"image":{"@id":"https:\/\/diariofemenino.com.ar\/df\/algunos-argumentos-en-contra-de-los-vientres-de-alquiler\/#primaryimage"},"thumbnailUrl":"https:\/\/diariofemenino.com.ar\/df\/wp-content\/uploads\/2015\/12\/1500970822_404690_1500970929_noticia_normal.jpg","datePublished":"2015-12-15T18:38:42+00:00","dateModified":"2019-09-19T14:33:25+00:00","description":"Vientres de alquiler: Algunos argumentos en contra","breadcrumb":{"@id":"https:\/\/diariofemenino.com.ar\/df\/algunos-argumentos-en-contra-de-los-vientres-de-alquiler\/#breadcrumb"},"inLanguage":"es","potentialAction":[{"@type":"ReadAction","target":["https:\/\/diariofemenino.com.ar\/df\/algunos-argumentos-en-contra-de-los-vientres-de-alquiler\/"]}]},{"@type":"ImageObject","inLanguage":"es","@id":"https:\/\/diariofemenino.com.ar\/df\/algunos-argumentos-en-contra-de-los-vientres-de-alquiler\/#primaryimage","url":"https:\/\/diariofemenino.com.ar\/df\/wp-content\/uploads\/2015\/12\/1500970822_404690_1500970929_noticia_normal.jpg","contentUrl":"https:\/\/diariofemenino.com.ar\/df\/wp-content\/uploads\/2015\/12\/1500970822_404690_1500970929_noticia_normal.jpg","width":770,"height":516,"caption":"Algunos argumentos en contra de los vientres de alquiler"},{"@type":"BreadcrumbList","@id":"https:\/\/diariofemenino.com.ar\/df\/algunos-argumentos-en-contra-de-los-vientres-de-alquiler\/#breadcrumb","itemListElement":[{"@type":"ListItem","position":1,"name":"Portada","item":"https:\/\/diariofemenino.com.ar\/df\/"},{"@type":"ListItem","position":2,"name":"Algunos argumentos en contra de los vientres de alquiler"}]},{"@type":"WebSite","@id":"https:\/\/diariofemenino.com.ar\/df\/#website","url":"https:\/\/diariofemenino.com.ar\/df\/","name":"Diario Digital Femenino","description":"Cuesti\u00f3n de G\u00e9nero","publisher":{"@id":"https:\/\/diariofemenino.com.ar\/df\/#organization"},"potentialAction":[{"@type":"SearchAction","target":{"@type":"EntryPoint","urlTemplate":"https:\/\/diariofemenino.com.ar\/df\/?s={search_term_string}"},"query-input":{"@type":"PropertyValueSpecification","valueRequired":true,"valueName":"search_term_string"}}],"inLanguage":"es"},{"@type":"Organization","@id":"https:\/\/diariofemenino.com.ar\/df\/#organization","name":"Diario Femenino","url":"https:\/\/diariofemenino.com.ar\/df\/","logo":{"@type":"ImageObject","inLanguage":"es","@id":"https:\/\/diariofemenino.com.ar\/df\/#\/schema\/logo\/image\/","url":"https:\/\/diariofemenino.com.ar\/df\/wp-content\/uploads\/2018\/10\/logo.png","contentUrl":"https:\/\/diariofemenino.com.ar\/df\/wp-content\/uploads\/2018\/10\/logo.png","width":500,"height":92,"caption":"Diario Femenino"},"image":{"@id":"https:\/\/diariofemenino.com.ar\/df\/#\/schema\/logo\/image\/"},"sameAs":["https:\/\/www.facebook.com\/DiarioDigitaFemenino\/","https:\/\/x.com\/DiarioFemenino1"]},{"@type":"Person","@id":"https:\/\/diariofemenino.com.ar\/df\/#\/schema\/person\/38f54b3bfd13f561de2460ba95c169c6","name":"Admin","image":{"@type":"ImageObject","inLanguage":"es","@id":"https:\/\/diariofemenino.com.ar\/df\/wp-content\/uploads\/2018\/12\/favicon-150x150.jpg","url":"https:\/\/diariofemenino.com.ar\/df\/wp-content\/uploads\/2018\/12\/favicon-150x150.jpg","contentUrl":"https:\/\/diariofemenino.com.ar\/df\/wp-content\/uploads\/2018\/12\/favicon-150x150.jpg","caption":"Admin"},"url":"https:\/\/diariofemenino.com.ar\/df\/author\/adm18df\/"}]}},"jetpack_featured_media_url":"https:\/\/diariofemenino.com.ar\/df\/wp-content\/uploads\/2015\/12\/1500970822_404690_1500970929_noticia_normal.jpg","jetpack_sharing_enabled":true,"rttpg_featured_image_url":{"full":["https:\/\/diariofemenino.com.ar\/df\/wp-content\/uploads\/2015\/12\/1500970822_404690_1500970929_noticia_normal.jpg",770,516,false],"landscape":["https:\/\/diariofemenino.com.ar\/df\/wp-content\/uploads\/2015\/12\/1500970822_404690_1500970929_noticia_normal.jpg",770,516,false],"portraits":["https:\/\/diariofemenino.com.ar\/df\/wp-content\/uploads\/2015\/12\/1500970822_404690_1500970929_noticia_normal.jpg",770,516,false],"thumbnail":["https:\/\/diariofemenino.com.ar\/df\/wp-content\/uploads\/2015\/12\/1500970822_404690_1500970929_noticia_normal-150x150.jpg",150,150,true],"medium":["https:\/\/diariofemenino.com.ar\/df\/wp-content\/uploads\/2015\/12\/1500970822_404690_1500970929_noticia_normal-300x201.jpg",300,201,true],"large":["https:\/\/diariofemenino.com.ar\/df\/wp-content\/uploads\/2015\/12\/1500970822_404690_1500970929_noticia_normal.jpg",770,516,false],"1536x1536":["https:\/\/diariofemenino.com.ar\/df\/wp-content\/uploads\/2015\/12\/1500970822_404690_1500970929_noticia_normal.jpg",770,516,false],"2048x2048":["https:\/\/diariofemenino.com.ar\/df\/wp-content\/uploads\/2015\/12\/1500970822_404690_1500970929_noticia_normal.jpg",770,516,false]},"rttpg_author":{"display_name":"Admin","author_link":"https:\/\/diariofemenino.com.ar\/df\/author\/adm18df\/"},"rttpg_comment":0,"rttpg_category":"<a href=\"https:\/\/diariofemenino.com.ar\/df\/category\/de-esi-si-se-habla\/\" rel=\"category tag\">De ESI S\u00ed Se Habla<\/a> <a href=\"https:\/\/diariofemenino.com.ar\/df\/category\/de-la-revolucion-al-reaprendizaje\/\" rel=\"category tag\">De la Revoluci\u00f3n al Reaprendizaje<\/a> <a href=\"https:\/\/diariofemenino.com.ar\/df\/category\/medios\/\" rel=\"category tag\">Medios<\/a>","rttpg_excerpt":"Algunos argumentos en contra de los vientres de alquiler Por\u00a0Beatriz Gimeno\u00a0(@BeatrizGimeno1) Y digo bien, \u201cvientres de alquiler\u201d, porque gestaci\u00f3n subrogada es otra cosa y hay que dejar bien claro cuando hablamos de \u00e9sta y cuando hablamos de lo otro. Una de las cuestiones en las que los defensores de los vientres utilizan de manera m\u00e1s&hellip;","_links":{"self":[{"href":"https:\/\/diariofemenino.com.ar\/df\/wp-json\/wp\/v2\/posts\/21212","targetHints":{"allow":["GET"]}}],"collection":[{"href":"https:\/\/diariofemenino.com.ar\/df\/wp-json\/wp\/v2\/posts"}],"about":[{"href":"https:\/\/diariofemenino.com.ar\/df\/wp-json\/wp\/v2\/types\/post"}],"author":[{"embeddable":true,"href":"https:\/\/diariofemenino.com.ar\/df\/wp-json\/wp\/v2\/users\/1"}],"replies":[{"embeddable":true,"href":"https:\/\/diariofemenino.com.ar\/df\/wp-json\/wp\/v2\/comments?post=21212"}],"version-history":[{"count":0,"href":"https:\/\/diariofemenino.com.ar\/df\/wp-json\/wp\/v2\/posts\/21212\/revisions"}],"wp:featuredmedia":[{"embeddable":true,"href":"https:\/\/diariofemenino.com.ar\/df\/wp-json\/wp\/v2\/media\/41468"}],"wp:attachment":[{"href":"https:\/\/diariofemenino.com.ar\/df\/wp-json\/wp\/v2\/media?parent=21212"}],"wp:term":[{"taxonomy":"category","embeddable":true,"href":"https:\/\/diariofemenino.com.ar\/df\/wp-json\/wp\/v2\/categories?post=21212"},{"taxonomy":"post_tag","embeddable":true,"href":"https:\/\/diariofemenino.com.ar\/df\/wp-json\/wp\/v2\/tags?post=21212"}],"curies":[{"name":"wp","href":"https:\/\/api.w.org\/{rel}","templated":true}]}}