{"id":20311,"date":"2015-10-11T01:05:52","date_gmt":"2015-10-11T04:05:52","guid":{"rendered":"http:\/\/www.diariofemenino.com.ar\/?p=20311"},"modified":"2015-10-11T01:05:52","modified_gmt":"2015-10-11T04:05:52","slug":"protocolo-de-intervencion-institucional-por-violencia-de-genero-acoso-sexual-y-discriminacion-de-genero","status":"publish","type":"post","link":"https:\/\/diariofemenino.com.ar\/df\/protocolo-de-intervencion-institucional-por-violencia-de-genero-acoso-sexual-y-discriminacion-de-genero\/","title":{"rendered":"Protocolo de intervenci\u00f3n Institucional por violencia de g\u00e9nero, acoso sexual y discriminaci\u00f3n de g\u00e9nero"},"content":{"rendered":"<p><em><span style=\"color: #000000;\">La agrupaci\u00f3n universitaria Frente Estudiantil Popular (FEP), en conjunto con la Colectiva Feminista Mala Junta, presentaron al Consejo Superior de la Universidad Nacional de La Pampa un \u201cProtocolo de intervenci\u00f3n\u00a0Institucional\u00a0ante\u00a0denuncias\u00a0por\u00a0violencia\u00a0de\u00a0g\u00e9nero,\u00a0acoso\u00a0sexual\u00a0y\u00a0discriminaci\u00f3n\u00a0\u00a0\u00a0 de\u00a0g\u00e9nero\u201d. El proyecto fue presentado a trav\u00e9s de los consejeros estudiantiles de Universidad P\u00fablica (UP).<\/span><\/em><br \/>\n<figure id=\"attachment_20313\" aria-describedby=\"caption-attachment-20313\" style=\"width: 576px\" class=\"wp-caption alignnone\"><a href=\"http:\/\/www.diariofemenino.com.ar\/wp-content\/uploads\/12036985_1659910414250321_6387343666714876747_n.jpg\"><img loading=\"lazy\" decoding=\"async\" class=\"size-full wp-image-20313\" alt=\"Protocolo de intervenci\u00f3n Institucional ante denuncias por violencia de g\u00e9nero, acoso sexual y discriminaci\u00f3n    de g\u00e9nero\" src=\"http:\/\/www.diariofemenino.com.ar\/wp-content\/uploads\/12036985_1659910414250321_6387343666714876747_n.jpg\" width=\"576\" height=\"324\" \/><\/a><figcaption id=\"caption-attachment-20313\" class=\"wp-caption-text\"><span style=\"color: #000000;\">Protocolo de intervenci\u00f3n Institucional ante denuncias por violencia de g\u00e9nero, acoso sexual y discriminaci\u00f3n de g\u00e9nero<\/span><\/figcaption><\/figure><br \/>\n<span style=\"color: #000000;\">El proyecto fue aprobado y se deriv\u00f3 a las comisiones correspondientes para su discusi\u00f3n.Desde la agrupaci\u00f3n, manifestaron que esta iniciativa \u201cnace con la intenci\u00f3n de que la Universidad comience a actuar frente a esta problem\u00e1tica que afecta a much\u00edsimas mujeres. Esto sucede, por supuesto,\u00a0 tambi\u00e9n dentro del \u00e1mbito acad\u00e9mico y por ello lo que se pretende es instar a la Universidad a que responda por ello, debido a que posee los recursos, y para eso presentamos una especie de gu\u00eda que sistematice acciones a realizar frente a estas situaciones\u201d.<\/span><br \/>\n<span style=\"color: #000000;\">El documento posee como principios rectores \u201cbrindar asesoramiento legal gratuito, privacidad y respeto, y brindar contenci\u00f3n a las personas afectadas. Esto abarca las relaciones laborales y\/o educativas que se desarrollen en el marco de cualquier dependencia de la\u00a0 Universidad\u00a0de La Pampa.\u00a0\u00a0<\/span><br \/>\n<span style=\"color: #000000;\">Este protocolo fue presentado para que la Universidad tenga un gu\u00eda para actuar ante situaciones de violencia sexual y\u00a0discriminaci\u00f3n basada en el sexo y\/o g\u00e9nero de la persona, orientaci\u00f3n sexual, identidad de g\u00e9nero y expresi\u00f3n de g\u00e9nero que tengan por objeto o por resultado, excluir, restringir, limitar, degradar, ofender o anular el reconocimiento, goce o ejercicio de los derechos.<\/span><br \/>\n<span style=\"color: #000000;\">Para poder actuar frente a estas situaciones, el Protocolo pretende la creaci\u00f3n de un equipo que este conformado por dos docentes, dos estudiantes, un no docente y un graduado en cada unidad acad\u00e9mica. Adem\u00e1s, a trav\u00e9s de Bienestar Universitario se brindar\u00e1 atenci\u00f3n psicol\u00f3gica en caso de ser necesario.<\/span><br \/>\n<span style=\"color: #000000;\">Estos equipos ser\u00edan los encargados de recepcionar las consultas o denuncias, orientar a la persona en cada caso y analizar a que instancias recurrir para resolver el problema.<\/span><br \/>\n<span style=\"color: #000000;\">Se prev\u00e9 que las denuncias puedan ser hechas, en primera instancia, a trav\u00e9s de un medio electr\u00f3nico, y a opci\u00f3n de quien lo precise, una consulta presencial.Comentar la situaci\u00f3n y\u00a0requerir asesoramiento v\u00eda correo electr\u00f3nico. En este caso, el equipo de la Unidad Acad\u00e9mica responsable podr\u00e1 optar por evacuar la consulta v\u00eda correo electr\u00f3nico o, en\u00a0raz\u00f3n del m\u00e9rito de la situaci\u00f3n, proponer una entrevista personal y as\u00ed se lo har\u00e1 saber a\u00a0la persona consultante, quien podr\u00e1 consentir o rechazarla.<\/span><br \/>\n<span style=\"color: #000000;\">El Frente Estudiantil Popular (FEP) es una organizaci\u00f3n que trabaja dentro de la Facultad de Ciencias Humanas y es quien se ha\u00a0 encargado de la confecci\u00f3n del protocolo. Para ello, trabajaron en conjunto con la Colectiva Feminista Mala Junta, organizaci\u00f3n que naci\u00f3 hace poco en la provincia de La Pampa.<\/span><\/p>\n","protected":false},"excerpt":{"rendered":"<p>La agrupaci\u00f3n universitaria Frente Estudiantil Popular (FEP), en conjunto con la Colectiva Feminista Mala Junta, presentaron al Consejo Superior de la Universidad Nacional de La Pampa un \u201cProtocolo de intervenci\u00f3n\u00a0Institucional\u00a0ante\u00a0denuncias\u00a0por\u00a0violencia\u00a0de\u00a0g\u00e9nero,\u00a0acoso\u00a0sexual\u00a0y\u00a0discriminaci\u00f3n\u00a0\u00a0\u00a0 de\u00a0g\u00e9nero\u201d. El proyecto fue presentado a trav\u00e9s de los consejeros estudiantiles de Universidad P\u00fablica (UP). El proyecto fue aprobado y se deriv\u00f3 a las comisiones [&hellip;]<\/p>\n","protected":false},"author":1,"featured_media":0,"comment_status":"open","ping_status":"open","sticky":false,"template":"","format":"standard","meta":{"iawp_total_views":2,"footnotes":""},"categories":[7,9],"tags":[105,25,30,33,11,18,16],"class_list":["post-20311","post","type-post","status-publish","format-standard","hentry","category-actividades","category-de-esi-si-se-habla","tag-acoso-sexual","tag-activismo","tag-derechos-humanos","tag-discriminacion","tag-educacion","tag-politicas-publicas","tag-violencia-de-genero"],"nelio_content":{"autoShareEndMode":"never","automationSources":{"useCustomSentences":false,"customSentences":[]},"efiAlt":"","efiUrl":"","followers":[],"highlights":[],"isAutoShareEnabled":true,"networkImageIds":[],"permalinkQueryArgs":[],"series":[],"suggestedReferences":[]},"yoast_head":"<!-- This site is optimized with the Yoast SEO plugin v27.4 - https:\/\/yoast.com\/product\/yoast-seo-wordpress\/ -->\n<title>Protocolo de intervenci\u00f3n Institucional por violencia de g\u00e9nero, acoso sexual y discriminaci\u00f3n de g\u00e9nero - Diario Digital Femenino<\/title>\n<meta name=\"description\" content=\"Protocolo de intervenci\u00f3n Institucional ante denuncias por violencia de g\u00e9nero, acoso sexual y discriminaci\u00f3n de g\u00e9nero,presentado al C.Superior de la UNLpam\" \/>\n<meta name=\"robots\" content=\"index, follow, max-snippet:-1, max-image-preview:large, max-video-preview:-1\" \/>\n<link rel=\"canonical\" href=\"https:\/\/diariofemenino.com.ar\/df\/protocolo-de-intervencion-institucional-por-violencia-de-genero-acoso-sexual-y-discriminacion-de-genero\/\" \/>\n<meta property=\"og:locale\" content=\"es_ES\" \/>\n<meta property=\"og:type\" content=\"article\" \/>\n<meta property=\"og:title\" content=\"Protocolo de intervenci\u00f3n Institucional por violencia de g\u00e9nero, acoso sexual y discriminaci\u00f3n de g\u00e9nero - Diario Digital Femenino\" \/>\n<meta property=\"og:description\" content=\"Protocolo de intervenci\u00f3n Institucional ante denuncias por violencia de g\u00e9nero, acoso sexual y discriminaci\u00f3n de g\u00e9nero,presentado al C.Superior de la UNLpam\" \/>\n<meta property=\"og:url\" content=\"https:\/\/diariofemenino.com.ar\/df\/protocolo-de-intervencion-institucional-por-violencia-de-genero-acoso-sexual-y-discriminacion-de-genero\/\" \/>\n<meta property=\"og:site_name\" content=\"Diario Digital Femenino\" \/>\n<meta property=\"article:publisher\" content=\"https:\/\/www.facebook.com\/DiarioDigitaFemenino\/\" \/>\n<meta property=\"article:published_time\" content=\"2015-10-11T04:05:52+00:00\" \/>\n<meta property=\"og:image\" content=\"http:\/\/www.diariofemenino.com.ar\/wp-content\/uploads\/12036985_1659910414250321_6387343666714876747_n.jpg\" \/>\n<meta name=\"author\" content=\"Admin\" \/>\n<meta name=\"twitter:card\" content=\"summary_large_image\" \/>\n<meta name=\"twitter:creator\" content=\"@DiarioFemenino1\" \/>\n<meta name=\"twitter:site\" content=\"@DiarioFemenino1\" \/>\n<meta name=\"twitter:label1\" content=\"Escrito por\" \/>\n\t<meta name=\"twitter:data1\" content=\"Admin\" \/>\n\t<meta name=\"twitter:label2\" content=\"Tiempo de lectura\" \/>\n\t<meta name=\"twitter:data2\" content=\"3 minutos\" \/>\n<script type=\"application\/ld+json\" class=\"yoast-schema-graph\">{\"@context\":\"https:\\\/\\\/schema.org\",\"@graph\":[{\"@type\":\"Article\",\"@id\":\"https:\\\/\\\/diariofemenino.com.ar\\\/df\\\/protocolo-de-intervencion-institucional-por-violencia-de-genero-acoso-sexual-y-discriminacion-de-genero\\\/#article\",\"isPartOf\":{\"@id\":\"https:\\\/\\\/diariofemenino.com.ar\\\/df\\\/protocolo-de-intervencion-institucional-por-violencia-de-genero-acoso-sexual-y-discriminacion-de-genero\\\/\"},\"author\":{\"name\":\"Admin\",\"@id\":\"https:\\\/\\\/diariofemenino.com.ar\\\/df\\\/#\\\/schema\\\/person\\\/38f54b3bfd13f561de2460ba95c169c6\"},\"headline\":\"Protocolo de intervenci\u00f3n Institucional por violencia de g\u00e9nero, acoso sexual y discriminaci\u00f3n de g\u00e9nero\",\"datePublished\":\"2015-10-11T04:05:52+00:00\",\"mainEntityOfPage\":{\"@id\":\"https:\\\/\\\/diariofemenino.com.ar\\\/df\\\/protocolo-de-intervencion-institucional-por-violencia-de-genero-acoso-sexual-y-discriminacion-de-genero\\\/\"},\"wordCount\":549,\"commentCount\":0,\"publisher\":{\"@id\":\"https:\\\/\\\/diariofemenino.com.ar\\\/df\\\/#organization\"},\"image\":{\"@id\":\"https:\\\/\\\/diariofemenino.com.ar\\\/df\\\/protocolo-de-intervencion-institucional-por-violencia-de-genero-acoso-sexual-y-discriminacion-de-genero\\\/#primaryimage\"},\"thumbnailUrl\":\"http:\\\/\\\/www.diariofemenino.com.ar\\\/wp-content\\\/uploads\\\/12036985_1659910414250321_6387343666714876747_n.jpg\",\"keywords\":[\"Acoso sexual\",\"Activismo\",\"Derechos Humanos\",\"Discriminaci\u00f3n\",\"Educaci\u00f3n\",\"Pol\u00edticas p\u00fablicas\",\"Violencia de g\u00e9nero\"],\"articleSection\":[\"Actividades\",\"De ESI S\u00ed Se Habla\"],\"inLanguage\":\"es\",\"potentialAction\":[{\"@type\":\"CommentAction\",\"name\":\"Comment\",\"target\":[\"https:\\\/\\\/diariofemenino.com.ar\\\/df\\\/protocolo-de-intervencion-institucional-por-violencia-de-genero-acoso-sexual-y-discriminacion-de-genero\\\/#respond\"]}]},{\"@type\":\"WebPage\",\"@id\":\"https:\\\/\\\/diariofemenino.com.ar\\\/df\\\/protocolo-de-intervencion-institucional-por-violencia-de-genero-acoso-sexual-y-discriminacion-de-genero\\\/\",\"url\":\"https:\\\/\\\/diariofemenino.com.ar\\\/df\\\/protocolo-de-intervencion-institucional-por-violencia-de-genero-acoso-sexual-y-discriminacion-de-genero\\\/\",\"name\":\"Protocolo de intervenci\u00f3n Institucional por violencia de g\u00e9nero, acoso sexual y discriminaci\u00f3n de g\u00e9nero - Diario Digital Femenino\",\"isPartOf\":{\"@id\":\"https:\\\/\\\/diariofemenino.com.ar\\\/df\\\/#website\"},\"primaryImageOfPage\":{\"@id\":\"https:\\\/\\\/diariofemenino.com.ar\\\/df\\\/protocolo-de-intervencion-institucional-por-violencia-de-genero-acoso-sexual-y-discriminacion-de-genero\\\/#primaryimage\"},\"image\":{\"@id\":\"https:\\\/\\\/diariofemenino.com.ar\\\/df\\\/protocolo-de-intervencion-institucional-por-violencia-de-genero-acoso-sexual-y-discriminacion-de-genero\\\/#primaryimage\"},\"thumbnailUrl\":\"http:\\\/\\\/www.diariofemenino.com.ar\\\/wp-content\\\/uploads\\\/12036985_1659910414250321_6387343666714876747_n.jpg\",\"datePublished\":\"2015-10-11T04:05:52+00:00\",\"description\":\"Protocolo de intervenci\u00f3n Institucional ante denuncias por violencia de g\u00e9nero, acoso sexual y discriminaci\u00f3n de g\u00e9nero,presentado al C.Superior de la UNLpam\",\"breadcrumb\":{\"@id\":\"https:\\\/\\\/diariofemenino.com.ar\\\/df\\\/protocolo-de-intervencion-institucional-por-violencia-de-genero-acoso-sexual-y-discriminacion-de-genero\\\/#breadcrumb\"},\"inLanguage\":\"es\",\"potentialAction\":[{\"@type\":\"ReadAction\",\"target\":[\"https:\\\/\\\/diariofemenino.com.ar\\\/df\\\/protocolo-de-intervencion-institucional-por-violencia-de-genero-acoso-sexual-y-discriminacion-de-genero\\\/\"]}]},{\"@type\":\"ImageObject\",\"inLanguage\":\"es\",\"@id\":\"https:\\\/\\\/diariofemenino.com.ar\\\/df\\\/protocolo-de-intervencion-institucional-por-violencia-de-genero-acoso-sexual-y-discriminacion-de-genero\\\/#primaryimage\",\"url\":\"http:\\\/\\\/www.diariofemenino.com.ar\\\/wp-content\\\/uploads\\\/12036985_1659910414250321_6387343666714876747_n.jpg\",\"contentUrl\":\"http:\\\/\\\/www.diariofemenino.com.ar\\\/wp-content\\\/uploads\\\/12036985_1659910414250321_6387343666714876747_n.jpg\"},{\"@type\":\"BreadcrumbList\",\"@id\":\"https:\\\/\\\/diariofemenino.com.ar\\\/df\\\/protocolo-de-intervencion-institucional-por-violencia-de-genero-acoso-sexual-y-discriminacion-de-genero\\\/#breadcrumb\",\"itemListElement\":[{\"@type\":\"ListItem\",\"position\":1,\"name\":\"Portada\",\"item\":\"https:\\\/\\\/diariofemenino.com.ar\\\/df\\\/\"},{\"@type\":\"ListItem\",\"position\":2,\"name\":\"Protocolo de intervenci\u00f3n Institucional por violencia de g\u00e9nero, acoso sexual y discriminaci\u00f3n de g\u00e9nero\"}]},{\"@type\":\"WebSite\",\"@id\":\"https:\\\/\\\/diariofemenino.com.ar\\\/df\\\/#website\",\"url\":\"https:\\\/\\\/diariofemenino.com.ar\\\/df\\\/\",\"name\":\"Diario Digital Femenino\",\"description\":\"Cuesti\u00f3n de G\u00e9nero\",\"publisher\":{\"@id\":\"https:\\\/\\\/diariofemenino.com.ar\\\/df\\\/#organization\"},\"potentialAction\":[{\"@type\":\"SearchAction\",\"target\":{\"@type\":\"EntryPoint\",\"urlTemplate\":\"https:\\\/\\\/diariofemenino.com.ar\\\/df\\\/?s={search_term_string}\"},\"query-input\":{\"@type\":\"PropertyValueSpecification\",\"valueRequired\":true,\"valueName\":\"search_term_string\"}}],\"inLanguage\":\"es\"},{\"@type\":\"Organization\",\"@id\":\"https:\\\/\\\/diariofemenino.com.ar\\\/df\\\/#organization\",\"name\":\"Diario Femenino\",\"url\":\"https:\\\/\\\/diariofemenino.com.ar\\\/df\\\/\",\"logo\":{\"@type\":\"ImageObject\",\"inLanguage\":\"es\",\"@id\":\"https:\\\/\\\/diariofemenino.com.ar\\\/df\\\/#\\\/schema\\\/logo\\\/image\\\/\",\"url\":\"https:\\\/\\\/diariofemenino.com.ar\\\/df\\\/wp-content\\\/uploads\\\/2018\\\/10\\\/logo.png\",\"contentUrl\":\"https:\\\/\\\/diariofemenino.com.ar\\\/df\\\/wp-content\\\/uploads\\\/2018\\\/10\\\/logo.png\",\"width\":500,\"height\":92,\"caption\":\"Diario Femenino\"},\"image\":{\"@id\":\"https:\\\/\\\/diariofemenino.com.ar\\\/df\\\/#\\\/schema\\\/logo\\\/image\\\/\"},\"sameAs\":[\"https:\\\/\\\/www.facebook.com\\\/DiarioDigitaFemenino\\\/\",\"https:\\\/\\\/x.com\\\/DiarioFemenino1\"]},{\"@type\":\"Person\",\"@id\":\"https:\\\/\\\/diariofemenino.com.ar\\\/df\\\/#\\\/schema\\\/person\\\/38f54b3bfd13f561de2460ba95c169c6\",\"name\":\"Admin\",\"image\":{\"@type\":\"ImageObject\",\"inLanguage\":\"es\",\"@id\":\"https:\\\/\\\/diariofemenino.com.ar\\\/df\\\/wp-content\\\/uploads\\\/2018\\\/12\\\/favicon-150x150.jpg\",\"url\":\"https:\\\/\\\/diariofemenino.com.ar\\\/df\\\/wp-content\\\/uploads\\\/2018\\\/12\\\/favicon-150x150.jpg\",\"contentUrl\":\"https:\\\/\\\/diariofemenino.com.ar\\\/df\\\/wp-content\\\/uploads\\\/2018\\\/12\\\/favicon-150x150.jpg\",\"caption\":\"Admin\"},\"url\":\"https:\\\/\\\/diariofemenino.com.ar\\\/df\\\/author\\\/adm18df\\\/\"}]}<\/script>\n<!-- \/ Yoast SEO plugin. -->","yoast_head_json":{"title":"Protocolo de intervenci\u00f3n Institucional por violencia de g\u00e9nero, acoso sexual y discriminaci\u00f3n de g\u00e9nero - Diario Digital Femenino","description":"Protocolo de intervenci\u00f3n Institucional ante denuncias por violencia de g\u00e9nero, acoso sexual y discriminaci\u00f3n de g\u00e9nero,presentado al C.Superior de la UNLpam","robots":{"index":"index","follow":"follow","max-snippet":"max-snippet:-1","max-image-preview":"max-image-preview:large","max-video-preview":"max-video-preview:-1"},"canonical":"https:\/\/diariofemenino.com.ar\/df\/protocolo-de-intervencion-institucional-por-violencia-de-genero-acoso-sexual-y-discriminacion-de-genero\/","og_locale":"es_ES","og_type":"article","og_title":"Protocolo de intervenci\u00f3n Institucional por violencia de g\u00e9nero, acoso sexual y discriminaci\u00f3n de g\u00e9nero - Diario Digital Femenino","og_description":"Protocolo de intervenci\u00f3n Institucional ante denuncias por violencia de g\u00e9nero, acoso sexual y discriminaci\u00f3n de g\u00e9nero,presentado al C.Superior de la UNLpam","og_url":"https:\/\/diariofemenino.com.ar\/df\/protocolo-de-intervencion-institucional-por-violencia-de-genero-acoso-sexual-y-discriminacion-de-genero\/","og_site_name":"Diario Digital Femenino","article_publisher":"https:\/\/www.facebook.com\/DiarioDigitaFemenino\/","article_published_time":"2015-10-11T04:05:52+00:00","og_image":[{"url":"http:\/\/www.diariofemenino.com.ar\/wp-content\/uploads\/12036985_1659910414250321_6387343666714876747_n.jpg","type":"","width":"","height":""}],"author":"Admin","twitter_card":"summary_large_image","twitter_creator":"@DiarioFemenino1","twitter_site":"@DiarioFemenino1","twitter_misc":{"Escrito por":"Admin","Tiempo de lectura":"3 minutos"},"schema":{"@context":"https:\/\/schema.org","@graph":[{"@type":"Article","@id":"https:\/\/diariofemenino.com.ar\/df\/protocolo-de-intervencion-institucional-por-violencia-de-genero-acoso-sexual-y-discriminacion-de-genero\/#article","isPartOf":{"@id":"https:\/\/diariofemenino.com.ar\/df\/protocolo-de-intervencion-institucional-por-violencia-de-genero-acoso-sexual-y-discriminacion-de-genero\/"},"author":{"name":"Admin","@id":"https:\/\/diariofemenino.com.ar\/df\/#\/schema\/person\/38f54b3bfd13f561de2460ba95c169c6"},"headline":"Protocolo de intervenci\u00f3n Institucional por violencia de g\u00e9nero, acoso sexual y discriminaci\u00f3n de g\u00e9nero","datePublished":"2015-10-11T04:05:52+00:00","mainEntityOfPage":{"@id":"https:\/\/diariofemenino.com.ar\/df\/protocolo-de-intervencion-institucional-por-violencia-de-genero-acoso-sexual-y-discriminacion-de-genero\/"},"wordCount":549,"commentCount":0,"publisher":{"@id":"https:\/\/diariofemenino.com.ar\/df\/#organization"},"image":{"@id":"https:\/\/diariofemenino.com.ar\/df\/protocolo-de-intervencion-institucional-por-violencia-de-genero-acoso-sexual-y-discriminacion-de-genero\/#primaryimage"},"thumbnailUrl":"http:\/\/www.diariofemenino.com.ar\/wp-content\/uploads\/12036985_1659910414250321_6387343666714876747_n.jpg","keywords":["Acoso sexual","Activismo","Derechos Humanos","Discriminaci\u00f3n","Educaci\u00f3n","Pol\u00edticas p\u00fablicas","Violencia de g\u00e9nero"],"articleSection":["Actividades","De ESI S\u00ed Se Habla"],"inLanguage":"es","potentialAction":[{"@type":"CommentAction","name":"Comment","target":["https:\/\/diariofemenino.com.ar\/df\/protocolo-de-intervencion-institucional-por-violencia-de-genero-acoso-sexual-y-discriminacion-de-genero\/#respond"]}]},{"@type":"WebPage","@id":"https:\/\/diariofemenino.com.ar\/df\/protocolo-de-intervencion-institucional-por-violencia-de-genero-acoso-sexual-y-discriminacion-de-genero\/","url":"https:\/\/diariofemenino.com.ar\/df\/protocolo-de-intervencion-institucional-por-violencia-de-genero-acoso-sexual-y-discriminacion-de-genero\/","name":"Protocolo de intervenci\u00f3n Institucional por violencia de g\u00e9nero, acoso sexual y discriminaci\u00f3n de g\u00e9nero - Diario Digital Femenino","isPartOf":{"@id":"https:\/\/diariofemenino.com.ar\/df\/#website"},"primaryImageOfPage":{"@id":"https:\/\/diariofemenino.com.ar\/df\/protocolo-de-intervencion-institucional-por-violencia-de-genero-acoso-sexual-y-discriminacion-de-genero\/#primaryimage"},"image":{"@id":"https:\/\/diariofemenino.com.ar\/df\/protocolo-de-intervencion-institucional-por-violencia-de-genero-acoso-sexual-y-discriminacion-de-genero\/#primaryimage"},"thumbnailUrl":"http:\/\/www.diariofemenino.com.ar\/wp-content\/uploads\/12036985_1659910414250321_6387343666714876747_n.jpg","datePublished":"2015-10-11T04:05:52+00:00","description":"Protocolo de intervenci\u00f3n Institucional ante denuncias por violencia de g\u00e9nero, acoso sexual y discriminaci\u00f3n de g\u00e9nero,presentado al C.Superior de la UNLpam","breadcrumb":{"@id":"https:\/\/diariofemenino.com.ar\/df\/protocolo-de-intervencion-institucional-por-violencia-de-genero-acoso-sexual-y-discriminacion-de-genero\/#breadcrumb"},"inLanguage":"es","potentialAction":[{"@type":"ReadAction","target":["https:\/\/diariofemenino.com.ar\/df\/protocolo-de-intervencion-institucional-por-violencia-de-genero-acoso-sexual-y-discriminacion-de-genero\/"]}]},{"@type":"ImageObject","inLanguage":"es","@id":"https:\/\/diariofemenino.com.ar\/df\/protocolo-de-intervencion-institucional-por-violencia-de-genero-acoso-sexual-y-discriminacion-de-genero\/#primaryimage","url":"http:\/\/www.diariofemenino.com.ar\/wp-content\/uploads\/12036985_1659910414250321_6387343666714876747_n.jpg","contentUrl":"http:\/\/www.diariofemenino.com.ar\/wp-content\/uploads\/12036985_1659910414250321_6387343666714876747_n.jpg"},{"@type":"BreadcrumbList","@id":"https:\/\/diariofemenino.com.ar\/df\/protocolo-de-intervencion-institucional-por-violencia-de-genero-acoso-sexual-y-discriminacion-de-genero\/#breadcrumb","itemListElement":[{"@type":"ListItem","position":1,"name":"Portada","item":"https:\/\/diariofemenino.com.ar\/df\/"},{"@type":"ListItem","position":2,"name":"Protocolo de intervenci\u00f3n Institucional por violencia de g\u00e9nero, acoso sexual y discriminaci\u00f3n de g\u00e9nero"}]},{"@type":"WebSite","@id":"https:\/\/diariofemenino.com.ar\/df\/#website","url":"https:\/\/diariofemenino.com.ar\/df\/","name":"Diario Digital Femenino","description":"Cuesti\u00f3n de G\u00e9nero","publisher":{"@id":"https:\/\/diariofemenino.com.ar\/df\/#organization"},"potentialAction":[{"@type":"SearchAction","target":{"@type":"EntryPoint","urlTemplate":"https:\/\/diariofemenino.com.ar\/df\/?s={search_term_string}"},"query-input":{"@type":"PropertyValueSpecification","valueRequired":true,"valueName":"search_term_string"}}],"inLanguage":"es"},{"@type":"Organization","@id":"https:\/\/diariofemenino.com.ar\/df\/#organization","name":"Diario Femenino","url":"https:\/\/diariofemenino.com.ar\/df\/","logo":{"@type":"ImageObject","inLanguage":"es","@id":"https:\/\/diariofemenino.com.ar\/df\/#\/schema\/logo\/image\/","url":"https:\/\/diariofemenino.com.ar\/df\/wp-content\/uploads\/2018\/10\/logo.png","contentUrl":"https:\/\/diariofemenino.com.ar\/df\/wp-content\/uploads\/2018\/10\/logo.png","width":500,"height":92,"caption":"Diario Femenino"},"image":{"@id":"https:\/\/diariofemenino.com.ar\/df\/#\/schema\/logo\/image\/"},"sameAs":["https:\/\/www.facebook.com\/DiarioDigitaFemenino\/","https:\/\/x.com\/DiarioFemenino1"]},{"@type":"Person","@id":"https:\/\/diariofemenino.com.ar\/df\/#\/schema\/person\/38f54b3bfd13f561de2460ba95c169c6","name":"Admin","image":{"@type":"ImageObject","inLanguage":"es","@id":"https:\/\/diariofemenino.com.ar\/df\/wp-content\/uploads\/2018\/12\/favicon-150x150.jpg","url":"https:\/\/diariofemenino.com.ar\/df\/wp-content\/uploads\/2018\/12\/favicon-150x150.jpg","contentUrl":"https:\/\/diariofemenino.com.ar\/df\/wp-content\/uploads\/2018\/12\/favicon-150x150.jpg","caption":"Admin"},"url":"https:\/\/diariofemenino.com.ar\/df\/author\/adm18df\/"}]}},"jetpack_featured_media_url":"","jetpack_sharing_enabled":true,"rttpg_featured_image_url":null,"rttpg_author":{"display_name":"Admin","author_link":"https:\/\/diariofemenino.com.ar\/df\/author\/adm18df\/"},"rttpg_comment":0,"rttpg_category":"<a href=\"https:\/\/diariofemenino.com.ar\/df\/category\/actividades\/\" rel=\"category tag\">Actividades<\/a> <a href=\"https:\/\/diariofemenino.com.ar\/df\/category\/de-esi-si-se-habla\/\" rel=\"category tag\">De ESI S\u00ed Se Habla<\/a>","rttpg_excerpt":"La agrupaci\u00f3n universitaria Frente Estudiantil Popular (FEP), en conjunto con la Colectiva Feminista Mala Junta, presentaron al Consejo Superior de la Universidad Nacional de La Pampa un \u201cProtocolo de intervenci\u00f3n\u00a0Institucional\u00a0ante\u00a0denuncias\u00a0por\u00a0violencia\u00a0de\u00a0g\u00e9nero,\u00a0acoso\u00a0sexual\u00a0y\u00a0discriminaci\u00f3n\u00a0\u00a0\u00a0 de\u00a0g\u00e9nero\u201d. El proyecto fue presentado a trav\u00e9s de los consejeros estudiantiles de Universidad P\u00fablica (UP). El proyecto fue aprobado y se deriv\u00f3 a las comisiones&hellip;","_links":{"self":[{"href":"https:\/\/diariofemenino.com.ar\/df\/wp-json\/wp\/v2\/posts\/20311","targetHints":{"allow":["GET"]}}],"collection":[{"href":"https:\/\/diariofemenino.com.ar\/df\/wp-json\/wp\/v2\/posts"}],"about":[{"href":"https:\/\/diariofemenino.com.ar\/df\/wp-json\/wp\/v2\/types\/post"}],"author":[{"embeddable":true,"href":"https:\/\/diariofemenino.com.ar\/df\/wp-json\/wp\/v2\/users\/1"}],"replies":[{"embeddable":true,"href":"https:\/\/diariofemenino.com.ar\/df\/wp-json\/wp\/v2\/comments?post=20311"}],"version-history":[{"count":0,"href":"https:\/\/diariofemenino.com.ar\/df\/wp-json\/wp\/v2\/posts\/20311\/revisions"}],"wp:attachment":[{"href":"https:\/\/diariofemenino.com.ar\/df\/wp-json\/wp\/v2\/media?parent=20311"}],"wp:term":[{"taxonomy":"category","embeddable":true,"href":"https:\/\/diariofemenino.com.ar\/df\/wp-json\/wp\/v2\/categories?post=20311"},{"taxonomy":"post_tag","embeddable":true,"href":"https:\/\/diariofemenino.com.ar\/df\/wp-json\/wp\/v2\/tags?post=20311"}],"curies":[{"name":"wp","href":"https:\/\/api.w.org\/{rel}","templated":true}]}}