{"id":19068,"date":"2015-07-31T19:59:48","date_gmt":"2015-07-31T22:59:48","guid":{"rendered":"http:\/\/www.diariofemenino.com.ar\/?p=19068"},"modified":"2015-07-31T19:59:48","modified_gmt":"2015-07-31T22:59:48","slug":"reenfocar-el-maltrato-tiene-premio","status":"publish","type":"post","link":"https:\/\/diariofemenino.com.ar\/df\/reenfocar-el-maltrato-tiene-premio\/","title":{"rendered":"Reenfocar el maltrato tiene premio"},"content":{"rendered":"<p><span style=\"color: #000000;\"><em>\u00a0Cuatro estudiantes de Vitoria ganan el primer Concurso Nacional por la Igualdad y contra la Violencia de G\u00e9nero al reflejar en un v\u00eddeo c\u00f3mo una aparente normalidad puede ocultar un maltrato.\u00a0En su sugerente corto de dos minutos se percibe una llamada de atenci\u00f3n a la sociedad para que abra los ojos ante estos comportamientos violentos.<\/em><\/span><br \/>\n<figure id=\"attachment_19069\" aria-describedby=\"caption-attachment-19069\" style=\"width: 579px\" class=\"wp-caption alignnone\"><a href=\"http:\/\/www.diariofemenino.com.ar\/wp-content\/uploads\/ganadores-recibidos-Vitoria-Gasteiz-Ararteko-funciones_EDIIMA20150727_0299_4.jpg\"><img loading=\"lazy\" decoding=\"async\" class=\" wp-image-19069 \" alt=\"Reenfocar el maltrato tiene premio.Tres de los ganadores tras ser recibidos en Vitoria-Gasteiz por el Ararteko en funciones\" src=\"http:\/\/www.diariofemenino.com.ar\/wp-content\/uploads\/ganadores-recibidos-Vitoria-Gasteiz-Ararteko-funciones_EDIIMA20150727_0299_4.jpg\" width=\"579\" height=\"326\" \/><\/a><figcaption id=\"caption-attachment-19069\" class=\"wp-caption-text\">Reenfocar el maltrato tiene premio.Tres de los ganadores tras ser recibidos en Vitoria-Gasteiz por el Ararteko en funciones<\/figcaption><\/figure><br \/>\n<span style=\"color: #000000;\">La sutileza con que cuatro j\u00f3venes estudiantes de Vitoria han conseguido retratar el maltrato en un corto de solo dos minutos de duraci\u00f3n les ha hecho merecedores del primer galard\u00f3n del\u00a0Concurso Nacional por la Igualdad y contra la Violencia de G\u00e9nero. La cinta no deja indiferente a quien la ve pese a que muestra, casi hasta los \u00faltimos 30 segundos, escenas de aparente normalidad. El resto del metraje es el que desvela, que en contra de lo que parece, esas id\u00edlicas im\u00e1genes de una pareja pueden esconder otra realidad. Es entonces cuando la c\u00e1mara reenfoca para destapar comportamientos violentos ocultos.<\/span><br \/>\n<span style=\"color: #000000;\">Lo que vienen a contar estos j\u00f3venes y as\u00ed lo evidencia tambi\u00e9n el t\u00edtulo de su obra, \u00abAbre los ojos\u00bb, es que la sociedad, para acabar con la lacra de la violencia de g\u00e9nero, debe mostrarse dispuesta a verla, denunciarla y combatirla. \u00abPreferimos ver las cosas buenas. Eso no hace que las malas desaparezcan\u00bb, concluyen el proyecto audiovisual a modo de moraleja. \u00abQuer\u00edamos jugar con el espectador\u00bb, confiesa Mikel Hernando y esa pretensi\u00f3n se cumple con creces en la escueta pieza destacada por el jurado del concurso organizado por la Fundaci\u00f3n Mutua Madrile\u00f1a en el que han competido 187 trabajos. Los ganadores, estudiantes de audiovisual del\u00a0<a href=\"http:\/\/www.mendizabala.hezkuntza.net\/web\/guest\/actualidad\/articulos\/visualizador?p_p_id=KAIOAContenido_WAR_w24mContenidoWAR&amp;p_p_lifecycle=1&amp;p_p_state=normal&amp;_KAIOAContenido_WAR_w24mContenidoWAR_idArticulo=2753753&amp;_KAIOAContenido_WAR_w24mContenidoWAR_idPlantilla=ARTICULO_DETALLE\"><span style=\"color: #000000;\">\u00a0Instituto Mendizabala de Vitoria<\/span><\/a>\u00a0 recibir\u00e1n un cheque de 5.000 euros y el compromiso por parte de las empresas organizadoras de difundir la campa\u00f1a.<\/span><\/p>\n<div><span style=\"color: #000000;\"><strong><span style=\"font-size: 1.17em;\">Una jornada de grabaci\u00f3n<\/span><\/strong><\/span><\/div>\n<p><span style=\"color: #000000;\">Tres de los premiados han sido recibidos por l\u00a0a Ararteko en funciones Julia Hern\u00e1ndez y en ese encuentro han desvelado detalles sobre el rodaje. \u00abLa grabaci\u00f3n nos llevo solo un d\u00eda. El montaje ya fue m\u00e1s complicado. Y para elegir la canci\u00f3n necesitamos toda una semana\u00bb, relatan. Reconoc\u00edan que nunca antes hab\u00edan abordado una tem\u00e1tica tan delicada y que part\u00edan para hacerlo de una condici\u00f3n indispensable: plasmar el problema desde una \u00f3ptica diferente. \u00abNo quer\u00edamos recurrir a los t\u00f3picos de siempre ni tampoco tirar de im\u00e1genes crudas e impactantes de mujeres golpeadas. Prefer\u00edamos partir de un ejemplo de c\u00f3mo s\u00ed deben ser las relaciones. Y luego establecer ese doble juego que se ve en el v\u00eddeo\u00bb, explica Mikel Hernando. Tras la exitosa experiencia no descartan regresar a los temas sociales en sus futuros trabajos, que pretenden emprender juntos dado lo fruct\u00edfera que ha resultado su uni\u00f3n. Primero continuar\u00e1n su formaci\u00f3n en Madrid, a donde se trasladar\u00e1n en breve los cuatro para completar sus estudios.<\/span><br \/>\n<span style=\"color: #000000;\">Este acercamiento a la violencia dom\u00e9stica les ha permitido reflexionar de una forma m\u00e1s pausada sobre el fen\u00f3meno que lejos de disminuir aumenta entre los j\u00f3venes. \u00abEsta a la orden del d\u00eda. Nosotros lo vemos. Y m\u00e1s que entrometernos directamente, aconsejamos a las personas afectadas para hacerles ver esa realidad que se disfraza de normalidad\u00bb, ha confesado Janire Barneto, autora y una de las protagonistas de la cinta. Los tres coinciden, la educaci\u00f3n es primordial para combatir la violencia dom\u00e9stica, de g\u00e9nero o machista, pero a su juicio se equivocan los cauces para llegar a los estudiantes y prevenirla. \u00abLas charlas para sensibilizar sirven de poco. Los mensajes deben lanzarse en aquellos lugares donde nos movemos los j\u00f3venes, a trav\u00e9s de la redes sociales e Internet\u00bb. Por su parte Janire hace hincapi\u00e9 en los modelos femeninos que se venden a las adolescentes a trav\u00e9s de televisiones, revistas y publicidad. \u00abLo \u00fanico que se pide a las mujeres es que est\u00e9n mon\u00edsimas para triunfar entre los chicos. Nada de formaci\u00f3n intelectual, ni de valerte por t\u00ed misma. Solo cuenta el f\u00edsico. Eso no ayuda\u00bb, agrega Janire Barneto.<br \/>\n<\/span><span style=\"color: #000000;\">[box] \u00abPreferimos ver las cosas buenas. Eso no hace que las malas desaparezcan\u00bb[\/box] <\/span><br \/>\n<iframe loading=\"lazy\" src=\"http:\/\/widget.smartycenter.com\/webservice\/embed\/9771\/1312155\/643\/402\/0\/0\/0\" height=\"402\" width=\"643\" allowfullscreen=\"\" frameborder=\"0\" scrolling=\"no\"><\/iframe><br \/>\n&nbsp;<br \/>\n&nbsp;<br \/>\n&nbsp;<br \/>\n&nbsp;<br \/>\n&nbsp;<br \/>\n&nbsp;<br \/>\nFuente. Sonia Vaccaro &#8211; Red de Profesionales contra la Violencia de G\u00e9nero<br \/>\nElDiario.es<\/p>\n","protected":false},"excerpt":{"rendered":"<p>\u00a0Cuatro estudiantes de Vitoria ganan el primer Concurso Nacional por la Igualdad y contra la Violencia de G\u00e9nero al reflejar en un v\u00eddeo c\u00f3mo una aparente normalidad puede ocultar un maltrato.\u00a0En su sugerente corto de dos minutos se percibe una llamada de atenci\u00f3n a la sociedad para que abra los ojos ante estos comportamientos violentos. [&hellip;]<\/p>\n","protected":false},"author":1,"featured_media":0,"comment_status":"open","ping_status":"open","sticky":false,"template":"","format":"standard","meta":{"iawp_total_views":5,"footnotes":""},"categories":[3,4,13],"tags":[31,53,30,11,37,16],"class_list":["post-19068","post","type-post","status-publish","format-standard","hentry","category-de-la-revolucion-al-reaprendizaje","category-medios","category-mujeres-sindicalistas","tag-cine","tag-derechos-de-las-mujeres","tag-derechos-humanos","tag-educacion","tag-juventud","tag-violencia-de-genero"],"nelio_content":{"autoShareEndMode":"never","automationSources":{"useCustomSentences":false,"customSentences":[]},"efiAlt":"","efiUrl":"","followers":[],"highlights":[],"isAutoShareEnabled":true,"networkImageIds":[],"permalinkQueryArgs":[],"series":[],"suggestedReferences":[]},"yoast_head":"<!-- This site is optimized with the Yoast SEO plugin v27.5 - https:\/\/yoast.com\/product\/yoast-seo-wordpress\/ -->\n<title>Reenfocar el maltrato tiene premio - Diario Digital Femenino<\/title>\n<meta name=\"description\" content=\"Reenfocar el maltrato tiene premio. Cuatro estudiantes de Vitoria ganan el primer Concurso Nacional por la Igualdad y contra la Violencia de G\u00e9nero.\" \/>\n<meta name=\"robots\" content=\"index, follow, max-snippet:-1, max-image-preview:large, max-video-preview:-1\" \/>\n<link rel=\"canonical\" href=\"https:\/\/diariofemenino.com.ar\/df\/reenfocar-el-maltrato-tiene-premio\/\" \/>\n<meta property=\"og:locale\" content=\"es_ES\" \/>\n<meta property=\"og:type\" content=\"article\" \/>\n<meta property=\"og:title\" content=\"Reenfocar el maltrato tiene premio - Diario Digital Femenino\" \/>\n<meta property=\"og:description\" content=\"Reenfocar el maltrato tiene premio. Cuatro estudiantes de Vitoria ganan el primer Concurso Nacional por la Igualdad y contra la Violencia de G\u00e9nero.\" \/>\n<meta property=\"og:url\" content=\"https:\/\/diariofemenino.com.ar\/df\/reenfocar-el-maltrato-tiene-premio\/\" \/>\n<meta property=\"og:site_name\" content=\"Diario Digital Femenino\" \/>\n<meta property=\"article:publisher\" content=\"https:\/\/www.facebook.com\/DiarioDigitaFemenino\/\" \/>\n<meta property=\"article:published_time\" content=\"2015-07-31T22:59:48+00:00\" \/>\n<meta property=\"og:image\" content=\"http:\/\/www.diariofemenino.com.ar\/wp-content\/uploads\/ganadores-recibidos-Vitoria-Gasteiz-Ararteko-funciones_EDIIMA20150727_0299_4.jpg\" \/>\n<meta name=\"author\" content=\"Admin\" \/>\n<meta name=\"twitter:card\" content=\"summary_large_image\" \/>\n<meta name=\"twitter:creator\" content=\"@DiarioFemenino1\" \/>\n<meta name=\"twitter:site\" content=\"@DiarioFemenino1\" \/>\n<meta name=\"twitter:label1\" content=\"Escrito por\" \/>\n\t<meta name=\"twitter:data1\" content=\"Admin\" \/>\n\t<meta name=\"twitter:label2\" content=\"Tiempo de lectura\" \/>\n\t<meta name=\"twitter:data2\" content=\"4 minutos\" \/>\n<script type=\"application\/ld+json\" class=\"yoast-schema-graph\">{\"@context\":\"https:\\\/\\\/schema.org\",\"@graph\":[{\"@type\":\"Article\",\"@id\":\"https:\\\/\\\/diariofemenino.com.ar\\\/df\\\/reenfocar-el-maltrato-tiene-premio\\\/#article\",\"isPartOf\":{\"@id\":\"https:\\\/\\\/diariofemenino.com.ar\\\/df\\\/reenfocar-el-maltrato-tiene-premio\\\/\"},\"author\":{\"name\":\"Admin\",\"@id\":\"https:\\\/\\\/diariofemenino.com.ar\\\/df\\\/#\\\/schema\\\/person\\\/38f54b3bfd13f561de2460ba95c169c6\"},\"headline\":\"Reenfocar el maltrato tiene premio\",\"datePublished\":\"2015-07-31T22:59:48+00:00\",\"mainEntityOfPage\":{\"@id\":\"https:\\\/\\\/diariofemenino.com.ar\\\/df\\\/reenfocar-el-maltrato-tiene-premio\\\/\"},\"wordCount\":763,\"commentCount\":0,\"publisher\":{\"@id\":\"https:\\\/\\\/diariofemenino.com.ar\\\/df\\\/#organization\"},\"image\":{\"@id\":\"https:\\\/\\\/diariofemenino.com.ar\\\/df\\\/reenfocar-el-maltrato-tiene-premio\\\/#primaryimage\"},\"thumbnailUrl\":\"http:\\\/\\\/www.diariofemenino.com.ar\\\/wp-content\\\/uploads\\\/ganadores-recibidos-Vitoria-Gasteiz-Ararteko-funciones_EDIIMA20150727_0299_4.jpg\",\"keywords\":[\"Cine\",\"Derechos de las mujeres\",\"Derechos Humanos\",\"Educaci\u00f3n\",\"Juventud\",\"Violencia de g\u00e9nero\"],\"articleSection\":[\"De la Revoluci\u00f3n al Reaprendizaje\",\"Medios\",\"Mujeres Sindicalistas\"],\"inLanguage\":\"es\",\"potentialAction\":[{\"@type\":\"CommentAction\",\"name\":\"Comment\",\"target\":[\"https:\\\/\\\/diariofemenino.com.ar\\\/df\\\/reenfocar-el-maltrato-tiene-premio\\\/#respond\"]}]},{\"@type\":\"WebPage\",\"@id\":\"https:\\\/\\\/diariofemenino.com.ar\\\/df\\\/reenfocar-el-maltrato-tiene-premio\\\/\",\"url\":\"https:\\\/\\\/diariofemenino.com.ar\\\/df\\\/reenfocar-el-maltrato-tiene-premio\\\/\",\"name\":\"Reenfocar el maltrato tiene premio - Diario Digital Femenino\",\"isPartOf\":{\"@id\":\"https:\\\/\\\/diariofemenino.com.ar\\\/df\\\/#website\"},\"primaryImageOfPage\":{\"@id\":\"https:\\\/\\\/diariofemenino.com.ar\\\/df\\\/reenfocar-el-maltrato-tiene-premio\\\/#primaryimage\"},\"image\":{\"@id\":\"https:\\\/\\\/diariofemenino.com.ar\\\/df\\\/reenfocar-el-maltrato-tiene-premio\\\/#primaryimage\"},\"thumbnailUrl\":\"http:\\\/\\\/www.diariofemenino.com.ar\\\/wp-content\\\/uploads\\\/ganadores-recibidos-Vitoria-Gasteiz-Ararteko-funciones_EDIIMA20150727_0299_4.jpg\",\"datePublished\":\"2015-07-31T22:59:48+00:00\",\"description\":\"Reenfocar el maltrato tiene premio. Cuatro estudiantes de Vitoria ganan el primer Concurso Nacional por la Igualdad y contra la Violencia de G\u00e9nero.\",\"breadcrumb\":{\"@id\":\"https:\\\/\\\/diariofemenino.com.ar\\\/df\\\/reenfocar-el-maltrato-tiene-premio\\\/#breadcrumb\"},\"inLanguage\":\"es\",\"potentialAction\":[{\"@type\":\"ReadAction\",\"target\":[\"https:\\\/\\\/diariofemenino.com.ar\\\/df\\\/reenfocar-el-maltrato-tiene-premio\\\/\"]}]},{\"@type\":\"ImageObject\",\"inLanguage\":\"es\",\"@id\":\"https:\\\/\\\/diariofemenino.com.ar\\\/df\\\/reenfocar-el-maltrato-tiene-premio\\\/#primaryimage\",\"url\":\"http:\\\/\\\/www.diariofemenino.com.ar\\\/wp-content\\\/uploads\\\/ganadores-recibidos-Vitoria-Gasteiz-Ararteko-funciones_EDIIMA20150727_0299_4.jpg\",\"contentUrl\":\"http:\\\/\\\/www.diariofemenino.com.ar\\\/wp-content\\\/uploads\\\/ganadores-recibidos-Vitoria-Gasteiz-Ararteko-funciones_EDIIMA20150727_0299_4.jpg\"},{\"@type\":\"BreadcrumbList\",\"@id\":\"https:\\\/\\\/diariofemenino.com.ar\\\/df\\\/reenfocar-el-maltrato-tiene-premio\\\/#breadcrumb\",\"itemListElement\":[{\"@type\":\"ListItem\",\"position\":1,\"name\":\"Portada\",\"item\":\"https:\\\/\\\/diariofemenino.com.ar\\\/df\\\/\"},{\"@type\":\"ListItem\",\"position\":2,\"name\":\"Reenfocar el maltrato tiene premio\"}]},{\"@type\":\"WebSite\",\"@id\":\"https:\\\/\\\/diariofemenino.com.ar\\\/df\\\/#website\",\"url\":\"https:\\\/\\\/diariofemenino.com.ar\\\/df\\\/\",\"name\":\"Diario Digital Femenino\",\"description\":\"Cuesti\u00f3n de G\u00e9nero\",\"publisher\":{\"@id\":\"https:\\\/\\\/diariofemenino.com.ar\\\/df\\\/#organization\"},\"potentialAction\":[{\"@type\":\"SearchAction\",\"target\":{\"@type\":\"EntryPoint\",\"urlTemplate\":\"https:\\\/\\\/diariofemenino.com.ar\\\/df\\\/?s={search_term_string}\"},\"query-input\":{\"@type\":\"PropertyValueSpecification\",\"valueRequired\":true,\"valueName\":\"search_term_string\"}}],\"inLanguage\":\"es\"},{\"@type\":\"Organization\",\"@id\":\"https:\\\/\\\/diariofemenino.com.ar\\\/df\\\/#organization\",\"name\":\"Diario Femenino\",\"url\":\"https:\\\/\\\/diariofemenino.com.ar\\\/df\\\/\",\"logo\":{\"@type\":\"ImageObject\",\"inLanguage\":\"es\",\"@id\":\"https:\\\/\\\/diariofemenino.com.ar\\\/df\\\/#\\\/schema\\\/logo\\\/image\\\/\",\"url\":\"https:\\\/\\\/diariofemenino.com.ar\\\/df\\\/wp-content\\\/uploads\\\/2018\\\/10\\\/logo.png\",\"contentUrl\":\"https:\\\/\\\/diariofemenino.com.ar\\\/df\\\/wp-content\\\/uploads\\\/2018\\\/10\\\/logo.png\",\"width\":500,\"height\":92,\"caption\":\"Diario Femenino\"},\"image\":{\"@id\":\"https:\\\/\\\/diariofemenino.com.ar\\\/df\\\/#\\\/schema\\\/logo\\\/image\\\/\"},\"sameAs\":[\"https:\\\/\\\/www.facebook.com\\\/DiarioDigitaFemenino\\\/\",\"https:\\\/\\\/x.com\\\/DiarioFemenino1\"]},{\"@type\":\"Person\",\"@id\":\"https:\\\/\\\/diariofemenino.com.ar\\\/df\\\/#\\\/schema\\\/person\\\/38f54b3bfd13f561de2460ba95c169c6\",\"name\":\"Admin\",\"image\":{\"@type\":\"ImageObject\",\"inLanguage\":\"es\",\"@id\":\"https:\\\/\\\/diariofemenino.com.ar\\\/df\\\/wp-content\\\/uploads\\\/2018\\\/12\\\/favicon-150x150.jpg\",\"url\":\"https:\\\/\\\/diariofemenino.com.ar\\\/df\\\/wp-content\\\/uploads\\\/2018\\\/12\\\/favicon-150x150.jpg\",\"contentUrl\":\"https:\\\/\\\/diariofemenino.com.ar\\\/df\\\/wp-content\\\/uploads\\\/2018\\\/12\\\/favicon-150x150.jpg\",\"caption\":\"Admin\"},\"url\":\"https:\\\/\\\/diariofemenino.com.ar\\\/df\\\/author\\\/adm18df\\\/\"}]}<\/script>\n<!-- \/ Yoast SEO plugin. -->","yoast_head_json":{"title":"Reenfocar el maltrato tiene premio - Diario Digital Femenino","description":"Reenfocar el maltrato tiene premio. Cuatro estudiantes de Vitoria ganan el primer Concurso Nacional por la Igualdad y contra la Violencia de G\u00e9nero.","robots":{"index":"index","follow":"follow","max-snippet":"max-snippet:-1","max-image-preview":"max-image-preview:large","max-video-preview":"max-video-preview:-1"},"canonical":"https:\/\/diariofemenino.com.ar\/df\/reenfocar-el-maltrato-tiene-premio\/","og_locale":"es_ES","og_type":"article","og_title":"Reenfocar el maltrato tiene premio - Diario Digital Femenino","og_description":"Reenfocar el maltrato tiene premio. Cuatro estudiantes de Vitoria ganan el primer Concurso Nacional por la Igualdad y contra la Violencia de G\u00e9nero.","og_url":"https:\/\/diariofemenino.com.ar\/df\/reenfocar-el-maltrato-tiene-premio\/","og_site_name":"Diario Digital Femenino","article_publisher":"https:\/\/www.facebook.com\/DiarioDigitaFemenino\/","article_published_time":"2015-07-31T22:59:48+00:00","og_image":[{"url":"http:\/\/www.diariofemenino.com.ar\/wp-content\/uploads\/ganadores-recibidos-Vitoria-Gasteiz-Ararteko-funciones_EDIIMA20150727_0299_4.jpg","type":"","width":"","height":""}],"author":"Admin","twitter_card":"summary_large_image","twitter_creator":"@DiarioFemenino1","twitter_site":"@DiarioFemenino1","twitter_misc":{"Escrito por":"Admin","Tiempo de lectura":"4 minutos"},"schema":{"@context":"https:\/\/schema.org","@graph":[{"@type":"Article","@id":"https:\/\/diariofemenino.com.ar\/df\/reenfocar-el-maltrato-tiene-premio\/#article","isPartOf":{"@id":"https:\/\/diariofemenino.com.ar\/df\/reenfocar-el-maltrato-tiene-premio\/"},"author":{"name":"Admin","@id":"https:\/\/diariofemenino.com.ar\/df\/#\/schema\/person\/38f54b3bfd13f561de2460ba95c169c6"},"headline":"Reenfocar el maltrato tiene premio","datePublished":"2015-07-31T22:59:48+00:00","mainEntityOfPage":{"@id":"https:\/\/diariofemenino.com.ar\/df\/reenfocar-el-maltrato-tiene-premio\/"},"wordCount":763,"commentCount":0,"publisher":{"@id":"https:\/\/diariofemenino.com.ar\/df\/#organization"},"image":{"@id":"https:\/\/diariofemenino.com.ar\/df\/reenfocar-el-maltrato-tiene-premio\/#primaryimage"},"thumbnailUrl":"http:\/\/www.diariofemenino.com.ar\/wp-content\/uploads\/ganadores-recibidos-Vitoria-Gasteiz-Ararteko-funciones_EDIIMA20150727_0299_4.jpg","keywords":["Cine","Derechos de las mujeres","Derechos Humanos","Educaci\u00f3n","Juventud","Violencia de g\u00e9nero"],"articleSection":["De la Revoluci\u00f3n al Reaprendizaje","Medios","Mujeres Sindicalistas"],"inLanguage":"es","potentialAction":[{"@type":"CommentAction","name":"Comment","target":["https:\/\/diariofemenino.com.ar\/df\/reenfocar-el-maltrato-tiene-premio\/#respond"]}]},{"@type":"WebPage","@id":"https:\/\/diariofemenino.com.ar\/df\/reenfocar-el-maltrato-tiene-premio\/","url":"https:\/\/diariofemenino.com.ar\/df\/reenfocar-el-maltrato-tiene-premio\/","name":"Reenfocar el maltrato tiene premio - Diario Digital Femenino","isPartOf":{"@id":"https:\/\/diariofemenino.com.ar\/df\/#website"},"primaryImageOfPage":{"@id":"https:\/\/diariofemenino.com.ar\/df\/reenfocar-el-maltrato-tiene-premio\/#primaryimage"},"image":{"@id":"https:\/\/diariofemenino.com.ar\/df\/reenfocar-el-maltrato-tiene-premio\/#primaryimage"},"thumbnailUrl":"http:\/\/www.diariofemenino.com.ar\/wp-content\/uploads\/ganadores-recibidos-Vitoria-Gasteiz-Ararteko-funciones_EDIIMA20150727_0299_4.jpg","datePublished":"2015-07-31T22:59:48+00:00","description":"Reenfocar el maltrato tiene premio. Cuatro estudiantes de Vitoria ganan el primer Concurso Nacional por la Igualdad y contra la Violencia de G\u00e9nero.","breadcrumb":{"@id":"https:\/\/diariofemenino.com.ar\/df\/reenfocar-el-maltrato-tiene-premio\/#breadcrumb"},"inLanguage":"es","potentialAction":[{"@type":"ReadAction","target":["https:\/\/diariofemenino.com.ar\/df\/reenfocar-el-maltrato-tiene-premio\/"]}]},{"@type":"ImageObject","inLanguage":"es","@id":"https:\/\/diariofemenino.com.ar\/df\/reenfocar-el-maltrato-tiene-premio\/#primaryimage","url":"http:\/\/www.diariofemenino.com.ar\/wp-content\/uploads\/ganadores-recibidos-Vitoria-Gasteiz-Ararteko-funciones_EDIIMA20150727_0299_4.jpg","contentUrl":"http:\/\/www.diariofemenino.com.ar\/wp-content\/uploads\/ganadores-recibidos-Vitoria-Gasteiz-Ararteko-funciones_EDIIMA20150727_0299_4.jpg"},{"@type":"BreadcrumbList","@id":"https:\/\/diariofemenino.com.ar\/df\/reenfocar-el-maltrato-tiene-premio\/#breadcrumb","itemListElement":[{"@type":"ListItem","position":1,"name":"Portada","item":"https:\/\/diariofemenino.com.ar\/df\/"},{"@type":"ListItem","position":2,"name":"Reenfocar el maltrato tiene premio"}]},{"@type":"WebSite","@id":"https:\/\/diariofemenino.com.ar\/df\/#website","url":"https:\/\/diariofemenino.com.ar\/df\/","name":"Diario Digital Femenino","description":"Cuesti\u00f3n de G\u00e9nero","publisher":{"@id":"https:\/\/diariofemenino.com.ar\/df\/#organization"},"potentialAction":[{"@type":"SearchAction","target":{"@type":"EntryPoint","urlTemplate":"https:\/\/diariofemenino.com.ar\/df\/?s={search_term_string}"},"query-input":{"@type":"PropertyValueSpecification","valueRequired":true,"valueName":"search_term_string"}}],"inLanguage":"es"},{"@type":"Organization","@id":"https:\/\/diariofemenino.com.ar\/df\/#organization","name":"Diario Femenino","url":"https:\/\/diariofemenino.com.ar\/df\/","logo":{"@type":"ImageObject","inLanguage":"es","@id":"https:\/\/diariofemenino.com.ar\/df\/#\/schema\/logo\/image\/","url":"https:\/\/diariofemenino.com.ar\/df\/wp-content\/uploads\/2018\/10\/logo.png","contentUrl":"https:\/\/diariofemenino.com.ar\/df\/wp-content\/uploads\/2018\/10\/logo.png","width":500,"height":92,"caption":"Diario Femenino"},"image":{"@id":"https:\/\/diariofemenino.com.ar\/df\/#\/schema\/logo\/image\/"},"sameAs":["https:\/\/www.facebook.com\/DiarioDigitaFemenino\/","https:\/\/x.com\/DiarioFemenino1"]},{"@type":"Person","@id":"https:\/\/diariofemenino.com.ar\/df\/#\/schema\/person\/38f54b3bfd13f561de2460ba95c169c6","name":"Admin","image":{"@type":"ImageObject","inLanguage":"es","@id":"https:\/\/diariofemenino.com.ar\/df\/wp-content\/uploads\/2018\/12\/favicon-150x150.jpg","url":"https:\/\/diariofemenino.com.ar\/df\/wp-content\/uploads\/2018\/12\/favicon-150x150.jpg","contentUrl":"https:\/\/diariofemenino.com.ar\/df\/wp-content\/uploads\/2018\/12\/favicon-150x150.jpg","caption":"Admin"},"url":"https:\/\/diariofemenino.com.ar\/df\/author\/adm18df\/"}]}},"jetpack_featured_media_url":"","jetpack_sharing_enabled":true,"rttpg_featured_image_url":null,"rttpg_author":{"display_name":"Admin","author_link":"https:\/\/diariofemenino.com.ar\/df\/author\/adm18df\/"},"rttpg_comment":0,"rttpg_category":"<a href=\"https:\/\/diariofemenino.com.ar\/df\/category\/de-la-revolucion-al-reaprendizaje\/\" rel=\"category tag\">De la Revoluci\u00f3n al Reaprendizaje<\/a> <a href=\"https:\/\/diariofemenino.com.ar\/df\/category\/medios\/\" rel=\"category tag\">Medios<\/a> <a href=\"https:\/\/diariofemenino.com.ar\/df\/category\/mujeres-sindicalistas\/\" rel=\"category tag\">Mujeres Sindicalistas<\/a>","rttpg_excerpt":"\u00a0Cuatro estudiantes de Vitoria ganan el primer Concurso Nacional por la Igualdad y contra la Violencia de G\u00e9nero al reflejar en un v\u00eddeo c\u00f3mo una aparente normalidad puede ocultar un maltrato.\u00a0En su sugerente corto de dos minutos se percibe una llamada de atenci\u00f3n a la sociedad para que abra los ojos ante estos comportamientos violentos.&hellip;","_links":{"self":[{"href":"https:\/\/diariofemenino.com.ar\/df\/wp-json\/wp\/v2\/posts\/19068","targetHints":{"allow":["GET"]}}],"collection":[{"href":"https:\/\/diariofemenino.com.ar\/df\/wp-json\/wp\/v2\/posts"}],"about":[{"href":"https:\/\/diariofemenino.com.ar\/df\/wp-json\/wp\/v2\/types\/post"}],"author":[{"embeddable":true,"href":"https:\/\/diariofemenino.com.ar\/df\/wp-json\/wp\/v2\/users\/1"}],"replies":[{"embeddable":true,"href":"https:\/\/diariofemenino.com.ar\/df\/wp-json\/wp\/v2\/comments?post=19068"}],"version-history":[{"count":0,"href":"https:\/\/diariofemenino.com.ar\/df\/wp-json\/wp\/v2\/posts\/19068\/revisions"}],"wp:attachment":[{"href":"https:\/\/diariofemenino.com.ar\/df\/wp-json\/wp\/v2\/media?parent=19068"}],"wp:term":[{"taxonomy":"category","embeddable":true,"href":"https:\/\/diariofemenino.com.ar\/df\/wp-json\/wp\/v2\/categories?post=19068"},{"taxonomy":"post_tag","embeddable":true,"href":"https:\/\/diariofemenino.com.ar\/df\/wp-json\/wp\/v2\/tags?post=19068"}],"curies":[{"name":"wp","href":"https:\/\/api.w.org\/{rel}","templated":true}]}}