{"id":19063,"date":"2015-07-30T18:51:48","date_gmt":"2015-07-30T21:51:48","guid":{"rendered":"http:\/\/www.diariofemenino.com.ar\/?p=19063"},"modified":"2015-07-30T18:51:48","modified_gmt":"2015-07-30T21:51:48","slug":"los-territorios-de-la-trata-prostibulos-talleres-y-bunkers","status":"publish","type":"post","link":"https:\/\/diariofemenino.com.ar\/df\/los-territorios-de-la-trata-prostibulos-talleres-y-bunkers\/","title":{"rendered":"Los territorios de la trata: prost\u00edbulos, talleres y bunkers"},"content":{"rendered":"<p><span style=\"color: #000000;\">En una resoluci\u00f3n in\u00e9dita la Justicia Federal rosarina proces\u00f3 a cuatro personas por narcotr\u00e1fico y trata de personas. Las v\u00edctimas eran dos hermanos que lograron escapar de un b\u00fanker en 2011. Zaida Gatti, titular del Programa Nacional de Rescate y Acompa\u00f1amiento a las Personas Damnificadas por el Delito de Trata, habl\u00f3 sobre la situaci\u00f3n de vulnerabilidad de los denominados \u201csoldaditos\u201d del negocio narco.<\/span><br \/>\n<figure id=\"attachment_19064\" aria-describedby=\"caption-attachment-19064\" style=\"width: 551px\" class=\"wp-caption alignnone\"><a href=\"http:\/\/www.diariofemenino.com.ar\/wp-content\/uploads\/ZaidaGatti.jpg\"><img loading=\"lazy\" decoding=\"async\" class=\"size-full wp-image-19064\" alt=\"Los territorios de la trata: prost\u00edbulos, talleres y bunkers Zaida Gatti, titular del Programa Nacional de Rescate y Acompa\u00f1amiento a las Personas Damnificadas por el Delito de Trata \" src=\"http:\/\/www.diariofemenino.com.ar\/wp-content\/uploads\/ZaidaGatti.jpg\" width=\"551\" height=\"367\" \/><\/a><figcaption id=\"caption-attachment-19064\" class=\"wp-caption-text\">Los territorios de la trata: prost\u00edbulos, talleres y bunkers<br \/>Zaida Gatti, titular del Programa Nacional de Rescate y Acompa\u00f1amiento a las Personas Damnificadas por el Delito de Trata<\/figcaption><\/figure><br \/>\nPor: <strong>Mar\u00eda Florencia Alcaraz y Sebasti\u00e1n Ortega<\/strong><br \/>\n<span style=\"color: #000000;\">A trav\u00e9s de un peque\u00f1o agujero en la pared entregan bolsas de coca\u00edna y marihuana. Est\u00e1n encerrados entre cuatro paredes reforzadas en b\u00fankeres de dos por dos. Cumplen turnos de 12, 24 y hasta 48 horas. La mayor\u00eda tienen entre 16 y 24 a\u00f1os, pero tambi\u00e9n hay nenes m\u00e1s chicos. Los medios los llaman \u201csoldaditos\u201d, para la Justicia son victimarios. Sin embargo, una tercera posici\u00f3n los ubica en el lugar de v\u00edctimas. \u201cEst\u00e1n en una situaci\u00f3n de vulnerabilidad. Decimos que son v\u00edctimas porque estamos comprendiendo todo su entorno\u201d, dijo Zaida Gatti, titular del Programa Nacional de Rescate y Acompa\u00f1amiento a las Personas Damnificadas por el Delito de Trata del Ministerio de Justicia y Derechos Humanos de la Naci\u00f3n.<\/span><br \/>\n<span style=\"color: #000000;\">Prost\u00edbulos, campos yerbateros y talleres textiles. Desde la promulgaci\u00f3n de la ley 26.364 para la Prevenci\u00f3n y Sanci\u00f3n de la Trata de Personas y Asistencia a sus V\u00edctimas en abril de 2008, el Programa rescat\u00f3 8696 personas que eran explotadas en esos lugares. Sin embargo, solo en una oportunidad el equipo de psic\u00f3logas y trabajadoras sociales visit\u00f3 un b\u00fanker de drogas. En 2011, un juzgado federal rosarino las convoc\u00f3 para participar de un allanamiento en el que hab\u00eda ni\u00f1os de entre 8 y 10 \u00a0a\u00f1os que eran encerrados en casillas y obligados a vender drogas por una ventanita. No recib\u00edan m\u00e1s que agua durante todo el d\u00eda. Cuando llegaron los efectivos de la Polic\u00eda de Seguridad Aeroportuaria, el b\u00fanker estaba vac\u00edo. La polic\u00eda provincial ya hab\u00eda estado ah\u00ed la noche anterior.<\/span><br \/>\n<span style=\"color: #000000;\">Hace dos semanas, en una resoluci\u00f3n in\u00e9dita, el titular del Juzgado Federal 3 de Rosario, Carlos Vera Barros, proces\u00f3 a cuatro personas por narcotr\u00e1fico y trata de personas con fines de reducci\u00f3n a la servidumbre. Las v\u00edctimas eran dos hermanos que lograron escapar en 2011 y contaron que los encerraron en un b\u00fanker y los obligaban a vender marihuana y coca\u00edna en turnos de 12,24 y 48 horas en un espacio de dos por dos metros, sin comida, ni ba\u00f1o.<strong>Infojus Noticias<\/strong>\u00a0dialog\u00f3 con miembros del Programa Nacional de Rescate: su directora, Zaida Gatti; Cristian Encinas, Coordinador del \u00a0Equipo Jur\u00eddico del Programa y Vanesa Lorenzetti, coordinadora del Equipo T\u00e9cnico<\/span><br \/>\n<span style=\"color: #000000;\">\u00a0\u2013<strong>\u00bfCu\u00e1les son los indicadores para considerar que una persona es v\u00edctima de trata?<\/strong><\/span><br \/>\n<span style=\"color: #000000;\"><strong>-Zaida Gatti:<\/strong>Los que marca la ley. La captaci\u00f3n de la v\u00edctima, el modo en que fue captada, el lugar, lo que le ofrecieron, c\u00f3mo llegaron a ese lugar, el modo en el que fue trasladada: si fue sola o con otras v\u00edctimas, cu\u00e1l fue el medio de transporte, la documentaci\u00f3n, qui\u00e9n pag\u00f3 ese pasaje. Y despu\u00e9s qu\u00e9 pas\u00f3 en el lugar de explotaci\u00f3n. Las v\u00edctimas llegan no saben que es un prost\u00edbulo y cuando se quieren ir les dicen que tienen que pagar la deuda. Empiezan a ejercer la prostituci\u00f3n para pagar la deuda. Eso ya es un indicador claro de la explotaci\u00f3n. No es necesario que sea consumada. La situaci\u00f3n de vulnerabilidad de la persona es un factor determinante. Esto es la situaci\u00f3n previa al momento de la explotaci\u00f3n.<\/span><br \/>\n<span style=\"color: #000000;\"><strong>\u2014Los j\u00f3venes que est\u00e1n en b\u00fankers vendiendo drogas, \u00bfpueden ser considerados v\u00edctimas por la situaci\u00f3n de vulnerabilidad que atraviesan?<\/strong><\/span><br \/>\n<span style=\"color: #000000;\"><strong>-Z.G.:<\/strong>Los chicos est\u00e1n en lugares con puertas selladas y en las peores condiciones de vivienda, sin un lugar donde hacer sus necesidades, algunos ni siquiera comen. Todo el tiempo est\u00e1n vendiendo para que otro se lleve el dinero. Son v\u00edctimas de trata m\u00e1s all\u00e1 de que no hay traslado porque viven en el mismo barrio en el que son explotados. Son v\u00edctimas porque hay una situaci\u00f3n de vulnerabilidad: est\u00e1n en situaci\u00f3n de pobreza, no tienen una familia que vaya a contenerlos, las propias familias a veces los ofrecen porque creen que van a conseguir un dinero. Para ellos no es una situaci\u00f3n totalmente ilegal, es una situaci\u00f3n marginal. No saben qu\u00e9 significa a niveles penales las consecuencias. Adem\u00e1s, est\u00e1n amenazados o coaccionados. Esa amenaza es siempre contra su entorno, saben d\u00f3nde est\u00e1 la familia.<\/span><br \/>\n<span style=\"color: #000000;\"><strong>\u2014En el caso de que los chicos hayan aceptado entrar al negocio<\/strong><\/span><br \/>\n<span style=\"color: #000000;\"><strong>-Z.G.:<\/strong>No hay consentimiento de la v\u00edctima. Solamente con que se cumpla uno de los elementos t\u00edpicos de la ley es suficiente. Por ejemplo, la captaci\u00f3n ya es suficiente para configurar el delito y el aprovechamiento de la situaci\u00f3n de vulnerabilidad es un agravante. Si lo rescatan mientras lo est\u00e1n llevando de su casa a la casilla donde va a vender drogas, igual est\u00e1 considerado una v\u00edctima. El fin \u00faltimo es la explotaci\u00f3n. En estos casos, trabajan con su aparato ps\u00edquico de tal modo que los chicos piensan que pueden escalar en la cadena. Tuvimos casos de trata en venta ambulante en las que convenc\u00edan a las v\u00edctimas que se trataba de una cooperativa. Le daban la plata a su explotador porque pensaban que iban a ganar todos. Estos chicos es la \u00fanica posibilidad de sentirte poderoso, de tener un reconocimiento. Y este es un reconocimiento para ellos. \u00bfQu\u00e9 valor tiene la vida para ellos mismos? \u00a0Cero, porque nadie les ense\u00f1\u00f3 para quien vale. Si mi vida misma no vale nada, porque tiene que valer tu vida para m\u00ed. Todas las vidas dan lo mismo para ellos. La \u00fanica vida que tiene un valor para ellos es la madre. Buscan un reconocimiento.<\/span><br \/>\n<span style=\"color: #000000;\"><strong>-Cristian Encinas:\u00a0<\/strong>El consentimiento est\u00e1 totalmente viciado por el contexto en la que vive, la instrucci\u00f3n acad\u00e9mica. Ese ni\u00f1o se siente empoderado con un arma, porque vende drogas, y la red de narcotr\u00e1fico est\u00e1 aprovech\u00e1ndose de esa situaci\u00f3n.<\/span><br \/>\n<span style=\"color: #000000;\"><strong>-Vanesa Lorenzetti:<\/strong>El reconocimiento est\u00e1 subinvertido. Es m\u00e1s capo y reconocido quien escala dentro de la organizaci\u00f3n. Caen en esa trampa. Se arma un microcircuito de valores que no son los valores sociales convencionales.<\/span><br \/>\n<span style=\"color: #000000;\">En algunos casos de trata sexual, nos pasa que la Justicia no considera v\u00edctimas a las encargadas porque la organizaci\u00f3n las hace jugar un rol. No son parte de la cadena y muchas de ellas son v\u00edctimas. Entonces es un hilo muy delgado para la Justicia imputarla o no.<\/span><br \/>\n<span style=\"color: #000000;\"><strong>\u2014El procesamiento de hace dos semanas en Rosario fue in\u00e9dito. Desde que est\u00e1 en vigencia la ley no se hab\u00eda considerado como v\u00edctimas a los vendedores de droga que est\u00e1n en los bunkers. Parece que el Poder Judicial se resiste a verlos como tales.<\/strong><\/span><br \/>\n<span style=\"color: #000000;\"><strong>-Z.G.:<\/strong>El prejuicio del Poder Judicial y de la polic\u00eda no los hace ver como v\u00edctimas. Nosotros decimos que son v\u00edctimas porque estamos comprendiendo todo su entorno. Es una discriminaci\u00f3n que ya est\u00e1 internalizada. Es muy dif\u00edcil encasillarlos en el lugar de v\u00edctima.<\/span><br \/>\n<span style=\"color: #000000;\"><strong>\u2014En las investigaciones \u00bfQu\u00e9 cambia al considerarlos v\u00edctimas?<\/strong><\/span><br \/>\n<span style=\"color: #000000;\"><strong>-Z.G.:<\/strong>Obliga a investigar de verdad, investigar a la red. Llevarte a los chicos de los bunkers como responsables del delito ni rasgu\u00f1a el negocio. El Poder Judicial tiene que llegar a la cabeza m\u00e1xima. No hay un compromiso para hacer avanzar estas investigaciones porque hay demasiados inter\u00e9s econ\u00f3micos en el medio. Todav\u00eda estamos a\u00f1os luz a que se cambie la mirada sobre las v\u00edctimas. Todav\u00eda siguen considerando prostitutas a las v\u00edctimas de explotaci\u00f3n sexual y a los pibes de doce a\u00f1os que venden responsables del negocio.<\/span><br \/>\n<span style=\"color: #000000;\">\u00a0<\/span><br \/>\n&nbsp;<br \/>\n&nbsp;<br \/>\n&nbsp;<br \/>\n<span style=\"color: #000000;\">Fuente: Infojus Noticias<br \/>\nFoto: Leo Vaca<\/span><\/p>\n","protected":false},"excerpt":{"rendered":"<p>En una resoluci\u00f3n in\u00e9dita la Justicia Federal rosarina proces\u00f3 a cuatro personas por narcotr\u00e1fico y trata de personas. Las v\u00edctimas eran dos hermanos que lograron escapar de un b\u00fanker en 2011. Zaida Gatti, titular del Programa Nacional de Rescate y Acompa\u00f1amiento a las Personas Damnificadas por el Delito de Trata, habl\u00f3 sobre la situaci\u00f3n de [&hellip;]<\/p>\n","protected":false},"author":1,"featured_media":0,"comment_status":"open","ping_status":"open","sticky":false,"template":"","format":"standard","meta":{"iawp_total_views":1,"footnotes":""},"categories":[3,8,4,15],"tags":[30,52,28,16,36],"class_list":["post-19063","post","type-post","status-publish","format-standard","hentry","category-de-la-revolucion-al-reaprendizaje","category-entrevistas","category-medios","category-trata-de-personas","tag-derechos-humanos","tag-explotacion-sexual","tag-periodismo","tag-violencia-de-genero","tag-violencia-sexual"],"nelio_content":{"autoShareEndMode":"never","automationSources":{"useCustomSentences":false,"customSentences":[]},"efiAlt":"","efiUrl":"","followers":[],"highlights":[],"isAutoShareEnabled":true,"networkImageIds":[],"permalinkQueryArgs":[],"series":[],"suggestedReferences":[]},"yoast_head":"<!-- This site is optimized with the Yoast SEO plugin v27.4 - https:\/\/yoast.com\/product\/yoast-seo-wordpress\/ -->\n<title>Los territorios de la trata: prost\u00edbulos, talleres y bunkers - Diario Digital Femenino<\/title>\n<meta name=\"description\" content=\"Los territorios de la trata. Entrevista a Zaida Gatti, del Programa Nacional de Rescate y Acompa\u00f1amiento a las Personas Damnificadas por el Delito de Trata\" \/>\n<meta name=\"robots\" content=\"index, follow, max-snippet:-1, max-image-preview:large, max-video-preview:-1\" \/>\n<link rel=\"canonical\" href=\"https:\/\/diariofemenino.com.ar\/df\/los-territorios-de-la-trata-prostibulos-talleres-y-bunkers\/\" \/>\n<meta property=\"og:locale\" content=\"es_ES\" \/>\n<meta property=\"og:type\" content=\"article\" \/>\n<meta property=\"og:title\" content=\"Los territorios de la trata: prost\u00edbulos, talleres y bunkers - Diario Digital Femenino\" \/>\n<meta property=\"og:description\" content=\"Los territorios de la trata. Entrevista a Zaida Gatti, del Programa Nacional de Rescate y Acompa\u00f1amiento a las Personas Damnificadas por el Delito de Trata\" \/>\n<meta property=\"og:url\" content=\"https:\/\/diariofemenino.com.ar\/df\/los-territorios-de-la-trata-prostibulos-talleres-y-bunkers\/\" \/>\n<meta property=\"og:site_name\" content=\"Diario Digital Femenino\" \/>\n<meta property=\"article:publisher\" content=\"https:\/\/www.facebook.com\/DiarioDigitaFemenino\/\" \/>\n<meta property=\"article:published_time\" content=\"2015-07-30T21:51:48+00:00\" \/>\n<meta property=\"og:image\" content=\"http:\/\/www.diariofemenino.com.ar\/wp-content\/uploads\/ZaidaGatti.jpg\" \/>\n<meta name=\"author\" content=\"Admin\" \/>\n<meta name=\"twitter:card\" content=\"summary_large_image\" \/>\n<meta name=\"twitter:creator\" content=\"@DiarioFemenino1\" \/>\n<meta name=\"twitter:site\" content=\"@DiarioFemenino1\" \/>\n<meta name=\"twitter:label1\" content=\"Escrito por\" \/>\n\t<meta name=\"twitter:data1\" content=\"Admin\" \/>\n\t<meta name=\"twitter:label2\" content=\"Tiempo de lectura\" \/>\n\t<meta name=\"twitter:data2\" content=\"7 minutos\" \/>\n<script type=\"application\/ld+json\" class=\"yoast-schema-graph\">{\"@context\":\"https:\\\/\\\/schema.org\",\"@graph\":[{\"@type\":\"Article\",\"@id\":\"https:\\\/\\\/diariofemenino.com.ar\\\/df\\\/los-territorios-de-la-trata-prostibulos-talleres-y-bunkers\\\/#article\",\"isPartOf\":{\"@id\":\"https:\\\/\\\/diariofemenino.com.ar\\\/df\\\/los-territorios-de-la-trata-prostibulos-talleres-y-bunkers\\\/\"},\"author\":{\"name\":\"Admin\",\"@id\":\"https:\\\/\\\/diariofemenino.com.ar\\\/df\\\/#\\\/schema\\\/person\\\/38f54b3bfd13f561de2460ba95c169c6\"},\"headline\":\"Los territorios de la trata: prost\u00edbulos, talleres y bunkers\",\"datePublished\":\"2015-07-30T21:51:48+00:00\",\"mainEntityOfPage\":{\"@id\":\"https:\\\/\\\/diariofemenino.com.ar\\\/df\\\/los-territorios-de-la-trata-prostibulos-talleres-y-bunkers\\\/\"},\"wordCount\":1418,\"commentCount\":0,\"publisher\":{\"@id\":\"https:\\\/\\\/diariofemenino.com.ar\\\/df\\\/#organization\"},\"image\":{\"@id\":\"https:\\\/\\\/diariofemenino.com.ar\\\/df\\\/los-territorios-de-la-trata-prostibulos-talleres-y-bunkers\\\/#primaryimage\"},\"thumbnailUrl\":\"http:\\\/\\\/www.diariofemenino.com.ar\\\/wp-content\\\/uploads\\\/ZaidaGatti.jpg\",\"keywords\":[\"Derechos Humanos\",\"Explotaci\u00f3n sexual\",\"Periodismo\",\"Violencia de g\u00e9nero\",\"Violencia Sexual\"],\"articleSection\":[\"De la Revoluci\u00f3n al Reaprendizaje\",\"Entrevistas\",\"Medios\",\"Trata de Pers.\"],\"inLanguage\":\"es\",\"potentialAction\":[{\"@type\":\"CommentAction\",\"name\":\"Comment\",\"target\":[\"https:\\\/\\\/diariofemenino.com.ar\\\/df\\\/los-territorios-de-la-trata-prostibulos-talleres-y-bunkers\\\/#respond\"]}]},{\"@type\":\"WebPage\",\"@id\":\"https:\\\/\\\/diariofemenino.com.ar\\\/df\\\/los-territorios-de-la-trata-prostibulos-talleres-y-bunkers\\\/\",\"url\":\"https:\\\/\\\/diariofemenino.com.ar\\\/df\\\/los-territorios-de-la-trata-prostibulos-talleres-y-bunkers\\\/\",\"name\":\"Los territorios de la trata: prost\u00edbulos, talleres y bunkers - Diario Digital Femenino\",\"isPartOf\":{\"@id\":\"https:\\\/\\\/diariofemenino.com.ar\\\/df\\\/#website\"},\"primaryImageOfPage\":{\"@id\":\"https:\\\/\\\/diariofemenino.com.ar\\\/df\\\/los-territorios-de-la-trata-prostibulos-talleres-y-bunkers\\\/#primaryimage\"},\"image\":{\"@id\":\"https:\\\/\\\/diariofemenino.com.ar\\\/df\\\/los-territorios-de-la-trata-prostibulos-talleres-y-bunkers\\\/#primaryimage\"},\"thumbnailUrl\":\"http:\\\/\\\/www.diariofemenino.com.ar\\\/wp-content\\\/uploads\\\/ZaidaGatti.jpg\",\"datePublished\":\"2015-07-30T21:51:48+00:00\",\"description\":\"Los territorios de la trata. Entrevista a Zaida Gatti, del Programa Nacional de Rescate y Acompa\u00f1amiento a las Personas Damnificadas por el Delito de Trata\",\"breadcrumb\":{\"@id\":\"https:\\\/\\\/diariofemenino.com.ar\\\/df\\\/los-territorios-de-la-trata-prostibulos-talleres-y-bunkers\\\/#breadcrumb\"},\"inLanguage\":\"es\",\"potentialAction\":[{\"@type\":\"ReadAction\",\"target\":[\"https:\\\/\\\/diariofemenino.com.ar\\\/df\\\/los-territorios-de-la-trata-prostibulos-talleres-y-bunkers\\\/\"]}]},{\"@type\":\"ImageObject\",\"inLanguage\":\"es\",\"@id\":\"https:\\\/\\\/diariofemenino.com.ar\\\/df\\\/los-territorios-de-la-trata-prostibulos-talleres-y-bunkers\\\/#primaryimage\",\"url\":\"http:\\\/\\\/www.diariofemenino.com.ar\\\/wp-content\\\/uploads\\\/ZaidaGatti.jpg\",\"contentUrl\":\"http:\\\/\\\/www.diariofemenino.com.ar\\\/wp-content\\\/uploads\\\/ZaidaGatti.jpg\"},{\"@type\":\"BreadcrumbList\",\"@id\":\"https:\\\/\\\/diariofemenino.com.ar\\\/df\\\/los-territorios-de-la-trata-prostibulos-talleres-y-bunkers\\\/#breadcrumb\",\"itemListElement\":[{\"@type\":\"ListItem\",\"position\":1,\"name\":\"Portada\",\"item\":\"https:\\\/\\\/diariofemenino.com.ar\\\/df\\\/\"},{\"@type\":\"ListItem\",\"position\":2,\"name\":\"Los territorios de la trata: prost\u00edbulos, talleres y bunkers\"}]},{\"@type\":\"WebSite\",\"@id\":\"https:\\\/\\\/diariofemenino.com.ar\\\/df\\\/#website\",\"url\":\"https:\\\/\\\/diariofemenino.com.ar\\\/df\\\/\",\"name\":\"Diario Digital Femenino\",\"description\":\"Cuesti\u00f3n de G\u00e9nero\",\"publisher\":{\"@id\":\"https:\\\/\\\/diariofemenino.com.ar\\\/df\\\/#organization\"},\"potentialAction\":[{\"@type\":\"SearchAction\",\"target\":{\"@type\":\"EntryPoint\",\"urlTemplate\":\"https:\\\/\\\/diariofemenino.com.ar\\\/df\\\/?s={search_term_string}\"},\"query-input\":{\"@type\":\"PropertyValueSpecification\",\"valueRequired\":true,\"valueName\":\"search_term_string\"}}],\"inLanguage\":\"es\"},{\"@type\":\"Organization\",\"@id\":\"https:\\\/\\\/diariofemenino.com.ar\\\/df\\\/#organization\",\"name\":\"Diario Femenino\",\"url\":\"https:\\\/\\\/diariofemenino.com.ar\\\/df\\\/\",\"logo\":{\"@type\":\"ImageObject\",\"inLanguage\":\"es\",\"@id\":\"https:\\\/\\\/diariofemenino.com.ar\\\/df\\\/#\\\/schema\\\/logo\\\/image\\\/\",\"url\":\"https:\\\/\\\/diariofemenino.com.ar\\\/df\\\/wp-content\\\/uploads\\\/2018\\\/10\\\/logo.png\",\"contentUrl\":\"https:\\\/\\\/diariofemenino.com.ar\\\/df\\\/wp-content\\\/uploads\\\/2018\\\/10\\\/logo.png\",\"width\":500,\"height\":92,\"caption\":\"Diario Femenino\"},\"image\":{\"@id\":\"https:\\\/\\\/diariofemenino.com.ar\\\/df\\\/#\\\/schema\\\/logo\\\/image\\\/\"},\"sameAs\":[\"https:\\\/\\\/www.facebook.com\\\/DiarioDigitaFemenino\\\/\",\"https:\\\/\\\/x.com\\\/DiarioFemenino1\"]},{\"@type\":\"Person\",\"@id\":\"https:\\\/\\\/diariofemenino.com.ar\\\/df\\\/#\\\/schema\\\/person\\\/38f54b3bfd13f561de2460ba95c169c6\",\"name\":\"Admin\",\"image\":{\"@type\":\"ImageObject\",\"inLanguage\":\"es\",\"@id\":\"https:\\\/\\\/diariofemenino.com.ar\\\/df\\\/wp-content\\\/uploads\\\/2018\\\/12\\\/favicon-150x150.jpg\",\"url\":\"https:\\\/\\\/diariofemenino.com.ar\\\/df\\\/wp-content\\\/uploads\\\/2018\\\/12\\\/favicon-150x150.jpg\",\"contentUrl\":\"https:\\\/\\\/diariofemenino.com.ar\\\/df\\\/wp-content\\\/uploads\\\/2018\\\/12\\\/favicon-150x150.jpg\",\"caption\":\"Admin\"},\"url\":\"https:\\\/\\\/diariofemenino.com.ar\\\/df\\\/author\\\/adm18df\\\/\"}]}<\/script>\n<!-- \/ Yoast SEO plugin. -->","yoast_head_json":{"title":"Los territorios de la trata: prost\u00edbulos, talleres y bunkers - Diario Digital Femenino","description":"Los territorios de la trata. Entrevista a Zaida Gatti, del Programa Nacional de Rescate y Acompa\u00f1amiento a las Personas Damnificadas por el Delito de Trata","robots":{"index":"index","follow":"follow","max-snippet":"max-snippet:-1","max-image-preview":"max-image-preview:large","max-video-preview":"max-video-preview:-1"},"canonical":"https:\/\/diariofemenino.com.ar\/df\/los-territorios-de-la-trata-prostibulos-talleres-y-bunkers\/","og_locale":"es_ES","og_type":"article","og_title":"Los territorios de la trata: prost\u00edbulos, talleres y bunkers - Diario Digital Femenino","og_description":"Los territorios de la trata. Entrevista a Zaida Gatti, del Programa Nacional de Rescate y Acompa\u00f1amiento a las Personas Damnificadas por el Delito de Trata","og_url":"https:\/\/diariofemenino.com.ar\/df\/los-territorios-de-la-trata-prostibulos-talleres-y-bunkers\/","og_site_name":"Diario Digital Femenino","article_publisher":"https:\/\/www.facebook.com\/DiarioDigitaFemenino\/","article_published_time":"2015-07-30T21:51:48+00:00","og_image":[{"url":"http:\/\/www.diariofemenino.com.ar\/wp-content\/uploads\/ZaidaGatti.jpg","type":"","width":"","height":""}],"author":"Admin","twitter_card":"summary_large_image","twitter_creator":"@DiarioFemenino1","twitter_site":"@DiarioFemenino1","twitter_misc":{"Escrito por":"Admin","Tiempo de lectura":"7 minutos"},"schema":{"@context":"https:\/\/schema.org","@graph":[{"@type":"Article","@id":"https:\/\/diariofemenino.com.ar\/df\/los-territorios-de-la-trata-prostibulos-talleres-y-bunkers\/#article","isPartOf":{"@id":"https:\/\/diariofemenino.com.ar\/df\/los-territorios-de-la-trata-prostibulos-talleres-y-bunkers\/"},"author":{"name":"Admin","@id":"https:\/\/diariofemenino.com.ar\/df\/#\/schema\/person\/38f54b3bfd13f561de2460ba95c169c6"},"headline":"Los territorios de la trata: prost\u00edbulos, talleres y bunkers","datePublished":"2015-07-30T21:51:48+00:00","mainEntityOfPage":{"@id":"https:\/\/diariofemenino.com.ar\/df\/los-territorios-de-la-trata-prostibulos-talleres-y-bunkers\/"},"wordCount":1418,"commentCount":0,"publisher":{"@id":"https:\/\/diariofemenino.com.ar\/df\/#organization"},"image":{"@id":"https:\/\/diariofemenino.com.ar\/df\/los-territorios-de-la-trata-prostibulos-talleres-y-bunkers\/#primaryimage"},"thumbnailUrl":"http:\/\/www.diariofemenino.com.ar\/wp-content\/uploads\/ZaidaGatti.jpg","keywords":["Derechos Humanos","Explotaci\u00f3n sexual","Periodismo","Violencia de g\u00e9nero","Violencia Sexual"],"articleSection":["De la Revoluci\u00f3n al Reaprendizaje","Entrevistas","Medios","Trata de Pers."],"inLanguage":"es","potentialAction":[{"@type":"CommentAction","name":"Comment","target":["https:\/\/diariofemenino.com.ar\/df\/los-territorios-de-la-trata-prostibulos-talleres-y-bunkers\/#respond"]}]},{"@type":"WebPage","@id":"https:\/\/diariofemenino.com.ar\/df\/los-territorios-de-la-trata-prostibulos-talleres-y-bunkers\/","url":"https:\/\/diariofemenino.com.ar\/df\/los-territorios-de-la-trata-prostibulos-talleres-y-bunkers\/","name":"Los territorios de la trata: prost\u00edbulos, talleres y bunkers - Diario Digital Femenino","isPartOf":{"@id":"https:\/\/diariofemenino.com.ar\/df\/#website"},"primaryImageOfPage":{"@id":"https:\/\/diariofemenino.com.ar\/df\/los-territorios-de-la-trata-prostibulos-talleres-y-bunkers\/#primaryimage"},"image":{"@id":"https:\/\/diariofemenino.com.ar\/df\/los-territorios-de-la-trata-prostibulos-talleres-y-bunkers\/#primaryimage"},"thumbnailUrl":"http:\/\/www.diariofemenino.com.ar\/wp-content\/uploads\/ZaidaGatti.jpg","datePublished":"2015-07-30T21:51:48+00:00","description":"Los territorios de la trata. Entrevista a Zaida Gatti, del Programa Nacional de Rescate y Acompa\u00f1amiento a las Personas Damnificadas por el Delito de Trata","breadcrumb":{"@id":"https:\/\/diariofemenino.com.ar\/df\/los-territorios-de-la-trata-prostibulos-talleres-y-bunkers\/#breadcrumb"},"inLanguage":"es","potentialAction":[{"@type":"ReadAction","target":["https:\/\/diariofemenino.com.ar\/df\/los-territorios-de-la-trata-prostibulos-talleres-y-bunkers\/"]}]},{"@type":"ImageObject","inLanguage":"es","@id":"https:\/\/diariofemenino.com.ar\/df\/los-territorios-de-la-trata-prostibulos-talleres-y-bunkers\/#primaryimage","url":"http:\/\/www.diariofemenino.com.ar\/wp-content\/uploads\/ZaidaGatti.jpg","contentUrl":"http:\/\/www.diariofemenino.com.ar\/wp-content\/uploads\/ZaidaGatti.jpg"},{"@type":"BreadcrumbList","@id":"https:\/\/diariofemenino.com.ar\/df\/los-territorios-de-la-trata-prostibulos-talleres-y-bunkers\/#breadcrumb","itemListElement":[{"@type":"ListItem","position":1,"name":"Portada","item":"https:\/\/diariofemenino.com.ar\/df\/"},{"@type":"ListItem","position":2,"name":"Los territorios de la trata: prost\u00edbulos, talleres y bunkers"}]},{"@type":"WebSite","@id":"https:\/\/diariofemenino.com.ar\/df\/#website","url":"https:\/\/diariofemenino.com.ar\/df\/","name":"Diario Digital Femenino","description":"Cuesti\u00f3n de G\u00e9nero","publisher":{"@id":"https:\/\/diariofemenino.com.ar\/df\/#organization"},"potentialAction":[{"@type":"SearchAction","target":{"@type":"EntryPoint","urlTemplate":"https:\/\/diariofemenino.com.ar\/df\/?s={search_term_string}"},"query-input":{"@type":"PropertyValueSpecification","valueRequired":true,"valueName":"search_term_string"}}],"inLanguage":"es"},{"@type":"Organization","@id":"https:\/\/diariofemenino.com.ar\/df\/#organization","name":"Diario Femenino","url":"https:\/\/diariofemenino.com.ar\/df\/","logo":{"@type":"ImageObject","inLanguage":"es","@id":"https:\/\/diariofemenino.com.ar\/df\/#\/schema\/logo\/image\/","url":"https:\/\/diariofemenino.com.ar\/df\/wp-content\/uploads\/2018\/10\/logo.png","contentUrl":"https:\/\/diariofemenino.com.ar\/df\/wp-content\/uploads\/2018\/10\/logo.png","width":500,"height":92,"caption":"Diario Femenino"},"image":{"@id":"https:\/\/diariofemenino.com.ar\/df\/#\/schema\/logo\/image\/"},"sameAs":["https:\/\/www.facebook.com\/DiarioDigitaFemenino\/","https:\/\/x.com\/DiarioFemenino1"]},{"@type":"Person","@id":"https:\/\/diariofemenino.com.ar\/df\/#\/schema\/person\/38f54b3bfd13f561de2460ba95c169c6","name":"Admin","image":{"@type":"ImageObject","inLanguage":"es","@id":"https:\/\/diariofemenino.com.ar\/df\/wp-content\/uploads\/2018\/12\/favicon-150x150.jpg","url":"https:\/\/diariofemenino.com.ar\/df\/wp-content\/uploads\/2018\/12\/favicon-150x150.jpg","contentUrl":"https:\/\/diariofemenino.com.ar\/df\/wp-content\/uploads\/2018\/12\/favicon-150x150.jpg","caption":"Admin"},"url":"https:\/\/diariofemenino.com.ar\/df\/author\/adm18df\/"}]}},"jetpack_featured_media_url":"","jetpack_sharing_enabled":true,"rttpg_featured_image_url":null,"rttpg_author":{"display_name":"Admin","author_link":"https:\/\/diariofemenino.com.ar\/df\/author\/adm18df\/"},"rttpg_comment":0,"rttpg_category":"<a href=\"https:\/\/diariofemenino.com.ar\/df\/category\/de-la-revolucion-al-reaprendizaje\/\" rel=\"category tag\">De la Revoluci\u00f3n al Reaprendizaje<\/a> <a href=\"https:\/\/diariofemenino.com.ar\/df\/category\/entrevistas\/\" rel=\"category tag\">Entrevistas<\/a> <a href=\"https:\/\/diariofemenino.com.ar\/df\/category\/medios\/\" rel=\"category tag\">Medios<\/a> <a href=\"https:\/\/diariofemenino.com.ar\/df\/category\/trata-de-personas\/\" rel=\"category tag\">Trata de Pers.<\/a>","rttpg_excerpt":"En una resoluci\u00f3n in\u00e9dita la Justicia Federal rosarina proces\u00f3 a cuatro personas por narcotr\u00e1fico y trata de personas. Las v\u00edctimas eran dos hermanos que lograron escapar de un b\u00fanker en 2011. Zaida Gatti, titular del Programa Nacional de Rescate y Acompa\u00f1amiento a las Personas Damnificadas por el Delito de Trata, habl\u00f3 sobre la situaci\u00f3n de&hellip;","_links":{"self":[{"href":"https:\/\/diariofemenino.com.ar\/df\/wp-json\/wp\/v2\/posts\/19063","targetHints":{"allow":["GET"]}}],"collection":[{"href":"https:\/\/diariofemenino.com.ar\/df\/wp-json\/wp\/v2\/posts"}],"about":[{"href":"https:\/\/diariofemenino.com.ar\/df\/wp-json\/wp\/v2\/types\/post"}],"author":[{"embeddable":true,"href":"https:\/\/diariofemenino.com.ar\/df\/wp-json\/wp\/v2\/users\/1"}],"replies":[{"embeddable":true,"href":"https:\/\/diariofemenino.com.ar\/df\/wp-json\/wp\/v2\/comments?post=19063"}],"version-history":[{"count":0,"href":"https:\/\/diariofemenino.com.ar\/df\/wp-json\/wp\/v2\/posts\/19063\/revisions"}],"wp:attachment":[{"href":"https:\/\/diariofemenino.com.ar\/df\/wp-json\/wp\/v2\/media?parent=19063"}],"wp:term":[{"taxonomy":"category","embeddable":true,"href":"https:\/\/diariofemenino.com.ar\/df\/wp-json\/wp\/v2\/categories?post=19063"},{"taxonomy":"post_tag","embeddable":true,"href":"https:\/\/diariofemenino.com.ar\/df\/wp-json\/wp\/v2\/tags?post=19063"}],"curies":[{"name":"wp","href":"https:\/\/api.w.org\/{rel}","templated":true}]}}