{"id":19054,"date":"2015-07-30T11:27:31","date_gmt":"2015-07-30T14:27:31","guid":{"rendered":"http:\/\/www.diariofemenino.com.ar\/?p=19054"},"modified":"2015-07-30T11:27:31","modified_gmt":"2015-07-30T14:27:31","slug":"la-trata-de-seres-humanos","status":"publish","type":"post","link":"https:\/\/diariofemenino.com.ar\/df\/la-trata-de-seres-humanos\/","title":{"rendered":"La trata de seres humanos"},"content":{"rendered":"<p style=\"text-align: center;\"><strong>La trata de seres humanos. El negocio del comercio con personas<\/strong><\/p>\n<p style=\"text-align: left;\"><span style=\"color: #000000;\">Informe\u00a0del Servicio Jesuita a Migrantes (SJM), presentado este 28 de julio. \u00a0Un An\u00e1lisis del preocupante y actual fen\u00f3meno global de la trata de personas, con el objetivo de sensibilizar sobre esta realidad que afecta a millones de personas<\/span>.<\/p>\n<p><span style=\"color: #000000;\"><strong>Introducci\u00f3n <\/strong><\/span><\/p>\n<p style=\"text-align: right;\"><span style=\"color: #000000;\"><em><span style=\"color: #000000;\">\u201cHarry: \u00bfDe verdad sentir\u00edas compasi\u00f3n por alguno de esos puntitos si dejara de moverse para siempre? Si te ofreciera veinte mil libras por cada puntito que se parara, \u00bfrealmente me dir\u00edas que me guardase mi dinero, muchacho, o empezar\u00edas a calcular cu\u00e1ntos puntitos podr\u00edas permitirte dejar con vida? Libres de impuestos, amigo. Libres de impuestos. (Le dirige su sonrisa de complicidad infantil.) Hoy en d\u00eda es la \u00fanica manera de ahorrar.\u201d (Grahan Green<\/span><a title=\"\" href=\"#_ftn1\"><span style=\"color: #000000;\">[1]<\/span><\/a>)<\/em><\/span><\/p>\n<div><br clear=\"all\" \/><br \/>\n<figure id=\"attachment_19055\" aria-describedby=\"caption-attachment-19055\" style=\"width: 398px\" class=\"wp-caption alignleft\"><a href=\"https:\/\/diariofemenino.com.ar\/documentos\/trata_2015.pdf\"><img loading=\"lazy\" decoding=\"async\" class=\"size-full wp-image-19055\" alt=\"La trata de seres humanos. El negocio del comercio con personas\" src=\"http:\/\/www.diariofemenino.com.ar\/wp-content\/uploads\/Portada-Trata.jpg\" width=\"398\" height=\"562\" \/><\/a><figcaption id=\"caption-attachment-19055\" class=\"wp-caption-text\">La trata de seres humanos. El negocio del comercio con personas<\/figcaption><\/figure><br \/>\n(<em>Descargar con un click en Portada<\/em>)<br \/>\n<span style=\"color: #000000;\">El mercado de la explotaci\u00f3n global ofrece un ampl\u00edsimo \u00e1mbito de acci\u00f3n para los individuos responsables de la trata de seres humanos o trafficking -como se denomina el fen\u00f3meno en ingl\u00e9s-, un negocio que pretende dar respuesta a la demanda de las actuales formas de explotaci\u00f3n de seres humanos. Una de sus dimensiones m\u00e1s notorias \u2013aunque rara vez la \u00fanica- es la explotaci\u00f3n sexual. Sin embargo, existen otras formas de explotaci\u00f3n de seres humanos: la explotaci\u00f3n laboral, de menores en la industria del sexo, para la mendicidad o en la guerra, los matrimonios serviles, el tr\u00e1fico de \u00f3rganos, etc.<\/span>\n<\/div>\n<p><span style=\"color: #000000;\">Las estimaciones del n\u00famero de personas tratadas var\u00edan cada a\u00f1o, adem\u00e1s, toda vez que muchas de las personas involucradas en este fen\u00f3meno son inmigrantes en situaci\u00f3n irregular, las cifras aportadas resultan necesariamente imprecisas. No obstante, lo m\u00e1s llamativo a la hora de intentar construir un contexto sobre la realidad de la trata de seres humanos, es precisamente la falta de datos, particularmente estatales y locales as\u00ed como su escasa calidad. Seg\u00fan la Organizaci\u00f3n Mundial del Trabajo (OIT) el dato global de personas v\u00edctimas de trabajo forzoso -que para esta organizaci\u00f3n se asimilar\u00eda a la trata- alcanza la cifra de 20,9 millones de personas. Sin embargo, las estimaciones de la OIT no incluyen los casos de trata con fines de extracci\u00f3n de \u00f3rganos ni los de matrimonio forzado u adopci\u00f3n forzada, a menos que estas pr\u00e1cticas den lugar a una situaci\u00f3n de trabajo o servicio forzoso.<\/span><br \/>\n<span style=\"color: #000000;\">Seg\u00fan la Organizaci\u00f3n de Naciones Unidas (ONU), combinando el tr\u00e1fico a larga distancia con el contrabando transfronterizo emerge un panorama global de \u201ccomercio de seres humanos\u201d que afecta al menos a 4 millones de personas cada a\u00f1o, por un valor econ\u00f3mico de entre 7.000 y 10.000 millones de d\u00f3lares. Por su parte la Organizaci\u00f3n Internacional de Polic\u00eda Criminal (INTERPOL) estima que al sumar los beneficios obtenidos de la trata de seres humanos a los del tr\u00e1fico de migrantes, la cifra asciende a 39.000 billones de d\u00f3lares al a\u00f1o, cada vez m\u00e1s cerca del tr\u00e1fico de drogas y el de armas. <\/span><br \/>\n<span style=\"color: #000000;\">El tr\u00e1fico il\u00edcito de personas no constituye todav\u00eda la forma m\u00e1s rentable de comercio il\u00edcito, pues la m\u00e1s lucrativa es el narcotr\u00e1fico, pero es la que est\u00e1 experimentando un crecimiento m\u00e1s r\u00e1pido. La trata de seres humanos, enmarcada en este tr\u00e1fico il\u00edcito de personas, surge como un floreciente negocio que no deja de crecer dentro de la nueva econom\u00eda global.\u00a0<\/span><\/p>\n<hr align=\"left\" size=\"1\" width=\"33%\" \/>\n<div>\n<a title=\"\" href=\"#_ftnref1\">[1]<\/a>\u00a0Gui\u00f3n de una parte de la secuencia de la noria,El Tercer Hombre, 1949, dirigida por Carol Reed<br \/>\n&nbsp;<br \/>\n&nbsp;<br \/>\n&nbsp;<br \/>\nFuente: Plataforma de Infancia. Naciones Unidas\n<\/div>\n","protected":false},"excerpt":{"rendered":"<p>La trata de seres humanos. El negocio del comercio con personas Informe\u00a0del Servicio Jesuita a Migrantes (SJM), presentado este 28 de julio. \u00a0Un An\u00e1lisis del preocupante y actual fen\u00f3meno global de la trata de personas, con el objetivo de sensibilizar sobre esta realidad que afecta a millones de personas. Introducci\u00f3n \u201cHarry: \u00bfDe verdad sentir\u00edas compasi\u00f3n [&hellip;]<\/p>\n","protected":false},"author":1,"featured_media":0,"comment_status":"open","ping_status":"open","sticky":false,"template":"","format":"standard","meta":{"iawp_total_views":1,"footnotes":""},"categories":[19,3,15],"tags":[53,57,30,52,16],"class_list":["post-19054","post","type-post","status-publish","format-standard","hentry","category-biblioteca","category-de-la-revolucion-al-reaprendizaje","category-trata-de-personas","tag-derechos-de-las-mujeres","tag-derechos-de-ninxs","tag-derechos-humanos","tag-explotacion-sexual","tag-violencia-de-genero"],"nelio_content":{"autoShareEndMode":"never","automationSources":{"useCustomSentences":false,"customSentences":[]},"efiAlt":"","efiUrl":"","followers":[],"highlights":[],"isAutoShareEnabled":true,"networkImageIds":[],"permalinkQueryArgs":[],"series":[],"suggestedReferences":[]},"yoast_head":"<!-- This site is optimized with the Yoast SEO plugin v27.4 - https:\/\/yoast.com\/product\/yoast-seo-wordpress\/ -->\n<title>La trata de seres humanos - Diario Digital Femenino<\/title>\n<meta name=\"description\" content=\"La trata de seres humanos. El negocio del comercio con personas. Informe para descargar\" \/>\n<meta name=\"robots\" content=\"index, follow, max-snippet:-1, max-image-preview:large, max-video-preview:-1\" \/>\n<link rel=\"canonical\" href=\"https:\/\/diariofemenino.com.ar\/df\/la-trata-de-seres-humanos\/\" \/>\n<meta property=\"og:locale\" content=\"es_ES\" \/>\n<meta property=\"og:type\" content=\"article\" \/>\n<meta property=\"og:title\" content=\"La trata de seres humanos - Diario Digital Femenino\" \/>\n<meta property=\"og:description\" content=\"La trata de seres humanos. El negocio del comercio con personas. Informe para descargar\" \/>\n<meta property=\"og:url\" content=\"https:\/\/diariofemenino.com.ar\/df\/la-trata-de-seres-humanos\/\" \/>\n<meta property=\"og:site_name\" content=\"Diario Digital Femenino\" \/>\n<meta property=\"article:publisher\" content=\"https:\/\/www.facebook.com\/DiarioDigitaFemenino\/\" \/>\n<meta property=\"article:published_time\" content=\"2015-07-30T14:27:31+00:00\" \/>\n<meta property=\"og:image\" content=\"http:\/\/www.diariofemenino.com.ar\/wp-content\/uploads\/Portada-Trata.jpg\" \/>\n<meta name=\"author\" content=\"Admin\" \/>\n<meta name=\"twitter:card\" content=\"summary_large_image\" \/>\n<meta name=\"twitter:creator\" content=\"@DiarioFemenino1\" \/>\n<meta name=\"twitter:site\" content=\"@DiarioFemenino1\" \/>\n<meta name=\"twitter:label1\" content=\"Escrito por\" \/>\n\t<meta name=\"twitter:data1\" content=\"Admin\" \/>\n\t<meta name=\"twitter:label2\" content=\"Tiempo de lectura\" \/>\n\t<meta name=\"twitter:data2\" content=\"3 minutos\" \/>\n<script type=\"application\/ld+json\" class=\"yoast-schema-graph\">{\"@context\":\"https:\\\/\\\/schema.org\",\"@graph\":[{\"@type\":\"Article\",\"@id\":\"https:\\\/\\\/diariofemenino.com.ar\\\/df\\\/la-trata-de-seres-humanos\\\/#article\",\"isPartOf\":{\"@id\":\"https:\\\/\\\/diariofemenino.com.ar\\\/df\\\/la-trata-de-seres-humanos\\\/\"},\"author\":{\"name\":\"Admin\",\"@id\":\"https:\\\/\\\/diariofemenino.com.ar\\\/df\\\/#\\\/schema\\\/person\\\/38f54b3bfd13f561de2460ba95c169c6\"},\"headline\":\"La trata de seres humanos\",\"datePublished\":\"2015-07-30T14:27:31+00:00\",\"mainEntityOfPage\":{\"@id\":\"https:\\\/\\\/diariofemenino.com.ar\\\/df\\\/la-trata-de-seres-humanos\\\/\"},\"wordCount\":640,\"commentCount\":0,\"publisher\":{\"@id\":\"https:\\\/\\\/diariofemenino.com.ar\\\/df\\\/#organization\"},\"image\":{\"@id\":\"https:\\\/\\\/diariofemenino.com.ar\\\/df\\\/la-trata-de-seres-humanos\\\/#primaryimage\"},\"thumbnailUrl\":\"http:\\\/\\\/www.diariofemenino.com.ar\\\/wp-content\\\/uploads\\\/Portada-Trata.jpg\",\"keywords\":[\"Derechos de las mujeres\",\"Derechos de ni\u00f1xs\",\"Derechos Humanos\",\"Explotaci\u00f3n sexual\",\"Violencia de g\u00e9nero\"],\"articleSection\":[\"Biblioteca Virtual\",\"De la Revoluci\u00f3n al Reaprendizaje\",\"Trata de Pers.\"],\"inLanguage\":\"es\",\"potentialAction\":[{\"@type\":\"CommentAction\",\"name\":\"Comment\",\"target\":[\"https:\\\/\\\/diariofemenino.com.ar\\\/df\\\/la-trata-de-seres-humanos\\\/#respond\"]}]},{\"@type\":\"WebPage\",\"@id\":\"https:\\\/\\\/diariofemenino.com.ar\\\/df\\\/la-trata-de-seres-humanos\\\/\",\"url\":\"https:\\\/\\\/diariofemenino.com.ar\\\/df\\\/la-trata-de-seres-humanos\\\/\",\"name\":\"La trata de seres humanos - Diario Digital Femenino\",\"isPartOf\":{\"@id\":\"https:\\\/\\\/diariofemenino.com.ar\\\/df\\\/#website\"},\"primaryImageOfPage\":{\"@id\":\"https:\\\/\\\/diariofemenino.com.ar\\\/df\\\/la-trata-de-seres-humanos\\\/#primaryimage\"},\"image\":{\"@id\":\"https:\\\/\\\/diariofemenino.com.ar\\\/df\\\/la-trata-de-seres-humanos\\\/#primaryimage\"},\"thumbnailUrl\":\"http:\\\/\\\/www.diariofemenino.com.ar\\\/wp-content\\\/uploads\\\/Portada-Trata.jpg\",\"datePublished\":\"2015-07-30T14:27:31+00:00\",\"description\":\"La trata de seres humanos. El negocio del comercio con personas. Informe para descargar\",\"breadcrumb\":{\"@id\":\"https:\\\/\\\/diariofemenino.com.ar\\\/df\\\/la-trata-de-seres-humanos\\\/#breadcrumb\"},\"inLanguage\":\"es\",\"potentialAction\":[{\"@type\":\"ReadAction\",\"target\":[\"https:\\\/\\\/diariofemenino.com.ar\\\/df\\\/la-trata-de-seres-humanos\\\/\"]}]},{\"@type\":\"ImageObject\",\"inLanguage\":\"es\",\"@id\":\"https:\\\/\\\/diariofemenino.com.ar\\\/df\\\/la-trata-de-seres-humanos\\\/#primaryimage\",\"url\":\"http:\\\/\\\/www.diariofemenino.com.ar\\\/wp-content\\\/uploads\\\/Portada-Trata.jpg\",\"contentUrl\":\"http:\\\/\\\/www.diariofemenino.com.ar\\\/wp-content\\\/uploads\\\/Portada-Trata.jpg\"},{\"@type\":\"BreadcrumbList\",\"@id\":\"https:\\\/\\\/diariofemenino.com.ar\\\/df\\\/la-trata-de-seres-humanos\\\/#breadcrumb\",\"itemListElement\":[{\"@type\":\"ListItem\",\"position\":1,\"name\":\"Portada\",\"item\":\"https:\\\/\\\/diariofemenino.com.ar\\\/df\\\/\"},{\"@type\":\"ListItem\",\"position\":2,\"name\":\"La trata de seres humanos\"}]},{\"@type\":\"WebSite\",\"@id\":\"https:\\\/\\\/diariofemenino.com.ar\\\/df\\\/#website\",\"url\":\"https:\\\/\\\/diariofemenino.com.ar\\\/df\\\/\",\"name\":\"Diario Digital Femenino\",\"description\":\"Cuesti\u00f3n de G\u00e9nero\",\"publisher\":{\"@id\":\"https:\\\/\\\/diariofemenino.com.ar\\\/df\\\/#organization\"},\"potentialAction\":[{\"@type\":\"SearchAction\",\"target\":{\"@type\":\"EntryPoint\",\"urlTemplate\":\"https:\\\/\\\/diariofemenino.com.ar\\\/df\\\/?s={search_term_string}\"},\"query-input\":{\"@type\":\"PropertyValueSpecification\",\"valueRequired\":true,\"valueName\":\"search_term_string\"}}],\"inLanguage\":\"es\"},{\"@type\":\"Organization\",\"@id\":\"https:\\\/\\\/diariofemenino.com.ar\\\/df\\\/#organization\",\"name\":\"Diario Femenino\",\"url\":\"https:\\\/\\\/diariofemenino.com.ar\\\/df\\\/\",\"logo\":{\"@type\":\"ImageObject\",\"inLanguage\":\"es\",\"@id\":\"https:\\\/\\\/diariofemenino.com.ar\\\/df\\\/#\\\/schema\\\/logo\\\/image\\\/\",\"url\":\"https:\\\/\\\/diariofemenino.com.ar\\\/df\\\/wp-content\\\/uploads\\\/2018\\\/10\\\/logo.png\",\"contentUrl\":\"https:\\\/\\\/diariofemenino.com.ar\\\/df\\\/wp-content\\\/uploads\\\/2018\\\/10\\\/logo.png\",\"width\":500,\"height\":92,\"caption\":\"Diario Femenino\"},\"image\":{\"@id\":\"https:\\\/\\\/diariofemenino.com.ar\\\/df\\\/#\\\/schema\\\/logo\\\/image\\\/\"},\"sameAs\":[\"https:\\\/\\\/www.facebook.com\\\/DiarioDigitaFemenino\\\/\",\"https:\\\/\\\/x.com\\\/DiarioFemenino1\"]},{\"@type\":\"Person\",\"@id\":\"https:\\\/\\\/diariofemenino.com.ar\\\/df\\\/#\\\/schema\\\/person\\\/38f54b3bfd13f561de2460ba95c169c6\",\"name\":\"Admin\",\"image\":{\"@type\":\"ImageObject\",\"inLanguage\":\"es\",\"@id\":\"https:\\\/\\\/diariofemenino.com.ar\\\/df\\\/wp-content\\\/uploads\\\/2018\\\/12\\\/favicon-150x150.jpg\",\"url\":\"https:\\\/\\\/diariofemenino.com.ar\\\/df\\\/wp-content\\\/uploads\\\/2018\\\/12\\\/favicon-150x150.jpg\",\"contentUrl\":\"https:\\\/\\\/diariofemenino.com.ar\\\/df\\\/wp-content\\\/uploads\\\/2018\\\/12\\\/favicon-150x150.jpg\",\"caption\":\"Admin\"},\"url\":\"https:\\\/\\\/diariofemenino.com.ar\\\/df\\\/author\\\/adm18df\\\/\"}]}<\/script>\n<!-- \/ Yoast SEO plugin. -->","yoast_head_json":{"title":"La trata de seres humanos - Diario Digital Femenino","description":"La trata de seres humanos. El negocio del comercio con personas. Informe para descargar","robots":{"index":"index","follow":"follow","max-snippet":"max-snippet:-1","max-image-preview":"max-image-preview:large","max-video-preview":"max-video-preview:-1"},"canonical":"https:\/\/diariofemenino.com.ar\/df\/la-trata-de-seres-humanos\/","og_locale":"es_ES","og_type":"article","og_title":"La trata de seres humanos - Diario Digital Femenino","og_description":"La trata de seres humanos. El negocio del comercio con personas. Informe para descargar","og_url":"https:\/\/diariofemenino.com.ar\/df\/la-trata-de-seres-humanos\/","og_site_name":"Diario Digital Femenino","article_publisher":"https:\/\/www.facebook.com\/DiarioDigitaFemenino\/","article_published_time":"2015-07-30T14:27:31+00:00","og_image":[{"url":"http:\/\/www.diariofemenino.com.ar\/wp-content\/uploads\/Portada-Trata.jpg","type":"","width":"","height":""}],"author":"Admin","twitter_card":"summary_large_image","twitter_creator":"@DiarioFemenino1","twitter_site":"@DiarioFemenino1","twitter_misc":{"Escrito por":"Admin","Tiempo de lectura":"3 minutos"},"schema":{"@context":"https:\/\/schema.org","@graph":[{"@type":"Article","@id":"https:\/\/diariofemenino.com.ar\/df\/la-trata-de-seres-humanos\/#article","isPartOf":{"@id":"https:\/\/diariofemenino.com.ar\/df\/la-trata-de-seres-humanos\/"},"author":{"name":"Admin","@id":"https:\/\/diariofemenino.com.ar\/df\/#\/schema\/person\/38f54b3bfd13f561de2460ba95c169c6"},"headline":"La trata de seres humanos","datePublished":"2015-07-30T14:27:31+00:00","mainEntityOfPage":{"@id":"https:\/\/diariofemenino.com.ar\/df\/la-trata-de-seres-humanos\/"},"wordCount":640,"commentCount":0,"publisher":{"@id":"https:\/\/diariofemenino.com.ar\/df\/#organization"},"image":{"@id":"https:\/\/diariofemenino.com.ar\/df\/la-trata-de-seres-humanos\/#primaryimage"},"thumbnailUrl":"http:\/\/www.diariofemenino.com.ar\/wp-content\/uploads\/Portada-Trata.jpg","keywords":["Derechos de las mujeres","Derechos de ni\u00f1xs","Derechos Humanos","Explotaci\u00f3n sexual","Violencia de g\u00e9nero"],"articleSection":["Biblioteca Virtual","De la Revoluci\u00f3n al Reaprendizaje","Trata de Pers."],"inLanguage":"es","potentialAction":[{"@type":"CommentAction","name":"Comment","target":["https:\/\/diariofemenino.com.ar\/df\/la-trata-de-seres-humanos\/#respond"]}]},{"@type":"WebPage","@id":"https:\/\/diariofemenino.com.ar\/df\/la-trata-de-seres-humanos\/","url":"https:\/\/diariofemenino.com.ar\/df\/la-trata-de-seres-humanos\/","name":"La trata de seres humanos - Diario Digital Femenino","isPartOf":{"@id":"https:\/\/diariofemenino.com.ar\/df\/#website"},"primaryImageOfPage":{"@id":"https:\/\/diariofemenino.com.ar\/df\/la-trata-de-seres-humanos\/#primaryimage"},"image":{"@id":"https:\/\/diariofemenino.com.ar\/df\/la-trata-de-seres-humanos\/#primaryimage"},"thumbnailUrl":"http:\/\/www.diariofemenino.com.ar\/wp-content\/uploads\/Portada-Trata.jpg","datePublished":"2015-07-30T14:27:31+00:00","description":"La trata de seres humanos. El negocio del comercio con personas. Informe para descargar","breadcrumb":{"@id":"https:\/\/diariofemenino.com.ar\/df\/la-trata-de-seres-humanos\/#breadcrumb"},"inLanguage":"es","potentialAction":[{"@type":"ReadAction","target":["https:\/\/diariofemenino.com.ar\/df\/la-trata-de-seres-humanos\/"]}]},{"@type":"ImageObject","inLanguage":"es","@id":"https:\/\/diariofemenino.com.ar\/df\/la-trata-de-seres-humanos\/#primaryimage","url":"http:\/\/www.diariofemenino.com.ar\/wp-content\/uploads\/Portada-Trata.jpg","contentUrl":"http:\/\/www.diariofemenino.com.ar\/wp-content\/uploads\/Portada-Trata.jpg"},{"@type":"BreadcrumbList","@id":"https:\/\/diariofemenino.com.ar\/df\/la-trata-de-seres-humanos\/#breadcrumb","itemListElement":[{"@type":"ListItem","position":1,"name":"Portada","item":"https:\/\/diariofemenino.com.ar\/df\/"},{"@type":"ListItem","position":2,"name":"La trata de seres humanos"}]},{"@type":"WebSite","@id":"https:\/\/diariofemenino.com.ar\/df\/#website","url":"https:\/\/diariofemenino.com.ar\/df\/","name":"Diario Digital Femenino","description":"Cuesti\u00f3n de G\u00e9nero","publisher":{"@id":"https:\/\/diariofemenino.com.ar\/df\/#organization"},"potentialAction":[{"@type":"SearchAction","target":{"@type":"EntryPoint","urlTemplate":"https:\/\/diariofemenino.com.ar\/df\/?s={search_term_string}"},"query-input":{"@type":"PropertyValueSpecification","valueRequired":true,"valueName":"search_term_string"}}],"inLanguage":"es"},{"@type":"Organization","@id":"https:\/\/diariofemenino.com.ar\/df\/#organization","name":"Diario Femenino","url":"https:\/\/diariofemenino.com.ar\/df\/","logo":{"@type":"ImageObject","inLanguage":"es","@id":"https:\/\/diariofemenino.com.ar\/df\/#\/schema\/logo\/image\/","url":"https:\/\/diariofemenino.com.ar\/df\/wp-content\/uploads\/2018\/10\/logo.png","contentUrl":"https:\/\/diariofemenino.com.ar\/df\/wp-content\/uploads\/2018\/10\/logo.png","width":500,"height":92,"caption":"Diario Femenino"},"image":{"@id":"https:\/\/diariofemenino.com.ar\/df\/#\/schema\/logo\/image\/"},"sameAs":["https:\/\/www.facebook.com\/DiarioDigitaFemenino\/","https:\/\/x.com\/DiarioFemenino1"]},{"@type":"Person","@id":"https:\/\/diariofemenino.com.ar\/df\/#\/schema\/person\/38f54b3bfd13f561de2460ba95c169c6","name":"Admin","image":{"@type":"ImageObject","inLanguage":"es","@id":"https:\/\/diariofemenino.com.ar\/df\/wp-content\/uploads\/2018\/12\/favicon-150x150.jpg","url":"https:\/\/diariofemenino.com.ar\/df\/wp-content\/uploads\/2018\/12\/favicon-150x150.jpg","contentUrl":"https:\/\/diariofemenino.com.ar\/df\/wp-content\/uploads\/2018\/12\/favicon-150x150.jpg","caption":"Admin"},"url":"https:\/\/diariofemenino.com.ar\/df\/author\/adm18df\/"}]}},"jetpack_featured_media_url":"","jetpack_sharing_enabled":true,"rttpg_featured_image_url":null,"rttpg_author":{"display_name":"Admin","author_link":"https:\/\/diariofemenino.com.ar\/df\/author\/adm18df\/"},"rttpg_comment":0,"rttpg_category":"<a href=\"https:\/\/diariofemenino.com.ar\/df\/category\/biblioteca\/\" rel=\"category tag\">Biblioteca Virtual<\/a> <a href=\"https:\/\/diariofemenino.com.ar\/df\/category\/de-la-revolucion-al-reaprendizaje\/\" rel=\"category tag\">De la Revoluci\u00f3n al Reaprendizaje<\/a> <a href=\"https:\/\/diariofemenino.com.ar\/df\/category\/trata-de-personas\/\" rel=\"category tag\">Trata de Pers.<\/a>","rttpg_excerpt":"La trata de seres humanos. El negocio del comercio con personas Informe\u00a0del Servicio Jesuita a Migrantes (SJM), presentado este 28 de julio. \u00a0Un An\u00e1lisis del preocupante y actual fen\u00f3meno global de la trata de personas, con el objetivo de sensibilizar sobre esta realidad que afecta a millones de personas. Introducci\u00f3n \u201cHarry: \u00bfDe verdad sentir\u00edas compasi\u00f3n&hellip;","_links":{"self":[{"href":"https:\/\/diariofemenino.com.ar\/df\/wp-json\/wp\/v2\/posts\/19054","targetHints":{"allow":["GET"]}}],"collection":[{"href":"https:\/\/diariofemenino.com.ar\/df\/wp-json\/wp\/v2\/posts"}],"about":[{"href":"https:\/\/diariofemenino.com.ar\/df\/wp-json\/wp\/v2\/types\/post"}],"author":[{"embeddable":true,"href":"https:\/\/diariofemenino.com.ar\/df\/wp-json\/wp\/v2\/users\/1"}],"replies":[{"embeddable":true,"href":"https:\/\/diariofemenino.com.ar\/df\/wp-json\/wp\/v2\/comments?post=19054"}],"version-history":[{"count":0,"href":"https:\/\/diariofemenino.com.ar\/df\/wp-json\/wp\/v2\/posts\/19054\/revisions"}],"wp:attachment":[{"href":"https:\/\/diariofemenino.com.ar\/df\/wp-json\/wp\/v2\/media?parent=19054"}],"wp:term":[{"taxonomy":"category","embeddable":true,"href":"https:\/\/diariofemenino.com.ar\/df\/wp-json\/wp\/v2\/categories?post=19054"},{"taxonomy":"post_tag","embeddable":true,"href":"https:\/\/diariofemenino.com.ar\/df\/wp-json\/wp\/v2\/tags?post=19054"}],"curies":[{"name":"wp","href":"https:\/\/api.w.org\/{rel}","templated":true}]}}