{"id":19040,"date":"2015-07-30T09:32:22","date_gmt":"2015-07-30T12:32:22","guid":{"rendered":"http:\/\/www.diariofemenino.com.ar\/?p=19040"},"modified":"2015-07-30T09:32:22","modified_gmt":"2015-07-30T12:32:22","slug":"dia-mundial-contra-la-trata-de-personas","status":"publish","type":"post","link":"https:\/\/diariofemenino.com.ar\/df\/dia-mundial-contra-la-trata-de-personas\/","title":{"rendered":"D\u00eda Mundial contra la Trata de Personas &#8211; 30 de julio"},"content":{"rendered":"<p><strong>D\u00eda Mundial contra la Trata de Personas &#8211; 30 de julio<\/strong><br \/>\n<strong><span style=\"color: #000000;\">\u00ab<em>Todos los pa\u00edses deben aunar esfuerzos para superar esta amenaza transnacional apoyando y protegiendo a las v\u00edctimas sin dejar de perseguir y enjuiciar a los delincuentes. En el D\u00eda Mundial contra la Trata de Personas, tomemos la decisi\u00f3n de actuar de com\u00fan acuerdo en nombre de la justicia y la dignidad para todos.<\/em>\u00bb<\/span><\/strong><\/p>\n<p style=\"text-align: right;\"><strong><span style=\"color: #333399;\"><a href=\"http:\/\/www.un.org\/es\/events\/humantrafficking\/2015\/sgmessage.shtml\"><span style=\"color: #333399;\">Mensaje del Secretario General de Naciones Unidas, Ban Ki-moon<\/span><\/a><\/span><\/strong><br \/>\n13 de julio de 2015<\/p>\n<p><figure id=\"attachment_19043\" aria-describedby=\"caption-attachment-19043\" style=\"width: 532px\" class=\"wp-caption alignnone\"><a href=\"http:\/\/www.diariofemenino.com.ar\/wp-content\/uploads\/poster2014_large.jpg\"><img loading=\"lazy\" decoding=\"async\" class=\" wp-image-19043 \" alt=\"D\u00eda Mundial contra la Trata de Personas - 30 de julio\" src=\"http:\/\/www.diariofemenino.com.ar\/wp-content\/uploads\/poster2014_large.jpg\" width=\"532\" height=\"223\" \/><\/a><figcaption id=\"caption-attachment-19043\" class=\"wp-caption-text\">D\u00eda Mundial contra la Trata de Personas &#8211; 30 de julio<\/figcaption><\/figure><br \/>\n<span style=\"color: #000000;\">Se estima que 21 millones de personas est\u00e1n atrapadas en las redes de la esclavitud moderna. Hombres, mujeres y ni\u00f1os caen en las manos de traficantes tanto en su propio pa\u00eds como en el extranjero. Todos los pa\u00edses est\u00e1n afectados por la trata, ya sea como pa\u00eds de origen, tr\u00e1nsito o destino de las v\u00edctimas. La esclavitud, tanto en su forma moderna como en la antigua, no es s\u00f3lo una verg\u00fcenza, sino que es \u00abla execrable suma de todas las villan\u00edas\u00bb, como la defini\u00f3 el abolicionista John Wesley, y no tiene cabida en nuestro mundo.<\/span><br \/>\n<span style=\"color: #000000;\">En 2010, la Asamblea General adopt\u00f3 un Plan de Acci\u00f3n Mundial para Combatir el Tr\u00e1fico de Personas, urgiendo a los Gobiernos de todo el mundo a derrotar este flagelo. El Plan llama a integrar la lucha contra la trata en los programas de las Naciones Unidas para el fomento del desarrollo y el refuerzo de la seguridad mundiales. Una provisi\u00f3n crucial del Plan es el establecimiento de un Fondo Voluntario Fiduciario para las v\u00edctimas del tr\u00e1fico, especialmente mujeres y ni\u00f1os.<\/span><br \/>\n<span style=\"color: #000000;\">En 2013, la Asamblea General sostuvo una reuni\u00f3n para evaluar el Plan de Acci\u00f3n Mundial. Los Estados miembros adoptaron la resoluci\u00f3n<\/span>\u00a0<span style=\"color: #000080;\"><a href=\"http:\/\/www.un.org\/es\/comun\/docs\/?symbol=A\/RES\/68\/192\"><span style=\"color: #000080;\">A\/RES\/68\/192<\/span><\/a><\/span>\u00a0<img loading=\"lazy\" decoding=\"async\" title=\"Documento PDF\" alt=\"Documento PDF\" src=\"http:\/\/www.un.org\/common\/images\/icons\/ico_pdf.gif\" width=\"14\" height=\"14\" \/>\u00a0<span style=\"color: #000000;\">y designaron el 30 de julio como el D\u00eda Mundial contra la Trata. En la resoluci\u00f3n, se se\u00f1ala que el d\u00eda es necesario para \u00abconcienciar sobre la situaci\u00f3n de las v\u00edctimas del tr\u00e1fico humano y para promocionar y proteger sus derechos.\u00bb<\/span><br \/>\n<strong>El 27% de las v\u00edctimas de Trata son ni\u00f1os y ni\u00f1as<\/strong><br \/>\n<a href=\"http:\/\/www.diariofemenino.com.ar\/wp-content\/uploads\/Una-de-cada-tres-v\u00edctimas-de-trata-son-ni\u00f1os.png\"><img loading=\"lazy\" decoding=\"async\" class=\"alignnone size-full wp-image-19041\" alt=\"Una-de-cada-tres-v\u00edctimas-de-trata-son-ni\u00f1os\" src=\"http:\/\/www.diariofemenino.com.ar\/wp-content\/uploads\/Una-de-cada-tres-v\u00edctimas-de-trata-son-ni\u00f1os.png\" width=\"600\" height=\"312\" \/><\/a><\/p>\n<h1><\/h1>\n<p><b>Cifras de la verg\u00fcenza<\/b><\/p>\n<h1><\/h1>\n<p><span style=\"color: #000000;\">La mayor parte de las v\u00edctimas de trata son mujeres y, en muchos casos, ni\u00f1as, porque la trata est\u00e1 directamente relacionada con la posici\u00f3n de las mujeres en la sociedad y con la feminizaci\u00f3n de la pobreza. Conforme a las cifras proporcionadas por Naciones Unidas,\u00a0el 27 % son ni\u00f1os y ni\u00f1as, es decir, dos terceras partes de la poblaci\u00f3n afectada.<\/span><\/p>\n<h1><\/h1>\n<p><span style=\"color: #000000;\">Asimismo, seg\u00fan el \u00faltimo\u00a0informe\u00a0del Servicio Jesuita a Migrantes (SJM) titulado: \u00ab<em>La trata de seres humanos. El negocio del comercio con personas\u00bb\u00a0<\/em>publicado con motivo del\u00a0<strong>D\u00eda Mundial contra la Trata<\/strong>, revela, citando datos de UNICEF, que \u201chasta dos millones de ni\u00f1os est\u00e1n sujetos a la prostituci\u00f3n en el comercio sexual alrededor del mundo\u201d. Adem\u00e1s, avisa de que \u201cla trata de menores presenta otras manifestaciones: la adopci\u00f3n ilegal de ni\u00f1os extranjeros; el tr\u00e1fico de \u00f3rganos; el secuestro de menores para ser utilizados en los conflictos armados o el ejercicio de la mendicidad\u201d.<\/span><\/p>\n<h1><\/h1>\n<p><span style=\"color: #000000;\">Asimismo, el estudio detalla que \u201centre los menores v\u00edctimas, se encuentran en especial situaci\u00f3n de vulnerabilidad los nacidos en el entorno de la trata, los llamados\u00a0<b>beb\u00e9s ancla<\/b>, utilizados por falsos padres para facilitar su entrada y permanencia irregular en un territorio, o el de los menores utilizados por los tratantes para coaccionar a su madre a ejercer la prostituci\u00f3n\u201d.<\/span><\/p>\n<h1><\/h1>\n<p><span style=\"color: #000000;\">Las cifras confirman lo inocultable: \u201cTodos los pa\u00edses del mundo est\u00e1n implicados en esta pr\u00e1ctica, ya sea como pa\u00eds de origen, tr\u00e1nsito o destino\u201d. Por esta raz\u00f3n, el Secretario General de Naciones Unidas Ban Ki Moon en su mensaje de este a\u00f1o, record\u00f3 a todos los pa\u00edses el deber de \u201caunar esfuerzos para superar esta amenaza transnacional apoyando y protegiendo a las v\u00edctimas sin dejar de perseguir y enjuiciar a los delincuentes. En el D\u00eda Mundial contra la Trata de Personas, tomemos la decisi\u00f3n de actuar de com\u00fan acuerdo en nombre de la justicia y la dignidad para todos.\u201d<\/span><br \/>\n<a href=\"http:\/\/www.diariofemenino.com.ar\/wp-content\/uploads\/dia-mundial-trata-personas-2015-2.png\"><img loading=\"lazy\" decoding=\"async\" class=\"alignnone size-full wp-image-19042\" alt=\"dia-mundial-trata-personas-2015-2\" src=\"http:\/\/www.diariofemenino.com.ar\/wp-content\/uploads\/dia-mundial-trata-personas-2015-2.png\" width=\"450\" height=\"448\" \/><\/a><br \/>\n<span style=\"color: #000000;\"><b>Algunos pasos en Espa\u00f1a<\/b><\/span><br \/>\n<span style=\"color: #000000;\">Espa\u00f1a es, lamentablemente, pa\u00eds de tr\u00e1nsito y destino de mujeres y ni\u00f1as v\u00edctimas de trata. No obstante, el Gobierno viene trabajando para asegurar una mejor cobertura de las v\u00edctimas. En el mes de mayo, la Delegaci\u00f3n\u00a0\u00a0del Gobierno para la Violencia de G\u00e9nero public\u00f3 el\u00a0Reglamento Interno del Foro Social contra la Trata con fines de Explotaci\u00f3n Sexual, realizado con la colaboraci\u00f3n de \u00a0las entidades integrantes del Foro, entre ellas la Plataforma de Infancia. El motivo ha sido\u00a0la elaboraci\u00f3n del II Plan integral de lucha contra la trata de mujeres y ni\u00f1as con fines de explotaci\u00f3n sexual 2015-2018 que ha constatado la necesidad de revisar el sistema de funcionamiento del Foro Social como mecanismo de participaci\u00f3n y cooperaci\u00f3n entre las Administraciones P\u00fablicas y las organizaciones especializadas.<\/span><br \/>\n<span style=\"color: #000000;\"><strong>La Plataforma de Infancia<\/strong>\u00a0pide al Gobierno de Espa\u00f1a que no desestime ning\u00fan \u00a0esfuerzos para combatir a los delincuentes que trafican con personas y que proteja a las v\u00edctimas, especialmente a los ni\u00f1os y ni\u00f1as que sean v\u00edctimas o est\u00e9n en riesgo de caer en estas redes.<\/span><br \/>\n&nbsp;<br \/>\n&nbsp;<br \/>\n&nbsp;<br \/>\n&nbsp;<br \/>\nFuente: <a href=\"http:\/\/www.un.org\/es\/events\/humantrafficking\/\">Naciones Unidas<\/a><\/p>\n<h1><a title=\"Enlace a El 27% de las v\u00edctimas de trata son ni\u00f1os o ni\u00f1as\" href=\"http:\/\/plataformadeinfancia.org\/el-27-de-las-victimas-de-trata-son-ninos-o-ninas\/\">\u00a0<\/a><\/h1>\n<p>&nbsp;<br \/>\n&nbsp;<\/p>\n","protected":false},"excerpt":{"rendered":"<p>D\u00eda Mundial contra la Trata de Personas &#8211; 30 de julio \u00abTodos los pa\u00edses deben aunar esfuerzos para superar esta amenaza transnacional apoyando y protegiendo a las v\u00edctimas sin dejar de perseguir y enjuiciar a los delincuentes. En el D\u00eda Mundial contra la Trata de Personas, tomemos la decisi\u00f3n de actuar de com\u00fan acuerdo en [&hellip;]<\/p>\n","protected":false},"author":1,"featured_media":0,"comment_status":"open","ping_status":"open","sticky":false,"template":"","format":"standard","meta":{"iawp_total_views":5,"footnotes":""},"categories":[9,3,21,580,15],"tags":[29,53,57,30,18,16,36],"class_list":["post-19040","post","type-post","status-publish","format-standard","hentry","category-de-esi-si-se-habla","category-de-la-revolucion-al-reaprendizaje","category-noticias","category-resistencia-verdevioleta","category-trata-de-personas","tag-campanas","tag-derechos-de-las-mujeres","tag-derechos-de-ninxs","tag-derechos-humanos","tag-politicas-publicas","tag-violencia-de-genero","tag-violencia-sexual"],"nelio_content":{"autoShareEndMode":"never","automationSources":{"useCustomSentences":false,"customSentences":[]},"efiAlt":"","efiUrl":"","followers":[],"highlights":[],"isAutoShareEnabled":true,"networkImageIds":[],"permalinkQueryArgs":[],"series":[],"suggestedReferences":[]},"yoast_head":"<!-- This site is optimized with the Yoast SEO plugin v27.5 - https:\/\/yoast.com\/product\/yoast-seo-wordpress\/ -->\n<title>D\u00eda Mundial contra la Trata de Personas - 30 de julio - Diario Digital Femenino<\/title>\n<meta name=\"description\" content=\"D\u00eda Mundial contra la Trata de Personas. 21 millones de personas est\u00e1n atrapadas en las redes de la esclavitud moderna, el 27% son ni\u00f1as y ni\u00f1os.\" \/>\n<meta name=\"robots\" content=\"index, follow, max-snippet:-1, max-image-preview:large, max-video-preview:-1\" \/>\n<link rel=\"canonical\" href=\"https:\/\/diariofemenino.com.ar\/df\/dia-mundial-contra-la-trata-de-personas\/\" \/>\n<meta property=\"og:locale\" content=\"es_ES\" \/>\n<meta property=\"og:type\" content=\"article\" \/>\n<meta property=\"og:title\" content=\"D\u00eda Mundial contra la Trata de Personas - 30 de julio - Diario Digital Femenino\" \/>\n<meta property=\"og:description\" content=\"D\u00eda Mundial contra la Trata de Personas. 21 millones de personas est\u00e1n atrapadas en las redes de la esclavitud moderna, el 27% son ni\u00f1as y ni\u00f1os.\" \/>\n<meta property=\"og:url\" content=\"https:\/\/diariofemenino.com.ar\/df\/dia-mundial-contra-la-trata-de-personas\/\" \/>\n<meta property=\"og:site_name\" content=\"Diario Digital Femenino\" \/>\n<meta property=\"article:publisher\" content=\"https:\/\/www.facebook.com\/DiarioDigitaFemenino\/\" \/>\n<meta property=\"article:published_time\" content=\"2015-07-30T12:32:22+00:00\" \/>\n<meta property=\"og:image\" content=\"http:\/\/www.diariofemenino.com.ar\/wp-content\/uploads\/poster2014_large.jpg\" \/>\n<meta name=\"author\" content=\"Admin\" \/>\n<meta name=\"twitter:card\" content=\"summary_large_image\" \/>\n<meta name=\"twitter:creator\" content=\"@DiarioFemenino1\" \/>\n<meta name=\"twitter:site\" content=\"@DiarioFemenino1\" \/>\n<meta name=\"twitter:label1\" content=\"Escrito por\" \/>\n\t<meta name=\"twitter:data1\" content=\"Admin\" \/>\n\t<meta name=\"twitter:label2\" content=\"Tiempo de lectura\" \/>\n\t<meta name=\"twitter:data2\" content=\"5 minutos\" \/>\n<script type=\"application\/ld+json\" class=\"yoast-schema-graph\">{\"@context\":\"https:\\\/\\\/schema.org\",\"@graph\":[{\"@type\":\"Article\",\"@id\":\"https:\\\/\\\/diariofemenino.com.ar\\\/df\\\/dia-mundial-contra-la-trata-de-personas\\\/#article\",\"isPartOf\":{\"@id\":\"https:\\\/\\\/diariofemenino.com.ar\\\/df\\\/dia-mundial-contra-la-trata-de-personas\\\/\"},\"author\":{\"name\":\"Admin\",\"@id\":\"https:\\\/\\\/diariofemenino.com.ar\\\/df\\\/#\\\/schema\\\/person\\\/38f54b3bfd13f561de2460ba95c169c6\"},\"headline\":\"D\u00eda Mundial contra la Trata de Personas &#8211; 30 de julio\",\"datePublished\":\"2015-07-30T12:32:22+00:00\",\"mainEntityOfPage\":{\"@id\":\"https:\\\/\\\/diariofemenino.com.ar\\\/df\\\/dia-mundial-contra-la-trata-de-personas\\\/\"},\"wordCount\":944,\"commentCount\":0,\"publisher\":{\"@id\":\"https:\\\/\\\/diariofemenino.com.ar\\\/df\\\/#organization\"},\"image\":{\"@id\":\"https:\\\/\\\/diariofemenino.com.ar\\\/df\\\/dia-mundial-contra-la-trata-de-personas\\\/#primaryimage\"},\"thumbnailUrl\":\"http:\\\/\\\/www.diariofemenino.com.ar\\\/wp-content\\\/uploads\\\/poster2014_large.jpg\",\"keywords\":[\"Campa\u00f1as\",\"Derechos de las mujeres\",\"Derechos de ni\u00f1xs\",\"Derechos Humanos\",\"Pol\u00edticas p\u00fablicas\",\"Violencia de g\u00e9nero\",\"Violencia Sexual\"],\"articleSection\":[\"De ESI S\u00ed Se Habla\",\"De la Revoluci\u00f3n al Reaprendizaje\",\"Noticias\",\"Resistencia VerdeVioleta\",\"Trata de Pers.\"],\"inLanguage\":\"es\",\"potentialAction\":[{\"@type\":\"CommentAction\",\"name\":\"Comment\",\"target\":[\"https:\\\/\\\/diariofemenino.com.ar\\\/df\\\/dia-mundial-contra-la-trata-de-personas\\\/#respond\"]}]},{\"@type\":\"WebPage\",\"@id\":\"https:\\\/\\\/diariofemenino.com.ar\\\/df\\\/dia-mundial-contra-la-trata-de-personas\\\/\",\"url\":\"https:\\\/\\\/diariofemenino.com.ar\\\/df\\\/dia-mundial-contra-la-trata-de-personas\\\/\",\"name\":\"D\u00eda Mundial contra la Trata de Personas - 30 de julio - Diario Digital Femenino\",\"isPartOf\":{\"@id\":\"https:\\\/\\\/diariofemenino.com.ar\\\/df\\\/#website\"},\"primaryImageOfPage\":{\"@id\":\"https:\\\/\\\/diariofemenino.com.ar\\\/df\\\/dia-mundial-contra-la-trata-de-personas\\\/#primaryimage\"},\"image\":{\"@id\":\"https:\\\/\\\/diariofemenino.com.ar\\\/df\\\/dia-mundial-contra-la-trata-de-personas\\\/#primaryimage\"},\"thumbnailUrl\":\"http:\\\/\\\/www.diariofemenino.com.ar\\\/wp-content\\\/uploads\\\/poster2014_large.jpg\",\"datePublished\":\"2015-07-30T12:32:22+00:00\",\"description\":\"D\u00eda Mundial contra la Trata de Personas. 21 millones de personas est\u00e1n atrapadas en las redes de la esclavitud moderna, el 27% son ni\u00f1as y ni\u00f1os.\",\"breadcrumb\":{\"@id\":\"https:\\\/\\\/diariofemenino.com.ar\\\/df\\\/dia-mundial-contra-la-trata-de-personas\\\/#breadcrumb\"},\"inLanguage\":\"es\",\"potentialAction\":[{\"@type\":\"ReadAction\",\"target\":[\"https:\\\/\\\/diariofemenino.com.ar\\\/df\\\/dia-mundial-contra-la-trata-de-personas\\\/\"]}]},{\"@type\":\"ImageObject\",\"inLanguage\":\"es\",\"@id\":\"https:\\\/\\\/diariofemenino.com.ar\\\/df\\\/dia-mundial-contra-la-trata-de-personas\\\/#primaryimage\",\"url\":\"http:\\\/\\\/www.diariofemenino.com.ar\\\/wp-content\\\/uploads\\\/poster2014_large.jpg\",\"contentUrl\":\"http:\\\/\\\/www.diariofemenino.com.ar\\\/wp-content\\\/uploads\\\/poster2014_large.jpg\"},{\"@type\":\"BreadcrumbList\",\"@id\":\"https:\\\/\\\/diariofemenino.com.ar\\\/df\\\/dia-mundial-contra-la-trata-de-personas\\\/#breadcrumb\",\"itemListElement\":[{\"@type\":\"ListItem\",\"position\":1,\"name\":\"Portada\",\"item\":\"https:\\\/\\\/diariofemenino.com.ar\\\/df\\\/\"},{\"@type\":\"ListItem\",\"position\":2,\"name\":\"D\u00eda Mundial contra la Trata de Personas &#8211; 30 de julio\"}]},{\"@type\":\"WebSite\",\"@id\":\"https:\\\/\\\/diariofemenino.com.ar\\\/df\\\/#website\",\"url\":\"https:\\\/\\\/diariofemenino.com.ar\\\/df\\\/\",\"name\":\"Diario Digital Femenino\",\"description\":\"Cuesti\u00f3n de G\u00e9nero\",\"publisher\":{\"@id\":\"https:\\\/\\\/diariofemenino.com.ar\\\/df\\\/#organization\"},\"potentialAction\":[{\"@type\":\"SearchAction\",\"target\":{\"@type\":\"EntryPoint\",\"urlTemplate\":\"https:\\\/\\\/diariofemenino.com.ar\\\/df\\\/?s={search_term_string}\"},\"query-input\":{\"@type\":\"PropertyValueSpecification\",\"valueRequired\":true,\"valueName\":\"search_term_string\"}}],\"inLanguage\":\"es\"},{\"@type\":\"Organization\",\"@id\":\"https:\\\/\\\/diariofemenino.com.ar\\\/df\\\/#organization\",\"name\":\"Diario Femenino\",\"url\":\"https:\\\/\\\/diariofemenino.com.ar\\\/df\\\/\",\"logo\":{\"@type\":\"ImageObject\",\"inLanguage\":\"es\",\"@id\":\"https:\\\/\\\/diariofemenino.com.ar\\\/df\\\/#\\\/schema\\\/logo\\\/image\\\/\",\"url\":\"https:\\\/\\\/diariofemenino.com.ar\\\/df\\\/wp-content\\\/uploads\\\/2018\\\/10\\\/logo.png\",\"contentUrl\":\"https:\\\/\\\/diariofemenino.com.ar\\\/df\\\/wp-content\\\/uploads\\\/2018\\\/10\\\/logo.png\",\"width\":500,\"height\":92,\"caption\":\"Diario Femenino\"},\"image\":{\"@id\":\"https:\\\/\\\/diariofemenino.com.ar\\\/df\\\/#\\\/schema\\\/logo\\\/image\\\/\"},\"sameAs\":[\"https:\\\/\\\/www.facebook.com\\\/DiarioDigitaFemenino\\\/\",\"https:\\\/\\\/x.com\\\/DiarioFemenino1\"]},{\"@type\":\"Person\",\"@id\":\"https:\\\/\\\/diariofemenino.com.ar\\\/df\\\/#\\\/schema\\\/person\\\/38f54b3bfd13f561de2460ba95c169c6\",\"name\":\"Admin\",\"image\":{\"@type\":\"ImageObject\",\"inLanguage\":\"es\",\"@id\":\"https:\\\/\\\/diariofemenino.com.ar\\\/df\\\/wp-content\\\/uploads\\\/2018\\\/12\\\/favicon-150x150.jpg\",\"url\":\"https:\\\/\\\/diariofemenino.com.ar\\\/df\\\/wp-content\\\/uploads\\\/2018\\\/12\\\/favicon-150x150.jpg\",\"contentUrl\":\"https:\\\/\\\/diariofemenino.com.ar\\\/df\\\/wp-content\\\/uploads\\\/2018\\\/12\\\/favicon-150x150.jpg\",\"caption\":\"Admin\"},\"url\":\"https:\\\/\\\/diariofemenino.com.ar\\\/df\\\/author\\\/adm18df\\\/\"}]}<\/script>\n<!-- \/ Yoast SEO plugin. -->","yoast_head_json":{"title":"D\u00eda Mundial contra la Trata de Personas - 30 de julio - Diario Digital Femenino","description":"D\u00eda Mundial contra la Trata de Personas. 21 millones de personas est\u00e1n atrapadas en las redes de la esclavitud moderna, el 27% son ni\u00f1as y ni\u00f1os.","robots":{"index":"index","follow":"follow","max-snippet":"max-snippet:-1","max-image-preview":"max-image-preview:large","max-video-preview":"max-video-preview:-1"},"canonical":"https:\/\/diariofemenino.com.ar\/df\/dia-mundial-contra-la-trata-de-personas\/","og_locale":"es_ES","og_type":"article","og_title":"D\u00eda Mundial contra la Trata de Personas - 30 de julio - Diario Digital Femenino","og_description":"D\u00eda Mundial contra la Trata de Personas. 21 millones de personas est\u00e1n atrapadas en las redes de la esclavitud moderna, el 27% son ni\u00f1as y ni\u00f1os.","og_url":"https:\/\/diariofemenino.com.ar\/df\/dia-mundial-contra-la-trata-de-personas\/","og_site_name":"Diario Digital Femenino","article_publisher":"https:\/\/www.facebook.com\/DiarioDigitaFemenino\/","article_published_time":"2015-07-30T12:32:22+00:00","og_image":[{"url":"http:\/\/www.diariofemenino.com.ar\/wp-content\/uploads\/poster2014_large.jpg","type":"","width":"","height":""}],"author":"Admin","twitter_card":"summary_large_image","twitter_creator":"@DiarioFemenino1","twitter_site":"@DiarioFemenino1","twitter_misc":{"Escrito por":"Admin","Tiempo de lectura":"5 minutos"},"schema":{"@context":"https:\/\/schema.org","@graph":[{"@type":"Article","@id":"https:\/\/diariofemenino.com.ar\/df\/dia-mundial-contra-la-trata-de-personas\/#article","isPartOf":{"@id":"https:\/\/diariofemenino.com.ar\/df\/dia-mundial-contra-la-trata-de-personas\/"},"author":{"name":"Admin","@id":"https:\/\/diariofemenino.com.ar\/df\/#\/schema\/person\/38f54b3bfd13f561de2460ba95c169c6"},"headline":"D\u00eda Mundial contra la Trata de Personas &#8211; 30 de julio","datePublished":"2015-07-30T12:32:22+00:00","mainEntityOfPage":{"@id":"https:\/\/diariofemenino.com.ar\/df\/dia-mundial-contra-la-trata-de-personas\/"},"wordCount":944,"commentCount":0,"publisher":{"@id":"https:\/\/diariofemenino.com.ar\/df\/#organization"},"image":{"@id":"https:\/\/diariofemenino.com.ar\/df\/dia-mundial-contra-la-trata-de-personas\/#primaryimage"},"thumbnailUrl":"http:\/\/www.diariofemenino.com.ar\/wp-content\/uploads\/poster2014_large.jpg","keywords":["Campa\u00f1as","Derechos de las mujeres","Derechos de ni\u00f1xs","Derechos Humanos","Pol\u00edticas p\u00fablicas","Violencia de g\u00e9nero","Violencia Sexual"],"articleSection":["De ESI S\u00ed Se Habla","De la Revoluci\u00f3n al Reaprendizaje","Noticias","Resistencia VerdeVioleta","Trata de Pers."],"inLanguage":"es","potentialAction":[{"@type":"CommentAction","name":"Comment","target":["https:\/\/diariofemenino.com.ar\/df\/dia-mundial-contra-la-trata-de-personas\/#respond"]}]},{"@type":"WebPage","@id":"https:\/\/diariofemenino.com.ar\/df\/dia-mundial-contra-la-trata-de-personas\/","url":"https:\/\/diariofemenino.com.ar\/df\/dia-mundial-contra-la-trata-de-personas\/","name":"D\u00eda Mundial contra la Trata de Personas - 30 de julio - Diario Digital Femenino","isPartOf":{"@id":"https:\/\/diariofemenino.com.ar\/df\/#website"},"primaryImageOfPage":{"@id":"https:\/\/diariofemenino.com.ar\/df\/dia-mundial-contra-la-trata-de-personas\/#primaryimage"},"image":{"@id":"https:\/\/diariofemenino.com.ar\/df\/dia-mundial-contra-la-trata-de-personas\/#primaryimage"},"thumbnailUrl":"http:\/\/www.diariofemenino.com.ar\/wp-content\/uploads\/poster2014_large.jpg","datePublished":"2015-07-30T12:32:22+00:00","description":"D\u00eda Mundial contra la Trata de Personas. 21 millones de personas est\u00e1n atrapadas en las redes de la esclavitud moderna, el 27% son ni\u00f1as y ni\u00f1os.","breadcrumb":{"@id":"https:\/\/diariofemenino.com.ar\/df\/dia-mundial-contra-la-trata-de-personas\/#breadcrumb"},"inLanguage":"es","potentialAction":[{"@type":"ReadAction","target":["https:\/\/diariofemenino.com.ar\/df\/dia-mundial-contra-la-trata-de-personas\/"]}]},{"@type":"ImageObject","inLanguage":"es","@id":"https:\/\/diariofemenino.com.ar\/df\/dia-mundial-contra-la-trata-de-personas\/#primaryimage","url":"http:\/\/www.diariofemenino.com.ar\/wp-content\/uploads\/poster2014_large.jpg","contentUrl":"http:\/\/www.diariofemenino.com.ar\/wp-content\/uploads\/poster2014_large.jpg"},{"@type":"BreadcrumbList","@id":"https:\/\/diariofemenino.com.ar\/df\/dia-mundial-contra-la-trata-de-personas\/#breadcrumb","itemListElement":[{"@type":"ListItem","position":1,"name":"Portada","item":"https:\/\/diariofemenino.com.ar\/df\/"},{"@type":"ListItem","position":2,"name":"D\u00eda Mundial contra la Trata de Personas &#8211; 30 de julio"}]},{"@type":"WebSite","@id":"https:\/\/diariofemenino.com.ar\/df\/#website","url":"https:\/\/diariofemenino.com.ar\/df\/","name":"Diario Digital Femenino","description":"Cuesti\u00f3n de G\u00e9nero","publisher":{"@id":"https:\/\/diariofemenino.com.ar\/df\/#organization"},"potentialAction":[{"@type":"SearchAction","target":{"@type":"EntryPoint","urlTemplate":"https:\/\/diariofemenino.com.ar\/df\/?s={search_term_string}"},"query-input":{"@type":"PropertyValueSpecification","valueRequired":true,"valueName":"search_term_string"}}],"inLanguage":"es"},{"@type":"Organization","@id":"https:\/\/diariofemenino.com.ar\/df\/#organization","name":"Diario Femenino","url":"https:\/\/diariofemenino.com.ar\/df\/","logo":{"@type":"ImageObject","inLanguage":"es","@id":"https:\/\/diariofemenino.com.ar\/df\/#\/schema\/logo\/image\/","url":"https:\/\/diariofemenino.com.ar\/df\/wp-content\/uploads\/2018\/10\/logo.png","contentUrl":"https:\/\/diariofemenino.com.ar\/df\/wp-content\/uploads\/2018\/10\/logo.png","width":500,"height":92,"caption":"Diario Femenino"},"image":{"@id":"https:\/\/diariofemenino.com.ar\/df\/#\/schema\/logo\/image\/"},"sameAs":["https:\/\/www.facebook.com\/DiarioDigitaFemenino\/","https:\/\/x.com\/DiarioFemenino1"]},{"@type":"Person","@id":"https:\/\/diariofemenino.com.ar\/df\/#\/schema\/person\/38f54b3bfd13f561de2460ba95c169c6","name":"Admin","image":{"@type":"ImageObject","inLanguage":"es","@id":"https:\/\/diariofemenino.com.ar\/df\/wp-content\/uploads\/2018\/12\/favicon-150x150.jpg","url":"https:\/\/diariofemenino.com.ar\/df\/wp-content\/uploads\/2018\/12\/favicon-150x150.jpg","contentUrl":"https:\/\/diariofemenino.com.ar\/df\/wp-content\/uploads\/2018\/12\/favicon-150x150.jpg","caption":"Admin"},"url":"https:\/\/diariofemenino.com.ar\/df\/author\/adm18df\/"}]}},"jetpack_featured_media_url":"","jetpack_sharing_enabled":true,"rttpg_featured_image_url":null,"rttpg_author":{"display_name":"Admin","author_link":"https:\/\/diariofemenino.com.ar\/df\/author\/adm18df\/"},"rttpg_comment":0,"rttpg_category":"<a href=\"https:\/\/diariofemenino.com.ar\/df\/category\/de-esi-si-se-habla\/\" rel=\"category tag\">De ESI S\u00ed Se Habla<\/a> <a href=\"https:\/\/diariofemenino.com.ar\/df\/category\/de-la-revolucion-al-reaprendizaje\/\" rel=\"category tag\">De la Revoluci\u00f3n al Reaprendizaje<\/a> <a href=\"https:\/\/diariofemenino.com.ar\/df\/category\/noticias\/\" rel=\"category tag\">Noticias<\/a> <a href=\"https:\/\/diariofemenino.com.ar\/df\/category\/resistencia-verdevioleta\/\" rel=\"category tag\">Resistencia VerdeVioleta<\/a> <a href=\"https:\/\/diariofemenino.com.ar\/df\/category\/trata-de-personas\/\" rel=\"category tag\">Trata de Pers.<\/a>","rttpg_excerpt":"D\u00eda Mundial contra la Trata de Personas &#8211; 30 de julio \u00abTodos los pa\u00edses deben aunar esfuerzos para superar esta amenaza transnacional apoyando y protegiendo a las v\u00edctimas sin dejar de perseguir y enjuiciar a los delincuentes. En el D\u00eda Mundial contra la Trata de Personas, tomemos la decisi\u00f3n de actuar de com\u00fan acuerdo en&hellip;","_links":{"self":[{"href":"https:\/\/diariofemenino.com.ar\/df\/wp-json\/wp\/v2\/posts\/19040","targetHints":{"allow":["GET"]}}],"collection":[{"href":"https:\/\/diariofemenino.com.ar\/df\/wp-json\/wp\/v2\/posts"}],"about":[{"href":"https:\/\/diariofemenino.com.ar\/df\/wp-json\/wp\/v2\/types\/post"}],"author":[{"embeddable":true,"href":"https:\/\/diariofemenino.com.ar\/df\/wp-json\/wp\/v2\/users\/1"}],"replies":[{"embeddable":true,"href":"https:\/\/diariofemenino.com.ar\/df\/wp-json\/wp\/v2\/comments?post=19040"}],"version-history":[{"count":0,"href":"https:\/\/diariofemenino.com.ar\/df\/wp-json\/wp\/v2\/posts\/19040\/revisions"}],"wp:attachment":[{"href":"https:\/\/diariofemenino.com.ar\/df\/wp-json\/wp\/v2\/media?parent=19040"}],"wp:term":[{"taxonomy":"category","embeddable":true,"href":"https:\/\/diariofemenino.com.ar\/df\/wp-json\/wp\/v2\/categories?post=19040"},{"taxonomy":"post_tag","embeddable":true,"href":"https:\/\/diariofemenino.com.ar\/df\/wp-json\/wp\/v2\/tags?post=19040"}],"curies":[{"name":"wp","href":"https:\/\/api.w.org\/{rel}","templated":true}]}}