{"id":19035,"date":"2015-07-29T11:01:25","date_gmt":"2015-07-29T14:01:25","guid":{"rendered":"http:\/\/www.diariofemenino.com.ar\/?p=19035"},"modified":"2015-07-29T11:01:25","modified_gmt":"2015-07-29T14:01:25","slug":"universidad-publica-intereses-particulares","status":"publish","type":"post","link":"https:\/\/diariofemenino.com.ar\/df\/universidad-publica-intereses-particulares\/","title":{"rendered":"Universidad p\u00fablica, intereses particulares"},"content":{"rendered":"<p><span style=\"color: #000000;\"><strong>En noviembre del 2014, d<\/strong><strong>\u00e1<\/strong><strong>bamos a conocer la\u00a0<a href=\"http:\/\/www.comunicarigualdad.com.ar\/unsam-buscan-desvincular-docente-por-atea-feminista-y-abortista\/\" target=\"_blank\"><span style=\"color: #000000;\">situaci<\/span><\/a><\/strong><a href=\"http:\/\/www.comunicarigualdad.com.ar\/unsam-buscan-desvincular-docente-por-atea-feminista-y-abortista\/\" target=\"_blank\"><span style=\"color: #000000;\"><strong>\u00f3<\/strong><\/span><\/a><strong><a href=\"http:\/\/www.comunicarigualdad.com.ar\/unsam-buscan-desvincular-docente-por-atea-feminista-y-abortista\/\" target=\"_blank\"><span style=\"color: #000000;\">n\u00a0<\/span><\/a>de una docente de la\u00a0<em>Carrera de Puericultura y Crianza<\/em>\u00a0\u2013\u00a0<\/strong><strong>que dictan en forma conjunta la Universidad Nacional de San Mart<\/strong><strong>\u00ed<\/strong><strong>n (UNSAM) y la Fundaci<\/strong><strong>\u00f3<\/strong><strong>n Lactancia y Maternidad (FUNDALAM)- que fue desvinculada de su cargo por las autoridades de FUNDALAM bajo la acusaci<\/strong><strong>\u00f3<\/strong><strong>n de<\/strong><strong>\u201c<\/strong><strong><em>atea, feminista y abortista<\/em><\/strong><strong>\u201d<\/strong><strong>. A 8 meses de esa situaci<\/strong><strong>\u00f3<\/strong><strong>n, y con dos intimaciones judiciales para que la docente sea restituida en el cargo-, FUNDALAM apel<\/strong><strong>\u00f3<\/strong><strong>\u00a0y se niega a que el 10 de agosto Julieta Arosteguy ocupe su puesto al frente de la c<\/strong><strong>\u00e1<\/strong><strong>tedra de Bio<\/strong><strong>\u00e9<\/strong><strong>tica de esa carrera. La UNSAM, por su parte, reclam<\/strong><strong>\u00f3<\/strong><strong>\u00a0que la docente sea restitu<\/strong><strong>\u00ed<\/strong><strong>da; pero habr<\/strong><strong>\u00e1<\/strong><strong>\u00a0que ver qu<\/strong><strong>\u00e9<\/strong><strong>\u00a0decisi<\/strong><strong>\u00f3<\/strong><strong>n toma esa universidad p<\/strong><strong>\u00fa<\/strong><strong>blica frente a la avanzada de esta fundaci<\/strong><strong>\u00f3<\/strong><strong>n privada dispuesta a imponer sus creencias en espacios p<\/strong><strong>\u00fa<\/strong><strong>blicos de formaci<\/strong><strong>\u00f3<\/strong><strong>n. La damnificada relata la historia.<\/strong><\/span><br \/>\n<figure id=\"attachment_19036\" aria-describedby=\"caption-attachment-19036\" style=\"width: 509px\" class=\"wp-caption alignnone\"><a href=\"http:\/\/www.diariofemenino.com.ar\/wp-content\/uploads\/Estatal0905imgRechazoReforma24.jpg\"><img loading=\"lazy\" decoding=\"async\" class=\"size-full wp-image-19036\" alt=\"Universidad p\u00fablica, intereses particulares\" src=\"http:\/\/www.diariofemenino.com.ar\/wp-content\/uploads\/Estatal0905imgRechazoReforma24.jpg\" width=\"509\" height=\"278\" \/><\/a><figcaption id=\"caption-attachment-19036\" class=\"wp-caption-text\">Universidad p\u00fablica, intereses particulares<\/figcaption><\/figure><br \/>\n<span style=\"color: #000000;\">Por<strong> Julieta Arosteguy<\/strong><\/span><br \/>\n<span style=\"color: #000000;\"><strong>COMUNICAR IGUALDAD-<\/strong>\u00a0En agosto del a\u00f1o pasado, la direcci\u00f3n de la Carrera de Puericultura y Crianza de la Universidad Nacional de San Mart\u00edn (UNSAM) decidi\u00f3 desvincularme de mi cargo docente\u00a0<strong>por proponer, en la\u00a0<\/strong><strong>\u00fa<\/strong><strong>nica clase que pude dictar ese cuatrimestre, abrir el debate sobre temas como el aborto legal, equidad de g<\/strong><strong>\u00e9<\/strong><strong>nero y laicismo<\/strong>. Directivos de FUNDALAM, la ong que se encuentra a cargo de la carrera, me reprocharon mi condici\u00f3n de \u201c<em>atea, feminista y abortista<\/em>\u201d (sic) y me separaron del cargo de profesora titular de la materia de\u00a0<em>Bio<\/em><em>\u00e9<\/em><em>tica<\/em>, que hab\u00eda ejercido desde el 2010.<\/span><br \/>\n<span style=\"color: #000000;\">As\u00ed, sin razones que lo justificaran y de manera completamente irregular, FUNDALAM cre\u00f3 una c\u00e1tedra paralela con el s\u00f3lo fin de encubrir mi despido, pero cuyos efectos nadie se preocup\u00f3 por ocultar: por medio de esa c\u00e1tedra, la organizaci\u00f3n vaci\u00f3 mi curso y evit\u00f3 que se debatieran en clase los temas que tanto incomodan a sus autoridades: equidad de g\u00e9nero, derechos sexuales y reproductivos, aborto legal.<\/span><br \/>\n<span style=\"color: #000000;\">A casi un a\u00f1o del despido encubierto, los resultados de mis reclamos est\u00e1n a la vista: en diciembre del a\u00f1o pasado, se dict\u00f3 en sede judicial una medida cautelar ordenando mi restituci\u00f3n en el cargo. Con esta medida, el juzgado laboral que interviene en la causa decidi\u00f3 \u201c<em>disponer que la accionada mantenga el curso, comisi<\/em><em>\u00f3<\/em><em>n y\/o c<\/em><em>\u00e1<\/em><em>tedra de la accionante en su oferta acad<\/em><em>\u00e9<\/em><em>mica, en iguales t<\/em><em>\u00e9<\/em><em>rminos y condiciones que los existentes antes del inicio del conflicto<\/em>\u201d.<\/span><br \/>\n<span style=\"color: #000000;\">Tambi\u00e9n la UNSAM decidi\u00f3, en abril de este a\u00f1o, dar marcha atr\u00e1s con la creaci\u00f3n de la c\u00e1tedra paralela. En respuesta a mis reclamos, se decidi\u00f3 \u201c<em>h<\/em><em>acer lugar al recurso de reconsideraci<\/em><em>\u00f3<\/em><em>n interpuesto por la docente doctora Julieta Arosteguy, contra la Disposici<\/em><em>\u00f3<\/em><em>n 10\/14 que orden<\/em><em>\u00f3<\/em>\u00a0<em>la apertura de una segunda c<\/em><em>\u00e1<\/em><em>tedra de la materia de Bio<\/em><em>\u00e9<\/em><em>tica en la carrera Tecnicatura en Puericultura y Crianza<\/em>\u201d y \u201c<em>revocar la Disposici<\/em><em>\u00f3<\/em><em>n ICRM Nro 10\/14<\/em>\u201d.<\/span><br \/>\n<span style=\"color: #000000;\">Para evitar cumplir con lo que se le ordenaba,\u00a0<strong>FUNDALAM apel<\/strong><strong>\u00f3<\/strong>\u00a0<strong>las medidas judiciales, me denunci<\/strong><strong>\u00f3<\/strong>\u00a0<strong>penalmente y recus<\/strong><strong>\u00f3<\/strong>\u00a0<strong>a la jueza que orden<\/strong><strong>\u00f3<\/strong>\u00a0<strong>la restituci<\/strong><strong>\u00f3<\/strong><strong>n en mi cargo por<\/strong><strong>\u201c<\/strong><strong><em>parcialidad<\/em><\/strong>\u201d. A pesar de sus esfuerzos,\u00a0<strong>dos d<\/strong><strong>\u00ed<\/strong><strong>as antes del inicio de la feria judicial, un nuevo juzgado intim<\/strong><strong>\u00f3<\/strong>\u00a0<strong>a FUNDALAM para que, en el plazo de tres d<\/strong><strong>\u00ed<\/strong><strong>as, acate la orden que se le ha impuesto y me restituya en el cargo del que me desplaz<\/strong><strong>\u00f3<\/strong>\u00a0<strong>por razones de discriminaci<\/strong><strong>\u00f3<\/strong><strong>n ideol<\/strong><strong>\u00f3<\/strong><strong>gica.<\/strong><strong>\u00a0<\/strong><\/span><br \/>\n<span style=\"color: #000000;\"><strong>FUNDALAM, sin embargo, no ha acatado las\u00a0<\/strong><strong>\u00f3<\/strong><strong>rdenes de los dos juzgados que intervinieron en la causa, ni ha obedecido lo dispuesto por la UNSAM<\/strong>. No s\u00f3lo no ha efectuado mi designaci\u00f3n como docente de\u00a0<em>Bio<\/em><em>\u00e9<\/em><em>tica<\/em>, sino que ha ofrecido para comenzar en agosto el curso a cargo de la docente que, arbitraria e ileg\u00edtimamente, nombr\u00f3 el a\u00f1o pasado en mi lugar.<\/span><br \/>\n<span style=\"color: #000000;\">Para justificar su obstinada negativa a restituirme en el cargo, FUNDALAM pretende ponerse en el lugar de v\u00edctima y colocarme a m\u00ed en el de victimaria.\u00a0<strong>Me ha denunciado infructuosamente ante el INADI y ante la justicia penal, sin lograr que las estudiantes ratifiquen sus reclamos<\/strong>. FUNDALAM insiste en preguntar por qu\u00e9 motivo deseo volver a dictar clases en la carrera, como si no haber acatado el despido discriminatorio al que fui sometida fuera prueba de mi falta de tolerancia, de mi inconfesado deseo de imponer mis creencias personales sobre las estudiantes.<\/span><br \/>\n<span style=\"color: #000000;\"><a href=\"http:\/\/www.comunicarigualdad.com.ar\/wp-content\/uploads\/2015\/07\/arost7-15.jpg\"><span style=\"color: #000000;\"><img loading=\"lazy\" decoding=\"async\" alt=\"arost7-15\" src=\"http:\/\/www.comunicarigualdad.com.ar\/wp-content\/uploads\/2015\/07\/arost7-15-300x188.jpg\" width=\"300\" height=\"188\" \/><\/span><\/a><\/span><br \/>\n<span style=\"color: #000000;\">La pregunta que debemos hacernos, sin embargo, es exactamente la contraria<strong>:\u00a0<\/strong><strong>\u00bf<\/strong><strong>Por qu<\/strong><strong>\u00e9<\/strong><strong>FUNDALAM desobedece lo dispuesto por el juzgado y por la misma UNSAM?\u00a0<\/strong><strong>\u00bf<\/strong><strong>Por qu<\/strong><strong>\u00e9<\/strong>\u00a0<strong>se empe<\/strong><strong>\u00f1<\/strong><strong>a en silenciar los debates sobre maternidad, autonom<\/strong><strong>\u00ed<\/strong><strong>a, derechos sexuales y equidad de g<\/strong><strong>\u00e9<\/strong><strong>nero en una carrera dictada en el marco de una universidad nacional?\u00a0<\/strong><strong>\u00bf<\/strong><strong>Por qu<\/strong><strong>\u00e9<\/strong>\u00a0<strong>se ha enquistado en una universidad p<\/strong><strong>\u00fa<\/strong><strong>blica para imponer desde el aula su visi<\/strong><strong>\u00f3<\/strong><strong>n sesgada, moralizante y contraria a la normativa vigente respecto de los derechos sexuales y reproductivos, la equidad de g<\/strong><strong>\u00e9<\/strong><strong>nero, el matrimonio y la adopci<\/strong><strong>\u00f3<\/strong><strong>n igualitaria, la maternidad?<\/strong><strong>\u00a0<\/strong><\/span><br \/>\n<span style=\"color: #000000;\">La respuesta es clara:\u00a0<strong>FUNDALAM es un\u00a0<\/strong><strong>\u00f3<\/strong><strong>rgano de los sectores m<\/strong><strong>\u00e1<\/strong><strong>s conservadores de la sociedad argentina que, apropi<\/strong><strong>\u00e1<\/strong><strong>ndose ileg<\/strong><strong>\u00ed<\/strong><strong>timamente de espacios e instituciones p<\/strong><strong>\u00fa<\/strong><strong>blicas, busca obstruir los avances que las mujeres y otros colectivos sociales hemos logrado en las\u00a0<\/strong><strong>\u00fa<\/strong><strong>ltimas d<\/strong><strong>\u00e9<\/strong><strong>cadas de construcci<\/strong><strong>\u00f3<\/strong><strong>n democr<\/strong><strong>\u00e1<\/strong><strong>tica<\/strong>.<\/span><br \/>\n<span style=\"color: #000000;\">Pero cualesquiera sean los motivos que han llevado a FUNDALAM a imponer su postura sobre la Carrera de Puericultura y Crianza, una cosa ha quedado clara:\u00a0<strong>tales motivos no son aceptables en una universidad que, como la Universidad Nacional de San Mart<\/strong><strong>\u00ed<\/strong><strong>n, se pretende laica, democr<\/strong><strong>\u00e1<\/strong><strong>tica y plural<\/strong>. El 10 de agosto deber\u00eda volver a dictar clases de\u00a0<em>Bio<\/em><em>\u00e9<\/em><em>tica<\/em>\u00a0en FUNDALAM. Todo indica que la instituci\u00f3n seguir\u00e1 incumpliendo la orden judicial que as\u00ed lo manda.<\/span><br \/>\n<span style=\"color: #000000;\"><strong>Queda por ver qu<\/strong><strong>\u00e9<\/strong>\u00a0<strong>har<\/strong><strong>\u00e1<\/strong>\u00a0<strong>la UNSAM ante esta instituci<\/strong><strong>\u00f3<\/strong><strong>n conveniada, que ha demostrado repetidamente su intolerancia hacia los valores de la educaci<\/strong><strong>\u00f3<\/strong><strong>n p<\/strong><strong>\u00fa<\/strong><strong>blica y las instituciones republicanas,<\/strong>\u00a0imponiendo a toda costa su decisi\u00f3n de silenciar el derecho de las mujeres a una atenci\u00f3n integral y respetuosa de su salud.<\/span><br \/>\n&nbsp;<br \/>\n&nbsp;<br \/>\n&nbsp;<br \/>\n&nbsp;<br \/>\n&nbsp;<br \/>\n<span style=\"color: #000000;\">Fuentes: Julieta Arosteguy<br \/>\nComunicar Igualdad<\/span><\/p>\n","protected":false},"excerpt":{"rendered":"<p>En noviembre del 2014, d\u00e1bamos a conocer la\u00a0situaci\u00f3n\u00a0de una docente de la\u00a0Carrera de Puericultura y Crianza\u00a0\u2013\u00a0que dictan en forma conjunta la Universidad Nacional de San Mart\u00edn (UNSAM) y la Fundaci\u00f3n Lactancia y Maternidad (FUNDALAM)- que fue desvinculada de su cargo por las autoridades de FUNDALAM bajo la acusaci\u00f3n de\u201catea, feminista y abortista\u201d. A 8 meses [&hellip;]<\/p>\n","protected":false},"author":1,"featured_media":0,"comment_status":"open","ping_status":"open","sticky":false,"template":"","format":"standard","meta":{"iawp_total_views":1,"footnotes":""},"categories":[22,9,6,580],"tags":[53,30,11,39,14,45],"class_list":["post-19035","post","type-post","status-publish","format-standard","hentry","category-aborto","category-de-esi-si-se-habla","category-articulos","category-resistencia-verdevioleta","tag-derechos-de-las-mujeres","tag-derechos-humanos","tag-educacion","tag-justicia","tag-salud-sexual-y-reproductiva","tag-trabajo"],"nelio_content":{"autoShareEndMode":"never","automationSources":{"useCustomSentences":false,"customSentences":[]},"efiAlt":"","efiUrl":"","followers":[],"highlights":[],"isAutoShareEnabled":true,"networkImageIds":[],"permalinkQueryArgs":[],"series":[],"suggestedReferences":[]},"yoast_head":"<!-- This site is optimized with the Yoast SEO plugin v27.5 - https:\/\/yoast.com\/product\/yoast-seo-wordpress\/ -->\n<title>Universidad p\u00fablica, intereses particulares - Diario Digital Femenino<\/title>\n<meta name=\"description\" content=\"Universidad p\u00fablica, intereses particulares. Julieta Arosteguy y su situaci\u00f3n luego de haber sido desvinculada del cargo por \u201catea, feminista y abortista\u201d\" \/>\n<meta name=\"robots\" content=\"index, follow, max-snippet:-1, max-image-preview:large, max-video-preview:-1\" \/>\n<link rel=\"canonical\" href=\"https:\/\/diariofemenino.com.ar\/df\/universidad-publica-intereses-particulares\/\" \/>\n<meta property=\"og:locale\" content=\"es_ES\" \/>\n<meta property=\"og:type\" content=\"article\" \/>\n<meta property=\"og:title\" content=\"Universidad p\u00fablica, intereses particulares - Diario Digital Femenino\" \/>\n<meta property=\"og:description\" content=\"Universidad p\u00fablica, intereses particulares. Julieta Arosteguy y su situaci\u00f3n luego de haber sido desvinculada del cargo por \u201catea, feminista y abortista\u201d\" \/>\n<meta property=\"og:url\" content=\"https:\/\/diariofemenino.com.ar\/df\/universidad-publica-intereses-particulares\/\" \/>\n<meta property=\"og:site_name\" content=\"Diario Digital Femenino\" \/>\n<meta property=\"article:publisher\" content=\"https:\/\/www.facebook.com\/DiarioDigitaFemenino\/\" \/>\n<meta property=\"article:published_time\" content=\"2015-07-29T14:01:25+00:00\" \/>\n<meta property=\"og:image\" content=\"http:\/\/www.diariofemenino.com.ar\/wp-content\/uploads\/Estatal0905imgRechazoReforma24.jpg\" \/>\n<meta name=\"author\" content=\"Admin\" \/>\n<meta name=\"twitter:card\" content=\"summary_large_image\" \/>\n<meta name=\"twitter:creator\" content=\"@DiarioFemenino1\" \/>\n<meta name=\"twitter:site\" content=\"@DiarioFemenino1\" \/>\n<meta name=\"twitter:label1\" content=\"Escrito por\" \/>\n\t<meta name=\"twitter:data1\" content=\"Admin\" \/>\n\t<meta name=\"twitter:label2\" content=\"Tiempo de lectura\" \/>\n\t<meta name=\"twitter:data2\" content=\"5 minutos\" \/>\n<script type=\"application\/ld+json\" class=\"yoast-schema-graph\">{\"@context\":\"https:\\\/\\\/schema.org\",\"@graph\":[{\"@type\":\"Article\",\"@id\":\"https:\\\/\\\/diariofemenino.com.ar\\\/df\\\/universidad-publica-intereses-particulares\\\/#article\",\"isPartOf\":{\"@id\":\"https:\\\/\\\/diariofemenino.com.ar\\\/df\\\/universidad-publica-intereses-particulares\\\/\"},\"author\":{\"name\":\"Admin\",\"@id\":\"https:\\\/\\\/diariofemenino.com.ar\\\/df\\\/#\\\/schema\\\/person\\\/38f54b3bfd13f561de2460ba95c169c6\"},\"headline\":\"Universidad p\u00fablica, intereses particulares\",\"datePublished\":\"2015-07-29T14:01:25+00:00\",\"mainEntityOfPage\":{\"@id\":\"https:\\\/\\\/diariofemenino.com.ar\\\/df\\\/universidad-publica-intereses-particulares\\\/\"},\"wordCount\":1065,\"commentCount\":0,\"publisher\":{\"@id\":\"https:\\\/\\\/diariofemenino.com.ar\\\/df\\\/#organization\"},\"image\":{\"@id\":\"https:\\\/\\\/diariofemenino.com.ar\\\/df\\\/universidad-publica-intereses-particulares\\\/#primaryimage\"},\"thumbnailUrl\":\"http:\\\/\\\/www.diariofemenino.com.ar\\\/wp-content\\\/uploads\\\/Estatal0905imgRechazoReforma24.jpg\",\"keywords\":[\"Derechos de las mujeres\",\"Derechos Humanos\",\"Educaci\u00f3n\",\"Justicia\",\"Salud Sexual y Reproductiva\",\"Trabajo\"],\"articleSection\":[\"Aborto\",\"De ESI S\u00ed Se Habla\",\"Mujeres en Palabras\",\"Resistencia VerdeVioleta\"],\"inLanguage\":\"es\",\"potentialAction\":[{\"@type\":\"CommentAction\",\"name\":\"Comment\",\"target\":[\"https:\\\/\\\/diariofemenino.com.ar\\\/df\\\/universidad-publica-intereses-particulares\\\/#respond\"]}]},{\"@type\":\"WebPage\",\"@id\":\"https:\\\/\\\/diariofemenino.com.ar\\\/df\\\/universidad-publica-intereses-particulares\\\/\",\"url\":\"https:\\\/\\\/diariofemenino.com.ar\\\/df\\\/universidad-publica-intereses-particulares\\\/\",\"name\":\"Universidad p\u00fablica, intereses particulares - Diario Digital Femenino\",\"isPartOf\":{\"@id\":\"https:\\\/\\\/diariofemenino.com.ar\\\/df\\\/#website\"},\"primaryImageOfPage\":{\"@id\":\"https:\\\/\\\/diariofemenino.com.ar\\\/df\\\/universidad-publica-intereses-particulares\\\/#primaryimage\"},\"image\":{\"@id\":\"https:\\\/\\\/diariofemenino.com.ar\\\/df\\\/universidad-publica-intereses-particulares\\\/#primaryimage\"},\"thumbnailUrl\":\"http:\\\/\\\/www.diariofemenino.com.ar\\\/wp-content\\\/uploads\\\/Estatal0905imgRechazoReforma24.jpg\",\"datePublished\":\"2015-07-29T14:01:25+00:00\",\"description\":\"Universidad p\u00fablica, intereses particulares. Julieta Arosteguy y su situaci\u00f3n luego de haber sido desvinculada del cargo por \u201catea, feminista y abortista\u201d\",\"breadcrumb\":{\"@id\":\"https:\\\/\\\/diariofemenino.com.ar\\\/df\\\/universidad-publica-intereses-particulares\\\/#breadcrumb\"},\"inLanguage\":\"es\",\"potentialAction\":[{\"@type\":\"ReadAction\",\"target\":[\"https:\\\/\\\/diariofemenino.com.ar\\\/df\\\/universidad-publica-intereses-particulares\\\/\"]}]},{\"@type\":\"ImageObject\",\"inLanguage\":\"es\",\"@id\":\"https:\\\/\\\/diariofemenino.com.ar\\\/df\\\/universidad-publica-intereses-particulares\\\/#primaryimage\",\"url\":\"http:\\\/\\\/www.diariofemenino.com.ar\\\/wp-content\\\/uploads\\\/Estatal0905imgRechazoReforma24.jpg\",\"contentUrl\":\"http:\\\/\\\/www.diariofemenino.com.ar\\\/wp-content\\\/uploads\\\/Estatal0905imgRechazoReforma24.jpg\"},{\"@type\":\"BreadcrumbList\",\"@id\":\"https:\\\/\\\/diariofemenino.com.ar\\\/df\\\/universidad-publica-intereses-particulares\\\/#breadcrumb\",\"itemListElement\":[{\"@type\":\"ListItem\",\"position\":1,\"name\":\"Portada\",\"item\":\"https:\\\/\\\/diariofemenino.com.ar\\\/df\\\/\"},{\"@type\":\"ListItem\",\"position\":2,\"name\":\"Universidad p\u00fablica, intereses particulares\"}]},{\"@type\":\"WebSite\",\"@id\":\"https:\\\/\\\/diariofemenino.com.ar\\\/df\\\/#website\",\"url\":\"https:\\\/\\\/diariofemenino.com.ar\\\/df\\\/\",\"name\":\"Diario Digital Femenino\",\"description\":\"Cuesti\u00f3n de G\u00e9nero\",\"publisher\":{\"@id\":\"https:\\\/\\\/diariofemenino.com.ar\\\/df\\\/#organization\"},\"potentialAction\":[{\"@type\":\"SearchAction\",\"target\":{\"@type\":\"EntryPoint\",\"urlTemplate\":\"https:\\\/\\\/diariofemenino.com.ar\\\/df\\\/?s={search_term_string}\"},\"query-input\":{\"@type\":\"PropertyValueSpecification\",\"valueRequired\":true,\"valueName\":\"search_term_string\"}}],\"inLanguage\":\"es\"},{\"@type\":\"Organization\",\"@id\":\"https:\\\/\\\/diariofemenino.com.ar\\\/df\\\/#organization\",\"name\":\"Diario Femenino\",\"url\":\"https:\\\/\\\/diariofemenino.com.ar\\\/df\\\/\",\"logo\":{\"@type\":\"ImageObject\",\"inLanguage\":\"es\",\"@id\":\"https:\\\/\\\/diariofemenino.com.ar\\\/df\\\/#\\\/schema\\\/logo\\\/image\\\/\",\"url\":\"https:\\\/\\\/diariofemenino.com.ar\\\/df\\\/wp-content\\\/uploads\\\/2018\\\/10\\\/logo.png\",\"contentUrl\":\"https:\\\/\\\/diariofemenino.com.ar\\\/df\\\/wp-content\\\/uploads\\\/2018\\\/10\\\/logo.png\",\"width\":500,\"height\":92,\"caption\":\"Diario Femenino\"},\"image\":{\"@id\":\"https:\\\/\\\/diariofemenino.com.ar\\\/df\\\/#\\\/schema\\\/logo\\\/image\\\/\"},\"sameAs\":[\"https:\\\/\\\/www.facebook.com\\\/DiarioDigitaFemenino\\\/\",\"https:\\\/\\\/x.com\\\/DiarioFemenino1\"]},{\"@type\":\"Person\",\"@id\":\"https:\\\/\\\/diariofemenino.com.ar\\\/df\\\/#\\\/schema\\\/person\\\/38f54b3bfd13f561de2460ba95c169c6\",\"name\":\"Admin\",\"image\":{\"@type\":\"ImageObject\",\"inLanguage\":\"es\",\"@id\":\"https:\\\/\\\/diariofemenino.com.ar\\\/df\\\/wp-content\\\/uploads\\\/2018\\\/12\\\/favicon-150x150.jpg\",\"url\":\"https:\\\/\\\/diariofemenino.com.ar\\\/df\\\/wp-content\\\/uploads\\\/2018\\\/12\\\/favicon-150x150.jpg\",\"contentUrl\":\"https:\\\/\\\/diariofemenino.com.ar\\\/df\\\/wp-content\\\/uploads\\\/2018\\\/12\\\/favicon-150x150.jpg\",\"caption\":\"Admin\"},\"url\":\"https:\\\/\\\/diariofemenino.com.ar\\\/df\\\/author\\\/adm18df\\\/\"}]}<\/script>\n<!-- \/ Yoast SEO plugin. -->","yoast_head_json":{"title":"Universidad p\u00fablica, intereses particulares - Diario Digital Femenino","description":"Universidad p\u00fablica, intereses particulares. Julieta Arosteguy y su situaci\u00f3n luego de haber sido desvinculada del cargo por \u201catea, feminista y abortista\u201d","robots":{"index":"index","follow":"follow","max-snippet":"max-snippet:-1","max-image-preview":"max-image-preview:large","max-video-preview":"max-video-preview:-1"},"canonical":"https:\/\/diariofemenino.com.ar\/df\/universidad-publica-intereses-particulares\/","og_locale":"es_ES","og_type":"article","og_title":"Universidad p\u00fablica, intereses particulares - Diario Digital Femenino","og_description":"Universidad p\u00fablica, intereses particulares. Julieta Arosteguy y su situaci\u00f3n luego de haber sido desvinculada del cargo por \u201catea, feminista y abortista\u201d","og_url":"https:\/\/diariofemenino.com.ar\/df\/universidad-publica-intereses-particulares\/","og_site_name":"Diario Digital Femenino","article_publisher":"https:\/\/www.facebook.com\/DiarioDigitaFemenino\/","article_published_time":"2015-07-29T14:01:25+00:00","og_image":[{"url":"http:\/\/www.diariofemenino.com.ar\/wp-content\/uploads\/Estatal0905imgRechazoReforma24.jpg","type":"","width":"","height":""}],"author":"Admin","twitter_card":"summary_large_image","twitter_creator":"@DiarioFemenino1","twitter_site":"@DiarioFemenino1","twitter_misc":{"Escrito por":"Admin","Tiempo de lectura":"5 minutos"},"schema":{"@context":"https:\/\/schema.org","@graph":[{"@type":"Article","@id":"https:\/\/diariofemenino.com.ar\/df\/universidad-publica-intereses-particulares\/#article","isPartOf":{"@id":"https:\/\/diariofemenino.com.ar\/df\/universidad-publica-intereses-particulares\/"},"author":{"name":"Admin","@id":"https:\/\/diariofemenino.com.ar\/df\/#\/schema\/person\/38f54b3bfd13f561de2460ba95c169c6"},"headline":"Universidad p\u00fablica, intereses particulares","datePublished":"2015-07-29T14:01:25+00:00","mainEntityOfPage":{"@id":"https:\/\/diariofemenino.com.ar\/df\/universidad-publica-intereses-particulares\/"},"wordCount":1065,"commentCount":0,"publisher":{"@id":"https:\/\/diariofemenino.com.ar\/df\/#organization"},"image":{"@id":"https:\/\/diariofemenino.com.ar\/df\/universidad-publica-intereses-particulares\/#primaryimage"},"thumbnailUrl":"http:\/\/www.diariofemenino.com.ar\/wp-content\/uploads\/Estatal0905imgRechazoReforma24.jpg","keywords":["Derechos de las mujeres","Derechos Humanos","Educaci\u00f3n","Justicia","Salud Sexual y Reproductiva","Trabajo"],"articleSection":["Aborto","De ESI S\u00ed Se Habla","Mujeres en Palabras","Resistencia VerdeVioleta"],"inLanguage":"es","potentialAction":[{"@type":"CommentAction","name":"Comment","target":["https:\/\/diariofemenino.com.ar\/df\/universidad-publica-intereses-particulares\/#respond"]}]},{"@type":"WebPage","@id":"https:\/\/diariofemenino.com.ar\/df\/universidad-publica-intereses-particulares\/","url":"https:\/\/diariofemenino.com.ar\/df\/universidad-publica-intereses-particulares\/","name":"Universidad p\u00fablica, intereses particulares - Diario Digital Femenino","isPartOf":{"@id":"https:\/\/diariofemenino.com.ar\/df\/#website"},"primaryImageOfPage":{"@id":"https:\/\/diariofemenino.com.ar\/df\/universidad-publica-intereses-particulares\/#primaryimage"},"image":{"@id":"https:\/\/diariofemenino.com.ar\/df\/universidad-publica-intereses-particulares\/#primaryimage"},"thumbnailUrl":"http:\/\/www.diariofemenino.com.ar\/wp-content\/uploads\/Estatal0905imgRechazoReforma24.jpg","datePublished":"2015-07-29T14:01:25+00:00","description":"Universidad p\u00fablica, intereses particulares. Julieta Arosteguy y su situaci\u00f3n luego de haber sido desvinculada del cargo por \u201catea, feminista y abortista\u201d","breadcrumb":{"@id":"https:\/\/diariofemenino.com.ar\/df\/universidad-publica-intereses-particulares\/#breadcrumb"},"inLanguage":"es","potentialAction":[{"@type":"ReadAction","target":["https:\/\/diariofemenino.com.ar\/df\/universidad-publica-intereses-particulares\/"]}]},{"@type":"ImageObject","inLanguage":"es","@id":"https:\/\/diariofemenino.com.ar\/df\/universidad-publica-intereses-particulares\/#primaryimage","url":"http:\/\/www.diariofemenino.com.ar\/wp-content\/uploads\/Estatal0905imgRechazoReforma24.jpg","contentUrl":"http:\/\/www.diariofemenino.com.ar\/wp-content\/uploads\/Estatal0905imgRechazoReforma24.jpg"},{"@type":"BreadcrumbList","@id":"https:\/\/diariofemenino.com.ar\/df\/universidad-publica-intereses-particulares\/#breadcrumb","itemListElement":[{"@type":"ListItem","position":1,"name":"Portada","item":"https:\/\/diariofemenino.com.ar\/df\/"},{"@type":"ListItem","position":2,"name":"Universidad p\u00fablica, intereses particulares"}]},{"@type":"WebSite","@id":"https:\/\/diariofemenino.com.ar\/df\/#website","url":"https:\/\/diariofemenino.com.ar\/df\/","name":"Diario Digital Femenino","description":"Cuesti\u00f3n de G\u00e9nero","publisher":{"@id":"https:\/\/diariofemenino.com.ar\/df\/#organization"},"potentialAction":[{"@type":"SearchAction","target":{"@type":"EntryPoint","urlTemplate":"https:\/\/diariofemenino.com.ar\/df\/?s={search_term_string}"},"query-input":{"@type":"PropertyValueSpecification","valueRequired":true,"valueName":"search_term_string"}}],"inLanguage":"es"},{"@type":"Organization","@id":"https:\/\/diariofemenino.com.ar\/df\/#organization","name":"Diario Femenino","url":"https:\/\/diariofemenino.com.ar\/df\/","logo":{"@type":"ImageObject","inLanguage":"es","@id":"https:\/\/diariofemenino.com.ar\/df\/#\/schema\/logo\/image\/","url":"https:\/\/diariofemenino.com.ar\/df\/wp-content\/uploads\/2018\/10\/logo.png","contentUrl":"https:\/\/diariofemenino.com.ar\/df\/wp-content\/uploads\/2018\/10\/logo.png","width":500,"height":92,"caption":"Diario Femenino"},"image":{"@id":"https:\/\/diariofemenino.com.ar\/df\/#\/schema\/logo\/image\/"},"sameAs":["https:\/\/www.facebook.com\/DiarioDigitaFemenino\/","https:\/\/x.com\/DiarioFemenino1"]},{"@type":"Person","@id":"https:\/\/diariofemenino.com.ar\/df\/#\/schema\/person\/38f54b3bfd13f561de2460ba95c169c6","name":"Admin","image":{"@type":"ImageObject","inLanguage":"es","@id":"https:\/\/diariofemenino.com.ar\/df\/wp-content\/uploads\/2018\/12\/favicon-150x150.jpg","url":"https:\/\/diariofemenino.com.ar\/df\/wp-content\/uploads\/2018\/12\/favicon-150x150.jpg","contentUrl":"https:\/\/diariofemenino.com.ar\/df\/wp-content\/uploads\/2018\/12\/favicon-150x150.jpg","caption":"Admin"},"url":"https:\/\/diariofemenino.com.ar\/df\/author\/adm18df\/"}]}},"jetpack_featured_media_url":"","jetpack_sharing_enabled":true,"rttpg_featured_image_url":null,"rttpg_author":{"display_name":"Admin","author_link":"https:\/\/diariofemenino.com.ar\/df\/author\/adm18df\/"},"rttpg_comment":0,"rttpg_category":"<a href=\"https:\/\/diariofemenino.com.ar\/df\/category\/aborto\/\" rel=\"category tag\">Aborto<\/a> <a href=\"https:\/\/diariofemenino.com.ar\/df\/category\/de-esi-si-se-habla\/\" rel=\"category tag\">De ESI S\u00ed Se Habla<\/a> <a href=\"https:\/\/diariofemenino.com.ar\/df\/category\/articulos\/\" rel=\"category tag\">Mujeres en Palabras<\/a> <a href=\"https:\/\/diariofemenino.com.ar\/df\/category\/resistencia-verdevioleta\/\" rel=\"category tag\">Resistencia VerdeVioleta<\/a>","rttpg_excerpt":"En noviembre del 2014, d\u00e1bamos a conocer la\u00a0situaci\u00f3n\u00a0de una docente de la\u00a0Carrera de Puericultura y Crianza\u00a0\u2013\u00a0que dictan en forma conjunta la Universidad Nacional de San Mart\u00edn (UNSAM) y la Fundaci\u00f3n Lactancia y Maternidad (FUNDALAM)- que fue desvinculada de su cargo por las autoridades de FUNDALAM bajo la acusaci\u00f3n de\u201catea, feminista y abortista\u201d. A 8 meses&hellip;","_links":{"self":[{"href":"https:\/\/diariofemenino.com.ar\/df\/wp-json\/wp\/v2\/posts\/19035","targetHints":{"allow":["GET"]}}],"collection":[{"href":"https:\/\/diariofemenino.com.ar\/df\/wp-json\/wp\/v2\/posts"}],"about":[{"href":"https:\/\/diariofemenino.com.ar\/df\/wp-json\/wp\/v2\/types\/post"}],"author":[{"embeddable":true,"href":"https:\/\/diariofemenino.com.ar\/df\/wp-json\/wp\/v2\/users\/1"}],"replies":[{"embeddable":true,"href":"https:\/\/diariofemenino.com.ar\/df\/wp-json\/wp\/v2\/comments?post=19035"}],"version-history":[{"count":0,"href":"https:\/\/diariofemenino.com.ar\/df\/wp-json\/wp\/v2\/posts\/19035\/revisions"}],"wp:attachment":[{"href":"https:\/\/diariofemenino.com.ar\/df\/wp-json\/wp\/v2\/media?parent=19035"}],"wp:term":[{"taxonomy":"category","embeddable":true,"href":"https:\/\/diariofemenino.com.ar\/df\/wp-json\/wp\/v2\/categories?post=19035"},{"taxonomy":"post_tag","embeddable":true,"href":"https:\/\/diariofemenino.com.ar\/df\/wp-json\/wp\/v2\/tags?post=19035"}],"curies":[{"name":"wp","href":"https:\/\/api.w.org\/{rel}","templated":true}]}}