{"id":19027,"date":"2015-07-29T10:13:48","date_gmt":"2015-07-29T13:13:48","guid":{"rendered":"http:\/\/www.diariofemenino.com.ar\/?p=19027"},"modified":"2015-07-29T10:13:48","modified_gmt":"2015-07-29T13:13:48","slug":"la-formacion-en-genero-de-la-policia-federal-argentina","status":"publish","type":"post","link":"https:\/\/diariofemenino.com.ar\/df\/la-formacion-en-genero-de-la-policia-federal-argentina\/","title":{"rendered":"La formaci\u00f3n en g\u00e9nero de la Polic\u00eda Federal Argentina"},"content":{"rendered":"<p><span style=\"color: #000000;\">Por<strong>\u00a0Silvia Collarino y Paula Villarreal<\/strong> *<\/span><\/p>\n<div id=\"cuerpo\">\n<span style=\"color: #000000;\">Un equipo de profesionales del Programa \u201c<strong>Las v\u00edctimas contra las violencia<\/strong>s\u201d lleva seis a\u00f1os en la formaci\u00f3n de oficiales y suboficiales de Polic\u00eda Federal Argentina (PFA) sobre la perspectiva de g\u00e9nero y derechos humanos. A la fecha se han recibido 27.000 polic\u00edas que aprobaron la materia \u201cIntroducci\u00f3n al conocimiento, abordaje y prevenci\u00f3n de las violencias\u201d, cuya formaci\u00f3n es in\u00e9dita en el pa\u00eds. El equipo docente est\u00e1 formado, actualmente, por veinticuatro integrantes con experiencia tanto en la problem\u00e1tica de violencia de g\u00e9nero como en el trabajo en el terreno en el marco de las Brigadas M\u00f3viles del Programa. El equipo cuenta con la coordinaci\u00f3n de dos profesionales que son el nexo con las autoridades del Ministerio de Seguridad de la Naci\u00f3n y de instrucci\u00f3n de la PFA, con la finalidad de actualizar y profundizar la tarea acad\u00e9mica sustentada en las pol\u00edticas de derechos humanos implementadas por la actual gesti\u00f3n de gobierno.<\/span><br \/>\n<span style=\"color: #000000;\">La doctora Eva Giberti, coordinadora general del Programa \u201cLas V\u00edctimas contra las Violencias\u201d del Ministerio de Justicia y Derechos Humanos de la Naci\u00f3n, siempre pens\u00f3 que la perspectiva de g\u00e9nero deber\u00eda formar parte de las curr\u00edcula formativas del personal policial.<\/span><br \/>\n<figure id=\"attachment_19028\" aria-describedby=\"caption-attachment-19028\" style=\"width: 518px\" class=\"wp-caption alignnone\"><img loading=\"lazy\" decoding=\"async\" class=\"size-full wp-image-19028\" alt=\"La formaci\u00f3n en g\u00e9nero de la Polic\u00eda Federal Argentina\" src=\"http:\/\/www.diariofemenino.com.ar\/wp-content\/uploads\/Eva.jpg\" width=\"518\" height=\"327\" \/><figcaption id=\"caption-attachment-19028\" class=\"wp-caption-text\"><\/span><\/a><\/span> <span style=\"color: #000000;\">La formaci\u00f3n en g\u00e9nero de la Polic\u00eda Federal Argentina<\/span><\/figcaption><\/figure><br \/>\n<span style=\"color: #000000;\">En 2008, el Programa ya llevaba dos a\u00f1os de intenso trabajo en terreno, coordinado y conjunto con oficiales y suboficiales de Polic\u00eda Federal Argentina. De la evaluaci\u00f3n de los resultados obtenidos, Giberti comprendi\u00f3 que \u00e9se era el momento de iniciar las gestiones necesarias con los jefes de la PFA para introducir una formaci\u00f3n permanente y constante en las tres escuelas de la instituci\u00f3n.<\/span><br \/>\n<span style=\"color: #000000;\">As\u00ed fue como, en marzo de 2009, todos los ciclos lectivos de PFA introdujeron la asignatura \u201cIntroducci\u00f3n al conocimiento, abordaje y prevenci\u00f3n de las violencias\u201d en sus diferentes espacios y niveles acad\u00e9micos. Esto implicaba que oficiales, suboficiales, cadetes y aspirantes a agentes acced\u00edan, por primera vez, a la formaci\u00f3n sobre perspectiva de g\u00e9nero y derechos humanos logrando, no s\u00f3lo el conocimiento te\u00f3rico sobre la problem\u00e1tica, sino \u2013tambi\u00e9n\u2013 la sensibilizaci\u00f3n para el correcto abordaje de las v\u00edctimas de violencia familiar y\/o violencia sexual. Los cursos de formaci\u00f3n inicial, as\u00ed como los cursos de capacitaci\u00f3n y perfeccionamiento, habilitan a estos funcionarios el ascenso jer\u00e1rquico en sus carreras profesionales.<\/span><br \/>\n<span style=\"color: #000000;\">La signatura propone un cuestionamiento de las tradiciones socio-culturales all\u00ed donde el sistema patriarcal impera con fuerza y es la m\u00e9dula de la formaci\u00f3n que reciben los\/las alumnos\/as. La experiencia ense\u00f1\u00f3 a los\/las docentes que no se debe subestimar ni enfrentar aquella disrupci\u00f3n sino alojarla, para que el alumnado logre dar significado al origen de ese malestar.<\/span><br \/>\n<span style=\"color: #000000;\">\u00a0<\/span><br \/>\n<span style=\"color: #000000;\">\u00a0<\/span><br \/>\n<span style=\"color: #000000;\">* <em>Coordinadoras de docencia en la Polic\u00eda Federal Argentina, dependiente del Programa Las V\u00edctimas contra las Violencias.<\/em><\/span><br \/>\n<span style=\"color: #000000;\">\u00a0<\/span><br \/>\n<span style=\"color: #000000;\">\u00a0<\/span><br \/>\n<span style=\"color: #000000;\">\u00a0<\/span><br \/>\n<span style=\"color: #000000;\">Fuente: Las V\u00edctimas contra las Violencias<\/span><br \/>\n<span style=\"color: #000000;\"> P\u00e1gina 12<\/span>\n<\/div>\n","protected":false},"excerpt":{"rendered":"<p>Por\u00a0Silvia Collarino y Paula Villarreal * Un equipo de profesionales del Programa \u201cLas v\u00edctimas contra las violencias\u201d lleva seis a\u00f1os en la formaci\u00f3n de oficiales y suboficiales de Polic\u00eda Federal Argentina (PFA) sobre la perspectiva de g\u00e9nero y derechos humanos. A la fecha se han recibido 27.000 polic\u00edas que aprobaron la materia \u201cIntroducci\u00f3n al conocimiento, [&hellip;]<\/p>\n","protected":false},"author":1,"featured_media":0,"comment_status":"open","ping_status":"open","sticky":false,"template":"","format":"standard","meta":{"iawp_total_views":11,"footnotes":""},"categories":[9,4,21],"tags":[30,11,18,16],"class_list":["post-19027","post","type-post","status-publish","format-standard","hentry","category-de-esi-si-se-habla","category-medios","category-noticias","tag-derechos-humanos","tag-educacion","tag-politicas-publicas","tag-violencia-de-genero"],"nelio_content":{"autoShareEndMode":"never","automationSources":{"useCustomSentences":false,"customSentences":[]},"efiAlt":"","efiUrl":"","followers":[],"highlights":[],"isAutoShareEnabled":true,"networkImageIds":[],"permalinkQueryArgs":[],"series":[],"suggestedReferences":[]},"yoast_head":"<!-- This site is optimized with the Yoast SEO plugin v27.5 - https:\/\/yoast.com\/product\/yoast-seo-wordpress\/ -->\n<title>La formaci\u00f3n en g\u00e9nero de la Polic\u00eda Federal Argentina - Diario Digital Femenino<\/title>\n<meta name=\"description\" content=\"La formaci\u00f3n en g\u00e9nero de la Polic\u00eda Federal Argentina a trav\u00e9s del Programa \u201cLas v\u00edctimas contra las violencias\u201d\" \/>\n<meta name=\"robots\" content=\"index, follow, max-snippet:-1, max-image-preview:large, max-video-preview:-1\" \/>\n<link rel=\"canonical\" href=\"https:\/\/diariofemenino.com.ar\/df\/la-formacion-en-genero-de-la-policia-federal-argentina\/\" \/>\n<meta property=\"og:locale\" content=\"es_ES\" \/>\n<meta property=\"og:type\" content=\"article\" \/>\n<meta property=\"og:title\" content=\"La formaci\u00f3n en g\u00e9nero de la Polic\u00eda Federal Argentina - Diario Digital Femenino\" \/>\n<meta property=\"og:description\" content=\"La formaci\u00f3n en g\u00e9nero de la Polic\u00eda Federal Argentina a trav\u00e9s del Programa \u201cLas v\u00edctimas contra las violencias\u201d\" \/>\n<meta property=\"og:url\" content=\"https:\/\/diariofemenino.com.ar\/df\/la-formacion-en-genero-de-la-policia-federal-argentina\/\" \/>\n<meta property=\"og:site_name\" content=\"Diario Digital Femenino\" \/>\n<meta property=\"article:publisher\" content=\"https:\/\/www.facebook.com\/DiarioDigitaFemenino\/\" \/>\n<meta property=\"article:published_time\" content=\"2015-07-29T13:13:48+00:00\" \/>\n<meta property=\"og:image\" content=\"http:\/\/www.diariofemenino.com.ar\/wp-content\/uploads\/Eva.jpg\" \/>\n<meta name=\"author\" content=\"Admin\" \/>\n<meta name=\"twitter:card\" content=\"summary_large_image\" \/>\n<meta name=\"twitter:creator\" content=\"@DiarioFemenino1\" \/>\n<meta name=\"twitter:site\" content=\"@DiarioFemenino1\" \/>\n<meta name=\"twitter:label1\" content=\"Escrito por\" \/>\n\t<meta name=\"twitter:data1\" content=\"Admin\" \/>\n\t<meta name=\"twitter:label2\" content=\"Tiempo de lectura\" \/>\n\t<meta name=\"twitter:data2\" content=\"3 minutos\" \/>\n<script type=\"application\/ld+json\" class=\"yoast-schema-graph\">{\"@context\":\"https:\\\/\\\/schema.org\",\"@graph\":[{\"@type\":\"Article\",\"@id\":\"https:\\\/\\\/diariofemenino.com.ar\\\/df\\\/la-formacion-en-genero-de-la-policia-federal-argentina\\\/#article\",\"isPartOf\":{\"@id\":\"https:\\\/\\\/diariofemenino.com.ar\\\/df\\\/la-formacion-en-genero-de-la-policia-federal-argentina\\\/\"},\"author\":{\"name\":\"Admin\",\"@id\":\"https:\\\/\\\/diariofemenino.com.ar\\\/df\\\/#\\\/schema\\\/person\\\/38f54b3bfd13f561de2460ba95c169c6\"},\"headline\":\"La formaci\u00f3n en g\u00e9nero de la Polic\u00eda Federal Argentina\",\"datePublished\":\"2015-07-29T13:13:48+00:00\",\"mainEntityOfPage\":{\"@id\":\"https:\\\/\\\/diariofemenino.com.ar\\\/df\\\/la-formacion-en-genero-de-la-policia-federal-argentina\\\/\"},\"wordCount\":529,\"commentCount\":0,\"publisher\":{\"@id\":\"https:\\\/\\\/diariofemenino.com.ar\\\/df\\\/#organization\"},\"image\":{\"@id\":\"https:\\\/\\\/diariofemenino.com.ar\\\/df\\\/la-formacion-en-genero-de-la-policia-federal-argentina\\\/#primaryimage\"},\"thumbnailUrl\":\"http:\\\/\\\/www.diariofemenino.com.ar\\\/wp-content\\\/uploads\\\/Eva.jpg\",\"keywords\":[\"Derechos Humanos\",\"Educaci\u00f3n\",\"Pol\u00edticas p\u00fablicas\",\"Violencia de g\u00e9nero\"],\"articleSection\":[\"De ESI S\u00ed Se Habla\",\"Medios\",\"Noticias\"],\"inLanguage\":\"es\",\"potentialAction\":[{\"@type\":\"CommentAction\",\"name\":\"Comment\",\"target\":[\"https:\\\/\\\/diariofemenino.com.ar\\\/df\\\/la-formacion-en-genero-de-la-policia-federal-argentina\\\/#respond\"]}]},{\"@type\":\"WebPage\",\"@id\":\"https:\\\/\\\/diariofemenino.com.ar\\\/df\\\/la-formacion-en-genero-de-la-policia-federal-argentina\\\/\",\"url\":\"https:\\\/\\\/diariofemenino.com.ar\\\/df\\\/la-formacion-en-genero-de-la-policia-federal-argentina\\\/\",\"name\":\"La formaci\u00f3n en g\u00e9nero de la Polic\u00eda Federal Argentina - Diario Digital Femenino\",\"isPartOf\":{\"@id\":\"https:\\\/\\\/diariofemenino.com.ar\\\/df\\\/#website\"},\"primaryImageOfPage\":{\"@id\":\"https:\\\/\\\/diariofemenino.com.ar\\\/df\\\/la-formacion-en-genero-de-la-policia-federal-argentina\\\/#primaryimage\"},\"image\":{\"@id\":\"https:\\\/\\\/diariofemenino.com.ar\\\/df\\\/la-formacion-en-genero-de-la-policia-federal-argentina\\\/#primaryimage\"},\"thumbnailUrl\":\"http:\\\/\\\/www.diariofemenino.com.ar\\\/wp-content\\\/uploads\\\/Eva.jpg\",\"datePublished\":\"2015-07-29T13:13:48+00:00\",\"description\":\"La formaci\u00f3n en g\u00e9nero de la Polic\u00eda Federal Argentina a trav\u00e9s del Programa \u201cLas v\u00edctimas contra las violencias\u201d\",\"breadcrumb\":{\"@id\":\"https:\\\/\\\/diariofemenino.com.ar\\\/df\\\/la-formacion-en-genero-de-la-policia-federal-argentina\\\/#breadcrumb\"},\"inLanguage\":\"es\",\"potentialAction\":[{\"@type\":\"ReadAction\",\"target\":[\"https:\\\/\\\/diariofemenino.com.ar\\\/df\\\/la-formacion-en-genero-de-la-policia-federal-argentina\\\/\"]}]},{\"@type\":\"ImageObject\",\"inLanguage\":\"es\",\"@id\":\"https:\\\/\\\/diariofemenino.com.ar\\\/df\\\/la-formacion-en-genero-de-la-policia-federal-argentina\\\/#primaryimage\",\"url\":\"http:\\\/\\\/www.diariofemenino.com.ar\\\/wp-content\\\/uploads\\\/Eva.jpg\",\"contentUrl\":\"http:\\\/\\\/www.diariofemenino.com.ar\\\/wp-content\\\/uploads\\\/Eva.jpg\"},{\"@type\":\"BreadcrumbList\",\"@id\":\"https:\\\/\\\/diariofemenino.com.ar\\\/df\\\/la-formacion-en-genero-de-la-policia-federal-argentina\\\/#breadcrumb\",\"itemListElement\":[{\"@type\":\"ListItem\",\"position\":1,\"name\":\"Portada\",\"item\":\"https:\\\/\\\/diariofemenino.com.ar\\\/df\\\/\"},{\"@type\":\"ListItem\",\"position\":2,\"name\":\"La formaci\u00f3n en g\u00e9nero de la Polic\u00eda Federal Argentina\"}]},{\"@type\":\"WebSite\",\"@id\":\"https:\\\/\\\/diariofemenino.com.ar\\\/df\\\/#website\",\"url\":\"https:\\\/\\\/diariofemenino.com.ar\\\/df\\\/\",\"name\":\"Diario Digital Femenino\",\"description\":\"Cuesti\u00f3n de G\u00e9nero\",\"publisher\":{\"@id\":\"https:\\\/\\\/diariofemenino.com.ar\\\/df\\\/#organization\"},\"potentialAction\":[{\"@type\":\"SearchAction\",\"target\":{\"@type\":\"EntryPoint\",\"urlTemplate\":\"https:\\\/\\\/diariofemenino.com.ar\\\/df\\\/?s={search_term_string}\"},\"query-input\":{\"@type\":\"PropertyValueSpecification\",\"valueRequired\":true,\"valueName\":\"search_term_string\"}}],\"inLanguage\":\"es\"},{\"@type\":\"Organization\",\"@id\":\"https:\\\/\\\/diariofemenino.com.ar\\\/df\\\/#organization\",\"name\":\"Diario Femenino\",\"url\":\"https:\\\/\\\/diariofemenino.com.ar\\\/df\\\/\",\"logo\":{\"@type\":\"ImageObject\",\"inLanguage\":\"es\",\"@id\":\"https:\\\/\\\/diariofemenino.com.ar\\\/df\\\/#\\\/schema\\\/logo\\\/image\\\/\",\"url\":\"https:\\\/\\\/diariofemenino.com.ar\\\/df\\\/wp-content\\\/uploads\\\/2018\\\/10\\\/logo.png\",\"contentUrl\":\"https:\\\/\\\/diariofemenino.com.ar\\\/df\\\/wp-content\\\/uploads\\\/2018\\\/10\\\/logo.png\",\"width\":500,\"height\":92,\"caption\":\"Diario Femenino\"},\"image\":{\"@id\":\"https:\\\/\\\/diariofemenino.com.ar\\\/df\\\/#\\\/schema\\\/logo\\\/image\\\/\"},\"sameAs\":[\"https:\\\/\\\/www.facebook.com\\\/DiarioDigitaFemenino\\\/\",\"https:\\\/\\\/x.com\\\/DiarioFemenino1\"]},{\"@type\":\"Person\",\"@id\":\"https:\\\/\\\/diariofemenino.com.ar\\\/df\\\/#\\\/schema\\\/person\\\/38f54b3bfd13f561de2460ba95c169c6\",\"name\":\"Admin\",\"image\":{\"@type\":\"ImageObject\",\"inLanguage\":\"es\",\"@id\":\"https:\\\/\\\/diariofemenino.com.ar\\\/df\\\/wp-content\\\/uploads\\\/2018\\\/12\\\/favicon-150x150.jpg\",\"url\":\"https:\\\/\\\/diariofemenino.com.ar\\\/df\\\/wp-content\\\/uploads\\\/2018\\\/12\\\/favicon-150x150.jpg\",\"contentUrl\":\"https:\\\/\\\/diariofemenino.com.ar\\\/df\\\/wp-content\\\/uploads\\\/2018\\\/12\\\/favicon-150x150.jpg\",\"caption\":\"Admin\"},\"url\":\"https:\\\/\\\/diariofemenino.com.ar\\\/df\\\/author\\\/adm18df\\\/\"}]}<\/script>\n<!-- \/ Yoast SEO plugin. -->","yoast_head_json":{"title":"La formaci\u00f3n en g\u00e9nero de la Polic\u00eda Federal Argentina - Diario Digital Femenino","description":"La formaci\u00f3n en g\u00e9nero de la Polic\u00eda Federal Argentina a trav\u00e9s del Programa \u201cLas v\u00edctimas contra las violencias\u201d","robots":{"index":"index","follow":"follow","max-snippet":"max-snippet:-1","max-image-preview":"max-image-preview:large","max-video-preview":"max-video-preview:-1"},"canonical":"https:\/\/diariofemenino.com.ar\/df\/la-formacion-en-genero-de-la-policia-federal-argentina\/","og_locale":"es_ES","og_type":"article","og_title":"La formaci\u00f3n en g\u00e9nero de la Polic\u00eda Federal Argentina - Diario Digital Femenino","og_description":"La formaci\u00f3n en g\u00e9nero de la Polic\u00eda Federal Argentina a trav\u00e9s del Programa \u201cLas v\u00edctimas contra las violencias\u201d","og_url":"https:\/\/diariofemenino.com.ar\/df\/la-formacion-en-genero-de-la-policia-federal-argentina\/","og_site_name":"Diario Digital Femenino","article_publisher":"https:\/\/www.facebook.com\/DiarioDigitaFemenino\/","article_published_time":"2015-07-29T13:13:48+00:00","og_image":[{"url":"http:\/\/www.diariofemenino.com.ar\/wp-content\/uploads\/Eva.jpg","type":"","width":"","height":""}],"author":"Admin","twitter_card":"summary_large_image","twitter_creator":"@DiarioFemenino1","twitter_site":"@DiarioFemenino1","twitter_misc":{"Escrito por":"Admin","Tiempo de lectura":"3 minutos"},"schema":{"@context":"https:\/\/schema.org","@graph":[{"@type":"Article","@id":"https:\/\/diariofemenino.com.ar\/df\/la-formacion-en-genero-de-la-policia-federal-argentina\/#article","isPartOf":{"@id":"https:\/\/diariofemenino.com.ar\/df\/la-formacion-en-genero-de-la-policia-federal-argentina\/"},"author":{"name":"Admin","@id":"https:\/\/diariofemenino.com.ar\/df\/#\/schema\/person\/38f54b3bfd13f561de2460ba95c169c6"},"headline":"La formaci\u00f3n en g\u00e9nero de la Polic\u00eda Federal Argentina","datePublished":"2015-07-29T13:13:48+00:00","mainEntityOfPage":{"@id":"https:\/\/diariofemenino.com.ar\/df\/la-formacion-en-genero-de-la-policia-federal-argentina\/"},"wordCount":529,"commentCount":0,"publisher":{"@id":"https:\/\/diariofemenino.com.ar\/df\/#organization"},"image":{"@id":"https:\/\/diariofemenino.com.ar\/df\/la-formacion-en-genero-de-la-policia-federal-argentina\/#primaryimage"},"thumbnailUrl":"http:\/\/www.diariofemenino.com.ar\/wp-content\/uploads\/Eva.jpg","keywords":["Derechos Humanos","Educaci\u00f3n","Pol\u00edticas p\u00fablicas","Violencia de g\u00e9nero"],"articleSection":["De ESI S\u00ed Se Habla","Medios","Noticias"],"inLanguage":"es","potentialAction":[{"@type":"CommentAction","name":"Comment","target":["https:\/\/diariofemenino.com.ar\/df\/la-formacion-en-genero-de-la-policia-federal-argentina\/#respond"]}]},{"@type":"WebPage","@id":"https:\/\/diariofemenino.com.ar\/df\/la-formacion-en-genero-de-la-policia-federal-argentina\/","url":"https:\/\/diariofemenino.com.ar\/df\/la-formacion-en-genero-de-la-policia-federal-argentina\/","name":"La formaci\u00f3n en g\u00e9nero de la Polic\u00eda Federal Argentina - Diario Digital Femenino","isPartOf":{"@id":"https:\/\/diariofemenino.com.ar\/df\/#website"},"primaryImageOfPage":{"@id":"https:\/\/diariofemenino.com.ar\/df\/la-formacion-en-genero-de-la-policia-federal-argentina\/#primaryimage"},"image":{"@id":"https:\/\/diariofemenino.com.ar\/df\/la-formacion-en-genero-de-la-policia-federal-argentina\/#primaryimage"},"thumbnailUrl":"http:\/\/www.diariofemenino.com.ar\/wp-content\/uploads\/Eva.jpg","datePublished":"2015-07-29T13:13:48+00:00","description":"La formaci\u00f3n en g\u00e9nero de la Polic\u00eda Federal Argentina a trav\u00e9s del Programa \u201cLas v\u00edctimas contra las violencias\u201d","breadcrumb":{"@id":"https:\/\/diariofemenino.com.ar\/df\/la-formacion-en-genero-de-la-policia-federal-argentina\/#breadcrumb"},"inLanguage":"es","potentialAction":[{"@type":"ReadAction","target":["https:\/\/diariofemenino.com.ar\/df\/la-formacion-en-genero-de-la-policia-federal-argentina\/"]}]},{"@type":"ImageObject","inLanguage":"es","@id":"https:\/\/diariofemenino.com.ar\/df\/la-formacion-en-genero-de-la-policia-federal-argentina\/#primaryimage","url":"http:\/\/www.diariofemenino.com.ar\/wp-content\/uploads\/Eva.jpg","contentUrl":"http:\/\/www.diariofemenino.com.ar\/wp-content\/uploads\/Eva.jpg"},{"@type":"BreadcrumbList","@id":"https:\/\/diariofemenino.com.ar\/df\/la-formacion-en-genero-de-la-policia-federal-argentina\/#breadcrumb","itemListElement":[{"@type":"ListItem","position":1,"name":"Portada","item":"https:\/\/diariofemenino.com.ar\/df\/"},{"@type":"ListItem","position":2,"name":"La formaci\u00f3n en g\u00e9nero de la Polic\u00eda Federal Argentina"}]},{"@type":"WebSite","@id":"https:\/\/diariofemenino.com.ar\/df\/#website","url":"https:\/\/diariofemenino.com.ar\/df\/","name":"Diario Digital Femenino","description":"Cuesti\u00f3n de G\u00e9nero","publisher":{"@id":"https:\/\/diariofemenino.com.ar\/df\/#organization"},"potentialAction":[{"@type":"SearchAction","target":{"@type":"EntryPoint","urlTemplate":"https:\/\/diariofemenino.com.ar\/df\/?s={search_term_string}"},"query-input":{"@type":"PropertyValueSpecification","valueRequired":true,"valueName":"search_term_string"}}],"inLanguage":"es"},{"@type":"Organization","@id":"https:\/\/diariofemenino.com.ar\/df\/#organization","name":"Diario Femenino","url":"https:\/\/diariofemenino.com.ar\/df\/","logo":{"@type":"ImageObject","inLanguage":"es","@id":"https:\/\/diariofemenino.com.ar\/df\/#\/schema\/logo\/image\/","url":"https:\/\/diariofemenino.com.ar\/df\/wp-content\/uploads\/2018\/10\/logo.png","contentUrl":"https:\/\/diariofemenino.com.ar\/df\/wp-content\/uploads\/2018\/10\/logo.png","width":500,"height":92,"caption":"Diario Femenino"},"image":{"@id":"https:\/\/diariofemenino.com.ar\/df\/#\/schema\/logo\/image\/"},"sameAs":["https:\/\/www.facebook.com\/DiarioDigitaFemenino\/","https:\/\/x.com\/DiarioFemenino1"]},{"@type":"Person","@id":"https:\/\/diariofemenino.com.ar\/df\/#\/schema\/person\/38f54b3bfd13f561de2460ba95c169c6","name":"Admin","image":{"@type":"ImageObject","inLanguage":"es","@id":"https:\/\/diariofemenino.com.ar\/df\/wp-content\/uploads\/2018\/12\/favicon-150x150.jpg","url":"https:\/\/diariofemenino.com.ar\/df\/wp-content\/uploads\/2018\/12\/favicon-150x150.jpg","contentUrl":"https:\/\/diariofemenino.com.ar\/df\/wp-content\/uploads\/2018\/12\/favicon-150x150.jpg","caption":"Admin"},"url":"https:\/\/diariofemenino.com.ar\/df\/author\/adm18df\/"}]}},"jetpack_featured_media_url":"","jetpack_sharing_enabled":true,"rttpg_featured_image_url":null,"rttpg_author":{"display_name":"Admin","author_link":"https:\/\/diariofemenino.com.ar\/df\/author\/adm18df\/"},"rttpg_comment":0,"rttpg_category":"<a href=\"https:\/\/diariofemenino.com.ar\/df\/category\/de-esi-si-se-habla\/\" rel=\"category tag\">De ESI S\u00ed Se Habla<\/a> <a href=\"https:\/\/diariofemenino.com.ar\/df\/category\/medios\/\" rel=\"category tag\">Medios<\/a> <a href=\"https:\/\/diariofemenino.com.ar\/df\/category\/noticias\/\" rel=\"category tag\">Noticias<\/a>","rttpg_excerpt":"Por\u00a0Silvia Collarino y Paula Villarreal * Un equipo de profesionales del Programa \u201cLas v\u00edctimas contra las violencias\u201d lleva seis a\u00f1os en la formaci\u00f3n de oficiales y suboficiales de Polic\u00eda Federal Argentina (PFA) sobre la perspectiva de g\u00e9nero y derechos humanos. A la fecha se han recibido 27.000 polic\u00edas que aprobaron la materia \u201cIntroducci\u00f3n al conocimiento,&hellip;","_links":{"self":[{"href":"https:\/\/diariofemenino.com.ar\/df\/wp-json\/wp\/v2\/posts\/19027","targetHints":{"allow":["GET"]}}],"collection":[{"href":"https:\/\/diariofemenino.com.ar\/df\/wp-json\/wp\/v2\/posts"}],"about":[{"href":"https:\/\/diariofemenino.com.ar\/df\/wp-json\/wp\/v2\/types\/post"}],"author":[{"embeddable":true,"href":"https:\/\/diariofemenino.com.ar\/df\/wp-json\/wp\/v2\/users\/1"}],"replies":[{"embeddable":true,"href":"https:\/\/diariofemenino.com.ar\/df\/wp-json\/wp\/v2\/comments?post=19027"}],"version-history":[{"count":0,"href":"https:\/\/diariofemenino.com.ar\/df\/wp-json\/wp\/v2\/posts\/19027\/revisions"}],"wp:attachment":[{"href":"https:\/\/diariofemenino.com.ar\/df\/wp-json\/wp\/v2\/media?parent=19027"}],"wp:term":[{"taxonomy":"category","embeddable":true,"href":"https:\/\/diariofemenino.com.ar\/df\/wp-json\/wp\/v2\/categories?post=19027"},{"taxonomy":"post_tag","embeddable":true,"href":"https:\/\/diariofemenino.com.ar\/df\/wp-json\/wp\/v2\/tags?post=19027"}],"curies":[{"name":"wp","href":"https:\/\/api.w.org\/{rel}","templated":true}]}}